{"id":105,"date":"2012-09-27T21:49:57","date_gmt":"2012-09-27T21:49:57","guid":{"rendered":"http:\/\/www.imecaf.com\/blog\/?p=105"},"modified":"2012-10-10T22:36:01","modified_gmt":"2012-10-10T22:36:01","slug":"que-es-la-contabilidad","status":"publish","type":"post","link":"https:\/\/imecaf.com\/blog\/2012\/09\/27\/que-es-la-contabilidad\/","title":{"rendered":"\u00bfQu\u00e9 es la Contabilidad?"},"content":{"rendered":"<span class=\"span-reading-time rt-reading-time\" style=\"display: block;\"><span class=\"rt-label rt-prefix\">Tiempo de lectura:<\/span> <span class=\"rt-time\"> 3<\/span> <span class=\"rt-label rt-postfix\">minutos<\/span><\/span><p>Para conocer qu\u00e9 es la Contabilidad, a continuaci\u00f3n les mostramos una recopilaci\u00f3n de algunas de sus definiciones, proveniente de diversas fuentes:<\/p>\n<p><strong>contabilidad<\/strong><strong>.<br \/>\n<\/strong>(<a>De<\/a>\u00a0<em>contable<\/em>).<\/p>\n<p><strong>1.<\/strong>\u00a0f.\u00a0Sistema adoptado para llevar la cuenta y raz\u00f3n en las oficinas p\u00fablicas y particulares.<br \/>\n<strong>2.<\/strong>\u00a0f.\u00a0Aptitud de las cosas para poder reducirlas a cuenta o c\u00e1lculo.<\/p>\n<p><em>Fuente:<\/em> <a title=\"Real Academia Espa\u00f1ola de la Lengua\" rel=nofollow href=\"http:\/\/lema.rae.es\/drae\/?val=contabilidad\" target=\"_blank\">Real Academia de la Lengua Espa\u00f1ola<\/a><\/p>\n<p><strong>Contabilidad<\/strong>\u00a0es la\u00a0<a title=\"Ciencias sociales\" rel=nofollow href=\"http:\/\/es.wikipedia.org\/wiki\/Ciencias_sociales\">ciencia social<\/a>\u00a0que se encarga de estudiar, medir y analizar el\u00a0<a title=\"Patrimonio\" rel=nofollow href=\"http:\/\/es.wikipedia.org\/wiki\/Patrimonio\">patrimonio<\/a>\u00a0de las\u00a0<a title=\"Organizaciones\" rel=nofollow href=\"http:\/\/es.wikipedia.org\/wiki\/Organizaciones\">organizaciones<\/a>,\u00a0<a title=\"Empresa\" rel=nofollow href=\"http:\/\/es.wikipedia.org\/wiki\/Empresa\">empresas<\/a>\u00a0e<a title=\"Individuo\" rel=nofollow href=\"http:\/\/es.wikipedia.org\/wiki\/Individuo\">individuos<\/a>, con el fin de servir en la toma de decisiones y control, presentando la informaci\u00f3n, previamente registrada, de manera<a title=\"Sistem\u00e1tica\" rel=nofollow href=\"http:\/\/es.wikipedia.org\/wiki\/Sistem%C3%A1tica\">sistem\u00e1tica<\/a>\u00a0y \u00fatil para las distintas partes interesadas. Posee adem\u00e1s una t\u00e9cnica que produce sistem\u00e1ticamente y estructuradamente informaci\u00f3n cuantitativa (realizaci\u00f3n) y cualitativa (revelaci\u00f3n) valiosa, expresada en\u00a0<a title=\"Unidades monetarias\" rel=nofollow href=\"http:\/\/es.wikipedia.org\/wiki\/Unidades_monetarias\">unidades monetarias<\/a>\u00a0acerca de las\u00a0<a title=\"Transacciones\" rel=nofollow href=\"http:\/\/es.wikipedia.org\/wiki\/Transacciones\">transacciones<\/a>\u00a0que efect\u00faan las entidades econ\u00f3micas y de ciertos eventos econ\u00f3micos identificables y cuantificables que la afectan, con la finalidad de facilitarla a los diversos p\u00fablicos interesados.<\/p>\n<p>La finalidad de la contabilidad es suministrar informaci\u00f3n en un momento dado y de los resultados obtenidos durante un per\u00edodo de tiempo, que resulta de utilidad a los usuarios en la toma de sus decisiones, tanto para el control de la gesti\u00f3n pasada, como para las estimaciones de los resultados futuros, dotando tales decisiones de racionalidad y eficiencia.<\/p>\n<p><em>Fuente:<\/em>\u00a0<a title=\"Contabilidad - Wikipedia\" rel=nofollow href=\"http:\/\/es.wikipedia.org\/wiki\/Contabilidad\" target=\"_blank\">Wikipedia<\/a><\/p>\n<p><strong>Contabilidad.-<\/strong>\u00a0A la contabilidad se la suele llamar \u00abel lenguaje de los negocios\u00bb. Algunas personas la definen como su sistema de comunicaci\u00f3n y otras la consideran un sistema de informaci\u00f3n. La contabilidad se define tambi\u00e9n como un arte cuya principal finalidad es reunir y comunicar informaci\u00f3n financiera acerca de una entidad econ\u00f3mica \u00a0 o social. (Unas empresa en un ejemplo de entidad econ\u00f3mica; un hospital que no tenga por objetivo obtener beneficios es una entidad social.) En contabilidad empresarial, el contable puede considerarse el interprete y comunicador de informaci\u00f3n financiera acerca de una entidad econ\u00f3mica.<\/p>\n<p><em>Fuente:<\/em> Contabilidad, principios y aplicaciones,\u00a0H. R. Brock,\u00a0Ch. E. Palmer,\u00a0Editorial Reseverte S. A.<\/p>\n<p><strong>Contabilidad.-<\/strong>\u00a0La contabilidad organiza y resume la informaci\u00f3n econ\u00f3mica para que los usuarios puedan emplearla. Se presenta en informes llamados estados financieros, para realizar esto los contadores analizan, registran, cuantifican, acumulan, sintetizan, clasifican, informan e interpretan los hechos econ\u00f3micos y sus efectos financieros de la empresa.<\/p>\n<p><em>Fuente:<\/em> Contabilidad el lenguaje de los negocios,\u00a0John A. Eliot,\u00a0Gary L. Sundem,\u00a0Charles T. Horngre,\u00a0Editorial Pearson Prentice Hall<\/p>\n<p><strong>Contabilidad<\/strong>: La contabilidad se puede definir como un proceso que permite definir y comprender la actividad econ\u00f3mica de la empresa de manera resumida, para la toma de decisiones. Esta elaboraci\u00f3n contable debe ser elaborada de acuerdo con las Normas Internacionales de Informaci\u00f3n Financiera (NIFI), que permiten su universalizaci\u00f3n y comprensi\u00f3n. Se pude sintetizar que el prop\u00f3sito fundamental de la contabilidad es proporcionar datos financieros que sirvan para medir la rentabilidad del negocio y la solvencia que tiene para cumplir sus compromisos.<\/p>\n<p><em>Fuente: <\/em>El Proceso Contable, Roxana Escoto, Editorial Universidad Estatal a Distancia<\/p>\n<p><strong>Contabilidad.-<\/strong> La\u00a0<em>contabilidad<\/em>\u00a0es una\u00a0ciencia\u00a0y\u00a0t\u00e9cnica\u00a0que aporta informaci\u00f3n de utilidad para el proceso de toma de decisiones econ\u00f3micas. Esta disciplina estudia el patrimonio y presenta los resultados a trav\u00e9s de estados contables o financieros.<\/p>\n<p>La\u00a0<em>contabilidad genera<\/em>l\u00a0 implica el an\u00e1lisis desde\u00a0distintossectores de todas las variables que inciden en este campo. Para esto es necesario llevar a cabo un registro sistem\u00e1tico y cronol\u00f3gico de las operaciones financieras.<\/p>\n<p>La contabilidad general de una\u00a0empresa, por lo tanto, implica el\u00a0control\u00a0de todas sus operaciones diarias: compra, venta, gastos, inversiones, etc. El contador debe registrar, analizar, clasificar y resumir estas operaciones para volcarla en un estado o balance con informaci\u00f3n veraz.<\/p>\n<p>Existen distintas fases especializadas que forman parte de la contabilidad general. La <em>contabilidad de costos<\/em>\u00a0se dedica a la clasificar y recopilar informaci\u00f3n de los costos corrientes y en perspectiva.<\/p>\n<p>La\u00a0<em>contabilidad\u00a0fiscal<\/em>, por su parte, est\u00e1 fundamentada en la legislaci\u00f3n impositiva de cada pa\u00eds. El contador debe encargarse de elaborar los informes pertinentes para la presentaci\u00f3n de declaraciones ante la\u00a0Administraci\u00f3n\u00a0P\u00fablica\u00a0y para el pago de los\u00a0impuestos.<\/p>\n<p>La\u00a0<em>contabilidad financiera<\/em>\u00a0es otra fase de la contabilidad, centrada en la informaci\u00f3n cuantitativa de las transacciones y de otros eventos econ\u00f3micos que son susceptibles de cuantificaci\u00f3n.<\/p>\n<p>La\u00a0<em>contabilidad administrativ<\/em>a, por \u00faltimo, est\u00e1 vinculada a la elaboraci\u00f3n de informes internos. La informaci\u00f3n es analizada por los propios responsables de la organizaci\u00f3n, quienes tomar\u00e1n decisiones de gesti\u00f3n en base a los datos aportados. Las pol\u00edticas de una empresa suelen basarse en estos informes de la contabilidad administrativa.<\/p>\n<p><em>Fuente:<\/em>\u00a0<a rel=nofollow href=\"http:\/\/definicion.de\/contabilidad-general\/\">definicion.de<\/a><\/p>\n<p><strong>Contabilidad.-\u00a0<\/strong>La contabilidad es una ciencia aplicada de car\u00e1cter social y de naturaleza econ\u00f3mica que proporciona informaci\u00f3n financiera del ente econ\u00f3mico para luego ser clasificadas, presentadas e interpretadas con el prop\u00f3sito de ser empleados para controlar los recursos y tomar medidas oportunas para evitar una situaci\u00f3n deficiar\u00eda que ponga en peligro su supervivencia.<\/p>\n<p><em>Fuente:<\/em>\u00a0Teor\u00eda Contable, Osvaldo A. Cheves, H\u00e9ctor Chyrikins, Ricardo P. Dealecsandris, Ricardo J.M. Pahlen Acu\u00f1a, Juan Carlos Viegas, Ediciones Machi<\/p>\n<p><strong>Contabilidad.-<\/strong>\u00a0La contabilidad es la ciencia que tiene por objeto el registro de las operaciones econ\u00f3micas efectuadas por una persona o entidad, con el fin de conocer sus resultados y la situaci\u00f3n de la misma.<\/p>\n<p><em>Fuente:\u00a0<\/em>Contabilidad General, Jes\u00fas Cort\u00e9s, Biblioteca del Hombre de Negocios Modernos, Editorial Mentes\u00f3<\/p>\n","protected":false},"excerpt":{"rendered":"<p>Para conocer qu\u00e9 es la Contabilidad, a continuaci\u00f3n les mostramos una recopilaci\u00f3n de algunas de sus definiciones, proveniente de diversas fuentes: contabilidad. (De\u00a0contable). 1.\u00a0f.\u00a0Sistema adoptado para llevar la cuenta y raz\u00f3n en las oficinas p\u00fablicas y particulares. 2.\u00a0f.\u00a0Aptitud de las cosas para poder reducirlas a cuenta o c\u00e1lculo. Fuente: Real Academia de la Lengua Espa\u00f1ola &#8230; <a title=\"\u00bfQu\u00e9 es la Contabilidad?\" class=\"read-more\" href=\"https:\/\/imecaf.com\/blog\/2012\/09\/27\/que-es-la-contabilidad\/\">Leer m\u00e1s <span class=\"screen-reader-text\">\u00bfQu\u00e9 es la Contabilidad?<\/span><\/a><\/p>\n","protected":false},"author":2,"featured_media":0,"comment_status":"open","ping_status":"closed","sticky":false,"template":"","format":"standard","meta":{"footnotes":""},"categories":[289],"tags":[19,75,127,128],"class_list":["post-105","post","type-post","status-publish","format-standard","hentry","category-articulos-contabilidad","tag-blog-imecaf","tag-contabilidad-2","tag-definicion-de-contabilidad","tag-que-es-la-contabilidad"],"yoast_head":"<!-- This site is optimized with the Yoast SEO plugin v27.4 - https:\/\/yoast.com\/product\/yoast-seo-wordpress\/ -->\n<title>\u00bfQu\u00e9 es la Contabilidad? - IMECAF - Blog<\/title>\n<meta name=\"robots\" content=\"index, follow, max-snippet:-1, max-image-preview:large, max-video-preview:-1\" \/>\n<link rel=\"canonical\" href=\"https:\/\/imecaf.com\/blog\/2012\/09\/27\/que-es-la-contabilidad\/\" \/>\n<meta property=\"og:locale\" content=\"es_ES\" \/>\n<meta property=\"og:type\" content=\"article\" \/>\n<meta property=\"og:title\" content=\"\u00bfQu\u00e9 es la Contabilidad? - IMECAF - Blog\" \/>\n<meta property=\"og:description\" content=\"Para conocer qu\u00e9 es la Contabilidad, a continuaci\u00f3n les mostramos una recopilaci\u00f3n de algunas de sus definiciones, proveniente de diversas fuentes: contabilidad. (De\u00a0contable). 1.\u00a0f.\u00a0Sistema adoptado para llevar la cuenta y raz\u00f3n en las oficinas p\u00fablicas y particulares. 2.\u00a0f.\u00a0Aptitud de las cosas para poder reducirlas a cuenta o c\u00e1lculo. Fuente: Real Academia de la Lengua Espa\u00f1ola ... Leer m\u00e1s \u00bfQu\u00e9 es la Contabilidad?\" \/>\n<meta property=\"og:url\" content=\"https:\/\/imecaf.com\/blog\/2012\/09\/27\/que-es-la-contabilidad\/\" \/>\n<meta property=\"og:site_name\" content=\"IMECAF - Blog\" \/>\n<meta property=\"article:publisher\" content=\"https:\/\/www.facebook.com\/IMECAF\" \/>\n<meta property=\"article:published_time\" content=\"2012-09-27T21:49:57+00:00\" \/>\n<meta property=\"article:modified_time\" content=\"2012-10-10T22:36:01+00:00\" \/>\n<meta name=\"author\" content=\"Equipo de IMECAF\" \/>\n<meta name=\"twitter:card\" content=\"summary_large_image\" \/>\n<meta name=\"twitter:creator\" content=\"@imecaf\" \/>\n<meta name=\"twitter:site\" content=\"@imecaf\" \/>\n<meta name=\"twitter:label1\" content=\"Escrito por\" \/>\n\t<meta name=\"twitter:data1\" content=\"Equipo de IMECAF\" \/>\n\t<meta name=\"twitter:label2\" content=\"Tiempo de lectura\" \/>\n\t<meta name=\"twitter:data2\" content=\"5 minutos\" \/>\n<script type=\"application\/ld+json\" class=\"yoast-schema-graph\">{\"@context\":\"https:\\\/\\\/schema.org\",\"@graph\":[{\"@type\":\"Article\",\"@id\":\"https:\\\/\\\/imecaf.com\\\/blog\\\/2012\\\/09\\\/27\\\/que-es-la-contabilidad\\\/#article\",\"isPartOf\":{\"@id\":\"https:\\\/\\\/imecaf.com\\\/blog\\\/2012\\\/09\\\/27\\\/que-es-la-contabilidad\\\/\"},\"author\":{\"name\":\"Equipo de IMECAF\",\"@id\":\"https:\\\/\\\/imecaf.com\\\/blog\\\/#\\\/schema\\\/person\\\/a69b9f3972250aa0b1fdb798f094b4c7\"},\"headline\":\"\u00bfQu\u00e9 es la Contabilidad?\",\"datePublished\":\"2012-09-27T21:49:57+00:00\",\"dateModified\":\"2012-10-10T22:36:01+00:00\",\"mainEntityOfPage\":{\"@id\":\"https:\\\/\\\/imecaf.com\\\/blog\\\/2012\\\/09\\\/27\\\/que-es-la-contabilidad\\\/\"},\"wordCount\":948,\"commentCount\":0,\"publisher\":{\"@id\":\"https:\\\/\\\/imecaf.com\\\/blog\\\/#organization\"},\"keywords\":[\"blog IMECAF\",\"contabilidad\",\"Definici\u00f3n de contabilidad\",\"qu\u00e9 es la contabilidad\"],\"articleSection\":[\"Art\u00edculos\"],\"inLanguage\":\"es\",\"potentialAction\":[{\"@type\":\"CommentAction\",\"name\":\"Comment\",\"target\":[\"https:\\\/\\\/imecaf.com\\\/blog\\\/2012\\\/09\\\/27\\\/que-es-la-contabilidad\\\/#respond\"]}]},{\"@type\":\"WebPage\",\"@id\":\"https:\\\/\\\/imecaf.com\\\/blog\\\/2012\\\/09\\\/27\\\/que-es-la-contabilidad\\\/\",\"url\":\"https:\\\/\\\/imecaf.com\\\/blog\\\/2012\\\/09\\\/27\\\/que-es-la-contabilidad\\\/\",\"name\":\"\u00bfQu\u00e9 es la Contabilidad? - IMECAF - Blog\",\"isPartOf\":{\"@id\":\"https:\\\/\\\/imecaf.com\\\/blog\\\/#website\"},\"datePublished\":\"2012-09-27T21:49:57+00:00\",\"dateModified\":\"2012-10-10T22:36:01+00:00\",\"breadcrumb\":{\"@id\":\"https:\\\/\\\/imecaf.com\\\/blog\\\/2012\\\/09\\\/27\\\/que-es-la-contabilidad\\\/#breadcrumb\"},\"inLanguage\":\"es\",\"potentialAction\":[{\"@type\":\"ReadAction\",\"target\":[\"https:\\\/\\\/imecaf.com\\\/blog\\\/2012\\\/09\\\/27\\\/que-es-la-contabilidad\\\/\"]}]},{\"@type\":\"BreadcrumbList\",\"@id\":\"https:\\\/\\\/imecaf.com\\\/blog\\\/2012\\\/09\\\/27\\\/que-es-la-contabilidad\\\/#breadcrumb\",\"itemListElement\":[{\"@type\":\"ListItem\",\"position\":1,\"name\":\"Portada\",\"item\":\"https:\\\/\\\/imecaf.com\\\/blog\\\/\"},{\"@type\":\"ListItem\",\"position\":2,\"name\":\"\u00bfQu\u00e9 es la Contabilidad?\"}]},{\"@type\":\"WebSite\",\"@id\":\"https:\\\/\\\/imecaf.com\\\/blog\\\/#website\",\"url\":\"https:\\\/\\\/imecaf.com\\\/blog\\\/\",\"name\":\"IMECAF\",\"description\":\"Un lugar para expresar y compartir inquietudes dentro del mundo de la educaci\u00f3n.\",\"publisher\":{\"@id\":\"https:\\\/\\\/imecaf.com\\\/blog\\\/#organization\"},\"potentialAction\":[{\"@type\":\"SearchAction\",\"target\":{\"@type\":\"EntryPoint\",\"urlTemplate\":\"https:\\\/\\\/imecaf.com\\\/blog\\\/?s={search_term_string}\"},\"query-input\":{\"@type\":\"PropertyValueSpecification\",\"valueRequired\":true,\"valueName\":\"search_term_string\"}}],\"inLanguage\":\"es\"},{\"@type\":\"Organization\",\"@id\":\"https:\\\/\\\/imecaf.com\\\/blog\\\/#organization\",\"name\":\"IMECAF - Instituto Mexicano de Contabilidad, Administraci\u00f3n y Finanzas\",\"url\":\"https:\\\/\\\/imecaf.com\\\/blog\\\/\",\"logo\":{\"@type\":\"ImageObject\",\"inLanguage\":\"es\",\"@id\":\"https:\\\/\\\/imecaf.com\\\/blog\\\/#\\\/schema\\\/logo\\\/image\\\/\",\"url\":\"https:\\\/\\\/imecaf.com\\\/blog\\\/wp-content\\\/uploads\\\/IMECAF.Logo_.25.png\",\"contentUrl\":\"https:\\\/\\\/imecaf.com\\\/blog\\\/wp-content\\\/uploads\\\/IMECAF.Logo_.25.png\",\"width\":350,\"height\":350,\"caption\":\"IMECAF - Instituto Mexicano de Contabilidad, Administraci\u00f3n y Finanzas\"},\"image\":{\"@id\":\"https:\\\/\\\/imecaf.com\\\/blog\\\/#\\\/schema\\\/logo\\\/image\\\/\"},\"sameAs\":[\"https:\\\/\\\/www.facebook.com\\\/IMECAF\",\"https:\\\/\\\/x.com\\\/imecaf\",\"https:\\\/\\\/www.linkedin.com\\\/company\\\/imecaf\\\/\",\"https:\\\/\\\/www.youtube.com\\\/imecaf\",\"https:\\\/\\\/www.instagram.com\\\/imecaf_mx\\\/\",\"https:\\\/\\\/imecaf.negocio.site\\\/\"]},{\"@type\":\"Person\",\"@id\":\"https:\\\/\\\/imecaf.com\\\/blog\\\/#\\\/schema\\\/person\\\/a69b9f3972250aa0b1fdb798f094b4c7\",\"name\":\"Equipo de IMECAF\",\"image\":{\"@type\":\"ImageObject\",\"inLanguage\":\"es\",\"@id\":\"https:\\\/\\\/secure.gravatar.com\\\/avatar\\\/4b4242953c12937bd47e298d7922b4d01ffafe2955ce4235d318b8950782aa13?s=96&d=mm&r=g\",\"url\":\"https:\\\/\\\/secure.gravatar.com\\\/avatar\\\/4b4242953c12937bd47e298d7922b4d01ffafe2955ce4235d318b8950782aa13?s=96&d=mm&r=g\",\"contentUrl\":\"https:\\\/\\\/secure.gravatar.com\\\/avatar\\\/4b4242953c12937bd47e298d7922b4d01ffafe2955ce4235d318b8950782aa13?s=96&d=mm&r=g\",\"caption\":\"Equipo de IMECAF\"},\"url\":\"https:\\\/\\\/imecaf.com\\\/blog\\\/author\\\/mfonticoba\\\/\"}]}<\/script>\n<!-- \/ Yoast SEO plugin. -->","yoast_head_json":{"title":"\u00bfQu\u00e9 es la Contabilidad? - IMECAF - Blog","robots":{"index":"index","follow":"follow","max-snippet":"max-snippet:-1","max-image-preview":"max-image-preview:large","max-video-preview":"max-video-preview:-1"},"canonical":"https:\/\/imecaf.com\/blog\/2012\/09\/27\/que-es-la-contabilidad\/","og_locale":"es_ES","og_type":"article","og_title":"\u00bfQu\u00e9 es la Contabilidad? - IMECAF - Blog","og_description":"Para conocer qu\u00e9 es la Contabilidad, a continuaci\u00f3n les mostramos una recopilaci\u00f3n de algunas de sus definiciones, proveniente de diversas fuentes: contabilidad. (De\u00a0contable). 1.\u00a0f.\u00a0Sistema adoptado para llevar la cuenta y raz\u00f3n en las oficinas p\u00fablicas y particulares. 2.\u00a0f.\u00a0Aptitud de las cosas para poder reducirlas a cuenta o c\u00e1lculo. Fuente: Real Academia de la Lengua Espa\u00f1ola ... Leer m\u00e1s \u00bfQu\u00e9 es la Contabilidad?","og_url":"https:\/\/imecaf.com\/blog\/2012\/09\/27\/que-es-la-contabilidad\/","og_site_name":"IMECAF - Blog","article_publisher":"https:\/\/www.facebook.com\/IMECAF","article_published_time":"2012-09-27T21:49:57+00:00","article_modified_time":"2012-10-10T22:36:01+00:00","author":"Equipo de IMECAF","twitter_card":"summary_large_image","twitter_creator":"@imecaf","twitter_site":"@imecaf","twitter_misc":{"Escrito por":"Equipo de IMECAF","Tiempo de lectura":"5 minutos"},"schema":{"@context":"https:\/\/schema.org","@graph":[{"@type":"Article","@id":"https:\/\/imecaf.com\/blog\/2012\/09\/27\/que-es-la-contabilidad\/#article","isPartOf":{"@id":"https:\/\/imecaf.com\/blog\/2012\/09\/27\/que-es-la-contabilidad\/"},"author":{"name":"Equipo de IMECAF","@id":"https:\/\/imecaf.com\/blog\/#\/schema\/person\/a69b9f3972250aa0b1fdb798f094b4c7"},"headline":"\u00bfQu\u00e9 es la Contabilidad?","datePublished":"2012-09-27T21:49:57+00:00","dateModified":"2012-10-10T22:36:01+00:00","mainEntityOfPage":{"@id":"https:\/\/imecaf.com\/blog\/2012\/09\/27\/que-es-la-contabilidad\/"},"wordCount":948,"commentCount":0,"publisher":{"@id":"https:\/\/imecaf.com\/blog\/#organization"},"keywords":["blog IMECAF","contabilidad","Definici\u00f3n de contabilidad","qu\u00e9 es la contabilidad"],"articleSection":["Art\u00edculos"],"inLanguage":"es","potentialAction":[{"@type":"CommentAction","name":"Comment","target":["https:\/\/imecaf.com\/blog\/2012\/09\/27\/que-es-la-contabilidad\/#respond"]}]},{"@type":"WebPage","@id":"https:\/\/imecaf.com\/blog\/2012\/09\/27\/que-es-la-contabilidad\/","url":"https:\/\/imecaf.com\/blog\/2012\/09\/27\/que-es-la-contabilidad\/","name":"\u00bfQu\u00e9 es la Contabilidad? - IMECAF - Blog","isPartOf":{"@id":"https:\/\/imecaf.com\/blog\/#website"},"datePublished":"2012-09-27T21:49:57+00:00","dateModified":"2012-10-10T22:36:01+00:00","breadcrumb":{"@id":"https:\/\/imecaf.com\/blog\/2012\/09\/27\/que-es-la-contabilidad\/#breadcrumb"},"inLanguage":"es","potentialAction":[{"@type":"ReadAction","target":["https:\/\/imecaf.com\/blog\/2012\/09\/27\/que-es-la-contabilidad\/"]}]},{"@type":"BreadcrumbList","@id":"https:\/\/imecaf.com\/blog\/2012\/09\/27\/que-es-la-contabilidad\/#breadcrumb","itemListElement":[{"@type":"ListItem","position":1,"name":"Portada","item":"https:\/\/imecaf.com\/blog\/"},{"@type":"ListItem","position":2,"name":"\u00bfQu\u00e9 es la Contabilidad?"}]},{"@type":"WebSite","@id":"https:\/\/imecaf.com\/blog\/#website","url":"https:\/\/imecaf.com\/blog\/","name":"IMECAF","description":"Un lugar para expresar y compartir inquietudes dentro del mundo de la educaci\u00f3n.","publisher":{"@id":"https:\/\/imecaf.com\/blog\/#organization"},"potentialAction":[{"@type":"SearchAction","target":{"@type":"EntryPoint","urlTemplate":"https:\/\/imecaf.com\/blog\/?s={search_term_string}"},"query-input":{"@type":"PropertyValueSpecification","valueRequired":true,"valueName":"search_term_string"}}],"inLanguage":"es"},{"@type":"Organization","@id":"https:\/\/imecaf.com\/blog\/#organization","name":"IMECAF - Instituto Mexicano de Contabilidad, Administraci\u00f3n y Finanzas","url":"https:\/\/imecaf.com\/blog\/","logo":{"@type":"ImageObject","inLanguage":"es","@id":"https:\/\/imecaf.com\/blog\/#\/schema\/logo\/image\/","url":"https:\/\/imecaf.com\/blog\/wp-content\/uploads\/IMECAF.Logo_.25.png","contentUrl":"https:\/\/imecaf.com\/blog\/wp-content\/uploads\/IMECAF.Logo_.25.png","width":350,"height":350,"caption":"IMECAF - Instituto Mexicano de Contabilidad, Administraci\u00f3n y Finanzas"},"image":{"@id":"https:\/\/imecaf.com\/blog\/#\/schema\/logo\/image\/"},"sameAs":["https:\/\/www.facebook.com\/IMECAF","https:\/\/x.com\/imecaf","https:\/\/www.linkedin.com\/company\/imecaf\/","https:\/\/www.youtube.com\/imecaf","https:\/\/www.instagram.com\/imecaf_mx\/","https:\/\/imecaf.negocio.site\/"]},{"@type":"Person","@id":"https:\/\/imecaf.com\/blog\/#\/schema\/person\/a69b9f3972250aa0b1fdb798f094b4c7","name":"Equipo de IMECAF","image":{"@type":"ImageObject","inLanguage":"es","@id":"https:\/\/secure.gravatar.com\/avatar\/4b4242953c12937bd47e298d7922b4d01ffafe2955ce4235d318b8950782aa13?s=96&d=mm&r=g","url":"https:\/\/secure.gravatar.com\/avatar\/4b4242953c12937bd47e298d7922b4d01ffafe2955ce4235d318b8950782aa13?s=96&d=mm&r=g","contentUrl":"https:\/\/secure.gravatar.com\/avatar\/4b4242953c12937bd47e298d7922b4d01ffafe2955ce4235d318b8950782aa13?s=96&d=mm&r=g","caption":"Equipo de IMECAF"},"url":"https:\/\/imecaf.com\/blog\/author\/mfonticoba\/"}]}},"_links":{"self":[{"href":"https:\/\/imecaf.com\/blog\/wp-json\/wp\/v2\/posts\/105","targetHints":{"allow":["GET"]}}],"collection":[{"href":"https:\/\/imecaf.com\/blog\/wp-json\/wp\/v2\/posts"}],"about":[{"href":"https:\/\/imecaf.com\/blog\/wp-json\/wp\/v2\/types\/post"}],"author":[{"embeddable":true,"href":"https:\/\/imecaf.com\/blog\/wp-json\/wp\/v2\/users\/2"}],"replies":[{"embeddable":true,"href":"https:\/\/imecaf.com\/blog\/wp-json\/wp\/v2\/comments?post=105"}],"version-history":[{"count":0,"href":"https:\/\/imecaf.com\/blog\/wp-json\/wp\/v2\/posts\/105\/revisions"}],"wp:attachment":[{"href":"https:\/\/imecaf.com\/blog\/wp-json\/wp\/v2\/media?parent=105"}],"wp:term":[{"taxonomy":"category","embeddable":true,"href":"https:\/\/imecaf.com\/blog\/wp-json\/wp\/v2\/categories?post=105"},{"taxonomy":"post_tag","embeddable":true,"href":"https:\/\/imecaf.com\/blog\/wp-json\/wp\/v2\/tags?post=105"}],"curies":[{"name":"wp","href":"https:\/\/api.w.org\/{rel}","templated":true}]}}