{"id":12687,"date":"2022-12-25T22:43:47","date_gmt":"2022-12-26T04:43:47","guid":{"rendered":"http:\/\/imecaf.com\/blog\/?p=12687"},"modified":"2022-12-25T22:43:48","modified_gmt":"2022-12-26T04:43:48","slug":"reforma-fiscal-global","status":"publish","type":"post","link":"https:\/\/imecaf.com\/blog\/2022\/12\/25\/reforma-fiscal-global\/","title":{"rendered":"Reforma fiscal global"},"content":{"rendered":"<span class=\"span-reading-time rt-reading-time\" style=\"display: block;\"><span class=\"rt-label rt-prefix\">Tiempo de lectura:<\/span> <span class=\"rt-time\"> &lt; 1<\/span> <span class=\"rt-label rt-postfix\">minuto<\/span><\/span>\n<p>\u00abLos pa\u00edses africanos son los que m\u00e1s pierden con la evasi\u00f3n de impuestos. Por lo tanto, los gobiernos africanos deben hacer m\u00e1s para impulsar una reforma total del sistema fiscal global y exigir la acci\u00f3n de pa\u00edses, como el Reino Unido, cuyos centros financieros se encuentran en el coraz\u00f3n de la red global de para\u00edsos fiscales.\u00bb<\/p>\n\n\n\n<p>Winnie Byanyima (1959- ) Ingeniera aeron\u00e1utica, pol\u00edtica, activista de derechos humanos, feminista y diplom\u00e1tica ugandesa.<\/p>\n","protected":false},"excerpt":{"rendered":"<p>\u00abLos pa\u00edses africanos son los que m\u00e1s pierden con la evasi\u00f3n de impuestos. Por lo tanto, los gobiernos africanos deben hacer m\u00e1s para impulsar una reforma total del sistema fiscal global y exigir la acci\u00f3n de pa\u00edses, como el Reino Unido, cuyos centros financieros se encuentran en el coraz\u00f3n de la red global de para\u00edsos &#8230; <a title=\"Reforma fiscal global\" class=\"read-more\" href=\"https:\/\/imecaf.com\/blog\/2022\/12\/25\/reforma-fiscal-global\/\">Leer m\u00e1s <span class=\"screen-reader-text\">Reforma fiscal global<\/span><\/a><\/p>\n","protected":false},"author":2,"featured_media":0,"comment_status":"open","ping_status":"closed","sticky":false,"template":"","format":"standard","meta":{"footnotes":""},"categories":[9,665],"tags":[8139,19,5726,1648,1550,830,7912,4376,303,79,8868,671,697,1041,7562,3596,3973,7158,5924,9763],"class_list":["post-12687","post","type-post","status-publish","format-standard","hentry","category-fiscal","category-frases-celebres-fiscal","tag-africa","tag-blog-imecaf","tag-centro","tag-corazon","tag-deber","tag-encontrar","tag-evasion","tag-exigir","tag-financiero","tag-fiscal-2","tag-frase-celebre-2","tag-gobierno","tag-hacer","tag-impuesto","tag-impulsar","tag-pais","tag-perder","tag-red","tag-reforma","tag-winnie-byanyima"],"yoast_head":"<!-- This site is optimized with the Yoast SEO plugin v27.5 - https:\/\/yoast.com\/product\/yoast-seo-wordpress\/ -->\n<title>Reforma fiscal global - IMECAF - Blog<\/title>\n<meta name=\"robots\" content=\"index, follow, max-snippet:-1, max-image-preview:large, max-video-preview:-1\" \/>\n<link rel=\"canonical\" href=\"https:\/\/imecaf.com\/blog\/2022\/12\/25\/reforma-fiscal-global\/\" \/>\n<meta property=\"og:locale\" content=\"es_ES\" \/>\n<meta property=\"og:type\" content=\"article\" \/>\n<meta property=\"og:title\" content=\"Reforma fiscal global - IMECAF - Blog\" \/>\n<meta property=\"og:description\" content=\"\u00abLos pa\u00edses africanos son los que m\u00e1s pierden con la evasi\u00f3n de impuestos. Por lo tanto, los gobiernos africanos deben hacer m\u00e1s para impulsar una reforma total del sistema fiscal global y exigir la acci\u00f3n de pa\u00edses, como el Reino Unido, cuyos centros financieros se encuentran en el coraz\u00f3n de la red global de para\u00edsos ... Leer m\u00e1s Reforma fiscal global\" \/>\n<meta property=\"og:url\" content=\"https:\/\/imecaf.com\/blog\/2022\/12\/25\/reforma-fiscal-global\/\" \/>\n<meta property=\"og:site_name\" content=\"IMECAF - Blog\" \/>\n<meta property=\"article:publisher\" content=\"https:\/\/www.facebook.com\/IMECAF\" \/>\n<meta property=\"article:published_time\" content=\"2022-12-26T04:43:47+00:00\" \/>\n<meta property=\"article:modified_time\" content=\"2022-12-26T04:43:48+00:00\" \/>\n<meta name=\"author\" content=\"Equipo de IMECAF\" \/>\n<meta name=\"twitter:card\" content=\"summary_large_image\" \/>\n<meta name=\"twitter:creator\" content=\"@imecaf\" \/>\n<meta name=\"twitter:site\" content=\"@imecaf\" \/>\n<meta name=\"twitter:label1\" content=\"Escrito por\" \/>\n\t<meta name=\"twitter:data1\" content=\"Equipo de IMECAF\" \/>\n<script type=\"application\/ld+json\" class=\"yoast-schema-graph\">{\"@context\":\"https:\\\/\\\/schema.org\",\"@graph\":[{\"@type\":\"Article\",\"@id\":\"https:\\\/\\\/imecaf.com\\\/blog\\\/2022\\\/12\\\/25\\\/reforma-fiscal-global\\\/#article\",\"isPartOf\":{\"@id\":\"https:\\\/\\\/imecaf.com\\\/blog\\\/2022\\\/12\\\/25\\\/reforma-fiscal-global\\\/\"},\"author\":{\"name\":\"Equipo de IMECAF\",\"@id\":\"https:\\\/\\\/imecaf.com\\\/blog\\\/#\\\/schema\\\/person\\\/a69b9f3972250aa0b1fdb798f094b4c7\"},\"headline\":\"Reforma fiscal global\",\"datePublished\":\"2022-12-26T04:43:47+00:00\",\"dateModified\":\"2022-12-26T04:43:48+00:00\",\"mainEntityOfPage\":{\"@id\":\"https:\\\/\\\/imecaf.com\\\/blog\\\/2022\\\/12\\\/25\\\/reforma-fiscal-global\\\/\"},\"wordCount\":84,\"commentCount\":0,\"publisher\":{\"@id\":\"https:\\\/\\\/imecaf.com\\\/blog\\\/#organization\"},\"keywords\":[\"africa\",\"blog IMECAF\",\"centro\",\"corazon\",\"deber\",\"encontrar\",\"evasion\",\"exigir\",\"financiero\",\"fiscal\",\"frase celebre\",\"gobierno\",\"hacer\",\"impuesto\",\"impulsar\",\"pais\",\"perder\",\"red\",\"reforma\",\"winnie byanyima\"],\"articleSection\":[\"Fiscal\",\"Frases C\u00e9lebres\"],\"inLanguage\":\"es\",\"potentialAction\":[{\"@type\":\"CommentAction\",\"name\":\"Comment\",\"target\":[\"https:\\\/\\\/imecaf.com\\\/blog\\\/2022\\\/12\\\/25\\\/reforma-fiscal-global\\\/#respond\"]}]},{\"@type\":\"WebPage\",\"@id\":\"https:\\\/\\\/imecaf.com\\\/blog\\\/2022\\\/12\\\/25\\\/reforma-fiscal-global\\\/\",\"url\":\"https:\\\/\\\/imecaf.com\\\/blog\\\/2022\\\/12\\\/25\\\/reforma-fiscal-global\\\/\",\"name\":\"Reforma fiscal global - IMECAF - Blog\",\"isPartOf\":{\"@id\":\"https:\\\/\\\/imecaf.com\\\/blog\\\/#website\"},\"datePublished\":\"2022-12-26T04:43:47+00:00\",\"dateModified\":\"2022-12-26T04:43:48+00:00\",\"breadcrumb\":{\"@id\":\"https:\\\/\\\/imecaf.com\\\/blog\\\/2022\\\/12\\\/25\\\/reforma-fiscal-global\\\/#breadcrumb\"},\"inLanguage\":\"es\",\"potentialAction\":[{\"@type\":\"ReadAction\",\"target\":[\"https:\\\/\\\/imecaf.com\\\/blog\\\/2022\\\/12\\\/25\\\/reforma-fiscal-global\\\/\"]}]},{\"@type\":\"BreadcrumbList\",\"@id\":\"https:\\\/\\\/imecaf.com\\\/blog\\\/2022\\\/12\\\/25\\\/reforma-fiscal-global\\\/#breadcrumb\",\"itemListElement\":[{\"@type\":\"ListItem\",\"position\":1,\"name\":\"Portada\",\"item\":\"https:\\\/\\\/imecaf.com\\\/blog\\\/\"},{\"@type\":\"ListItem\",\"position\":2,\"name\":\"Reforma fiscal global\"}]},{\"@type\":\"WebSite\",\"@id\":\"https:\\\/\\\/imecaf.com\\\/blog\\\/#website\",\"url\":\"https:\\\/\\\/imecaf.com\\\/blog\\\/\",\"name\":\"IMECAF\",\"description\":\"Un lugar para expresar y compartir inquietudes dentro del mundo de la educaci\u00f3n.\",\"publisher\":{\"@id\":\"https:\\\/\\\/imecaf.com\\\/blog\\\/#organization\"},\"potentialAction\":[{\"@type\":\"SearchAction\",\"target\":{\"@type\":\"EntryPoint\",\"urlTemplate\":\"https:\\\/\\\/imecaf.com\\\/blog\\\/?s={search_term_string}\"},\"query-input\":{\"@type\":\"PropertyValueSpecification\",\"valueRequired\":true,\"valueName\":\"search_term_string\"}}],\"inLanguage\":\"es\"},{\"@type\":\"Organization\",\"@id\":\"https:\\\/\\\/imecaf.com\\\/blog\\\/#organization\",\"name\":\"IMECAF - Instituto Mexicano de Contabilidad, Administraci\u00f3n y Finanzas\",\"url\":\"https:\\\/\\\/imecaf.com\\\/blog\\\/\",\"logo\":{\"@type\":\"ImageObject\",\"inLanguage\":\"es\",\"@id\":\"https:\\\/\\\/imecaf.com\\\/blog\\\/#\\\/schema\\\/logo\\\/image\\\/\",\"url\":\"https:\\\/\\\/imecaf.com\\\/blog\\\/wp-content\\\/uploads\\\/IMECAF.Logo_.25.png\",\"contentUrl\":\"https:\\\/\\\/imecaf.com\\\/blog\\\/wp-content\\\/uploads\\\/IMECAF.Logo_.25.png\",\"width\":350,\"height\":350,\"caption\":\"IMECAF - Instituto Mexicano de Contabilidad, Administraci\u00f3n y Finanzas\"},\"image\":{\"@id\":\"https:\\\/\\\/imecaf.com\\\/blog\\\/#\\\/schema\\\/logo\\\/image\\\/\"},\"sameAs\":[\"https:\\\/\\\/www.facebook.com\\\/IMECAF\",\"https:\\\/\\\/x.com\\\/imecaf\",\"https:\\\/\\\/www.linkedin.com\\\/company\\\/imecaf\\\/\",\"https:\\\/\\\/www.youtube.com\\\/imecaf\",\"https:\\\/\\\/www.instagram.com\\\/imecaf_mx\\\/\",\"https:\\\/\\\/imecaf.negocio.site\\\/\"]},{\"@type\":\"Person\",\"@id\":\"https:\\\/\\\/imecaf.com\\\/blog\\\/#\\\/schema\\\/person\\\/a69b9f3972250aa0b1fdb798f094b4c7\",\"name\":\"Equipo de IMECAF\",\"image\":{\"@type\":\"ImageObject\",\"inLanguage\":\"es\",\"@id\":\"https:\\\/\\\/secure.gravatar.com\\\/avatar\\\/4b4242953c12937bd47e298d7922b4d01ffafe2955ce4235d318b8950782aa13?s=96&d=mm&r=g\",\"url\":\"https:\\\/\\\/secure.gravatar.com\\\/avatar\\\/4b4242953c12937bd47e298d7922b4d01ffafe2955ce4235d318b8950782aa13?s=96&d=mm&r=g\",\"contentUrl\":\"https:\\\/\\\/secure.gravatar.com\\\/avatar\\\/4b4242953c12937bd47e298d7922b4d01ffafe2955ce4235d318b8950782aa13?s=96&d=mm&r=g\",\"caption\":\"Equipo de IMECAF\"},\"url\":\"https:\\\/\\\/imecaf.com\\\/blog\\\/author\\\/mfonticoba\\\/\"}]}<\/script>\n<!-- \/ Yoast SEO plugin. -->","yoast_head_json":{"title":"Reforma fiscal global - IMECAF - Blog","robots":{"index":"index","follow":"follow","max-snippet":"max-snippet:-1","max-image-preview":"max-image-preview:large","max-video-preview":"max-video-preview:-1"},"canonical":"https:\/\/imecaf.com\/blog\/2022\/12\/25\/reforma-fiscal-global\/","og_locale":"es_ES","og_type":"article","og_title":"Reforma fiscal global - IMECAF - Blog","og_description":"\u00abLos pa\u00edses africanos son los que m\u00e1s pierden con la evasi\u00f3n de impuestos. Por lo tanto, los gobiernos africanos deben hacer m\u00e1s para impulsar una reforma total del sistema fiscal global y exigir la acci\u00f3n de pa\u00edses, como el Reino Unido, cuyos centros financieros se encuentran en el coraz\u00f3n de la red global de para\u00edsos ... Leer m\u00e1s Reforma fiscal global","og_url":"https:\/\/imecaf.com\/blog\/2022\/12\/25\/reforma-fiscal-global\/","og_site_name":"IMECAF - Blog","article_publisher":"https:\/\/www.facebook.com\/IMECAF","article_published_time":"2022-12-26T04:43:47+00:00","article_modified_time":"2022-12-26T04:43:48+00:00","author":"Equipo de IMECAF","twitter_card":"summary_large_image","twitter_creator":"@imecaf","twitter_site":"@imecaf","twitter_misc":{"Escrito por":"Equipo de IMECAF"},"schema":{"@context":"https:\/\/schema.org","@graph":[{"@type":"Article","@id":"https:\/\/imecaf.com\/blog\/2022\/12\/25\/reforma-fiscal-global\/#article","isPartOf":{"@id":"https:\/\/imecaf.com\/blog\/2022\/12\/25\/reforma-fiscal-global\/"},"author":{"name":"Equipo de IMECAF","@id":"https:\/\/imecaf.com\/blog\/#\/schema\/person\/a69b9f3972250aa0b1fdb798f094b4c7"},"headline":"Reforma fiscal global","datePublished":"2022-12-26T04:43:47+00:00","dateModified":"2022-12-26T04:43:48+00:00","mainEntityOfPage":{"@id":"https:\/\/imecaf.com\/blog\/2022\/12\/25\/reforma-fiscal-global\/"},"wordCount":84,"commentCount":0,"publisher":{"@id":"https:\/\/imecaf.com\/blog\/#organization"},"keywords":["africa","blog IMECAF","centro","corazon","deber","encontrar","evasion","exigir","financiero","fiscal","frase celebre","gobierno","hacer","impuesto","impulsar","pais","perder","red","reforma","winnie byanyima"],"articleSection":["Fiscal","Frases C\u00e9lebres"],"inLanguage":"es","potentialAction":[{"@type":"CommentAction","name":"Comment","target":["https:\/\/imecaf.com\/blog\/2022\/12\/25\/reforma-fiscal-global\/#respond"]}]},{"@type":"WebPage","@id":"https:\/\/imecaf.com\/blog\/2022\/12\/25\/reforma-fiscal-global\/","url":"https:\/\/imecaf.com\/blog\/2022\/12\/25\/reforma-fiscal-global\/","name":"Reforma fiscal global - IMECAF - Blog","isPartOf":{"@id":"https:\/\/imecaf.com\/blog\/#website"},"datePublished":"2022-12-26T04:43:47+00:00","dateModified":"2022-12-26T04:43:48+00:00","breadcrumb":{"@id":"https:\/\/imecaf.com\/blog\/2022\/12\/25\/reforma-fiscal-global\/#breadcrumb"},"inLanguage":"es","potentialAction":[{"@type":"ReadAction","target":["https:\/\/imecaf.com\/blog\/2022\/12\/25\/reforma-fiscal-global\/"]}]},{"@type":"BreadcrumbList","@id":"https:\/\/imecaf.com\/blog\/2022\/12\/25\/reforma-fiscal-global\/#breadcrumb","itemListElement":[{"@type":"ListItem","position":1,"name":"Portada","item":"https:\/\/imecaf.com\/blog\/"},{"@type":"ListItem","position":2,"name":"Reforma fiscal global"}]},{"@type":"WebSite","@id":"https:\/\/imecaf.com\/blog\/#website","url":"https:\/\/imecaf.com\/blog\/","name":"IMECAF","description":"Un lugar para expresar y compartir inquietudes dentro del mundo de la educaci\u00f3n.","publisher":{"@id":"https:\/\/imecaf.com\/blog\/#organization"},"potentialAction":[{"@type":"SearchAction","target":{"@type":"EntryPoint","urlTemplate":"https:\/\/imecaf.com\/blog\/?s={search_term_string}"},"query-input":{"@type":"PropertyValueSpecification","valueRequired":true,"valueName":"search_term_string"}}],"inLanguage":"es"},{"@type":"Organization","@id":"https:\/\/imecaf.com\/blog\/#organization","name":"IMECAF - Instituto Mexicano de Contabilidad, Administraci\u00f3n y Finanzas","url":"https:\/\/imecaf.com\/blog\/","logo":{"@type":"ImageObject","inLanguage":"es","@id":"https:\/\/imecaf.com\/blog\/#\/schema\/logo\/image\/","url":"https:\/\/imecaf.com\/blog\/wp-content\/uploads\/IMECAF.Logo_.25.png","contentUrl":"https:\/\/imecaf.com\/blog\/wp-content\/uploads\/IMECAF.Logo_.25.png","width":350,"height":350,"caption":"IMECAF - Instituto Mexicano de Contabilidad, Administraci\u00f3n y Finanzas"},"image":{"@id":"https:\/\/imecaf.com\/blog\/#\/schema\/logo\/image\/"},"sameAs":["https:\/\/www.facebook.com\/IMECAF","https:\/\/x.com\/imecaf","https:\/\/www.linkedin.com\/company\/imecaf\/","https:\/\/www.youtube.com\/imecaf","https:\/\/www.instagram.com\/imecaf_mx\/","https:\/\/imecaf.negocio.site\/"]},{"@type":"Person","@id":"https:\/\/imecaf.com\/blog\/#\/schema\/person\/a69b9f3972250aa0b1fdb798f094b4c7","name":"Equipo de IMECAF","image":{"@type":"ImageObject","inLanguage":"es","@id":"https:\/\/secure.gravatar.com\/avatar\/4b4242953c12937bd47e298d7922b4d01ffafe2955ce4235d318b8950782aa13?s=96&d=mm&r=g","url":"https:\/\/secure.gravatar.com\/avatar\/4b4242953c12937bd47e298d7922b4d01ffafe2955ce4235d318b8950782aa13?s=96&d=mm&r=g","contentUrl":"https:\/\/secure.gravatar.com\/avatar\/4b4242953c12937bd47e298d7922b4d01ffafe2955ce4235d318b8950782aa13?s=96&d=mm&r=g","caption":"Equipo de IMECAF"},"url":"https:\/\/imecaf.com\/blog\/author\/mfonticoba\/"}]}},"_links":{"self":[{"href":"https:\/\/imecaf.com\/blog\/wp-json\/wp\/v2\/posts\/12687","targetHints":{"allow":["GET"]}}],"collection":[{"href":"https:\/\/imecaf.com\/blog\/wp-json\/wp\/v2\/posts"}],"about":[{"href":"https:\/\/imecaf.com\/blog\/wp-json\/wp\/v2\/types\/post"}],"author":[{"embeddable":true,"href":"https:\/\/imecaf.com\/blog\/wp-json\/wp\/v2\/users\/2"}],"replies":[{"embeddable":true,"href":"https:\/\/imecaf.com\/blog\/wp-json\/wp\/v2\/comments?post=12687"}],"version-history":[{"count":0,"href":"https:\/\/imecaf.com\/blog\/wp-json\/wp\/v2\/posts\/12687\/revisions"}],"wp:attachment":[{"href":"https:\/\/imecaf.com\/blog\/wp-json\/wp\/v2\/media?parent=12687"}],"wp:term":[{"taxonomy":"category","embeddable":true,"href":"https:\/\/imecaf.com\/blog\/wp-json\/wp\/v2\/categories?post=12687"},{"taxonomy":"post_tag","embeddable":true,"href":"https:\/\/imecaf.com\/blog\/wp-json\/wp\/v2\/tags?post=12687"}],"curies":[{"name":"wp","href":"https:\/\/api.w.org\/{rel}","templated":true}]}}