{"id":13835,"date":"2024-02-21T19:10:20","date_gmt":"2024-02-22T01:10:20","guid":{"rendered":"http:\/\/imecaf.com\/blog\/?p=13835"},"modified":"2025-06-10T11:43:55","modified_gmt":"2025-06-10T17:43:55","slug":"que-es-liderazgo","status":"publish","type":"post","link":"https:\/\/imecaf.com\/blog\/2024\/02\/21\/que-es-liderazgo\/","title":{"rendered":"Liderazgo: La Br\u00fajula del \u00c9xito Organizacional"},"content":{"rendered":"<span class=\"span-reading-time rt-reading-time\" style=\"display: block;\"><span class=\"rt-label rt-prefix\">Tiempo de lectura:<\/span> <span class=\"rt-time\"> 9<\/span> <span class=\"rt-label rt-postfix\">minutos<\/span><\/span>\n<figure class=\"wp-block-gallery has-nested-images columns-default is-cropped wp-block-gallery-1 is-layout-flex wp-block-gallery-is-layout-flex\">\n<figure class=\"wp-block-image size-large\"><a href=\"http:\/\/imecaf.com\/blog\/wp-content\/uploads\/liderazgo-la-brujula-del-exito-organizacional.jpg\"><img decoding=\"async\" data-id=\"13856\" src=\"http:\/\/imecaf.com\/blog\/wp-content\/uploads\/liderazgo-la-brujula-del-exito-organizacional-1-1024x574.jpg\" alt=\"Liderazgo: La br\u00fajula del \u00e9xito organizacional\" class=\"wp-image-13856\"\/><\/a><\/figure>\n<\/figure>\n\n\n\n<p>El liderazgo es un concepto omnipresente en el \u00e1mbito empresarial y organizacional. En su esencia, se refiere a la capacidad de influir en otros para alcanzar objetivos comunes. Sin embargo, su definici\u00f3n y manifestaciones son vastas y variadas. En este art\u00edculo, exploraremos qu\u00e9 es el liderazgo, sus caracter\u00edsticas distintivas y los diferentes tipos que existen.<\/p>\n\n\n\n<h2 class=\"wp-block-heading\"><strong>\u00bfQu\u00e9 es el liderazgo y por qu\u00e9 es importante?<\/strong><\/h2>\n\n\n\n<p>El liderazgo es un proceso din\u00e1mico que implica influir en un grupo de personas para lograr metas espec\u00edficas. M\u00e1s que un t\u00edtulo o posici\u00f3n, es una habilidad que puede desarrollarse y aplicarse en diversos contextos. Un l\u00edder efectivo inspira, motiva y gu\u00eda a su equipo hacia el \u00e9xito, utilizando una combinaci\u00f3n de habilidades interpersonales, visi\u00f3n estrat\u00e9gica y capacidad de toma de decisiones.<\/p>\n\n\n\n<p>El liderazgo es tambi\u00e9n una de las competencias m\u00e1s valoradas y demandadas en el mundo actual, tanto en el \u00e1mbito personal como profesional. Pero, \u00bfqu\u00e9 es exactamente el liderazgo y qu\u00e9 implica ser un l\u00edder?<\/p>\n\n\n\n<h2 class=\"wp-block-heading\"><strong>Definici\u00f3n de liderazgo<\/strong><\/h2>\n\n\n\n<figure class=\"wp-block-gallery has-nested-images columns-default is-cropped wp-block-gallery-2 is-layout-flex wp-block-gallery-is-layout-flex\">\n<figure class=\"wp-block-image size-large\"><a href=\"http:\/\/imecaf.com\/blog\/wp-content\/uploads\/definicion-de-liderazgo.jpg\"><img loading=\"lazy\" decoding=\"async\" width=\"1024\" height=\"1024\" data-id=\"13855\" src=\"http:\/\/imecaf.com\/blog\/wp-content\/uploads\/definicion-de-liderazgo-1024x1024.jpg\" alt=\"Qu\u00e9 es Liderazgo - Definici\u00f3n de Liderazgo\" class=\"wp-image-13855\" srcset=\"https:\/\/imecaf.com\/blog\/wp-content\/uploads\/definicion-de-liderazgo-1024x1024.jpg 1024w, https:\/\/imecaf.com\/blog\/wp-content\/uploads\/definicion-de-liderazgo-300x300.jpg 300w, https:\/\/imecaf.com\/blog\/wp-content\/uploads\/definicion-de-liderazgo-150x150.jpg 150w, https:\/\/imecaf.com\/blog\/wp-content\/uploads\/definicion-de-liderazgo-768x768.jpg 768w, https:\/\/imecaf.com\/blog\/wp-content\/uploads\/definicion-de-liderazgo.jpg 1229w\" sizes=\"auto, (max-width: 1024px) 100vw, 1024px\" \/><\/a><figcaption class=\"wp-element-caption\">El liderazgo es una habilidad que puede desarrollarse y aplicarse en diversos contextos.<\/figcaption><\/figure>\n<\/figure>\n\n\n\n<p>El liderazgo se puede definir como el conjunto de habilidades que tiene una persona para influir en la forma de pensar y actuar de otras personas o de un grupo, con el fin de lograr un objetivo com\u00fan. Un l\u00edder es aquel que tiene la capacidad de motivar, comunicar, delegar, resolver problemas, tomar decisiones y generar confianza, entre otras cualidades.<\/p>\n\n\n\n<p>El liderazgo no es una posici\u00f3n o un cargo, sino una actitud y una responsabilidad. Un l\u00edder no es necesariamente el que tiene m\u00e1s poder o autoridad, sino el que sabe c\u00f3mo usarlos de forma positiva y constructiva. Un l\u00edder no es el que manda o impone, sino el que gu\u00eda y acompa\u00f1a. Un l\u00edder no es el que hace todo solo, sino el que sabe trabajar en equipo y potenciar el talento de los dem\u00e1s.<\/p>\n\n\n\n<h2 class=\"wp-block-heading\"><strong>Importancia del liderazgo<\/strong><\/h2>\n\n\n\n<p>El liderazgo es importante porque permite alcanzar mejores resultados, tanto a nivel individual como colectivo. Un l\u00edder es capaz de inspirar y movilizar a las personas hacia una visi\u00f3n compartida, generando un sentido de pertenencia y compromiso. Un l\u00edder es capaz de crear un ambiente de trabajo positivo, donde se fomenta la creatividad, la innovaci\u00f3n, el aprendizaje y la mejora continua. Un l\u00edder es capaz de gestionar el cambio y adaptarse a las nuevas circunstancias, aprovechando las oportunidades y superando los desaf\u00edos.<\/p>\n\n\n\n<p>El liderazgo es importante no solo en el \u00e1mbito empresarial, sino tambi\u00e9n en el social, pol\u00edtico, educativo, familiar y personal. El liderazgo es una forma de contribuir al bienestar y al desarrollo de las personas y de la sociedad en general.<\/p>\n\n\n\n<h2 class=\"wp-block-heading\"><strong>Caracter\u00edsticas del Liderazgo<\/strong><\/h2>\n\n\n\n<figure class=\"wp-block-gallery has-nested-images columns-default is-cropped wp-block-gallery-3 is-layout-flex wp-block-gallery-is-layout-flex\">\n<figure class=\"wp-block-image size-large\"><a href=\"http:\/\/imecaf.com\/blog\/wp-content\/uploads\/caracteristicas-del-liderazgo.jpg\"><img loading=\"lazy\" decoding=\"async\" width=\"1024\" height=\"819\" data-id=\"13854\" src=\"http:\/\/imecaf.com\/blog\/wp-content\/uploads\/caracteristicas-del-liderazgo-1024x819.jpg\" alt=\"Caracter\u00edsitcas del Liderazgo\" class=\"wp-image-13854\" srcset=\"https:\/\/imecaf.com\/blog\/wp-content\/uploads\/caracteristicas-del-liderazgo-1024x819.jpg 1024w, https:\/\/imecaf.com\/blog\/wp-content\/uploads\/caracteristicas-del-liderazgo-300x240.jpg 300w, https:\/\/imecaf.com\/blog\/wp-content\/uploads\/caracteristicas-del-liderazgo-768x614.jpg 768w, https:\/\/imecaf.com\/blog\/wp-content\/uploads\/caracteristicas-del-liderazgo.jpg 1324w\" sizes=\"auto, (max-width: 1024px) 100vw, 1024px\" \/><\/a><figcaption class=\"wp-element-caption\">\u00abUn l\u00edder no es el que hace todo solo, sino el que sabe trabajar en equipo\u00bb.<\/figcaption><\/figure>\n<\/figure>\n\n\n\n<p>Las caracter\u00edsticas del liderazgo var\u00edan seg\u00fan el enfoque y la situaci\u00f3n, pero algunas cualidades son universales en l\u00edderes efectivos:<\/p>\n\n\n\n<p>1. <strong>Visi\u00f3n:<\/strong>&nbsp;Los l\u00edderes tienen una visi\u00f3n clara del futuro y la capacidad de comunicarla de manera convincente a su equipo.<\/p>\n\n\n\n<p>2. <strong>Integridad:<\/strong>&nbsp;La honestidad, la \u00e9tica y la coherencia entre palabras y acciones son fundamentales para ganar la confianza y el respeto de los seguidores.<\/p>\n\n\n\n<p>3. <strong>Empat\u00eda:<\/strong>&nbsp;Entender y responder a las necesidades y preocupaciones de los dem\u00e1s fomenta relaciones s\u00f3lidas y un ambiente de trabajo positivo.<\/p>\n\n\n\n<p>4. <strong>Comunicaci\u00f3n efectiva:<\/strong>&nbsp;Saber escuchar y transmitir informaci\u00f3n de manera clara y persuasiva es esencial para alinear a un equipo hacia un objetivo com\u00fan.<\/p>\n\n\n\n<p>5. <strong>Capacidad de toma de decisiones:<\/strong>&nbsp;Los l\u00edderes deben ser capaces de evaluar situaciones, considerar diferentes opciones y tomar decisiones informadas incluso en condiciones de incertidumbre.<\/p>\n\n\n\n<p>6. <strong>Innovaci\u00f3n:<\/strong>&nbsp;Fomentar un ambiente que promueva la creatividad y la innovaci\u00f3n impulsa el crecimiento y la adaptaci\u00f3n a cambios en el entorno.<\/p>\n\n\n\n<p>7. <strong>Capacidad de motivaci\u00f3n:<\/strong>&nbsp;Inspirar y motivar a los miembros del equipo para alcanzar su m\u00e1ximo potencial es una habilidad esencial para el liderazgo efectivo.<\/p>\n\n\n\n<h2 class=\"wp-block-heading\"><strong>Tipos de liderazgo<\/strong><\/h2>\n\n\n\n<p>Existen diferentes tipos de liderazgo, seg\u00fan el estilo, la forma de ejercerlo, el grado de participaci\u00f3n de los seguidores, la fuente de influencia y la orientaci\u00f3n de los objetivos. Algunos de los tipos de liderazgo m\u00e1s conocidos son:<\/p>\n\n\n\n<h3 class=\"wp-block-heading\"><strong>Liderazgo autocr\u00e1tico<\/strong><\/h3>\n\n\n\n<p>Es el que se basa en el poder y la autoridad del l\u00edder, que toma todas las decisiones sin consultar ni delegar. Los seguidores acatan las \u00f3rdenes sin cuestionarlas, por temor o por respeto. Este tipo de liderazgo puede ser eficaz en situaciones de crisis o de urgencia, pero tambi\u00e9n puede generar desmotivaci\u00f3n, dependencia y resistencia en los seguidores.<\/p>\n\n\n\n<p>En este estilo, el l\u00edder toma decisiones de manera unilateral y ejerce un control total sobre el equipo. Es eficaz en situaciones de crisis o cuando se requiere una respuesta r\u00e1pida, pero puede socavar la moral y la motivaci\u00f3n a largo plazo.<\/p>\n\n\n\n<p>Un ejemplo de liderazgo autocr\u00e1tico ser\u00eda un director de una f\u00e1brica que impone decisiones unilaterales sin tener en cuenta las opiniones de los empleados. Este director dicta todas las pol\u00edticas, procedimientos y asignaciones de tareas sin dar espacio para la participaci\u00f3n o el debate por parte del equipo. Los empleados tienen poco o ning\u00fan margen de maniobra para tomar decisiones por s\u00ed mismos y deben seguir las \u00f3rdenes del director sin objeciones. Este estilo de liderazgo puede generar desmotivaci\u00f3n y descontento entre los empleados, ya que pueden sentir que no tienen voz ni control sobre su trabajo.<\/p>\n\n\n\n<figure class=\"wp-block-gallery has-nested-images columns-default is-cropped wp-block-gallery-4 is-layout-flex wp-block-gallery-is-layout-flex\">\n<figure class=\"wp-block-image size-large\"><a href=\"http:\/\/imecaf.com\/blog\/wp-content\/uploads\/liderazgo-autocratico.jpg\"><img loading=\"lazy\" decoding=\"async\" width=\"1024\" height=\"683\" data-id=\"13853\" src=\"http:\/\/imecaf.com\/blog\/wp-content\/uploads\/liderazgo-autocratico-1024x683.jpg\" alt=\"Liderazgo Autocr\u00e1tico\" class=\"wp-image-13853\" srcset=\"https:\/\/imecaf.com\/blog\/wp-content\/uploads\/liderazgo-autocratico-1024x683.jpg 1024w, https:\/\/imecaf.com\/blog\/wp-content\/uploads\/liderazgo-autocratico-300x200.jpg 300w, https:\/\/imecaf.com\/blog\/wp-content\/uploads\/liderazgo-autocratico-768x512.jpg 768w, https:\/\/imecaf.com\/blog\/wp-content\/uploads\/liderazgo-autocratico-1536x1024.jpg 1536w, https:\/\/imecaf.com\/blog\/wp-content\/uploads\/liderazgo-autocratico.jpg 2016w\" sizes=\"auto, (max-width: 1024px) 100vw, 1024px\" \/><\/a><figcaption class=\"wp-element-caption\">El liderazgo<strong> <\/strong>autocr\u00e1tico es el que se basa en el poder y la autoridad del l\u00edder.<\/figcaption><\/figure>\n<\/figure>\n\n\n\n<h3 class=\"wp-block-heading\"><strong>Liderazgo democr\u00e1tico<\/strong><\/h3>\n\n\n\n<p>Es el que se basa en la participaci\u00f3n y la colaboraci\u00f3n de los seguidores, que tienen voz y voto en las decisiones. Los l\u00edderes democr\u00e1ticos involucran a los miembros del equipo en el proceso de toma de decisiones, fomentando la participaci\u00f3n y el compromiso. Este enfoque promueve la creatividad y el sentido de propiedad, pero puede ser lento en entornos donde se requiere acci\u00f3n inmediata.<\/p>\n\n\n\n<p>Un ejemplo de liderazgo democr\u00e1tico ser\u00eda un gerente de un equipo de desarrollo de software que fomenta la participaci\u00f3n de todos los miembros en la toma de decisiones, permitiendo que cada uno comparta sus opiniones y votando para llegar a acuerdos importantes para el proyecto.<\/p>\n\n\n\n<figure class=\"wp-block-gallery has-nested-images columns-default is-cropped wp-block-gallery-5 is-layout-flex wp-block-gallery-is-layout-flex\">\n<figure class=\"wp-block-image size-large\"><a href=\"http:\/\/imecaf.com\/blog\/wp-content\/uploads\/liderazgo-democratico.jpg\"><img loading=\"lazy\" decoding=\"async\" width=\"1024\" height=\"1024\" data-id=\"13852\" src=\"http:\/\/imecaf.com\/blog\/wp-content\/uploads\/liderazgo-democratico-1024x1024.jpg\" alt=\"Liderazgo Democr\u00e1tico\" class=\"wp-image-13852\" srcset=\"https:\/\/imecaf.com\/blog\/wp-content\/uploads\/liderazgo-democratico-1024x1024.jpg 1024w, https:\/\/imecaf.com\/blog\/wp-content\/uploads\/liderazgo-democratico-300x300.jpg 300w, https:\/\/imecaf.com\/blog\/wp-content\/uploads\/liderazgo-democratico-150x150.jpg 150w, https:\/\/imecaf.com\/blog\/wp-content\/uploads\/liderazgo-democratico-768x768.jpg 768w, https:\/\/imecaf.com\/blog\/wp-content\/uploads\/liderazgo-democratico.jpg 1229w\" sizes=\"auto, (max-width: 1024px) 100vw, 1024px\" \/><\/a><figcaption class=\"wp-element-caption\">El liderazgo democr\u00e1tico es el que se basa en la participaci\u00f3n y la colaboraci\u00f3n de los seguidores.<\/figcaption><\/figure>\n<\/figure>\n\n\n\n<h3 class=\"wp-block-heading\"><strong>Liderazgo laissez-faire<\/strong><\/h3>\n\n\n\n<p>Es el que se basa en la autonom\u00eda y la libertad de los seguidores, que tienen plena responsabilidad y control sobre sus acciones. El l\u00edder delega, conf\u00eda, apoya y facilita los recursos, pero no interviene ni supervisa. Este tipo de liderazgo puede ser eficaz en situaciones de madurez o de creatividad, pero tambi\u00e9n puede generar desorden, descontrol y falta de cohesi\u00f3n en los seguidores.<\/p>\n\n\n\n<p>Un ejemplo de liderazgo laissez-faire ser\u00eda un CEO de una empresa de tecnolog\u00eda que brinda a sus empleados autonom\u00eda y libertad para tomar decisiones y dirigir sus propios proyectos, confiando en su capacidad para autogestionarse. El l\u00edder proporciona orientaci\u00f3n cuando se necesita, pero en su mayor\u00eda se mantiene en un segundo plano, permitiendo que el equipo se autorregule y asuma la responsabilidad de sus acciones.<\/p>\n\n\n\n<figure class=\"wp-block-gallery has-nested-images columns-default is-cropped wp-block-gallery-6 is-layout-flex wp-block-gallery-is-layout-flex\">\n<figure class=\"wp-block-image size-large\"><a href=\"http:\/\/imecaf.com\/blog\/wp-content\/uploads\/liderazgo-laissez-faire.jpg\"><img loading=\"lazy\" decoding=\"async\" width=\"1024\" height=\"574\" data-id=\"13843\" src=\"http:\/\/imecaf.com\/blog\/wp-content\/uploads\/liderazgo-laissez-faire-1024x574.jpg\" alt=\"Liderazgo Laissez-faire\" class=\"wp-image-13843\" srcset=\"https:\/\/imecaf.com\/blog\/wp-content\/uploads\/liderazgo-laissez-faire-1024x574.jpg 1024w, https:\/\/imecaf.com\/blog\/wp-content\/uploads\/liderazgo-laissez-faire-300x168.jpg 300w, https:\/\/imecaf.com\/blog\/wp-content\/uploads\/liderazgo-laissez-faire-768x430.jpg 768w, https:\/\/imecaf.com\/blog\/wp-content\/uploads\/liderazgo-laissez-faire-1536x861.jpg 1536w, https:\/\/imecaf.com\/blog\/wp-content\/uploads\/liderazgo-laissez-faire.jpg 1747w\" sizes=\"auto, (max-width: 1024px) 100vw, 1024px\" \/><\/a><figcaption class=\"wp-element-caption\">El liderazgo laissez-faires se basa en la autonom\u00eda y la libertad de los seguidores.<\/figcaption><\/figure>\n<\/figure>\n\n\n\n<h3 class=\"wp-block-heading\"><strong>Liderazgo carism\u00e1tico<\/strong><\/h3>\n\n\n\n<p>Es el que se basa en la personalidad y el carisma del l\u00edder, que tiene una gran capacidad de persuasi\u00f3n y de seducci\u00f3n. Los seguidores se sienten atra\u00eddos, admirados e identificados con el l\u00edder, que les transmite una visi\u00f3n inspiradora y un prop\u00f3sito trascendente. Este tipo de liderazgo puede ser eficaz en situaciones de cambio o de movilizaci\u00f3n, pero tambi\u00e9n puede generar dependencia, fanatismo y falta de cr\u00edtica en los seguidores.<\/p>\n\n\n\n<p>Un ejemplo de liderazgo carism\u00e1tico podr\u00eda ser un l\u00edder pol\u00edtico que inspira a las masas con su elocuencia, carisma y visi\u00f3n convincente del futuro. Este l\u00edder tiene la capacidad de cautivar a las personas con su personalidad magn\u00e9tica y persuasiva, generando un fuerte sentido de admiraci\u00f3n y lealtad entre sus seguidores.<\/p>\n\n\n\n<p>Por ejemplo, podemos pensar en l\u00edderes carism\u00e1ticos como Martin Luther King Jr., quien moviliz\u00f3 a millones de personas en la lucha por los derechos civiles en Estados Unidos con su poderoso discurso \u00abTengo un sue\u00f1o\u00bb. Su carisma y pasi\u00f3n por la justicia social lo convirtieron en un s\u00edmbolo de esperanza y cambio para muchas personas en todo el mundo.<\/p>\n\n\n\n<figure class=\"wp-block-gallery has-nested-images columns-default is-cropped wp-block-gallery-7 is-layout-flex wp-block-gallery-is-layout-flex\">\n<figure class=\"wp-block-image size-large\"><a href=\"http:\/\/imecaf.com\/blog\/wp-content\/uploads\/liderazgo-carismatico.jpg\"><img loading=\"lazy\" decoding=\"async\" width=\"1024\" height=\"1024\" data-id=\"13851\" src=\"http:\/\/imecaf.com\/blog\/wp-content\/uploads\/liderazgo-carismatico-1024x1024.jpg\" alt=\"Liderazgo Carism\u00e1tico\" class=\"wp-image-13851\" srcset=\"https:\/\/imecaf.com\/blog\/wp-content\/uploads\/liderazgo-carismatico-1024x1024.jpg 1024w, https:\/\/imecaf.com\/blog\/wp-content\/uploads\/liderazgo-carismatico-300x300.jpg 300w, https:\/\/imecaf.com\/blog\/wp-content\/uploads\/liderazgo-carismatico-150x150.jpg 150w, https:\/\/imecaf.com\/blog\/wp-content\/uploads\/liderazgo-carismatico-768x768.jpg 768w, https:\/\/imecaf.com\/blog\/wp-content\/uploads\/liderazgo-carismatico-1536x1536.jpg 1536w, https:\/\/imecaf.com\/blog\/wp-content\/uploads\/liderazgo-carismatico.jpg 1720w\" sizes=\"auto, (max-width: 1024px) 100vw, 1024px\" \/><\/a><figcaption class=\"wp-element-caption\">El liderazgo carism\u00e1tico se basa en la personalidad y el carisma del l\u00edder, en su gran capacidad de persuasi\u00f3n <br>y de seducci\u00f3n.<\/figcaption><\/figure>\n<\/figure>\n\n\n\n<h3 class=\"wp-block-heading\"><strong>Liderazgo transformacional<\/strong><\/h3>\n\n\n\n<p>Es el que se basa en la influencia y el impacto del l\u00edder, que tiene una gran capacidad de motivaci\u00f3n y de generaci\u00f3n de valor. Se centra en inspirar y motivar a los seguidores para alcanzar metas m\u00e1s altas, desafiando el status quo y fomentando la innovaci\u00f3n. Los l\u00edderes transformacionales crean un sentido de prop\u00f3sito compartido y empoderan a sus equipos para lograr un impacto significativo. Los seguidores se sienten estimulados, reconocidos y empoderados por el l\u00edder, que les ayuda a desarrollar su potencial y a alcanzar sus metas. Este tipo de liderazgo puede ser eficaz en situaciones de innovaci\u00f3n o de mejora, pero tambi\u00e9n puede generar exigencia, estr\u00e9s y falta de equilibrio en los seguidores.<\/p>\n\n\n\n<p>Un ejemplo de liderazgo transformacional ser\u00eda el de Steve Jobs, el cofundador de Apple. Jobs era conocido por su capacidad para inspirar a su equipo y motivarlos a alcanzar niveles de excelencia que nunca creyeron posibles. Su visi\u00f3n innovadora y su enfoque apasionado no solo revolucionaron la industria de la tecnolog\u00eda, sino que tambi\u00e9n transformaron la forma en que percibimos y utilizamos la tecnolog\u00eda en nuestra vida diaria.<\/p>\n\n\n\n<p>Jobs no solo ten\u00eda la habilidad de visualizar el futuro, sino que tambi\u00e9n ten\u00eda el don de comunicar esa visi\u00f3n de manera convincente, inspirando a sus empleados a trabajar incansablemente para hacerla realidad. Su estilo de liderazgo transformacional no solo se centraba en alcanzar objetivos comerciales, sino en crear un impacto duradero en el mundo a trav\u00e9s de la innovaci\u00f3n y la creatividad.<\/p>\n\n\n\n<figure class=\"wp-block-gallery has-nested-images columns-default is-cropped wp-block-gallery-8 is-layout-flex wp-block-gallery-is-layout-flex\">\n<figure class=\"wp-block-image size-large\"><a href=\"http:\/\/imecaf.com\/blog\/wp-content\/uploads\/liderazgo-transformacional-1.jpg\"><img loading=\"lazy\" decoding=\"async\" width=\"1024\" height=\"1024\" data-id=\"13850\" src=\"http:\/\/imecaf.com\/blog\/wp-content\/uploads\/liderazgo-transformacional-1-1024x1024.jpg\" alt=\"Liderazgo Transformacional\" class=\"wp-image-13850\" srcset=\"https:\/\/imecaf.com\/blog\/wp-content\/uploads\/liderazgo-transformacional-1-1024x1024.jpg 1024w, https:\/\/imecaf.com\/blog\/wp-content\/uploads\/liderazgo-transformacional-1-300x300.jpg 300w, https:\/\/imecaf.com\/blog\/wp-content\/uploads\/liderazgo-transformacional-1-150x150.jpg 150w, https:\/\/imecaf.com\/blog\/wp-content\/uploads\/liderazgo-transformacional-1-768x768.jpg 768w, https:\/\/imecaf.com\/blog\/wp-content\/uploads\/liderazgo-transformacional-1-1536x1536.jpg 1536w, https:\/\/imecaf.com\/blog\/wp-content\/uploads\/liderazgo-transformacional-1-2048x2048.jpg 2048w\" sizes=\"auto, (max-width: 1024px) 100vw, 1024px\" \/><\/a><figcaption class=\"wp-element-caption\">El liderazgo transformacional se centra en inspirar y motivar a los seguidores.<\/figcaption><\/figure>\n<\/figure>\n\n\n\n<h3 class=\"wp-block-heading\"><strong>Liderazgo Transaccional<\/strong><\/h3>\n\n\n\n<p>En contraste con el liderazgo transformacional, el liderazgo transaccional se basa en intercambios entre el l\u00edder y los seguidores, donde se recompensa el rendimiento deseado y se corrige el comportamiento no deseado. Este estilo se centra en metas claras y recompensas tangibles, pero puede limitar la creatividad y la autonom\u00eda.<\/p>\n\n\n\n<p>Un ejemplo de liderazgo transaccional podr\u00eda ser el de un gerente de ventas que establece objetivos claros y recompensas tangibles para sus empleados en funci\u00f3n del rendimiento individual. Por ejemplo, el gerente podr\u00eda ofrecer bonificaciones o incentivos econ\u00f3micos a los vendedores que cumplan o superen sus cuotas de ventas mensuales. Bajo este estilo de liderazgo, las expectativas y los resultados son claramente definidos, y se establece un intercambio directo entre el l\u00edder y los seguidores basado en el logro de metas espec\u00edficas.<\/p>\n\n\n\n<figure class=\"wp-block-gallery has-nested-images columns-default is-cropped wp-block-gallery-9 is-layout-flex wp-block-gallery-is-layout-flex\">\n<figure class=\"wp-block-image size-large\"><a href=\"http:\/\/imecaf.com\/blog\/wp-content\/uploads\/liderazgo-transaccional.jpg\"><img loading=\"lazy\" decoding=\"async\" width=\"1024\" height=\"683\" data-id=\"13849\" src=\"http:\/\/imecaf.com\/blog\/wp-content\/uploads\/liderazgo-transaccional-1024x683.jpg\" alt=\"Liderazgo Transaccional\" class=\"wp-image-13849\" srcset=\"https:\/\/imecaf.com\/blog\/wp-content\/uploads\/liderazgo-transaccional-1024x683.jpg 1024w, https:\/\/imecaf.com\/blog\/wp-content\/uploads\/liderazgo-transaccional-300x200.jpg 300w, https:\/\/imecaf.com\/blog\/wp-content\/uploads\/liderazgo-transaccional-768x512.jpg 768w, https:\/\/imecaf.com\/blog\/wp-content\/uploads\/liderazgo-transaccional-1536x1024.jpg 1536w, https:\/\/imecaf.com\/blog\/wp-content\/uploads\/liderazgo-transaccional-2048x1365.jpg 2048w\" sizes=\"auto, (max-width: 1024px) 100vw, 1024px\" \/><\/a><figcaption class=\"wp-element-caption\">El liderazgo transaccional se basa en intercambios entre el l\u00edder y los seguidores.<\/figcaption><\/figure>\n<\/figure>\n\n\n\n<h3 class=\"wp-block-heading\"><strong>Liderazgo Situacional<\/strong><\/h3>\n\n\n\n<p>Este enfoque reconoce que no hay un estilo de liderazgo \u00fanico que sea efectivo en todas las situaciones. En cambio, el l\u00edder adapta su estilo de liderazgo seg\u00fan las necesidades y el nivel de madurez del equipo. Este estilo permite una mayor flexibilidad y capacidad de respuesta a los desaf\u00edos cambiantes.<\/p>\n\n\n\n<p>Un ejemplo de liderazgo situacional ser\u00eda un entrenador de un equipo deportivo que adapta su estilo de liderazgo seg\u00fan las circunstancias y necesidades del equipo. Por ejemplo, durante un partido crucial, el entrenador podr\u00eda adoptar un enfoque m\u00e1s autocr\u00e1tico y tomar decisiones r\u00e1pidas para guiar al equipo hacia la victoria. Sin embargo, en momentos de pr\u00e1ctica o entrenamiento, el entrenador podr\u00eda adoptar un enfoque m\u00e1s democr\u00e1tico, brindando apoyo y orientaci\u00f3n mientras permite que los jugadores desarrollen sus habilidades y tomen decisiones dentro del juego. Este estilo de liderazgo se ajusta a las demandas cambiantes del entorno y las habilidades y necesidades individuales de los miembros del equipo.<\/p>\n\n\n\n<figure class=\"wp-block-gallery has-nested-images columns-default is-cropped wp-block-gallery-10 is-layout-flex wp-block-gallery-is-layout-flex\">\n<figure class=\"wp-block-image size-large\"><a href=\"http:\/\/imecaf.com\/blog\/wp-content\/uploads\/liderazgo-situacional.jpg\"><img loading=\"lazy\" decoding=\"async\" width=\"1024\" height=\"684\" data-id=\"13848\" src=\"http:\/\/imecaf.com\/blog\/wp-content\/uploads\/liderazgo-situacional-1024x684.jpg\" alt=\"Liderazgo Situacional\" class=\"wp-image-13848\" srcset=\"https:\/\/imecaf.com\/blog\/wp-content\/uploads\/liderazgo-situacional-1024x684.jpg 1024w, https:\/\/imecaf.com\/blog\/wp-content\/uploads\/liderazgo-situacional-300x200.jpg 300w, https:\/\/imecaf.com\/blog\/wp-content\/uploads\/liderazgo-situacional-768x513.jpg 768w, https:\/\/imecaf.com\/blog\/wp-content\/uploads\/liderazgo-situacional-1536x1025.jpg 1536w, https:\/\/imecaf.com\/blog\/wp-content\/uploads\/liderazgo-situacional.jpg 1805w\" sizes=\"auto, (max-width: 1024px) 100vw, 1024px\" \/><\/a><figcaption class=\"wp-element-caption\">En el liderazgo situacional, el l\u00edder adapta su estilo de liderazgo seg\u00fan las necesidades y el nivel de madurez del equipo.<\/figcaption><\/figure>\n<\/figure>\n\n\n\n<h2 class=\"wp-block-heading\"><strong>Conclusi\u00f3n<\/strong><\/h2>\n\n\n\n<p>El liderazgo es una fuerza poderosa que impulsa el \u00e9xito organizacional y el crecimiento personal. Al comprender las diversas caracter\u00edsticas y tipos de liderazgo, los l\u00edderes pueden desarrollar habilidades efectivas para inspirar, motivar y guiar a sus equipos hacia el \u00e9xito. Ya sea adoptando un enfoque autocr\u00e1tico en tiempos de crisis o fomentando la creatividad a trav\u00e9s del liderazgo transformacional, la capacidad de adaptarse y aplicar diferentes estilos de liderazgo seg\u00fan la situaci\u00f3n es fundamental para enfrentar los desaf\u00edos del mundo empresarial moderno.<\/p>\n\n\n\n<p>Para poder lograr el cambio que buscas y convertirte en un l\u00edder, es muy importante que te prepares. Es por ello que te sugerimos participar en nuestro <strong><a href=\"https:\/\/imecaf.com\/desarrollo-humano\/cursos-desarrollo-humano\/curso-de-liderazgo-42.html\" data-type=\"link\" data-id=\"https:\/\/ihttps:\/\/imecaf.com\/desarrollo-humano\/cursos-desarrollo-humano\/curso-de-liderazgo-42.html\">curso de liderazgo<\/a><\/strong>, impartido por profesores expertos en la materia y muy bien calificado por nuestros alumnos. <\/p>\n\n\n\n<figure class=\"wp-block-image is-resized\"><a href=\"http:\/\/imecaf.com\/blog\/wp-content\/uploads\/Que-es-Liderazgo.pdf\"><img loading=\"lazy\" decoding=\"async\" width=\"1024\" height=\"317\" src=\"http:\/\/imecaf.com\/blog\/wp-content\/uploads\/Descargar-PDF-e1708732610860-1024x317.png\" alt=\"Qu\u00e9 es Liderazgo - Descargar PDF\" class=\"wp-image-13916\" style=\"width:303px;height:auto\"\/><\/a><\/figure>\n","protected":false},"excerpt":{"rendered":"<p>El liderazgo es un concepto omnipresente en el \u00e1mbito empresarial y organizacional. En su esencia, se refiere a la capacidad de influir en otros para alcanzar objetivos comunes. Sin embargo, su definici\u00f3n y manifestaciones son vastas y variadas. En este art\u00edculo, exploraremos qu\u00e9 es el liderazgo, sus caracter\u00edsticas distintivas y los diferentes tipos que existen. &#8230; <a title=\"Liderazgo: La Br\u00fajula del \u00c9xito Organizacional\" class=\"read-more\" href=\"https:\/\/imecaf.com\/blog\/2024\/02\/21\/que-es-liderazgo\/\">Leer m\u00e1s <span class=\"screen-reader-text\">Liderazgo: La Br\u00fajula del \u00c9xito Organizacional<\/span><\/a><\/p>\n","protected":false},"author":2,"featured_media":13856,"comment_status":"open","ping_status":"closed","sticky":false,"template":"","format":"standard","meta":{"footnotes":""},"categories":[476,10],"tags":[10255,10256,10254,10257],"class_list":["post-13835","post","type-post","status-publish","format-standard","has-post-thumbnail","hentry","category-articulos-desarrollohumano","category-desarrollohumano","tag-caracteristicas-del-liderazgo","tag-definicion-de-liderazgo","tag-que-es-liderazgo-2","tag-tipos-de-liderazgo"],"yoast_head":"<!-- This site is optimized with the Yoast SEO plugin v27.4 - https:\/\/yoast.com\/product\/yoast-seo-wordpress\/ -->\n<title>Liderazgo: La Br\u00fajula del \u00c9xito Organizacional<\/title>\n<meta name=\"description\" content=\"Descubre qu\u00e9 es el liderazgo, su importancia y los diferentes tipos, desde el autocr\u00e1tico hasta el transformacional, y c\u00f3mo ayuda al \u00e9xito.\" \/>\n<meta name=\"robots\" content=\"index, follow, max-snippet:-1, max-image-preview:large, max-video-preview:-1\" \/>\n<link rel=\"canonical\" href=\"https:\/\/imecaf.com\/blog\/2024\/02\/21\/que-es-liderazgo\/\" \/>\n<meta property=\"og:locale\" content=\"es_ES\" \/>\n<meta property=\"og:type\" content=\"article\" \/>\n<meta property=\"og:title\" content=\"Liderazgo: La Br\u00fajula del \u00c9xito Organizacional\" \/>\n<meta property=\"og:description\" content=\"En este art\u00edculo conocer\u00e1s qu\u00e9 es el Liderazgo, as\u00ed como sus caracter\u00edsticas y tipos principales para que entiendas su importancia y cu\u00e1l estilo de liderazgo puede adaptarse mejor a ti y a tu empresa\" \/>\n<meta property=\"og:url\" content=\"https:\/\/imecaf.com\/blog\/2024\/02\/21\/que-es-liderazgo\/\" \/>\n<meta property=\"og:site_name\" content=\"IMECAF - Blog\" \/>\n<meta property=\"article:publisher\" content=\"https:\/\/www.facebook.com\/IMECAF\" \/>\n<meta property=\"article:published_time\" content=\"2024-02-22T01:10:20+00:00\" \/>\n<meta property=\"article:modified_time\" content=\"2025-06-10T17:43:55+00:00\" \/>\n<meta property=\"og:image\" content=\"https:\/\/imecaf.com\/blog\/wp-content\/uploads\/liderazgo-la-brujula-del-exito-organizacional.jpg\" \/>\n\t<meta property=\"og:image:width\" content=\"1606\" \/>\n\t<meta property=\"og:image:height\" content=\"900\" \/>\n\t<meta property=\"og:image:type\" content=\"image\/jpeg\" \/>\n<meta name=\"author\" content=\"Equipo de IMECAF\" \/>\n<meta name=\"twitter:card\" content=\"summary_large_image\" \/>\n<meta name=\"twitter:creator\" content=\"@imecaf\" \/>\n<meta name=\"twitter:site\" content=\"@imecaf\" \/>\n<meta name=\"twitter:label1\" content=\"Escrito por\" \/>\n\t<meta name=\"twitter:data1\" content=\"Equipo de IMECAF\" \/>\n\t<meta name=\"twitter:label2\" content=\"Tiempo de lectura\" \/>\n\t<meta name=\"twitter:data2\" content=\"13 minutos\" \/>\n<script type=\"application\/ld+json\" class=\"yoast-schema-graph\">{\"@context\":\"https:\\\/\\\/schema.org\",\"@graph\":[{\"@type\":\"Article\",\"@id\":\"https:\\\/\\\/imecaf.com\\\/blog\\\/2024\\\/02\\\/21\\\/que-es-liderazgo\\\/#article\",\"isPartOf\":{\"@id\":\"https:\\\/\\\/imecaf.com\\\/blog\\\/2024\\\/02\\\/21\\\/que-es-liderazgo\\\/\"},\"author\":{\"name\":\"Equipo de IMECAF\",\"@id\":\"https:\\\/\\\/imecaf.com\\\/blog\\\/#\\\/schema\\\/person\\\/a69b9f3972250aa0b1fdb798f094b4c7\"},\"headline\":\"Liderazgo: La Br\u00fajula del \u00c9xito Organizacional\",\"datePublished\":\"2024-02-22T01:10:20+00:00\",\"dateModified\":\"2025-06-10T17:43:55+00:00\",\"mainEntityOfPage\":{\"@id\":\"https:\\\/\\\/imecaf.com\\\/blog\\\/2024\\\/02\\\/21\\\/que-es-liderazgo\\\/\"},\"wordCount\":2290,\"commentCount\":0,\"publisher\":{\"@id\":\"https:\\\/\\\/imecaf.com\\\/blog\\\/#organization\"},\"image\":{\"@id\":\"https:\\\/\\\/imecaf.com\\\/blog\\\/2024\\\/02\\\/21\\\/que-es-liderazgo\\\/#primaryimage\"},\"thumbnailUrl\":\"https:\\\/\\\/imecaf.com\\\/blog\\\/wp-content\\\/uploads\\\/liderazgo-la-brujula-del-exito-organizacional.jpg\",\"keywords\":[\"caracteristicas del liderazgo\",\"definicion de liderazgo\",\"que es liderazgo\",\"tipos de liderazgo\"],\"articleSection\":[\"Art\u00edculos\",\"Desarrollo Humano\"],\"inLanguage\":\"es\",\"potentialAction\":[{\"@type\":\"CommentAction\",\"name\":\"Comment\",\"target\":[\"https:\\\/\\\/imecaf.com\\\/blog\\\/2024\\\/02\\\/21\\\/que-es-liderazgo\\\/#respond\"]}]},{\"@type\":\"WebPage\",\"@id\":\"https:\\\/\\\/imecaf.com\\\/blog\\\/2024\\\/02\\\/21\\\/que-es-liderazgo\\\/\",\"url\":\"https:\\\/\\\/imecaf.com\\\/blog\\\/2024\\\/02\\\/21\\\/que-es-liderazgo\\\/\",\"name\":\"Liderazgo: La Br\u00fajula del \u00c9xito Organizacional\",\"isPartOf\":{\"@id\":\"https:\\\/\\\/imecaf.com\\\/blog\\\/#website\"},\"primaryImageOfPage\":{\"@id\":\"https:\\\/\\\/imecaf.com\\\/blog\\\/2024\\\/02\\\/21\\\/que-es-liderazgo\\\/#primaryimage\"},\"image\":{\"@id\":\"https:\\\/\\\/imecaf.com\\\/blog\\\/2024\\\/02\\\/21\\\/que-es-liderazgo\\\/#primaryimage\"},\"thumbnailUrl\":\"https:\\\/\\\/imecaf.com\\\/blog\\\/wp-content\\\/uploads\\\/liderazgo-la-brujula-del-exito-organizacional.jpg\",\"datePublished\":\"2024-02-22T01:10:20+00:00\",\"dateModified\":\"2025-06-10T17:43:55+00:00\",\"description\":\"Descubre qu\u00e9 es el liderazgo, su importancia y los diferentes tipos, desde el autocr\u00e1tico hasta el transformacional, y c\u00f3mo ayuda al \u00e9xito.\",\"breadcrumb\":{\"@id\":\"https:\\\/\\\/imecaf.com\\\/blog\\\/2024\\\/02\\\/21\\\/que-es-liderazgo\\\/#breadcrumb\"},\"inLanguage\":\"es\",\"potentialAction\":[{\"@type\":\"ReadAction\",\"target\":[\"https:\\\/\\\/imecaf.com\\\/blog\\\/2024\\\/02\\\/21\\\/que-es-liderazgo\\\/\"]}]},{\"@type\":\"ImageObject\",\"inLanguage\":\"es\",\"@id\":\"https:\\\/\\\/imecaf.com\\\/blog\\\/2024\\\/02\\\/21\\\/que-es-liderazgo\\\/#primaryimage\",\"url\":\"https:\\\/\\\/imecaf.com\\\/blog\\\/wp-content\\\/uploads\\\/liderazgo-la-brujula-del-exito-organizacional.jpg\",\"contentUrl\":\"https:\\\/\\\/imecaf.com\\\/blog\\\/wp-content\\\/uploads\\\/liderazgo-la-brujula-del-exito-organizacional.jpg\",\"width\":1606,\"height\":900,\"caption\":\"Liderazgo: La br\u00fajula del \u00e9xito organizacional\"},{\"@type\":\"BreadcrumbList\",\"@id\":\"https:\\\/\\\/imecaf.com\\\/blog\\\/2024\\\/02\\\/21\\\/que-es-liderazgo\\\/#breadcrumb\",\"itemListElement\":[{\"@type\":\"ListItem\",\"position\":1,\"name\":\"Portada\",\"item\":\"https:\\\/\\\/imecaf.com\\\/blog\\\/\"},{\"@type\":\"ListItem\",\"position\":2,\"name\":\"Liderazgo: La Br\u00fajula del \u00c9xito Organizacional\"}]},{\"@type\":\"WebSite\",\"@id\":\"https:\\\/\\\/imecaf.com\\\/blog\\\/#website\",\"url\":\"https:\\\/\\\/imecaf.com\\\/blog\\\/\",\"name\":\"IMECAF\",\"description\":\"Un lugar para expresar y compartir inquietudes dentro del mundo de la educaci\u00f3n.\",\"publisher\":{\"@id\":\"https:\\\/\\\/imecaf.com\\\/blog\\\/#organization\"},\"potentialAction\":[{\"@type\":\"SearchAction\",\"target\":{\"@type\":\"EntryPoint\",\"urlTemplate\":\"https:\\\/\\\/imecaf.com\\\/blog\\\/?s={search_term_string}\"},\"query-input\":{\"@type\":\"PropertyValueSpecification\",\"valueRequired\":true,\"valueName\":\"search_term_string\"}}],\"inLanguage\":\"es\"},{\"@type\":\"Organization\",\"@id\":\"https:\\\/\\\/imecaf.com\\\/blog\\\/#organization\",\"name\":\"IMECAF - Instituto Mexicano de Contabilidad, Administraci\u00f3n y Finanzas\",\"url\":\"https:\\\/\\\/imecaf.com\\\/blog\\\/\",\"logo\":{\"@type\":\"ImageObject\",\"inLanguage\":\"es\",\"@id\":\"https:\\\/\\\/imecaf.com\\\/blog\\\/#\\\/schema\\\/logo\\\/image\\\/\",\"url\":\"https:\\\/\\\/imecaf.com\\\/blog\\\/wp-content\\\/uploads\\\/IMECAF.Logo_.25.png\",\"contentUrl\":\"https:\\\/\\\/imecaf.com\\\/blog\\\/wp-content\\\/uploads\\\/IMECAF.Logo_.25.png\",\"width\":350,\"height\":350,\"caption\":\"IMECAF - Instituto Mexicano de Contabilidad, Administraci\u00f3n y Finanzas\"},\"image\":{\"@id\":\"https:\\\/\\\/imecaf.com\\\/blog\\\/#\\\/schema\\\/logo\\\/image\\\/\"},\"sameAs\":[\"https:\\\/\\\/www.facebook.com\\\/IMECAF\",\"https:\\\/\\\/x.com\\\/imecaf\",\"https:\\\/\\\/www.linkedin.com\\\/company\\\/imecaf\\\/\",\"https:\\\/\\\/www.youtube.com\\\/imecaf\",\"https:\\\/\\\/www.instagram.com\\\/imecaf_mx\\\/\",\"https:\\\/\\\/imecaf.negocio.site\\\/\"]},{\"@type\":\"Person\",\"@id\":\"https:\\\/\\\/imecaf.com\\\/blog\\\/#\\\/schema\\\/person\\\/a69b9f3972250aa0b1fdb798f094b4c7\",\"name\":\"Equipo de IMECAF\",\"image\":{\"@type\":\"ImageObject\",\"inLanguage\":\"es\",\"@id\":\"https:\\\/\\\/secure.gravatar.com\\\/avatar\\\/4b4242953c12937bd47e298d7922b4d01ffafe2955ce4235d318b8950782aa13?s=96&d=mm&r=g\",\"url\":\"https:\\\/\\\/secure.gravatar.com\\\/avatar\\\/4b4242953c12937bd47e298d7922b4d01ffafe2955ce4235d318b8950782aa13?s=96&d=mm&r=g\",\"contentUrl\":\"https:\\\/\\\/secure.gravatar.com\\\/avatar\\\/4b4242953c12937bd47e298d7922b4d01ffafe2955ce4235d318b8950782aa13?s=96&d=mm&r=g\",\"caption\":\"Equipo de IMECAF\"},\"url\":\"https:\\\/\\\/imecaf.com\\\/blog\\\/author\\\/mfonticoba\\\/\"}]}<\/script>\n<!-- \/ Yoast SEO plugin. -->","yoast_head_json":{"title":"Liderazgo: La Br\u00fajula del \u00c9xito Organizacional","description":"Descubre qu\u00e9 es el liderazgo, su importancia y los diferentes tipos, desde el autocr\u00e1tico hasta el transformacional, y c\u00f3mo ayuda al \u00e9xito.","robots":{"index":"index","follow":"follow","max-snippet":"max-snippet:-1","max-image-preview":"max-image-preview:large","max-video-preview":"max-video-preview:-1"},"canonical":"https:\/\/imecaf.com\/blog\/2024\/02\/21\/que-es-liderazgo\/","og_locale":"es_ES","og_type":"article","og_title":"Liderazgo: La Br\u00fajula del \u00c9xito Organizacional","og_description":"En este art\u00edculo conocer\u00e1s qu\u00e9 es el Liderazgo, as\u00ed como sus caracter\u00edsticas y tipos principales para que entiendas su importancia y cu\u00e1l estilo de liderazgo puede adaptarse mejor a ti y a tu empresa","og_url":"https:\/\/imecaf.com\/blog\/2024\/02\/21\/que-es-liderazgo\/","og_site_name":"IMECAF - Blog","article_publisher":"https:\/\/www.facebook.com\/IMECAF","article_published_time":"2024-02-22T01:10:20+00:00","article_modified_time":"2025-06-10T17:43:55+00:00","og_image":[{"width":1606,"height":900,"url":"https:\/\/imecaf.com\/blog\/wp-content\/uploads\/liderazgo-la-brujula-del-exito-organizacional.jpg","type":"image\/jpeg"}],"author":"Equipo de IMECAF","twitter_card":"summary_large_image","twitter_creator":"@imecaf","twitter_site":"@imecaf","twitter_misc":{"Escrito por":"Equipo de IMECAF","Tiempo de lectura":"13 minutos"},"schema":{"@context":"https:\/\/schema.org","@graph":[{"@type":"Article","@id":"https:\/\/imecaf.com\/blog\/2024\/02\/21\/que-es-liderazgo\/#article","isPartOf":{"@id":"https:\/\/imecaf.com\/blog\/2024\/02\/21\/que-es-liderazgo\/"},"author":{"name":"Equipo de IMECAF","@id":"https:\/\/imecaf.com\/blog\/#\/schema\/person\/a69b9f3972250aa0b1fdb798f094b4c7"},"headline":"Liderazgo: La Br\u00fajula del \u00c9xito Organizacional","datePublished":"2024-02-22T01:10:20+00:00","dateModified":"2025-06-10T17:43:55+00:00","mainEntityOfPage":{"@id":"https:\/\/imecaf.com\/blog\/2024\/02\/21\/que-es-liderazgo\/"},"wordCount":2290,"commentCount":0,"publisher":{"@id":"https:\/\/imecaf.com\/blog\/#organization"},"image":{"@id":"https:\/\/imecaf.com\/blog\/2024\/02\/21\/que-es-liderazgo\/#primaryimage"},"thumbnailUrl":"https:\/\/imecaf.com\/blog\/wp-content\/uploads\/liderazgo-la-brujula-del-exito-organizacional.jpg","keywords":["caracteristicas del liderazgo","definicion de liderazgo","que es liderazgo","tipos de liderazgo"],"articleSection":["Art\u00edculos","Desarrollo Humano"],"inLanguage":"es","potentialAction":[{"@type":"CommentAction","name":"Comment","target":["https:\/\/imecaf.com\/blog\/2024\/02\/21\/que-es-liderazgo\/#respond"]}]},{"@type":"WebPage","@id":"https:\/\/imecaf.com\/blog\/2024\/02\/21\/que-es-liderazgo\/","url":"https:\/\/imecaf.com\/blog\/2024\/02\/21\/que-es-liderazgo\/","name":"Liderazgo: La Br\u00fajula del \u00c9xito Organizacional","isPartOf":{"@id":"https:\/\/imecaf.com\/blog\/#website"},"primaryImageOfPage":{"@id":"https:\/\/imecaf.com\/blog\/2024\/02\/21\/que-es-liderazgo\/#primaryimage"},"image":{"@id":"https:\/\/imecaf.com\/blog\/2024\/02\/21\/que-es-liderazgo\/#primaryimage"},"thumbnailUrl":"https:\/\/imecaf.com\/blog\/wp-content\/uploads\/liderazgo-la-brujula-del-exito-organizacional.jpg","datePublished":"2024-02-22T01:10:20+00:00","dateModified":"2025-06-10T17:43:55+00:00","description":"Descubre qu\u00e9 es el liderazgo, su importancia y los diferentes tipos, desde el autocr\u00e1tico hasta el transformacional, y c\u00f3mo ayuda al \u00e9xito.","breadcrumb":{"@id":"https:\/\/imecaf.com\/blog\/2024\/02\/21\/que-es-liderazgo\/#breadcrumb"},"inLanguage":"es","potentialAction":[{"@type":"ReadAction","target":["https:\/\/imecaf.com\/blog\/2024\/02\/21\/que-es-liderazgo\/"]}]},{"@type":"ImageObject","inLanguage":"es","@id":"https:\/\/imecaf.com\/blog\/2024\/02\/21\/que-es-liderazgo\/#primaryimage","url":"https:\/\/imecaf.com\/blog\/wp-content\/uploads\/liderazgo-la-brujula-del-exito-organizacional.jpg","contentUrl":"https:\/\/imecaf.com\/blog\/wp-content\/uploads\/liderazgo-la-brujula-del-exito-organizacional.jpg","width":1606,"height":900,"caption":"Liderazgo: La br\u00fajula del \u00e9xito organizacional"},{"@type":"BreadcrumbList","@id":"https:\/\/imecaf.com\/blog\/2024\/02\/21\/que-es-liderazgo\/#breadcrumb","itemListElement":[{"@type":"ListItem","position":1,"name":"Portada","item":"https:\/\/imecaf.com\/blog\/"},{"@type":"ListItem","position":2,"name":"Liderazgo: La Br\u00fajula del \u00c9xito Organizacional"}]},{"@type":"WebSite","@id":"https:\/\/imecaf.com\/blog\/#website","url":"https:\/\/imecaf.com\/blog\/","name":"IMECAF","description":"Un lugar para expresar y compartir inquietudes dentro del mundo de la educaci\u00f3n.","publisher":{"@id":"https:\/\/imecaf.com\/blog\/#organization"},"potentialAction":[{"@type":"SearchAction","target":{"@type":"EntryPoint","urlTemplate":"https:\/\/imecaf.com\/blog\/?s={search_term_string}"},"query-input":{"@type":"PropertyValueSpecification","valueRequired":true,"valueName":"search_term_string"}}],"inLanguage":"es"},{"@type":"Organization","@id":"https:\/\/imecaf.com\/blog\/#organization","name":"IMECAF - Instituto Mexicano de Contabilidad, Administraci\u00f3n y Finanzas","url":"https:\/\/imecaf.com\/blog\/","logo":{"@type":"ImageObject","inLanguage":"es","@id":"https:\/\/imecaf.com\/blog\/#\/schema\/logo\/image\/","url":"https:\/\/imecaf.com\/blog\/wp-content\/uploads\/IMECAF.Logo_.25.png","contentUrl":"https:\/\/imecaf.com\/blog\/wp-content\/uploads\/IMECAF.Logo_.25.png","width":350,"height":350,"caption":"IMECAF - Instituto Mexicano de Contabilidad, Administraci\u00f3n y Finanzas"},"image":{"@id":"https:\/\/imecaf.com\/blog\/#\/schema\/logo\/image\/"},"sameAs":["https:\/\/www.facebook.com\/IMECAF","https:\/\/x.com\/imecaf","https:\/\/www.linkedin.com\/company\/imecaf\/","https:\/\/www.youtube.com\/imecaf","https:\/\/www.instagram.com\/imecaf_mx\/","https:\/\/imecaf.negocio.site\/"]},{"@type":"Person","@id":"https:\/\/imecaf.com\/blog\/#\/schema\/person\/a69b9f3972250aa0b1fdb798f094b4c7","name":"Equipo de IMECAF","image":{"@type":"ImageObject","inLanguage":"es","@id":"https:\/\/secure.gravatar.com\/avatar\/4b4242953c12937bd47e298d7922b4d01ffafe2955ce4235d318b8950782aa13?s=96&d=mm&r=g","url":"https:\/\/secure.gravatar.com\/avatar\/4b4242953c12937bd47e298d7922b4d01ffafe2955ce4235d318b8950782aa13?s=96&d=mm&r=g","contentUrl":"https:\/\/secure.gravatar.com\/avatar\/4b4242953c12937bd47e298d7922b4d01ffafe2955ce4235d318b8950782aa13?s=96&d=mm&r=g","caption":"Equipo de IMECAF"},"url":"https:\/\/imecaf.com\/blog\/author\/mfonticoba\/"}]}},"_links":{"self":[{"href":"https:\/\/imecaf.com\/blog\/wp-json\/wp\/v2\/posts\/13835","targetHints":{"allow":["GET"]}}],"collection":[{"href":"https:\/\/imecaf.com\/blog\/wp-json\/wp\/v2\/posts"}],"about":[{"href":"https:\/\/imecaf.com\/blog\/wp-json\/wp\/v2\/types\/post"}],"author":[{"embeddable":true,"href":"https:\/\/imecaf.com\/blog\/wp-json\/wp\/v2\/users\/2"}],"replies":[{"embeddable":true,"href":"https:\/\/imecaf.com\/blog\/wp-json\/wp\/v2\/comments?post=13835"}],"version-history":[{"count":1,"href":"https:\/\/imecaf.com\/blog\/wp-json\/wp\/v2\/posts\/13835\/revisions"}],"predecessor-version":[{"id":17935,"href":"https:\/\/imecaf.com\/blog\/wp-json\/wp\/v2\/posts\/13835\/revisions\/17935"}],"wp:featuredmedia":[{"embeddable":true,"href":"https:\/\/imecaf.com\/blog\/wp-json\/wp\/v2\/media\/13856"}],"wp:attachment":[{"href":"https:\/\/imecaf.com\/blog\/wp-json\/wp\/v2\/media?parent=13835"}],"wp:term":[{"taxonomy":"category","embeddable":true,"href":"https:\/\/imecaf.com\/blog\/wp-json\/wp\/v2\/categories?post=13835"},{"taxonomy":"post_tag","embeddable":true,"href":"https:\/\/imecaf.com\/blog\/wp-json\/wp\/v2\/tags?post=13835"}],"curies":[{"name":"wp","href":"https:\/\/api.w.org\/{rel}","templated":true}]}}