{"id":14002,"date":"2024-03-06T18:25:02","date_gmt":"2024-03-07T00:25:02","guid":{"rendered":"http:\/\/imecaf.com\/blog\/?p=14002"},"modified":"2025-06-10T12:13:13","modified_gmt":"2025-06-10T18:13:13","slug":"redaccion-y-ortografia-claves-para-una-comunicacion-efectiva","status":"publish","type":"post","link":"https:\/\/imecaf.com\/blog\/2024\/03\/06\/redaccion-y-ortografia-claves-para-una-comunicacion-efectiva\/","title":{"rendered":"Redacci\u00f3n y Ortograf\u00eda: Claves para una Comunicaci\u00f3n Efectiva"},"content":{"rendered":"<span class=\"span-reading-time rt-reading-time\" style=\"display: block;\"><span class=\"rt-label rt-prefix\">Tiempo de lectura:<\/span> <span class=\"rt-time\"> 10<\/span> <span class=\"rt-label rt-postfix\">minutos<\/span><\/span>\n<figure class=\"wp-block-gallery has-nested-images columns-default is-cropped wp-block-gallery-1 is-layout-flex wp-block-gallery-is-layout-flex\">\n<figure class=\"wp-block-image size-large\"><a href=\"http:\/\/imecaf.com\/blog\/wp-content\/uploads\/Redaccion-y-Ortografia-Claves-para-una-Comunicacion-Efectiva-2-scaled.jpg\"><img loading=\"lazy\" decoding=\"async\" width=\"1024\" height=\"683\" data-id=\"14023\" src=\"http:\/\/imecaf.com\/blog\/wp-content\/uploads\/Redaccion-y-Ortografia-Claves-para-una-Comunicacion-Efectiva-2-1024x683.jpg\" alt=\"Redacci\u00f3n y Ortograf\u00eda: Claves para una Comunicaci\u00f3n Efectiva\" class=\"wp-image-14023\" srcset=\"https:\/\/imecaf.com\/blog\/wp-content\/uploads\/Redaccion-y-Ortografia-Claves-para-una-Comunicacion-Efectiva-2-1024x683.jpg 1024w, https:\/\/imecaf.com\/blog\/wp-content\/uploads\/Redaccion-y-Ortografia-Claves-para-una-Comunicacion-Efectiva-2-300x200.jpg 300w, https:\/\/imecaf.com\/blog\/wp-content\/uploads\/Redaccion-y-Ortografia-Claves-para-una-Comunicacion-Efectiva-2-768x512.jpg 768w, https:\/\/imecaf.com\/blog\/wp-content\/uploads\/Redaccion-y-Ortografia-Claves-para-una-Comunicacion-Efectiva-2-1536x1024.jpg 1536w, https:\/\/imecaf.com\/blog\/wp-content\/uploads\/Redaccion-y-Ortografia-Claves-para-una-Comunicacion-Efectiva-2-2048x1366.jpg 2048w\" sizes=\"auto, (max-width: 1024px) 100vw, 1024px\" \/><\/a><figcaption class=\"wp-element-caption\">La redacci\u00f3n y la ortograf\u00eda son los cimientos sobre los cuales se construye la comunicaci\u00f3n efectiva y el entendimiento claro.<\/figcaption><\/figure>\n<\/figure>\n\n\n\n<p>En un mundo donde la comunicaci\u00f3n escrita se ha vuelto omnipresente gracias a la tecnolog\u00eda y las redes sociales, la importancia de la redacci\u00f3n y la ortograf\u00eda adecuadas nunca ha sido tan evidente. Estas habilidades no solo son esenciales en entornos acad\u00e9micos y profesionales, sino que tambi\u00e9n juegan un papel crucial en nuestra comunicaci\u00f3n diaria.<\/p>\n\n\n\n<h2 class=\"wp-block-heading\">\u00bfQu\u00e9 es la Redacci\u00f3n?<\/h2>\n\n\n<div class=\"wp-block-image\">\n<figure class=\"alignleft size-large is-resized\"><a href=\"http:\/\/imecaf.com\/blog\/wp-content\/uploads\/Que-es-la-redaccion-4.jpg\"><img loading=\"lazy\" decoding=\"async\" width=\"1024\" height=\"683\" src=\"http:\/\/imecaf.com\/blog\/wp-content\/uploads\/Que-es-la-redaccion-4-1024x683.jpg\" alt=\"Qu\u00e9 es la Redacci\u00f3n\" class=\"wp-image-14022\" style=\"width:444px;height:auto\" srcset=\"https:\/\/imecaf.com\/blog\/wp-content\/uploads\/Que-es-la-redaccion-4-1024x683.jpg 1024w, https:\/\/imecaf.com\/blog\/wp-content\/uploads\/Que-es-la-redaccion-4-300x200.jpg 300w, https:\/\/imecaf.com\/blog\/wp-content\/uploads\/Que-es-la-redaccion-4-768x512.jpg 768w, https:\/\/imecaf.com\/blog\/wp-content\/uploads\/Que-es-la-redaccion-4-1536x1024.jpg 1536w, https:\/\/imecaf.com\/blog\/wp-content\/uploads\/Que-es-la-redaccion-4.jpg 1920w\" sizes=\"auto, (max-width: 1024px) 100vw, 1024px\" \/><\/a><\/figure>\n<\/div>\n\n\n<p>La redacci\u00f3n es el arte de expresar ideas, pensamientos o informaci\u00f3n de manera clara, coherente y efectiva a trav\u00e9s de la escritura. Es una habilidad fundamental en la comunicaci\u00f3n escrita, ya que permite transmitir mensajes con precisi\u00f3n y persuasi\u00f3n.<\/p>\n\n\n\n<p>En el proceso de redacci\u00f3n, se seleccionan las palabras adecuadas y se organizan en oraciones y p\u00e1rrafos de manera estructurada, con el objetivo de comunicar el mensaje de forma comprensible para el lector. Esto implica tener en cuenta aspectos como la gram\u00e1tica, la ortograf\u00eda, la sintaxis y el estilo, as\u00ed como adaptarse al p\u00fablico al que se dirige el texto.<\/p>\n\n\n\n<p>La redacci\u00f3n no se limita \u00fanicamente a la escritura creativa o literaria, sino que abarca una amplia gama de g\u00e9neros y formatos, como ensayos, informes, cartas, correos electr\u00f3nicos, art\u00edculos period\u00edsticos, entre otros. Cada uno de estos g\u00e9neros tiene sus propias convenciones y caracter\u00edsticas particulares que deben ser tenidas en cuenta al redactar.<\/p>\n\n\n\n<p>Una buena redacci\u00f3n se caracteriza por su claridad, precisi\u00f3n y coherencia. El texto debe ser f\u00e1cil de entender, evitando ambig\u00fcedades y redundancias, y manteniendo una estructura l\u00f3gica que facilite la comprensi\u00f3n del mensaje. Adem\u00e1s, la redacci\u00f3n eficaz puede captar la atenci\u00f3n del lector y persuadirlo de manera efectiva.<\/p>\n\n\n\n<h2 class=\"wp-block-heading\">\u00bfQu\u00e9 es la Ortograf\u00eda?<\/h2>\n\n\n<div class=\"wp-block-image\">\n<figure class=\"alignleft size-large is-resized\"><a href=\"http:\/\/imecaf.com\/blog\/wp-content\/uploads\/Que-es-la-ortografia-1.jpg\"><img loading=\"lazy\" decoding=\"async\" width=\"1024\" height=\"682\" src=\"http:\/\/imecaf.com\/blog\/wp-content\/uploads\/Que-es-la-ortografia-1-1024x682.jpg\" alt=\"Qu\u00e9 es la Ortograf\u00eda\" class=\"wp-image-14021\" style=\"width:438px;height:auto\" srcset=\"https:\/\/imecaf.com\/blog\/wp-content\/uploads\/Que-es-la-ortografia-1-1024x682.jpg 1024w, https:\/\/imecaf.com\/blog\/wp-content\/uploads\/Que-es-la-ortografia-1-300x200.jpg 300w, https:\/\/imecaf.com\/blog\/wp-content\/uploads\/Que-es-la-ortografia-1-768x512.jpg 768w, https:\/\/imecaf.com\/blog\/wp-content\/uploads\/Que-es-la-ortografia-1-1536x1024.jpg 1536w, https:\/\/imecaf.com\/blog\/wp-content\/uploads\/Que-es-la-ortografia-1.jpg 2000w\" sizes=\"auto, (max-width: 1024px) 100vw, 1024px\" \/><\/a><\/figure>\n<\/div>\n\n\n<p>La ortograf\u00eda es el conjunto de normas y reglas que rigen la correcta escritura de una lengua. Es una disciplina esencial en la comunicaci\u00f3n escrita, ya que garantiza la comprensi\u00f3n y la coherencia en el intercambio de ideas. Sin una ortograf\u00eda adecuada, el mensaje puede perder claridad y credibilidad.<\/p>\n\n\n\n<p>La ortograf\u00eda abarca diversos aspectos, desde la correcta utilizaci\u00f3n de las letras y los signos de puntuaci\u00f3n hasta la adecuada acentuaci\u00f3n de las palabras. Tambi\u00e9n incluye el conocimiento de las reglas gramaticales y la aplicaci\u00f3n de las convenciones establecidas por la academia correspondiente a cada idioma.<\/p>\n\n\n\n<p>Uno de los principales objetivos de la ortograf\u00eda es asegurar la uniformidad en la escritura, permitiendo que las personas puedan entenderse entre s\u00ed sin ambig\u00fcedades ni malentendidos. Adem\u00e1s, contribuye a preservar la riqueza y la diversidad de una lengua, al evitar que se produzcan cambios arbitrarios o incorrectos en su estructura y su uso.<\/p>\n\n\n\n<p>Aunque la ortograf\u00eda puede parecer un aspecto trivial en la comunicaci\u00f3n, su importancia radica en su capacidad para transmitir eficazmente el mensaje deseado. Una buena ortograf\u00eda no solo demuestra cuidado y respeto por el idioma, sino que tambi\u00e9n facilita la comprensi\u00f3n y el intercambio de ideas entre las personas.<\/p>\n\n\n\n<h2 class=\"wp-block-heading\"><strong>Importancia de la Redacci\u00f3n y la Ortograf\u00eda<\/strong><\/h2>\n\n\n\n<p>La redacci\u00f3n, la habilidad para expresar ideas de manera coherente y persuasiva, y la ortograf\u00eda, la correcta estructuraci\u00f3n de las palabras, son pilares fundamentales de la comunicaci\u00f3n escrita. Aqu\u00ed te presentamos algunos puntos clave sobre por qu\u00e9 estas habilidades son tan importantes:<\/p>\n\n\n\n<p>1<strong>. Claridad y Comprensi\u00f3n:<\/strong> Una comunicaci\u00f3n escrita clara y bien redactada garantiza que nuestro mensaje sea entendido correctamente por nuestros lectores. La correcta estructuraci\u00f3n de las oraciones y la elecci\u00f3n adecuada de palabras contribuyen a una comunicaci\u00f3n m\u00e1s efectiva y evitan malentendidos.<\/p>\n\n\n\n<p>2. <strong>Credibilidad y Profesionalismo:<\/strong> La presencia de errores ortogr\u00e1ficos y gramaticales puede socavar nuestra credibilidad y profesionalismo. Una comunicaci\u00f3n escrita impecable transmite una imagen de competencia y seriedad, lo que es crucial en entornos profesionales y acad\u00e9micos.<\/p>\n\n\n\n<p>3. <strong>Impacto y Persuasi\u00f3n:<\/strong> La habilidad para expresar ideas de manera clara y persuasiva es invaluable en muchos aspectos de la vida. Ya sea en la redacci\u00f3n de un ensayo, la presentaci\u00f3n de un proyecto o la redacci\u00f3n de un correo electr\u00f3nico, la capacidad para persuadir a trav\u00e9s de la escritura es una habilidad que puede abrir puertas y generar oportunidades.<\/p>\n\n\n\n<p>4. <strong>Autoexpresi\u00f3n y Creatividad:<\/strong> La redacci\u00f3n nos permite expresar nuestras ideas, pensamientos y emociones de manera creativa y personal. A trav\u00e9s de la escritura, podemos explorar nuestra propia voz y desarrollar un estilo \u00fanico que refleje nuestra personalidad y perspectivas.<\/p>\n\n\n\n<p>5. <strong>Desarrollo Personal y Profesional:<\/strong> Mejorar nuestras habilidades de ortograf\u00eda y redacci\u00f3n no solo beneficia nuestra comunicaci\u00f3n con los dem\u00e1s, sino que tambi\u00e9n contribuye a nuestro desarrollo personal y profesional. La capacidad para comunicarnos de manera efectiva es una habilidad transferible que nos servir\u00e1 en todos los aspectos de la vida.<\/p>\n\n\n\n<figure class=\"wp-block-image size-large\"><a href=\"http:\/\/imecaf.com\/blog\/wp-content\/uploads\/importancia-de-la-redaccion-y-la-ortografia-scaled.jpg\"><img loading=\"lazy\" decoding=\"async\" width=\"1024\" height=\"683\" src=\"http:\/\/imecaf.com\/blog\/wp-content\/uploads\/importancia-de-la-redaccion-y-la-ortografia-1024x683.jpg\" alt=\"Importancia de la Redacci\u00f3n y la Ortograf\u00eda\" class=\"wp-image-14020\" srcset=\"https:\/\/imecaf.com\/blog\/wp-content\/uploads\/importancia-de-la-redaccion-y-la-ortografia-1024x683.jpg 1024w, https:\/\/imecaf.com\/blog\/wp-content\/uploads\/importancia-de-la-redaccion-y-la-ortografia-300x200.jpg 300w, https:\/\/imecaf.com\/blog\/wp-content\/uploads\/importancia-de-la-redaccion-y-la-ortografia-768x512.jpg 768w, https:\/\/imecaf.com\/blog\/wp-content\/uploads\/importancia-de-la-redaccion-y-la-ortografia-1536x1024.jpg 1536w, https:\/\/imecaf.com\/blog\/wp-content\/uploads\/importancia-de-la-redaccion-y-la-ortografia-2048x1366.jpg 2048w\" sizes=\"auto, (max-width: 1024px) 100vw, 1024px\" \/><\/a><\/figure>\n\n\n\n<h2 class=\"wp-block-heading\"><strong>C\u00f3mo Mejorar la Redacci\u00f3n: Elementos Clave y Consejos Pr\u00e1cticos<\/strong><\/h2>\n\n\n<div class=\"wp-block-image\">\n<figure class=\"alignleft size-full is-resized\"><a href=\"http:\/\/imecaf.com\/blog\/wp-content\/uploads\/como-mejorar-la-redaccion.jpg\"><img loading=\"lazy\" decoding=\"async\" width=\"500\" height=\"285\" src=\"http:\/\/imecaf.com\/blog\/wp-content\/uploads\/como-mejorar-la-redaccion.jpg\" alt=\"C\u00f3mo mejorar la Redacci\u00f3n\" class=\"wp-image-14019\" style=\"width:490px;height:auto\" srcset=\"https:\/\/imecaf.com\/blog\/wp-content\/uploads\/como-mejorar-la-redaccion.jpg 500w, https:\/\/imecaf.com\/blog\/wp-content\/uploads\/como-mejorar-la-redaccion-300x171.jpg 300w\" sizes=\"auto, (max-width: 500px) 100vw, 500px\" \/><\/a><\/figure>\n<\/div>\n\n\n<p>La capacidad de redactar textos de manera efectiva es una habilidad invaluable en todos los \u00e1mbitos de la vida, ya sea en la escuela, el trabajo o la comunicaci\u00f3n personal. Una buena redacci\u00f3n no solo implica la elecci\u00f3n adecuada de palabras, sino tambi\u00e9n una estructura organizada que gu\u00ede al lector a trav\u00e9s del contenido de manera clara y coherente.<\/p>\n\n\n\n<p>Aqu\u00ed presentamos algunos elementos clave y consejos pr\u00e1cticos para estructurar una buena redacci\u00f3n:<\/p>\n\n\n\n<p><strong>1. T\u00edtulo Atractivo<\/strong><\/p>\n\n\n\n<p>El t\u00edtulo es la primera impresi\u00f3n que tendr\u00e1 el lector de tu texto. Debe ser atractivo, conciso y relevante al contenido del texto. Un buen t\u00edtulo puede captar la atenci\u00f3n del lector y despertar su inter\u00e9s en seguir leyendo.<\/p>\n\n\n\n<p><strong>2. Introducci\u00f3n Impactante<\/strong><\/p>\n\n\n\n<p>La introducci\u00f3n establece el tono y el contexto para el resto del texto. Debe ser breve pero impactante, presentando el tema principal y capturando el inter\u00e9s del lector desde el principio. Puedes utilizar una cita, una estad\u00edstica sorprendente o una an\u00e9cdota relevante para iniciar tu introducci\u00f3n de manera efectiva.<\/p>\n\n\n\n<p><strong>3. Declaraci\u00f3n de Tesis Clara<\/strong><\/p>\n\n\n\n<p>En textos argumentativos o persuasivos, es fundamental incluir una declaraci\u00f3n de tesis clara y precisa al final de la introducci\u00f3n. Esta declaraci\u00f3n resume el punto principal del texto y establece la direcci\u00f3n que seguir\u00e1 el desarrollo del mismo. Debe ser espec\u00edfica y debatible para generar inter\u00e9s y debate.<\/p>\n\n\n\n<p><strong>4. Desarrollo L\u00f3gico y Coherente<\/strong><\/p>\n\n\n\n<p>El cuerpo del texto es donde se desarrollan y respaldan las ideas presentadas en la introducci\u00f3n. Cada p\u00e1rrafo debe centrarse en un punto principal y estar respaldado por evidencia o ejemplos relevantes. Es importante mantener una estructura l\u00f3gica y coherente, utilizando transiciones adecuadas para guiar al lector de una idea a la siguiente de manera fluida.<\/p>\n\n\n\n<p><strong>5. Uso Adecuado de P\u00e1rrafos y Vi\u00f1etas<\/strong><\/p>\n\n\n\n<p>Los p\u00e1rrafos y vi\u00f1etas ayudan a organizar y estructurar el texto, facilitando la lectura y la comprensi\u00f3n. Cada p\u00e1rrafo debe abordar una idea o tema espec\u00edfico, y las vi\u00f1etas pueden utilizarse para resumir informaci\u00f3n o destacar puntos clave. Es importante mantener la coherencia en la longitud y el formato de los p\u00e1rrafos para evitar confusiones.<\/p>\n\n\n\n<p><strong>6. Conclusi\u00f3n Concisa y Contundente<\/strong><\/p>\n\n\n\n<p>La conclusi\u00f3n resume los puntos principales del texto y cierra de manera efectiva el argumento o la discusi\u00f3n. Debe ser concisa y contundente, reafirmando la tesis y brindando una reflexi\u00f3n final sobre el tema. Puedes utilizar la conclusi\u00f3n para destacar la importancia del tema o hacer una llamada a la acci\u00f3n para el lector.<\/p>\n\n\n\n<p><strong>7. Revisi\u00f3n y Edici\u00f3n Cuidadosas<\/strong><\/p>\n\n\n\n<p>Por \u00faltimo, pero no menos importante, es crucial revisar y editar tu redacci\u00f3n cuidadosamente antes de finalizarla. Busca errores gramaticales, ortogr\u00e1ficos y de puntuaci\u00f3n, y aseg\u00farate de que la estructura y el flujo del texto sean coherentes y efectivos. Tomarte el tiempo para revisar y pulir tu redacci\u00f3n puede marcar la diferencia entre un texto mediocre y uno excelente.<\/p>\n\n\n\n<p>Una buena redacci\u00f3n requiere m\u00e1s que simplemente elegir las palabras correctas. La estructura adecuada es fundamental para guiar al lector a trav\u00e9s del contenido de manera clara y coherente. Al seguir estos consejos y prestar atenci\u00f3n a los elementos clave de la estructura de la redacci\u00f3n, puedes mejorar significativamente la calidad y la efectividad de tus escritos.<\/p>\n\n\n\n<h2 class=\"wp-block-heading\"><strong>Reglas b\u00e1sicas de Ortograf\u00eda<\/strong><\/h2>\n\n\n<div class=\"wp-block-image\">\n<figure class=\"alignleft size-large is-resized\"><a href=\"http:\/\/imecaf.com\/blog\/wp-content\/uploads\/Reglas-basicas-de-Ortografia-1-scaled.jpg\"><img loading=\"lazy\" decoding=\"async\" width=\"1024\" height=\"683\" src=\"http:\/\/imecaf.com\/blog\/wp-content\/uploads\/Reglas-basicas-de-Ortografia-1-1024x683.jpg\" alt=\"Reglas B\u00e1sicas de Ortograf\u00eda\" class=\"wp-image-14018\" style=\"width:441px;height:auto\" srcset=\"https:\/\/imecaf.com\/blog\/wp-content\/uploads\/Reglas-basicas-de-Ortografia-1-1024x683.jpg 1024w, https:\/\/imecaf.com\/blog\/wp-content\/uploads\/Reglas-basicas-de-Ortografia-1-300x200.jpg 300w, https:\/\/imecaf.com\/blog\/wp-content\/uploads\/Reglas-basicas-de-Ortografia-1-768x512.jpg 768w, https:\/\/imecaf.com\/blog\/wp-content\/uploads\/Reglas-basicas-de-Ortografia-1-1536x1024.jpg 1536w, https:\/\/imecaf.com\/blog\/wp-content\/uploads\/Reglas-basicas-de-Ortografia-1-2048x1365.jpg 2048w\" sizes=\"auto, (max-width: 1024px) 100vw, 1024px\" \/><\/a><\/figure>\n<\/div>\n\n\n<p>La ortograf\u00eda es una herramienta fundamental en la comunicaci\u00f3n escrita que garantiza la claridad y la comprensi\u00f3n entre emisor y receptor. Dominar las reglas b\u00e1sicas de ortograf\u00eda es esencial para escribir con precisi\u00f3n y profesionalismo en cualquier contexto, ya sea acad\u00e9mico, profesional o personal. Aqu\u00ed te presentamos algunas reglas fundamentales de ortograf\u00eda que te ayudar\u00e1n a mejorar tus habilidades de escritura y evitar errores comunes:<\/p>\n\n\n\n<p>1<strong>. Acentuaci\u00f3n de palabras:<\/strong> Seg\u00fan su acento, las palabras se dividen en:<\/p>\n\n\n\n<p>a) <strong>Agudas<\/strong>, cuyo acento recae en la \u00faltima s\u00edlaba: mam\u00e1, amor, azul, canci\u00f3n, frijol.<\/p>\n\n\n\n<p>b) <strong>Graves o Llanas<\/strong>, las que tienen acentuada la pen\u00faltima s\u00edlaba: mesa, Jaime, d\u00eda, \u00e1rbol, casa, m\u00eda.<\/p>\n\n\n\n<p>c) <strong>Esdr\u00fajulas<\/strong>, cuya s\u00edlaba fuerte es la antepen\u00faltima: s\u00e1bana, pr\u00f3jimo, pen\u00faltima, p\u00e1jaro, \u00e1cido.<\/p>\n\n\n\n<p>d) <strong>Sobreesdr\u00fajulas<\/strong>, aquellas cuya s\u00edlaba anterior a la antepen\u00faltima es la que se pronuncia con mayor intensidad: cast\u00edguesele, c\u00f3mpresela, entr\u00e9guemelo, devu\u00e9lvasele, rec\u00edtenoslo.<\/p>\n\n\n\n<p>2. <strong>Uso de la letra \u201cH\u201d<\/strong>: La letra \u00abh\u00bb no tiene sonido en espa\u00f1ol latino. Se utiliza en las voces que empiezan con los diptongos <strong>ia<\/strong>, <strong>ie<\/strong>, <strong>ua<\/strong>, <strong>ue<\/strong>, <strong>ui<\/strong>. Antes de las combinaciones <strong>idr<\/strong>, <strong>ip<\/strong>, <strong>igr<\/strong>, <strong>og, olg<\/strong>, <strong>osp<\/strong>, <strong>erm<\/strong>, <strong>ern<\/strong>, <strong>orr<\/strong>. Se except\u00faan ipecacuana, ogro, ermita, Ernesto, Olga, y algunas palabras que empiezan con la combinaci\u00f3n <strong>umb<\/strong>, como umbral, umbr\u00edo, etc.<\/p>\n\n\n\n<p>3. <strong>Uso de la letra \u00abC\u00bb<\/strong>: La letra \u201cc\u201d tiene dos sonidos: Fuerte (como q o k), cuando antecede a un a consonante o a las vocales <strong>a<\/strong>, <strong>o<\/strong>, <strong>u<\/strong>, como en casa, Claudia, cuidada. Suave (como s), cuando va antes de \u201c<strong>e<\/strong>\u201d o \u201c<strong>i<\/strong>\u201d, como en despacio, hacia, cerro.<\/p>\n\n\n\n<p>4. <strong>Uso de la letra \u201cS\u201d<\/strong>: En general, se escriben con \u201cs\u201d los sustantivos terminados en <strong>si\u00f3n<\/strong> cuando est\u00e1n relacionados con adjetivos terminados en <strong>so<\/strong>: extensi\u00f3n, de extenso; impresi\u00f3n, de impreso; confusi\u00f3n, de confuso, etc.<\/p>\n\n\n\n<p>Las s\u00edlabas iniciales que terminan con el sonido de s, como <strong>abs<\/strong>, <strong>cons<\/strong>, <strong>des<\/strong>, <strong>dis<\/strong>, <strong>obs<\/strong>, <strong>pers<\/strong>, <strong>subs<\/strong> o <strong>sus<\/strong>, <strong>trans<\/strong> o <strong>tras<\/strong>.<\/p>\n\n\n\n<p>Los adjetivos abundanciales (que indican gran cantidad de algo) terminados en <strong>oso<\/strong> y <strong>osa<\/strong>, con sus derivados y plurales: impetuoso, tenebrosa, mentiroso, precioso, silenciosa.<\/p>\n\n\n\n<p>5. <strong>Diferencia entre \u00abB\u00bb y \u00abV\u00bb<\/strong>: En espa\u00f1ol latino, la \u00abb\u00bb y la \u00abv\u00bb tienen el mismo sonido.<\/p>\n\n\n\n<p>Se escriben con \u201cb\u201d las palabras en que el sonido de \/b\/ vaya antes de otra consonante, como en las s\u00edlabas <strong>bla<\/strong>, <strong>ble<\/strong>, <strong>bli<\/strong>, <strong>blo<\/strong>, <strong>blu<\/strong>, <strong>bra<\/strong>, <strong>bre<\/strong>, <strong>bri<\/strong>, <strong>bro<\/strong>, <strong>bru<\/strong> y en palabras como abyecto, obvio, submarino, obstruir, abdicar, objeto, abstraer, etc.<\/p>\n\n\n\n<p>Se escriben con \u201cv\u201d las palabras (casi todos adjetivos) terminadas en <strong>ava<\/strong>, <strong>ave<\/strong>, <strong>avo<\/strong>, <strong>eva<\/strong>, <strong>eve<\/strong>, <strong>evo<\/strong>, <strong>iva<\/strong>, <strong>ivo<\/strong>, y sus derivados y compuestos. Excepciones: \u00e1rabe y sus compuestos, y los adjetivos formados con el sustantivo s\u00edlaba.<\/p>\n\n\n\n<p>6. <strong>Uso de la letra \u00abY\u00bb<\/strong>: Se escriben con \u201cy\u201d las palabras en que este sonido sigue a los prefijos <strong>ad<\/strong>, <strong>dis<\/strong> y <strong>sub<\/strong>: coadyuvar, disyuntiva, subyugar, subyacente.<\/p>\n\n\n\n<p>Las formas de plural cuyo singular termina por el fonema \u201ci\u201d (escrito y): reyes (de rey), bueyes (de buey). Todas las formas verbales cuyo infinitivo no lleva \u201cy\u201d ni \u201cII\u201d. Ejemplos: sustituyo, sustituye, sustituyendo, sustituyese, de sustituir; instruye, instruyo, instruyendo, de instruir; concluye, de concluir.<\/p>\n\n\n\n<p>Las voces que llevan la s\u00edlaba <strong>yec<\/strong> y las palabras que empiezan por <strong>yer<\/strong>, como en trayecto o yerto.<\/p>\n\n\n\n<p>Cuando la \u201cy\u201d va sola y tiene sonido vocal de \u201ci\u201d, es decir, cuando desempe\u00f1a el papel de conjunci\u00f3n.<\/p>\n\n\n\n<p>Las palabras que terminan con sonido vocal \u201ci\u201d sin acentuar, como en estoy y muy.<\/p>\n\n\n\n<p>7. <strong>Uso de \u00abLl\u00bb<\/strong>: Se escriben con \u201cll\u201d las terminaciones de los diminutivos en <strong>illa<\/strong> e <strong>illo<\/strong>, as\u00ed como la mayor parte de los sustantivos terminados en <strong>alla<\/strong>, <strong>allo<\/strong>, <strong>ello<\/strong>, <strong>ella<\/strong>, <strong>illo<\/strong>, <strong>illa<\/strong>, con sus derivados y compuestos. Sin embargo, hay numerosas excepciones: bayo, arroyo, cayo, apoyo, hoyo, zarig\u00fceya, poyo (banco de piedra), plebeya.<\/p>\n\n\n\n<p>8. <strong>Uso de la letra \u00abG\u00bb<\/strong>: Se escriben con \u201cg\u201d delante de \u201ce\u201d o \u201ci\u201d las palabras que empiezan con <strong>geo<\/strong>: geograf\u00eda, geometr\u00eda, geolog\u00eda, geodesia, etc.<\/p>\n\n\n\n<p>Las palabras que llevan la s\u00edlaba <strong>gen<\/strong>, ya sea al principio, en medio o al final: ingenio, gendarme, octogenario, aborigen.<\/p>\n\n\n\n<p>Las palabras terminadas en <strong>gia<\/strong>, <strong>gio<\/strong>, <strong>gi\u00f3n<\/strong>, <strong>gional<\/strong>, <strong>gionario<\/strong>, <strong>gioso<\/strong>, <strong>g\u00edrico<\/strong>.<\/p>\n\n\n\n<p>Nota: Los sonidos <strong>ja<\/strong> y <strong>jo<\/strong> jam\u00e1s se escriben con g, como en escoja, o exijo.<\/p>\n\n\n\n<p>9. <strong>Uso de la letra \u00abJ\u00bb<\/strong>: Se escriben con \u201cj\u201d delante de \u201ce\u201d o \u201ci\u201d los sonidos <strong>je<\/strong> y <strong>ji<\/strong> de los verbos cuyo infinitivo no tiene g ni j. Ejemplos: decir \u2014 dije, dijimos, dijeron, traer \u2014 traje, trajimos, trajeron.<\/p>\n\n\n\n<p>Las palabras terminadas en <strong>je<\/strong>, <strong>jero<\/strong>, <strong>jer\u00eda<\/strong> y <strong>j\u00edn<\/strong>. Se except\u00faan auge, c\u00f3nyuge, esfinge, faringe, laringe, mag\u00edn (imaginaci\u00f3n, mente) y algunas m\u00e1s.<\/p>\n\n\n\n<p>Las terminaciones <strong>aje<\/strong>, <strong>ije<\/strong>, <strong>eje<\/strong>. Se except\u00faa ambages, que solo se usa en plural.<\/p>\n\n\n\n<p>10. <strong>Uso de la letra \u00abQ\u00bb<\/strong>: Se escriben con \u201cq\u201d las palabras que tienen el sonido fuerte \u00ab<strong>ke<\/strong>\u00ab, \u00ab<strong>ki<\/strong>\u00ab, escribi\u00e9ndose siempre una \u201cu\u201d despu\u00e9s de la \u201cq\u201d: quien, que, esquiar, equino, Enrique.<\/p>\n\n\n\n<p>11. <strong>Uso de la letra \u00abX\u00bb<\/strong>: La letra \u00abx\u00bb puede representar el sonido de \u00ab<strong>ks<\/strong>\u00bb o \u00ab<strong>gs<\/strong>\u00bb en algunas palabras. Ejemplo: \u00abexamen\u00bb, \u00abexcepci\u00f3n\u00bb. Casi siempre antes de <strong>cr<\/strong>, <strong>p\u00eda<\/strong>, <strong>pli<\/strong>, <strong>p\u00edo<\/strong>, <strong>pre<\/strong>, <strong>pri<\/strong> y <strong>pro<\/strong>.<\/p>\n\n\n\n<p>12. <strong>Uso de la letra \u00abZ\u00bb<\/strong>: La letra \u00abz\u00bb se utiliza en los sustantivos terminados en <strong>anza<\/strong> y <strong>azgo<\/strong>: noviazgo, danza, alianza, hartazgo, balanza, hallazgo. Los nombres abstractos terminados en <strong>ezo<\/strong>, <strong>eza<\/strong>, como timidez, belleza, simpleza, palidez, esbeltez.<\/p>\n\n\n\n<p>13. <strong>Diptongos e hiatos<\/strong>: Se forma un diptongo cuando una vocal fuerte (<strong>a<\/strong>, <strong>e<\/strong>, <strong>o<\/strong>) se junta con una vocal d\u00e9bil (<strong>i<\/strong>, <strong>u<\/strong>) en una misma s\u00edlaba, mientras que se forma un hiato cuando dos vocales fuertes o una fuerte y una d\u00e9bil no se unen en la misma s\u00edlaba. Ejemplo de diptongo: \u00abciudad\u00bb, ejemplo de hiato: \u00abpoes\u00eda\u00bb.<\/p>\n\n\n\n<figure class=\"wp-block-image size-large\"><a href=\"http:\/\/imecaf.com\/blog\/wp-content\/uploads\/curso-de-ortografia-y-redaccion-scaled.jpg\"><img loading=\"lazy\" decoding=\"async\" width=\"1024\" height=\"683\" src=\"http:\/\/imecaf.com\/blog\/wp-content\/uploads\/curso-de-ortografia-y-redaccion-1024x683.jpg\" alt=\"Curso de Ortograf\u00eda y Redacci\u00f3n\" class=\"wp-image-14017\" srcset=\"https:\/\/imecaf.com\/blog\/wp-content\/uploads\/curso-de-ortografia-y-redaccion-1024x683.jpg 1024w, https:\/\/imecaf.com\/blog\/wp-content\/uploads\/curso-de-ortografia-y-redaccion-300x200.jpg 300w, https:\/\/imecaf.com\/blog\/wp-content\/uploads\/curso-de-ortografia-y-redaccion-768x512.jpg 768w, https:\/\/imecaf.com\/blog\/wp-content\/uploads\/curso-de-ortografia-y-redaccion-1536x1024.jpg 1536w, https:\/\/imecaf.com\/blog\/wp-content\/uploads\/curso-de-ortografia-y-redaccion-2048x1365.jpg 2048w\" sizes=\"auto, (max-width: 1024px) 100vw, 1024px\" \/><\/a><\/figure>\n\n\n\n<p>Dominar estas reglas b\u00e1sicas de ortograf\u00eda y redacci\u00f3n es fundamental para comunicarse de manera efectiva en cualquier contexto. Al dedicar tiempo y esfuerzo a mejorar estas habilidades, podemos fortalecer nuestra comunicaci\u00f3n escrita y abrir nuevas oportunidades en el mundo que nos rodea.<\/p>\n\n\n\n<p>Nuestro <strong><a href=\"https:\/\/imecaf.com\/36\">curso de Redacci\u00f3n y Ortograf\u00eda<\/a><\/strong> est\u00e1 dise\u00f1ado para ayudarte a dominar estas habilidades vitales. Con una combinaci\u00f3n de teor\u00eda y pr\u00e1ctica, aprender\u00e1s las reglas fundamentales de la ortograf\u00eda y la gram\u00e1tica, as\u00ed como t\u00e9cnicas avanzadas de redacci\u00f3n para mejorar la claridad y el impacto de tus escritos.<\/p>\n\n\n\n<p>As\u00ed que la pr\u00f3xima vez que te sientes frente al teclado, recuerda la importancia de la ortograf\u00eda y la redacci\u00f3n. Estas habilidades no solo te ayudar\u00e1n a comunicarte de manera m\u00e1s efectiva, sino que tambi\u00e9n te abrir\u00e1n puertas y te permitir\u00e1n alcanzar tus metas personales y profesionales.<\/p>\n\n\n\n<figure class=\"wp-block-image is-resized\"><a href=\"http:\/\/imecaf.com\/blog\/wp-content\/uploads\/Redaccion-y-Ortografia-Claves-para-una-comunicacion-efectiva.pdf\"><img decoding=\"async\" src=\"http:\/\/imecaf.com\/blog\/wp-content\/uploads\/Descargar-PDF-e1708732610860-1024x317.png\" alt=\"Redacci\u00f3n y Ortograf\u00eda - Descargar PDF\" style=\"width:303px;height:auto\"\/><\/a><\/figure>\n","protected":false},"excerpt":{"rendered":"<p>En un mundo donde la comunicaci\u00f3n escrita se ha vuelto omnipresente gracias a la tecnolog\u00eda y las redes sociales, la importancia de la redacci\u00f3n y la ortograf\u00eda adecuadas nunca ha sido tan evidente. Estas habilidades no solo son esenciales en entornos acad\u00e9micos y profesionales, sino que tambi\u00e9n juegan un papel crucial en nuestra comunicaci\u00f3n diaria. &#8230; <a title=\"Redacci\u00f3n y Ortograf\u00eda: Claves para una Comunicaci\u00f3n Efectiva\" class=\"read-more\" href=\"https:\/\/imecaf.com\/blog\/2024\/03\/06\/redaccion-y-ortografia-claves-para-una-comunicacion-efectiva\/\">Leer m\u00e1s <span class=\"screen-reader-text\">Redacci\u00f3n y Ortograf\u00eda: Claves para una Comunicaci\u00f3n Efectiva<\/span><\/a><\/p>\n","protected":false},"author":2,"featured_media":14003,"comment_status":"open","ping_status":"closed","sticky":false,"template":"","format":"standard","meta":{"footnotes":""},"categories":[476,10],"tags":[10296,10295,10294,10293,10292,10291,1065],"class_list":["post-14002","post","type-post","status-publish","format-standard","has-post-thumbnail","hentry","category-articulos-desarrollohumano","category-desarrollohumano","tag-como-mejorar-la-redaccion","tag-importancia-de-la-ortografia","tag-importancia-de-la-redaccion","tag-que-es-la-ortografia","tag-que-es-la-redaccion","tag-redaccion-y-ortografia","tag-reglas-de-ortografia"],"yoast_head":"<!-- This site is optimized with the Yoast SEO plugin v27.4 - https:\/\/yoast.com\/product\/yoast-seo-wordpress\/ -->\n<title>Redacci\u00f3n y Ortograf\u00eda: Claves para una Comunicaci\u00f3n Efectiva<\/title>\n<meta name=\"description\" content=\"Redacci\u00f3n y Ortograf\u00eda: Claves para una comunicaci\u00f3n efectiva. Reglas b\u00e1sicas, acentuaci\u00f3n, puntuaci\u00f3n, uso de ciertas letras y m\u00e1s.\" \/>\n<meta name=\"robots\" content=\"index, follow, max-snippet:-1, max-image-preview:large, max-video-preview:-1\" \/>\n<link rel=\"canonical\" href=\"https:\/\/imecaf.com\/blog\/2024\/03\/06\/redaccion-y-ortografia-claves-para-una-comunicacion-efectiva\/\" \/>\n<meta property=\"og:locale\" content=\"es_ES\" \/>\n<meta property=\"og:type\" content=\"article\" \/>\n<meta property=\"og:title\" content=\"Redacci\u00f3n y Ortograf\u00eda - Claves para una Comunicaci\u00f3n Efectiva\" \/>\n<meta property=\"og:description\" content=\"Conoce las reglas b\u00e1sicas de ortograf\u00eda, acentuaci\u00f3n, puntuaci\u00f3n, uso de ciertas letras, etc. y aprende estrategias para estructurar mejor tu redacci\u00f3n.\" \/>\n<meta property=\"og:url\" content=\"https:\/\/imecaf.com\/blog\/2024\/03\/06\/redaccion-y-ortografia-claves-para-una-comunicacion-efectiva\/\" \/>\n<meta property=\"og:site_name\" content=\"IMECAF - Blog\" \/>\n<meta property=\"article:publisher\" content=\"https:\/\/www.facebook.com\/IMECAF\" \/>\n<meta property=\"article:published_time\" content=\"2024-03-07T00:25:02+00:00\" \/>\n<meta property=\"article:modified_time\" content=\"2025-06-10T18:13:13+00:00\" \/>\n<meta property=\"og:image\" content=\"https:\/\/imecaf.com\/blog\/wp-content\/uploads\/Redaccion-y-Ortografia-Claves-para-una-Comunicacion-Efectiva-scaled.jpg\" \/>\n\t<meta property=\"og:image:width\" content=\"2560\" \/>\n\t<meta property=\"og:image:height\" content=\"1707\" \/>\n\t<meta property=\"og:image:type\" content=\"image\/jpeg\" \/>\n<meta name=\"author\" content=\"Equipo de IMECAF\" \/>\n<meta name=\"twitter:card\" content=\"summary_large_image\" \/>\n<meta name=\"twitter:creator\" content=\"@imecaf\" \/>\n<meta name=\"twitter:site\" content=\"@imecaf\" \/>\n<meta name=\"twitter:label1\" content=\"Escrito por\" \/>\n\t<meta name=\"twitter:data1\" content=\"Equipo de IMECAF\" \/>\n\t<meta name=\"twitter:label2\" content=\"Tiempo de lectura\" \/>\n\t<meta name=\"twitter:data2\" content=\"13 minutos\" \/>\n<script type=\"application\/ld+json\" class=\"yoast-schema-graph\">{\"@context\":\"https:\\\/\\\/schema.org\",\"@graph\":[{\"@type\":\"Article\",\"@id\":\"https:\\\/\\\/imecaf.com\\\/blog\\\/2024\\\/03\\\/06\\\/redaccion-y-ortografia-claves-para-una-comunicacion-efectiva\\\/#article\",\"isPartOf\":{\"@id\":\"https:\\\/\\\/imecaf.com\\\/blog\\\/2024\\\/03\\\/06\\\/redaccion-y-ortografia-claves-para-una-comunicacion-efectiva\\\/\"},\"author\":{\"name\":\"Equipo de IMECAF\",\"@id\":\"https:\\\/\\\/imecaf.com\\\/blog\\\/#\\\/schema\\\/person\\\/a69b9f3972250aa0b1fdb798f094b4c7\"},\"headline\":\"Redacci\u00f3n y Ortograf\u00eda: Claves para una Comunicaci\u00f3n Efectiva\",\"datePublished\":\"2024-03-07T00:25:02+00:00\",\"dateModified\":\"2025-06-10T18:13:13+00:00\",\"mainEntityOfPage\":{\"@id\":\"https:\\\/\\\/imecaf.com\\\/blog\\\/2024\\\/03\\\/06\\\/redaccion-y-ortografia-claves-para-una-comunicacion-efectiva\\\/\"},\"wordCount\":2592,\"commentCount\":2,\"publisher\":{\"@id\":\"https:\\\/\\\/imecaf.com\\\/blog\\\/#organization\"},\"image\":{\"@id\":\"https:\\\/\\\/imecaf.com\\\/blog\\\/2024\\\/03\\\/06\\\/redaccion-y-ortografia-claves-para-una-comunicacion-efectiva\\\/#primaryimage\"},\"thumbnailUrl\":\"https:\\\/\\\/imecaf.com\\\/blog\\\/wp-content\\\/uploads\\\/Redaccion-y-Ortografia-Claves-para-una-Comunicacion-Efectiva-scaled.jpg\",\"keywords\":[\"como mejorar la redaccion\",\"importancia de la ortografia\",\"importancia de la redaccion\",\"que es la ortografia\",\"que es la redaccion\",\"redaccion y ortografia\",\"reglas de ortografia\"],\"articleSection\":[\"Art\u00edculos\",\"Desarrollo Humano\"],\"inLanguage\":\"es\",\"potentialAction\":[{\"@type\":\"CommentAction\",\"name\":\"Comment\",\"target\":[\"https:\\\/\\\/imecaf.com\\\/blog\\\/2024\\\/03\\\/06\\\/redaccion-y-ortografia-claves-para-una-comunicacion-efectiva\\\/#respond\"]}]},{\"@type\":\"WebPage\",\"@id\":\"https:\\\/\\\/imecaf.com\\\/blog\\\/2024\\\/03\\\/06\\\/redaccion-y-ortografia-claves-para-una-comunicacion-efectiva\\\/\",\"url\":\"https:\\\/\\\/imecaf.com\\\/blog\\\/2024\\\/03\\\/06\\\/redaccion-y-ortografia-claves-para-una-comunicacion-efectiva\\\/\",\"name\":\"Redacci\u00f3n y Ortograf\u00eda: Claves para una Comunicaci\u00f3n Efectiva\",\"isPartOf\":{\"@id\":\"https:\\\/\\\/imecaf.com\\\/blog\\\/#website\"},\"primaryImageOfPage\":{\"@id\":\"https:\\\/\\\/imecaf.com\\\/blog\\\/2024\\\/03\\\/06\\\/redaccion-y-ortografia-claves-para-una-comunicacion-efectiva\\\/#primaryimage\"},\"image\":{\"@id\":\"https:\\\/\\\/imecaf.com\\\/blog\\\/2024\\\/03\\\/06\\\/redaccion-y-ortografia-claves-para-una-comunicacion-efectiva\\\/#primaryimage\"},\"thumbnailUrl\":\"https:\\\/\\\/imecaf.com\\\/blog\\\/wp-content\\\/uploads\\\/Redaccion-y-Ortografia-Claves-para-una-Comunicacion-Efectiva-scaled.jpg\",\"datePublished\":\"2024-03-07T00:25:02+00:00\",\"dateModified\":\"2025-06-10T18:13:13+00:00\",\"description\":\"Redacci\u00f3n y Ortograf\u00eda: Claves para una comunicaci\u00f3n efectiva. Reglas b\u00e1sicas, acentuaci\u00f3n, puntuaci\u00f3n, uso de ciertas letras y m\u00e1s.\",\"breadcrumb\":{\"@id\":\"https:\\\/\\\/imecaf.com\\\/blog\\\/2024\\\/03\\\/06\\\/redaccion-y-ortografia-claves-para-una-comunicacion-efectiva\\\/#breadcrumb\"},\"inLanguage\":\"es\",\"potentialAction\":[{\"@type\":\"ReadAction\",\"target\":[\"https:\\\/\\\/imecaf.com\\\/blog\\\/2024\\\/03\\\/06\\\/redaccion-y-ortografia-claves-para-una-comunicacion-efectiva\\\/\"]}]},{\"@type\":\"ImageObject\",\"inLanguage\":\"es\",\"@id\":\"https:\\\/\\\/imecaf.com\\\/blog\\\/2024\\\/03\\\/06\\\/redaccion-y-ortografia-claves-para-una-comunicacion-efectiva\\\/#primaryimage\",\"url\":\"https:\\\/\\\/imecaf.com\\\/blog\\\/wp-content\\\/uploads\\\/Redaccion-y-Ortografia-Claves-para-una-Comunicacion-Efectiva-scaled.jpg\",\"contentUrl\":\"https:\\\/\\\/imecaf.com\\\/blog\\\/wp-content\\\/uploads\\\/Redaccion-y-Ortografia-Claves-para-una-Comunicacion-Efectiva-scaled.jpg\",\"width\":2560,\"height\":1707,\"caption\":\"Redacci\u00f3n y Ortograf\u00eda - Claves para una Comunicaci\u00f3n Efectiva\"},{\"@type\":\"BreadcrumbList\",\"@id\":\"https:\\\/\\\/imecaf.com\\\/blog\\\/2024\\\/03\\\/06\\\/redaccion-y-ortografia-claves-para-una-comunicacion-efectiva\\\/#breadcrumb\",\"itemListElement\":[{\"@type\":\"ListItem\",\"position\":1,\"name\":\"Portada\",\"item\":\"https:\\\/\\\/imecaf.com\\\/blog\\\/\"},{\"@type\":\"ListItem\",\"position\":2,\"name\":\"Redacci\u00f3n y Ortograf\u00eda: Claves para una Comunicaci\u00f3n Efectiva\"}]},{\"@type\":\"WebSite\",\"@id\":\"https:\\\/\\\/imecaf.com\\\/blog\\\/#website\",\"url\":\"https:\\\/\\\/imecaf.com\\\/blog\\\/\",\"name\":\"IMECAF\",\"description\":\"Un lugar para expresar y compartir inquietudes dentro del mundo de la educaci\u00f3n.\",\"publisher\":{\"@id\":\"https:\\\/\\\/imecaf.com\\\/blog\\\/#organization\"},\"potentialAction\":[{\"@type\":\"SearchAction\",\"target\":{\"@type\":\"EntryPoint\",\"urlTemplate\":\"https:\\\/\\\/imecaf.com\\\/blog\\\/?s={search_term_string}\"},\"query-input\":{\"@type\":\"PropertyValueSpecification\",\"valueRequired\":true,\"valueName\":\"search_term_string\"}}],\"inLanguage\":\"es\"},{\"@type\":\"Organization\",\"@id\":\"https:\\\/\\\/imecaf.com\\\/blog\\\/#organization\",\"name\":\"IMECAF - Instituto Mexicano de Contabilidad, Administraci\u00f3n y Finanzas\",\"url\":\"https:\\\/\\\/imecaf.com\\\/blog\\\/\",\"logo\":{\"@type\":\"ImageObject\",\"inLanguage\":\"es\",\"@id\":\"https:\\\/\\\/imecaf.com\\\/blog\\\/#\\\/schema\\\/logo\\\/image\\\/\",\"url\":\"https:\\\/\\\/imecaf.com\\\/blog\\\/wp-content\\\/uploads\\\/IMECAF.Logo_.25.png\",\"contentUrl\":\"https:\\\/\\\/imecaf.com\\\/blog\\\/wp-content\\\/uploads\\\/IMECAF.Logo_.25.png\",\"width\":350,\"height\":350,\"caption\":\"IMECAF - Instituto Mexicano de Contabilidad, Administraci\u00f3n y Finanzas\"},\"image\":{\"@id\":\"https:\\\/\\\/imecaf.com\\\/blog\\\/#\\\/schema\\\/logo\\\/image\\\/\"},\"sameAs\":[\"https:\\\/\\\/www.facebook.com\\\/IMECAF\",\"https:\\\/\\\/x.com\\\/imecaf\",\"https:\\\/\\\/www.linkedin.com\\\/company\\\/imecaf\\\/\",\"https:\\\/\\\/www.youtube.com\\\/imecaf\",\"https:\\\/\\\/www.instagram.com\\\/imecaf_mx\\\/\",\"https:\\\/\\\/imecaf.negocio.site\\\/\"]},{\"@type\":\"Person\",\"@id\":\"https:\\\/\\\/imecaf.com\\\/blog\\\/#\\\/schema\\\/person\\\/a69b9f3972250aa0b1fdb798f094b4c7\",\"name\":\"Equipo de IMECAF\",\"image\":{\"@type\":\"ImageObject\",\"inLanguage\":\"es\",\"@id\":\"https:\\\/\\\/secure.gravatar.com\\\/avatar\\\/4b4242953c12937bd47e298d7922b4d01ffafe2955ce4235d318b8950782aa13?s=96&d=mm&r=g\",\"url\":\"https:\\\/\\\/secure.gravatar.com\\\/avatar\\\/4b4242953c12937bd47e298d7922b4d01ffafe2955ce4235d318b8950782aa13?s=96&d=mm&r=g\",\"contentUrl\":\"https:\\\/\\\/secure.gravatar.com\\\/avatar\\\/4b4242953c12937bd47e298d7922b4d01ffafe2955ce4235d318b8950782aa13?s=96&d=mm&r=g\",\"caption\":\"Equipo de IMECAF\"},\"url\":\"https:\\\/\\\/imecaf.com\\\/blog\\\/author\\\/mfonticoba\\\/\"}]}<\/script>\n<!-- \/ Yoast SEO plugin. -->","yoast_head_json":{"title":"Redacci\u00f3n y Ortograf\u00eda: Claves para una Comunicaci\u00f3n Efectiva","description":"Redacci\u00f3n y Ortograf\u00eda: Claves para una comunicaci\u00f3n efectiva. Reglas b\u00e1sicas, acentuaci\u00f3n, puntuaci\u00f3n, uso de ciertas letras y m\u00e1s.","robots":{"index":"index","follow":"follow","max-snippet":"max-snippet:-1","max-image-preview":"max-image-preview:large","max-video-preview":"max-video-preview:-1"},"canonical":"https:\/\/imecaf.com\/blog\/2024\/03\/06\/redaccion-y-ortografia-claves-para-una-comunicacion-efectiva\/","og_locale":"es_ES","og_type":"article","og_title":"Redacci\u00f3n y Ortograf\u00eda - Claves para una Comunicaci\u00f3n Efectiva","og_description":"Conoce las reglas b\u00e1sicas de ortograf\u00eda, acentuaci\u00f3n, puntuaci\u00f3n, uso de ciertas letras, etc. y aprende estrategias para estructurar mejor tu redacci\u00f3n.","og_url":"https:\/\/imecaf.com\/blog\/2024\/03\/06\/redaccion-y-ortografia-claves-para-una-comunicacion-efectiva\/","og_site_name":"IMECAF - Blog","article_publisher":"https:\/\/www.facebook.com\/IMECAF","article_published_time":"2024-03-07T00:25:02+00:00","article_modified_time":"2025-06-10T18:13:13+00:00","og_image":[{"width":2560,"height":1707,"url":"https:\/\/imecaf.com\/blog\/wp-content\/uploads\/Redaccion-y-Ortografia-Claves-para-una-Comunicacion-Efectiva-scaled.jpg","type":"image\/jpeg"}],"author":"Equipo de IMECAF","twitter_card":"summary_large_image","twitter_creator":"@imecaf","twitter_site":"@imecaf","twitter_misc":{"Escrito por":"Equipo de IMECAF","Tiempo de lectura":"13 minutos"},"schema":{"@context":"https:\/\/schema.org","@graph":[{"@type":"Article","@id":"https:\/\/imecaf.com\/blog\/2024\/03\/06\/redaccion-y-ortografia-claves-para-una-comunicacion-efectiva\/#article","isPartOf":{"@id":"https:\/\/imecaf.com\/blog\/2024\/03\/06\/redaccion-y-ortografia-claves-para-una-comunicacion-efectiva\/"},"author":{"name":"Equipo de IMECAF","@id":"https:\/\/imecaf.com\/blog\/#\/schema\/person\/a69b9f3972250aa0b1fdb798f094b4c7"},"headline":"Redacci\u00f3n y Ortograf\u00eda: Claves para una Comunicaci\u00f3n Efectiva","datePublished":"2024-03-07T00:25:02+00:00","dateModified":"2025-06-10T18:13:13+00:00","mainEntityOfPage":{"@id":"https:\/\/imecaf.com\/blog\/2024\/03\/06\/redaccion-y-ortografia-claves-para-una-comunicacion-efectiva\/"},"wordCount":2592,"commentCount":2,"publisher":{"@id":"https:\/\/imecaf.com\/blog\/#organization"},"image":{"@id":"https:\/\/imecaf.com\/blog\/2024\/03\/06\/redaccion-y-ortografia-claves-para-una-comunicacion-efectiva\/#primaryimage"},"thumbnailUrl":"https:\/\/imecaf.com\/blog\/wp-content\/uploads\/Redaccion-y-Ortografia-Claves-para-una-Comunicacion-Efectiva-scaled.jpg","keywords":["como mejorar la redaccion","importancia de la ortografia","importancia de la redaccion","que es la ortografia","que es la redaccion","redaccion y ortografia","reglas de ortografia"],"articleSection":["Art\u00edculos","Desarrollo Humano"],"inLanguage":"es","potentialAction":[{"@type":"CommentAction","name":"Comment","target":["https:\/\/imecaf.com\/blog\/2024\/03\/06\/redaccion-y-ortografia-claves-para-una-comunicacion-efectiva\/#respond"]}]},{"@type":"WebPage","@id":"https:\/\/imecaf.com\/blog\/2024\/03\/06\/redaccion-y-ortografia-claves-para-una-comunicacion-efectiva\/","url":"https:\/\/imecaf.com\/blog\/2024\/03\/06\/redaccion-y-ortografia-claves-para-una-comunicacion-efectiva\/","name":"Redacci\u00f3n y Ortograf\u00eda: Claves para una Comunicaci\u00f3n Efectiva","isPartOf":{"@id":"https:\/\/imecaf.com\/blog\/#website"},"primaryImageOfPage":{"@id":"https:\/\/imecaf.com\/blog\/2024\/03\/06\/redaccion-y-ortografia-claves-para-una-comunicacion-efectiva\/#primaryimage"},"image":{"@id":"https:\/\/imecaf.com\/blog\/2024\/03\/06\/redaccion-y-ortografia-claves-para-una-comunicacion-efectiva\/#primaryimage"},"thumbnailUrl":"https:\/\/imecaf.com\/blog\/wp-content\/uploads\/Redaccion-y-Ortografia-Claves-para-una-Comunicacion-Efectiva-scaled.jpg","datePublished":"2024-03-07T00:25:02+00:00","dateModified":"2025-06-10T18:13:13+00:00","description":"Redacci\u00f3n y Ortograf\u00eda: Claves para una comunicaci\u00f3n efectiva. Reglas b\u00e1sicas, acentuaci\u00f3n, puntuaci\u00f3n, uso de ciertas letras y m\u00e1s.","breadcrumb":{"@id":"https:\/\/imecaf.com\/blog\/2024\/03\/06\/redaccion-y-ortografia-claves-para-una-comunicacion-efectiva\/#breadcrumb"},"inLanguage":"es","potentialAction":[{"@type":"ReadAction","target":["https:\/\/imecaf.com\/blog\/2024\/03\/06\/redaccion-y-ortografia-claves-para-una-comunicacion-efectiva\/"]}]},{"@type":"ImageObject","inLanguage":"es","@id":"https:\/\/imecaf.com\/blog\/2024\/03\/06\/redaccion-y-ortografia-claves-para-una-comunicacion-efectiva\/#primaryimage","url":"https:\/\/imecaf.com\/blog\/wp-content\/uploads\/Redaccion-y-Ortografia-Claves-para-una-Comunicacion-Efectiva-scaled.jpg","contentUrl":"https:\/\/imecaf.com\/blog\/wp-content\/uploads\/Redaccion-y-Ortografia-Claves-para-una-Comunicacion-Efectiva-scaled.jpg","width":2560,"height":1707,"caption":"Redacci\u00f3n y Ortograf\u00eda - Claves para una Comunicaci\u00f3n Efectiva"},{"@type":"BreadcrumbList","@id":"https:\/\/imecaf.com\/blog\/2024\/03\/06\/redaccion-y-ortografia-claves-para-una-comunicacion-efectiva\/#breadcrumb","itemListElement":[{"@type":"ListItem","position":1,"name":"Portada","item":"https:\/\/imecaf.com\/blog\/"},{"@type":"ListItem","position":2,"name":"Redacci\u00f3n y Ortograf\u00eda: Claves para una Comunicaci\u00f3n Efectiva"}]},{"@type":"WebSite","@id":"https:\/\/imecaf.com\/blog\/#website","url":"https:\/\/imecaf.com\/blog\/","name":"IMECAF","description":"Un lugar para expresar y compartir inquietudes dentro del mundo de la educaci\u00f3n.","publisher":{"@id":"https:\/\/imecaf.com\/blog\/#organization"},"potentialAction":[{"@type":"SearchAction","target":{"@type":"EntryPoint","urlTemplate":"https:\/\/imecaf.com\/blog\/?s={search_term_string}"},"query-input":{"@type":"PropertyValueSpecification","valueRequired":true,"valueName":"search_term_string"}}],"inLanguage":"es"},{"@type":"Organization","@id":"https:\/\/imecaf.com\/blog\/#organization","name":"IMECAF - Instituto Mexicano de Contabilidad, Administraci\u00f3n y Finanzas","url":"https:\/\/imecaf.com\/blog\/","logo":{"@type":"ImageObject","inLanguage":"es","@id":"https:\/\/imecaf.com\/blog\/#\/schema\/logo\/image\/","url":"https:\/\/imecaf.com\/blog\/wp-content\/uploads\/IMECAF.Logo_.25.png","contentUrl":"https:\/\/imecaf.com\/blog\/wp-content\/uploads\/IMECAF.Logo_.25.png","width":350,"height":350,"caption":"IMECAF - Instituto Mexicano de Contabilidad, Administraci\u00f3n y Finanzas"},"image":{"@id":"https:\/\/imecaf.com\/blog\/#\/schema\/logo\/image\/"},"sameAs":["https:\/\/www.facebook.com\/IMECAF","https:\/\/x.com\/imecaf","https:\/\/www.linkedin.com\/company\/imecaf\/","https:\/\/www.youtube.com\/imecaf","https:\/\/www.instagram.com\/imecaf_mx\/","https:\/\/imecaf.negocio.site\/"]},{"@type":"Person","@id":"https:\/\/imecaf.com\/blog\/#\/schema\/person\/a69b9f3972250aa0b1fdb798f094b4c7","name":"Equipo de IMECAF","image":{"@type":"ImageObject","inLanguage":"es","@id":"https:\/\/secure.gravatar.com\/avatar\/4b4242953c12937bd47e298d7922b4d01ffafe2955ce4235d318b8950782aa13?s=96&d=mm&r=g","url":"https:\/\/secure.gravatar.com\/avatar\/4b4242953c12937bd47e298d7922b4d01ffafe2955ce4235d318b8950782aa13?s=96&d=mm&r=g","contentUrl":"https:\/\/secure.gravatar.com\/avatar\/4b4242953c12937bd47e298d7922b4d01ffafe2955ce4235d318b8950782aa13?s=96&d=mm&r=g","caption":"Equipo de IMECAF"},"url":"https:\/\/imecaf.com\/blog\/author\/mfonticoba\/"}]}},"_links":{"self":[{"href":"https:\/\/imecaf.com\/blog\/wp-json\/wp\/v2\/posts\/14002","targetHints":{"allow":["GET"]}}],"collection":[{"href":"https:\/\/imecaf.com\/blog\/wp-json\/wp\/v2\/posts"}],"about":[{"href":"https:\/\/imecaf.com\/blog\/wp-json\/wp\/v2\/types\/post"}],"author":[{"embeddable":true,"href":"https:\/\/imecaf.com\/blog\/wp-json\/wp\/v2\/users\/2"}],"replies":[{"embeddable":true,"href":"https:\/\/imecaf.com\/blog\/wp-json\/wp\/v2\/comments?post=14002"}],"version-history":[{"count":1,"href":"https:\/\/imecaf.com\/blog\/wp-json\/wp\/v2\/posts\/14002\/revisions"}],"predecessor-version":[{"id":17937,"href":"https:\/\/imecaf.com\/blog\/wp-json\/wp\/v2\/posts\/14002\/revisions\/17937"}],"wp:featuredmedia":[{"embeddable":true,"href":"https:\/\/imecaf.com\/blog\/wp-json\/wp\/v2\/media\/14003"}],"wp:attachment":[{"href":"https:\/\/imecaf.com\/blog\/wp-json\/wp\/v2\/media?parent=14002"}],"wp:term":[{"taxonomy":"category","embeddable":true,"href":"https:\/\/imecaf.com\/blog\/wp-json\/wp\/v2\/categories?post=14002"},{"taxonomy":"post_tag","embeddable":true,"href":"https:\/\/imecaf.com\/blog\/wp-json\/wp\/v2\/tags?post=14002"}],"curies":[{"name":"wp","href":"https:\/\/api.w.org\/{rel}","templated":true}]}}