{"id":14252,"date":"2024-03-30T16:51:00","date_gmt":"2024-03-30T22:51:00","guid":{"rendered":"http:\/\/imecaf.com\/blog\/?p=14252"},"modified":"2024-03-31T17:00:33","modified_gmt":"2024-03-31T23:00:33","slug":"los-ricos-pagan-tasas-muy-bajas-de-impuestos","status":"publish","type":"post","link":"https:\/\/imecaf.com\/blog\/2024\/03\/30\/los-ricos-pagan-tasas-muy-bajas-de-impuestos\/","title":{"rendered":"Los ricos pagan tasas muy bajas de impuestos"},"content":{"rendered":"<span class=\"span-reading-time rt-reading-time\" style=\"display: block;\"><span class=\"rt-label rt-prefix\">Tiempo de lectura:<\/span> <span class=\"rt-time\"> &lt; 1<\/span> <span class=\"rt-label rt-postfix\">minuto<\/span><\/span>\n<p>\u00abLa apreciaci\u00f3n de los bienes de capital ya est\u00e1 gravada a una tasa extremadamente favorable en comparaci\u00f3n con el trabajo. Es por eso que los ricos pagan una tasa efectiva de impuestos tan baja, sin importar cu\u00e1l sea su nivel impositivo marginal.\u00bb<\/p>\n\n\n\n<p>James Bennett Stewart (1952- ) Abogado, periodista y autor estadounidense.<\/p>\n","protected":false},"excerpt":{"rendered":"<p>\u00abLa apreciaci\u00f3n de los bienes de capital ya est\u00e1 gravada a una tasa extremadamente favorable en comparaci\u00f3n con el trabajo. Es por eso que los ricos pagan una tasa efectiva de impuestos tan baja, sin importar cu\u00e1l sea su nivel impositivo marginal.\u00bb James Bennett Stewart (1952- ) Abogado, periodista y autor estadounidense.<\/p>\n","protected":false},"author":2,"featured_media":0,"comment_status":"open","ping_status":"closed","sticky":false,"template":"","format":"standard","meta":{"footnotes":""},"categories":[9,665],"tags":[10331,3745,1737,19,3360,10332,8235,79,8868,689,1041,10333,8917,3731,1551,1549,4286,1294],"class_list":["post-14252","post","type-post","status-publish","format-standard","hentry","category-fiscal","category-frases-celebres-fiscal","tag-apreciacion","tag-bajo","tag-bien","tag-blog-imecaf","tag-capital","tag-comparacion-2","tag-favorable","tag-fiscal-2","tag-frase-celebre-2","tag-gravar","tag-impuesto","tag-james-b-stewart","tag-marginal","tag-nivel","tag-pagar","tag-rico","tag-tasa","tag-trabajo"],"yoast_head":"<!-- This site is optimized with the Yoast SEO plugin v27.5 - https:\/\/yoast.com\/product\/yoast-seo-wordpress\/ -->\n<title>Los ricos pagan tasas muy bajas de impuestos - IMECAF - Blog<\/title>\n<meta name=\"robots\" content=\"index, follow, max-snippet:-1, max-image-preview:large, max-video-preview:-1\" \/>\n<link rel=\"canonical\" href=\"https:\/\/imecaf.com\/blog\/2024\/03\/30\/los-ricos-pagan-tasas-muy-bajas-de-impuestos\/\" \/>\n<meta property=\"og:locale\" content=\"es_ES\" \/>\n<meta property=\"og:type\" content=\"article\" \/>\n<meta property=\"og:title\" content=\"Los ricos pagan tasas muy bajas de impuestos - IMECAF - Blog\" \/>\n<meta property=\"og:description\" content=\"\u00abLa apreciaci\u00f3n de los bienes de capital ya est\u00e1 gravada a una tasa extremadamente favorable en comparaci\u00f3n con el trabajo. Es por eso que los ricos pagan una tasa efectiva de impuestos tan baja, sin importar cu\u00e1l sea su nivel impositivo marginal.\u00bb James Bennett Stewart (1952- ) Abogado, periodista y autor estadounidense.\" \/>\n<meta property=\"og:url\" content=\"https:\/\/imecaf.com\/blog\/2024\/03\/30\/los-ricos-pagan-tasas-muy-bajas-de-impuestos\/\" \/>\n<meta property=\"og:site_name\" content=\"IMECAF - Blog\" \/>\n<meta property=\"article:publisher\" content=\"https:\/\/www.facebook.com\/IMECAF\" \/>\n<meta property=\"article:published_time\" content=\"2024-03-30T22:51:00+00:00\" \/>\n<meta property=\"article:modified_time\" content=\"2024-03-31T23:00:33+00:00\" \/>\n<meta name=\"author\" content=\"Equipo de IMECAF\" \/>\n<meta name=\"twitter:card\" content=\"summary_large_image\" \/>\n<meta name=\"twitter:creator\" content=\"@imecaf\" \/>\n<meta name=\"twitter:site\" content=\"@imecaf\" \/>\n<meta name=\"twitter:label1\" content=\"Escrito por\" \/>\n\t<meta name=\"twitter:data1\" content=\"Equipo de IMECAF\" \/>\n\t<meta name=\"twitter:label2\" content=\"Tiempo de lectura\" \/>\n\t<meta name=\"twitter:data2\" content=\"1 minuto\" \/>\n<script type=\"application\/ld+json\" class=\"yoast-schema-graph\">{\"@context\":\"https:\\\/\\\/schema.org\",\"@graph\":[{\"@type\":\"Article\",\"@id\":\"https:\\\/\\\/imecaf.com\\\/blog\\\/2024\\\/03\\\/30\\\/los-ricos-pagan-tasas-muy-bajas-de-impuestos\\\/#article\",\"isPartOf\":{\"@id\":\"https:\\\/\\\/imecaf.com\\\/blog\\\/2024\\\/03\\\/30\\\/los-ricos-pagan-tasas-muy-bajas-de-impuestos\\\/\"},\"author\":{\"name\":\"Equipo de IMECAF\",\"@id\":\"https:\\\/\\\/imecaf.com\\\/blog\\\/#\\\/schema\\\/person\\\/a69b9f3972250aa0b1fdb798f094b4c7\"},\"headline\":\"Los ricos pagan tasas muy bajas de impuestos\",\"datePublished\":\"2024-03-30T22:51:00+00:00\",\"dateModified\":\"2024-03-31T23:00:33+00:00\",\"mainEntityOfPage\":{\"@id\":\"https:\\\/\\\/imecaf.com\\\/blog\\\/2024\\\/03\\\/30\\\/los-ricos-pagan-tasas-muy-bajas-de-impuestos\\\/\"},\"wordCount\":62,\"commentCount\":0,\"publisher\":{\"@id\":\"https:\\\/\\\/imecaf.com\\\/blog\\\/#organization\"},\"keywords\":[\"apreciacion\",\"bajo\",\"bien\",\"blog IMECAF\",\"capital\",\"comparacion\",\"favorable\",\"fiscal\",\"frase celebre\",\"gravar\",\"impuesto\",\"james b. stewart\",\"marginal\",\"nivel\",\"pagar\",\"rico\",\"tasa\",\"trabajo\"],\"articleSection\":[\"Fiscal\",\"Frases C\u00e9lebres\"],\"inLanguage\":\"es\",\"potentialAction\":[{\"@type\":\"CommentAction\",\"name\":\"Comment\",\"target\":[\"https:\\\/\\\/imecaf.com\\\/blog\\\/2024\\\/03\\\/30\\\/los-ricos-pagan-tasas-muy-bajas-de-impuestos\\\/#respond\"]}]},{\"@type\":\"WebPage\",\"@id\":\"https:\\\/\\\/imecaf.com\\\/blog\\\/2024\\\/03\\\/30\\\/los-ricos-pagan-tasas-muy-bajas-de-impuestos\\\/\",\"url\":\"https:\\\/\\\/imecaf.com\\\/blog\\\/2024\\\/03\\\/30\\\/los-ricos-pagan-tasas-muy-bajas-de-impuestos\\\/\",\"name\":\"Los ricos pagan tasas muy bajas de impuestos - IMECAF - Blog\",\"isPartOf\":{\"@id\":\"https:\\\/\\\/imecaf.com\\\/blog\\\/#website\"},\"datePublished\":\"2024-03-30T22:51:00+00:00\",\"dateModified\":\"2024-03-31T23:00:33+00:00\",\"breadcrumb\":{\"@id\":\"https:\\\/\\\/imecaf.com\\\/blog\\\/2024\\\/03\\\/30\\\/los-ricos-pagan-tasas-muy-bajas-de-impuestos\\\/#breadcrumb\"},\"inLanguage\":\"es\",\"potentialAction\":[{\"@type\":\"ReadAction\",\"target\":[\"https:\\\/\\\/imecaf.com\\\/blog\\\/2024\\\/03\\\/30\\\/los-ricos-pagan-tasas-muy-bajas-de-impuestos\\\/\"]}]},{\"@type\":\"BreadcrumbList\",\"@id\":\"https:\\\/\\\/imecaf.com\\\/blog\\\/2024\\\/03\\\/30\\\/los-ricos-pagan-tasas-muy-bajas-de-impuestos\\\/#breadcrumb\",\"itemListElement\":[{\"@type\":\"ListItem\",\"position\":1,\"name\":\"Portada\",\"item\":\"https:\\\/\\\/imecaf.com\\\/blog\\\/\"},{\"@type\":\"ListItem\",\"position\":2,\"name\":\"Los ricos pagan tasas muy bajas de impuestos\"}]},{\"@type\":\"WebSite\",\"@id\":\"https:\\\/\\\/imecaf.com\\\/blog\\\/#website\",\"url\":\"https:\\\/\\\/imecaf.com\\\/blog\\\/\",\"name\":\"IMECAF\",\"description\":\"Un lugar para expresar y compartir inquietudes dentro del mundo de la educaci\u00f3n.\",\"publisher\":{\"@id\":\"https:\\\/\\\/imecaf.com\\\/blog\\\/#organization\"},\"potentialAction\":[{\"@type\":\"SearchAction\",\"target\":{\"@type\":\"EntryPoint\",\"urlTemplate\":\"https:\\\/\\\/imecaf.com\\\/blog\\\/?s={search_term_string}\"},\"query-input\":{\"@type\":\"PropertyValueSpecification\",\"valueRequired\":true,\"valueName\":\"search_term_string\"}}],\"inLanguage\":\"es\"},{\"@type\":\"Organization\",\"@id\":\"https:\\\/\\\/imecaf.com\\\/blog\\\/#organization\",\"name\":\"IMECAF - Instituto Mexicano de Contabilidad, Administraci\u00f3n y Finanzas\",\"url\":\"https:\\\/\\\/imecaf.com\\\/blog\\\/\",\"logo\":{\"@type\":\"ImageObject\",\"inLanguage\":\"es\",\"@id\":\"https:\\\/\\\/imecaf.com\\\/blog\\\/#\\\/schema\\\/logo\\\/image\\\/\",\"url\":\"https:\\\/\\\/imecaf.com\\\/blog\\\/wp-content\\\/uploads\\\/IMECAF.Logo_.25.png\",\"contentUrl\":\"https:\\\/\\\/imecaf.com\\\/blog\\\/wp-content\\\/uploads\\\/IMECAF.Logo_.25.png\",\"width\":350,\"height\":350,\"caption\":\"IMECAF - Instituto Mexicano de Contabilidad, Administraci\u00f3n y Finanzas\"},\"image\":{\"@id\":\"https:\\\/\\\/imecaf.com\\\/blog\\\/#\\\/schema\\\/logo\\\/image\\\/\"},\"sameAs\":[\"https:\\\/\\\/www.facebook.com\\\/IMECAF\",\"https:\\\/\\\/x.com\\\/imecaf\",\"https:\\\/\\\/www.linkedin.com\\\/company\\\/imecaf\\\/\",\"https:\\\/\\\/www.youtube.com\\\/imecaf\",\"https:\\\/\\\/www.instagram.com\\\/imecaf_mx\\\/\",\"https:\\\/\\\/imecaf.negocio.site\\\/\"]},{\"@type\":\"Person\",\"@id\":\"https:\\\/\\\/imecaf.com\\\/blog\\\/#\\\/schema\\\/person\\\/a69b9f3972250aa0b1fdb798f094b4c7\",\"name\":\"Equipo de IMECAF\",\"image\":{\"@type\":\"ImageObject\",\"inLanguage\":\"es\",\"@id\":\"https:\\\/\\\/secure.gravatar.com\\\/avatar\\\/4b4242953c12937bd47e298d7922b4d01ffafe2955ce4235d318b8950782aa13?s=96&d=mm&r=g\",\"url\":\"https:\\\/\\\/secure.gravatar.com\\\/avatar\\\/4b4242953c12937bd47e298d7922b4d01ffafe2955ce4235d318b8950782aa13?s=96&d=mm&r=g\",\"contentUrl\":\"https:\\\/\\\/secure.gravatar.com\\\/avatar\\\/4b4242953c12937bd47e298d7922b4d01ffafe2955ce4235d318b8950782aa13?s=96&d=mm&r=g\",\"caption\":\"Equipo de IMECAF\"},\"url\":\"https:\\\/\\\/imecaf.com\\\/blog\\\/author\\\/mfonticoba\\\/\"}]}<\/script>\n<!-- \/ Yoast SEO plugin. -->","yoast_head_json":{"title":"Los ricos pagan tasas muy bajas de impuestos - IMECAF - Blog","robots":{"index":"index","follow":"follow","max-snippet":"max-snippet:-1","max-image-preview":"max-image-preview:large","max-video-preview":"max-video-preview:-1"},"canonical":"https:\/\/imecaf.com\/blog\/2024\/03\/30\/los-ricos-pagan-tasas-muy-bajas-de-impuestos\/","og_locale":"es_ES","og_type":"article","og_title":"Los ricos pagan tasas muy bajas de impuestos - IMECAF - Blog","og_description":"\u00abLa apreciaci\u00f3n de los bienes de capital ya est\u00e1 gravada a una tasa extremadamente favorable en comparaci\u00f3n con el trabajo. Es por eso que los ricos pagan una tasa efectiva de impuestos tan baja, sin importar cu\u00e1l sea su nivel impositivo marginal.\u00bb James Bennett Stewart (1952- ) Abogado, periodista y autor estadounidense.","og_url":"https:\/\/imecaf.com\/blog\/2024\/03\/30\/los-ricos-pagan-tasas-muy-bajas-de-impuestos\/","og_site_name":"IMECAF - Blog","article_publisher":"https:\/\/www.facebook.com\/IMECAF","article_published_time":"2024-03-30T22:51:00+00:00","article_modified_time":"2024-03-31T23:00:33+00:00","author":"Equipo de IMECAF","twitter_card":"summary_large_image","twitter_creator":"@imecaf","twitter_site":"@imecaf","twitter_misc":{"Escrito por":"Equipo de IMECAF","Tiempo de lectura":"1 minuto"},"schema":{"@context":"https:\/\/schema.org","@graph":[{"@type":"Article","@id":"https:\/\/imecaf.com\/blog\/2024\/03\/30\/los-ricos-pagan-tasas-muy-bajas-de-impuestos\/#article","isPartOf":{"@id":"https:\/\/imecaf.com\/blog\/2024\/03\/30\/los-ricos-pagan-tasas-muy-bajas-de-impuestos\/"},"author":{"name":"Equipo de IMECAF","@id":"https:\/\/imecaf.com\/blog\/#\/schema\/person\/a69b9f3972250aa0b1fdb798f094b4c7"},"headline":"Los ricos pagan tasas muy bajas de impuestos","datePublished":"2024-03-30T22:51:00+00:00","dateModified":"2024-03-31T23:00:33+00:00","mainEntityOfPage":{"@id":"https:\/\/imecaf.com\/blog\/2024\/03\/30\/los-ricos-pagan-tasas-muy-bajas-de-impuestos\/"},"wordCount":62,"commentCount":0,"publisher":{"@id":"https:\/\/imecaf.com\/blog\/#organization"},"keywords":["apreciacion","bajo","bien","blog IMECAF","capital","comparacion","favorable","fiscal","frase celebre","gravar","impuesto","james b. stewart","marginal","nivel","pagar","rico","tasa","trabajo"],"articleSection":["Fiscal","Frases C\u00e9lebres"],"inLanguage":"es","potentialAction":[{"@type":"CommentAction","name":"Comment","target":["https:\/\/imecaf.com\/blog\/2024\/03\/30\/los-ricos-pagan-tasas-muy-bajas-de-impuestos\/#respond"]}]},{"@type":"WebPage","@id":"https:\/\/imecaf.com\/blog\/2024\/03\/30\/los-ricos-pagan-tasas-muy-bajas-de-impuestos\/","url":"https:\/\/imecaf.com\/blog\/2024\/03\/30\/los-ricos-pagan-tasas-muy-bajas-de-impuestos\/","name":"Los ricos pagan tasas muy bajas de impuestos - IMECAF - Blog","isPartOf":{"@id":"https:\/\/imecaf.com\/blog\/#website"},"datePublished":"2024-03-30T22:51:00+00:00","dateModified":"2024-03-31T23:00:33+00:00","breadcrumb":{"@id":"https:\/\/imecaf.com\/blog\/2024\/03\/30\/los-ricos-pagan-tasas-muy-bajas-de-impuestos\/#breadcrumb"},"inLanguage":"es","potentialAction":[{"@type":"ReadAction","target":["https:\/\/imecaf.com\/blog\/2024\/03\/30\/los-ricos-pagan-tasas-muy-bajas-de-impuestos\/"]}]},{"@type":"BreadcrumbList","@id":"https:\/\/imecaf.com\/blog\/2024\/03\/30\/los-ricos-pagan-tasas-muy-bajas-de-impuestos\/#breadcrumb","itemListElement":[{"@type":"ListItem","position":1,"name":"Portada","item":"https:\/\/imecaf.com\/blog\/"},{"@type":"ListItem","position":2,"name":"Los ricos pagan tasas muy bajas de impuestos"}]},{"@type":"WebSite","@id":"https:\/\/imecaf.com\/blog\/#website","url":"https:\/\/imecaf.com\/blog\/","name":"IMECAF","description":"Un lugar para expresar y compartir inquietudes dentro del mundo de la educaci\u00f3n.","publisher":{"@id":"https:\/\/imecaf.com\/blog\/#organization"},"potentialAction":[{"@type":"SearchAction","target":{"@type":"EntryPoint","urlTemplate":"https:\/\/imecaf.com\/blog\/?s={search_term_string}"},"query-input":{"@type":"PropertyValueSpecification","valueRequired":true,"valueName":"search_term_string"}}],"inLanguage":"es"},{"@type":"Organization","@id":"https:\/\/imecaf.com\/blog\/#organization","name":"IMECAF - Instituto Mexicano de Contabilidad, Administraci\u00f3n y Finanzas","url":"https:\/\/imecaf.com\/blog\/","logo":{"@type":"ImageObject","inLanguage":"es","@id":"https:\/\/imecaf.com\/blog\/#\/schema\/logo\/image\/","url":"https:\/\/imecaf.com\/blog\/wp-content\/uploads\/IMECAF.Logo_.25.png","contentUrl":"https:\/\/imecaf.com\/blog\/wp-content\/uploads\/IMECAF.Logo_.25.png","width":350,"height":350,"caption":"IMECAF - Instituto Mexicano de Contabilidad, Administraci\u00f3n y Finanzas"},"image":{"@id":"https:\/\/imecaf.com\/blog\/#\/schema\/logo\/image\/"},"sameAs":["https:\/\/www.facebook.com\/IMECAF","https:\/\/x.com\/imecaf","https:\/\/www.linkedin.com\/company\/imecaf\/","https:\/\/www.youtube.com\/imecaf","https:\/\/www.instagram.com\/imecaf_mx\/","https:\/\/imecaf.negocio.site\/"]},{"@type":"Person","@id":"https:\/\/imecaf.com\/blog\/#\/schema\/person\/a69b9f3972250aa0b1fdb798f094b4c7","name":"Equipo de IMECAF","image":{"@type":"ImageObject","inLanguage":"es","@id":"https:\/\/secure.gravatar.com\/avatar\/4b4242953c12937bd47e298d7922b4d01ffafe2955ce4235d318b8950782aa13?s=96&d=mm&r=g","url":"https:\/\/secure.gravatar.com\/avatar\/4b4242953c12937bd47e298d7922b4d01ffafe2955ce4235d318b8950782aa13?s=96&d=mm&r=g","contentUrl":"https:\/\/secure.gravatar.com\/avatar\/4b4242953c12937bd47e298d7922b4d01ffafe2955ce4235d318b8950782aa13?s=96&d=mm&r=g","caption":"Equipo de IMECAF"},"url":"https:\/\/imecaf.com\/blog\/author\/mfonticoba\/"}]}},"_links":{"self":[{"href":"https:\/\/imecaf.com\/blog\/wp-json\/wp\/v2\/posts\/14252","targetHints":{"allow":["GET"]}}],"collection":[{"href":"https:\/\/imecaf.com\/blog\/wp-json\/wp\/v2\/posts"}],"about":[{"href":"https:\/\/imecaf.com\/blog\/wp-json\/wp\/v2\/types\/post"}],"author":[{"embeddable":true,"href":"https:\/\/imecaf.com\/blog\/wp-json\/wp\/v2\/users\/2"}],"replies":[{"embeddable":true,"href":"https:\/\/imecaf.com\/blog\/wp-json\/wp\/v2\/comments?post=14252"}],"version-history":[{"count":0,"href":"https:\/\/imecaf.com\/blog\/wp-json\/wp\/v2\/posts\/14252\/revisions"}],"wp:attachment":[{"href":"https:\/\/imecaf.com\/blog\/wp-json\/wp\/v2\/media?parent=14252"}],"wp:term":[{"taxonomy":"category","embeddable":true,"href":"https:\/\/imecaf.com\/blog\/wp-json\/wp\/v2\/categories?post=14252"},{"taxonomy":"post_tag","embeddable":true,"href":"https:\/\/imecaf.com\/blog\/wp-json\/wp\/v2\/tags?post=14252"}],"curies":[{"name":"wp","href":"https:\/\/api.w.org\/{rel}","templated":true}]}}