{"id":14472,"date":"2024-04-25T19:45:05","date_gmt":"2024-04-26T01:45:05","guid":{"rendered":"http:\/\/imecaf.com\/blog\/?p=14472"},"modified":"2024-12-02T14:04:28","modified_gmt":"2024-12-02T20:04:28","slug":"gestion-de-proyectos-conceptos-basicos","status":"publish","type":"post","link":"https:\/\/imecaf.com\/blog\/2024\/04\/25\/gestion-de-proyectos-conceptos-basicos\/","title":{"rendered":"Gesti\u00f3n de Proyectos: Conceptos B\u00e1sicos"},"content":{"rendered":"<span class=\"span-reading-time rt-reading-time\" style=\"display: block;\"><span class=\"rt-label rt-prefix\">Tiempo de lectura:<\/span> <span class=\"rt-time\"> 20<\/span> <span class=\"rt-label rt-postfix\">minutos<\/span><\/span>\n<figure class=\"wp-block-image size-full\"><a href=\"http:\/\/imecaf.com\/blog\/wp-content\/uploads\/Gestion-de-proyectos-1.jpg\"><img loading=\"lazy\" decoding=\"async\" width=\"1000\" height=\"667\" src=\"http:\/\/imecaf.com\/blog\/wp-content\/uploads\/Gestion-de-proyectos-1.jpg\" alt=\"Gesti\u00f3n de Proyectos\" class=\"wp-image-14534\" srcset=\"https:\/\/imecaf.com\/blog\/wp-content\/uploads\/Gestion-de-proyectos-1.jpg 1000w, https:\/\/imecaf.com\/blog\/wp-content\/uploads\/Gestion-de-proyectos-1-300x200.jpg 300w, https:\/\/imecaf.com\/blog\/wp-content\/uploads\/Gestion-de-proyectos-1-768x512.jpg 768w\" sizes=\"auto, (max-width: 1000px) 100vw, 1000px\" \/><\/a><\/figure>\n\n\n\n<p>La <strong><a href=\"https:\/\/imecaf.com\/271\">gesti\u00f3n o administraci\u00f3n de proyectos<\/a><\/strong>, es un componente vital en cualquier empresa o sector que busque llevar a cabo iniciativas exitosas de manera eficiente y efectiva. Desde la construcci\u00f3n de infraestructuras hasta el lanzamiento de nuevos productos, la gesti\u00f3n de proyectos proporciona la estructura necesaria para planificar, ejecutar y controlar actividades complejas con el objetivo de alcanzar metas espec\u00edficas dentro de un marco de tiempo y presupuesto determinados.<\/p>\n\n\n\n<p>En este art\u00edculo, exploraremos los fundamentos esenciales de la gesti\u00f3n de proyectos, desde su definici\u00f3n hasta las estrategias avanzadas para abordar desaf\u00edos y optimizar resultados. Desde principiantes hasta profesionales experimentados, esta gu\u00eda servir\u00e1 como recurso invaluable para todos aquellos interesados en dominar el arte de la gesti\u00f3n de proyectos.<\/p>\n\n\n\n<h2 class=\"wp-block-heading\">Fundamentos de la Gesti\u00f3n de Proyectos<\/h2>\n\n\n<div class=\"wp-block-image\">\n<figure class=\"alignleft size-full is-resized\"><img loading=\"lazy\" decoding=\"async\" width=\"900\" height=\"650\" src=\"http:\/\/imecaf.com\/blog\/wp-content\/uploads\/Herramientas-y-tecnicas-de-gestion-de-proyectos-2.jpg\" alt=\"Herramientas y T\u00e9cnicas de Gesti\u00f3n de Proyectos\" class=\"wp-image-14537\" style=\"width:350px;height:auto\" srcset=\"https:\/\/imecaf.com\/blog\/wp-content\/uploads\/Herramientas-y-tecnicas-de-gestion-de-proyectos-2.jpg 900w, https:\/\/imecaf.com\/blog\/wp-content\/uploads\/Herramientas-y-tecnicas-de-gestion-de-proyectos-2-300x217.jpg 300w, https:\/\/imecaf.com\/blog\/wp-content\/uploads\/Herramientas-y-tecnicas-de-gestion-de-proyectos-2-768x555.jpg 768w\" sizes=\"auto, (max-width: 900px) 100vw, 900px\" \/><\/figure>\n<\/div>\n\n\n<p>En su esencia, un proyecto se define como un esfuerzo temporal destinado a crear un producto, servicio o resultado \u00fanico. La gesti\u00f3n de proyectos, por lo tanto, implica la aplicaci\u00f3n de conocimientos, habilidades, herramientas y t\u00e9cnicas para planificar, ejecutar y controlar actividades del proyecto con el fin de alcanzar los objetivos establecidos.<\/p>\n\n\n\n<p>La administraci\u00f3n de proyectos es crucial por varias razones. En primer lugar, proporciona una estructura para abordar la complejidad inherente a cualquier iniciativa. Al definir claramente el alcance, los objetivos y los entregables del proyecto, se minimiza la ambig\u00fcedad y se maximiza la claridad en cuanto a las expectativas y responsabilidades de todas las partes involucradas. Adem\u00e1s, ayuda a garantizar que los proyectos se completen dentro del alcance, tiempo y presupuesto previstos, mientras se cumplen los requisitos y expectativas del cliente.<\/p>\n\n\n\n<h2 class=\"wp-block-heading\">Ciclo de Vida o Fases del Proyecto<\/h2>\n\n\n\n<p>El ciclo de vida del proyecto describe las etapas a trav\u00e9s de las cuales un proyecto avanza, desde su concepci\u00f3n hasta su finalizaci\u00f3n. Estas etapas t\u00edpicamente incluyen:<\/p>\n\n\n<div class=\"wp-block-image is-style-rounded\">\n<figure class=\"alignright size-full is-resized\"><img loading=\"lazy\" decoding=\"async\" width=\"667\" height=\"667\" src=\"http:\/\/imecaf.com\/blog\/wp-content\/uploads\/Ciclo-de-vida-del-proyecto-1-edited.jpg\" alt=\"Fases o Ciclo de Vida en la Gesti\u00f3n de Proyectos\" class=\"wp-image-14479\" style=\"width:335px;height:auto\" srcset=\"https:\/\/imecaf.com\/blog\/wp-content\/uploads\/Ciclo-de-vida-del-proyecto-1-edited.jpg 667w, https:\/\/imecaf.com\/blog\/wp-content\/uploads\/Ciclo-de-vida-del-proyecto-1-edited-300x300.jpg 300w, https:\/\/imecaf.com\/blog\/wp-content\/uploads\/Ciclo-de-vida-del-proyecto-1-edited-150x150.jpg 150w\" sizes=\"auto, (max-width: 667px) 100vw, 667px\" \/><\/figure>\n<\/div>\n\n\n<ol class=\"wp-block-list\">\n<li><strong>Inicio:<\/strong> Durante esta fase, se identifican las necesidades del cliente, se definen los objetivos del proyecto y se determina la viabilidad del mismo. Los equipos exploran las posibles soluciones y desarrollan un plan preliminar para alcanzar los objetivos establecidos.<\/li>\n\n\n\n<li><strong>Planificaci\u00f3n:<\/strong> En esta etapa, se elabora un plan detallado que incluye la definici\u00f3n de alcance, la programaci\u00f3n de actividades, la asignaci\u00f3n de recursos y la estimaci\u00f3n de costos. Se establecen los procesos y procedimientos que guiar\u00e1n la ejecuci\u00f3n del proyecto y se identifican los riesgos potenciales.<\/li>\n\n\n\n<li><strong>Ejecuci\u00f3n:<\/strong> Durante la fase de ejecuci\u00f3n, se implementan las actividades planificadas y se lleva a cabo la coordinaci\u00f3n de recursos humanos y materiales. Los equipos trabajan en conjunto para alcanzar los hitos del proyecto y cumplir con los objetivos establecidos en el plan.<\/li>\n\n\n\n<li><strong>Seguimiento y Control:<\/strong> En esta etapa, se monitorea el progreso del proyecto, se comparan los resultados obtenidos con los objetivos establecidos y se toman medidas correctivas seg\u00fan sea necesario. Se revisan y actualizan regularmente los planes y se comunican los avances a todas las partes interesadas.<\/li>\n\n\n\n<li><strong>Cierre:<\/strong> La fase de cierre marca la finalizaci\u00f3n formal del proyecto y la entrega de los entregables al cliente. Se realizan evaluaciones finales para revisar el rendimiento del equipo, se documentan lecciones aprendidas y se celebran los logros alcanzados. Adem\u00e1s, se cierran los contratos y se liberan los recursos para su reutilizaci\u00f3n en otros proyectos.<\/li>\n<\/ol>\n\n\n\n<p>Cada etapa del ciclo de vida del proyecto presenta sus propios desaf\u00edos y requisitos \u00fanicos, y la gesti\u00f3n eficaz del mismo requiere una atenci\u00f3n cuidadosa a cada una de ellas.<\/p>\n\n\n\n<h2 class=\"wp-block-heading\">Herramientas y T\u00e9cnicas de Gesti\u00f3n de Proyectos<\/h2>\n\n\n\n<p>Una serie de herramientas y t\u00e9cnicas est\u00e1n disponibles para ayudar a los gerentes de proyectos a planificar, ejecutar y controlar las actividades del proyecto de manera efectiva. Algunas de las herramientas m\u00e1s comunes incluyen:<\/p>\n\n\n\n<h3 class=\"wp-block-heading\"><strong>Diagrama de Gantt<\/strong><\/h3>\n\n\n<div class=\"wp-block-image\">\n<figure class=\"alignleft size-full is-resized\"><img loading=\"lazy\" decoding=\"async\" width=\"900\" height=\"506\" src=\"http:\/\/imecaf.com\/blog\/wp-content\/uploads\/diagrama-gantt-edited-1.jpg\" alt=\"Diagrama de Gantt\" class=\"wp-image-14484\" style=\"width:444px;height:auto\" srcset=\"https:\/\/imecaf.com\/blog\/wp-content\/uploads\/diagrama-gantt-edited-1.jpg 900w, https:\/\/imecaf.com\/blog\/wp-content\/uploads\/diagrama-gantt-edited-1-300x169.jpg 300w, https:\/\/imecaf.com\/blog\/wp-content\/uploads\/diagrama-gantt-edited-1-768x432.jpg 768w\" sizes=\"auto, (max-width: 900px) 100vw, 900px\" \/><\/figure>\n<\/div>\n\n\n<p>El Diagrama de Gantt es una herramienta visual que muestra las actividades del proyecto en un calendario, permitiendo la planificaci\u00f3n y programaci\u00f3n de tareas de manera eficiente. Adem\u00e1s de representar las fechas de inicio y finalizaci\u00f3n de cada actividad, el Diagrama de Gantt tambi\u00e9n ilustra la secuencia y la duraci\u00f3n de las tareas. Esto facilita la identificaci\u00f3n de dependencias entre actividades, lo que ayuda a asignar recursos de manera efectiva y optimizar el cronograma del proyecto. Adem\u00e1s, el Diagrama de Gantt permite realizar un seguimiento del progreso del proyecto, lo que ayuda a mantenerlo dentro del plazo establecido y a responder r\u00e1pidamente a cualquier desviaci\u00f3n del plan.<\/p>\n\n\n\n<h3 class=\"wp-block-heading\"><strong>PERT\/CPM<\/strong><\/h3>\n\n\n<div class=\"wp-block-image is-style-default\">\n<figure class=\"alignleft size-full is-resized\"><img loading=\"lazy\" decoding=\"async\" width=\"565\" height=\"284\" src=\"http:\/\/imecaf.com\/blog\/wp-content\/uploads\/pert-cpm.jpg\" alt=\"PERT y CPM\" class=\"wp-image-14485\" style=\"width:442px;height:auto\" srcset=\"https:\/\/imecaf.com\/blog\/wp-content\/uploads\/pert-cpm.jpg 565w, https:\/\/imecaf.com\/blog\/wp-content\/uploads\/pert-cpm-300x151.jpg 300w\" sizes=\"auto, (max-width: 565px) 100vw, 565px\" \/><\/figure>\n<\/div>\n\n\n<p>PERT (Program Evaluation and Review Technique) y CPM (Critical Path Method) son t\u00e9cnicas utilizadas para estimar la duraci\u00f3n del proyecto y determinar la secuencia de actividades cr\u00edticas. PERT se centra en la estimaci\u00f3n probabil\u00edstica de la duraci\u00f3n de las actividades, teniendo en cuenta la incertidumbre inherente a cada tarea. Por otro lado, CPM se enfoca en identificar la ruta cr\u00edtica del proyecto, que es la secuencia de actividades que determina la duraci\u00f3n total. Estas t\u00e9cnicas ayudan a identificar las actividades que pueden retrasar el cronograma y a priorizar los recursos en funci\u00f3n de su impacto en el mismo.<\/p>\n\n\n\n<h3 class=\"wp-block-heading\"><strong>Matriz RACI<\/strong><\/h3>\n\n\n<div class=\"wp-block-image\">\n<figure class=\"alignleft size-large is-resized\"><img loading=\"lazy\" decoding=\"async\" width=\"1620\" height=\"1080\" src=\"http:\/\/imecaf.com\/blog\/wp-content\/uploads\/RACI-edited.jpg\" alt=\"Matriz RACI\" class=\"wp-image-14488\" style=\"width:448px;height:auto\" srcset=\"https:\/\/imecaf.com\/blog\/wp-content\/uploads\/RACI-edited.jpg 1620w, https:\/\/imecaf.com\/blog\/wp-content\/uploads\/RACI-edited-300x200.jpg 300w, https:\/\/imecaf.com\/blog\/wp-content\/uploads\/RACI-edited-1024x683.jpg 1024w, https:\/\/imecaf.com\/blog\/wp-content\/uploads\/RACI-edited-768x512.jpg 768w, https:\/\/imecaf.com\/blog\/wp-content\/uploads\/RACI-edited-1536x1024.jpg 1536w\" sizes=\"auto, (max-width: 1620px) 100vw, 1620px\" \/><\/figure>\n<\/div>\n\n\n<p>La Matriz RACI es una herramienta que define los roles y responsabilidades de cada miembro del equipo en relaci\u00f3n con las actividades del proyecto. <\/p>\n\n\n\n<p>RACI es un acr\u00f3nimo de Responsible, Accountable, Consulted e Informed, y se utiliza para clarificar qui\u00e9n es responsable de realizar una tarea, qui\u00e9n necesita aprobarla, qui\u00e9n debe ser consultado durante su ejecuci\u00f3n y qui\u00e9n debe ser informado sobre su progreso. Esta herramienta ayuda a evitar malentendidos, minimiza la duplicaci\u00f3n de esfuerzos y garantiza una distribuci\u00f3n clara de responsabilidades en el equipo.<\/p>\n\n\n\n<h3 class=\"wp-block-heading\"><strong>An\u00e1lisis SWOT<\/strong><\/h3>\n\n\n<div class=\"wp-block-image\">\n<figure class=\"alignleft size-full is-resized\"><img loading=\"lazy\" decoding=\"async\" width=\"759\" height=\"506\" src=\"http:\/\/imecaf.com\/blog\/wp-content\/uploads\/SWOT-edited-1.jpg\" alt=\"An\u00e1lisis SWOT\" class=\"wp-image-14491\" style=\"width:441px;height:auto\" srcset=\"https:\/\/imecaf.com\/blog\/wp-content\/uploads\/SWOT-edited-1.jpg 759w, https:\/\/imecaf.com\/blog\/wp-content\/uploads\/SWOT-edited-1-300x200.jpg 300w\" sizes=\"auto, (max-width: 759px) 100vw, 759px\" \/><\/figure>\n<\/div>\n\n\n<p>El An\u00e1lisis SWOT es una t\u00e9cnica utilizada para identificar las fortalezas, debilidades, oportunidades y amenazas asociadas con el proyecto. Al analizar estos cuatro aspectos, los equipos de proyecto pueden comprender mejor el entorno en el que operan, anticipar posibles desaf\u00edos y capitalizar oportunidades potenciales. Proporciona una base s\u00f3lida para la toma de decisiones estrat\u00e9gicas y ayuda a desarrollar planes de acci\u00f3n que aprovechen los puntos fuertes del proyecto y mitiguen sus debilidades y amenazas.<\/p>\n\n\n\n<h3 class=\"wp-block-heading\"><strong>T\u00e9cnicas de gesti\u00f3n del riesgo<\/strong><\/h3>\n\n\n<div class=\"wp-block-image\">\n<figure class=\"alignleft size-full is-resized\"><img loading=\"lazy\" decoding=\"async\" width=\"900\" height=\"650\" src=\"http:\/\/imecaf.com\/blog\/wp-content\/uploads\/tecnicas-gestion-riesgo.jpg\" alt=\"T\u00e9cnicas de Gesti\u00f3n del Riesgo en un Proyecto\" class=\"wp-image-14493\" style=\"width:444px;height:auto\" srcset=\"https:\/\/imecaf.com\/blog\/wp-content\/uploads\/tecnicas-gestion-riesgo.jpg 900w, https:\/\/imecaf.com\/blog\/wp-content\/uploads\/tecnicas-gestion-riesgo-300x217.jpg 300w, https:\/\/imecaf.com\/blog\/wp-content\/uploads\/tecnicas-gestion-riesgo-768x555.jpg 768w\" sizes=\"auto, (max-width: 900px) 100vw, 900px\" \/><\/figure>\n<\/div>\n\n\n<p>Las t\u00e9cnicas de gesti\u00f3n del riesgo son herramientas y m\u00e9todos utilizados para identificar, evaluar y responder a los riesgos potenciales de una iniciativa. Esto incluye la identificaci\u00f3n proactiva de riesgos, la evaluaci\u00f3n de su probabilidad e impacto, y la implementaci\u00f3n de estrategias de mitigaci\u00f3n para reducir la probabilidad de ocurrencia de riesgos o minimizar su impacto. Al anticipar y abordar los riesgos de manera efectiva, los equipos pueden aumentar la probabilidad de \u00e9xito y reducir la posibilidad de problemas costosos o retrasos.<\/p>\n\n\n\n<h3 class=\"wp-block-heading\"><strong>Software de gesti\u00f3n de proyectos<\/strong><\/h3>\n\n\n<div class=\"wp-block-image\">\n<figure class=\"alignleft size-full is-resized\"><img loading=\"lazy\" decoding=\"async\" width=\"1024\" height=\"531\" src=\"http:\/\/imecaf.com\/blog\/wp-content\/uploads\/software-de-gestion-de-proyectos.png\" alt=\"Software de Gesti\u00f3n de Proyectos\" class=\"wp-image-14494\" style=\"width:434px;height:auto\" srcset=\"https:\/\/imecaf.com\/blog\/wp-content\/uploads\/software-de-gestion-de-proyectos.png 1024w, https:\/\/imecaf.com\/blog\/wp-content\/uploads\/software-de-gestion-de-proyectos-300x156.png 300w, https:\/\/imecaf.com\/blog\/wp-content\/uploads\/software-de-gestion-de-proyectos-768x398.png 768w\" sizes=\"auto, (max-width: 1024px) 100vw, 1024px\" \/><\/figure>\n<\/div>\n\n\n<p>Son plataformas digitales dise\u00f1adas para ayudar a los equipos a colaborar, planificar y realizar un seguimiento del progreso del proyecto. Proporcionan funcionalidades como la gesti\u00f3n de tareas, la programaci\u00f3n, la asignaci\u00f3n de recursos, la colaboraci\u00f3n en equipo y la generaci\u00f3n de informes. Al centralizar la informaci\u00f3n y facilitar la comunicaci\u00f3n entre los miembros del equipo, ayudan a mejorar la eficiencia, la transparencia y la productividad en la gesti\u00f3n de proyectos.<\/p>\n\n\n\n<p>Estas herramientas y t\u00e9cnicas proporcionan los medios necesarios para visualizar el progreso del proyecto, asignar recursos de manera efectiva, identificar y mitigar riesgos, y tomar decisiones informadas para garantizar el \u00e9xito del mismo.<\/p>\n\n\n\n<h2 class=\"wp-block-heading\">Roles y Responsabilidades en la Gesti\u00f3n de Proyectos<\/h2>\n\n\n<div class=\"wp-block-image\">\n<figure class=\"alignright size-full is-resized\"><img loading=\"lazy\" decoding=\"async\" width=\"667\" height=\"1000\" src=\"http:\/\/imecaf.com\/blog\/wp-content\/uploads\/lider-de-proyecto.jpg\" alt=\"Roles y Responsabilidades en la Gesti\u00f3n de Proyectos\" class=\"wp-image-14496\" style=\"width:185px;height:auto\" srcset=\"https:\/\/imecaf.com\/blog\/wp-content\/uploads\/lider-de-proyecto.jpg 667w, https:\/\/imecaf.com\/blog\/wp-content\/uploads\/lider-de-proyecto-200x300.jpg 200w\" sizes=\"auto, (max-width: 667px) 100vw, 667px\" \/><\/figure>\n<\/div>\n\n\n<p>La administraci\u00f3n de proyectos implica la colaboraci\u00f3n de diversos actores, cada uno con roles y responsabilidades espec\u00edficas. Algunos de los roles m\u00e1s comunes en un proyecto incluyen:<\/p>\n\n\n\n<h3 class=\"wp-block-heading\"><strong><a href=\"https:\/\/imecaf.com\/42\">L\u00edder<\/a> del Proyecto<\/strong><\/h3>\n\n\n\n<p>El l\u00edder del proyecto, tambi\u00e9n conocido como director o gerente, es responsable de la planificaci\u00f3n, ejecuci\u00f3n y entrega exitosa del proyecto. Su funci\u00f3n incluye establecer los objetivos, coordinar los esfuerzos del equipo, comunicarse con las partes interesadas y asegurar el cumplimiento de los plazos y presupuestos.<\/p>\n\n\n\n<h3 class=\"wp-block-heading\"><strong>Equipo de Proyecto<\/strong><\/h3>\n\n\n<div class=\"wp-block-image\">\n<figure class=\"alignleft size-full is-resized\"><img loading=\"lazy\" decoding=\"async\" width=\"900\" height=\"650\" src=\"http:\/\/imecaf.com\/blog\/wp-content\/uploads\/Equipo-de-proyecto.jpg\" alt=\"Equipo de Proyecto\" class=\"wp-image-14497\" style=\"width:263px;height:auto\" srcset=\"https:\/\/imecaf.com\/blog\/wp-content\/uploads\/Equipo-de-proyecto.jpg 900w, https:\/\/imecaf.com\/blog\/wp-content\/uploads\/Equipo-de-proyecto-300x217.jpg 300w, https:\/\/imecaf.com\/blog\/wp-content\/uploads\/Equipo-de-proyecto-768x555.jpg 768w\" sizes=\"auto, (max-width: 900px) 100vw, 900px\" \/><\/figure>\n<\/div>\n\n\n<p>Est\u00e1 compuesto por individuos con habilidades y conocimientos espec\u00edficos necesarios para llevar a cabo las actividades del proyecto. Los miembros del equipo pueden desempe\u00f1ar roles diversos, como especialistas t\u00e9cnicos, analistas de negocios, desarrolladores de software, dise\u00f1adores gr\u00e1ficos, entre otros. Su responsabilidad principal es contribuir al logro de los objetivos seg\u00fan lo asignado por el l\u00edder del proyecto.<\/p>\n\n\n\n<h3 class=\"wp-block-heading\"><strong>Patrocinador del Proyecto<\/strong><\/h3>\n\n\n<div class=\"wp-block-image\">\n<figure class=\"alignright size-full is-resized\"><img loading=\"lazy\" decoding=\"async\" width=\"667\" height=\"1000\" src=\"http:\/\/imecaf.com\/blog\/wp-content\/uploads\/patrocinadores.jpg\" alt=\"Patrocinador del Proyecto\" class=\"wp-image-14499\" style=\"width:282px;height:auto\" srcset=\"https:\/\/imecaf.com\/blog\/wp-content\/uploads\/patrocinadores.jpg 667w, https:\/\/imecaf.com\/blog\/wp-content\/uploads\/patrocinadores-200x300.jpg 200w\" sizes=\"auto, (max-width: 667px) 100vw, 667px\" \/><\/figure>\n<\/div>\n\n\n<p>El patrocinador es un representante de alto nivel dentro de la organizaci\u00f3n que proporciona el apoyo y los recursos necesarios. Su responsabilidad es garantizar que el proyecto est\u00e9 alineado con los objetivos estrat\u00e9gicos de la organizaci\u00f3n, y actuar como defensor del mismo ante otras partes interesadas. El patrocinador tambi\u00e9n puede desempe\u00f1ar un papel clave en la resoluci\u00f3n de problemas y la toma de decisiones importantes.<\/p>\n\n\n\n<h3 class=\"wp-block-heading\"><strong>Stakeholders o Partes Interesadas<\/strong><\/h3>\n\n\n\n<p>Son individuos u organizaciones que tienen un inter\u00e9s en el \u00e9xito o el resultado del proyecto. Esto puede incluir clientes, usuarios finales, socios comerciales, reguladores, entre otros. Las responsabilidades de las partes interesadas pueden variar, pero generalmente incluyen proporcionar retroalimentaci\u00f3n, aprobar entregables claves y garantizar la satisfacci\u00f3n del cliente.<\/p>\n\n\n\n<h3 class=\"wp-block-heading\"><strong>Equipo de Soporte<\/strong><\/h3>\n\n\n<div class=\"wp-block-image\">\n<figure class=\"alignleft size-full is-resized\"><img loading=\"lazy\" decoding=\"async\" width=\"900\" height=\"650\" src=\"http:\/\/imecaf.com\/blog\/wp-content\/uploads\/Equipo-de-soporte.jpg\" alt=\"Equipo de Soporte del Proyecto\" class=\"wp-image-14500\" style=\"width:305px;height:auto\" srcset=\"https:\/\/imecaf.com\/blog\/wp-content\/uploads\/Equipo-de-soporte.jpg 900w, https:\/\/imecaf.com\/blog\/wp-content\/uploads\/Equipo-de-soporte-300x217.jpg 300w, https:\/\/imecaf.com\/blog\/wp-content\/uploads\/Equipo-de-soporte-768x555.jpg 768w\" sizes=\"auto, (max-width: 900px) 100vw, 900px\" \/><\/figure>\n<\/div>\n\n\n<p>Proporciona asistencia administrativa, t\u00e9cnica o log\u00edstica al equipo de proyecto. Esto puede incluir la gesti\u00f3n de la documentaci\u00f3n, la coordinaci\u00f3n de reuniones, la administraci\u00f3n de herramientas de colaboraci\u00f3n, el mantenimiento de la infraestructura tecnol\u00f3gica, entre otros. Su responsabilidad es garantizar que el equipo de proyecto tenga los recursos y el apoyo necesarios para llevar a cabo sus tareas de manera efectiva.<\/p>\n\n\n\n<p>Cada uno de estos roles desempe\u00f1a un papel fundamental en el \u00e9xito del proyecto y es importante que se definan claramente las responsabilidades de cada uno para evitar confusiones y asegurar una colaboraci\u00f3n efectiva.<\/p>\n\n\n\n<h2 class=\"wp-block-heading\">Gesti\u00f3n de Alcance del Proyecto<\/h2>\n\n\n<div class=\"wp-block-image is-style-default\">\n<figure class=\"alignleft size-full is-resized\"><img loading=\"lazy\" decoding=\"async\" width=\"900\" height=\"650\" src=\"http:\/\/imecaf.com\/blog\/wp-content\/uploads\/Gestion-de-alcance.jpg\" alt=\"Gesti\u00f3n de Alcance del Proyecto\" class=\"wp-image-14504\" style=\"width:410px;height:auto\" srcset=\"https:\/\/imecaf.com\/blog\/wp-content\/uploads\/Gestion-de-alcance.jpg 900w, https:\/\/imecaf.com\/blog\/wp-content\/uploads\/Gestion-de-alcance-300x217.jpg 300w, https:\/\/imecaf.com\/blog\/wp-content\/uploads\/Gestion-de-alcance-768x555.jpg 768w\" sizes=\"auto, (max-width: 900px) 100vw, 900px\" \/><\/figure>\n<\/div>\n\n\n<p>La gesti\u00f3n de alcance en la administraci\u00f3n de proyectos es esencial para garantizar que el trabajo del proyecto est\u00e9 claramente definido, controlado y entregado dentro de los l\u00edmites establecidos. Un alcance bien gestionado ayuda a minimizar los riesgos, evitar los costos adicionales y asegurar la satisfacci\u00f3n de los interesados.<\/p>\n\n\n\n<h3 class=\"wp-block-heading\"><strong>Definici\u00f3n de Alcance<\/strong><\/h3>\n\n\n\n<p>La definici\u00f3n de alcance del proyecto establece los l\u00edmites y las entregas del proyecto. Define qu\u00e9 se incluir\u00e1 y qu\u00e9 no se incluir\u00e1 en el trabajo del proyecto. Esta definici\u00f3n es esencial para garantizar un entendimiento com\u00fan entre los interesados sobre lo que se espera lograr.<\/p>\n\n\n\n<h3 class=\"wp-block-heading\"><strong>Plan de Gesti\u00f3n del Alcance<\/strong><\/h3>\n\n\n\n<p>El plan de gesti\u00f3n del alcance es un documento que describe c\u00f3mo se definir\u00e1, desarrollar\u00e1 y controlar\u00e1 el alcance del proyecto a lo largo de su ciclo de vida. Incluye procesos para la recopilaci\u00f3n de requisitos, la elaboraci\u00f3n de la EDT (Estructura de Desglose del Trabajo), la verificaci\u00f3n y aprobaci\u00f3n del alcance, y el control de cambios.<\/p>\n\n\n\n<h3 class=\"wp-block-heading\"><strong>Recopilaci\u00f3n de Requisitos<\/strong><\/h3>\n\n\n\n<p>La recopilaci\u00f3n de requisitos es el proceso de identificar, documentar y gestionar los requisitos del proyecto. Esto implica reunirse con los interesados relevantes para comprender sus necesidades y expectativas, y luego documentar esos requisitos de manera clara y completa.<\/p>\n\n\n\n<h3 class=\"wp-block-heading\"><strong>Estructura de Desglose del Trabajo (EDT)<\/strong><\/h3>\n\n\n<div class=\"wp-block-image\">\n<figure class=\"alignleft size-full is-resized\"><img loading=\"lazy\" decoding=\"async\" width=\"800\" height=\"511\" src=\"http:\/\/imecaf.com\/blog\/wp-content\/uploads\/edt-1.jpg\" alt=\"Estructura de Desglose del Trabajo EDT\" class=\"wp-image-14503\" style=\"width:444px;height:auto\" srcset=\"https:\/\/imecaf.com\/blog\/wp-content\/uploads\/edt-1.jpg 800w, https:\/\/imecaf.com\/blog\/wp-content\/uploads\/edt-1-300x192.jpg 300w, https:\/\/imecaf.com\/blog\/wp-content\/uploads\/edt-1-768x491.jpg 768w\" sizes=\"auto, (max-width: 800px) 100vw, 800px\" \/><\/figure>\n<\/div>\n\n\n<p>La EDT descompone el alcance del proyecto en elementos m\u00e1s peque\u00f1os y manejables, conocidos como paquetes de trabajo. Estos paquetes de trabajo forman la base para la planificaci\u00f3n detallada y la asignaci\u00f3n de recursos del proyecto.<\/p>\n\n\n\n<h3 class=\"wp-block-heading\"><strong>Verificaci\u00f3n y Control del Alcance<\/strong><\/h3>\n\n\n\n<p>La verificaci\u00f3n del alcance se refiere al proceso de revisi\u00f3n de los entregables del proyecto para garantizar que cumplan con los requisitos establecidos en la definici\u00f3n de alcance. Por otro lado, el control del alcance se centra en gestionar los cambios en el alcance del proyecto y asegurar que el trabajo adicional no autorizado no se realice.<\/p>\n\n\n\n<h3 class=\"wp-block-heading\"><strong>Gesti\u00f3n de Cambios en el Alcance<\/strong><\/h3>\n\n\n\n<p>Los cambios en el alcance del proyecto son inevitables a medida que se desarrolla el proyecto. La gesti\u00f3n de cambios en el alcance implica evaluar y aprobar o rechazar solicitudes de cambio, y luego actualizar la documentaci\u00f3n del proyecto seg\u00fan sea necesario.<\/p>\n\n\n\n<h2 class=\"wp-block-heading\"><strong>Gesti\u00f3n del Tiempo del Proyecto<\/strong><\/h2>\n\n\n<div class=\"wp-block-image\">\n<figure class=\"alignleft size-full is-resized\"><img loading=\"lazy\" decoding=\"async\" width=\"900\" height=\"650\" src=\"http:\/\/imecaf.com\/blog\/wp-content\/uploads\/Gestion-del-tiempo.jpg\" alt=\"Gesti\u00f3n del Tiempo del Proyecto\" class=\"wp-image-14506\" style=\"width:398px;height:auto\" srcset=\"https:\/\/imecaf.com\/blog\/wp-content\/uploads\/Gestion-del-tiempo.jpg 900w, https:\/\/imecaf.com\/blog\/wp-content\/uploads\/Gestion-del-tiempo-300x217.jpg 300w, https:\/\/imecaf.com\/blog\/wp-content\/uploads\/Gestion-del-tiempo-768x555.jpg 768w\" sizes=\"auto, (max-width: 900px) 100vw, 900px\" \/><\/figure>\n<\/div>\n\n\n<p><a href=\"https:\/\/imecaf.com\/67\">La <strong>gesti\u00f3n o administraci\u00f3n del tiempo<\/strong><\/a> implica planificar, estimar, desarrollar, monitorear y controlar el cronograma del proyecto para garantizar que se cumplan los plazos, que se entregue a tiempo y dentro del presupuesto. Una gesti\u00f3n eficaz del tiempo ayuda a maximizar la eficiencia, minimizar los retrasos y asegurar la satisfacci\u00f3n de los interesados.<\/p>\n\n\n\n<h3 class=\"wp-block-heading\"><strong>Planificaci\u00f3n del Cronograma<\/strong><\/h3>\n\n\n\n<p>La planificaci\u00f3n del cronograma es el proceso de establecer las fechas de inicio y finalizaci\u00f3n de las actividades del proyecto, as\u00ed como la secuencia en la que se llevar\u00e1n a cabo. Esto implica la identificaci\u00f3n de las tareas del, la estimaci\u00f3n de la duraci\u00f3n de cada una y la elaboraci\u00f3n de un cronograma que muestre c\u00f3mo se interrelacionan las actividades a lo largo del tiempo.<\/p>\n\n\n\n<h3 class=\"wp-block-heading\"><strong>Estimaci\u00f3n de la Duraci\u00f3n de las Actividades<\/strong><\/h3>\n\n\n\n<p>La estimaci\u00f3n de la duraci\u00f3n de las actividades implica determinar cu\u00e1nto tiempo llevar\u00e1 completar cada tarea del proyecto. Esto puede implicar el uso de t\u00e9cnicas como la estimaci\u00f3n an\u00e1loga, la estimaci\u00f3n param\u00e9trica o la t\u00e9cnica de tres puntos para obtener estimaciones realistas y precisas.<\/p>\n\n\n\n<h3 class=\"wp-block-heading\"><strong>Desarrollo del Cronograma<\/strong><\/h3>\n\n\n\n<p>Una vez que se han estimado las duraciones de las actividades, se desarrolla el cronograma del proyecto utilizando herramientas como el Diagrama de Gantt o el software de gesti\u00f3n de proyectos. El cronograma muestra la secuencia de actividades, las fechas de inicio y finalizaci\u00f3n previstas, y cualquier dependencia entre tareas.<\/p>\n\n\n\n<h3 class=\"wp-block-heading\"><strong>Asignaci\u00f3n de Recursos<\/strong><\/h3>\n\n\n\n<p>La asignaci\u00f3n de recursos implica identificar los recursos necesarios para llevar a cabo las actividades del proyecto, como personal, equipo, materiales y presupuesto. Una vez identificados, los recursos se asignan al cronograma de manera que est\u00e9n disponibles cuando se necesiten.<\/p>\n\n\n\n<h3 class=\"wp-block-heading\"><strong>Seguimiento y Control del Cronograma<\/strong><\/h3>\n\n\n<div class=\"wp-block-image\">\n<figure class=\"alignleft size-full is-resized\"><img loading=\"lazy\" decoding=\"async\" width=\"468\" height=\"251\" src=\"http:\/\/imecaf.com\/blog\/wp-content\/uploads\/cronograma.png\" alt=\"Cronograma de Actividades del Proyecto\" class=\"wp-image-14507\" style=\"width:444px;height:auto\" srcset=\"https:\/\/imecaf.com\/blog\/wp-content\/uploads\/cronograma.png 468w, https:\/\/imecaf.com\/blog\/wp-content\/uploads\/cronograma-300x161.png 300w\" sizes=\"auto, (max-width: 468px) 100vw, 468px\" \/><\/figure>\n<\/div>\n\n\n<p>El seguimiento y control del cronograma implica monitorear el progreso del proyecto en comparaci\u00f3n con el cronograma planificado. Si se identifican desviaciones o retrasos, se toman medidas correctivas para minimizar su impacto en el cronograma general.<\/p>\n\n\n\n<h3 class=\"wp-block-heading\"><strong>Gesti\u00f3n de Cambios en el Cronograma<\/strong><\/h3>\n\n\n\n<p>Los cambios en el cronograma del proyecto son comunes a medida que se desarrolla el proyecto. La gesti\u00f3n de cambios en el cronograma implica evaluar y aprobar o rechazar solicitudes de cambio en el cronograma, y luego actualizar el plan de proyecto y el cronograma seg\u00fan sea necesario.<\/p>\n\n\n\n<h2 class=\"wp-block-heading\"><strong>Gesti\u00f3n de Costos del Proyecto<\/strong><\/h2>\n\n\n<div class=\"wp-block-image\">\n<figure class=\"alignleft size-full is-resized\"><img loading=\"lazy\" decoding=\"async\" width=\"900\" height=\"650\" src=\"http:\/\/imecaf.com\/blog\/wp-content\/uploads\/Costos-de-proyecto.jpg\" alt=\"Gesti\u00f3n de Costos del Proyecto\" class=\"wp-image-14508\" style=\"width:388px;height:auto\" srcset=\"https:\/\/imecaf.com\/blog\/wp-content\/uploads\/Costos-de-proyecto.jpg 900w, https:\/\/imecaf.com\/blog\/wp-content\/uploads\/Costos-de-proyecto-300x217.jpg 300w, https:\/\/imecaf.com\/blog\/wp-content\/uploads\/Costos-de-proyecto-768x555.jpg 768w\" sizes=\"auto, (max-width: 900px) 100vw, 900px\" \/><\/figure>\n<\/div>\n\n\n<p><a href=\"https:\/\/imecaf.com\/58\">La <strong>gesti\u00f3n de costos<\/strong><\/a> es fundamental para garantizar que el proyecto se complete dentro de los l\u00edmites financieros establecidos y para optimizar el uso de los recursos disponibles. Una gesti\u00f3n eficaz de costos ayuda a minimizar los riesgos financieros, maximizar el valor del proyecto y garantizar la satisfacci\u00f3n de los interesados.<\/p>\n\n\n\n<h3 class=\"wp-block-heading\"><strong>Estimaci\u00f3n de Costos<\/strong><\/h3>\n\n\n\n<p>La estimaci\u00f3n de costos implica determinar el presupuesto necesario para completar todas las actividades del proyecto, incluidos los costos de mano de obra, materiales, equipos, servicios y cualquier otro gasto asociado. Se utilizan diversas t\u00e9cnicas, como la estimaci\u00f3n ascendente, la estimaci\u00f3n param\u00e9trica y la estimaci\u00f3n de tres puntos, para obtener una evaluaci\u00f3n precisa y realista de los costos.<\/p>\n\n\n\n<h3 class=\"wp-block-heading\"><strong>Elaboraci\u00f3n del Presupuesto del Proyecto<\/strong><\/h3>\n\n\n\n<p>Una vez que se han estimado los costos individuales de las actividades del proyecto, se <strong><a href=\"https:\/\/imecaf.com\/32\">elabora el presupuesto<\/a><\/strong>, consolidando todos los costos previstos. Este presupuesto proporciona una visi\u00f3n global de los gastos totales y sirve como l\u00ednea base para comparar y controlar los costos reales a lo largo del proyecto.<\/p>\n\n\n\n<h3 class=\"wp-block-heading\"><strong>Seguimiento y Control de Costos<\/strong><\/h3>\n\n\n<div class=\"wp-block-image\">\n<figure class=\"alignright size-full is-resized\"><img loading=\"lazy\" decoding=\"async\" width=\"722\" height=\"1000\" src=\"http:\/\/imecaf.com\/blog\/wp-content\/uploads\/costos.jpg\" alt=\"Seguimiento y Control de Costos\" class=\"wp-image-14510\" style=\"width:348px;height:auto\" srcset=\"https:\/\/imecaf.com\/blog\/wp-content\/uploads\/costos.jpg 722w, https:\/\/imecaf.com\/blog\/wp-content\/uploads\/costos-217x300.jpg 217w\" sizes=\"auto, (max-width: 722px) 100vw, 722px\" \/><\/figure>\n<\/div>\n\n\n<p>El seguimiento y control de costos implica monitorear continuamente los gastos reales en comparaci\u00f3n con el presupuesto establecido. Esto implica registrar y analizar los costos reales incurridos, identificar desviaciones respecto al presupuesto y tomar medidas correctivas seg\u00fan sea necesario para mantener el proyecto dentro del presupuesto.<\/p>\n\n\n\n<h3 class=\"wp-block-heading\"><strong>Gesti\u00f3n de Cambios en el Presupuesto<\/strong><\/h3>\n\n\n\n<p>Los cambios en el alcance, los plazos u otros aspectos del proyecto pueden afectar los costos previstos. La gesti\u00f3n de cambios en el presupuesto implica evaluar y aprobar o rechazar solicitudes de cambio que tengan un impacto en los costos. Los cambios aprobados se incorporan al presupuesto del proyecto y se actualiza la l\u00ednea base de costos.<\/p>\n\n\n\n<h3 class=\"wp-block-heading\"><strong>Control de Riesgos de Costos<\/strong><\/h3>\n\n\n\n<p>Los riesgos asociados con los costos del proyecto, como la inflaci\u00f3n, los cambios en los precios de los materiales o la fluctuaci\u00f3n de los tipos de cambio, pueden afectar el presupuesto previsto. El control de riesgos de costos implica identificar, evaluar y mitigar los riesgos potenciales que podr\u00edan afectar los costos del proyecto y afectar su viabilidad financiera.<\/p>\n\n\n\n<h3 class=\"wp-block-heading\"><strong>Reporte de Costos<\/strong><\/h3>\n\n\n\n<p>El reporte de costos implica comunicar regularmente el estado financiero del proyecto, incluyendo los costos reales y proyectados, a todas las partes interesadas relevantes. Estos informes proporcionan transparencia sobre el rendimiento financiero y permiten tomar decisiones informadas para garantizar que el proyecto se complete dentro del presupuesto.<\/p>\n\n\n\n<h2 class=\"wp-block-heading\">Gesti\u00f3n de la Calidad<\/h2>\n\n\n<div class=\"wp-block-image\">\n<figure class=\"alignleft size-full is-resized\"><img loading=\"lazy\" decoding=\"async\" width=\"900\" height=\"650\" src=\"http:\/\/imecaf.com\/blog\/wp-content\/uploads\/Calidad.jpg\" alt=\"Gesti\u00f3n de la Calidad del Proyecto\" class=\"wp-image-14512\" style=\"width:373px;height:auto\" srcset=\"https:\/\/imecaf.com\/blog\/wp-content\/uploads\/Calidad.jpg 900w, https:\/\/imecaf.com\/blog\/wp-content\/uploads\/Calidad-300x217.jpg 300w, https:\/\/imecaf.com\/blog\/wp-content\/uploads\/Calidad-768x555.jpg 768w\" sizes=\"auto, (max-width: 900px) 100vw, 900px\" \/><\/figure>\n<\/div>\n\n\n<p>La gesti\u00f3n de la calidad en la administraci\u00f3n de proyectos es un proceso integral que se centra en garantizar que los productos o servicios entregados cumplan con los est\u00e1ndares de calidad establecidos y satisfagan las necesidades y expectativas del cliente. Una gesti\u00f3n efectiva de la calidad ayuda a minimizar los riesgos, aumentar la satisfacci\u00f3n del cliente y mejorar la reputaci\u00f3n y competitividad del proyecto y la organizaci\u00f3n.<\/p>\n\n\n\n<h3 class=\"wp-block-heading\"><strong>Planificaci\u00f3n de la Calidad<\/strong><\/h3>\n\n\n\n<p>La planificaci\u00f3n de la calidad es el proceso de identificar los est\u00e1ndares de calidad relevantes para el proyecto y determinar c\u00f3mo se cumplir\u00e1n esos est\u00e1ndares. Esto incluye la elaboraci\u00f3n de planes de calidad que describan los procesos, herramientas y t\u00e9cnicas que se utilizar\u00e1n para garantizar la calidad del producto o servicio final.<\/p>\n\n\n\n<h3 class=\"wp-block-heading\"><strong>Aseguramiento de la Calidad<\/strong><\/h3>\n\n\n\n<p>El aseguramiento de la calidad se centra en la evaluaci\u00f3n continua de los procesos utilizados para producir los productos o servicios del proyecto. Esto implica la implementaci\u00f3n de actividades de revisi\u00f3n y auditor\u00eda para identificar y corregir problemas de calidad antes de que afecten al producto final.<\/p>\n\n\n\n<h3 class=\"wp-block-heading\"><strong>Control de la Calidad<\/strong><\/h3>\n\n\n\n<p>El control de la calidad se enfoca en la inspecci\u00f3n y supervisi\u00f3n del producto o servicio final para garantizar que cumpla con los est\u00e1ndares de calidad establecidos. Esto incluye la realizaci\u00f3n de pruebas, verificaciones y validaciones para identificar y corregir defectos o problemas de calidad antes de la entrega al cliente.<\/p>\n\n\n\n<h3 class=\"wp-block-heading\"><strong>Gesti\u00f3n de los Costos de la Calidad<\/strong><\/h3>\n\n\n\n<p>La gesti\u00f3n de los costos de la calidad se refiere a la inversi\u00f3n necesaria para garantizar la calidad del producto o servicio final. Esto incluye los costos asociados con la prevenci\u00f3n de defectos, la evaluaci\u00f3n y mejora de procesos, as\u00ed como los costos de correcci\u00f3n de defectos identificados.<\/p>\n\n\n\n<h3 class=\"wp-block-heading\"><strong>Mejora Continua de la Calidad<\/strong><\/h3>\n\n\n<div class=\"wp-block-image\">\n<figure class=\"alignright size-full is-resized\"><img loading=\"lazy\" decoding=\"async\" width=\"900\" height=\"650\" src=\"http:\/\/imecaf.com\/blog\/wp-content\/uploads\/mejora-continua-de-la-calidad.jpg\" alt=\"Mejora Cont\u00ednua de la Calidad\" class=\"wp-image-14513\" style=\"width:371px;height:auto\" srcset=\"https:\/\/imecaf.com\/blog\/wp-content\/uploads\/mejora-continua-de-la-calidad.jpg 900w, https:\/\/imecaf.com\/blog\/wp-content\/uploads\/mejora-continua-de-la-calidad-300x217.jpg 300w, https:\/\/imecaf.com\/blog\/wp-content\/uploads\/mejora-continua-de-la-calidad-768x555.jpg 768w\" sizes=\"auto, (max-width: 900px) 100vw, 900px\" \/><\/figure>\n<\/div>\n\n\n<p>La mejora continua de la calidad es un principio fundamental de la gesti\u00f3n de la calidad que promueve la b\u00fasqueda constante de la excelencia. Esto implica la identificaci\u00f3n de oportunidades de mejora, la implementaci\u00f3n de acciones correctivas y preventivas, y el seguimiento de los resultados para garantizar que se mantenga y mejore la calidad a lo largo del tiempo.<\/p>\n\n\n\n<h3 class=\"wp-block-heading\"><strong>Participaci\u00f3n de los Interesados<\/strong><\/h3>\n\n\n\n<p>La gesti\u00f3n de la calidad tambi\u00e9n involucra a los interesados relevantes, incluidos los clientes, usuarios finales, equipo del proyecto y otras partes interesadas. Su participaci\u00f3n activa en el proceso de gesti\u00f3n de la calidad ayuda a garantizar que se cumplan sus expectativas y requisitos.<\/p>\n\n\n\n<h2 class=\"wp-block-heading\"><strong>Gesti\u00f3n de Recursos Humanos del Proyecto<\/strong><\/h2>\n\n\n<div class=\"wp-block-image\">\n<figure class=\"alignleft size-full is-resized\"><img loading=\"lazy\" decoding=\"async\" width=\"1000\" height=\"667\" src=\"http:\/\/imecaf.com\/blog\/wp-content\/uploads\/recursos-humanos.jpg\" alt=\"Gesti\u00f3n de Recursos Humanos del Proyecto\" class=\"wp-image-14514\" style=\"width:405px;height:auto\" srcset=\"https:\/\/imecaf.com\/blog\/wp-content\/uploads\/recursos-humanos.jpg 1000w, https:\/\/imecaf.com\/blog\/wp-content\/uploads\/recursos-humanos-300x200.jpg 300w, https:\/\/imecaf.com\/blog\/wp-content\/uploads\/recursos-humanos-768x512.jpg 768w\" sizes=\"auto, (max-width: 1000px) 100vw, 1000px\" \/><\/figure>\n<\/div>\n\n\n<p>La gesti\u00f3n de <a href=\"https:\/\/imecaf.com\/354\"><strong>recursos humanos<\/strong><\/a> en la administraci\u00f3n de proyectos es fundamental para garantizar que el equipo del proyecto tenga las habilidades, conocimientos y apoyo necesarios para cumplir con los objetivos del proyecto de manera efectiva y eficiente. Una gesti\u00f3n efectiva de recursos humanos ayuda a maximizar el rendimiento del equipo, minimizar los conflictos y mejorar la satisfacci\u00f3n y retenci\u00f3n del personal.<\/p>\n\n\n\n<h3 class=\"wp-block-heading\"><strong>Planificaci\u00f3n de Recursos Humanos<\/strong><\/h3>\n\n\n\n<p>La planificaci\u00f3n de recursos humanos implica identificar y documentar las necesidades de personal del proyecto, incluidas las habilidades, roles y responsabilidades requeridos. Esto se realiza mediante la creaci\u00f3n de una estructura organizativa del equipo del proyecto y un plan de personal que determine c\u00f3mo se adquirir\u00e1n, desarrollar\u00e1n y gestionar\u00e1n los recursos humanos.<\/p>\n\n\n\n<h3 class=\"wp-block-heading\"><strong>Adquisici\u00f3n de Recursos Humanos<\/strong><\/h3>\n\n\n<div class=\"wp-block-image\">\n<figure class=\"alignright size-full is-resized\"><img loading=\"lazy\" decoding=\"async\" width=\"667\" height=\"1000\" src=\"http:\/\/imecaf.com\/blog\/wp-content\/uploads\/adquisicion-rh.jpg\" alt=\"Adquisici\u00f3n de Recursos Humanos\" class=\"wp-image-14515\" style=\"width:271px;height:auto\" srcset=\"https:\/\/imecaf.com\/blog\/wp-content\/uploads\/adquisicion-rh.jpg 667w, https:\/\/imecaf.com\/blog\/wp-content\/uploads\/adquisicion-rh-200x300.jpg 200w\" sizes=\"auto, (max-width: 667px) 100vw, 667px\" \/><\/figure>\n<\/div>\n\n\n<p>La adquisici\u00f3n de recursos humanos implica reclutar, seleccionar y asignar personas al equipo del proyecto. Esto puede incluir la contrataci\u00f3n de empleados internos, la contrataci\u00f3n de personal externo a trav\u00e9s de subcontratistas o consultores, o la asignaci\u00f3n de recursos compartidos de otros departamentos u organizaciones.<\/p>\n\n\n\n<h3 class=\"wp-block-heading\"><strong>Desarrollo del Equipo<\/strong><\/h3>\n\n\n\n<p>El desarrollo del equipo implica proporcionar capacitaci\u00f3n, orientaci\u00f3n y apoyo continuo para mejorar las habilidades, conocimientos y competencias del equipo del proyecto. Esto puede incluir la realizaci\u00f3n de talleres de capacitaci\u00f3n, la asignaci\u00f3n de mentores o entrenadores, y la promoci\u00f3n de un ambiente de trabajo colaborativo y de aprendizaje.<\/p>\n\n\n\n<h3 class=\"wp-block-heading\"><strong>Gesti\u00f3n del Desempe\u00f1o del Equipo<\/strong><\/h3>\n\n\n<div class=\"wp-block-image\">\n<figure class=\"alignleft size-full is-resized\"><img loading=\"lazy\" decoding=\"async\" width=\"674\" height=\"1000\" src=\"http:\/\/imecaf.com\/blog\/wp-content\/uploads\/equipo-rh.jpg\" alt=\"Gesti\u00f3n de Desempe\u00f1o del Equipo\" class=\"wp-image-14516\" style=\"width:313px;height:auto\" srcset=\"https:\/\/imecaf.com\/blog\/wp-content\/uploads\/equipo-rh.jpg 674w, https:\/\/imecaf.com\/blog\/wp-content\/uploads\/equipo-rh-202x300.jpg 202w\" sizes=\"auto, (max-width: 674px) 100vw, 674px\" \/><\/figure>\n<\/div>\n\n\n<p>La <a href=\"https:\/\/imecaf.com\/381\"><strong>gesti\u00f3n del desempe\u00f1o<\/strong><\/a> del equipo implica evaluar y proporcionar retroalimentaci\u00f3n sobre el rendimiento del equipo y sus miembros. Esto incluye el seguimiento del progreso del proyecto, la identificaci\u00f3n de \u00e1reas de mejora y la celebraci\u00f3n de logros. La gesti\u00f3n del desempe\u00f1o tambi\u00e9n puede implicar la implementaci\u00f3n de medidas correctivas o de reconocimiento seg\u00fan sea necesario.<\/p>\n\n\n\n<h3 class=\"wp-block-heading\"><strong>Gesti\u00f3n de Conflictos<\/strong><\/h3>\n\n\n\n<p>La <strong><a href=\"https:\/\/imecaf.com\/175\">gesti\u00f3n de conflictos<\/a><\/strong> implica la resoluci\u00f3n de disputas y la mitigaci\u00f3n de tensiones dentro del equipo del proyecto. Esto puede incluir la facilitaci\u00f3n de reuniones de resoluci\u00f3n de conflictos, la mediaci\u00f3n entre partes enfrentadas y la implementaci\u00f3n de estrategias para fomentar la colaboraci\u00f3n y el trabajo en equipo.<\/p>\n\n\n\n<h4 class=\"wp-block-heading\"><strong>Gesti\u00f3n de la Comunicaci\u00f3n<\/strong><\/h4>\n\n\n\n<p>La gesti\u00f3n de la comunicaci\u00f3n implica facilitar una <a href=\"https:\/\/imecaf.com\/83\"><strong>comunicaci\u00f3n clara y efectiva<\/strong><\/a> dentro del equipo del proyecto y con otras partes interesadas relevantes. Esto puede incluir el establecimiento de canales de comunicaci\u00f3n, la definici\u00f3n de protocolos de comunicaci\u00f3n y la promoci\u00f3n de una cultura de transparencia y apertura.<\/p>\n\n\n\n<h2 class=\"wp-block-heading\">Gesti\u00f3n de la Comunicaci\u00f3n del Proyecto<\/h2>\n\n\n<div class=\"wp-block-image\">\n<figure class=\"alignleft size-full is-resized\"><img loading=\"lazy\" decoding=\"async\" width=\"1000\" height=\"667\" src=\"http:\/\/imecaf.com\/blog\/wp-content\/uploads\/comunicacion.jpg\" alt=\"Gesti\u00f3n de la Comunicaci\u00f3n del Proyecto\" class=\"wp-image-14518\" style=\"width:395px;height:auto\" srcset=\"https:\/\/imecaf.com\/blog\/wp-content\/uploads\/comunicacion.jpg 1000w, https:\/\/imecaf.com\/blog\/wp-content\/uploads\/comunicacion-300x200.jpg 300w, https:\/\/imecaf.com\/blog\/wp-content\/uploads\/comunicacion-768x512.jpg 768w\" sizes=\"auto, (max-width: 1000px) 100vw, 1000px\" \/><\/figure>\n<\/div>\n\n\n<p>La <a href=\"https:\/\/imecaf.com\/347\"><strong>gesti\u00f3n de la comunicaci\u00f3n<\/strong><\/a> en la administraci\u00f3n de proyectos es fundamental para garantizar que la informaci\u00f3n se comparta de manera efectiva y que todas las partes interesadas est\u00e9n informadas y comprometidas a lo largo del ciclo de vida del proyecto. Una gesti\u00f3n eficaz de la comunicaci\u00f3n ayuda a minimizar los malentendidos, <strong><a href=\"https:\/\/imecaf.com\/40\">resolver los conflictos<\/a><\/strong> y maximizar el \u00e9xito del proyecto.<\/p>\n\n\n\n<h3 class=\"wp-block-heading\"><strong>Planificaci\u00f3n de la Comunicaci\u00f3n<\/strong><\/h3>\n\n\n\n<p>La planificaci\u00f3n de la comunicaci\u00f3n implica determinar qu\u00e9 informaci\u00f3n se debe comunicar, qui\u00e9n necesita recibirla, cu\u00e1ndo y con qu\u00e9 frecuencia. Esto se realiza mediante la elaboraci\u00f3n de un plan de comunicaci\u00f3n del proyecto que identifica los objetivos de comunicaci\u00f3n, los destinatarios, los mensajes clave, los m\u00e9todos de comunicaci\u00f3n y el cronograma de distribuci\u00f3n.<\/p>\n\n\n\n<h3 class=\"wp-block-heading\"><strong>Distribuci\u00f3n de la Informaci\u00f3n<\/strong><\/h3>\n\n\n<div class=\"wp-block-image\">\n<figure class=\"alignright size-full is-resized\"><img loading=\"lazy\" decoding=\"async\" width=\"668\" height=\"1000\" src=\"http:\/\/imecaf.com\/blog\/wp-content\/uploads\/comunicacion-bidireccional.jpg\" alt=\"Comunicaci\u00f3n Bidireccional\" class=\"wp-image-14520\" style=\"width:249px;height:auto\" srcset=\"https:\/\/imecaf.com\/blog\/wp-content\/uploads\/comunicacion-bidireccional.jpg 668w, https:\/\/imecaf.com\/blog\/wp-content\/uploads\/comunicacion-bidireccional-200x300.jpg 200w\" sizes=\"auto, (max-width: 668px) 100vw, 668px\" \/><\/figure>\n<\/div>\n\n\n<p>La distribuci\u00f3n de la informaci\u00f3n implica enviar la informaci\u00f3n relevante a las partes interesadas de manera oportuna y eficiente. Esto puede implicar el uso de herramientas como correos electr\u00f3nicos, reuniones, informes de estado, tableros de mensajes, redes sociales, entre otros, para transmitir la informaci\u00f3n de manera efectiva.<\/p>\n\n\n\n<h3 class=\"wp-block-heading\"><strong>Gesti\u00f3n de la Comunicaci\u00f3n Bidireccional<\/strong><\/h3>\n\n\n\n<p>La gesti\u00f3n de la comunicaci\u00f3n bidireccional implica fomentar un di\u00e1logo abierto y continuo entre el equipo del proyecto y las partes interesadas. Esto implica no solo transmitir informaci\u00f3n, sino tambi\u00e9n escuchar activamente las preocupaciones, preguntas y comentarios de las partes interesadas y responder de manera adecuada y oportuna.<\/p>\n\n\n\n<h3 class=\"wp-block-heading\"><strong>Gesti\u00f3n de las Expectativas de las Partes Interesadas<\/strong><\/h3>\n\n\n\n<p>La gesti\u00f3n de las expectativas de las partes interesadas implica comprender y gestionar las expectativas de todas las partes interesadas relevantes en relaci\u00f3n con el proyecto. Esto puede implicar educar a las partes interesadas sobre el alcance, los plazos y los riesgos del proyecto, as\u00ed como gestionar las expectativas para garantizar una comprensi\u00f3n com\u00fan y realista de lo que se puede lograr.<\/p>\n\n\n\n<h3 class=\"wp-block-heading\"><strong>Resoluci\u00f3n de Problemas de Comunicaci\u00f3n<\/strong><\/h3>\n\n\n<div class=\"wp-block-image\">\n<figure class=\"alignleft size-full is-resized\"><img loading=\"lazy\" decoding=\"async\" width=\"1000\" height=\"667\" src=\"http:\/\/imecaf.com\/blog\/wp-content\/uploads\/comunicacion-de-proyecto-1.jpg\" alt=\"Resoluci\u00f3n de Problemas de Comunicaci\u00f3n en un Proyecto\" class=\"wp-image-14521\" style=\"width:317px;height:auto\" srcset=\"https:\/\/imecaf.com\/blog\/wp-content\/uploads\/comunicacion-de-proyecto-1.jpg 1000w, https:\/\/imecaf.com\/blog\/wp-content\/uploads\/comunicacion-de-proyecto-1-300x200.jpg 300w, https:\/\/imecaf.com\/blog\/wp-content\/uploads\/comunicacion-de-proyecto-1-768x512.jpg 768w\" sizes=\"auto, (max-width: 1000px) 100vw, 1000px\" \/><\/figure>\n<\/div>\n\n\n<p>La <strong><a href=\"https:\/\/imecaf.com\/527\">resoluci\u00f3n de problemas<\/a><\/strong> de comunicaci\u00f3n implica abordar y resolver cualquier malentendido, confusi\u00f3n o conflicto relacionado con la comunicaci\u00f3n del proyecto. Esto puede implicar la identificaci\u00f3n de barreras de comunicaci\u00f3n, como diferencias culturales, barreras ling\u00fc\u00edsticas o problemas de percepci\u00f3n, y la implementaci\u00f3n de estrategias para superar estas barreras y mejorar la comunicaci\u00f3n.<\/p>\n\n\n\n<h3 class=\"wp-block-heading\"><strong>Evaluaci\u00f3n y Mejora de la Comunicaci\u00f3n<\/strong><\/h3>\n\n\n\n<p>La evaluaci\u00f3n y mejora de la comunicaci\u00f3n implica monitorear continuamente la efectividad de la comunicaci\u00f3n del proyecto y tomar medidas para mejorarla seg\u00fan sea necesario. Esto puede incluir la recopilaci\u00f3n de retroalimentaci\u00f3n de las partes interesadas, la realizaci\u00f3n de encuestas de satisfacci\u00f3n, la revisi\u00f3n de la efectividad de los mensajes de comunicaci\u00f3n y la implementaci\u00f3n de cambios para mejorar la comunicaci\u00f3n en el futuro.<\/p>\n\n\n\n<h2 class=\"wp-block-heading\"><strong>Gesti\u00f3n de Riesgos del Proyecto<\/strong><\/h2>\n\n\n<div class=\"wp-block-image\">\n<figure class=\"alignleft size-full is-resized\"><img loading=\"lazy\" decoding=\"async\" width=\"900\" height=\"650\" src=\"http:\/\/imecaf.com\/blog\/wp-content\/uploads\/Gestion-de-riesgos.jpg\" alt=\"Gesti\u00f3n de Riesgos del Proyecto\" class=\"wp-image-14522\" style=\"width:399px;height:auto\" srcset=\"https:\/\/imecaf.com\/blog\/wp-content\/uploads\/Gestion-de-riesgos.jpg 900w, https:\/\/imecaf.com\/blog\/wp-content\/uploads\/Gestion-de-riesgos-300x217.jpg 300w, https:\/\/imecaf.com\/blog\/wp-content\/uploads\/Gestion-de-riesgos-768x555.jpg 768w\" sizes=\"auto, (max-width: 900px) 100vw, 900px\" \/><\/figure>\n<\/div>\n\n\n<p><a href=\"https:\/\/imecaf.com\/253\">La <strong>gesti\u00f3n de riesgos<\/strong><\/a> en la administraci\u00f3n de proyectos es un proceso continuo que ayuda a identificar, analizar, responder y monitorear los riesgos potenciales que pueden afectar el \u00e9xito del proyecto. Una gesti\u00f3n efectiva de riesgos ayuda a minimizar las sorpresas, optimizar el uso de recursos y aumentar las posibilidades de \u00e9xito del proyecto.<\/p>\n\n\n\n<h3 class=\"wp-block-heading\"><strong>Identificaci\u00f3n de Riesgos<\/strong><\/h3>\n\n\n\n<p>La identificaci\u00f3n de riesgos implica identificar y documentar los riesgos potenciales que podr\u00edan afectar el proyecto, tanto positivos como negativos. Esto se realiza mediante t\u00e9cnicas como la lluvia de ideas, el an\u00e1lisis de documentos, las entrevistas con expertos y la revisi\u00f3n de lecciones aprendidas de proyectos similares.<\/p>\n\n\n\n<h3 class=\"wp-block-heading\"><strong>An\u00e1lisis de Riesgos<\/strong><\/h3>\n\n\n<div class=\"wp-block-image\">\n<figure class=\"alignright size-full is-resized\"><img loading=\"lazy\" decoding=\"async\" width=\"900\" height=\"650\" src=\"http:\/\/imecaf.com\/blog\/wp-content\/uploads\/Planificacion-de-riesgos.jpg\" alt=\"\" class=\"wp-image-14524\" style=\"width:318px;height:auto\" srcset=\"https:\/\/imecaf.com\/blog\/wp-content\/uploads\/Planificacion-de-riesgos.jpg 900w, https:\/\/imecaf.com\/blog\/wp-content\/uploads\/Planificacion-de-riesgos-300x217.jpg 300w, https:\/\/imecaf.com\/blog\/wp-content\/uploads\/Planificacion-de-riesgos-768x555.jpg 768w\" sizes=\"auto, (max-width: 900px) 100vw, 900px\" \/><\/figure>\n<\/div>\n\n\n<p>El an\u00e1lisis de riesgos implica evaluar la probabilidad de ocurrencia y el impacto de cada riesgo identificado en el proyecto. Esto ayuda a priorizar los riesgos seg\u00fan su importancia y a centrar los esfuerzos de gesti\u00f3n de riesgos en los riesgos m\u00e1s significativos. Se pueden utilizar t\u00e9cnicas como el an\u00e1lisis cualitativo (evaluaci\u00f3n subjetiva) y el an\u00e1lisis cuantitativo (evaluaci\u00f3n num\u00e9rica) para analizar los riesgos.<\/p>\n\n\n\n<h3 class=\"wp-block-heading\"><strong>Planificaci\u00f3n de Respuestas a los Riesgos<\/strong><\/h3>\n\n\n\n<p>La planificaci\u00f3n de respuestas a los riesgos implica desarrollar estrategias para responder a los riesgos identificados de manera efectiva. Esto puede incluir estrategias para mitigar los riesgos (reducir la probabilidad o el impacto), transferir los riesgos (como mediante seguros o subcontrataci\u00f3n), aceptar los riesgos (cuando el costo de responder al riesgo es mayor que los beneficios potenciales) o evitar los riesgos (modificando el alcance o la planificaci\u00f3n del proyecto).<\/p>\n\n\n\n<h3 class=\"wp-block-heading\"><strong>Implementaci\u00f3n de Respuestas a los Riesgos<\/strong><\/h3>\n\n\n\n<p>La implementaci\u00f3n de respuestas a los riesgos implica ejecutar las acciones planificadas para abordar los riesgos identificados. Esto puede incluir la asignaci\u00f3n de recursos, la implementaci\u00f3n de controles adicionales o la revisi\u00f3n de procesos para minimizar el impacto de los riesgos en el proyecto.<\/p>\n\n\n\n<h3 class=\"wp-block-heading\"><strong>Monitoreo y Control de Riesgos<\/strong><\/h3>\n\n\n<div class=\"wp-block-image\">\n<figure class=\"alignleft size-full is-resized\"><img loading=\"lazy\" decoding=\"async\" width=\"1000\" height=\"667\" src=\"http:\/\/imecaf.com\/blog\/wp-content\/uploads\/monitoreo-de-riesgos.jpg\" alt=\"Monitoreo y Control de Riesgos de un Proyecto\" class=\"wp-image-14525\" style=\"width:396px;height:auto\" srcset=\"https:\/\/imecaf.com\/blog\/wp-content\/uploads\/monitoreo-de-riesgos.jpg 1000w, https:\/\/imecaf.com\/blog\/wp-content\/uploads\/monitoreo-de-riesgos-300x200.jpg 300w, https:\/\/imecaf.com\/blog\/wp-content\/uploads\/monitoreo-de-riesgos-768x512.jpg 768w\" sizes=\"auto, (max-width: 1000px) 100vw, 1000px\" \/><\/figure>\n<\/div>\n\n\n<p>El monitoreo y control de riesgos implica supervisar continuamente los riesgos identificados a lo largo del ciclo de vida del proyecto y tomar medidas correctivas seg\u00fan sea necesario. Esto puede incluir la revisi\u00f3n peri\u00f3dica del registro de riesgos, la evaluaci\u00f3n de nuevas amenazas o oportunidades y la implementaci\u00f3n de cambios en las respuestas a los riesgos seg\u00fan sea necesario.<\/p>\n\n\n\n<h3 class=\"wp-block-heading\"><strong>Comunicaci\u00f3n de Riesgos<\/strong><\/h3>\n\n\n\n<p>La comunicaci\u00f3n de riesgos implica informar a todas las partes interesadas relevantes sobre los riesgos identificados, su probabilidad, impacto y las medidas planificadas para abordarlos. Esto ayuda a mantener una comprensi\u00f3n com\u00fan de los riesgos del proyecto y a garantizar que todas las partes interesadas est\u00e9n informadas y comprometidas en la gesti\u00f3n de riesgos.<\/p>\n\n\n\n<h2 class=\"wp-block-heading\">Gesti\u00f3n de la Integraci\u00f3n y Cierre del Proyecto<\/h2>\n\n\n<div class=\"wp-block-image\">\n<figure class=\"aligncenter size-full is-resized\"><img loading=\"lazy\" decoding=\"async\" width=\"900\" height=\"650\" src=\"http:\/\/imecaf.com\/blog\/wp-content\/uploads\/cierre-de-proyecto-1.jpg\" alt=\"Cierre del Proyecto\" class=\"wp-image-14531\" style=\"width:635px;height:auto\" srcset=\"https:\/\/imecaf.com\/blog\/wp-content\/uploads\/cierre-de-proyecto-1.jpg 900w, https:\/\/imecaf.com\/blog\/wp-content\/uploads\/cierre-de-proyecto-1-300x217.jpg 300w, https:\/\/imecaf.com\/blog\/wp-content\/uploads\/cierre-de-proyecto-1-768x555.jpg 768w\" sizes=\"auto, (max-width: 900px) 100vw, 900px\" \/><\/figure>\n<\/div>\n\n\n<p>La gesti\u00f3n de la integraci\u00f3n se refiere a la coordinaci\u00f3n de todas las \u00e1reas del proyecto para garantizar que funcionen de manera armoniosa y cohesiva. Esto implica integrar los procesos, sistemas y recursos del proyecto de manera eficiente y efectiva para alcanzar los objetivos establecidos.<\/p>\n\n\n\n<p>La gesti\u00f3n de la integraci\u00f3n tambi\u00e9n implica la gesti\u00f3n de cambios en el proyecto, asegur\u00e1ndose de que cualquier cambio propuesto se eval\u00fae cuidadosamente en t\u00e9rminos de su impacto en el alcance, tiempo, costo y calidad del proyecto, y se apruebe o rechace de manera apropiada.<\/p>\n\n\n\n<h3 class=\"wp-block-heading\"><strong>Cierre de Proyecto<\/strong><\/h3>\n\n\n\n<p>La gesti\u00f3n del cierre de proyecto es esencial para garantizar una finalizaci\u00f3n ordenada y exitosa del mismo. Una gesti\u00f3n efectiva del cierre de proyecto ayuda a consolidar los logros, aprovechar las lecciones aprendidas y garantizar una transici\u00f3n suave a las operaciones posteriores al proyecto.<\/p>\n\n\n\n<h4 class=\"wp-block-heading\"><strong>Recopilaci\u00f3n y Documentaci\u00f3n de Entregables<\/strong><\/h4>\n\n\n\n<p>Durante esta etapa, se recopilan y documentan todos los entregables finales del proyecto, incluidos los productos, documentos y resultados obtenidos. Es importante asegurarse de que todos los entregables est\u00e9n completos y cumplan con los requisitos establecidos en la declaraci\u00f3n de alcance del proyecto.<\/p>\n\n\n\n<h4 class=\"wp-block-heading\"><strong>Evaluaci\u00f3n del Cumplimiento de Objetivos<\/strong><\/h4>\n\n\n<div class=\"wp-block-image\">\n<figure class=\"alignleft size-full is-resized\"><img loading=\"lazy\" decoding=\"async\" width=\"1000\" height=\"667\" src=\"http:\/\/imecaf.com\/blog\/wp-content\/uploads\/Gestion-integracion-de-proyecto-1.jpg\" alt=\"Cumplimiento de Objetivos del Proyecto\" class=\"wp-image-14532\" style=\"width:383px;height:auto\" srcset=\"https:\/\/imecaf.com\/blog\/wp-content\/uploads\/Gestion-integracion-de-proyecto-1.jpg 1000w, https:\/\/imecaf.com\/blog\/wp-content\/uploads\/Gestion-integracion-de-proyecto-1-300x200.jpg 300w, https:\/\/imecaf.com\/blog\/wp-content\/uploads\/Gestion-integracion-de-proyecto-1-768x512.jpg 768w\" sizes=\"auto, (max-width: 1000px) 100vw, 1000px\" \/><\/figure>\n<\/div>\n\n\n<p>Se realiza una evaluaci\u00f3n para determinar si el proyecto ha logrado sus objetivos y entregables definidos en la declaraci\u00f3n de alcance. Esto implica comparar los resultados obtenidos con los criterios de \u00e9xito establecidos inicialmente para el proyecto.<\/p>\n\n\n\n<h4 class=\"wp-block-heading\"><strong>Obtenci\u00f3n de Aceptaci\u00f3n del Cliente<\/strong><\/h4>\n\n\n\n<p>Es importante obtener la aceptaci\u00f3n formal del cliente o partes interesadas relevantes de que el proyecto ha sido completado satisfactoriamente y que los entregables cumplen con sus expectativas. Esto puede implicar la realizaci\u00f3n de revisiones finales y la obtenci\u00f3n de firmas de aprobaci\u00f3n.<\/p>\n\n\n\n<h4 class=\"wp-block-heading\"><strong>Documentaci\u00f3n de Lecciones Aprendidas<\/strong><\/h4>\n\n\n\n<p>Se documentan las lecciones aprendidas a lo largo del proyecto, incluidos los \u00e9xitos, desaf\u00edos, problemas encontrados y las mejores pr\u00e1cticas identificadas. Esta informaci\u00f3n es valiosa para futuros proyectos y puede contribuir al aprendizaje organizacional.<\/p>\n\n\n\n<h4 class=\"wp-block-heading\"><strong>Cierre de Contratos y Adquisiciones<\/strong><\/h4>\n\n\n\n<p>Si el proyecto incluy\u00f3 contratos o adquisiciones externas, es necesario completar todos los procesos de cierre asociados, incluida la finalizaci\u00f3n de pagos, la liberaci\u00f3n de recursos contratados y la resoluci\u00f3n de cualquier disputa pendiente.<\/p>\n\n\n\n<h4 class=\"wp-block-heading\"><strong>Liberaci\u00f3n de Recursos del Proyecto<\/strong><\/h4>\n\n\n<div class=\"wp-block-image\">\n<figure class=\"alignright size-full is-resized\"><img loading=\"lazy\" decoding=\"async\" width=\"900\" height=\"650\" src=\"http:\/\/imecaf.com\/blog\/wp-content\/uploads\/Cumplimiento-de-objetivos-1.jpg\" alt=\"Celebraci\u00f3n y Reconocimiento\" class=\"wp-image-14530\" style=\"width:426px;height:auto\" srcset=\"https:\/\/imecaf.com\/blog\/wp-content\/uploads\/Cumplimiento-de-objetivos-1.jpg 900w, https:\/\/imecaf.com\/blog\/wp-content\/uploads\/Cumplimiento-de-objetivos-1-300x217.jpg 300w, https:\/\/imecaf.com\/blog\/wp-content\/uploads\/Cumplimiento-de-objetivos-1-768x555.jpg 768w\" sizes=\"auto, (max-width: 900px) 100vw, 900px\" \/><\/figure>\n<\/div>\n\n\n<p>Se liberan los recursos del proyecto, incluidos el personal, el equipo y los recursos financieros, para su reasignaci\u00f3n a otros proyectos o actividades. Esto implica dar de baja los contratos de trabajo, devolver el equipo y cerrar cuentas financieras asociadas al proyecto.<\/p>\n\n\n\n<h4 class=\"wp-block-heading\"><strong>Celebraci\u00f3n y Reconocimiento<\/strong><\/h4>\n\n\n\n<p>Es importante celebrar los logros del proyecto y reconocer el arduo trabajo y la contribuci\u00f3n de todo el equipo del proyecto. Esto puede implicar una reuni\u00f3n de cierre del proyecto, la entrega de reconocimientos y la celebraci\u00f3n de los hitos alcanzados.<\/p>\n\n\n\n<h4 class=\"wp-block-heading\"><strong>Cierre Administrativo<\/strong><\/h4>\n\n\n\n<p>Finalmente, se completa la documentaci\u00f3n administrativa del proyecto, incluida la actualizaci\u00f3n de registros, el resguardo de documentos y la elaboraci\u00f3n de informes finales de cierre del proyecto. Esto garantiza que todos los aspectos del proyecto est\u00e9n debidamente documentados y cerrados.<\/p>\n\n\n\n<h2 class=\"wp-block-heading\">Desaf\u00edos Comunes en la Gesti\u00f3n de Proyectos y Estrategias de Superaci\u00f3n<\/h2>\n\n\n<div class=\"wp-block-image\">\n<figure class=\"aligncenter size-full is-resized\"><img loading=\"lazy\" decoding=\"async\" width=\"900\" height=\"650\" src=\"http:\/\/imecaf.com\/blog\/wp-content\/uploads\/desafios-de-la-gestion-de-proyectos.jpg\" alt=\"Desaf\u00edos de la Gesti\u00f3n de Proyectos\" class=\"wp-image-14533\" style=\"width:587px;height:auto\" srcset=\"https:\/\/imecaf.com\/blog\/wp-content\/uploads\/desafios-de-la-gestion-de-proyectos.jpg 900w, https:\/\/imecaf.com\/blog\/wp-content\/uploads\/desafios-de-la-gestion-de-proyectos-300x217.jpg 300w, https:\/\/imecaf.com\/blog\/wp-content\/uploads\/desafios-de-la-gestion-de-proyectos-768x555.jpg 768w\" sizes=\"auto, (max-width: 900px) 100vw, 900px\" \/><\/figure>\n<\/div>\n\n\n<p>A lo largo del ciclo de vida del proyecto, es probable que surjan una serie de desaf\u00edos y obst\u00e1culos que puedan afectar su \u00e9xito. Algunos de los desaf\u00edos comunes en la gesti\u00f3n de proyectos incluyen:<\/p>\n\n\n\n<p>&#8211; <strong>Presupuesto limitado:<\/strong> La gesti\u00f3n de proyectos con un presupuesto limitado puede requerir una cuidadosa asignaci\u00f3n de recursos y una optimizaci\u00f3n de los procesos para maximizar el valor entregado.<\/p>\n\n\n\n<p>&#8211; <strong>Plazos ajustados:<\/strong> Los plazos ajustados pueden requerir una planificaci\u00f3n cuidadosa y una gesti\u00f3n eficaz del tiempo para garantizar que se cumplan los objetivos del proyecto dentro del tiempo disponible.<\/p>\n\n\n\n<p>&#8211; <strong>Conflictos internos:<\/strong> Los conflictos entre miembros del equipo o partes interesadas pueden afectar la colaboraci\u00f3n y la productividad. La resoluci\u00f3n r\u00e1pida y eficaz de los conflictos es crucial para mantener el proyecto en curso.<\/p>\n\n\n\n<p>&#8211; <strong>Cambios en los requisitos:<\/strong> Los cambios en los requisitos del proyecto pueden surgir a medida que avanza el proyecto, lo que puede requerir ajustes en el alcance, tiempo, costo o calidad de este para adaptarse a los nuevos requisitos.<\/p>\n\n\n\n<p>Para superar estos desaf\u00edos, es importante adoptar una mentalidad flexible y adaptativa, as\u00ed como contar con estrategias y planes de contingencia en su lugar para abordar cualquier problema que pueda surgir. La comunicaci\u00f3n abierta y transparente, la planificaci\u00f3n cuidadosa y la colaboraci\u00f3n efectiva son clave para superar los desaf\u00edos comunes en la administraci\u00f3n de proyectos.<\/p>\n\n\n\n<h2 class=\"wp-block-heading\">Conclusiones<\/h2>\n\n\n\n<p>La gesti\u00f3n de proyectos es una disciplina multifac\u00e9tica que requiere habilidades t\u00e9cnicas, liderazgo, comunicaci\u00f3n y gesti\u00f3n del cambio para lograr el \u00e9xito. Al adoptar un enfoque sistem\u00e1tico y estructurado para la gesti\u00f3n de proyectos, las organizaciones pueden maximizar la eficiencia, minimizar los riesgos y alcanzar los objetivos estrat\u00e9gicos de manera efectiva.<\/p>\n\n\n\n<p>Con este art\u00edculo, esperamos haber proporcionado a nuestros lectores una base s\u00f3lida para comprender los principios, procesos y pr\u00e1cticas asociadas con la gesti\u00f3n de proyectos, as\u00ed como estrategias para abordar desaf\u00edos comunes y optimizar resultados. Al aplicar los conocimientos y las habilidades adquiridas en esta gu\u00eda, los encargados de proyectos pueden mejorar su capacidad para liderar equipos, gestionar recursos y entregar proyectos exitosos que generen un impacto positivo en sus organizaciones y comunidades. Para saber m\u00e1s, te invitamos a descubrir nuestro <strong>curso de <a href=\"https:\/\/imecaf.com\/271\">Administraci\u00f3n de Proyectos<\/a><\/strong> y llevar tus habilidades al siguiente nivel.<\/p>\n\n\n<figure class=\"wp-block-image\"><a href=\"http:\/\/imecaf.com\/blog\/wp-content\/uploads\/Gestion-de-Proyectos-Conceptos-Basicos.pdf\"><img decoding=\"async\" style=\"width: 303px; height: auto;\" src=\"http:\/\/imecaf.com\/blog\/wp-content\/uploads\/Descargar-PDF-e1708732610860-1024x317.png\" alt=\"Qu\u00e9 es la Gesti\u00f3n de Proyectos - Descargar PDF\" \/><\/a><\/figure>","protected":false},"excerpt":{"rendered":"<p>La gesti\u00f3n o administraci\u00f3n de proyectos, es un componente vital en cualquier empresa o sector que busque llevar a cabo iniciativas exitosas de manera eficiente y efectiva. Desde la construcci\u00f3n de infraestructuras hasta el lanzamiento de nuevos productos, la gesti\u00f3n de proyectos proporciona la estructura necesaria para planificar, ejecutar y controlar actividades complejas con el &#8230; <a title=\"Gesti\u00f3n de Proyectos: Conceptos B\u00e1sicos\" class=\"read-more\" href=\"https:\/\/imecaf.com\/blog\/2024\/04\/25\/gestion-de-proyectos-conceptos-basicos\/\">Leer m\u00e1s <span class=\"screen-reader-text\">Gesti\u00f3n de Proyectos: Conceptos B\u00e1sicos<\/span><\/a><\/p>\n","protected":false},"author":2,"featured_media":14534,"comment_status":"open","ping_status":"closed","sticky":false,"template":"","format":"standard","meta":{"footnotes":""},"categories":[11,290],"tags":[8242,10425,3390,10417,6233,10423,10426,5343,10421,10419,10416,4890,10424,4395,2124,10422,6287,1665,10420],"class_list":["post-14472","post","type-post","status-publish","format-standard","has-post-thumbnail","hentry","category-administracion","category-articulos-administracion","tag-administracion-de-proyectos","tag-analisis-swot","tag-calidad","tag-ciclo-de-vida","tag-costos","tag-cpm","tag-cronograma","tag-definicion","tag-diagrama-de-gantt","tag-fases","tag-gestion-de-proyectos","tag-herramientas","tag-matriz-raci","tag-metodologia","tag-objetivos","tag-pert","tag-presupuesto","tag-software","tag-tecnicas"],"yoast_head":"<!-- This site is optimized with the Yoast SEO plugin v27.4 - https:\/\/yoast.com\/product\/yoast-seo-wordpress\/ -->\n<title>Gesti\u00f3n de Proyectos: Conceptos B\u00e1sicos - IMECAF - Blog<\/title>\n<meta name=\"description\" content=\"Gesti\u00f3n de proyectos: Qu\u00e9 es, fundamentos, fases, herramientas, metodolog\u00eda, alcance, gesti\u00f3n del tiempo, costos y presupuestos, y mucho m\u00e1s\" \/>\n<meta name=\"robots\" content=\"index, follow, max-snippet:-1, max-image-preview:large, max-video-preview:-1\" \/>\n<link rel=\"canonical\" href=\"https:\/\/imecaf.com\/blog\/2024\/04\/25\/gestion-de-proyectos-conceptos-basicos\/\" \/>\n<meta property=\"og:locale\" content=\"es_ES\" \/>\n<meta property=\"og:type\" content=\"article\" \/>\n<meta property=\"og:title\" content=\"Gesti\u00f3n de Proyectos: Conceptos B\u00e1sicos\" \/>\n<meta property=\"og:description\" content=\"Gesti\u00f3n de proyectos: Qu\u00e9 es, fundamentos, fases, herramientas, metodolog\u00eda, alcance, gesti\u00f3n del tiempo, costos y presupuestos, y mucho m\u00e1s\" \/>\n<meta property=\"og:url\" content=\"https:\/\/imecaf.com\/blog\/2024\/04\/25\/gestion-de-proyectos-conceptos-basicos\/\" \/>\n<meta property=\"og:site_name\" content=\"IMECAF - Blog\" \/>\n<meta property=\"article:publisher\" content=\"https:\/\/www.facebook.com\/IMECAF\" \/>\n<meta property=\"article:published_time\" content=\"2024-04-26T01:45:05+00:00\" \/>\n<meta property=\"article:modified_time\" content=\"2024-12-02T20:04:28+00:00\" \/>\n<meta property=\"og:image\" content=\"https:\/\/imecaf.com\/blog\/wp-content\/uploads\/Gestion-de-proyectos-1.jpg\" \/>\n\t<meta property=\"og:image:width\" content=\"1000\" \/>\n\t<meta property=\"og:image:height\" content=\"667\" \/>\n\t<meta property=\"og:image:type\" content=\"image\/jpeg\" \/>\n<meta name=\"author\" content=\"Equipo de IMECAF\" \/>\n<meta name=\"twitter:card\" content=\"summary_large_image\" \/>\n<meta name=\"twitter:title\" content=\"Gesti\u00f3n de Proyectos: Conceptos B\u00e1sicos\" \/>\n<meta name=\"twitter:description\" content=\"Gesti\u00f3n de proyectos: Qu\u00e9 es, fundamentos, fases, herramientas, metodolog\u00eda, alcance, gesti\u00f3n del tiempo, costos y presupuestos, y mucho m\u00e1s\" \/>\n<meta name=\"twitter:image\" content=\"https:\/\/imecaf.com\/blog\/wp-content\/uploads\/Gestion-de-proyectos-1.jpg\" \/>\n<meta name=\"twitter:creator\" content=\"@imecaf\" \/>\n<meta name=\"twitter:site\" content=\"@imecaf\" \/>\n<meta name=\"twitter:label1\" content=\"Escrito por\" \/>\n\t<meta name=\"twitter:data1\" content=\"Equipo de IMECAF\" \/>\n\t<meta name=\"twitter:label2\" content=\"Tiempo de lectura\" \/>\n\t<meta name=\"twitter:data2\" content=\"31 minutos\" \/>\n<script type=\"application\/ld+json\" class=\"yoast-schema-graph\">{\"@context\":\"https:\\\/\\\/schema.org\",\"@graph\":[{\"@type\":\"Article\",\"@id\":\"https:\\\/\\\/imecaf.com\\\/blog\\\/2024\\\/04\\\/25\\\/gestion-de-proyectos-conceptos-basicos\\\/#article\",\"isPartOf\":{\"@id\":\"https:\\\/\\\/imecaf.com\\\/blog\\\/2024\\\/04\\\/25\\\/gestion-de-proyectos-conceptos-basicos\\\/\"},\"author\":{\"name\":\"Equipo de IMECAF\",\"@id\":\"https:\\\/\\\/imecaf.com\\\/blog\\\/#\\\/schema\\\/person\\\/a69b9f3972250aa0b1fdb798f094b4c7\"},\"headline\":\"Gesti\u00f3n de Proyectos: Conceptos B\u00e1sicos\",\"datePublished\":\"2024-04-26T01:45:05+00:00\",\"dateModified\":\"2024-12-02T20:04:28+00:00\",\"mainEntityOfPage\":{\"@id\":\"https:\\\/\\\/imecaf.com\\\/blog\\\/2024\\\/04\\\/25\\\/gestion-de-proyectos-conceptos-basicos\\\/\"},\"wordCount\":5677,\"commentCount\":0,\"publisher\":{\"@id\":\"https:\\\/\\\/imecaf.com\\\/blog\\\/#organization\"},\"image\":{\"@id\":\"https:\\\/\\\/imecaf.com\\\/blog\\\/2024\\\/04\\\/25\\\/gestion-de-proyectos-conceptos-basicos\\\/#primaryimage\"},\"thumbnailUrl\":\"https:\\\/\\\/imecaf.com\\\/blog\\\/wp-content\\\/uploads\\\/Gestion-de-proyectos-1.jpg\",\"keywords\":[\"administracion de proyectos\",\"analisis swot\",\"calidad\",\"ciclo de vida\",\"costos\",\"cpm\",\"cronograma\",\"definicion\",\"diagrama de gantt\",\"fases\",\"gestion de proyectos\",\"herramientas\",\"matriz raci\",\"metodologia\",\"objetivos\",\"pert\",\"presupuesto\",\"software\",\"tecnicas\"],\"articleSection\":[\"Administraci\u00f3n\",\"Art\u00edculos\"],\"inLanguage\":\"es\",\"potentialAction\":[{\"@type\":\"CommentAction\",\"name\":\"Comment\",\"target\":[\"https:\\\/\\\/imecaf.com\\\/blog\\\/2024\\\/04\\\/25\\\/gestion-de-proyectos-conceptos-basicos\\\/#respond\"]}]},{\"@type\":\"WebPage\",\"@id\":\"https:\\\/\\\/imecaf.com\\\/blog\\\/2024\\\/04\\\/25\\\/gestion-de-proyectos-conceptos-basicos\\\/\",\"url\":\"https:\\\/\\\/imecaf.com\\\/blog\\\/2024\\\/04\\\/25\\\/gestion-de-proyectos-conceptos-basicos\\\/\",\"name\":\"Gesti\u00f3n de Proyectos: Conceptos B\u00e1sicos - IMECAF - Blog\",\"isPartOf\":{\"@id\":\"https:\\\/\\\/imecaf.com\\\/blog\\\/#website\"},\"primaryImageOfPage\":{\"@id\":\"https:\\\/\\\/imecaf.com\\\/blog\\\/2024\\\/04\\\/25\\\/gestion-de-proyectos-conceptos-basicos\\\/#primaryimage\"},\"image\":{\"@id\":\"https:\\\/\\\/imecaf.com\\\/blog\\\/2024\\\/04\\\/25\\\/gestion-de-proyectos-conceptos-basicos\\\/#primaryimage\"},\"thumbnailUrl\":\"https:\\\/\\\/imecaf.com\\\/blog\\\/wp-content\\\/uploads\\\/Gestion-de-proyectos-1.jpg\",\"datePublished\":\"2024-04-26T01:45:05+00:00\",\"dateModified\":\"2024-12-02T20:04:28+00:00\",\"description\":\"Gesti\u00f3n de proyectos: Qu\u00e9 es, fundamentos, fases, herramientas, metodolog\u00eda, alcance, gesti\u00f3n del tiempo, costos y presupuestos, y mucho m\u00e1s\",\"breadcrumb\":{\"@id\":\"https:\\\/\\\/imecaf.com\\\/blog\\\/2024\\\/04\\\/25\\\/gestion-de-proyectos-conceptos-basicos\\\/#breadcrumb\"},\"inLanguage\":\"es\",\"potentialAction\":[{\"@type\":\"ReadAction\",\"target\":[\"https:\\\/\\\/imecaf.com\\\/blog\\\/2024\\\/04\\\/25\\\/gestion-de-proyectos-conceptos-basicos\\\/\"]}]},{\"@type\":\"ImageObject\",\"inLanguage\":\"es\",\"@id\":\"https:\\\/\\\/imecaf.com\\\/blog\\\/2024\\\/04\\\/25\\\/gestion-de-proyectos-conceptos-basicos\\\/#primaryimage\",\"url\":\"https:\\\/\\\/imecaf.com\\\/blog\\\/wp-content\\\/uploads\\\/Gestion-de-proyectos-1.jpg\",\"contentUrl\":\"https:\\\/\\\/imecaf.com\\\/blog\\\/wp-content\\\/uploads\\\/Gestion-de-proyectos-1.jpg\",\"width\":1000,\"height\":667},{\"@type\":\"BreadcrumbList\",\"@id\":\"https:\\\/\\\/imecaf.com\\\/blog\\\/2024\\\/04\\\/25\\\/gestion-de-proyectos-conceptos-basicos\\\/#breadcrumb\",\"itemListElement\":[{\"@type\":\"ListItem\",\"position\":1,\"name\":\"Portada\",\"item\":\"https:\\\/\\\/imecaf.com\\\/blog\\\/\"},{\"@type\":\"ListItem\",\"position\":2,\"name\":\"Gesti\u00f3n de Proyectos: Conceptos B\u00e1sicos\"}]},{\"@type\":\"WebSite\",\"@id\":\"https:\\\/\\\/imecaf.com\\\/blog\\\/#website\",\"url\":\"https:\\\/\\\/imecaf.com\\\/blog\\\/\",\"name\":\"IMECAF\",\"description\":\"Un lugar para expresar y compartir inquietudes dentro del mundo de la educaci\u00f3n.\",\"publisher\":{\"@id\":\"https:\\\/\\\/imecaf.com\\\/blog\\\/#organization\"},\"potentialAction\":[{\"@type\":\"SearchAction\",\"target\":{\"@type\":\"EntryPoint\",\"urlTemplate\":\"https:\\\/\\\/imecaf.com\\\/blog\\\/?s={search_term_string}\"},\"query-input\":{\"@type\":\"PropertyValueSpecification\",\"valueRequired\":true,\"valueName\":\"search_term_string\"}}],\"inLanguage\":\"es\"},{\"@type\":\"Organization\",\"@id\":\"https:\\\/\\\/imecaf.com\\\/blog\\\/#organization\",\"name\":\"IMECAF - Instituto Mexicano de Contabilidad, Administraci\u00f3n y Finanzas\",\"url\":\"https:\\\/\\\/imecaf.com\\\/blog\\\/\",\"logo\":{\"@type\":\"ImageObject\",\"inLanguage\":\"es\",\"@id\":\"https:\\\/\\\/imecaf.com\\\/blog\\\/#\\\/schema\\\/logo\\\/image\\\/\",\"url\":\"https:\\\/\\\/imecaf.com\\\/blog\\\/wp-content\\\/uploads\\\/IMECAF.Logo_.25.png\",\"contentUrl\":\"https:\\\/\\\/imecaf.com\\\/blog\\\/wp-content\\\/uploads\\\/IMECAF.Logo_.25.png\",\"width\":350,\"height\":350,\"caption\":\"IMECAF - Instituto Mexicano de Contabilidad, Administraci\u00f3n y Finanzas\"},\"image\":{\"@id\":\"https:\\\/\\\/imecaf.com\\\/blog\\\/#\\\/schema\\\/logo\\\/image\\\/\"},\"sameAs\":[\"https:\\\/\\\/www.facebook.com\\\/IMECAF\",\"https:\\\/\\\/x.com\\\/imecaf\",\"https:\\\/\\\/www.linkedin.com\\\/company\\\/imecaf\\\/\",\"https:\\\/\\\/www.youtube.com\\\/imecaf\",\"https:\\\/\\\/www.instagram.com\\\/imecaf_mx\\\/\",\"https:\\\/\\\/imecaf.negocio.site\\\/\"]},{\"@type\":\"Person\",\"@id\":\"https:\\\/\\\/imecaf.com\\\/blog\\\/#\\\/schema\\\/person\\\/a69b9f3972250aa0b1fdb798f094b4c7\",\"name\":\"Equipo de IMECAF\",\"image\":{\"@type\":\"ImageObject\",\"inLanguage\":\"es\",\"@id\":\"https:\\\/\\\/secure.gravatar.com\\\/avatar\\\/4b4242953c12937bd47e298d7922b4d01ffafe2955ce4235d318b8950782aa13?s=96&d=mm&r=g\",\"url\":\"https:\\\/\\\/secure.gravatar.com\\\/avatar\\\/4b4242953c12937bd47e298d7922b4d01ffafe2955ce4235d318b8950782aa13?s=96&d=mm&r=g\",\"contentUrl\":\"https:\\\/\\\/secure.gravatar.com\\\/avatar\\\/4b4242953c12937bd47e298d7922b4d01ffafe2955ce4235d318b8950782aa13?s=96&d=mm&r=g\",\"caption\":\"Equipo de IMECAF\"},\"url\":\"https:\\\/\\\/imecaf.com\\\/blog\\\/author\\\/mfonticoba\\\/\"}]}<\/script>\n<!-- \/ Yoast SEO plugin. -->","yoast_head_json":{"title":"Gesti\u00f3n de Proyectos: Conceptos B\u00e1sicos - IMECAF - Blog","description":"Gesti\u00f3n de proyectos: Qu\u00e9 es, fundamentos, fases, herramientas, metodolog\u00eda, alcance, gesti\u00f3n del tiempo, costos y presupuestos, y mucho m\u00e1s","robots":{"index":"index","follow":"follow","max-snippet":"max-snippet:-1","max-image-preview":"max-image-preview:large","max-video-preview":"max-video-preview:-1"},"canonical":"https:\/\/imecaf.com\/blog\/2024\/04\/25\/gestion-de-proyectos-conceptos-basicos\/","og_locale":"es_ES","og_type":"article","og_title":"Gesti\u00f3n de Proyectos: Conceptos B\u00e1sicos","og_description":"Gesti\u00f3n de proyectos: Qu\u00e9 es, fundamentos, fases, herramientas, metodolog\u00eda, alcance, gesti\u00f3n del tiempo, costos y presupuestos, y mucho m\u00e1s","og_url":"https:\/\/imecaf.com\/blog\/2024\/04\/25\/gestion-de-proyectos-conceptos-basicos\/","og_site_name":"IMECAF - Blog","article_publisher":"https:\/\/www.facebook.com\/IMECAF","article_published_time":"2024-04-26T01:45:05+00:00","article_modified_time":"2024-12-02T20:04:28+00:00","og_image":[{"width":1000,"height":667,"url":"https:\/\/imecaf.com\/blog\/wp-content\/uploads\/Gestion-de-proyectos-1.jpg","type":"image\/jpeg"}],"author":"Equipo de IMECAF","twitter_card":"summary_large_image","twitter_title":"Gesti\u00f3n de Proyectos: Conceptos B\u00e1sicos","twitter_description":"Gesti\u00f3n de proyectos: Qu\u00e9 es, fundamentos, fases, herramientas, metodolog\u00eda, alcance, gesti\u00f3n del tiempo, costos y presupuestos, y mucho m\u00e1s","twitter_image":"https:\/\/imecaf.com\/blog\/wp-content\/uploads\/Gestion-de-proyectos-1.jpg","twitter_creator":"@imecaf","twitter_site":"@imecaf","twitter_misc":{"Escrito por":"Equipo de IMECAF","Tiempo de lectura":"31 minutos"},"schema":{"@context":"https:\/\/schema.org","@graph":[{"@type":"Article","@id":"https:\/\/imecaf.com\/blog\/2024\/04\/25\/gestion-de-proyectos-conceptos-basicos\/#article","isPartOf":{"@id":"https:\/\/imecaf.com\/blog\/2024\/04\/25\/gestion-de-proyectos-conceptos-basicos\/"},"author":{"name":"Equipo de IMECAF","@id":"https:\/\/imecaf.com\/blog\/#\/schema\/person\/a69b9f3972250aa0b1fdb798f094b4c7"},"headline":"Gesti\u00f3n de Proyectos: Conceptos B\u00e1sicos","datePublished":"2024-04-26T01:45:05+00:00","dateModified":"2024-12-02T20:04:28+00:00","mainEntityOfPage":{"@id":"https:\/\/imecaf.com\/blog\/2024\/04\/25\/gestion-de-proyectos-conceptos-basicos\/"},"wordCount":5677,"commentCount":0,"publisher":{"@id":"https:\/\/imecaf.com\/blog\/#organization"},"image":{"@id":"https:\/\/imecaf.com\/blog\/2024\/04\/25\/gestion-de-proyectos-conceptos-basicos\/#primaryimage"},"thumbnailUrl":"https:\/\/imecaf.com\/blog\/wp-content\/uploads\/Gestion-de-proyectos-1.jpg","keywords":["administracion de proyectos","analisis swot","calidad","ciclo de vida","costos","cpm","cronograma","definicion","diagrama de gantt","fases","gestion de proyectos","herramientas","matriz raci","metodologia","objetivos","pert","presupuesto","software","tecnicas"],"articleSection":["Administraci\u00f3n","Art\u00edculos"],"inLanguage":"es","potentialAction":[{"@type":"CommentAction","name":"Comment","target":["https:\/\/imecaf.com\/blog\/2024\/04\/25\/gestion-de-proyectos-conceptos-basicos\/#respond"]}]},{"@type":"WebPage","@id":"https:\/\/imecaf.com\/blog\/2024\/04\/25\/gestion-de-proyectos-conceptos-basicos\/","url":"https:\/\/imecaf.com\/blog\/2024\/04\/25\/gestion-de-proyectos-conceptos-basicos\/","name":"Gesti\u00f3n de Proyectos: Conceptos B\u00e1sicos - IMECAF - Blog","isPartOf":{"@id":"https:\/\/imecaf.com\/blog\/#website"},"primaryImageOfPage":{"@id":"https:\/\/imecaf.com\/blog\/2024\/04\/25\/gestion-de-proyectos-conceptos-basicos\/#primaryimage"},"image":{"@id":"https:\/\/imecaf.com\/blog\/2024\/04\/25\/gestion-de-proyectos-conceptos-basicos\/#primaryimage"},"thumbnailUrl":"https:\/\/imecaf.com\/blog\/wp-content\/uploads\/Gestion-de-proyectos-1.jpg","datePublished":"2024-04-26T01:45:05+00:00","dateModified":"2024-12-02T20:04:28+00:00","description":"Gesti\u00f3n de proyectos: Qu\u00e9 es, fundamentos, fases, herramientas, metodolog\u00eda, alcance, gesti\u00f3n del tiempo, costos y presupuestos, y mucho m\u00e1s","breadcrumb":{"@id":"https:\/\/imecaf.com\/blog\/2024\/04\/25\/gestion-de-proyectos-conceptos-basicos\/#breadcrumb"},"inLanguage":"es","potentialAction":[{"@type":"ReadAction","target":["https:\/\/imecaf.com\/blog\/2024\/04\/25\/gestion-de-proyectos-conceptos-basicos\/"]}]},{"@type":"ImageObject","inLanguage":"es","@id":"https:\/\/imecaf.com\/blog\/2024\/04\/25\/gestion-de-proyectos-conceptos-basicos\/#primaryimage","url":"https:\/\/imecaf.com\/blog\/wp-content\/uploads\/Gestion-de-proyectos-1.jpg","contentUrl":"https:\/\/imecaf.com\/blog\/wp-content\/uploads\/Gestion-de-proyectos-1.jpg","width":1000,"height":667},{"@type":"BreadcrumbList","@id":"https:\/\/imecaf.com\/blog\/2024\/04\/25\/gestion-de-proyectos-conceptos-basicos\/#breadcrumb","itemListElement":[{"@type":"ListItem","position":1,"name":"Portada","item":"https:\/\/imecaf.com\/blog\/"},{"@type":"ListItem","position":2,"name":"Gesti\u00f3n de Proyectos: Conceptos B\u00e1sicos"}]},{"@type":"WebSite","@id":"https:\/\/imecaf.com\/blog\/#website","url":"https:\/\/imecaf.com\/blog\/","name":"IMECAF","description":"Un lugar para expresar y compartir inquietudes dentro del mundo de la educaci\u00f3n.","publisher":{"@id":"https:\/\/imecaf.com\/blog\/#organization"},"potentialAction":[{"@type":"SearchAction","target":{"@type":"EntryPoint","urlTemplate":"https:\/\/imecaf.com\/blog\/?s={search_term_string}"},"query-input":{"@type":"PropertyValueSpecification","valueRequired":true,"valueName":"search_term_string"}}],"inLanguage":"es"},{"@type":"Organization","@id":"https:\/\/imecaf.com\/blog\/#organization","name":"IMECAF - Instituto Mexicano de Contabilidad, Administraci\u00f3n y Finanzas","url":"https:\/\/imecaf.com\/blog\/","logo":{"@type":"ImageObject","inLanguage":"es","@id":"https:\/\/imecaf.com\/blog\/#\/schema\/logo\/image\/","url":"https:\/\/imecaf.com\/blog\/wp-content\/uploads\/IMECAF.Logo_.25.png","contentUrl":"https:\/\/imecaf.com\/blog\/wp-content\/uploads\/IMECAF.Logo_.25.png","width":350,"height":350,"caption":"IMECAF - Instituto Mexicano de Contabilidad, Administraci\u00f3n y Finanzas"},"image":{"@id":"https:\/\/imecaf.com\/blog\/#\/schema\/logo\/image\/"},"sameAs":["https:\/\/www.facebook.com\/IMECAF","https:\/\/x.com\/imecaf","https:\/\/www.linkedin.com\/company\/imecaf\/","https:\/\/www.youtube.com\/imecaf","https:\/\/www.instagram.com\/imecaf_mx\/","https:\/\/imecaf.negocio.site\/"]},{"@type":"Person","@id":"https:\/\/imecaf.com\/blog\/#\/schema\/person\/a69b9f3972250aa0b1fdb798f094b4c7","name":"Equipo de IMECAF","image":{"@type":"ImageObject","inLanguage":"es","@id":"https:\/\/secure.gravatar.com\/avatar\/4b4242953c12937bd47e298d7922b4d01ffafe2955ce4235d318b8950782aa13?s=96&d=mm&r=g","url":"https:\/\/secure.gravatar.com\/avatar\/4b4242953c12937bd47e298d7922b4d01ffafe2955ce4235d318b8950782aa13?s=96&d=mm&r=g","contentUrl":"https:\/\/secure.gravatar.com\/avatar\/4b4242953c12937bd47e298d7922b4d01ffafe2955ce4235d318b8950782aa13?s=96&d=mm&r=g","caption":"Equipo de IMECAF"},"url":"https:\/\/imecaf.com\/blog\/author\/mfonticoba\/"}]}},"_links":{"self":[{"href":"https:\/\/imecaf.com\/blog\/wp-json\/wp\/v2\/posts\/14472","targetHints":{"allow":["GET"]}}],"collection":[{"href":"https:\/\/imecaf.com\/blog\/wp-json\/wp\/v2\/posts"}],"about":[{"href":"https:\/\/imecaf.com\/blog\/wp-json\/wp\/v2\/types\/post"}],"author":[{"embeddable":true,"href":"https:\/\/imecaf.com\/blog\/wp-json\/wp\/v2\/users\/2"}],"replies":[{"embeddable":true,"href":"https:\/\/imecaf.com\/blog\/wp-json\/wp\/v2\/comments?post=14472"}],"version-history":[{"count":0,"href":"https:\/\/imecaf.com\/blog\/wp-json\/wp\/v2\/posts\/14472\/revisions"}],"wp:featuredmedia":[{"embeddable":true,"href":"https:\/\/imecaf.com\/blog\/wp-json\/wp\/v2\/media\/14534"}],"wp:attachment":[{"href":"https:\/\/imecaf.com\/blog\/wp-json\/wp\/v2\/media?parent=14472"}],"wp:term":[{"taxonomy":"category","embeddable":true,"href":"https:\/\/imecaf.com\/blog\/wp-json\/wp\/v2\/categories?post=14472"},{"taxonomy":"post_tag","embeddable":true,"href":"https:\/\/imecaf.com\/blog\/wp-json\/wp\/v2\/tags?post=14472"}],"curies":[{"name":"wp","href":"https:\/\/api.w.org\/{rel}","templated":true}]}}