{"id":14587,"date":"2024-05-06T09:43:26","date_gmt":"2024-05-06T15:43:26","guid":{"rendered":"http:\/\/imecaf.com\/blog\/?p=14587"},"modified":"2024-12-02T14:05:07","modified_gmt":"2024-12-02T20:05:07","slug":"calidad-en-el-servicio-y-atencion-al-cliente","status":"publish","type":"post","link":"https:\/\/imecaf.com\/blog\/2024\/05\/06\/calidad-en-el-servicio-y-atencion-al-cliente\/","title":{"rendered":"Calidad en el Servicio y Atenci\u00f3n al Cliente: Elevando el Est\u00e1ndar"},"content":{"rendered":"<span class=\"span-reading-time rt-reading-time\" style=\"display: block;\"><span class=\"rt-label rt-prefix\">Tiempo de lectura:<\/span> <span class=\"rt-time\"> 12<\/span> <span class=\"rt-label rt-postfix\">minutos<\/span><\/span>\n\n<div class=\"wp-block-image\">\n<figure class=\"aligncenter size-full\"><img loading=\"lazy\" decoding=\"async\" width=\"1000\" height=\"667\" src=\"http:\/\/imecaf.com\/blog\/wp-content\/uploads\/Atencion-al-Cliente-y-Calidad-en-el-Servicio.jpg\" alt=\"Calidad en el Servicio y Atenci\u00f3n al Cliente\" class=\"wp-image-14588\" srcset=\"https:\/\/imecaf.com\/blog\/wp-content\/uploads\/Atencion-al-Cliente-y-Calidad-en-el-Servicio.jpg 1000w, https:\/\/imecaf.com\/blog\/wp-content\/uploads\/Atencion-al-Cliente-y-Calidad-en-el-Servicio-300x200.jpg 300w, https:\/\/imecaf.com\/blog\/wp-content\/uploads\/Atencion-al-Cliente-y-Calidad-en-el-Servicio-768x512.jpg 768w\" sizes=\"auto, (max-width: 1000px) 100vw, 1000px\" \/><\/figure>\n<\/div>\n\n\n<p>En un mundo empresarial cada vez m\u00e1s competitivo, la atenci\u00f3n al cliente y la calidad en el servicio se han convertido en pilares fundamentales para el \u00e9xito de cualquier empresa. En este art\u00edculo, exploraremos a fondo la importancia de estos aspectos cruciales, su impacto en la retenci\u00f3n de clientes, la construcci\u00f3n de una reputaci\u00f3n s\u00f3lida y c\u00f3mo pueden diferenciar a una empresa en el mercado actual.<\/p>\n\n\n\n<h2 class=\"wp-block-heading\" style=\"font-style:normal;font-weight:400\"><strong>Calidad y Servicio al Cliente: Conceptos Generales<\/strong><\/h2>\n\n\n\n<p class=\"has-text-align-center has-white-color has-text-color has-background has-link-color wp-elements-8dd3b9bbefdf8d4b5d0691fb5ffe9e5a\" style=\"background:linear-gradient(180deg,rgb(21,27,56) 0%,rgb(49,64,133) 100%);font-size:15px;text-decoration:underline\"><em>La atenci\u00f3n al cliente va m\u00e1s all\u00e1 de simplemente responder consultas o resolver problemas. Se trata de ofrecer una experiencia excepcional en cada interacci\u00f3n, anticipando las necesidades del cliente y superando sus expectativas. Por otro lado, la calidad en el servicio implica la entrega consistente de productos y servicios que cumplen o superan las expectativas del cliente en t\u00e9rminos de fiabilidad, eficiencia y excelencia.<\/em><\/p>\n\n\n\n<h3 class=\"wp-block-heading\"><strong>\u00bfC\u00f3mo implementar una filosof\u00eda y cultura de calidad enfocada al cliente?<\/strong><\/h3>\n\n\n\n<p>Implementar una filosof\u00eda y cultura de calidad centrada en el cliente implica involucrar a todos los niveles de la organizaci\u00f3n en un compromiso compartido de satisfacer las necesidades y expectativas de los clientes. Esto se logra mediante la definici\u00f3n de est\u00e1ndares de calidad claros, la capacitaci\u00f3n del personal en habilidades de servicio al cliente, el establecimiento de procesos de retroalimentaci\u00f3n y mejora continua, y la creaci\u00f3n de una <a href=\"https:\/\/imecaf.com\/310\">cultura organizacional<\/a> que valore la excelencia en el servicio.<\/p>\n\n\n\n<h3 class=\"wp-block-heading\" style=\"font-style:italic;font-weight:600\">\u00bfQu\u00e9 es calidad?<\/h3>\n\n\n<div class=\"wp-block-image\">\n<figure class=\"alignleft size-full is-resized\"><img loading=\"lazy\" decoding=\"async\" width=\"1000\" height=\"667\" src=\"http:\/\/imecaf.com\/blog\/wp-content\/uploads\/Calidad-1.jpg\" alt=\"Qu\u00e9 es Calidad en el Servicio\" class=\"wp-image-14601\" style=\"width:354px;height:auto\" srcset=\"https:\/\/imecaf.com\/blog\/wp-content\/uploads\/Calidad-1.jpg 1000w, https:\/\/imecaf.com\/blog\/wp-content\/uploads\/Calidad-1-300x200.jpg 300w, https:\/\/imecaf.com\/blog\/wp-content\/uploads\/Calidad-1-768x512.jpg 768w\" sizes=\"auto, (max-width: 1000px) 100vw, 1000px\" \/><\/figure>\n<\/div>\n\n\n<p>La calidad se refiere al grado en que un producto o servicio cumple con las expectativas y requisitos del cliente. No se trata solo de la ausencia de defectos, sino de la capacidad de satisfacer las necesidades y superar las expectativas del cliente en t\u00e9rminos de rendimiento, confiabilidad, durabilidad y valor agregado.<\/p>\n\n\n\n<h3 class=\"wp-block-heading\" style=\"font-style:italic;font-weight:600\">\u00bfQu\u00e9 es el servicio?<\/h3>\n\n\n<div class=\"wp-block-image\">\n<figure class=\"alignright size-full is-resized\"><img loading=\"lazy\" decoding=\"async\" width=\"1000\" height=\"667\" src=\"http:\/\/imecaf.com\/blog\/wp-content\/uploads\/Servicio-al-Cliente.jpg\" alt=\"Qu\u00e9 es Servicio al Cliente\" class=\"wp-image-14599\" style=\"width:387px;height:auto\" srcset=\"https:\/\/imecaf.com\/blog\/wp-content\/uploads\/Servicio-al-Cliente.jpg 1000w, https:\/\/imecaf.com\/blog\/wp-content\/uploads\/Servicio-al-Cliente-300x200.jpg 300w, https:\/\/imecaf.com\/blog\/wp-content\/uploads\/Servicio-al-Cliente-768x512.jpg 768w\" sizes=\"auto, (max-width: 1000px) 100vw, 1000px\" \/><\/figure>\n<\/div>\n\n\n<p>El servicio se refiere a la acci\u00f3n de proporcionar asistencia, atenci\u00f3n o satisfacci\u00f3n a los clientes antes, durante y despu\u00e9s de la compra de un producto o servicio. Incluye aspectos como la atenci\u00f3n al cliente, la resoluci\u00f3n de problemas, la entrega de productos o servicios, y la gesti\u00f3n de reclamaciones y devoluciones.<\/p>\n\n\n\n<h3 class=\"wp-block-heading\" style=\"font-style:italic;font-weight:600\">\u00bfQu\u00e9 es un cliente?<\/h3>\n\n\n<div class=\"wp-block-image\">\n<figure class=\"alignleft size-full is-resized\"><img loading=\"lazy\" decoding=\"async\" width=\"1000\" height=\"667\" src=\"http:\/\/imecaf.com\/blog\/wp-content\/uploads\/Clientes.jpg\" alt=\"Qu\u00e9 es un Cliente\" class=\"wp-image-14600\" style=\"width:356px;height:auto\" srcset=\"https:\/\/imecaf.com\/blog\/wp-content\/uploads\/Clientes.jpg 1000w, https:\/\/imecaf.com\/blog\/wp-content\/uploads\/Clientes-300x200.jpg 300w, https:\/\/imecaf.com\/blog\/wp-content\/uploads\/Clientes-768x512.jpg 768w\" sizes=\"auto, (max-width: 1000px) 100vw, 1000px\" \/><\/figure>\n<\/div>\n\n\n<p>Un cliente es una persona, empresa u organizaci\u00f3n que compra productos o servicios de una empresa con el fin de satisfacer una necesidad o deseo espec\u00edfico. Los clientes son el motor de cualquier negocio y su satisfacci\u00f3n es crucial para el \u00e9xito a largo plazo de la empresa.<\/p>\n\n\n\n<h3 class=\"wp-block-heading\" style=\"font-style:italic;font-weight:600\">\u00bfQu\u00e9 significa calidad en el servicio?<\/h3>\n\n\n<div class=\"wp-block-image\">\n<figure class=\"alignright size-full is-resized\"><img loading=\"lazy\" decoding=\"async\" width=\"1000\" height=\"665\" src=\"http:\/\/imecaf.com\/blog\/wp-content\/uploads\/Calidad-y-servicio-1.jpg\" alt=\"Qu\u00e9 significa Calidad en el Servicio\" class=\"wp-image-14602\" style=\"width:385px;height:auto\" srcset=\"https:\/\/imecaf.com\/blog\/wp-content\/uploads\/Calidad-y-servicio-1.jpg 1000w, https:\/\/imecaf.com\/blog\/wp-content\/uploads\/Calidad-y-servicio-1-300x200.jpg 300w, https:\/\/imecaf.com\/blog\/wp-content\/uploads\/Calidad-y-servicio-1-768x511.jpg 768w\" sizes=\"auto, (max-width: 1000px) 100vw, 1000px\" \/><\/figure>\n<\/div>\n\n\n<p>La calidad en el servicio se refiere a la capacidad de una empresa para satisfacer las necesidades y expectativas de sus clientes de manera consistente y excepcional. Implica ofrecer un servicio o experiencia que sea confiable, oportuno, personalizado, eficiente y que agregue valor para el cliente.<\/p>\n\n\n\n<h3 class=\"wp-block-heading\" style=\"font-style:italic;font-weight:600\">\u00bfPor qu\u00e9 es importante la calidad en el servicio?<\/h3>\n\n\n\n<p>La calidad en el servicio es importante porque tiene un impacto directo en la satisfacci\u00f3n y fidelidad del cliente, la reputaci\u00f3n de la empresa, la diferenciaci\u00f3n competitiva y la rentabilidad a largo plazo. Los clientes est\u00e1n dispuestos a pagar m\u00e1s por un servicio de calidad y son m\u00e1s propensos a recomendar una empresa que les brinda una experiencia positiva.<\/p>\n\n\n\n<h3 class=\"wp-block-heading\" style=\"font-style:italic;font-weight:600\">Beneficios de la empresa al proporcionar calidad en el servicio<\/h3>\n\n\n\n<p>Proporcionar calidad en el servicio ofrece una serie de beneficios para la empresa, incluyendo una mayor lealtad y retenci\u00f3n de clientes, una mejor reputaci\u00f3n y posicionamiento en el mercado, una mayor satisfacci\u00f3n y compromiso de los empleados, una diferenciaci\u00f3n competitiva, una reducci\u00f3n de costos asociados con quejas y devoluciones, y un aumento de la rentabilidad y el crecimiento a largo plazo.<\/p>\n\n\n\n<p class=\"has-text-align-center has-white-color has-text-color has-background has-link-color wp-elements-92e8975976d599884f5572998baa2f49\" style=\"background:linear-gradient(180deg,rgb(21,27,56) 0%,rgb(49,65,133) 100%);font-size:15px;text-decoration:underline\"><em>Invertir en calidad en el servicio es fundamental para el \u00e9xito y la sostenibilidad del negocio en el mercado actual. Desarrollar una actitud de servicio al cliente es esencial para brindar experiencias excepcionales y construir relaciones s\u00f3lidas con los clientes.<\/em><\/p>\n\n\n\n<p>Aqu\u00ed hay algunas estrategias clave para cultivar esta actitud:<\/p>\n\n\n\n<h4 class=\"wp-block-heading\"><strong><em>Comprensi\u00f3n de las necesidades del cliente<\/em><\/strong><\/h4>\n\n\n<div class=\"wp-block-image is-style-default\">\n<figure class=\"alignleft size-full is-resized\"><img loading=\"lazy\" decoding=\"async\" width=\"1000\" height=\"665\" src=\"http:\/\/imecaf.com\/blog\/wp-content\/uploads\/Comprender-las-necesidades-del-cliente.jpg\" alt=\"Comprender las Necesidades del Cliente\" class=\"wp-image-14604\" style=\"width:351px;height:auto\" srcset=\"https:\/\/imecaf.com\/blog\/wp-content\/uploads\/Comprender-las-necesidades-del-cliente.jpg 1000w, https:\/\/imecaf.com\/blog\/wp-content\/uploads\/Comprender-las-necesidades-del-cliente-300x200.jpg 300w, https:\/\/imecaf.com\/blog\/wp-content\/uploads\/Comprender-las-necesidades-del-cliente-768x511.jpg 768w\" sizes=\"auto, (max-width: 1000px) 100vw, 1000px\" \/><\/figure>\n<\/div>\n\n\n<p>Para desarrollar una actitud de servicio al cliente, es fundamental comprender las necesidades, deseos y expectativas del cliente. Esto implica escuchar activamente, hacer preguntas claras y demostrar empat\u00eda para entender completamente las preocupaciones y requerimientos del cliente.<\/p>\n\n\n\n<h4 class=\"wp-block-heading\"><a href=\"https:\/\/imecaf.com\/40\"><strong><em>Enfoque en la resoluci\u00f3n de problemas<\/em><\/strong><\/a><\/h4>\n\n\n\n<p>Una actitud de servicio al cliente se caracteriza por la disposici\u00f3n y capacidad para resolver problemas de manera efectiva y eficiente. Esto requiere habilidades de <a href=\"https:\/\/imecaf.com\/527\">resoluci\u00f3n de problemas<\/a>, pensamiento creativo y la capacidad de <a href=\"https:\/\/imecaf.com\/41\">tomar decisiones<\/a> r\u00e1pidas y acertadas para satisfacer las necesidades del cliente.<\/p>\n\n\n\n<h4 class=\"wp-block-heading\"><a href=\"https:\/\/imecaf.com\/83\"><strong><em>Comunicaci\u00f3n efectiva<\/em><\/strong><\/a><\/h4>\n\n\n<div class=\"wp-block-image\">\n<figure class=\"alignright size-full is-resized\"><img loading=\"lazy\" decoding=\"async\" width=\"1000\" height=\"665\" src=\"http:\/\/imecaf.com\/blog\/wp-content\/uploads\/Comunicacion-efectiva.jpg\" alt=\"Comunicaci\u00f3n Efectiva\" class=\"wp-image-14605\" style=\"width:391px;height:auto\" srcset=\"https:\/\/imecaf.com\/blog\/wp-content\/uploads\/Comunicacion-efectiva.jpg 1000w, https:\/\/imecaf.com\/blog\/wp-content\/uploads\/Comunicacion-efectiva-300x200.jpg 300w, https:\/\/imecaf.com\/blog\/wp-content\/uploads\/Comunicacion-efectiva-768x511.jpg 768w\" sizes=\"auto, (max-width: 1000px) 100vw, 1000px\" \/><\/figure>\n<\/div>\n\n\n<p>La comunicaci\u00f3n clara y efectiva es fundamental para desarrollar una actitud de servicio al cliente. Esto implica expresarse de manera concisa y cort\u00e9s, escuchar atentamente las preocupaciones del cliente y proporcionar informaci\u00f3n precisa y \u00fatil para resolver sus problemas o responder a sus preguntas.<\/p>\n\n\n\n<h4 class=\"wp-block-heading\"><strong><em>Flexibilidad y adaptabilidad<\/em><\/strong><\/h4>\n\n\n\n<p>Una actitud de servicio al cliente requiere flexibilidad y adaptabilidad para satisfacer las necesidades cambiantes de los clientes. Esto implica estar dispuesto a ajustar los procesos y procedimientos seg\u00fan sea necesario, as\u00ed como a manejar situaciones inesperadas con calma y profesionalismo.<\/p>\n\n\n\n<h4 class=\"wp-block-heading\"><strong><em>Actitud positiva y proactiva<\/em><\/strong><\/h4>\n\n\n\n<p>Mantener una actitud positiva y proactiva es clave para desarrollar una actitud de servicio al cliente. Esto implica ser optimista, entusiasta y estar siempre dispuesto a ayudar al cliente de manera activa y diligente, incluso en situaciones dif\u00edciles o desafiantes.<\/p>\n\n\n\n<h4 class=\"wp-block-heading\"><strong><em><a href=\"https:\/\/imecaf.com\/397\">Capacitaci\u00f3n y desarrollo profesional<\/a><\/em><\/strong><\/h4>\n\n\n<div class=\"wp-block-image\">\n<figure class=\"alignleft size-full is-resized\"><img loading=\"lazy\" decoding=\"async\" width=\"1000\" height=\"665\" src=\"http:\/\/imecaf.com\/blog\/wp-content\/uploads\/Capacitacion-y-desarrollo-profesional.jpg\" alt=\"Capacitaci\u00f3n y Desarrollo Profesional\" class=\"wp-image-14606\" style=\"width:352px;height:auto\" srcset=\"https:\/\/imecaf.com\/blog\/wp-content\/uploads\/Capacitacion-y-desarrollo-profesional.jpg 1000w, https:\/\/imecaf.com\/blog\/wp-content\/uploads\/Capacitacion-y-desarrollo-profesional-300x200.jpg 300w, https:\/\/imecaf.com\/blog\/wp-content\/uploads\/Capacitacion-y-desarrollo-profesional-768x511.jpg 768w\" sizes=\"auto, (max-width: 1000px) 100vw, 1000px\" \/><\/figure>\n<\/div>\n\n\n<p>Brindar capacitaci\u00f3n y desarrollo profesional a los empleados es fundamental para desarrollar una actitud de servicio al cliente. Esto les proporciona las habilidades, conocimientos y herramientas necesarias para interactuar de manera efectiva con los clientes y brindar un servicio excepcional en todo momento.<\/p>\n\n\n\n<h4 class=\"wp-block-heading\"><strong><em>Reconocimiento y recompensa<\/em><\/strong><\/h4>\n\n\n\n<p>Reconocer y recompensar el buen desempe\u00f1o en el servicio al cliente es importante para fomentar una cultura de servicio dentro de la organizaci\u00f3n. Esto puede incluir programas de incentivos, reconocimientos p\u00fablicos y oportunidades de crecimiento y desarrollo profesional para aquellos que demuestren una actitud excepcional hacia el servicio al cliente.<\/p>\n\n\n\n<p class=\"has-text-align-center has-white-color has-text-color has-background has-link-color wp-elements-dd1a901067769bb7f213cf3123ab1cb6\" style=\"background:linear-gradient(180deg,rgb(21,27,56) 0%,rgb(49,65,133) 100%);font-size:15px;text-decoration:underline\"><em>Desarrollar una actitud de servicio al cliente requiere comprensi\u00f3n, enfoque en la resoluci\u00f3n de problemas, comunicaci\u00f3n efectiva, flexibilidad, actitud positiva, capacitaci\u00f3n y desarrollo profesional, as\u00ed como reconocimiento y recompensa por el buen desempe\u00f1o. Al cultivar estas cualidades y habilidades en los empleados, las organizaciones pueden crear una cultura de servicio centrada en el cliente que impulse el \u00e9xito y la satisfacci\u00f3n del cliente a largo plazo.<\/em><\/p>\n\n\n\n<h2 class=\"wp-block-heading\">Calidad en un Mundo Globalizado: Conceptos Interpretados y Desaf\u00edos Actuales<\/h2>\n\n\n\n<p>En un mundo globalizado, donde las fronteras se desdibujan y las interconexiones son cada vez m\u00e1s fuertes, el concepto de calidad adquiere una relevancia a\u00fan mayor. Veamos c\u00f3mo se interpretan los conceptos de calidad en este entorno cambiante y los desaf\u00edos que enfrentamos al buscar mantener y mejorar los est\u00e1ndares de calidad en un contexto global.<\/p>\n\n\n<div class=\"wp-block-image\">\n<figure class=\"aligncenter size-full is-resized\"><img loading=\"lazy\" decoding=\"async\" width=\"1000\" height=\"665\" src=\"http:\/\/imecaf.com\/blog\/wp-content\/uploads\/Calidad-en-un-mundo-globalizado.jpg\" alt=\"Calidad en un Mundo Globalizado\" class=\"wp-image-14608\" style=\"width:483px;height:auto\" srcset=\"https:\/\/imecaf.com\/blog\/wp-content\/uploads\/Calidad-en-un-mundo-globalizado.jpg 1000w, https:\/\/imecaf.com\/blog\/wp-content\/uploads\/Calidad-en-un-mundo-globalizado-300x200.jpg 300w, https:\/\/imecaf.com\/blog\/wp-content\/uploads\/Calidad-en-un-mundo-globalizado-768x511.jpg 768w\" sizes=\"auto, (max-width: 1000px) 100vw, 1000px\" \/><\/figure>\n<\/div>\n\n\n<h3 class=\"wp-block-heading\" style=\"font-style:italic;font-weight:600\">Interpretaci\u00f3n de los Conceptos de Calidad en un Mundo Globalizado<\/h3>\n\n\n\n<p>1. <strong>Est\u00e1ndares Universales:<\/strong> En un mundo globalizado, los est\u00e1ndares de calidad tienden a converger hacia normas internacionales reconocidas. Esto permite una mayor consistencia en la calidad de los productos y servicios en diferentes partes del mundo.<\/p>\n\n\n\n<p>2. <strong>Personalizaci\u00f3n y Diversidad Cultural:<\/strong> A pesar de la estandarizaci\u00f3n, la calidad tambi\u00e9n se interpreta en funci\u00f3n de las necesidades y preferencias culturales de diferentes regiones. Las empresas deben adaptarse y personalizar sus productos y servicios para satisfacer las expectativas locales.<\/p>\n\n\n\n<p>3. <strong>Sostenibilidad:<\/strong> La calidad ahora se eval\u00faa no solo en t\u00e9rminos de rendimiento y durabilidad, sino tambi\u00e9n en su impacto ambiental y social. Los consumidores globales est\u00e1n cada vez m\u00e1s preocupados por la sostenibilidad, lo que requiere que las empresas integren pr\u00e1cticas responsables en su cadena de valor.<\/p>\n\n\n\n<p>4. <strong>Innovaci\u00f3n y Tecnolog\u00eda:<\/strong> En un mundo globalizado, la calidad est\u00e1 estrechamente vinculada a la capacidad de innovar y adoptar nuevas tecnolog\u00edas. Las empresas que pueden ofrecer productos y servicios innovadores y de alta tecnolog\u00eda a menudo se destacan en el mercado global.<\/p>\n\n\n\n<h3 class=\"wp-block-heading\" style=\"font-style:italic;font-weight:600\">Desaf\u00edos en la B\u00fasqueda de la Calidad en un Mundo Globalizado:<\/h3>\n\n\n\n<h4 class=\"wp-block-heading\"><strong><em>Diferencias Normativas<\/em><\/strong><\/h4>\n\n\n\n<p>Las diferencias en regulaciones y normativas entre pa\u00edses pueden dificultar la estandarizaci\u00f3n de la calidad a nivel global. Las empresas deben enfrentar el desaf\u00edo de cumplir con m\u00faltiples est\u00e1ndares y requisitos legales.<\/p>\n\n\n\n<h4 class=\"wp-block-heading\"><a href=\"https:\/\/imecaf.com\/logistica\/cursos-logistica\/\"><em><strong>Log\u00edstica<\/strong><\/em><\/a><strong><em> y <\/em><\/strong><a href=\"https:\/\/imecaf.com\/339\"><em><strong>Cadena de Suministro<\/strong><\/em><\/a><\/h4>\n\n\n<div class=\"wp-block-image\">\n<figure class=\"alignright size-full is-resized\"><img loading=\"lazy\" decoding=\"async\" width=\"1000\" height=\"665\" src=\"http:\/\/imecaf.com\/blog\/wp-content\/uploads\/Logistica-y-cadena-de-suministro.jpg\" alt=\"Log\u00edstica y Cadena de Suministro\" class=\"wp-image-14609\" style=\"width:394px;height:auto\" srcset=\"https:\/\/imecaf.com\/blog\/wp-content\/uploads\/Logistica-y-cadena-de-suministro.jpg 1000w, https:\/\/imecaf.com\/blog\/wp-content\/uploads\/Logistica-y-cadena-de-suministro-300x200.jpg 300w, https:\/\/imecaf.com\/blog\/wp-content\/uploads\/Logistica-y-cadena-de-suministro-768x511.jpg 768w\" sizes=\"auto, (max-width: 1000px) 100vw, 1000px\" \/><\/figure>\n<\/div>\n\n\n<p>La gesti\u00f3n de una cadena de suministro global presenta desaf\u00edos \u00fanicos en t\u00e9rminos de garantizar la calidad en todas las etapas del proceso. La distancia geogr\u00e1fica y las diferencias culturales pueden complicar la coordinaci\u00f3n y el control de calidad.<\/p>\n\n\n\n<h4 class=\"wp-block-heading\"><strong><em>Competencia Global<\/em><\/strong><\/h4>\n\n\n\n<p>En un mercado globalizado, la competencia es intensa y las empresas deben esforzarse constantemente por mejorar la calidad para mantenerse competitivas. Esto puede requerir inversiones significativas en investigaci\u00f3n, desarrollo y mejora continua. <\/p>\n\n\n\n<h4 class=\"wp-block-heading\"><strong><em>Gesti\u00f3n de la Reputaci\u00f3n<\/em><\/strong><\/h4>\n\n\n<div class=\"wp-block-image\">\n<figure class=\"alignleft size-full is-resized\"><img loading=\"lazy\" decoding=\"async\" width=\"1000\" height=\"917\" src=\"http:\/\/imecaf.com\/blog\/wp-content\/uploads\/Reputacion-de-marca.jpg\" alt=\"Reputaci\u00f3n de Marca\" class=\"wp-image-14610\" style=\"width:338px;height:auto\" srcset=\"https:\/\/imecaf.com\/blog\/wp-content\/uploads\/Reputacion-de-marca.jpg 1000w, https:\/\/imecaf.com\/blog\/wp-content\/uploads\/Reputacion-de-marca-300x275.jpg 300w, https:\/\/imecaf.com\/blog\/wp-content\/uploads\/Reputacion-de-marca-768x704.jpg 768w\" sizes=\"auto, (max-width: 1000px) 100vw, 1000px\" \/><\/figure>\n<\/div>\n\n\n<p><\/p>\n\n\n\n<p>Con la r\u00e1pida difusi\u00f3n de informaci\u00f3n a trav\u00e9s de las redes sociales y otras plataformas en l\u00ednea, la reputaci\u00f3n de una empresa puede verse afectada en cuesti\u00f3n de minutos. La gesti\u00f3n proactiva de la calidad y la respuesta r\u00e1pida a los problemas son fundamentales para proteger la reputaci\u00f3n de la marca en un entorno globalizado.<\/p>\n\n\n\n<p><\/p>\n\n\n\n<figure class=\"wp-block-table\"><table style=visibility:hidden><tbody><tr><td><br><br><\/td><\/tr><\/tbody><\/table><\/figure>\n\n\n\n<p class=\"has-text-align-center has-white-color has-text-color has-background has-link-color wp-elements-dcbed9c151cb231da3349c4ef79f3901\" style=\"background:linear-gradient(180deg,rgb(21,27,56) 0%,rgb(49,65,133) 100%);font-size:15px;text-decoration:underline\">En un mundo globalizado, la calidad es un aspecto fundamental para el \u00e9xito empresarial. La capacidad de comprender y adaptarse a las diversas interpretaciones de la calidad, as\u00ed como enfrentar los desaf\u00edos inherentes a un entorno global, son cruciales para mantener la competitividad y la relevancia en el mercado actual.<\/p>\n\n\n\n<h2 class=\"wp-block-heading\">Descifrando las Expectativas del Cliente: Lo que Esperan y lo que No Esperan de Nosotros<\/h2>\n\n\n\n<p>En el mundo de los negocios, comprender las expectativas del cliente es esencial para brindar un servicio excepcional y construir relaciones s\u00f3lidas. Sin embargo, estas expectativas pueden ser variadas y a veces contradictorias. Exploremos en detalle lo que nuestros clientes esperan y no esperan de nosotros, y c\u00f3mo podemos utilizar este conocimiento para mejorar la experiencia del cliente y fortalecer nuestra relaci\u00f3n con ellos.<\/p>\n\n\n\n<h3 class=\"wp-block-heading\"><strong><em>Lo que Esperan de Nosotros<\/em><\/strong><\/h3>\n\n\n<div class=\"wp-block-image\">\n<figure class=\"aligncenter size-full\"><a href=\"http:\/\/imecaf.com\/blog\/wp-content\/uploads\/Lo-que-esperan-los-clientes.jpg\"><img loading=\"lazy\" decoding=\"async\" width=\"1000\" height=\"364\" src=\"http:\/\/imecaf.com\/blog\/wp-content\/uploads\/Lo-que-esperan-los-clientes.jpg\" alt=\"Lo que esperan los Clientes\" class=\"wp-image-14612\" srcset=\"https:\/\/imecaf.com\/blog\/wp-content\/uploads\/Lo-que-esperan-los-clientes.jpg 1000w, https:\/\/imecaf.com\/blog\/wp-content\/uploads\/Lo-que-esperan-los-clientes-300x109.jpg 300w, https:\/\/imecaf.com\/blog\/wp-content\/uploads\/Lo-que-esperan-los-clientes-768x280.jpg 768w\" sizes=\"auto, (max-width: 1000px) 100vw, 1000px\" \/><\/a><\/figure>\n<\/div>\n\n\n<p>1. <strong>Atenci\u00f3n Personalizada:<\/strong> Los clientes valoran la atenci\u00f3n individualizada y esperan que comprendamos sus necesidades espec\u00edficas.<\/p>\n\n\n\n<p>2. <strong>Fiabilidad:<\/strong> Esperan que cumplamos con nuestras promesas y que nuestros productos o servicios funcionen como se espera.<\/p>\n\n\n\n<p>3. <strong>Comunicaci\u00f3n Clara y Transparente:<\/strong> Quieren estar informados en todo momento sobre el estado de sus pedidos, entregas o cualquier otro proceso relacionado con nuestro negocio.<\/p>\n\n\n\n<p>4. <a href=\"https:\/\/imecaf.com\/40\"><strong>Resoluci\u00f3n de Problemas Eficiente<\/strong><\/a><strong>:<\/strong> Cuando surgen problemas, esperan que los abordemos de manera r\u00e1pida y efectiva, brindando soluciones satisfactorias.<\/p>\n\n\n\n<p>5. <strong>Empat\u00eda:<\/strong> Esperan que nos pongamos en su lugar y que mostremos comprensi\u00f3n hacia sus preocupaciones y necesidades.<\/p>\n\n\n\n<h3 class=\"wp-block-heading\"><strong><em>Lo que No Esperan de Nosotros<\/em><\/strong><\/h3>\n\n\n<div class=\"wp-block-image\">\n<figure class=\"aligncenter size-full\"><img loading=\"lazy\" decoding=\"async\" width=\"1000\" height=\"364\" src=\"http:\/\/imecaf.com\/blog\/wp-content\/uploads\/Lo-que-no-esperan-los-clientes.jpg\" alt=\"Lo que no esperan los Clientes\" class=\"wp-image-14613\" srcset=\"https:\/\/imecaf.com\/blog\/wp-content\/uploads\/Lo-que-no-esperan-los-clientes.jpg 1000w, https:\/\/imecaf.com\/blog\/wp-content\/uploads\/Lo-que-no-esperan-los-clientes-300x109.jpg 300w, https:\/\/imecaf.com\/blog\/wp-content\/uploads\/Lo-que-no-esperan-los-clientes-768x280.jpg 768w\" sizes=\"auto, (max-width: 1000px) 100vw, 1000px\" \/><\/figure>\n<\/div>\n\n\n<p>1. <strong>Indiferencia:<\/strong> No esperan que ignoremos sus consultas o preocupaciones, y esperan que les demos la debida atenci\u00f3n y consideraci\u00f3n.<\/p>\n\n\n\n<p>2. <strong>Promesas Incumplidas:<\/strong> No esperan que hagamos promesas que no podamos cumplir. Es importante ser realistas y honestos en nuestras comunicaciones con los clientes.<\/p>\n\n\n\n<p>3. <strong>Falta de Transparencia:<\/strong> No esperan que ocultemos informaci\u00f3n relevante o que no seamos transparentes en nuestras pr\u00e1cticas comerciales.<\/p>\n\n\n\n<p>4. <strong>Trato Descort\u00e9s:<\/strong> No esperan que los tratemos con falta de respeto o que seamos groseros en nuestras interacciones con ellos.<\/p>\n\n\n\n<p>5. <strong>Procesos Complicados:<\/strong> No esperan que complicemos innecesariamente los procesos de compra o de servicio. Valorar\u00e1n la simplicidad y la facilidad de uso en todas las etapas de su experiencia con nosotros.<\/p>\n\n\n\n<h3 class=\"wp-block-heading\"><em><strong>C\u00f3mo Cumplir con las Expectativas del Cliente<\/strong><\/em><\/h3>\n\n\n<div class=\"wp-block-image\">\n<figure class=\"aligncenter size-full is-resized\"><img loading=\"lazy\" decoding=\"async\" width=\"1000\" height=\"563\" src=\"http:\/\/imecaf.com\/blog\/wp-content\/uploads\/Cumplir-expectativa-del-cliente-edited.jpg\" alt=\"C\u00f3mo cumplir las Expectativas del Cliente\" class=\"wp-image-14615\" style=\"width:491px;height:auto\" srcset=\"https:\/\/imecaf.com\/blog\/wp-content\/uploads\/Cumplir-expectativa-del-cliente-edited.jpg 1000w, https:\/\/imecaf.com\/blog\/wp-content\/uploads\/Cumplir-expectativa-del-cliente-edited-300x169.jpg 300w, https:\/\/imecaf.com\/blog\/wp-content\/uploads\/Cumplir-expectativa-del-cliente-edited-768x432.jpg 768w\" sizes=\"auto, (max-width: 1000px) 100vw, 1000px\" \/><\/figure>\n<\/div>\n\n\n<p>1. <strong>Conocer a Nuestros Clientes:<\/strong> Realizar investigaciones de mercado y recopilar comentarios de los clientes nos ayudar\u00e1 a comprender mejor sus expectativas y necesidades.<\/p>\n\n\n\n<p>2. <strong>Capacitar al Personal:<\/strong> Capacitar a nuestro equipo en habilidades de servicio al cliente y comunicaci\u00f3n efectiva les permitir\u00e1 satisfacer las expectativas de los clientes de manera m\u00e1s efectiva.<\/p>\n\n\n\n<p>3. <strong>Ser Consistentes:<\/strong> Mantener un alto nivel de servicio de manera consistente nos ayudar\u00e1 a ganarnos la confianza y lealtad de nuestros clientes.<\/p>\n\n\n\n<p>4. <strong>Buscar la Mejora Continua:<\/strong> Estar abiertos a recibir retroalimentaci\u00f3n de los clientes y utilizarla para mejorar continuamente nuestros procesos y servicios.<\/p>\n\n\n\n<p class=\"has-text-align-center has-white-color has-text-color has-background has-link-color wp-elements-ad5b76b4649a6dec86a0dcf94a83ffaf\" style=\"background:linear-gradient(180deg,rgb(21,27,56) 0%,rgb(49,65,133) 100%);font-size:15px;text-decoration:underline\"><em>Entender lo que nuestros clientes esperan y no esperan de nosotros es fundamental para ofrecer un servicio excepcional y construir relaciones duraderas. Al prestar atenci\u00f3n a estas expectativas y trabajar para cumplirlas, podemos mejorar la experiencia del cliente y diferenciarnos en un mercado cada vez m\u00e1s competitivo.<\/em><\/p>\n\n\n\n<h2 class=\"wp-block-heading\"><strong>Repercusiones de una mala calidad en el Servicio en el ambiente de trabajo<\/strong><\/h2>\n\n\n\n<p>Una mala calidad en el servicio puede tener repercusiones significativas en el ambiente de trabajo de una empresa. En primer lugar, puede generar un ambiente tenso y estresante para los empleados, ya que se ven obligados a lidiar constantemente con quejas, reclamos y situaciones problem\u00e1ticas relacionadas con la mala calidad del servicio. Esto puede afectar negativamente su moral y motivaci\u00f3n, llev\u00e1ndolos a sentirse desmotivados e insatisfechos con su trabajo.<\/p>\n\n\n<div class=\"wp-block-image\">\n<figure class=\"aligncenter size-full\"><img loading=\"lazy\" decoding=\"async\" width=\"1000\" height=\"562\" src=\"http:\/\/imecaf.com\/blog\/wp-content\/uploads\/repercusiones-mala-calidad-en-el-servicio-en-el-ambiente-de-trabajo-edited.jpg\" alt=\"Repercusiones de una mala Calidad en el Servicio en el Ambiente de Trabajo\" class=\"wp-image-14618\" srcset=\"https:\/\/imecaf.com\/blog\/wp-content\/uploads\/repercusiones-mala-calidad-en-el-servicio-en-el-ambiente-de-trabajo-edited.jpg 1000w, https:\/\/imecaf.com\/blog\/wp-content\/uploads\/repercusiones-mala-calidad-en-el-servicio-en-el-ambiente-de-trabajo-edited-300x169.jpg 300w, https:\/\/imecaf.com\/blog\/wp-content\/uploads\/repercusiones-mala-calidad-en-el-servicio-en-el-ambiente-de-trabajo-edited-768x432.jpg 768w\" sizes=\"auto, (max-width: 1000px) 100vw, 1000px\" \/><\/figure>\n<\/div>\n\n\n<h3 class=\"wp-block-heading\"><strong><em>El Impacto de la Calidad del Servicio en la Confianza y Lealtad de los Empleados<\/em><\/strong><\/h3>\n\n\n\n<p>Adem\u00e1s, una mala calidad en el servicio puede erosionar la confianza y la lealtad de los empleados hacia la empresa. Cuando los empleados se dan cuenta de que la empresa no est\u00e1 cumpliendo con sus promesas o no est\u00e1 brindando un servicio de calidad, pueden perder la fe en la direcci\u00f3n y la visi\u00f3n de la empresa. Esto puede resultar en una disminuci\u00f3n del compromiso y la dedicaci\u00f3n de los empleados, lo que a su vez puede afectar negativamente la productividad y el desempe\u00f1o general de la empresa.<\/p>\n\n\n\n<p>Otra repercusi\u00f3n importante es el aumento de la rotaci\u00f3n de personal. Los empleados que se sienten frustrados o desmotivados debido a la mala calidad del servicio pueden optar por abandonar la empresa en busca de oportunidades laborales mejores y m\u00e1s gratificantes. Esto puede generar costos adicionales para la empresa en t\u00e9rminos de reclutamiento, entrenamiento y p\u00e9rdida de conocimiento y experiencia.<\/p>\n\n\n\n<p>Todo esto puede afectar la imagen y la reputaci\u00f3n de la empresa entre sus empleados. Los empleados, son embajadores de la marca y pueden compartir sus experiencias negativas con amigos, familiares y en redes sociales, lo que puede da\u00f1ar la reputaci\u00f3n de la empresa y dificultar la atracci\u00f3n de talento nuevo.<\/p>\n\n\n\n<p class=\"has-text-align-center has-white-color has-text-color has-background has-link-color wp-elements-e6440fe208f0b6c8bdea1da13284d069\" style=\"background:linear-gradient(180deg,rgb(21,27,56) 0%,rgb(49,65,133) 100%);font-size:15px;text-decoration:underline\"><em>Una mala calidad en el servicio puede tener m\u00faltiples repercusiones en el ambiente de trabajo, incluyendo un aumento del estr\u00e9s y la insatisfacci\u00f3n de los empleados, una disminuci\u00f3n de la confianza y lealtad hacia la empresa, un aumento de la rotaci\u00f3n de personal y un impacto negativo en la reputaci\u00f3n de la empresa entre sus empleados. Es fundamental que las empresas reconozcan la importancia de brindar un servicio de calidad tanto a sus clientes como a sus empleados, y trabajen activamente para mejorar y mantener altos est\u00e1ndares de calidad en todas las \u00e1reas de su operaci\u00f3n.<\/em><\/p>\n\n\n\n<h2 class=\"wp-block-heading\">Reglas de Oro del Servicio al Cliente<\/h2>\n\n\n\n<p>Desarrollar y mantener reglas de oro de servicio al cliente es fundamental para garantizar experiencias positivas y satisfactorias para ellos. Aqu\u00ed est\u00e1n algunas reglas esenciales que pueden guiar a los equipos de servicio al cliente hacia la excelencia:<\/p>\n\n\n\n<h4 class=\"wp-block-heading\"><a href=\"https:\/\/imecaf.com\/536\"><strong><em>Escucha activa<\/em><\/strong><\/a><\/h4>\n\n\n<div class=\"wp-block-image\">\n<figure class=\"alignleft size-full is-resized\"><img loading=\"lazy\" decoding=\"async\" width=\"1000\" height=\"665\" src=\"http:\/\/imecaf.com\/blog\/wp-content\/uploads\/Escucha-activa.jpg\" alt=\"Escucha Activa\" class=\"wp-image-14619\" style=\"width:356px;height:auto\" srcset=\"https:\/\/imecaf.com\/blog\/wp-content\/uploads\/Escucha-activa.jpg 1000w, https:\/\/imecaf.com\/blog\/wp-content\/uploads\/Escucha-activa-300x200.jpg 300w, https:\/\/imecaf.com\/blog\/wp-content\/uploads\/Escucha-activa-768x511.jpg 768w\" sizes=\"auto, (max-width: 1000px) 100vw, 1000px\" \/><\/figure>\n<\/div>\n\n\n<p>Escuchar activamente las preocupaciones, necesidades y comentarios de los clientes es fundamental. Deja que los clientes se expresen completamente antes de ofrecer soluciones o respuestas.<\/p>\n\n\n\n<h4 class=\"wp-block-heading\"><strong><em>Responde con empat\u00eda<\/em><\/strong><\/h4>\n\n\n\n<p>Demuestra empat\u00eda y comprensi\u00f3n hacia las emociones y situaciones de los clientes. Reconoce sus sentimientos y demuestra genuino inter\u00e9s en resolver sus problemas.<\/p>\n\n\n\n<h4 class=\"wp-block-heading\"><strong><em>Ofrece soluciones r\u00e1pidas y efectivas<\/em><\/strong><\/h4>\n\n\n<div class=\"wp-block-image\">\n<figure class=\"alignright size-full is-resized\"><img loading=\"lazy\" decoding=\"async\" width=\"1000\" height=\"665\" src=\"http:\/\/imecaf.com\/blog\/wp-content\/uploads\/Ofrecer-soluciones.jpg\" alt=\"Ofrecer Soluciones\" class=\"wp-image-14621\" style=\"width:375px;height:auto\" srcset=\"https:\/\/imecaf.com\/blog\/wp-content\/uploads\/Ofrecer-soluciones.jpg 1000w, https:\/\/imecaf.com\/blog\/wp-content\/uploads\/Ofrecer-soluciones-300x200.jpg 300w, https:\/\/imecaf.com\/blog\/wp-content\/uploads\/Ofrecer-soluciones-768x511.jpg 768w\" sizes=\"auto, (max-width: 1000px) 100vw, 1000px\" \/><\/figure>\n<\/div>\n\n\n<p>Act\u00faa con prontitud para resolver los problemas y satisfacer las necesidades de los clientes. Proporciona soluciones claras y efectivas que aborden completamente sus preocupaciones.<\/p>\n\n\n\n<h4 class=\"wp-block-heading\"><strong><em>Mant\u00e9n una comunicaci\u00f3n clara y transparente<\/em><\/strong><\/h4>\n\n\n\n<p>Comunica informaci\u00f3n de manera clara, concisa y honesta. Mant\u00e9n a los clientes informados sobre el progreso de sus solicitudes y cualquier cambio en el estado de sus problemas.<\/p>\n\n\n\n<h4 class=\"wp-block-heading\"><strong><em>Trata a cada cliente como \u00fanico<\/em><\/strong><\/h4>\n\n\n<div class=\"wp-block-image\">\n<figure class=\"alignleft size-full is-resized\"><img loading=\"lazy\" decoding=\"async\" width=\"1000\" height=\"665\" src=\"http:\/\/imecaf.com\/blog\/wp-content\/uploads\/Trata-a-cada-cliente-como-unico.jpg\" alt=\"Trata al Cliente como \u00danico\" class=\"wp-image-14620\" style=\"width:375px;height:auto\" srcset=\"https:\/\/imecaf.com\/blog\/wp-content\/uploads\/Trata-a-cada-cliente-como-unico.jpg 1000w, https:\/\/imecaf.com\/blog\/wp-content\/uploads\/Trata-a-cada-cliente-como-unico-300x200.jpg 300w, https:\/\/imecaf.com\/blog\/wp-content\/uploads\/Trata-a-cada-cliente-como-unico-768x511.jpg 768w\" sizes=\"auto, (max-width: 1000px) 100vw, 1000px\" \/><\/figure>\n<\/div>\n\n\n<p>Reconoce la individualidad de cada cliente y personaliza tu enfoque para satisfacer sus necesidades espec\u00edficas. Haz que cada interacci\u00f3n se sienta personal y significativa.<\/p>\n\n\n\n<h4 class=\"wp-block-heading\"><strong><em>Mant\u00e9n la calma en situaciones dif\u00edciles<\/em><\/strong><\/h4>\n\n\n\n<p>Mant\u00e9n la calma y la compostura incluso en situaciones desafiantes o conflictivas. No te dejes llevar por las emociones y responde de manera profesional y cort\u00e9s en todo momento.<\/p>\n\n\n\n<h4 class=\"wp-block-heading\"><strong><em>Aprende de cada interacci\u00f3n<\/em><\/strong><\/h4>\n\n\n\n<p>Cada interacci\u00f3n con un cliente es una oportunidad de aprendizaje. Toma nota de las preocupaciones y comentarios de los clientes para identificar \u00e1reas de mejora y hacer ajustes en tus procesos y procedimientos.<\/p>\n\n\n\n<h4 class=\"wp-block-heading\"><strong><em>S\u00e9 proactivo<\/em><\/strong><\/h4>\n\n\n\n<p>Anticipa las necesidades y preocupaciones de los clientes y toma medidas proactivas para abordarlas. Ofrece sugerencias y recomendaciones que puedan beneficiar al cliente y mejorar su experiencia.<\/p>\n\n\n\n<h4 class=\"wp-block-heading\"><strong><em>Sigue el principio de \u00absobrepasar las expectativas\u00bb<\/em><\/strong><\/h4>\n\n\n<div class=\"wp-block-image\">\n<figure class=\"alignright size-full is-resized\"><img loading=\"lazy\" decoding=\"async\" width=\"1000\" height=\"665\" src=\"http:\/\/imecaf.com\/blog\/wp-content\/uploads\/Superar-expectativas.jpg\" alt=\"Superar Expectativas\" class=\"wp-image-14622\" style=\"width:384px;height:auto\" srcset=\"https:\/\/imecaf.com\/blog\/wp-content\/uploads\/Superar-expectativas.jpg 1000w, https:\/\/imecaf.com\/blog\/wp-content\/uploads\/Superar-expectativas-300x200.jpg 300w, https:\/\/imecaf.com\/blog\/wp-content\/uploads\/Superar-expectativas-768x511.jpg 768w\" sizes=\"auto, (max-width: 1000px) 100vw, 1000px\" \/><\/figure>\n<\/div>\n\n\n<p>Siempre esfu\u00e9rzate por superar las expectativas del cliente. Busca oportunidades para sorprender y deleitar a los clientes con un servicio excepcional y experiencias memorables.<\/p>\n\n\n\n<h4 class=\"wp-block-heading\"><strong><em>Agradece y reconoce la lealtad del cliente<\/em><\/strong><\/h4>\n\n\n\n<p>Muestra aprecio por la lealtad y el negocio continuo de los clientes. Expresa gratitud por su elecci\u00f3n de tu empresa y reconoce su contribuci\u00f3n al \u00e9xito de tu negocio.<\/p>\n\n\n\n<p class=\"has-text-align-center has-white-color has-text-color has-background has-link-color wp-elements-e191466572e70b31542ad06549c1281a\" style=\"background:linear-gradient(180deg,rgb(21,27,56) 0%,rgb(49,65,133) 100%);font-size:15px;text-decoration:underline\"><em>Al seguir ciertas reglas para el servicio al cliente, las empresas pueden cultivar relaciones s\u00f3lidas y duraderas con sus clientes, ganar su confianza y lealtad, y diferenciarse en un mercado competitivo. La atenci\u00f3n al cliente excepcional no solo es un objetivo a alcanzar, sino un compromiso continuo que debe estar arraigado en la cultura y los valores de la empresa.<\/em><\/p>\n\n\n\n<h2 class=\"wp-block-heading\">Conclusi\u00f3n<\/h2>\n\n\n\n<p>En conclusi\u00f3n, la atenci\u00f3n al cliente y la calidad en el servicio son pilares fundamentales en el mundo empresarial actual. Estos aspectos no solo son cruciales para la satisfacci\u00f3n y retenci\u00f3n de clientes, sino que tambi\u00e9n influyen en la reputaci\u00f3n y diferenciaci\u00f3n de una empresa en un mercado altamente competitivo. Comprender las expectativas del cliente, ofrecer un servicio excepcional, y mantener altos est\u00e1ndares de calidad son elementos clave para el \u00e9xito a largo plazo.<\/p>\n\n\n\n<p>Para lograrlo, es fundamental implementar una filosof\u00eda y cultura organizacional centrada en el cliente, donde se valore la excelencia en el servicio y se trabaje en pro de la mejora continua. Esto implica capacitar al personal, escuchar activamente a los clientes, personalizar las experiencias, y buscar constantemente formas de innovar y superar las expectativas.<\/p>\n\n\n\n<p>Adem\u00e1s, es importante reconocer la importancia de la capacitaci\u00f3n y el desarrollo profesional en la creaci\u00f3n de una cultura de calidad centrada en el cliente. En este sentido, nuestro <strong><em><a href=\"https:\/\/imecaf.com\/8\">Curso de Calidad en el Servicio y Atenci\u00f3n al Cliente<\/a> <\/em><\/strong>ofrece una oportunidad invaluable para adquirir habilidades y conocimientos clave en este \u00e1mbito, ayudando a las empresas y profesionales a alcanzar sus objetivos de excelencia en el servicio al cliente.<\/p>\n\n\n\n<p class=\"has-text-align-center has-white-color has-text-color has-background has-link-color wp-elements-bb502919631b189a0f1681ca37b8e252\" style=\"background:linear-gradient(180deg,rgb(21,27,56) 0%,rgb(49,65,133) 100%);font-size:15px;text-decoration:underline\"><em>Al priorizar la atenci\u00f3n al cliente y la calidad en el servicio, las empresas pueden mejorar la satisfacci\u00f3n del cliente, fortalecer su reputaci\u00f3n y diferenciarse en un mercado competitivo, asegurando as\u00ed su \u00e9xito a largo plazo.<\/em><\/p>\n\n\n<figure class=\"wp-block-image\"><a href=\"http:\/\/imecaf.com\/blog\/wp-content\/uploads\/Calidad-en-el-Servicio-y-Atencion-al-Cliente-Elevando-el-Estandar.pdf\"><img decoding=\"async\" style=\"width: 303px; height: auto;\" src=\"http:\/\/imecaf.com\/blog\/wp-content\/uploads\/Descargar-PDF-e1708732610860-1024x317.png\" alt=\"Qu\u00e9 es la Gesti\u00f3n de Proyectos - Descargar PDF\" \/><\/a><\/figure>","protected":false},"excerpt":{"rendered":"<p>En un mundo empresarial cada vez m\u00e1s competitivo, la atenci\u00f3n al cliente y la calidad en el servicio se han convertido en pilares fundamentales para el \u00e9xito de cualquier empresa. En este art\u00edculo, exploraremos a fondo la importancia de estos aspectos cruciales, su impacto en la retenci\u00f3n de clientes, la construcci\u00f3n de una reputaci\u00f3n s\u00f3lida &#8230; <a title=\"Calidad en el Servicio y Atenci\u00f3n al Cliente: Elevando el Est\u00e1ndar\" class=\"read-more\" href=\"https:\/\/imecaf.com\/blog\/2024\/05\/06\/calidad-en-el-servicio-y-atencion-al-cliente\/\">Leer m\u00e1s <span class=\"screen-reader-text\">Calidad en el Servicio y Atenci\u00f3n al Cliente: Elevando el Est\u00e1ndar<\/span><\/a><\/p>\n","protected":false},"author":2,"featured_media":14588,"comment_status":"open","ping_status":"closed","sticky":false,"template":"","format":"standard","meta":{"footnotes":""},"categories":[476,10],"tags":[10447,10444,977,10448,10446,10449,10445,886,1059],"class_list":["post-14587","post","type-post","status-publish","format-standard","has-post-thumbnail","hentry","category-articulos-desarrollohumano","category-desarrollohumano","tag-actitud-de-servicio","tag-atencion-al-cliente","tag-calidad-en-el-servicio","tag-capacitacion-y-desarrollo","tag-comunicacion-efectiva","tag-escucha-activa","tag-resolucion-de-problemas","tag-servicio-al-cliente","tag-toma-de-decisiones"],"yoast_head":"<!-- This site is optimized with the Yoast SEO plugin v27.4 - https:\/\/yoast.com\/product\/yoast-seo-wordpress\/ -->\n<title>Calidad en el Servicio y Atenci\u00f3n al Cliente: Elevando el Est\u00e1ndar - IMECAF - Blog<\/title>\n<meta name=\"description\" content=\"Calidad en el servicio y atenci\u00f3n al cliente: Aprende a implementar una cultura de calidad centrada en el cliente para el \u00e9xito a largo plazo\" \/>\n<meta name=\"robots\" content=\"index, follow, max-snippet:-1, max-image-preview:large, max-video-preview:-1\" \/>\n<link rel=\"canonical\" href=\"https:\/\/imecaf.com\/blog\/2024\/05\/06\/calidad-en-el-servicio-y-atencion-al-cliente\/\" \/>\n<meta property=\"og:locale\" content=\"es_ES\" \/>\n<meta property=\"og:type\" content=\"article\" \/>\n<meta property=\"og:title\" content=\"Calidad en el Servicio y Atenci\u00f3n al Cliente: Elevando el Est\u00e1ndar\" \/>\n<meta property=\"og:description\" content=\"Calidad en el servicio y atenci\u00f3n al cliente: Aprende a implementar una cultura de calidad centrada en el cliente para el \u00e9xito a largo plazo\" \/>\n<meta property=\"og:url\" content=\"https:\/\/imecaf.com\/blog\/2024\/05\/06\/calidad-en-el-servicio-y-atencion-al-cliente\/\" \/>\n<meta property=\"og:site_name\" content=\"IMECAF - Blog\" \/>\n<meta property=\"article:publisher\" content=\"https:\/\/www.facebook.com\/IMECAF\" \/>\n<meta property=\"article:published_time\" content=\"2024-05-06T15:43:26+00:00\" \/>\n<meta property=\"article:modified_time\" content=\"2024-12-02T20:05:07+00:00\" \/>\n<meta property=\"og:image\" content=\"https:\/\/imecaf.com\/blog\/wp-content\/uploads\/Atencion-al-Cliente-y-Calidad-en-el-Servicio.jpg\" \/>\n\t<meta property=\"og:image:width\" content=\"1000\" \/>\n\t<meta property=\"og:image:height\" content=\"667\" \/>\n\t<meta property=\"og:image:type\" content=\"image\/jpeg\" \/>\n<meta name=\"author\" content=\"Equipo de IMECAF\" \/>\n<meta name=\"twitter:card\" content=\"summary_large_image\" \/>\n<meta name=\"twitter:title\" content=\"Calidad en el Servicio y Atenci\u00f3n al Cliente: Elevando el Est\u00e1ndar\" \/>\n<meta name=\"twitter:description\" content=\"Calidad en el servicio y atenci\u00f3n al cliente: Aprende a implementar una cultura de calidad centrada en el cliente para el \u00e9xito a largo plazo\" \/>\n<meta name=\"twitter:image\" content=\"https:\/\/imecaf.com\/blog\/wp-content\/uploads\/Atencion-al-Cliente-y-Calidad-en-el-Servicio.jpg\" \/>\n<meta name=\"twitter:creator\" content=\"@imecaf\" \/>\n<meta name=\"twitter:site\" content=\"@imecaf\" \/>\n<meta name=\"twitter:label1\" content=\"Escrito por\" \/>\n\t<meta name=\"twitter:data1\" content=\"Equipo de IMECAF\" \/>\n\t<meta name=\"twitter:label2\" content=\"Tiempo de lectura\" \/>\n\t<meta name=\"twitter:data2\" content=\"18 minutos\" \/>\n<script type=\"application\/ld+json\" class=\"yoast-schema-graph\">{\"@context\":\"https:\\\/\\\/schema.org\",\"@graph\":[{\"@type\":\"Article\",\"@id\":\"https:\\\/\\\/imecaf.com\\\/blog\\\/2024\\\/05\\\/06\\\/calidad-en-el-servicio-y-atencion-al-cliente\\\/#article\",\"isPartOf\":{\"@id\":\"https:\\\/\\\/imecaf.com\\\/blog\\\/2024\\\/05\\\/06\\\/calidad-en-el-servicio-y-atencion-al-cliente\\\/\"},\"author\":{\"name\":\"Equipo de IMECAF\",\"@id\":\"https:\\\/\\\/imecaf.com\\\/blog\\\/#\\\/schema\\\/person\\\/a69b9f3972250aa0b1fdb798f094b4c7\"},\"headline\":\"Calidad en el Servicio y Atenci\u00f3n al Cliente: Elevando el Est\u00e1ndar\",\"datePublished\":\"2024-05-06T15:43:26+00:00\",\"dateModified\":\"2024-12-02T20:05:07+00:00\",\"mainEntityOfPage\":{\"@id\":\"https:\\\/\\\/imecaf.com\\\/blog\\\/2024\\\/05\\\/06\\\/calidad-en-el-servicio-y-atencion-al-cliente\\\/\"},\"wordCount\":3201,\"commentCount\":0,\"publisher\":{\"@id\":\"https:\\\/\\\/imecaf.com\\\/blog\\\/#organization\"},\"image\":{\"@id\":\"https:\\\/\\\/imecaf.com\\\/blog\\\/2024\\\/05\\\/06\\\/calidad-en-el-servicio-y-atencion-al-cliente\\\/#primaryimage\"},\"thumbnailUrl\":\"https:\\\/\\\/imecaf.com\\\/blog\\\/wp-content\\\/uploads\\\/Atencion-al-Cliente-y-Calidad-en-el-Servicio.jpg\",\"keywords\":[\"actitud de servicio\",\"atencion al cliente\",\"calidad en el servicio\",\"capacitacion y desarrollo\",\"comunicacion efectiva\",\"escucha activa\",\"resolucion de problemas\",\"servicio al cliente\",\"toma de decisiones\"],\"articleSection\":[\"Art\u00edculos\",\"Desarrollo Humano\"],\"inLanguage\":\"es\",\"potentialAction\":[{\"@type\":\"CommentAction\",\"name\":\"Comment\",\"target\":[\"https:\\\/\\\/imecaf.com\\\/blog\\\/2024\\\/05\\\/06\\\/calidad-en-el-servicio-y-atencion-al-cliente\\\/#respond\"]}]},{\"@type\":\"WebPage\",\"@id\":\"https:\\\/\\\/imecaf.com\\\/blog\\\/2024\\\/05\\\/06\\\/calidad-en-el-servicio-y-atencion-al-cliente\\\/\",\"url\":\"https:\\\/\\\/imecaf.com\\\/blog\\\/2024\\\/05\\\/06\\\/calidad-en-el-servicio-y-atencion-al-cliente\\\/\",\"name\":\"Calidad en el Servicio y Atenci\u00f3n al Cliente: Elevando el Est\u00e1ndar - IMECAF - Blog\",\"isPartOf\":{\"@id\":\"https:\\\/\\\/imecaf.com\\\/blog\\\/#website\"},\"primaryImageOfPage\":{\"@id\":\"https:\\\/\\\/imecaf.com\\\/blog\\\/2024\\\/05\\\/06\\\/calidad-en-el-servicio-y-atencion-al-cliente\\\/#primaryimage\"},\"image\":{\"@id\":\"https:\\\/\\\/imecaf.com\\\/blog\\\/2024\\\/05\\\/06\\\/calidad-en-el-servicio-y-atencion-al-cliente\\\/#primaryimage\"},\"thumbnailUrl\":\"https:\\\/\\\/imecaf.com\\\/blog\\\/wp-content\\\/uploads\\\/Atencion-al-Cliente-y-Calidad-en-el-Servicio.jpg\",\"datePublished\":\"2024-05-06T15:43:26+00:00\",\"dateModified\":\"2024-12-02T20:05:07+00:00\",\"description\":\"Calidad en el servicio y atenci\u00f3n al cliente: Aprende a implementar una cultura de calidad centrada en el cliente para el \u00e9xito a largo plazo\",\"breadcrumb\":{\"@id\":\"https:\\\/\\\/imecaf.com\\\/blog\\\/2024\\\/05\\\/06\\\/calidad-en-el-servicio-y-atencion-al-cliente\\\/#breadcrumb\"},\"inLanguage\":\"es\",\"potentialAction\":[{\"@type\":\"ReadAction\",\"target\":[\"https:\\\/\\\/imecaf.com\\\/blog\\\/2024\\\/05\\\/06\\\/calidad-en-el-servicio-y-atencion-al-cliente\\\/\"]}]},{\"@type\":\"ImageObject\",\"inLanguage\":\"es\",\"@id\":\"https:\\\/\\\/imecaf.com\\\/blog\\\/2024\\\/05\\\/06\\\/calidad-en-el-servicio-y-atencion-al-cliente\\\/#primaryimage\",\"url\":\"https:\\\/\\\/imecaf.com\\\/blog\\\/wp-content\\\/uploads\\\/Atencion-al-Cliente-y-Calidad-en-el-Servicio.jpg\",\"contentUrl\":\"https:\\\/\\\/imecaf.com\\\/blog\\\/wp-content\\\/uploads\\\/Atencion-al-Cliente-y-Calidad-en-el-Servicio.jpg\",\"width\":1000,\"height\":667},{\"@type\":\"BreadcrumbList\",\"@id\":\"https:\\\/\\\/imecaf.com\\\/blog\\\/2024\\\/05\\\/06\\\/calidad-en-el-servicio-y-atencion-al-cliente\\\/#breadcrumb\",\"itemListElement\":[{\"@type\":\"ListItem\",\"position\":1,\"name\":\"Portada\",\"item\":\"https:\\\/\\\/imecaf.com\\\/blog\\\/\"},{\"@type\":\"ListItem\",\"position\":2,\"name\":\"Calidad en el Servicio y Atenci\u00f3n al Cliente: Elevando el Est\u00e1ndar\"}]},{\"@type\":\"WebSite\",\"@id\":\"https:\\\/\\\/imecaf.com\\\/blog\\\/#website\",\"url\":\"https:\\\/\\\/imecaf.com\\\/blog\\\/\",\"name\":\"IMECAF\",\"description\":\"Un lugar para expresar y compartir inquietudes dentro del mundo de la educaci\u00f3n.\",\"publisher\":{\"@id\":\"https:\\\/\\\/imecaf.com\\\/blog\\\/#organization\"},\"potentialAction\":[{\"@type\":\"SearchAction\",\"target\":{\"@type\":\"EntryPoint\",\"urlTemplate\":\"https:\\\/\\\/imecaf.com\\\/blog\\\/?s={search_term_string}\"},\"query-input\":{\"@type\":\"PropertyValueSpecification\",\"valueRequired\":true,\"valueName\":\"search_term_string\"}}],\"inLanguage\":\"es\"},{\"@type\":\"Organization\",\"@id\":\"https:\\\/\\\/imecaf.com\\\/blog\\\/#organization\",\"name\":\"IMECAF - Instituto Mexicano de Contabilidad, Administraci\u00f3n y Finanzas\",\"url\":\"https:\\\/\\\/imecaf.com\\\/blog\\\/\",\"logo\":{\"@type\":\"ImageObject\",\"inLanguage\":\"es\",\"@id\":\"https:\\\/\\\/imecaf.com\\\/blog\\\/#\\\/schema\\\/logo\\\/image\\\/\",\"url\":\"https:\\\/\\\/imecaf.com\\\/blog\\\/wp-content\\\/uploads\\\/IMECAF.Logo_.25.png\",\"contentUrl\":\"https:\\\/\\\/imecaf.com\\\/blog\\\/wp-content\\\/uploads\\\/IMECAF.Logo_.25.png\",\"width\":350,\"height\":350,\"caption\":\"IMECAF - Instituto Mexicano de Contabilidad, Administraci\u00f3n y Finanzas\"},\"image\":{\"@id\":\"https:\\\/\\\/imecaf.com\\\/blog\\\/#\\\/schema\\\/logo\\\/image\\\/\"},\"sameAs\":[\"https:\\\/\\\/www.facebook.com\\\/IMECAF\",\"https:\\\/\\\/x.com\\\/imecaf\",\"https:\\\/\\\/www.linkedin.com\\\/company\\\/imecaf\\\/\",\"https:\\\/\\\/www.youtube.com\\\/imecaf\",\"https:\\\/\\\/www.instagram.com\\\/imecaf_mx\\\/\",\"https:\\\/\\\/imecaf.negocio.site\\\/\"]},{\"@type\":\"Person\",\"@id\":\"https:\\\/\\\/imecaf.com\\\/blog\\\/#\\\/schema\\\/person\\\/a69b9f3972250aa0b1fdb798f094b4c7\",\"name\":\"Equipo de IMECAF\",\"image\":{\"@type\":\"ImageObject\",\"inLanguage\":\"es\",\"@id\":\"https:\\\/\\\/secure.gravatar.com\\\/avatar\\\/4b4242953c12937bd47e298d7922b4d01ffafe2955ce4235d318b8950782aa13?s=96&d=mm&r=g\",\"url\":\"https:\\\/\\\/secure.gravatar.com\\\/avatar\\\/4b4242953c12937bd47e298d7922b4d01ffafe2955ce4235d318b8950782aa13?s=96&d=mm&r=g\",\"contentUrl\":\"https:\\\/\\\/secure.gravatar.com\\\/avatar\\\/4b4242953c12937bd47e298d7922b4d01ffafe2955ce4235d318b8950782aa13?s=96&d=mm&r=g\",\"caption\":\"Equipo de IMECAF\"},\"url\":\"https:\\\/\\\/imecaf.com\\\/blog\\\/author\\\/mfonticoba\\\/\"}]}<\/script>\n<!-- \/ Yoast SEO plugin. -->","yoast_head_json":{"title":"Calidad en el Servicio y Atenci\u00f3n al Cliente: Elevando el Est\u00e1ndar - IMECAF - Blog","description":"Calidad en el servicio y atenci\u00f3n al cliente: Aprende a implementar una cultura de calidad centrada en el cliente para el \u00e9xito a largo plazo","robots":{"index":"index","follow":"follow","max-snippet":"max-snippet:-1","max-image-preview":"max-image-preview:large","max-video-preview":"max-video-preview:-1"},"canonical":"https:\/\/imecaf.com\/blog\/2024\/05\/06\/calidad-en-el-servicio-y-atencion-al-cliente\/","og_locale":"es_ES","og_type":"article","og_title":"Calidad en el Servicio y Atenci\u00f3n al Cliente: Elevando el Est\u00e1ndar","og_description":"Calidad en el servicio y atenci\u00f3n al cliente: Aprende a implementar una cultura de calidad centrada en el cliente para el \u00e9xito a largo plazo","og_url":"https:\/\/imecaf.com\/blog\/2024\/05\/06\/calidad-en-el-servicio-y-atencion-al-cliente\/","og_site_name":"IMECAF - Blog","article_publisher":"https:\/\/www.facebook.com\/IMECAF","article_published_time":"2024-05-06T15:43:26+00:00","article_modified_time":"2024-12-02T20:05:07+00:00","og_image":[{"width":1000,"height":667,"url":"https:\/\/imecaf.com\/blog\/wp-content\/uploads\/Atencion-al-Cliente-y-Calidad-en-el-Servicio.jpg","type":"image\/jpeg"}],"author":"Equipo de IMECAF","twitter_card":"summary_large_image","twitter_title":"Calidad en el Servicio y Atenci\u00f3n al Cliente: Elevando el Est\u00e1ndar","twitter_description":"Calidad en el servicio y atenci\u00f3n al cliente: Aprende a implementar una cultura de calidad centrada en el cliente para el \u00e9xito a largo plazo","twitter_image":"https:\/\/imecaf.com\/blog\/wp-content\/uploads\/Atencion-al-Cliente-y-Calidad-en-el-Servicio.jpg","twitter_creator":"@imecaf","twitter_site":"@imecaf","twitter_misc":{"Escrito por":"Equipo de IMECAF","Tiempo de lectura":"18 minutos"},"schema":{"@context":"https:\/\/schema.org","@graph":[{"@type":"Article","@id":"https:\/\/imecaf.com\/blog\/2024\/05\/06\/calidad-en-el-servicio-y-atencion-al-cliente\/#article","isPartOf":{"@id":"https:\/\/imecaf.com\/blog\/2024\/05\/06\/calidad-en-el-servicio-y-atencion-al-cliente\/"},"author":{"name":"Equipo de IMECAF","@id":"https:\/\/imecaf.com\/blog\/#\/schema\/person\/a69b9f3972250aa0b1fdb798f094b4c7"},"headline":"Calidad en el Servicio y Atenci\u00f3n al Cliente: Elevando el Est\u00e1ndar","datePublished":"2024-05-06T15:43:26+00:00","dateModified":"2024-12-02T20:05:07+00:00","mainEntityOfPage":{"@id":"https:\/\/imecaf.com\/blog\/2024\/05\/06\/calidad-en-el-servicio-y-atencion-al-cliente\/"},"wordCount":3201,"commentCount":0,"publisher":{"@id":"https:\/\/imecaf.com\/blog\/#organization"},"image":{"@id":"https:\/\/imecaf.com\/blog\/2024\/05\/06\/calidad-en-el-servicio-y-atencion-al-cliente\/#primaryimage"},"thumbnailUrl":"https:\/\/imecaf.com\/blog\/wp-content\/uploads\/Atencion-al-Cliente-y-Calidad-en-el-Servicio.jpg","keywords":["actitud de servicio","atencion al cliente","calidad en el servicio","capacitacion y desarrollo","comunicacion efectiva","escucha activa","resolucion de problemas","servicio al cliente","toma de decisiones"],"articleSection":["Art\u00edculos","Desarrollo Humano"],"inLanguage":"es","potentialAction":[{"@type":"CommentAction","name":"Comment","target":["https:\/\/imecaf.com\/blog\/2024\/05\/06\/calidad-en-el-servicio-y-atencion-al-cliente\/#respond"]}]},{"@type":"WebPage","@id":"https:\/\/imecaf.com\/blog\/2024\/05\/06\/calidad-en-el-servicio-y-atencion-al-cliente\/","url":"https:\/\/imecaf.com\/blog\/2024\/05\/06\/calidad-en-el-servicio-y-atencion-al-cliente\/","name":"Calidad en el Servicio y Atenci\u00f3n al Cliente: Elevando el Est\u00e1ndar - IMECAF - Blog","isPartOf":{"@id":"https:\/\/imecaf.com\/blog\/#website"},"primaryImageOfPage":{"@id":"https:\/\/imecaf.com\/blog\/2024\/05\/06\/calidad-en-el-servicio-y-atencion-al-cliente\/#primaryimage"},"image":{"@id":"https:\/\/imecaf.com\/blog\/2024\/05\/06\/calidad-en-el-servicio-y-atencion-al-cliente\/#primaryimage"},"thumbnailUrl":"https:\/\/imecaf.com\/blog\/wp-content\/uploads\/Atencion-al-Cliente-y-Calidad-en-el-Servicio.jpg","datePublished":"2024-05-06T15:43:26+00:00","dateModified":"2024-12-02T20:05:07+00:00","description":"Calidad en el servicio y atenci\u00f3n al cliente: Aprende a implementar una cultura de calidad centrada en el cliente para el \u00e9xito a largo plazo","breadcrumb":{"@id":"https:\/\/imecaf.com\/blog\/2024\/05\/06\/calidad-en-el-servicio-y-atencion-al-cliente\/#breadcrumb"},"inLanguage":"es","potentialAction":[{"@type":"ReadAction","target":["https:\/\/imecaf.com\/blog\/2024\/05\/06\/calidad-en-el-servicio-y-atencion-al-cliente\/"]}]},{"@type":"ImageObject","inLanguage":"es","@id":"https:\/\/imecaf.com\/blog\/2024\/05\/06\/calidad-en-el-servicio-y-atencion-al-cliente\/#primaryimage","url":"https:\/\/imecaf.com\/blog\/wp-content\/uploads\/Atencion-al-Cliente-y-Calidad-en-el-Servicio.jpg","contentUrl":"https:\/\/imecaf.com\/blog\/wp-content\/uploads\/Atencion-al-Cliente-y-Calidad-en-el-Servicio.jpg","width":1000,"height":667},{"@type":"BreadcrumbList","@id":"https:\/\/imecaf.com\/blog\/2024\/05\/06\/calidad-en-el-servicio-y-atencion-al-cliente\/#breadcrumb","itemListElement":[{"@type":"ListItem","position":1,"name":"Portada","item":"https:\/\/imecaf.com\/blog\/"},{"@type":"ListItem","position":2,"name":"Calidad en el Servicio y Atenci\u00f3n al Cliente: Elevando el Est\u00e1ndar"}]},{"@type":"WebSite","@id":"https:\/\/imecaf.com\/blog\/#website","url":"https:\/\/imecaf.com\/blog\/","name":"IMECAF","description":"Un lugar para expresar y compartir inquietudes dentro del mundo de la educaci\u00f3n.","publisher":{"@id":"https:\/\/imecaf.com\/blog\/#organization"},"potentialAction":[{"@type":"SearchAction","target":{"@type":"EntryPoint","urlTemplate":"https:\/\/imecaf.com\/blog\/?s={search_term_string}"},"query-input":{"@type":"PropertyValueSpecification","valueRequired":true,"valueName":"search_term_string"}}],"inLanguage":"es"},{"@type":"Organization","@id":"https:\/\/imecaf.com\/blog\/#organization","name":"IMECAF - Instituto Mexicano de Contabilidad, Administraci\u00f3n y Finanzas","url":"https:\/\/imecaf.com\/blog\/","logo":{"@type":"ImageObject","inLanguage":"es","@id":"https:\/\/imecaf.com\/blog\/#\/schema\/logo\/image\/","url":"https:\/\/imecaf.com\/blog\/wp-content\/uploads\/IMECAF.Logo_.25.png","contentUrl":"https:\/\/imecaf.com\/blog\/wp-content\/uploads\/IMECAF.Logo_.25.png","width":350,"height":350,"caption":"IMECAF - Instituto Mexicano de Contabilidad, Administraci\u00f3n y Finanzas"},"image":{"@id":"https:\/\/imecaf.com\/blog\/#\/schema\/logo\/image\/"},"sameAs":["https:\/\/www.facebook.com\/IMECAF","https:\/\/x.com\/imecaf","https:\/\/www.linkedin.com\/company\/imecaf\/","https:\/\/www.youtube.com\/imecaf","https:\/\/www.instagram.com\/imecaf_mx\/","https:\/\/imecaf.negocio.site\/"]},{"@type":"Person","@id":"https:\/\/imecaf.com\/blog\/#\/schema\/person\/a69b9f3972250aa0b1fdb798f094b4c7","name":"Equipo de IMECAF","image":{"@type":"ImageObject","inLanguage":"es","@id":"https:\/\/secure.gravatar.com\/avatar\/4b4242953c12937bd47e298d7922b4d01ffafe2955ce4235d318b8950782aa13?s=96&d=mm&r=g","url":"https:\/\/secure.gravatar.com\/avatar\/4b4242953c12937bd47e298d7922b4d01ffafe2955ce4235d318b8950782aa13?s=96&d=mm&r=g","contentUrl":"https:\/\/secure.gravatar.com\/avatar\/4b4242953c12937bd47e298d7922b4d01ffafe2955ce4235d318b8950782aa13?s=96&d=mm&r=g","caption":"Equipo de IMECAF"},"url":"https:\/\/imecaf.com\/blog\/author\/mfonticoba\/"}]}},"_links":{"self":[{"href":"https:\/\/imecaf.com\/blog\/wp-json\/wp\/v2\/posts\/14587","targetHints":{"allow":["GET"]}}],"collection":[{"href":"https:\/\/imecaf.com\/blog\/wp-json\/wp\/v2\/posts"}],"about":[{"href":"https:\/\/imecaf.com\/blog\/wp-json\/wp\/v2\/types\/post"}],"author":[{"embeddable":true,"href":"https:\/\/imecaf.com\/blog\/wp-json\/wp\/v2\/users\/2"}],"replies":[{"embeddable":true,"href":"https:\/\/imecaf.com\/blog\/wp-json\/wp\/v2\/comments?post=14587"}],"version-history":[{"count":0,"href":"https:\/\/imecaf.com\/blog\/wp-json\/wp\/v2\/posts\/14587\/revisions"}],"wp:featuredmedia":[{"embeddable":true,"href":"https:\/\/imecaf.com\/blog\/wp-json\/wp\/v2\/media\/14588"}],"wp:attachment":[{"href":"https:\/\/imecaf.com\/blog\/wp-json\/wp\/v2\/media?parent=14587"}],"wp:term":[{"taxonomy":"category","embeddable":true,"href":"https:\/\/imecaf.com\/blog\/wp-json\/wp\/v2\/categories?post=14587"},{"taxonomy":"post_tag","embeddable":true,"href":"https:\/\/imecaf.com\/blog\/wp-json\/wp\/v2\/tags?post=14587"}],"curies":[{"name":"wp","href":"https:\/\/api.w.org\/{rel}","templated":true}]}}