{"id":14662,"date":"2024-05-04T07:42:29","date_gmt":"2024-05-04T13:42:29","guid":{"rendered":"http:\/\/imecaf.com\/blog\/?p=14662"},"modified":"2024-05-04T07:42:31","modified_gmt":"2024-05-04T13:42:31","slug":"no-desperdiciar-superavit-fiscal","status":"publish","type":"post","link":"https:\/\/imecaf.com\/blog\/2024\/05\/04\/no-desperdiciar-superavit-fiscal\/","title":{"rendered":"No desperdiciar super\u00e1vit fiscal"},"content":{"rendered":"<span class=\"span-reading-time rt-reading-time\" style=\"display: block;\"><span class=\"rt-label rt-prefix\">Tiempo de lectura:<\/span> <span class=\"rt-time\"> &lt; 1<\/span> <span class=\"rt-label rt-postfix\">minuto<\/span><\/span>\n<p>\u00abEn lugar de desperdiciar el super\u00e1vit en exenciones fiscales para los ricos, deber\u00edamos agregar un beneficio de medicamentos recetados al programa Medicare, reforzar la Seguridad Social, fortalecer nuestra defensa, proporcionar una educaci\u00f3n p\u00fablica de calidad y ofrecer asistencia econ\u00f3mica a las zonas rurales.\u00bb<\/p>\n\n\n\n<p>Bennie Gordon Thompson (1948- ) Pol\u00edtico estadounidense.<\/p>\n","protected":false},"excerpt":{"rendered":"<p>\u00abEn lugar de desperdiciar el super\u00e1vit en exenciones fiscales para los ricos, deber\u00edamos agregar un beneficio de medicamentos recetados al programa Medicare, reforzar la Seguridad Social, fortalecer nuestra defensa, proporcionar una educaci\u00f3n p\u00fablica de calidad y ofrecer asistencia econ\u00f3mica a las zonas rurales.\u00bb Bennie Gordon Thompson (1948- ) Pol\u00edtico estadounidense.<\/p>\n","protected":false},"author":2,"featured_media":0,"comment_status":"open","ping_status":"closed","sticky":false,"template":"","format":"standard","meta":{"footnotes":""},"categories":[9,665],"tags":[7544,10017,2357,10439,19,3390,8578,10436,8876,79,7933,8868,1041,10438,9624,9555,6954,3527,1085,9915,7161,10437,8261],"class_list":["post-14662","post","type-post","status-publish","format-standard","hentry","category-fiscal","category-frases-celebres-fiscal","tag-agregar","tag-asistencia","tag-beneficio","tag-bennie-thompson","tag-blog-imecaf","tag-calidad","tag-defensa","tag-desperdiciar","tag-educacion","tag-fiscal-2","tag-fortalecer","tag-frase-celebre-2","tag-impuesto","tag-medicamento","tag-medicare","tag-proporcionar","tag-receta","tag-reforzar","tag-riqueza","tag-rural","tag-seguridad-social","tag-superavit","tag-zona"],"yoast_head":"<!-- This site is optimized with the Yoast SEO plugin v27.5 - https:\/\/yoast.com\/product\/yoast-seo-wordpress\/ -->\n<title>No desperdiciar super\u00e1vit fiscal - IMECAF - Blog<\/title>\n<meta name=\"robots\" content=\"index, follow, max-snippet:-1, max-image-preview:large, max-video-preview:-1\" \/>\n<link rel=\"canonical\" href=\"https:\/\/imecaf.com\/blog\/2024\/05\/04\/no-desperdiciar-superavit-fiscal\/\" \/>\n<meta property=\"og:locale\" content=\"es_ES\" \/>\n<meta property=\"og:type\" content=\"article\" \/>\n<meta property=\"og:title\" content=\"No desperdiciar super\u00e1vit fiscal - IMECAF - Blog\" \/>\n<meta property=\"og:description\" content=\"\u00abEn lugar de desperdiciar el super\u00e1vit en exenciones fiscales para los ricos, deber\u00edamos agregar un beneficio de medicamentos recetados al programa Medicare, reforzar la Seguridad Social, fortalecer nuestra defensa, proporcionar una educaci\u00f3n p\u00fablica de calidad y ofrecer asistencia econ\u00f3mica a las zonas rurales.\u00bb Bennie Gordon Thompson (1948- ) Pol\u00edtico estadounidense.\" \/>\n<meta property=\"og:url\" content=\"https:\/\/imecaf.com\/blog\/2024\/05\/04\/no-desperdiciar-superavit-fiscal\/\" \/>\n<meta property=\"og:site_name\" content=\"IMECAF - Blog\" \/>\n<meta property=\"article:publisher\" content=\"https:\/\/www.facebook.com\/IMECAF\" \/>\n<meta property=\"article:published_time\" content=\"2024-05-04T13:42:29+00:00\" \/>\n<meta property=\"article:modified_time\" content=\"2024-05-04T13:42:31+00:00\" \/>\n<meta name=\"author\" content=\"Equipo de IMECAF\" \/>\n<meta name=\"twitter:card\" content=\"summary_large_image\" \/>\n<meta name=\"twitter:creator\" content=\"@imecaf\" \/>\n<meta name=\"twitter:site\" content=\"@imecaf\" \/>\n<meta name=\"twitter:label1\" content=\"Escrito por\" \/>\n\t<meta name=\"twitter:data1\" content=\"Equipo de IMECAF\" \/>\n\t<meta name=\"twitter:label2\" content=\"Tiempo de lectura\" \/>\n\t<meta name=\"twitter:data2\" content=\"1 minuto\" \/>\n<script type=\"application\/ld+json\" class=\"yoast-schema-graph\">{\"@context\":\"https:\\\/\\\/schema.org\",\"@graph\":[{\"@type\":\"Article\",\"@id\":\"https:\\\/\\\/imecaf.com\\\/blog\\\/2024\\\/05\\\/04\\\/no-desperdiciar-superavit-fiscal\\\/#article\",\"isPartOf\":{\"@id\":\"https:\\\/\\\/imecaf.com\\\/blog\\\/2024\\\/05\\\/04\\\/no-desperdiciar-superavit-fiscal\\\/\"},\"author\":{\"name\":\"Equipo de IMECAF\",\"@id\":\"https:\\\/\\\/imecaf.com\\\/blog\\\/#\\\/schema\\\/person\\\/a69b9f3972250aa0b1fdb798f094b4c7\"},\"headline\":\"No desperdiciar super\u00e1vit fiscal\",\"datePublished\":\"2024-05-04T13:42:29+00:00\",\"dateModified\":\"2024-05-04T13:42:31+00:00\",\"mainEntityOfPage\":{\"@id\":\"https:\\\/\\\/imecaf.com\\\/blog\\\/2024\\\/05\\\/04\\\/no-desperdiciar-superavit-fiscal\\\/\"},\"wordCount\":60,\"commentCount\":0,\"publisher\":{\"@id\":\"https:\\\/\\\/imecaf.com\\\/blog\\\/#organization\"},\"keywords\":[\"agregar\",\"asistencia\",\"beneficio\",\"bennie thompson\",\"blog IMECAF\",\"calidad\",\"defensa\",\"desperdiciar\",\"educacion\",\"fiscal\",\"fortalecer\",\"frase celebre\",\"impuesto\",\"medicamento\",\"medicare\",\"proporcionar\",\"receta\",\"reforzar\",\"riqueza\",\"rural\",\"seguridad social\",\"superavit\",\"zona\"],\"articleSection\":[\"Fiscal\",\"Frases C\u00e9lebres\"],\"inLanguage\":\"es\",\"potentialAction\":[{\"@type\":\"CommentAction\",\"name\":\"Comment\",\"target\":[\"https:\\\/\\\/imecaf.com\\\/blog\\\/2024\\\/05\\\/04\\\/no-desperdiciar-superavit-fiscal\\\/#respond\"]}]},{\"@type\":\"WebPage\",\"@id\":\"https:\\\/\\\/imecaf.com\\\/blog\\\/2024\\\/05\\\/04\\\/no-desperdiciar-superavit-fiscal\\\/\",\"url\":\"https:\\\/\\\/imecaf.com\\\/blog\\\/2024\\\/05\\\/04\\\/no-desperdiciar-superavit-fiscal\\\/\",\"name\":\"No desperdiciar super\u00e1vit fiscal - IMECAF - Blog\",\"isPartOf\":{\"@id\":\"https:\\\/\\\/imecaf.com\\\/blog\\\/#website\"},\"datePublished\":\"2024-05-04T13:42:29+00:00\",\"dateModified\":\"2024-05-04T13:42:31+00:00\",\"breadcrumb\":{\"@id\":\"https:\\\/\\\/imecaf.com\\\/blog\\\/2024\\\/05\\\/04\\\/no-desperdiciar-superavit-fiscal\\\/#breadcrumb\"},\"inLanguage\":\"es\",\"potentialAction\":[{\"@type\":\"ReadAction\",\"target\":[\"https:\\\/\\\/imecaf.com\\\/blog\\\/2024\\\/05\\\/04\\\/no-desperdiciar-superavit-fiscal\\\/\"]}]},{\"@type\":\"BreadcrumbList\",\"@id\":\"https:\\\/\\\/imecaf.com\\\/blog\\\/2024\\\/05\\\/04\\\/no-desperdiciar-superavit-fiscal\\\/#breadcrumb\",\"itemListElement\":[{\"@type\":\"ListItem\",\"position\":1,\"name\":\"Portada\",\"item\":\"https:\\\/\\\/imecaf.com\\\/blog\\\/\"},{\"@type\":\"ListItem\",\"position\":2,\"name\":\"No desperdiciar super\u00e1vit fiscal\"}]},{\"@type\":\"WebSite\",\"@id\":\"https:\\\/\\\/imecaf.com\\\/blog\\\/#website\",\"url\":\"https:\\\/\\\/imecaf.com\\\/blog\\\/\",\"name\":\"IMECAF\",\"description\":\"Un lugar para expresar y compartir inquietudes dentro del mundo de la educaci\u00f3n.\",\"publisher\":{\"@id\":\"https:\\\/\\\/imecaf.com\\\/blog\\\/#organization\"},\"potentialAction\":[{\"@type\":\"SearchAction\",\"target\":{\"@type\":\"EntryPoint\",\"urlTemplate\":\"https:\\\/\\\/imecaf.com\\\/blog\\\/?s={search_term_string}\"},\"query-input\":{\"@type\":\"PropertyValueSpecification\",\"valueRequired\":true,\"valueName\":\"search_term_string\"}}],\"inLanguage\":\"es\"},{\"@type\":\"Organization\",\"@id\":\"https:\\\/\\\/imecaf.com\\\/blog\\\/#organization\",\"name\":\"IMECAF - Instituto Mexicano de Contabilidad, Administraci\u00f3n y Finanzas\",\"url\":\"https:\\\/\\\/imecaf.com\\\/blog\\\/\",\"logo\":{\"@type\":\"ImageObject\",\"inLanguage\":\"es\",\"@id\":\"https:\\\/\\\/imecaf.com\\\/blog\\\/#\\\/schema\\\/logo\\\/image\\\/\",\"url\":\"https:\\\/\\\/imecaf.com\\\/blog\\\/wp-content\\\/uploads\\\/IMECAF.Logo_.25.png\",\"contentUrl\":\"https:\\\/\\\/imecaf.com\\\/blog\\\/wp-content\\\/uploads\\\/IMECAF.Logo_.25.png\",\"width\":350,\"height\":350,\"caption\":\"IMECAF - Instituto Mexicano de Contabilidad, Administraci\u00f3n y Finanzas\"},\"image\":{\"@id\":\"https:\\\/\\\/imecaf.com\\\/blog\\\/#\\\/schema\\\/logo\\\/image\\\/\"},\"sameAs\":[\"https:\\\/\\\/www.facebook.com\\\/IMECAF\",\"https:\\\/\\\/x.com\\\/imecaf\",\"https:\\\/\\\/www.linkedin.com\\\/company\\\/imecaf\\\/\",\"https:\\\/\\\/www.youtube.com\\\/imecaf\",\"https:\\\/\\\/www.instagram.com\\\/imecaf_mx\\\/\",\"https:\\\/\\\/imecaf.negocio.site\\\/\"]},{\"@type\":\"Person\",\"@id\":\"https:\\\/\\\/imecaf.com\\\/blog\\\/#\\\/schema\\\/person\\\/a69b9f3972250aa0b1fdb798f094b4c7\",\"name\":\"Equipo de IMECAF\",\"image\":{\"@type\":\"ImageObject\",\"inLanguage\":\"es\",\"@id\":\"https:\\\/\\\/secure.gravatar.com\\\/avatar\\\/4b4242953c12937bd47e298d7922b4d01ffafe2955ce4235d318b8950782aa13?s=96&d=mm&r=g\",\"url\":\"https:\\\/\\\/secure.gravatar.com\\\/avatar\\\/4b4242953c12937bd47e298d7922b4d01ffafe2955ce4235d318b8950782aa13?s=96&d=mm&r=g\",\"contentUrl\":\"https:\\\/\\\/secure.gravatar.com\\\/avatar\\\/4b4242953c12937bd47e298d7922b4d01ffafe2955ce4235d318b8950782aa13?s=96&d=mm&r=g\",\"caption\":\"Equipo de IMECAF\"},\"url\":\"https:\\\/\\\/imecaf.com\\\/blog\\\/author\\\/mfonticoba\\\/\"}]}<\/script>\n<!-- \/ Yoast SEO plugin. -->","yoast_head_json":{"title":"No desperdiciar super\u00e1vit fiscal - IMECAF - Blog","robots":{"index":"index","follow":"follow","max-snippet":"max-snippet:-1","max-image-preview":"max-image-preview:large","max-video-preview":"max-video-preview:-1"},"canonical":"https:\/\/imecaf.com\/blog\/2024\/05\/04\/no-desperdiciar-superavit-fiscal\/","og_locale":"es_ES","og_type":"article","og_title":"No desperdiciar super\u00e1vit fiscal - IMECAF - Blog","og_description":"\u00abEn lugar de desperdiciar el super\u00e1vit en exenciones fiscales para los ricos, deber\u00edamos agregar un beneficio de medicamentos recetados al programa Medicare, reforzar la Seguridad Social, fortalecer nuestra defensa, proporcionar una educaci\u00f3n p\u00fablica de calidad y ofrecer asistencia econ\u00f3mica a las zonas rurales.\u00bb Bennie Gordon Thompson (1948- ) Pol\u00edtico estadounidense.","og_url":"https:\/\/imecaf.com\/blog\/2024\/05\/04\/no-desperdiciar-superavit-fiscal\/","og_site_name":"IMECAF - Blog","article_publisher":"https:\/\/www.facebook.com\/IMECAF","article_published_time":"2024-05-04T13:42:29+00:00","article_modified_time":"2024-05-04T13:42:31+00:00","author":"Equipo de IMECAF","twitter_card":"summary_large_image","twitter_creator":"@imecaf","twitter_site":"@imecaf","twitter_misc":{"Escrito por":"Equipo de IMECAF","Tiempo de lectura":"1 minuto"},"schema":{"@context":"https:\/\/schema.org","@graph":[{"@type":"Article","@id":"https:\/\/imecaf.com\/blog\/2024\/05\/04\/no-desperdiciar-superavit-fiscal\/#article","isPartOf":{"@id":"https:\/\/imecaf.com\/blog\/2024\/05\/04\/no-desperdiciar-superavit-fiscal\/"},"author":{"name":"Equipo de IMECAF","@id":"https:\/\/imecaf.com\/blog\/#\/schema\/person\/a69b9f3972250aa0b1fdb798f094b4c7"},"headline":"No desperdiciar super\u00e1vit fiscal","datePublished":"2024-05-04T13:42:29+00:00","dateModified":"2024-05-04T13:42:31+00:00","mainEntityOfPage":{"@id":"https:\/\/imecaf.com\/blog\/2024\/05\/04\/no-desperdiciar-superavit-fiscal\/"},"wordCount":60,"commentCount":0,"publisher":{"@id":"https:\/\/imecaf.com\/blog\/#organization"},"keywords":["agregar","asistencia","beneficio","bennie thompson","blog IMECAF","calidad","defensa","desperdiciar","educacion","fiscal","fortalecer","frase celebre","impuesto","medicamento","medicare","proporcionar","receta","reforzar","riqueza","rural","seguridad social","superavit","zona"],"articleSection":["Fiscal","Frases C\u00e9lebres"],"inLanguage":"es","potentialAction":[{"@type":"CommentAction","name":"Comment","target":["https:\/\/imecaf.com\/blog\/2024\/05\/04\/no-desperdiciar-superavit-fiscal\/#respond"]}]},{"@type":"WebPage","@id":"https:\/\/imecaf.com\/blog\/2024\/05\/04\/no-desperdiciar-superavit-fiscal\/","url":"https:\/\/imecaf.com\/blog\/2024\/05\/04\/no-desperdiciar-superavit-fiscal\/","name":"No desperdiciar super\u00e1vit fiscal - IMECAF - Blog","isPartOf":{"@id":"https:\/\/imecaf.com\/blog\/#website"},"datePublished":"2024-05-04T13:42:29+00:00","dateModified":"2024-05-04T13:42:31+00:00","breadcrumb":{"@id":"https:\/\/imecaf.com\/blog\/2024\/05\/04\/no-desperdiciar-superavit-fiscal\/#breadcrumb"},"inLanguage":"es","potentialAction":[{"@type":"ReadAction","target":["https:\/\/imecaf.com\/blog\/2024\/05\/04\/no-desperdiciar-superavit-fiscal\/"]}]},{"@type":"BreadcrumbList","@id":"https:\/\/imecaf.com\/blog\/2024\/05\/04\/no-desperdiciar-superavit-fiscal\/#breadcrumb","itemListElement":[{"@type":"ListItem","position":1,"name":"Portada","item":"https:\/\/imecaf.com\/blog\/"},{"@type":"ListItem","position":2,"name":"No desperdiciar super\u00e1vit fiscal"}]},{"@type":"WebSite","@id":"https:\/\/imecaf.com\/blog\/#website","url":"https:\/\/imecaf.com\/blog\/","name":"IMECAF","description":"Un lugar para expresar y compartir inquietudes dentro del mundo de la educaci\u00f3n.","publisher":{"@id":"https:\/\/imecaf.com\/blog\/#organization"},"potentialAction":[{"@type":"SearchAction","target":{"@type":"EntryPoint","urlTemplate":"https:\/\/imecaf.com\/blog\/?s={search_term_string}"},"query-input":{"@type":"PropertyValueSpecification","valueRequired":true,"valueName":"search_term_string"}}],"inLanguage":"es"},{"@type":"Organization","@id":"https:\/\/imecaf.com\/blog\/#organization","name":"IMECAF - Instituto Mexicano de Contabilidad, Administraci\u00f3n y Finanzas","url":"https:\/\/imecaf.com\/blog\/","logo":{"@type":"ImageObject","inLanguage":"es","@id":"https:\/\/imecaf.com\/blog\/#\/schema\/logo\/image\/","url":"https:\/\/imecaf.com\/blog\/wp-content\/uploads\/IMECAF.Logo_.25.png","contentUrl":"https:\/\/imecaf.com\/blog\/wp-content\/uploads\/IMECAF.Logo_.25.png","width":350,"height":350,"caption":"IMECAF - Instituto Mexicano de Contabilidad, Administraci\u00f3n y Finanzas"},"image":{"@id":"https:\/\/imecaf.com\/blog\/#\/schema\/logo\/image\/"},"sameAs":["https:\/\/www.facebook.com\/IMECAF","https:\/\/x.com\/imecaf","https:\/\/www.linkedin.com\/company\/imecaf\/","https:\/\/www.youtube.com\/imecaf","https:\/\/www.instagram.com\/imecaf_mx\/","https:\/\/imecaf.negocio.site\/"]},{"@type":"Person","@id":"https:\/\/imecaf.com\/blog\/#\/schema\/person\/a69b9f3972250aa0b1fdb798f094b4c7","name":"Equipo de IMECAF","image":{"@type":"ImageObject","inLanguage":"es","@id":"https:\/\/secure.gravatar.com\/avatar\/4b4242953c12937bd47e298d7922b4d01ffafe2955ce4235d318b8950782aa13?s=96&d=mm&r=g","url":"https:\/\/secure.gravatar.com\/avatar\/4b4242953c12937bd47e298d7922b4d01ffafe2955ce4235d318b8950782aa13?s=96&d=mm&r=g","contentUrl":"https:\/\/secure.gravatar.com\/avatar\/4b4242953c12937bd47e298d7922b4d01ffafe2955ce4235d318b8950782aa13?s=96&d=mm&r=g","caption":"Equipo de IMECAF"},"url":"https:\/\/imecaf.com\/blog\/author\/mfonticoba\/"}]}},"_links":{"self":[{"href":"https:\/\/imecaf.com\/blog\/wp-json\/wp\/v2\/posts\/14662","targetHints":{"allow":["GET"]}}],"collection":[{"href":"https:\/\/imecaf.com\/blog\/wp-json\/wp\/v2\/posts"}],"about":[{"href":"https:\/\/imecaf.com\/blog\/wp-json\/wp\/v2\/types\/post"}],"author":[{"embeddable":true,"href":"https:\/\/imecaf.com\/blog\/wp-json\/wp\/v2\/users\/2"}],"replies":[{"embeddable":true,"href":"https:\/\/imecaf.com\/blog\/wp-json\/wp\/v2\/comments?post=14662"}],"version-history":[{"count":0,"href":"https:\/\/imecaf.com\/blog\/wp-json\/wp\/v2\/posts\/14662\/revisions"}],"wp:attachment":[{"href":"https:\/\/imecaf.com\/blog\/wp-json\/wp\/v2\/media?parent=14662"}],"wp:term":[{"taxonomy":"category","embeddable":true,"href":"https:\/\/imecaf.com\/blog\/wp-json\/wp\/v2\/categories?post=14662"},{"taxonomy":"post_tag","embeddable":true,"href":"https:\/\/imecaf.com\/blog\/wp-json\/wp\/v2\/tags?post=14662"}],"curies":[{"name":"wp","href":"https:\/\/api.w.org\/{rel}","templated":true}]}}