{"id":14682,"date":"2024-05-10T11:12:02","date_gmt":"2024-05-10T17:12:02","guid":{"rendered":"http:\/\/imecaf.com\/blog\/?p=14682"},"modified":"2024-12-02T13:43:23","modified_gmt":"2024-12-02T19:43:23","slug":"jefe-vs-lider-las-diferencias-cruciales-en-la-direccion-de-equipos","status":"publish","type":"post","link":"https:\/\/imecaf.com\/blog\/2024\/05\/10\/jefe-vs-lider-las-diferencias-cruciales-en-la-direccion-de-equipos\/","title":{"rendered":"Jefe vs L\u00edder: Las Diferencias Cruciales en la Direcci\u00f3n de Equipos"},"content":{"rendered":"<span class=\"span-reading-time rt-reading-time\" style=\"display: block;\"><span class=\"rt-label rt-prefix\">Tiempo de lectura:<\/span> <span class=\"rt-time\"> 13<\/span> <span class=\"rt-label rt-postfix\">minutos<\/span><\/span><div class=\"wp-block-image\">\n<figure class=\"aligncenter size-full\"><img loading=\"lazy\" decoding=\"async\" width=\"1000\" height=\"665\" src=\"http:\/\/imecaf.com\/blog\/wp-content\/uploads\/Jefe-o-lider.jpg\" alt=\"Jefe vs L\u00edder\" class=\"wp-image-14683\" srcset=\"https:\/\/imecaf.com\/blog\/wp-content\/uploads\/Jefe-o-lider.jpg 1000w, https:\/\/imecaf.com\/blog\/wp-content\/uploads\/Jefe-o-lider-300x200.jpg 300w, https:\/\/imecaf.com\/blog\/wp-content\/uploads\/Jefe-o-lider-768x511.jpg 768w\" sizes=\"auto, (max-width: 1000px) 100vw, 1000px\" \/><\/figure>\n<\/div>\n\n\n<p>\u00bfJefe vs L\u00edder? En el mundo empresarial, el t\u00e9rmino \u00abjefe\u00bb y \u00abl\u00edder\u00bb a menudo se usan indistintamente, pero \u00bfson realmente lo mismo? La realidad es que hay una diferencia fundamental entre un jefe y un l\u00edder, y entender esta distinci\u00f3n puede tener un impacto significativo en la eficacia de un equipo y en la <a href=\"https:\/\/imecaf.com\/310\"><strong>cultura organizacional<\/strong><\/a> en general.<\/p>\n\n\n\n<p>Un jefe suele ser alguien que tiene autoridad sobre otros debido a su posici\u00f3n jer\u00e1rquica. Pueden <a href=\"https:\/\/imecaf.com\/41\"><strong>tomar decisiones<\/strong><\/a>, dar \u00f3rdenes y esperar que su equipo las siga sin cuestionarlas. Los jefes a menudo se centran en el cumplimiento de tareas y en los resultados finales, sin prestar mucha atenci\u00f3n al desarrollo personal o profesional de sus empleados.<\/p>\n\n\n\n<p>Por otro lado, un l\u00edder es alguien que inspira y motiva a otros a alcanzar su m\u00e1ximo potencial. Los l\u00edderes no solo tienen <a href=\"https:\/\/imecaf.com\/592\"><strong>habilidades de gesti\u00f3n<\/strong><\/a>, sino que tambi\u00e9n tienen la capacidad de influir en otros de manera positiva. Se preocupan por el bienestar de su equipo, los gu\u00edan en el camino hacia el \u00e9xito y fomentan un ambiente de confianza y colaboraci\u00f3n.<\/p>\n\n\n\n<h2 class=\"wp-block-heading\">Diferencias entre un Jefe y un L\u00edder: \u00bfCu\u00e1l es tu Rol?<\/h2>\n\n\n\n<p>La principal diferencia entre un jefe y un l\u00edder radica en su enfoque hacia las personas. Mientras que un jefe tiende a ejercer control y autoridad, un l\u00edder se enfoca en empoderar y desarrollar a su equipo. Los l\u00edderes entienden que el \u00e9xito de la organizaci\u00f3n depende en gran medida del \u00e9xito y la satisfacci\u00f3n de sus empleados.<\/p>\n\n\n\n<p>Adem\u00e1s, los l\u00edderes suelen tener <a href=\"https:\/\/imecaf.com\/513\"><strong>habilidades de comunicaci\u00f3n<\/strong><\/a> excepcionales y son capaces de inspirar a otros con su visi\u00f3n y pasi\u00f3n. Fomentan un sentido de prop\u00f3sito y pertenencia entre los miembros del equipo, lo que aumenta la motivaci\u00f3n y el compromiso.<\/p>\n\n\n\n<figure class=\"wp-block-embed is-type-video is-provider-youtube wp-block-embed-youtube wp-embed-aspect-16-9 wp-has-aspect-ratio\"><div class=\"wp-block-embed__wrapper\">\n<iframe loading=\"lazy\" title=\"Diferencias entre un Jefe y un L\u00edder\" width=\"1200\" height=\"675\" src=\"https:\/\/www.youtube.com\/embed\/XIpUVkD-k1Y?feature=oembed\" frameborder=\"0\" allow=\"accelerometer; autoplay; clipboard-write; encrypted-media; gyroscope; picture-in-picture; web-share\" referrerpolicy=\"strict-origin-when-cross-origin\" allowfullscreen><\/iframe>\n<\/div><figcaption class=\"wp-element-caption\">Principales diferencias entre un Jefe y un L\u00edder<\/figcaption><\/figure>\n\n\n\n<p>Vamos a explorar las diferencias clave entre un jefe y un l\u00edder, y c\u00f3mo cada uno impacta en la din\u00e1mica del lugar de trabajo.<\/p>\n\n\n\n<h2 class=\"wp-block-heading\">Autoridad o Influencia<\/h2>\n\n\n\n<h3 class=\"wp-block-heading\">Jefe<\/h3>\n\n\n<div class=\"wp-block-image\">\n<figure class=\"alignleft size-full is-resized\"><img loading=\"lazy\" decoding=\"async\" width=\"1000\" height=\"667\" src=\"http:\/\/imecaf.com\/blog\/wp-content\/uploads\/Autoridad.jpg\" alt=\"Autoridad Jefe vs L\u00edder\" class=\"wp-image-14684\" style=\"width:351px;height:auto\" srcset=\"https:\/\/imecaf.com\/blog\/wp-content\/uploads\/Autoridad.jpg 1000w, https:\/\/imecaf.com\/blog\/wp-content\/uploads\/Autoridad-300x200.jpg 300w, https:\/\/imecaf.com\/blog\/wp-content\/uploads\/Autoridad-768x512.jpg 768w\" sizes=\"auto, (max-width: 1000px) 100vw, 1000px\" \/><\/figure>\n<\/div>\n\n\n<p>Los jefes suelen basar su autoridad en su posici\u00f3n dentro de la jerarqu\u00eda organizacional. Esta autoridad se deriva del t\u00edtulo, la posici\u00f3n o el cargo que ocupan en la empresa. Los subordinados siguen las directrices del jefe principalmente por obligaci\u00f3n y respeto a la estructura de autoridad establecida en la organizaci\u00f3n.<\/p>\n\n\n\n<p>La influencia del jefe puede ser limitada a las decisiones y acciones que est\u00e1n dentro de su \u00e1rea de responsabilidad y autoridad formal, y los empleados pueden sentirse menos motivados a seguir al jefe si no se sienten inspirados o comprometidos con su liderazgo.<\/p>\n\n\n\n<h3 class=\"wp-block-heading\">L\u00edder<\/h3>\n\n\n<div class=\"wp-block-image\">\n<figure class=\"alignright size-full is-resized\"><img loading=\"lazy\" decoding=\"async\" width=\"1000\" height=\"667\" src=\"http:\/\/imecaf.com\/blog\/wp-content\/uploads\/Influencia.jpg\" alt=\"Influencia Jefe vs L\u00edder\" class=\"wp-image-14685\" style=\"width:349px;height:auto\" srcset=\"https:\/\/imecaf.com\/blog\/wp-content\/uploads\/Influencia.jpg 1000w, https:\/\/imecaf.com\/blog\/wp-content\/uploads\/Influencia-300x200.jpg 300w, https:\/\/imecaf.com\/blog\/wp-content\/uploads\/Influencia-768x512.jpg 768w\" sizes=\"auto, (max-width: 1000px) 100vw, 1000px\" \/><\/figure>\n<\/div>\n\n\n<p>Por otro lado, la influencia del l\u00edder no se limita simplemente a su posici\u00f3n jer\u00e1rquica, sino que se deriva de su capacidad para inspirar, motivar y guiar a otros. Los l\u00edderes ejercen influencia sobre su equipo mediante el carisma, las <a href=\"https:\/\/imecaf.com\/513\"><strong>habilidades de comunicaci\u00f3n<\/strong><\/a> y su capacidad para conectar emocionalmente con los dem\u00e1s. Inspirados por el ejemplo del l\u00edder, los seguidores se comprometen voluntariamente a seguir su visi\u00f3n y trabajar hacia metas compartidas.<\/p>\n\n\n\n<p>La influencia del l\u00edder puede extenderse m\u00e1s all\u00e1 de los l\u00edmites formales de la organizaci\u00f3n y puede ser m\u00e1s duradera y significativa, ya que est\u00e1 arraigada en la confianza y el respeto mutuo entre el l\u00edder y su equipo.<\/p>\n\n\n\n<h2 class=\"wp-block-heading\">Enfoque en la Tarea o en las Personas<\/h2>\n\n\n\n<h3 class=\"wp-block-heading\">Jefe<\/h3>\n\n\n<div class=\"wp-block-image\">\n<figure class=\"alignleft size-full is-resized\"><img loading=\"lazy\" decoding=\"async\" width=\"1000\" height=\"665\" src=\"http:\/\/imecaf.com\/blog\/wp-content\/uploads\/Enfoque_en_la_tarea.jpg\" alt=\"Enfoque en la Tarea Jefe vs L\u00edder\" class=\"wp-image-14686\" style=\"width:341px;height:auto\" srcset=\"https:\/\/imecaf.com\/blog\/wp-content\/uploads\/Enfoque_en_la_tarea.jpg 1000w, https:\/\/imecaf.com\/blog\/wp-content\/uploads\/Enfoque_en_la_tarea-300x200.jpg 300w, https:\/\/imecaf.com\/blog\/wp-content\/uploads\/Enfoque_en_la_tarea-768x511.jpg 768w\" sizes=\"auto, (max-width: 1000px) 100vw, 1000px\" \/><\/figure>\n<\/div>\n\n\n<p>Los jefes tienden a centrarse principalmente en el cumplimiento de las tareas y los objetivos establecidos por la empresa. Su principal preocupaci\u00f3n es asegurarse de que se cumplan los plazos, se alcancen los objetivos y se obtengan resultados tangibles.<\/p>\n\n\n\n<p>Pueden adoptar un enfoque m\u00e1s autoritario y orientado hacia los resultados, viendo a los empleados como recursos para lograr las metas de la empresa. Esto puede llevarlos a descuidar las necesidades individuales y el bienestar emocional de los empleados, lo que puede resultar en un ambiente de trabajo tenso o poco motivador.<\/p>\n\n\n\n<h3 class=\"wp-block-heading\">L\u00edder<\/h3>\n\n\n<div class=\"wp-block-image\">\n<figure class=\"alignright size-full is-resized\"><img loading=\"lazy\" decoding=\"async\" width=\"1000\" height=\"665\" src=\"http:\/\/imecaf.com\/blog\/wp-content\/uploads\/Enfoque_en_las_personas.jpg\" alt=\"Enfoque en las Personas Jefe vs L\u00edder\" class=\"wp-image-14687\" style=\"width:351px;height:auto\" srcset=\"https:\/\/imecaf.com\/blog\/wp-content\/uploads\/Enfoque_en_las_personas.jpg 1000w, https:\/\/imecaf.com\/blog\/wp-content\/uploads\/Enfoque_en_las_personas-300x200.jpg 300w, https:\/\/imecaf.com\/blog\/wp-content\/uploads\/Enfoque_en_las_personas-768x511.jpg 768w\" sizes=\"auto, (max-width: 1000px) 100vw, 1000px\" \/><\/figure>\n<\/div>\n\n\n<p>Por otro lado, los l\u00edderes reconocen que el \u00e9xito organizacional est\u00e1 estrechamente relacionado con el bienestar y la <strong><a href=\"https:\/\/imecaf.com\/509\">motivaci\u00f3n<\/a> <\/strong>de las personas que conforman el equipo. Si bien valoran la importancia de cumplir con las tareas y los objetivos, comprenden que el logro de estos resultados depende en gran medida de tener un equipo motivado y comprometido.<\/p>\n\n\n\n<p>Por lo tanto, los l\u00edderes adoptan un enfoque m\u00e1s equilibrado que valora tanto las tareas como a las personas. Se preocupan por construir relaciones s\u00f3lidas con los miembros del equipo, comprendiendo sus necesidades, preocupaciones y aspiraciones individuales. Esto les permite crear un <a href=\"https:\/\/imecaf.com\/117\"><strong>ambiente de trabajo positivo<\/strong><\/a> donde los empleados se sientan valorados, apoyados y motivados para dar lo mejor de s\u00ed mismos.<\/p>\n\n\n\n<h2 class=\"wp-block-heading\">Control o Empoderamiento<\/h2>\n\n\n\n<h3 class=\"wp-block-heading\">Jefe<\/h3>\n\n\n<div class=\"wp-block-image\">\n<figure class=\"alignleft size-full is-resized\"><img loading=\"lazy\" decoding=\"async\" width=\"1000\" height=\"665\" src=\"http:\/\/imecaf.com\/blog\/wp-content\/uploads\/Control.jpg\" alt=\"Control Jefe vs L\u00edder\" class=\"wp-image-14688\" style=\"width:322px;height:auto\" srcset=\"https:\/\/imecaf.com\/blog\/wp-content\/uploads\/Control.jpg 1000w, https:\/\/imecaf.com\/blog\/wp-content\/uploads\/Control-300x200.jpg 300w, https:\/\/imecaf.com\/blog\/wp-content\/uploads\/Control-768x511.jpg 768w\" sizes=\"auto, (max-width: 1000px) 100vw, 1000px\" \/><\/figure>\n<\/div>\n\n\n<p>Los jefes tienden a ejercer un control directo sobre las actividades y decisiones de los empleados. Se sienten m\u00e1s c\u00f3modos supervisando de cerca el trabajo de su equipo y tomando decisiones unilaterales sin consultar con los miembros del equipo. Pueden adoptar un enfoque m\u00e1s autoritario, donde las \u00f3rdenes y directrices provienen principalmente de ellos.<\/p>\n\n\n\n<p>Esto puede llevar a una falta de autonom\u00eda y motivaci\u00f3n entre los empleados, ya que pueden sentirse limitados en su capacidad para tomar decisiones y ejercer su creatividad en el trabajo. Adem\u00e1s, la <strong><a href=\"https:\/\/imecaf.com\/38\">supervisi\u00f3n<\/a> <\/strong>constante puede crear un ambiente de desconfianza y tensi\u00f3n en el equipo, lo que puede afectar negativamente la moral y el rendimiento general.<\/p>\n\n\n\n<h3 class=\"wp-block-heading\">L\u00edder<\/h3>\n\n\n<div class=\"wp-block-image\">\n<figure class=\"alignright size-full is-resized\"><img loading=\"lazy\" decoding=\"async\" width=\"1000\" height=\"665\" src=\"http:\/\/imecaf.com\/blog\/wp-content\/uploads\/Empoderamiento.jpg\" alt=\"Empoderamiento Jefe vs L\u00edder\" class=\"wp-image-14689\" style=\"width:355px;height:auto\" srcset=\"https:\/\/imecaf.com\/blog\/wp-content\/uploads\/Empoderamiento.jpg 1000w, https:\/\/imecaf.com\/blog\/wp-content\/uploads\/Empoderamiento-300x200.jpg 300w, https:\/\/imecaf.com\/blog\/wp-content\/uploads\/Empoderamiento-768x511.jpg 768w\" sizes=\"auto, (max-width: 1000px) 100vw, 1000px\" \/><\/figure>\n<\/div>\n\n\n<p>Por otro lado, los l\u00edderes fomentan el empoderamiento al delegar responsabilidades y autoridad a los miembros del equipo. Reconocen que los empleados son capaces y competentes para <a href=\"https:\/\/imecaf.com\/41\"><strong>tomar decisiones<\/strong><\/a> y asumir la responsabilidad de sus acciones. Por lo tanto, los l\u00edderes conf\u00edan en sus empleados y les otorgan la libertad y autonom\u00eda necesarias para tomar decisiones aut\u00f3nomas en sus \u00e1reas de expertise.<\/p>\n\n\n\n<p>Esto no solo promueve un sentido de responsabilidad y propiedad entre los empleados, sino que tambi\u00e9n estimula la <a href=\"https:\/\/imecaf.com\/514\"><strong>creatividad<\/strong><\/a>, la innovaci\u00f3n y la colaboraci\u00f3n en el equipo. Adem\u00e1s, al delegar responsabilidades, los l\u00edderes pueden concentrarse en tareas m\u00e1s estrat\u00e9gicas y de alto nivel, lo que les permite liderar de manera m\u00e1s efectiva y proporcionar un mejor apoyo y orientaci\u00f3n a su equipo.<\/p>\n\n\n\n<h2 class=\"wp-block-heading\">Exige ser Seguido o Se Gana Seguidores<\/h2>\n\n\n\n<h3 class=\"wp-block-heading\">Jefe<\/h3>\n\n\n<div class=\"wp-block-image\">\n<figure class=\"alignleft size-full is-resized\"><img loading=\"lazy\" decoding=\"async\" width=\"1000\" height=\"665\" src=\"http:\/\/imecaf.com\/blog\/wp-content\/uploads\/Exige-ser-seguido.jpg\" alt=\"Exige ser seguido\" class=\"wp-image-14690\" style=\"width:323px;height:auto\" srcset=\"https:\/\/imecaf.com\/blog\/wp-content\/uploads\/Exige-ser-seguido.jpg 1000w, https:\/\/imecaf.com\/blog\/wp-content\/uploads\/Exige-ser-seguido-300x200.jpg 300w, https:\/\/imecaf.com\/blog\/wp-content\/uploads\/Exige-ser-seguido-768x511.jpg 768w\" sizes=\"auto, (max-width: 1000px) 100vw, 1000px\" \/><\/figure>\n<\/div>\n\n\n<p>Los jefes esperan ser obedecidos simplemente debido a su posici\u00f3n de autoridad dentro de la empresa. Conf\u00edan en su t\u00edtulo o cargo para exigir cumplimiento y obediencia por parte de los empleados. Pueden recurrir a la autoridad formal y al poder de la jerarqu\u00eda para garantizar que las \u00f3rdenes sean seguidas, incluso si esto significa imponer decisiones que no son necesariamente populares o bien recibidas por el equipo.<\/p>\n\n\n\n<p>Sin embargo, este enfoque puede generar resentimiento o falta de compromiso entre los empleados, ya que pueden sentirse obligados a seguir al jefe por temor a las consecuencias en lugar de sentirse inspirados o motivados por su liderazgo.<\/p>\n\n\n\n<h3 class=\"wp-block-heading\">L\u00edder<\/h3>\n\n\n<div class=\"wp-block-image\">\n<figure class=\"alignright size-full is-resized\"><img loading=\"lazy\" decoding=\"async\" width=\"1000\" height=\"665\" src=\"http:\/\/imecaf.com\/blog\/wp-content\/uploads\/Ganar-seguidores.jpg\" alt=\"Ganar seguidores\" class=\"wp-image-14691\" style=\"width:350px;height:auto\" srcset=\"https:\/\/imecaf.com\/blog\/wp-content\/uploads\/Ganar-seguidores.jpg 1000w, https:\/\/imecaf.com\/blog\/wp-content\/uploads\/Ganar-seguidores-300x200.jpg 300w, https:\/\/imecaf.com\/blog\/wp-content\/uploads\/Ganar-seguidores-768x511.jpg 768w\" sizes=\"auto, (max-width: 1000px) 100vw, 1000px\" \/><\/figure>\n<\/div>\n\n\n<p>Por otro lado, los l\u00edderes no dan por sentado su posici\u00f3n de liderazgo, sino que trabajan activamente para ganarse el respeto, la confianza y la lealtad de su equipo. Entienden que el <a href=\"https:\/\/imecaf.com\/42\"><strong>liderazgo efectivo<\/strong><\/a> va m\u00e1s all\u00e1 de simplemente tener un t\u00edtulo o cargo, y que se gana a trav\u00e9s de acciones y comportamientos consistentes con los valores y principios del liderazgo.<\/p>\n\n\n\n<p>Los l\u00edderes se ganan a sus seguidores mostrando dedicaci\u00f3n al bienestar del equipo, escuchando activamente sus preocupaciones y necesidades, y demostrando una genuina preocupaci\u00f3n por su crecimiento y desarrollo. Construyen relaciones s\u00f3lidas basadas en la confianza, el respeto y la integridad, lo que les permite liderar con eficacia y obtener el apoyo y la cooperaci\u00f3n de su equipo.<\/p>\n\n\n\n<h2 class=\"wp-block-heading\">Enfoque en el Corto Plazo o en el Largo Plazo<\/h2>\n\n\n\n<h3 class=\"wp-block-heading\">Jefe<\/h3>\n\n\n<div class=\"wp-block-image\">\n<figure class=\"alignleft size-full is-resized\"><img loading=\"lazy\" decoding=\"async\" width=\"1000\" height=\"665\" src=\"http:\/\/imecaf.com\/blog\/wp-content\/uploads\/Enfoque-corto-plazo.jpg\" alt=\"Enfoque en el Corto Plazo\" class=\"wp-image-14692\" style=\"width:322px;height:auto\" srcset=\"https:\/\/imecaf.com\/blog\/wp-content\/uploads\/Enfoque-corto-plazo.jpg 1000w, https:\/\/imecaf.com\/blog\/wp-content\/uploads\/Enfoque-corto-plazo-300x200.jpg 300w, https:\/\/imecaf.com\/blog\/wp-content\/uploads\/Enfoque-corto-plazo-768x511.jpg 768w\" sizes=\"auto, (max-width: 1000px) 100vw, 1000px\" \/><\/figure>\n<\/div>\n\n\n<p>Los jefes suelen estar m\u00e1s preocupados por alcanzar resultados a corto plazo que por planificar estrat\u00e9gicamente el futuro a largo plazo de la empresa. Est\u00e1n orientados hacia metas inmediatas, como cumplir con cuotas de ventas trimestrales o alcanzar objetivos financieros a corto plazo.<\/p>\n\n\n\n<p>Pueden adoptar un enfoque m\u00e1s reactivo, centrado en <a href=\"https:\/\/imecaf.com\/527\"><strong>resolver problemas<\/strong><\/a> inmediatos y hacer frente a las demandas del d\u00eda a d\u00eda, sin considerar necesariamente c\u00f3mo estas acciones afectar\u00e1n el crecimiento y la sostenibilidad a largo plazo de la organizaci\u00f3n. Esto puede llevar a decisiones a corto plazo que sacrifican el potencial a futuro en aras de resultados inmediatos, lo que puede ser perjudicial para la empresa a largo plazo.<\/p>\n\n\n\n<h3 class=\"wp-block-heading\">L\u00edder<\/h3>\n\n\n<div class=\"wp-block-image\">\n<figure class=\"alignright size-full is-resized\"><img loading=\"lazy\" decoding=\"async\" width=\"1000\" height=\"665\" src=\"http:\/\/imecaf.com\/blog\/wp-content\/uploads\/Vision-a-largo-plazo.jpg\" alt=\"Visi\u00f3n a Largo Plazo\" class=\"wp-image-14702\" style=\"width:351px;height:auto\" srcset=\"https:\/\/imecaf.com\/blog\/wp-content\/uploads\/Vision-a-largo-plazo.jpg 1000w, https:\/\/imecaf.com\/blog\/wp-content\/uploads\/Vision-a-largo-plazo-300x200.jpg 300w, https:\/\/imecaf.com\/blog\/wp-content\/uploads\/Vision-a-largo-plazo-768x511.jpg 768w\" sizes=\"auto, (max-width: 1000px) 100vw, 1000px\" \/><\/figure>\n<\/div>\n\n\n<p>Por el contrario, los l\u00edderes adoptan una perspectiva a largo plazo y est\u00e1n comprometidos con el desarrollo continuo del equipo y la organizaci\u00f3n. Reconocen la importancia de la <a href=\"https:\/\/imecaf.com\/69\"><strong>planificaci\u00f3n estrat\u00e9gica<\/strong><\/a> y el establecimiento de objetivos a largo plazo que gu\u00eden las acciones y decisiones a corto plazo. Los l\u00edderes invierten tiempo y recursos en el desarrollo del talento dentro de su equipo, identificando oportunidades de crecimiento y promoviendo un ambiente de aprendizaje continuo.<\/p>\n\n\n\n<p>Adem\u00e1s, consideran c\u00f3mo las decisiones y acciones actuales impactar\u00e1n en el futuro de la empresa, priorizando la sostenibilidad y el crecimiento a largo plazo sobre los beneficios inmediatos. Esto puede implicar tomar decisiones dif\u00edciles en el corto plazo que beneficien a la empresa a largo plazo, como invertir en investigaci\u00f3n y desarrollo, mejorar la infraestructura o desarrollar estrategias de expansi\u00f3n a largo plazo. <\/p>\n\n\n\n<p>Adicionalmente, promueven la innovaci\u00f3n y el aprendizaje continuo dentro de la organizaci\u00f3n, fomentando un ambiente donde se valora el cambio y se busca constantemente mejorar y evolucionar.<\/p>\n\n\n\n<h2 class=\"wp-block-heading\">Estilo de Direcci\u00f3n<\/h2>\n\n\n\n<h3 class=\"wp-block-heading\">Jefe<\/h3>\n\n\n<div class=\"wp-block-image\">\n<figure class=\"alignleft size-full is-resized\"><img loading=\"lazy\" decoding=\"async\" width=\"1000\" height=\"665\" src=\"http:\/\/imecaf.com\/blog\/wp-content\/uploads\/Direccion.jpg\" alt=\"Direcci\u00f3n\" class=\"wp-image-14695\" style=\"width:317px;height:auto\" srcset=\"https:\/\/imecaf.com\/blog\/wp-content\/uploads\/Direccion.jpg 1000w, https:\/\/imecaf.com\/blog\/wp-content\/uploads\/Direccion-300x200.jpg 300w, https:\/\/imecaf.com\/blog\/wp-content\/uploads\/Direccion-768x511.jpg 768w\" sizes=\"auto, (max-width: 1000px) 100vw, 1000px\" \/><\/figure>\n<\/div>\n\n\n<p>Los jefes suelen adoptar un enfoque m\u00e1s tradicional de liderazgo, donde la toma de decisiones y la direcci\u00f3n provienen principalmente de arriba hacia abajo. Emiten \u00f3rdenes y directrices que esperan que sean seguidas sin cuestionamiento por parte de los empleados. Este estilo de direcci\u00f3n puede ser m\u00e1s autoritario y centrado en el jefe, donde las decisiones se toman unilateralmente y hay poca participaci\u00f3n o contribuci\u00f3n por parte de los empleados.<\/p>\n\n\n\n<p>Los jefes pueden ser vistos como figuras de autoridad que esperan obediencia y cumplimiento de las instrucciones establecidas, sin necesariamente involucrar a los empleados en la selecci\u00f3n de las opciones m\u00e1s convenientes a seguir o tener en cuenta sus opiniones y aportes.<\/p>\n\n\n\n<h3 class=\"wp-block-heading\">L\u00edder<\/h3>\n\n\n<div class=\"wp-block-image\">\n<figure class=\"alignright size-full is-resized\"><img loading=\"lazy\" decoding=\"async\" width=\"1000\" height=\"665\" src=\"http:\/\/imecaf.com\/blog\/wp-content\/uploads\/Colaboracion.jpg\" alt=\"Colaboraci\u00f3n\" class=\"wp-image-14696\" style=\"width:359px;height:auto\" srcset=\"https:\/\/imecaf.com\/blog\/wp-content\/uploads\/Colaboracion.jpg 1000w, https:\/\/imecaf.com\/blog\/wp-content\/uploads\/Colaboracion-300x200.jpg 300w, https:\/\/imecaf.com\/blog\/wp-content\/uploads\/Colaboracion-768x511.jpg 768w\" sizes=\"auto, (max-width: 1000px) 100vw, 1000px\" \/><\/figure>\n<\/div>\n\n\n<p>Por otro lado, los l\u00edderes adoptan un enfoque m\u00e1s participativo y colaborativo en su estilo de direcci\u00f3n. Inspirar al equipo, fomentar la colaboraci\u00f3n y empoderar a los empleados para tomar decisiones compartidas son elementos clave de su liderazgo. Los l\u00edderes valoran las contribuciones individuales de los miembros del equipo y alimentan un ambiente donde se alienta la participaci\u00f3n y la elecci\u00f3n conjunta de acciones a ejecutar. Promueven la comunicaci\u00f3n abierta y la retroalimentaci\u00f3n constructiva, lo que permite que las ideas y opiniones de los empleados sean escuchadas y tenidas en cuenta en los procesos estrat\u00e9gicos.<\/p>\n\n\n\n<p>Este enfoque no solo promueve un sentido de propiedad y compromiso entre los empleados, sino que tambi\u00e9n facilita la innovaci\u00f3n, la <a href=\"https:\/\/imecaf.com\/514\"><strong>creatividad<\/strong> <\/a>y el <a href=\"https:\/\/imecaf.com\/179\"><strong>trabajo en equipo<\/strong><\/a> efectivo. Los l\u00edderes sirven como gu\u00edas y facilitadores, inspirando al equipo a alcanzar su m\u00e1ximo potencial y lograr resultados excepcionales juntos.<\/p>\n\n\n\n<h2 class=\"wp-block-heading\"><a href=\"https:\/\/imecaf.com\/509\">Motivaci\u00f3n<\/a><\/h2>\n\n\n\n<h3 class=\"wp-block-heading\">Jefe<\/h3>\n\n\n<div class=\"wp-block-image\">\n<figure class=\"alignleft size-full is-resized\"><img loading=\"lazy\" decoding=\"async\" width=\"1000\" height=\"665\" src=\"http:\/\/imecaf.com\/blog\/wp-content\/uploads\/Castigo.jpg\" alt=\"Castigo Jefe vs L\u00edder\" class=\"wp-image-14697\" style=\"width:358px;height:auto\" srcset=\"https:\/\/imecaf.com\/blog\/wp-content\/uploads\/Castigo.jpg 1000w, https:\/\/imecaf.com\/blog\/wp-content\/uploads\/Castigo-300x200.jpg 300w, https:\/\/imecaf.com\/blog\/wp-content\/uploads\/Castigo-768x511.jpg 768w\" sizes=\"auto, (max-width: 1000px) 100vw, 1000px\" \/><\/figure>\n<\/div>\n\n\n<p>Los jefes suelen recurrir a m\u00e9todos de motivaci\u00f3n basados en el miedo o la autoridad. Utilizan recompensas y castigos como herramientas para controlar el comportamiento de los empleados y alcanzar los objetivos organizacionales. Por ejemplo, pueden ofrecer incentivos financieros o promociones como recompensa por el rendimiento excepcional, mientras que al mismo tiempo amenazan con sanciones o consecuencias negativas en caso de incumplimiento de los objetivos.<\/p>\n\n\n\n<p>Este enfoque puede generar un <a href=\"https:\/\/imecaf.com\/607\"><strong>clima laboral tenso y competitivo<\/strong><\/a>, donde los empleados est\u00e1n motivados principalmente por el temor a las repercusiones negativas en lugar de por un genuino compromiso con los objetivos de la empresa.<\/p>\n\n\n\n<h3 class=\"wp-block-heading\">L\u00edder<\/h3>\n\n\n<div class=\"wp-block-image\">\n<figure class=\"alignright size-full is-resized\"><img loading=\"lazy\" decoding=\"async\" width=\"1000\" height=\"665\" src=\"http:\/\/imecaf.com\/blog\/wp-content\/uploads\/Motivacion.jpg\" alt=\"Motivaci\u00f3n Jefe vs. L\u00edder\" class=\"wp-image-14698\" style=\"width:362px;height:auto\" srcset=\"https:\/\/imecaf.com\/blog\/wp-content\/uploads\/Motivacion.jpg 1000w, https:\/\/imecaf.com\/blog\/wp-content\/uploads\/Motivacion-300x200.jpg 300w, https:\/\/imecaf.com\/blog\/wp-content\/uploads\/Motivacion-768x511.jpg 768w\" sizes=\"auto, (max-width: 1000px) 100vw, 1000px\" \/><\/figure>\n<\/div>\n\n\n<p>Por otro lado, los l\u00edderes adoptan un enfoque m\u00e1s humano y motivador en su estilo de liderazgo. Se esfuerzan por conectar con los valores y metas del equipo, inspirando a los empleados a trav\u00e9s de su propio ejemplo y dedicaci\u00f3n al trabajo. Los l\u00edderes comparten una visi\u00f3n inspiradora que resuena con los valores y aspiraciones de los miembros del equipo, fomentando un sentido de prop\u00f3sito compartido y pertenencia a algo m\u00e1s grande que ellos mismos.<\/p>\n\n\n\n<p>Adem\u00e1s, reconocen y celebran los logros individuales y colectivos, proporcionando retroalimentaci\u00f3n positiva y apoyo emocional para fomentar la <a href=\"https:\/\/imecaf.com\/115\"><strong>autoestima<\/strong><\/a> y la confianza en los empleados. Este enfoque de motivaci\u00f3n intr\u00ednseca no solo promueve un mayor compromiso y satisfacci\u00f3n en el trabajo, sino que tambi\u00e9n fomenta un ambiente de colaboraci\u00f3n, creatividad y bienestar emocional en el equipo.<\/p>\n\n\n\n<h2 class=\"wp-block-heading\">Enfoque en las Personas<\/h2>\n\n\n\n<h3 class=\"wp-block-heading\">Jefe<\/h3>\n\n\n<div class=\"wp-block-image\">\n<figure class=\"alignleft size-full is-resized\"><img loading=\"lazy\" decoding=\"async\" width=\"1000\" height=\"665\" src=\"http:\/\/imecaf.com\/blog\/wp-content\/uploads\/Enfoque-en-resultados.jpg\" alt=\"Enfoque en Resultados Jefe vs L\u00edder\" class=\"wp-image-14699\" style=\"width:345px;height:auto\" srcset=\"https:\/\/imecaf.com\/blog\/wp-content\/uploads\/Enfoque-en-resultados.jpg 1000w, https:\/\/imecaf.com\/blog\/wp-content\/uploads\/Enfoque-en-resultados-300x200.jpg 300w, https:\/\/imecaf.com\/blog\/wp-content\/uploads\/Enfoque-en-resultados-768x511.jpg 768w\" sizes=\"auto, (max-width: 1000px) 100vw, 1000px\" \/><\/figure>\n<\/div>\n\n\n<p>Los jefes suelen estar m\u00e1s preocupados por los resultados tangibles y las metas organizacionales que por las necesidades individuales de sus empleados. Su principal objetivo es garantizar que se cumplan los plazos, se alcancen los objetivos y se maximicen los beneficios para la empresa. Como resultado, pueden adoptar un enfoque m\u00e1s centrado en las tareas y menos en las personas, viendo a los empleados como recursos para alcanzar los objetivos empresariales.<\/p>\n\n\n\n<p>Esto puede llevarlos a pasar por alto las preocupaciones y necesidades individuales de los empleados, lo que puede afectar negativamente la moral, la motivaci\u00f3n y el compromiso en el lugar de trabajo. Adem\u00e1s, este enfoque puede generar un ambiente de trabajo estresante y poco colaborativo, donde los empleados se sienten desvinculados y desatendidos.<\/p>\n\n\n\n<h3 class=\"wp-block-heading\">L\u00edder<\/h3>\n\n\n<div class=\"wp-block-image\">\n<figure class=\"alignright size-full is-resized\"><img loading=\"lazy\" decoding=\"async\" width=\"1000\" height=\"665\" src=\"http:\/\/imecaf.com\/blog\/wp-content\/uploads\/Enfoque-en-las.personas.jpg\" alt=\"Enfoque en las Personas Jefe vs L\u00edder\" class=\"wp-image-14700\" style=\"width:354px;height:auto\" srcset=\"https:\/\/imecaf.com\/blog\/wp-content\/uploads\/Enfoque-en-las.personas.jpg 1000w, https:\/\/imecaf.com\/blog\/wp-content\/uploads\/Enfoque-en-las.personas-300x200.jpg 300w, https:\/\/imecaf.com\/blog\/wp-content\/uploads\/Enfoque-en-las.personas-768x511.jpg 768w\" sizes=\"auto, (max-width: 1000px) 100vw, 1000px\" \/><\/figure>\n<\/div>\n\n\n<p>Por otro lado, los l\u00edderes reconocen que el \u00e9xito organizacional est\u00e1 intr\u00ednsecamente ligado al bienestar y al desarrollo personal y profesional de los empleados. Se esfuerzan por crear un ambiente de trabajo positivo y colaborativo donde cada miembro del equipo se sienta valorado, respetado y apoyado. Los l\u00edderes muestran inter\u00e9s genuino en las preocupaciones y necesidades de sus empleados, ofreciendo orientaci\u00f3n, retroalimentaci\u00f3n y apoyo emocional cuando sea necesario.<\/p>\n\n\n\n<p>Adem\u00e1s, fomentan un ambiente inclusivo donde se promueve la diversidad, se valoran las opiniones diversas y se fomenta la colaboraci\u00f3n y el trabajo en equipo. Los l\u00edderes comprenden que el desarrollo y el bienestar de los empleados no solo conducen a un mayor compromiso y productividad, sino que tambi\u00e9n fortalecen la <a href=\"https:\/\/imecaf.com\/310\"><strong>cultura organizacional<\/strong><\/a> y contribuyen al \u00e9xito a largo plazo de la empresa.<\/p>\n\n\n\n<h2 class=\"wp-block-heading\"><a href=\"https:\/\/imecaf.com\/9\">Trabajo en Equipo<\/a><\/h2>\n\n\n\n<h3 class=\"wp-block-heading\">Jefe<\/h3>\n\n\n<div class=\"wp-block-image\">\n<figure class=\"alignleft size-full is-resized\"><img loading=\"lazy\" decoding=\"async\" width=\"1000\" height=\"665\" src=\"http:\/\/imecaf.com\/blog\/wp-content\/uploads\/trabajo-individual.jpg\" alt=\"Trabajo Individual Jefe vs L\u00edder\" class=\"wp-image-14703\" style=\"width:332px;height:auto\" srcset=\"https:\/\/imecaf.com\/blog\/wp-content\/uploads\/trabajo-individual.jpg 1000w, https:\/\/imecaf.com\/blog\/wp-content\/uploads\/trabajo-individual-300x200.jpg 300w, https:\/\/imecaf.com\/blog\/wp-content\/uploads\/trabajo-individual-768x511.jpg 768w\" sizes=\"auto, (max-width: 1000px) 100vw, 1000px\" \/><\/figure>\n<\/div>\n\n\n<p>Los jefes pueden ver al equipo como una herramienta para lograr objetivos espec\u00edficos de manera eficiente. Ven a los empleados como recursos a ser utilizados para maximizar la productividad y alcanzar los resultados deseados. Sin embargo, pueden descuidar la importancia de fomentar la colaboraci\u00f3n y el trabajo en equipo.<\/p>\n\n\n\n<p>En lugar de promover un ambiente donde se valore la cooperaci\u00f3n y se reconozca la contribuci\u00f3n de cada miembro del equipo, los jefes pueden enfocarse m\u00e1s en asignar tareas individualmente y esperar resultados sin necesariamente fomentar la interacci\u00f3n entre ellos. Esto puede resultar en un ambiente de trabajo donde los empleados compiten entre s\u00ed en lugar de colaborar, lo que puede afectar negativamente la moral y la cohesi\u00f3n del equipo.<\/p>\n\n\n\n<h3 class=\"wp-block-heading\">L\u00edder<\/h3>\n\n\n<div class=\"wp-block-image\">\n<figure class=\"alignright size-full is-resized\"><img loading=\"lazy\" decoding=\"async\" width=\"1000\" height=\"665\" src=\"http:\/\/imecaf.com\/blog\/wp-content\/uploads\/Trabajo-en-equipo.jpg\" alt=\"Trabajo en Equipo Jefe vs L\u00edder\" class=\"wp-image-14704\" style=\"width:363px;height:auto\" srcset=\"https:\/\/imecaf.com\/blog\/wp-content\/uploads\/Trabajo-en-equipo.jpg 1000w, https:\/\/imecaf.com\/blog\/wp-content\/uploads\/Trabajo-en-equipo-300x200.jpg 300w, https:\/\/imecaf.com\/blog\/wp-content\/uploads\/Trabajo-en-equipo-768x511.jpg 768w\" sizes=\"auto, (max-width: 1000px) 100vw, 1000px\" \/><\/figure>\n<\/div>\n\n\n<p>Por otro lado, los l\u00edderes reconocen que el \u00e9xito organizacional depende en gran medida del trabajo en equipo y la colaboraci\u00f3n entre todos los miembros del equipo. Valoran y fomentan un ambiente donde se promueva la comunicaci\u00f3n abierta, el intercambio de ideas y la cooperaci\u00f3n para alcanzar objetivos comunes. Los l\u00edderes inspiran y motivan a los empleados a trabajar juntos hacia una visi\u00f3n compartida, reconociendo y celebrando los logros colectivos.<\/p>\n\n\n\n<p>Fomentan un ambiente inclusivo donde se respeten las opiniones y habilidades de cada miembro del equipo, y se aliente a todos a contribuir con sus fortalezas \u00fanicas. Adem\u00e1s, los l\u00edderes pueden facilitar la formaci\u00f3n de equipos multifuncionales o proyectos colaborativos que fomenten la diversidad de pensamiento y la innovaci\u00f3n. En \u00faltima instancia, los l\u00edderes comprenden que el trabajo en equipo no solo mejora la productividad y la eficiencia, sino que tambi\u00e9n fortalece la cultura organizacional y promueve un sentido de pertenencia y satisfacci\u00f3n entre los empleados.<\/p>\n\n\n\n<h2 class=\"wp-block-heading\">Del Jefe al L\u00edder: C\u00f3mo Transformar tu Estilo de Gesti\u00f3n<\/h2>\n\n\n\n<p>En el mundo empresarial, la diferencia entre ser un jefe y ser un l\u00edder puede marcar la pauta entre el \u00e9xito y el estancamiento. \u00bfC\u00f3mo puedes pasar de ser un jefe a convertirte en un l\u00edder efectivo? Aqu\u00ed te ofrecemos algunas estrategias clave:<\/p>\n\n\n<div class=\"wp-block-image\">\n<figure class=\"aligncenter size-full is-resized\"><img loading=\"lazy\" decoding=\"async\" width=\"1000\" height=\"665\" src=\"http:\/\/imecaf.com\/blog\/wp-content\/uploads\/De-jefe-a-lider.jpg\" alt=\"De Jefe a L\u00edder\" class=\"wp-image-14706\" style=\"width:427px;height:auto\" srcset=\"https:\/\/imecaf.com\/blog\/wp-content\/uploads\/De-jefe-a-lider.jpg 1000w, https:\/\/imecaf.com\/blog\/wp-content\/uploads\/De-jefe-a-lider-300x200.jpg 300w, https:\/\/imecaf.com\/blog\/wp-content\/uploads\/De-jefe-a-lider-768x511.jpg 768w\" sizes=\"auto, (max-width: 1000px) 100vw, 1000px\" \/><\/figure>\n<\/div>\n\n\n<h3 class=\"wp-block-heading\"><strong>Cultiva la empat\u00eda y la comprensi\u00f3n<\/strong><\/h3>\n\n\n\n<p>Un jefe tiende a ver a sus empleados como recursos para lograr resultados, mientras que un l\u00edder reconoce y valora a cada miembro de su equipo como individuos con necesidades y aspiraciones \u00fanicas. Practica la empat\u00eda al <a href=\"https:\/\/imecaf.com\/536\"><strong>escuchar activamente<\/strong><\/a> las preocupaciones y perspectivas de tus empleados. Demuestra comprensi\u00f3n y apoyo genuinos en lugar de simplemente imponer tu autoridad.<\/p>\n\n\n\n<h3 class=\"wp-block-heading\"><strong>Fomenta la confianza y la transparencia<\/strong><\/h3>\n\n\n\n<p>La confianza es fundamental en cualquier relaci\u00f3n, especialmente en el lugar de trabajo. Un l\u00edder construye confianza al ser honesto, transparente y consistente en sus acciones y comunicaciones. Evita el control excesivo y delega responsabilidades de manera apropiada, demostrando as\u00ed tu confianza en las habilidades y competencias de tu equipo.<\/p>\n\n\n\n<h3 class=\"wp-block-heading\"><strong>Inspira con una visi\u00f3n compartida<\/strong><\/h3>\n\n\n\n<p>Un l\u00edder efectivo no solo establece metas y objetivos, sino que tambi\u00e9n comunica una visi\u00f3n inspiradora que motive y gu\u00ede a su equipo. Define claramente el rumbo hacia el que te diriges y c\u00f3mo cada miembro del equipo contribuye a esa visi\u00f3n. Inspira a trav\u00e9s de tu ejemplo y compromiso con los valores de la organizaci\u00f3n.<\/p>\n\n\n\n<h3 class=\"wp-block-heading\"><strong>Desarrolla habilidades de <a href=\"https:\/\/imecaf.com\/83\">comunicaci\u00f3n efectiva<\/a><\/strong><\/h3>\n\n\n\n<p>La comunicaci\u00f3n es clave para el liderazgo efectivo. Practica la <a href=\"https:\/\/imecaf.com\/536\"><strong>escucha activa<\/strong><\/a>, muestra inter\u00e9s genuino en las ideas y opiniones de tu equipo, y comunica claramente tus expectativas y objetivos. Establece canales abiertos y fomenta un ambiente donde todos se sientan c\u00f3modos compartiendo ideas y retroalimentaci\u00f3n.<\/p>\n\n\n\n<h3 class=\"wp-block-heading\"><strong>Prioriza el desarrollo y el bienestar de tu equipo<\/strong><\/h3>\n\n\n\n<p>Un l\u00edder se preocupa por el crecimiento y el bienestar de su equipo, no solo por los resultados. Proporciona oportunidades de desarrollo profesional, apoyo y recursos para que tus empleados puedan alcanzar su m\u00e1ximo potencial. Fomenta un ambiente de trabajo positivo y colaborativo donde todos se sientan valorados y motivados.<\/p>\n\n\n\n<h3 class=\"wp-block-heading\"><strong>Acepta la responsabilidad y aprende de tus errores<\/strong><\/h3>\n\n\n\n<p>Los l\u00edderes son humanos y tambi\u00e9n cometen errores. Lo importante es c\u00f3mo respondes a esos errores. Acepta la responsabilidad por tus acciones, aprende de tus errores y demuestra humildad al admitir cuando te equivocas. Usa cada desaf\u00edo como una oportunidad de crecimiento y mejora continua.<\/p>\n\n\n\n<p>El cambio de jefe a l\u00edder implica un cambio fundamental en la forma en que ves a tu equipo y tu papel como l\u00edder. Cultiva la empat\u00eda, fomenta la confianza, inspira con una visi\u00f3n compartida y prioriza el desarrollo y el bienestar de tu equipo. Con pr\u00e1ctica y compromiso, puedes convertirte en el l\u00edder efectivo que tu equipo necesita para alcanzar el \u00e9xito.<\/p>\n\n\n\n<h2 class=\"wp-block-heading\">Conclusi\u00f3n<\/h2>\n\n\n\n<p>Mientras que un jefe puede ser eficaz en la gesti\u00f3n de tareas y el logro de resultados a corto plazo, un l\u00edder es esencial para construir equipos s\u00f3lidos y sostenibles a largo plazo. Las organizaciones que priorizan el desarrollo de l\u00edderes y fomentan una cultura de liderazgo tienen m\u00e1s probabilidades de prosperar en un entorno empresarial competitivo y en constante cambio.<\/p>\n\n\n\n<p>\u00bfEst\u00e1s buscando desarrollar tus habilidades de l\u00edder? Nuestro <a href=\"https:\/\/imecaf.com\/42\"><strong>curso de Liderazgo<\/strong><\/a> puede brindarte las herramientas y conocimientos necesarios para alcanzar el \u00e9xito profesional y personal.<\/p>\n\n\n\n<p>En \u00faltima instancia, un buen l\u00edder puede ser un jefe, pero no todos los jefes son l\u00edderes. La verdadera diferencia radica en c\u00f3mo se relacionan con su equipo y c\u00f3mo influyen en su desarrollo y \u00e9xito. \u00bfCu\u00e1l es tu rol? \u00bfEres un jefe o un l\u00edder? \u00a1La elecci\u00f3n est\u00e1 en tus manos!<\/p>\n\n\n<figure class=\"wp-block-image\"><a href=\"http:\/\/imecaf.com\/blog\/wp-content\/uploads\/Jefe-VS-Lider.pdf\"><img decoding=\"async\" style=\"width: 303px; height: auto;\" src=\"http:\/\/imecaf.com\/blog\/wp-content\/uploads\/Descargar-PDF-e1708732610860-1024x317.png\" alt=\"Jefe VS L\u00edder - Descargar PDF\"\/><\/a><\/figure>","protected":false},"excerpt":{"rendered":"<p>\u00bfJefe vs L\u00edder? En el mundo empresarial, el t\u00e9rmino \u00abjefe\u00bb y \u00abl\u00edder\u00bb a menudo se usan indistintamente, pero \u00bfson realmente lo mismo? La realidad es que hay una diferencia fundamental entre un jefe y un l\u00edder, y entender esta distinci\u00f3n puede tener un impacto significativo en la eficacia de un equipo y en la cultura &#8230; <a title=\"Jefe vs L\u00edder: Las Diferencias Cruciales en la Direcci\u00f3n de Equipos\" class=\"read-more\" href=\"https:\/\/imecaf.com\/blog\/2024\/05\/10\/jefe-vs-lider-las-diferencias-cruciales-en-la-direccion-de-equipos\/\">Leer m\u00e1s <span class=\"screen-reader-text\">Jefe vs L\u00edder: Las Diferencias Cruciales en la Direcci\u00f3n de Equipos<\/span><\/a><\/p>\n","protected":false},"author":2,"featured_media":14683,"comment_status":"open","ping_status":"closed","sticky":false,"template":"","format":"standard","meta":{"footnotes":""},"categories":[476,10],"tags":[3233,10461,10460,10459,10463,10464,10458,4125,5485,10462,8029,1901],"class_list":["post-14682","post","type-post","status-publish","format-standard","has-post-thumbnail","hentry","category-articulos-desarrollohumano","category-desarrollohumano","tag-creatividad","tag-cultura-organizacional","tag-diferencias-entre-jefe-y-lider-y","tag-direccion-de-equipos","tag-estilo-de-direccion","tag-estilo-de-liderazgo","tag-jefe-vs-lider","tag-liderazgo","tag-motivacion","tag-planeacion-estrategica","tag-trabajo-en-equipo","tag-vision"],"yoast_head":"<!-- This site is optimized with the Yoast SEO plugin v27.5 - https:\/\/yoast.com\/product\/yoast-seo-wordpress\/ -->\n<title>Jefe vs L\u00edder: Las Diferencias Cruciales en la Direcci\u00f3n de Equipos - IMECAF - Blog<\/title>\n<meta name=\"description\" content=\"Jefe vs L\u00edder: Desde el enfoque en las personas hasta la visi\u00f3n de largo plazo, el liderazgo efectivo transforma las organizaciones.\" \/>\n<meta name=\"robots\" content=\"index, follow, max-snippet:-1, max-image-preview:large, max-video-preview:-1\" \/>\n<link rel=\"canonical\" href=\"https:\/\/imecaf.com\/blog\/2024\/05\/10\/jefe-vs-lider-las-diferencias-cruciales-en-la-direccion-de-equipos\/\" \/>\n<meta property=\"og:locale\" content=\"es_ES\" \/>\n<meta property=\"og:type\" content=\"article\" \/>\n<meta property=\"og:title\" content=\"Jefe vs L\u00edder: Las Diferencias Cruciales en la Direcci\u00f3n de Equipos\" \/>\n<meta property=\"og:description\" content=\"Jefe vs L\u00edder: Desde el enfoque en las personas hasta la visi\u00f3n de largo plazo, el liderazgo efectivo transforma las organizaciones.\" \/>\n<meta property=\"og:url\" content=\"https:\/\/imecaf.com\/blog\/2024\/05\/10\/jefe-vs-lider-las-diferencias-cruciales-en-la-direccion-de-equipos\/\" \/>\n<meta property=\"og:site_name\" content=\"IMECAF - Blog\" \/>\n<meta property=\"article:publisher\" content=\"https:\/\/www.facebook.com\/IMECAF\" \/>\n<meta property=\"article:published_time\" content=\"2024-05-10T17:12:02+00:00\" \/>\n<meta property=\"article:modified_time\" content=\"2024-12-02T19:43:23+00:00\" \/>\n<meta property=\"og:image\" content=\"https:\/\/imecaf.com\/blog\/wp-content\/uploads\/Jefe-o-lider.jpg\" \/>\n\t<meta property=\"og:image:width\" content=\"1000\" \/>\n\t<meta property=\"og:image:height\" content=\"665\" \/>\n\t<meta property=\"og:image:type\" content=\"image\/jpeg\" \/>\n<meta name=\"author\" content=\"Equipo de IMECAF\" \/>\n<meta name=\"twitter:card\" content=\"summary_large_image\" \/>\n<meta name=\"twitter:title\" content=\"Jefe vs L\u00edder: Las Diferencias Cruciales en la Direcci\u00f3n de Equipos\" \/>\n<meta name=\"twitter:description\" content=\"Jefe vs L\u00edder: Desde el enfoque en las personas hasta la visi\u00f3n de largo plazo, el liderazgo efectivo transforma las organizaciones.\" \/>\n<meta name=\"twitter:image\" content=\"https:\/\/imecaf.com\/blog\/wp-content\/uploads\/Jefe-o-lider.jpg\" \/>\n<meta name=\"twitter:creator\" content=\"@imecaf\" \/>\n<meta name=\"twitter:site\" content=\"@imecaf\" \/>\n<meta name=\"twitter:label1\" content=\"Escrito por\" \/>\n\t<meta name=\"twitter:data1\" content=\"Equipo de IMECAF\" \/>\n\t<meta name=\"twitter:label2\" content=\"Tiempo de lectura\" \/>\n\t<meta name=\"twitter:data2\" content=\"19 minutos\" \/>\n<script type=\"application\/ld+json\" class=\"yoast-schema-graph\">{\"@context\":\"https:\\\/\\\/schema.org\",\"@graph\":[{\"@type\":\"Article\",\"@id\":\"https:\\\/\\\/imecaf.com\\\/blog\\\/2024\\\/05\\\/10\\\/jefe-vs-lider-las-diferencias-cruciales-en-la-direccion-de-equipos\\\/#article\",\"isPartOf\":{\"@id\":\"https:\\\/\\\/imecaf.com\\\/blog\\\/2024\\\/05\\\/10\\\/jefe-vs-lider-las-diferencias-cruciales-en-la-direccion-de-equipos\\\/\"},\"author\":{\"name\":\"Equipo de IMECAF\",\"@id\":\"https:\\\/\\\/imecaf.com\\\/blog\\\/#\\\/schema\\\/person\\\/a69b9f3972250aa0b1fdb798f094b4c7\"},\"headline\":\"Jefe vs L\u00edder: Las Diferencias Cruciales en la Direcci\u00f3n de Equipos\",\"datePublished\":\"2024-05-10T17:12:02+00:00\",\"dateModified\":\"2024-12-02T19:43:23+00:00\",\"mainEntityOfPage\":{\"@id\":\"https:\\\/\\\/imecaf.com\\\/blog\\\/2024\\\/05\\\/10\\\/jefe-vs-lider-las-diferencias-cruciales-en-la-direccion-de-equipos\\\/\"},\"wordCount\":3430,\"commentCount\":0,\"publisher\":{\"@id\":\"https:\\\/\\\/imecaf.com\\\/blog\\\/#organization\"},\"image\":{\"@id\":\"https:\\\/\\\/imecaf.com\\\/blog\\\/2024\\\/05\\\/10\\\/jefe-vs-lider-las-diferencias-cruciales-en-la-direccion-de-equipos\\\/#primaryimage\"},\"thumbnailUrl\":\"https:\\\/\\\/imecaf.com\\\/blog\\\/wp-content\\\/uploads\\\/Jefe-o-lider.jpg\",\"keywords\":[\"creatividad\",\"cultura organizacional\",\"diferencias entre jefe y lider y\",\"direccion de equipos\",\"estilo de direccion\",\"estilo de liderazgo\",\"jefe vs lider\",\"liderazgo\",\"motivacion\",\"planeacion estrategica\",\"trabajo en equipo\",\"vision\"],\"articleSection\":[\"Art\u00edculos\",\"Desarrollo Humano\"],\"inLanguage\":\"es\",\"potentialAction\":[{\"@type\":\"CommentAction\",\"name\":\"Comment\",\"target\":[\"https:\\\/\\\/imecaf.com\\\/blog\\\/2024\\\/05\\\/10\\\/jefe-vs-lider-las-diferencias-cruciales-en-la-direccion-de-equipos\\\/#respond\"]}]},{\"@type\":\"WebPage\",\"@id\":\"https:\\\/\\\/imecaf.com\\\/blog\\\/2024\\\/05\\\/10\\\/jefe-vs-lider-las-diferencias-cruciales-en-la-direccion-de-equipos\\\/\",\"url\":\"https:\\\/\\\/imecaf.com\\\/blog\\\/2024\\\/05\\\/10\\\/jefe-vs-lider-las-diferencias-cruciales-en-la-direccion-de-equipos\\\/\",\"name\":\"Jefe vs L\u00edder: Las Diferencias Cruciales en la Direcci\u00f3n de Equipos - IMECAF - Blog\",\"isPartOf\":{\"@id\":\"https:\\\/\\\/imecaf.com\\\/blog\\\/#website\"},\"primaryImageOfPage\":{\"@id\":\"https:\\\/\\\/imecaf.com\\\/blog\\\/2024\\\/05\\\/10\\\/jefe-vs-lider-las-diferencias-cruciales-en-la-direccion-de-equipos\\\/#primaryimage\"},\"image\":{\"@id\":\"https:\\\/\\\/imecaf.com\\\/blog\\\/2024\\\/05\\\/10\\\/jefe-vs-lider-las-diferencias-cruciales-en-la-direccion-de-equipos\\\/#primaryimage\"},\"thumbnailUrl\":\"https:\\\/\\\/imecaf.com\\\/blog\\\/wp-content\\\/uploads\\\/Jefe-o-lider.jpg\",\"datePublished\":\"2024-05-10T17:12:02+00:00\",\"dateModified\":\"2024-12-02T19:43:23+00:00\",\"description\":\"Jefe vs L\u00edder: Desde el enfoque en las personas hasta la visi\u00f3n de largo plazo, el liderazgo efectivo transforma las organizaciones.\",\"breadcrumb\":{\"@id\":\"https:\\\/\\\/imecaf.com\\\/blog\\\/2024\\\/05\\\/10\\\/jefe-vs-lider-las-diferencias-cruciales-en-la-direccion-de-equipos\\\/#breadcrumb\"},\"inLanguage\":\"es\",\"potentialAction\":[{\"@type\":\"ReadAction\",\"target\":[\"https:\\\/\\\/imecaf.com\\\/blog\\\/2024\\\/05\\\/10\\\/jefe-vs-lider-las-diferencias-cruciales-en-la-direccion-de-equipos\\\/\"]}]},{\"@type\":\"ImageObject\",\"inLanguage\":\"es\",\"@id\":\"https:\\\/\\\/imecaf.com\\\/blog\\\/2024\\\/05\\\/10\\\/jefe-vs-lider-las-diferencias-cruciales-en-la-direccion-de-equipos\\\/#primaryimage\",\"url\":\"https:\\\/\\\/imecaf.com\\\/blog\\\/wp-content\\\/uploads\\\/Jefe-o-lider.jpg\",\"contentUrl\":\"https:\\\/\\\/imecaf.com\\\/blog\\\/wp-content\\\/uploads\\\/Jefe-o-lider.jpg\",\"width\":1000,\"height\":665},{\"@type\":\"BreadcrumbList\",\"@id\":\"https:\\\/\\\/imecaf.com\\\/blog\\\/2024\\\/05\\\/10\\\/jefe-vs-lider-las-diferencias-cruciales-en-la-direccion-de-equipos\\\/#breadcrumb\",\"itemListElement\":[{\"@type\":\"ListItem\",\"position\":1,\"name\":\"Portada\",\"item\":\"https:\\\/\\\/imecaf.com\\\/blog\\\/\"},{\"@type\":\"ListItem\",\"position\":2,\"name\":\"Jefe vs L\u00edder: Las Diferencias Cruciales en la Direcci\u00f3n de Equipos\"}]},{\"@type\":\"WebSite\",\"@id\":\"https:\\\/\\\/imecaf.com\\\/blog\\\/#website\",\"url\":\"https:\\\/\\\/imecaf.com\\\/blog\\\/\",\"name\":\"IMECAF\",\"description\":\"Un lugar para expresar y compartir inquietudes dentro del mundo de la educaci\u00f3n.\",\"publisher\":{\"@id\":\"https:\\\/\\\/imecaf.com\\\/blog\\\/#organization\"},\"potentialAction\":[{\"@type\":\"SearchAction\",\"target\":{\"@type\":\"EntryPoint\",\"urlTemplate\":\"https:\\\/\\\/imecaf.com\\\/blog\\\/?s={search_term_string}\"},\"query-input\":{\"@type\":\"PropertyValueSpecification\",\"valueRequired\":true,\"valueName\":\"search_term_string\"}}],\"inLanguage\":\"es\"},{\"@type\":\"Organization\",\"@id\":\"https:\\\/\\\/imecaf.com\\\/blog\\\/#organization\",\"name\":\"IMECAF - Instituto Mexicano de Contabilidad, Administraci\u00f3n y Finanzas\",\"url\":\"https:\\\/\\\/imecaf.com\\\/blog\\\/\",\"logo\":{\"@type\":\"ImageObject\",\"inLanguage\":\"es\",\"@id\":\"https:\\\/\\\/imecaf.com\\\/blog\\\/#\\\/schema\\\/logo\\\/image\\\/\",\"url\":\"https:\\\/\\\/imecaf.com\\\/blog\\\/wp-content\\\/uploads\\\/IMECAF.Logo_.25.png\",\"contentUrl\":\"https:\\\/\\\/imecaf.com\\\/blog\\\/wp-content\\\/uploads\\\/IMECAF.Logo_.25.png\",\"width\":350,\"height\":350,\"caption\":\"IMECAF - Instituto Mexicano de Contabilidad, Administraci\u00f3n y Finanzas\"},\"image\":{\"@id\":\"https:\\\/\\\/imecaf.com\\\/blog\\\/#\\\/schema\\\/logo\\\/image\\\/\"},\"sameAs\":[\"https:\\\/\\\/www.facebook.com\\\/IMECAF\",\"https:\\\/\\\/x.com\\\/imecaf\",\"https:\\\/\\\/www.linkedin.com\\\/company\\\/imecaf\\\/\",\"https:\\\/\\\/www.youtube.com\\\/imecaf\",\"https:\\\/\\\/www.instagram.com\\\/imecaf_mx\\\/\",\"https:\\\/\\\/imecaf.negocio.site\\\/\"]},{\"@type\":\"Person\",\"@id\":\"https:\\\/\\\/imecaf.com\\\/blog\\\/#\\\/schema\\\/person\\\/a69b9f3972250aa0b1fdb798f094b4c7\",\"name\":\"Equipo de IMECAF\",\"image\":{\"@type\":\"ImageObject\",\"inLanguage\":\"es\",\"@id\":\"https:\\\/\\\/secure.gravatar.com\\\/avatar\\\/4b4242953c12937bd47e298d7922b4d01ffafe2955ce4235d318b8950782aa13?s=96&d=mm&r=g\",\"url\":\"https:\\\/\\\/secure.gravatar.com\\\/avatar\\\/4b4242953c12937bd47e298d7922b4d01ffafe2955ce4235d318b8950782aa13?s=96&d=mm&r=g\",\"contentUrl\":\"https:\\\/\\\/secure.gravatar.com\\\/avatar\\\/4b4242953c12937bd47e298d7922b4d01ffafe2955ce4235d318b8950782aa13?s=96&d=mm&r=g\",\"caption\":\"Equipo de IMECAF\"},\"url\":\"https:\\\/\\\/imecaf.com\\\/blog\\\/author\\\/mfonticoba\\\/\"}]}<\/script>\n<!-- \/ Yoast SEO plugin. -->","yoast_head_json":{"title":"Jefe vs L\u00edder: Las Diferencias Cruciales en la Direcci\u00f3n de Equipos - IMECAF - Blog","description":"Jefe vs L\u00edder: Desde el enfoque en las personas hasta la visi\u00f3n de largo plazo, el liderazgo efectivo transforma las organizaciones.","robots":{"index":"index","follow":"follow","max-snippet":"max-snippet:-1","max-image-preview":"max-image-preview:large","max-video-preview":"max-video-preview:-1"},"canonical":"https:\/\/imecaf.com\/blog\/2024\/05\/10\/jefe-vs-lider-las-diferencias-cruciales-en-la-direccion-de-equipos\/","og_locale":"es_ES","og_type":"article","og_title":"Jefe vs L\u00edder: Las Diferencias Cruciales en la Direcci\u00f3n de Equipos","og_description":"Jefe vs L\u00edder: Desde el enfoque en las personas hasta la visi\u00f3n de largo plazo, el liderazgo efectivo transforma las organizaciones.","og_url":"https:\/\/imecaf.com\/blog\/2024\/05\/10\/jefe-vs-lider-las-diferencias-cruciales-en-la-direccion-de-equipos\/","og_site_name":"IMECAF - Blog","article_publisher":"https:\/\/www.facebook.com\/IMECAF","article_published_time":"2024-05-10T17:12:02+00:00","article_modified_time":"2024-12-02T19:43:23+00:00","og_image":[{"width":1000,"height":665,"url":"https:\/\/imecaf.com\/blog\/wp-content\/uploads\/Jefe-o-lider.jpg","type":"image\/jpeg"}],"author":"Equipo de IMECAF","twitter_card":"summary_large_image","twitter_title":"Jefe vs L\u00edder: Las Diferencias Cruciales en la Direcci\u00f3n de Equipos","twitter_description":"Jefe vs L\u00edder: Desde el enfoque en las personas hasta la visi\u00f3n de largo plazo, el liderazgo efectivo transforma las organizaciones.","twitter_image":"https:\/\/imecaf.com\/blog\/wp-content\/uploads\/Jefe-o-lider.jpg","twitter_creator":"@imecaf","twitter_site":"@imecaf","twitter_misc":{"Escrito por":"Equipo de IMECAF","Tiempo de lectura":"19 minutos"},"schema":{"@context":"https:\/\/schema.org","@graph":[{"@type":"Article","@id":"https:\/\/imecaf.com\/blog\/2024\/05\/10\/jefe-vs-lider-las-diferencias-cruciales-en-la-direccion-de-equipos\/#article","isPartOf":{"@id":"https:\/\/imecaf.com\/blog\/2024\/05\/10\/jefe-vs-lider-las-diferencias-cruciales-en-la-direccion-de-equipos\/"},"author":{"name":"Equipo de IMECAF","@id":"https:\/\/imecaf.com\/blog\/#\/schema\/person\/a69b9f3972250aa0b1fdb798f094b4c7"},"headline":"Jefe vs L\u00edder: Las Diferencias Cruciales en la Direcci\u00f3n de Equipos","datePublished":"2024-05-10T17:12:02+00:00","dateModified":"2024-12-02T19:43:23+00:00","mainEntityOfPage":{"@id":"https:\/\/imecaf.com\/blog\/2024\/05\/10\/jefe-vs-lider-las-diferencias-cruciales-en-la-direccion-de-equipos\/"},"wordCount":3430,"commentCount":0,"publisher":{"@id":"https:\/\/imecaf.com\/blog\/#organization"},"image":{"@id":"https:\/\/imecaf.com\/blog\/2024\/05\/10\/jefe-vs-lider-las-diferencias-cruciales-en-la-direccion-de-equipos\/#primaryimage"},"thumbnailUrl":"https:\/\/imecaf.com\/blog\/wp-content\/uploads\/Jefe-o-lider.jpg","keywords":["creatividad","cultura organizacional","diferencias entre jefe y lider y","direccion de equipos","estilo de direccion","estilo de liderazgo","jefe vs lider","liderazgo","motivacion","planeacion estrategica","trabajo en equipo","vision"],"articleSection":["Art\u00edculos","Desarrollo Humano"],"inLanguage":"es","potentialAction":[{"@type":"CommentAction","name":"Comment","target":["https:\/\/imecaf.com\/blog\/2024\/05\/10\/jefe-vs-lider-las-diferencias-cruciales-en-la-direccion-de-equipos\/#respond"]}]},{"@type":"WebPage","@id":"https:\/\/imecaf.com\/blog\/2024\/05\/10\/jefe-vs-lider-las-diferencias-cruciales-en-la-direccion-de-equipos\/","url":"https:\/\/imecaf.com\/blog\/2024\/05\/10\/jefe-vs-lider-las-diferencias-cruciales-en-la-direccion-de-equipos\/","name":"Jefe vs L\u00edder: Las Diferencias Cruciales en la Direcci\u00f3n de Equipos - IMECAF - Blog","isPartOf":{"@id":"https:\/\/imecaf.com\/blog\/#website"},"primaryImageOfPage":{"@id":"https:\/\/imecaf.com\/blog\/2024\/05\/10\/jefe-vs-lider-las-diferencias-cruciales-en-la-direccion-de-equipos\/#primaryimage"},"image":{"@id":"https:\/\/imecaf.com\/blog\/2024\/05\/10\/jefe-vs-lider-las-diferencias-cruciales-en-la-direccion-de-equipos\/#primaryimage"},"thumbnailUrl":"https:\/\/imecaf.com\/blog\/wp-content\/uploads\/Jefe-o-lider.jpg","datePublished":"2024-05-10T17:12:02+00:00","dateModified":"2024-12-02T19:43:23+00:00","description":"Jefe vs L\u00edder: Desde el enfoque en las personas hasta la visi\u00f3n de largo plazo, el liderazgo efectivo transforma las organizaciones.","breadcrumb":{"@id":"https:\/\/imecaf.com\/blog\/2024\/05\/10\/jefe-vs-lider-las-diferencias-cruciales-en-la-direccion-de-equipos\/#breadcrumb"},"inLanguage":"es","potentialAction":[{"@type":"ReadAction","target":["https:\/\/imecaf.com\/blog\/2024\/05\/10\/jefe-vs-lider-las-diferencias-cruciales-en-la-direccion-de-equipos\/"]}]},{"@type":"ImageObject","inLanguage":"es","@id":"https:\/\/imecaf.com\/blog\/2024\/05\/10\/jefe-vs-lider-las-diferencias-cruciales-en-la-direccion-de-equipos\/#primaryimage","url":"https:\/\/imecaf.com\/blog\/wp-content\/uploads\/Jefe-o-lider.jpg","contentUrl":"https:\/\/imecaf.com\/blog\/wp-content\/uploads\/Jefe-o-lider.jpg","width":1000,"height":665},{"@type":"BreadcrumbList","@id":"https:\/\/imecaf.com\/blog\/2024\/05\/10\/jefe-vs-lider-las-diferencias-cruciales-en-la-direccion-de-equipos\/#breadcrumb","itemListElement":[{"@type":"ListItem","position":1,"name":"Portada","item":"https:\/\/imecaf.com\/blog\/"},{"@type":"ListItem","position":2,"name":"Jefe vs L\u00edder: Las Diferencias Cruciales en la Direcci\u00f3n de Equipos"}]},{"@type":"WebSite","@id":"https:\/\/imecaf.com\/blog\/#website","url":"https:\/\/imecaf.com\/blog\/","name":"IMECAF","description":"Un lugar para expresar y compartir inquietudes dentro del mundo de la educaci\u00f3n.","publisher":{"@id":"https:\/\/imecaf.com\/blog\/#organization"},"potentialAction":[{"@type":"SearchAction","target":{"@type":"EntryPoint","urlTemplate":"https:\/\/imecaf.com\/blog\/?s={search_term_string}"},"query-input":{"@type":"PropertyValueSpecification","valueRequired":true,"valueName":"search_term_string"}}],"inLanguage":"es"},{"@type":"Organization","@id":"https:\/\/imecaf.com\/blog\/#organization","name":"IMECAF - Instituto Mexicano de Contabilidad, Administraci\u00f3n y Finanzas","url":"https:\/\/imecaf.com\/blog\/","logo":{"@type":"ImageObject","inLanguage":"es","@id":"https:\/\/imecaf.com\/blog\/#\/schema\/logo\/image\/","url":"https:\/\/imecaf.com\/blog\/wp-content\/uploads\/IMECAF.Logo_.25.png","contentUrl":"https:\/\/imecaf.com\/blog\/wp-content\/uploads\/IMECAF.Logo_.25.png","width":350,"height":350,"caption":"IMECAF - Instituto Mexicano de Contabilidad, Administraci\u00f3n y Finanzas"},"image":{"@id":"https:\/\/imecaf.com\/blog\/#\/schema\/logo\/image\/"},"sameAs":["https:\/\/www.facebook.com\/IMECAF","https:\/\/x.com\/imecaf","https:\/\/www.linkedin.com\/company\/imecaf\/","https:\/\/www.youtube.com\/imecaf","https:\/\/www.instagram.com\/imecaf_mx\/","https:\/\/imecaf.negocio.site\/"]},{"@type":"Person","@id":"https:\/\/imecaf.com\/blog\/#\/schema\/person\/a69b9f3972250aa0b1fdb798f094b4c7","name":"Equipo de IMECAF","image":{"@type":"ImageObject","inLanguage":"es","@id":"https:\/\/secure.gravatar.com\/avatar\/4b4242953c12937bd47e298d7922b4d01ffafe2955ce4235d318b8950782aa13?s=96&d=mm&r=g","url":"https:\/\/secure.gravatar.com\/avatar\/4b4242953c12937bd47e298d7922b4d01ffafe2955ce4235d318b8950782aa13?s=96&d=mm&r=g","contentUrl":"https:\/\/secure.gravatar.com\/avatar\/4b4242953c12937bd47e298d7922b4d01ffafe2955ce4235d318b8950782aa13?s=96&d=mm&r=g","caption":"Equipo de IMECAF"},"url":"https:\/\/imecaf.com\/blog\/author\/mfonticoba\/"}]}},"_links":{"self":[{"href":"https:\/\/imecaf.com\/blog\/wp-json\/wp\/v2\/posts\/14682","targetHints":{"allow":["GET"]}}],"collection":[{"href":"https:\/\/imecaf.com\/blog\/wp-json\/wp\/v2\/posts"}],"about":[{"href":"https:\/\/imecaf.com\/blog\/wp-json\/wp\/v2\/types\/post"}],"author":[{"embeddable":true,"href":"https:\/\/imecaf.com\/blog\/wp-json\/wp\/v2\/users\/2"}],"replies":[{"embeddable":true,"href":"https:\/\/imecaf.com\/blog\/wp-json\/wp\/v2\/comments?post=14682"}],"version-history":[{"count":0,"href":"https:\/\/imecaf.com\/blog\/wp-json\/wp\/v2\/posts\/14682\/revisions"}],"wp:featuredmedia":[{"embeddable":true,"href":"https:\/\/imecaf.com\/blog\/wp-json\/wp\/v2\/media\/14683"}],"wp:attachment":[{"href":"https:\/\/imecaf.com\/blog\/wp-json\/wp\/v2\/media?parent=14682"}],"wp:term":[{"taxonomy":"category","embeddable":true,"href":"https:\/\/imecaf.com\/blog\/wp-json\/wp\/v2\/categories?post=14682"},{"taxonomy":"post_tag","embeddable":true,"href":"https:\/\/imecaf.com\/blog\/wp-json\/wp\/v2\/tags?post=14682"}],"curies":[{"name":"wp","href":"https:\/\/api.w.org\/{rel}","templated":true}]}}