{"id":14860,"date":"2024-05-24T18:36:24","date_gmt":"2024-05-25T00:36:24","guid":{"rendered":"http:\/\/imecaf.com\/blog\/?p=14860"},"modified":"2024-12-02T14:05:58","modified_gmt":"2024-12-02T20:05:58","slug":"acentuacion-de-palabras-metodo-sega","status":"publish","type":"post","link":"https:\/\/imecaf.com\/blog\/2024\/05\/24\/acentuacion-de-palabras-metodo-sega\/","title":{"rendered":"Acentuaci\u00f3n de Palabras: M\u00e9todo SEGA"},"content":{"rendered":"<span class=\"span-reading-time rt-reading-time\" style=\"display: block;\"><span class=\"rt-label rt-prefix\">Tiempo de lectura:<\/span> <span class=\"rt-time\"> 9<\/span> <span class=\"rt-label rt-postfix\">minutos<\/span><\/span><div class=\"wp-block-image\">\n<figure class=\"aligncenter size-full\"><img loading=\"lazy\" decoding=\"async\" width=\"1000\" height=\"665\" src=\"http:\/\/imecaf.com\/blog\/wp-content\/uploads\/SEGA-Cover.jpg\" alt=\"Acentuaci\u00f3n de Palabras: M\u00e9todo SEGA\" class=\"wp-image-14861\" srcset=\"https:\/\/imecaf.com\/blog\/wp-content\/uploads\/SEGA-Cover.jpg 1000w, https:\/\/imecaf.com\/blog\/wp-content\/uploads\/SEGA-Cover-300x200.jpg 300w, https:\/\/imecaf.com\/blog\/wp-content\/uploads\/SEGA-Cover-768x511.jpg 768w\" sizes=\"auto, (max-width: 1000px) 100vw, 1000px\" \/><\/figure>\n<\/div>\n\n\n<p>La acentuaci\u00f3n de palabras en espa\u00f1ol es una parte esencial de la ortograf\u00eda y la correcta pronunciaci\u00f3n del idioma. Para facilitar el aprendizaje de las reglas de acentuaci\u00f3n, existe el m\u00e9todo SEGA, un recurso mnemot\u00e9cnico que simplifica la comprensi\u00f3n de cu\u00e1ndo y c\u00f3mo se deben acentuar las palabras. Este art\u00edculo se adentra en el m\u00e9todo SEGA de manera extensa y detallada, proporcionando una gu\u00eda completa para su aplicaci\u00f3n.<\/p>\n\n\n\n<h2 class=\"wp-block-heading\">\u00bfQu\u00e9 es el M\u00e9todo SEGA?<\/h2>\n\n\n\n<p>El m\u00e9todo SEGA es una herramienta educativa que ayuda a recordar las reglas de acentuaci\u00f3n de las palabras en espa\u00f1ol. SEGA es un acr\u00f3nimo que representa:<\/p>\n\n\n\n<p><strong>S:<\/strong> Sobreesdr\u00fajulas<\/p>\n\n\n\n<p><strong>E:<\/strong> Esdr\u00fajulas<\/p>\n\n\n\n<p><strong>G:<\/strong> Graves (o llanas)<\/p>\n\n\n\n<p><strong>A:<\/strong> Agudas<\/p>\n\n\n\n<p>Cada categor\u00eda del acr\u00f3nimo SEGA se refiere a un tipo espec\u00edfico de palabra, clasificado seg\u00fan la posici\u00f3n de la s\u00edlaba t\u00f3nica (la s\u00edlaba que lleva el acento).<\/p>\n\n\n\n<figure class=\"wp-block-embed is-type-video is-provider-youtube wp-block-embed-youtube wp-embed-aspect-16-9 wp-has-aspect-ratio\"><div class=\"wp-block-embed__wrapper\">\n<iframe loading=\"lazy\" title=\"Manual de Acentuaci\u00f3n con el M\u00e9todo SEGA\" width=\"1200\" height=\"675\" src=\"https:\/\/www.youtube.com\/embed\/L7cLt6HPn4I?feature=oembed\" frameborder=\"0\" allow=\"accelerometer; autoplay; clipboard-write; encrypted-media; gyroscope; picture-in-picture; web-share\" referrerpolicy=\"strict-origin-when-cross-origin\" allowfullscreen><\/iframe>\n<\/div><figcaption class=\"wp-element-caption\">Acentuaci\u00f3n de Palabras con el M\u00e9todo Sega<\/figcaption><\/figure>\n\n\n\n<h2 class=\"wp-block-heading\">Caracter\u00edsticas y Reglas de Acentuaci\u00f3n de las Palabras Sobreesdr\u00fajulas<\/h2>\n\n\n<div class=\"wp-block-image\">\n<figure class=\"alignleft size-large is-resized\"><img loading=\"lazy\" decoding=\"async\" width=\"1024\" height=\"1024\" src=\"http:\/\/imecaf.com\/blog\/wp-content\/uploads\/S-1024x1024.jpg\" alt=\"Acentuaci\u00f3n de Palabras Sobreesdr\u00fajulas\" class=\"wp-image-14862\" style=\"width:113px;height:auto\" srcset=\"https:\/\/imecaf.com\/blog\/wp-content\/uploads\/S-1024x1024.jpg 1024w, https:\/\/imecaf.com\/blog\/wp-content\/uploads\/S-300x300.jpg 300w, https:\/\/imecaf.com\/blog\/wp-content\/uploads\/S-150x150.jpg 150w, https:\/\/imecaf.com\/blog\/wp-content\/uploads\/S-768x768.jpg 768w, https:\/\/imecaf.com\/blog\/wp-content\/uploads\/S.jpg 1080w\" sizes=\"auto, (max-width: 1024px) 100vw, 1024px\" \/><\/figure>\n<\/div>\n\n\n<p>Las palabras sobreesdr\u00fajulas son un tipo espec\u00edfico de palabra cuya acentuaci\u00f3n es particularmente interesante debido a su formaci\u00f3n y uso. <\/p>\n\n\n\n<p>A continuaci\u00f3n, se detallan las caracter\u00edsticas y reglas de acentuaci\u00f3n de las palabras sobreesdr\u00fajulas.<\/p>\n\n\n\n<h3 class=\"wp-block-heading\"><strong>Caracter\u00edsticas de las Palabras Sobreesdr\u00fajulas<\/strong><\/h3>\n\n\n\n<p><strong>Posici\u00f3n de la S\u00edlaba T\u00f3nica:<\/strong><\/p>\n\n\n\n<p>La s\u00edlaba t\u00f3nica de las palabras sobreesdr\u00fajulas se encuentra antes de la antepen\u00faltima s\u00edlaba. Esto significa que es la cuarta s\u00edlaba desde el final hacia el principio, o incluso m\u00e1s atr\u00e1s en palabras m\u00e1s largas.<\/p>\n\n\n\n<p><strong>Formaci\u00f3n:<\/strong><\/p>\n\n\n\n<p>Las palabras sobreesdr\u00fajulas generalmente son formas verbales compuestas por un verbo en imperativo, infinitivo o gerundio, seguido de pronombres encl\u00edticos. Los pronombres encl\u00edticos son pronombres que se adjuntan al final del verbo, como me, se, te, lo, la, nos, os, los, las, le, les, etc.<\/p>\n\n\n\n<p>Ejemplos comunes de estas construcciones incluyen \u00f3rdenes o sugerencias con pronombres, como en \u201cc\u00f3mpramelo\u201d o \u201cd\u00edgaselo\u201d.<\/p>\n\n\n\n<p><strong>Frecuencia y Uso:<\/strong><\/p>\n\n\n\n<p>Las palabras sobreesdr\u00fajulas no son tan comunes como las agudas, graves o esdr\u00fajulas. Su uso es m\u00e1s frecuente en el lenguaje escrito formal o literario, as\u00ed como en el habla en situaciones que requieren precisi\u00f3n o cortes\u00eda (por ejemplo, en instrucciones o sugerencias).<\/p>\n\n\n\n<h3 class=\"wp-block-heading\"><strong>Ejemplos de Palabras Sobreesdr\u00fajulas<\/strong><\/h3>\n\n\n\n<ol class=\"wp-block-list\">\n<li>C\u00f3mpramelo<\/li>\n\n\n\n<li>D\u00edgaselo<\/li>\n\n\n\n<li>Envi\u00e1ndoselo<\/li>\n\n\n\n<li>Tr\u00e1iganselo<\/li>\n\n\n\n<li>Recomi\u00e9ndamelo<\/li>\n\n\n\n<li>Devu\u00e9lveselo<\/li>\n<\/ol>\n\n\n\n<h3 class=\"wp-block-heading\"><strong>Reglas de Acentuaci\u00f3n de las Sobreesdr\u00fajulas<\/strong><\/h3>\n\n\n\n<p><strong>Tilde Obligatoria:<\/strong><\/p>\n\n\n\n<p>Todas las palabras sobreesdr\u00fajulas llevan tilde sin excepci\u00f3n. Esto se debe a que la s\u00edlaba t\u00f3nica se encuentra en una posici\u00f3n muy alejada del final de la palabra, lo cual requiere una marca gr\u00e1fica que indique claramente la s\u00edlaba que debe pronunciarse con mayor intensidad.<\/p>\n\n\n\n<p>Esta regla no tiene excepciones, lo que simplifica el aprendizaje de la acentuaci\u00f3n para este tipo de palabras.<\/p>\n\n\n\n<p><strong>Ejemplos de Acentuaci\u00f3n:<\/strong><\/p>\n\n\n\n<p><strong>C\u00f3mpramelo:<\/strong><\/p>\n\n\n\n<ul class=\"wp-block-list\">\n<li>S\u00edlaba t\u00f3nica: <strong><u>c\u00f3m<\/u><\/strong>-pra-me-lo<\/li>\n\n\n\n<li>Posici\u00f3n: antes de la antepen\u00faltima<\/li>\n\n\n\n<li>Regla: Lleva tilde<\/li>\n<\/ul>\n\n\n\n<p><strong>D\u00edgaselo:<\/strong><\/p>\n\n\n\n<ul class=\"wp-block-list\">\n<li>S\u00edlaba t\u00f3nica: <strong><u>d\u00ed<\/u><\/strong>-ga-se-lo<\/li>\n\n\n\n<li>Posici\u00f3n: antes de la antepen\u00faltima<\/li>\n\n\n\n<li>Regla: Lleva tilde<\/li>\n<\/ul>\n\n\n\n<p><strong>Recomi\u00e9ndamelo:<\/strong><\/p>\n\n\n\n<ul class=\"wp-block-list\">\n<li>S\u00edlaba t\u00f3nica: re-co-<strong><u>mi\u00e9n<\/u><\/strong>-da-me-lo<\/li>\n\n\n\n<li>Posici\u00f3n: antes de la antepen\u00faltima<\/li>\n\n\n\n<li>Regla: Lleva tilde<\/li>\n<\/ul>\n\n\n\n<p><strong>Env\u00ed\u00e1ndoselo:<\/strong><\/p>\n\n\n\n<ul class=\"wp-block-list\">\n<li>S\u00edlaba t\u00f3nica: en-<strong><u>v\u00edan<\/u><\/strong>-do-se-lo<\/li>\n\n\n\n<li>Posici\u00f3n: antes de la antepen\u00faltima<\/li>\n\n\n\n<li>Regla: Lleva tilde<\/li>\n<\/ul>\n\n\n\n<p><strong>Tr\u00e1iganselo:<\/strong><\/p>\n\n\n\n<ul class=\"wp-block-list\">\n<li>S\u00edlaba t\u00f3nica: <strong><u>tr\u00e1i<\/u><\/strong>-gan-se-lo<\/li>\n\n\n\n<li>Posici\u00f3n: antes de la antepen\u00faltima<\/li>\n\n\n\n<li>Regla: Lleva tilde<\/li>\n<\/ul>\n\n\n\n<p><strong>Devu\u00e9lveselo:<\/strong><\/p>\n\n\n\n<ul class=\"wp-block-list\">\n<li>S\u00edlaba t\u00f3nica: de-<strong><u>vu\u00e9l<\/u><\/strong>-ve-se-lo<\/li>\n\n\n\n<li>Posici\u00f3n: antes de la antepen\u00faltima<\/li>\n\n\n\n<li>Regla: Lleva tilde<\/li>\n<\/ul>\n\n\n\n<h3 class=\"wp-block-heading\"><strong>Consideraciones Especiales<\/strong><\/h3>\n\n\n\n<p>Aunque la regla de que todas las palabras sobreesdr\u00fajulas llevan tilde es simple y directa, hay algunos aspectos adicionales a considerar:<\/p>\n\n\n\n<ul class=\"wp-block-list\">\n<li><strong>Pronombres Encl\u00edticos:<\/strong> Es crucial reconocer cu\u00e1ndo un verbo se combina con pronombres encl\u00edticos (pronombres que se a\u00f1aden al final de un verbo, formando una sola palabra con \u00e9l). Por ejemplo, en \u00abcomprarlo\u00bb (comprar + lo) y \u00abd\u00e1melo\u00bb (da + me + lo), los pronombres \u00ablo\u00bb y \u00abme\u00bb + \u00ablo\u00bb son encl\u00edticos, para formar una palabra sobreesdr\u00fajula. Esto es esencial para aplicar correctamente la regla de acentuaci\u00f3n.<\/li>\n\n\n\n<li><strong>Verbos en Diferentes Formas:<\/strong> Las sobreesdr\u00fajulas se forman principalmente con verbos en imperativo, infinitivo o gerundio. Al estudiar la acentuaci\u00f3n, es \u00fatil practicar con varios verbos en estas formas junto con diferentes pronombres encl\u00edticos.<\/li>\n\n\n\n<li><strong>Longitud de la Palabra:<\/strong> La longitud de las palabras sobreesdr\u00fajulas puede variar, pero siempre siguen la misma regla de acentuaci\u00f3n. Es importante poder identificar la s\u00edlaba t\u00f3nica sin importar cu\u00e1n larga sea la palabra.<\/li>\n<\/ul>\n\n\n\n<h2 class=\"wp-block-heading\">Caracter\u00edsticas y Reglas de Acentuaci\u00f3n de las Palabras Esdr\u00fajulas<\/h2>\n\n\n<div class=\"wp-block-image\">\n<figure class=\"alignleft size-large is-resized\"><img loading=\"lazy\" decoding=\"async\" width=\"1024\" height=\"1024\" src=\"http:\/\/imecaf.com\/blog\/wp-content\/uploads\/E-1024x1024.jpg\" alt=\"Acentuaci\u00f3n de Palabras Esdr\u00fajulas\" class=\"wp-image-14863\" style=\"width:112px;height:auto\" srcset=\"https:\/\/imecaf.com\/blog\/wp-content\/uploads\/E-1024x1024.jpg 1024w, https:\/\/imecaf.com\/blog\/wp-content\/uploads\/E-300x300.jpg 300w, https:\/\/imecaf.com\/blog\/wp-content\/uploads\/E-150x150.jpg 150w, https:\/\/imecaf.com\/blog\/wp-content\/uploads\/E-768x768.jpg 768w, https:\/\/imecaf.com\/blog\/wp-content\/uploads\/E.jpg 1080w\" sizes=\"auto, (max-width: 1024px) 100vw, 1024px\" \/><\/figure>\n<\/div>\n\n\n<p>Las palabras esdr\u00fajulas son aquellas cuya s\u00edlaba t\u00f3nica se encuentra en la antepen\u00faltima s\u00edlaba. <\/p>\n\n\n\n<p>Este tipo de palabras tiene una regla de acentuaci\u00f3n clara y precisa, que facilita su identificaci\u00f3n y correcta escritura.<\/p>\n\n\n\n<h3 class=\"wp-block-heading\"><strong>Caracter\u00edsticas de las Palabras Esdr\u00fajulas<\/strong><\/h3>\n\n\n\n<p><strong>Posici\u00f3n de la S\u00edlaba T\u00f3nica:<\/strong><\/p>\n\n\n\n<p>La s\u00edlaba t\u00f3nica de las palabras esdr\u00fajulas es la tercera s\u00edlaba desde el final hacia el principio de la palabra.<\/p>\n\n\n\n<p><strong>Frecuencia y Uso:<\/strong><\/p>\n\n\n\n<p>Las palabras esdr\u00fajulas son relativamente comunes en espa\u00f1ol y pueden encontrarse en diversas categor\u00edas gramaticales, incluyendo sustantivos, adjetivos, verbos y adverbios.<\/p>\n\n\n\n<p><strong>Diversidad:<\/strong><\/p>\n\n\n\n<p>Las esdr\u00fajulas abarcan una amplia variedad de palabras, desde t\u00e9rminos simples y cotidianos hasta t\u00e9rminos m\u00e1s t\u00e9cnicos y espec\u00edficos.<\/p>\n\n\n\n<h3 class=\"wp-block-heading\"><strong>Ejemplos de Palabras Esdr\u00fajulas<\/strong><\/h3>\n\n\n\n<ol class=\"wp-block-list\">\n<li>M\u00fasica<\/li>\n\n\n\n<li>\u00c1baco<\/li>\n\n\n\n<li>P\u00e1jaro<\/li>\n\n\n\n<li>C\u00e1lido<\/li>\n\n\n\n<li>L\u00f3gico<\/li>\n\n\n\n<li>Esdr\u00fajula<\/li>\n<\/ol>\n\n\n\n<h3 class=\"wp-block-heading\"><strong>Reglas de Acentuaci\u00f3n de las Esdr\u00fajulas<\/strong><\/h3>\n\n\n\n<p><strong>Tilde Obligatoria:<\/strong><\/p>\n\n\n\n<p>Todas las palabras esdr\u00fajulas llevan tilde sin excepci\u00f3n. Esta regla es muy sencilla y no tiene excepciones, lo que facilita su aprendizaje y aplicaci\u00f3n.<\/p>\n\n\n\n<p>Esto se debe a la necesidad de marcar claramente la s\u00edlaba t\u00f3nica en una posici\u00f3n menos com\u00fan y menos intuitiva para los hablantes y lectores.<\/p>\n\n\n\n<h3 class=\"wp-block-heading\"><strong>Ejemplos de Acentuaci\u00f3n<\/strong><\/h3>\n\n\n\n<p><strong>M\u00fasica:<\/strong><\/p>\n\n\n\n<ul class=\"wp-block-list\">\n<li>S\u00edlaba t\u00f3nica: <strong><u>m\u00fa<\/u><\/strong>-si-ca<\/li>\n\n\n\n<li>Posici\u00f3n: antepen\u00faltima<\/li>\n\n\n\n<li>Regla: Lleva tilde<\/li>\n<\/ul>\n\n\n\n<p><strong>\u00c1baco:<\/strong><\/p>\n\n\n\n<ul class=\"wp-block-list\">\n<li>S\u00edlaba t\u00f3nica: <strong><u>\u00e1<\/u><\/strong>-ba-co<\/li>\n\n\n\n<li>Posici\u00f3n: antepen\u00faltima<\/li>\n\n\n\n<li>Regla: Lleva tilde<\/li>\n<\/ul>\n\n\n\n<p><strong>P\u00e1jaro:<\/strong><\/p>\n\n\n\n<ul class=\"wp-block-list\">\n<li>S\u00edlaba t\u00f3nica: <strong><u>p\u00e1<\/u><\/strong>-ja-ro<\/li>\n\n\n\n<li>Posici\u00f3n: antepen\u00faltima<\/li>\n\n\n\n<li>Regla: Lleva tilde<\/li>\n<\/ul>\n\n\n\n<p><strong>C\u00e1lido:<\/strong><\/p>\n\n\n\n<ul class=\"wp-block-list\">\n<li>S\u00edlaba t\u00f3nica: <strong><u>c\u00e1<\/u><\/strong>-li-do<\/li>\n\n\n\n<li>Posici\u00f3n: antepen\u00faltima<\/li>\n\n\n\n<li>Regla: Lleva tilde<\/li>\n<\/ul>\n\n\n\n<p><strong>L\u00f3gico:<\/strong><\/p>\n\n\n\n<ul class=\"wp-block-list\">\n<li>S\u00edlaba t\u00f3nica: <strong><u>l\u00f3<\/u><\/strong>-gi-co<\/li>\n\n\n\n<li>Posici\u00f3n: antepen\u00faltima<\/li>\n\n\n\n<li>Regla: Lleva tilde<\/li>\n<\/ul>\n\n\n\n<p><strong>Esdr\u00fajula:<\/strong><\/p>\n\n\n\n<ul class=\"wp-block-list\">\n<li>S\u00edlaba t\u00f3nica: es-<strong><u>dr\u00fa<\/u><\/strong>-ju-la<\/li>\n\n\n\n<li>Posici\u00f3n: antepen\u00faltima<\/li>\n\n\n\n<li>Regla: Lleva tilde<\/li>\n<\/ul>\n\n\n\n<h3 class=\"wp-block-heading\"><strong>Casos Espec\u00edficos y Consideraciones Adicionales<\/strong><\/h3>\n\n\n\n<p>A pesar de que todas las palabras esdr\u00fajulas llevan tilde, existen algunos aspectos adicionales que vale la pena considerar:<\/p>\n\n\n\n<p><strong>Palabras con Prefijos o Sufijos:<\/strong><\/p>\n\n\n\n<p>Al a\u00f1adir prefijos o sufijos a una palabra, esta puede convertirse en esdr\u00fajula y seguir la regla de acentuaci\u00f3n correspondiente.<\/p>\n\n\n\n<p><strong>Ejemplo:<\/strong><\/p>\n\n\n\n<p>\u00c1gil (aguda) \u2192 \u00c1gilmente (esdr\u00fajula) lleva tilde debido a la regla general.<\/p>\n\n\n\n<p><strong>Formas Verbales:<\/strong><\/p>\n\n\n\n<p>Las formas verbales conjugadas pueden ser esdr\u00fajulas y siempre llevan tilde.<\/p>\n\n\n\n<p><strong>Ejemplo:<\/strong><\/p>\n\n\n\n<p>Cant\u00e1bamos (pret\u00e9rito imperfecto del verbo cantar) lleva tilde.<\/p>\n\n\n\n<p><strong>Palabras T\u00e9cnicas y Cient\u00edficas:<\/strong><\/p>\n\n\n\n<p>Muchos t\u00e9rminos t\u00e9cnicos y cient\u00edficos son esdr\u00fajulas y llevan tilde.<\/p>\n\n\n\n<p><strong>Ejemplo:<\/strong><\/p>\n\n\n\n<p>Matem\u00e1ticas (ma-te-m\u00e1-ti-cas) lleva tilde.<\/p>\n\n\n\n<h2 class=\"wp-block-heading\">Caracter\u00edsticas y Reglas de Acentuaci\u00f3n de las Palabras Graves (Llanas)<\/h2>\n\n\n<div class=\"wp-block-image\">\n<figure class=\"alignleft size-large is-resized\"><img loading=\"lazy\" decoding=\"async\" width=\"1024\" height=\"1024\" src=\"http:\/\/imecaf.com\/blog\/wp-content\/uploads\/G-1024x1024.jpg\" alt=\"Acentuaci\u00f3n de Palabras Graves\" class=\"wp-image-14864\" style=\"width:113px;height:auto\" srcset=\"https:\/\/imecaf.com\/blog\/wp-content\/uploads\/G-1024x1024.jpg 1024w, https:\/\/imecaf.com\/blog\/wp-content\/uploads\/G-300x300.jpg 300w, https:\/\/imecaf.com\/blog\/wp-content\/uploads\/G-150x150.jpg 150w, https:\/\/imecaf.com\/blog\/wp-content\/uploads\/G-768x768.jpg 768w, https:\/\/imecaf.com\/blog\/wp-content\/uploads\/G.jpg 1080w\" sizes=\"auto, (max-width: 1024px) 100vw, 1024px\" \/><\/figure>\n<\/div>\n\n\n<p>Las palabras graves, tambi\u00e9n conocidas como llanas, son aquellas cuya s\u00edlaba t\u00f3nica se encuentra en la pen\u00faltima s\u00edlaba. <\/p>\n\n\n\n<p>Estas palabras son muy comunes en espa\u00f1ol y su acentuaci\u00f3n sigue reglas espec\u00edficas que dependen de su terminaci\u00f3n.<\/p>\n\n\n\n<h3 class=\"wp-block-heading\"><strong>Caracter\u00edsticas de las Palabras Graves<\/strong><\/h3>\n\n\n\n<p><strong>Posici\u00f3n de la S\u00edlaba T\u00f3nica:<\/strong><\/p>\n\n\n\n<p>La s\u00edlaba t\u00f3nica de las palabras graves es la segunda s\u00edlaba desde el final hacia el principio de la palabra.<\/p>\n\n\n\n<p><strong>Frecuencia y Uso:<\/strong><\/p>\n\n\n\n<p>Las palabras graves son muy comunes en espa\u00f1ol y abarcan una amplia variedad de categor\u00edas gramaticales, incluyendo sustantivos, adjetivos, verbos, adverbios, entre otros.<\/p>\n\n\n\n<p><strong>Diversidad:<\/strong><\/p>\n\n\n\n<p>Las palabras graves pueden ser simples y cotidianas o m\u00e1s t\u00e9cnicas y espec\u00edficas, lo que las hace presentes en todo tipo de textos y contextos.<\/p>\n\n\n\n<h3 class=\"wp-block-heading\"><strong>Ejemplos de Palabras Graves<\/strong><\/h3>\n\n\n\n<ol class=\"wp-block-list\">\n<li>Mesa<\/li>\n\n\n\n<li>\u00c1rbol<\/li>\n\n\n\n<li>L\u00e1piz<\/li>\n\n\n\n<li>Dif\u00edcil<\/li>\n\n\n\n<li>F\u00e1cil<\/li>\n\n\n\n<li>Joven<\/li>\n<\/ol>\n\n\n\n<h3 class=\"wp-block-heading\"><strong>Reglas de Acentuaci\u00f3n de las Palabras Graves<\/strong><\/h3>\n\n\n\n<p><strong>Llevan Tilde:<\/strong><\/p>\n\n\n\n<p>Las palabras graves llevan tilde cuando no terminan en n, s o vocal.<\/p>\n\n\n\n<p>Esta regla ayuda a marcar claramente la s\u00edlaba t\u00f3nica cuando la terminaci\u00f3n de la palabra no facilita su identificaci\u00f3n.<\/p>\n\n\n\n<p><strong>No Llevan Tilde:<\/strong><\/p>\n\n\n\n<p>Las palabras graves no llevan tilde cuando terminan en n, s o vocal. En estos casos, la acentuaci\u00f3n se entiende por la estructura y fon\u00e9tica natural de la palabra.<\/p>\n\n\n\n<h3 class=\"wp-block-heading\"><strong>Ejemplos de Acentuaci\u00f3n<\/strong><\/h3>\n\n\n\n<p><strong>\u00c1rbol:<\/strong><\/p>\n\n\n\n<ul class=\"wp-block-list\">\n<li>S\u00edlaba t\u00f3nica: <strong><u>\u00e1r<\/u><\/strong>-bol<\/li>\n\n\n\n<li>Posici\u00f3n: pen\u00faltima<\/li>\n\n\n\n<li>Terminaci\u00f3n: l<\/li>\n\n\n\n<li>Regla: Lleva tilde (no termina en n, s o vocal)<\/li>\n<\/ul>\n\n\n\n<p><strong>Mesa:<\/strong><\/p>\n\n\n\n<ul class=\"wp-block-list\">\n<li>S\u00edlaba t\u00f3nica: <strong><u>me<\/u><\/strong>-sa<\/li>\n\n\n\n<li>Posici\u00f3n: pen\u00faltima<\/li>\n\n\n\n<li>Terminaci\u00f3n: a<\/li>\n\n\n\n<li>Regla: No lleva tilde (termina en vocal)<\/li>\n<\/ul>\n\n\n\n<p><strong>L\u00e1piz:<\/strong><\/p>\n\n\n\n<ul class=\"wp-block-list\">\n<li>S\u00edlaba t\u00f3nica: <strong><u>l\u00e1<\/u><\/strong>-piz<\/li>\n\n\n\n<li>Posici\u00f3n: pen\u00faltima<\/li>\n\n\n\n<li>Terminaci\u00f3n: z<\/li>\n\n\n\n<li>Regla: Lleva tilde (no termina en n, s o vocal)<\/li>\n<\/ul>\n\n\n\n<p><strong>Dif\u00edcil:<\/strong><\/p>\n\n\n\n<ul class=\"wp-block-list\">\n<li>S\u00edlaba t\u00f3nica: di-<strong><u>f\u00ed<\/u><\/strong>-cil<\/li>\n\n\n\n<li>Posici\u00f3n: pen\u00faltima<\/li>\n\n\n\n<li>Terminaci\u00f3n: l<\/li>\n\n\n\n<li>Regla: Lleva tilde (no termina en n, s o vocal)<\/li>\n<\/ul>\n\n\n\n<p><strong>Joven:<\/strong><\/p>\n\n\n\n<ul class=\"wp-block-list\">\n<li>S\u00edlaba t\u00f3nica: <strong><u>jo<\/u><\/strong>-ven<\/li>\n\n\n\n<li>Posici\u00f3n: pen\u00faltima<\/li>\n\n\n\n<li>Terminaci\u00f3n: n<\/li>\n\n\n\n<li>Regla: No lleva tilde (termina en n)<\/li>\n<\/ul>\n\n\n\n<p><strong>F\u00e1cil:<\/strong><\/p>\n\n\n\n<ul class=\"wp-block-list\">\n<li>S\u00edlaba t\u00f3nica: <strong><u>f\u00e1<\/u><\/strong>-cil<\/li>\n\n\n\n<li>Posici\u00f3n: pen\u00faltima<\/li>\n\n\n\n<li>Terminaci\u00f3n: l<\/li>\n\n\n\n<li>Regla: Lleva tilde (no termina en n, s o vocal)<\/li>\n<\/ul>\n\n\n\n<h3 class=\"wp-block-heading\"><strong>Casos Espec\u00edficos y Consideraciones Adicionales<\/strong><\/h3>\n\n\n\n<p>A pesar de las reglas generales, hay ciertos aspectos adicionales y excepciones que deben considerarse:<\/p>\n\n\n\n<p><strong>Palabras con Prefijos o Sufijos:<\/strong><\/p>\n\n\n\n<p>Al a\u00f1adir prefijos o sufijos a una palabra, su clasificaci\u00f3n como grave puede cambiar y, con ello, la aplicaci\u00f3n de la regla de acentuaci\u00f3n.<\/p>\n\n\n\n<p><strong>Ejemplo:<\/strong><\/p>\n\n\n\n<p>F\u00e1cil (grave) \u2192 F\u00e1cilmente (esdr\u00fajula) lleva tilde debido a la regla de esdr\u00fajulas.<\/p>\n\n\n\n<p><strong>Palabras Compuestas:<\/strong><\/p>\n\n\n\n<p>En las palabras compuestas, la acentuaci\u00f3n sigue las reglas generales, pero debe considerarse la palabra completa.<\/p>\n\n\n\n<p><strong>Ejemplo:<\/strong><\/p>\n\n\n\n<p>Parabrisas (pa-ra-bri-sas): No lleva tilde (termina en s).<\/p>\n\n\n\n<h2 class=\"wp-block-heading\">Caracter\u00edsticas y Reglas de Acentuaci\u00f3n de las Palabras Agudas<\/h2>\n\n\n<div class=\"wp-block-image\">\n<figure class=\"alignleft size-large is-resized\"><img loading=\"lazy\" decoding=\"async\" width=\"1024\" height=\"1024\" src=\"http:\/\/imecaf.com\/blog\/wp-content\/uploads\/A-1024x1024.jpg\" alt=\"Agudas\" class=\"wp-image-14866\" style=\"width:111px;height:auto\" srcset=\"https:\/\/imecaf.com\/blog\/wp-content\/uploads\/A-1024x1024.jpg 1024w, https:\/\/imecaf.com\/blog\/wp-content\/uploads\/A-300x300.jpg 300w, https:\/\/imecaf.com\/blog\/wp-content\/uploads\/A-150x150.jpg 150w, https:\/\/imecaf.com\/blog\/wp-content\/uploads\/A-768x768.jpg 768w, https:\/\/imecaf.com\/blog\/wp-content\/uploads\/A.jpg 1080w\" sizes=\"auto, (max-width: 1024px) 100vw, 1024px\" \/><\/figure>\n<\/div>\n\n\n<p>Las palabras agudas son aquellas cuya s\u00edlaba t\u00f3nica se encuentra en la \u00faltima s\u00edlaba. <\/p>\n\n\n\n<p>Estas palabras son muy comunes en espa\u00f1ol y su acentuaci\u00f3n sigue reglas espec\u00edficas que dependen de su terminaci\u00f3n.<\/p>\n\n\n\n<h3 class=\"wp-block-heading\"><strong>Caracter\u00edsticas de las Palabras Agudas<\/strong><\/h3>\n\n\n\n<p><strong>Posici\u00f3n de la S\u00edlaba T\u00f3nica:<\/strong><\/p>\n\n\n\n<p>La s\u00edlaba t\u00f3nica de las palabras agudas es la primera s\u00edlaba desde el final hacia el principio de la palabra.<\/p>\n\n\n\n<p><strong>Frecuencia y Uso:<\/strong><\/p>\n\n\n\n<p>Las palabras agudas son muy comunes en espa\u00f1ol y abarcan una amplia variedad de categor\u00edas gramaticales, incluyendo sustantivos, adjetivos, verbos, adverbios, entre otros.<\/p>\n\n\n\n<p><strong>Diversidad:<\/strong><\/p>\n\n\n\n<p>Las palabras agudas pueden ser simples y cotidianas o m\u00e1s t\u00e9cnicas y espec\u00edficas, lo que las hace presentes en todo tipo de textos y contextos.<\/p>\n\n\n\n<h3 class=\"wp-block-heading\"><strong>Ejemplos de Palabras Agudas<\/strong><\/h3>\n\n\n\n<ol class=\"wp-block-list\">\n<li>Caf\u00e9<\/li>\n\n\n\n<li>Coraz\u00f3n<\/li>\n\n\n\n<li>Televisi\u00f3n<\/li>\n\n\n\n<li>Pared<\/li>\n\n\n\n<li>Canci\u00f3n<\/li>\n\n\n\n<li>Comer<\/li>\n<\/ol>\n\n\n\n<h3 class=\"wp-block-heading\"><strong>Reglas de Acentuaci\u00f3n de las Palabras Agudas<\/strong><\/h3>\n\n\n\n<p><strong>Llevan Tilde:<\/strong><\/p>\n\n\n\n<p>Las palabras agudas llevan tilde cuando terminan en n, s o vocal.<\/p>\n\n\n\n<p>Esta regla ayuda a marcar claramente la s\u00edlaba t\u00f3nica cuando la terminaci\u00f3n de la palabra podr\u00eda generar ambig\u00fcedad o dificultad en la pronunciaci\u00f3n.<\/p>\n\n\n\n<p><strong>No Llevan Tilde:<\/strong><\/p>\n\n\n\n<p>Las palabras agudas no llevan tilde cuando terminan en consonantes diferentes de n o s. En estos casos, la acentuaci\u00f3n se entiende por la estructura y fon\u00e9tica natural de la palabra.<\/p>\n\n\n\n<h3 class=\"wp-block-heading\"><strong>Ejemplos de Acentuaci\u00f3n<\/strong><\/h3>\n\n\n\n<p><strong>Caf\u00e9:<\/strong><\/p>\n\n\n\n<ul class=\"wp-block-list\">\n<li>S\u00edlaba t\u00f3nica: ca-<strong><u>f\u00e9<\/u><\/strong><\/li>\n\n\n\n<li>Posici\u00f3n: \u00faltima<\/li>\n\n\n\n<li>Terminaci\u00f3n: e<\/li>\n\n\n\n<li>Regla: Lleva tilde (termina en vocal)<\/li>\n<\/ul>\n\n\n\n<p><strong>Coraz\u00f3n:<\/strong><\/p>\n\n\n\n<ul class=\"wp-block-list\">\n<li>S\u00edlaba t\u00f3nica: co-ra-<strong><u>z\u00f3n<\/u><\/strong><\/li>\n\n\n\n<li>Posici\u00f3n: \u00faltima<\/li>\n\n\n\n<li>Terminaci\u00f3n: n<\/li>\n\n\n\n<li>Regla: Lleva tilde (termina en n)<\/li>\n<\/ul>\n\n\n\n<p><strong>Televisi\u00f3n:<\/strong><\/p>\n\n\n\n<ul class=\"wp-block-list\">\n<li>S\u00edlaba t\u00f3nica: te-le-vi-<strong><u>si\u00f3n<\/u><\/strong><\/li>\n\n\n\n<li>Posici\u00f3n: \u00faltima<\/li>\n\n\n\n<li>Terminaci\u00f3n: n<\/li>\n\n\n\n<li>Regla: Lleva tilde (termina en n)<\/li>\n<\/ul>\n\n\n\n<p><strong>Pared:<\/strong><\/p>\n\n\n\n<ul class=\"wp-block-list\">\n<li>S\u00edlaba t\u00f3nica: pa-<strong><u>red<\/u><\/strong><\/li>\n\n\n\n<li>Posici\u00f3n: \u00faltima<\/li>\n\n\n\n<li>Terminaci\u00f3n: d<\/li>\n\n\n\n<li>Regla: No lleva tilde (no termina en n, s o vocal)<\/li>\n<\/ul>\n\n\n\n<p><strong>Canci\u00f3n:<\/strong><\/p>\n\n\n\n<ul class=\"wp-block-list\">\n<li>S\u00edlaba t\u00f3nica: can-<strong><u>ci\u00f3n<\/u><\/strong><\/li>\n\n\n\n<li>Posici\u00f3n: \u00faltima<\/li>\n\n\n\n<li>Terminaci\u00f3n: n<\/li>\n\n\n\n<li>Regla: Lleva tilde (termina en n)<\/li>\n<\/ul>\n\n\n\n<p><strong>Comer:<\/strong><\/p>\n\n\n\n<ul class=\"wp-block-list\">\n<li>S\u00edlaba t\u00f3nica: co-<strong><u>mer<\/u><\/strong><\/li>\n\n\n\n<li>Posici\u00f3n: \u00faltima<\/li>\n\n\n\n<li>Terminaci\u00f3n: r<\/li>\n\n\n\n<li>Regla: No lleva tilde (no termina en n, s o vocal)<\/li>\n<\/ul>\n\n\n\n<h3 class=\"wp-block-heading\"><strong>Casos Espec\u00edficos y Consideraciones Adicionales<\/strong><\/h3>\n\n\n\n<p>A pesar de las reglas generales, hay ciertos aspectos adicionales y excepciones que deben considerarse:<\/p>\n\n\n\n<p><strong>Palabras Monos\u00edlabas:<\/strong><\/p>\n\n\n\n<p>Generalmente, las palabras monos\u00edlabas no llevan tilde. Sin embargo, algunas llevan tilde diacr\u00edtica para diferenciarse de otras con significados diferentes.<\/p>\n\n\n\n<p><strong>Ejemplo:<\/strong><\/p>\n\n\n\n<p>S\u00ed (afirmaci\u00f3n) vs. Si (condicional).<\/p>\n\n\n\n<p>S\u00e9 (forma del verbo \u00absaber\u00bb en primera persona del singular del presente de indicativo) vs. Se (pronombre personal).<\/p>\n\n\n\n<p>M\u00e1s (adverbio de cantidad) vs. Mas (conjunci\u00f3n adversativa).<\/p>\n\n\n\n<p><strong>Palabras Hom\u00f3nimas:<\/strong><\/p>\n\n\n\n<p>Algunas palabras hom\u00f3nimas (palabras que se pronuncian igual pero tienen diferentes significados) pueden diferenciarse con la acentuaci\u00f3n.<\/p>\n\n\n\n<p><strong>Ejemplo:<\/strong><\/p>\n\n\n\n<p>T\u00fa (pronombre personal) vs. Tu (posesivo).<\/p>\n\n\n\n<p>\u00c9l (pronombre personal) vs. El (art\u00edculo definido).<\/p>\n\n\n\n<p>T\u00e9 (infusi\u00f3n) vs. Te (pronombre personal).<\/p>\n\n\n\n<p><strong>Palabras con Hiatos y Diptongos:<\/strong><\/p>\n\n\n\n<p>En palabras con hiatos (dos vocales consecutivas que se pronuncian en s\u00edlabas separadas), puede ser necesario a\u00f1adir una tilde para indicar la separaci\u00f3n.<\/p>\n\n\n\n<p><strong>Ejemplo:<\/strong><\/p>\n\n\n\n<p>Ra\u00edz (ra-<strong><u>\u00edz<\/u><\/strong>): Lleva tilde para separar las vocales.<\/p>\n\n\n\n<p>O\u00edr (o-<strong><u>\u00edr<\/u><\/strong>): Lleva tilde para separar las vocales.<\/p>\n\n\n\n<h2 class=\"wp-block-heading\"><strong>Aplicaci\u00f3n del M\u00e9todo SEGA<\/strong><\/h2>\n\n\n\n<p>Para aplicar el m\u00e9todo SEGA correctamente, se debe seguir un proceso sistem\u00e1tico para identificar la posici\u00f3n de la s\u00edlaba t\u00f3nica y determinar si la palabra necesita acento ortogr\u00e1fico. A continuaci\u00f3n, se presentan los pasos detallados:<\/p>\n\n\n<div class=\"wp-block-image\">\n<figure class=\"aligncenter size-large is-resized\"><img loading=\"lazy\" decoding=\"async\" width=\"819\" height=\"1024\" src=\"http:\/\/imecaf.com\/blog\/wp-content\/uploads\/SEGA-819x1024.jpg\" alt=\"Aplicaci\u00f3n del M\u00e9todo SEGA\" class=\"wp-image-14867\" style=\"width:361px;height:auto\" srcset=\"https:\/\/imecaf.com\/blog\/wp-content\/uploads\/SEGA-819x1024.jpg 819w, https:\/\/imecaf.com\/blog\/wp-content\/uploads\/SEGA-240x300.jpg 240w, https:\/\/imecaf.com\/blog\/wp-content\/uploads\/SEGA-768x960.jpg 768w, https:\/\/imecaf.com\/blog\/wp-content\/uploads\/SEGA.jpg 1080w\" sizes=\"auto, (max-width: 819px) 100vw, 819px\" \/><\/figure>\n<\/div>\n\n\n<h3 class=\"wp-block-heading\"><strong>Identificaci\u00f3n de la S\u00edlaba T\u00f3nica<\/strong><\/h3>\n\n\n\n<p>Leer la palabra y determinar cu\u00e1l es la s\u00edlaba que se pronuncia con mayor intensidad.<\/p>\n\n\n\n<p><strong>Ejemplos:<\/strong><\/p>\n\n\n\n<p>Para la palabra camin\u00f3, la s\u00edlaba t\u00f3nica es -n\u00f3.<\/p>\n\n\n\n<p>Para la palabra ventana, la s\u00edlaba t\u00f3nica es -ta.<\/p>\n\n\n\n<h3 class=\"wp-block-heading\"><strong>Clasificaci\u00f3n de la Palabra seg\u00fan SEGA<\/strong><\/h3>\n\n\n\n<p>Seg\u00fan la posici\u00f3n de la s\u00edlaba t\u00f3nica, clasificar la palabra en una de las cuatro categor\u00edas del m\u00e9todo SEGA.<\/p>\n\n\n\n<p><strong>Ejemplos:<\/strong><\/p>\n\n\n\n<p>Camin\u00f3 es aguda (t\u00f3nica en la \u00faltima s\u00edlaba).<\/p>\n\n\n\n<p>Ventana es grave (t\u00f3nica en la pen\u00faltima s\u00edlaba).<\/p>\n\n\n\n<h3 class=\"wp-block-heading\"><strong>Aplicaci\u00f3n de la Regla Correspondiente<\/strong><\/h3>\n\n\n\n<p>Revisar la regla espec\u00edfica para la categor\u00eda correspondiente.<\/p>\n\n\n\n<p><strong>Ejemplos:<\/strong><\/p>\n\n\n\n<p>Camin\u00f3 (aguda): termina en vocal, por lo tanto, lleva tilde.<\/p>\n\n\n\n<p>&nbsp;Ventana (grave): no termina en n, s o vocal, por lo tanto, no lleva tilde.<\/p>\n\n\n\n<h2 class=\"wp-block-heading\">Conclusi\u00f3n<\/h2>\n\n\n\n<p>El m\u00e9todo SEGA es una herramienta efectiva para aprender y aplicar las reglas de acentuaci\u00f3n en espa\u00f1ol. Al seguir los pasos de identificaci\u00f3n de la s\u00edlaba t\u00f3nica, clasificaci\u00f3n de la palabra y aplicaci\u00f3n de la regla correspondiente, se puede determinar con precisi\u00f3n cu\u00e1ndo una palabra necesita tilde. Aunque existen casos especiales y excepciones, el m\u00e9todo SEGA proporciona una base s\u00f3lida para comprender la acentuaci\u00f3n en la mayor\u00eda de las palabras en espa\u00f1ol.<\/p>\n\n\n\n<p>Adem\u00e1s, para aquellos interesados en mejorar sus habilidades de escritura y ortograf\u00eda, recomendamos nuestro <a href=\"https:\/\/imecaf.com\/36\"><strong>curso de redacci\u00f3n y ortograf\u00eda<\/strong><\/a>, donde se profundiza en el uso de herramientas como el m\u00e9todo SEGA y se ofrecen ejercicios pr\u00e1cticos para perfeccionar estas habilidades. Con pr\u00e1ctica y atenci\u00f3n a los detalles, cualquier persona puede dominar estas reglas y mejorar tanto su escritura como su pronunciaci\u00f3n en espa\u00f1ol.<\/p>\n\n\n<figure class=\"wp-block-image\"><a href=\"http:\/\/imecaf.com\/blog\/wp-content\/uploads\/Acentuacion-de-Palabras-Metodo-SEGA.pdf\"><img decoding=\"async\" style=\"width: 303px; height: auto;\" src=\"http:\/\/imecaf.com\/blog\/wp-content\/uploads\/Descargar-PDF-e1708732610860-1024x317.png\" alt=\"Acentuaci\u00f3n de Palabras - Descargar PDF\" \/><\/a><\/figure>","protected":false},"excerpt":{"rendered":"<p>La acentuaci\u00f3n de palabras en espa\u00f1ol es una parte esencial de la ortograf\u00eda y la correcta pronunciaci\u00f3n del idioma. Para facilitar el aprendizaje de las reglas de acentuaci\u00f3n, existe el m\u00e9todo SEGA, un recurso mnemot\u00e9cnico que simplifica la comprensi\u00f3n de cu\u00e1ndo y c\u00f3mo se deben acentuar las palabras. Este art\u00edculo se adentra en el m\u00e9todo &#8230; <a title=\"Acentuaci\u00f3n de Palabras: M\u00e9todo SEGA\" class=\"read-more\" href=\"https:\/\/imecaf.com\/blog\/2024\/05\/24\/acentuacion-de-palabras-metodo-sega\/\">Leer m\u00e1s <span class=\"screen-reader-text\">Acentuaci\u00f3n de Palabras: M\u00e9todo SEGA<\/span><\/a><\/p>\n","protected":false},"author":2,"featured_media":14861,"comment_status":"open","ping_status":"closed","sticky":false,"template":"","format":"standard","meta":{"footnotes":""},"categories":[476,10],"tags":[10494,10495,10499,10497,10498,10500,10496,1074],"class_list":["post-14860","post","type-post","status-publish","format-standard","has-post-thumbnail","hentry","category-articulos-desarrollohumano","category-desarrollohumano","tag-acentuacion-de-palabras","tag-metodo-sega","tag-palabras-agudas","tag-palabras-esdrujulas","tag-palabras-graves","tag-palabras-llanas","tag-palabras-sobresdrujulas","tag-reglas-de-acentuacion"],"yoast_head":"<!-- This site is optimized with the Yoast SEO plugin v27.4 - https:\/\/yoast.com\/product\/yoast-seo-wordpress\/ -->\n<title>Acentuaci\u00f3n de Palabras: M\u00e9todo SEGA - IMECAF - Blog<\/title>\n<meta name=\"description\" content=\"Aprende las reglas de acentuaci\u00f3n de palabras usando el M\u00e9todo SEGA. Gu\u00eda completa sobre sobreesdr\u00fajulas, esdr\u00fajulas, graves y agudas.\" \/>\n<meta name=\"robots\" content=\"index, follow, max-snippet:-1, max-image-preview:large, max-video-preview:-1\" \/>\n<link rel=\"canonical\" href=\"https:\/\/imecaf.com\/blog\/2024\/05\/24\/acentuacion-de-palabras-metodo-sega\/\" \/>\n<meta property=\"og:locale\" content=\"es_ES\" \/>\n<meta property=\"og:type\" content=\"article\" \/>\n<meta property=\"og:title\" content=\"Acentuaci\u00f3n de Palabras: M\u00e9todo SEGA\" \/>\n<meta property=\"og:description\" content=\"Aprende las reglas de acentuaci\u00f3n de palabras usando el M\u00e9todo SEGA. Gu\u00eda completa sobre sobreesdr\u00fajulas, esdr\u00fajulas, graves y agudas.\" \/>\n<meta property=\"og:url\" content=\"https:\/\/imecaf.com\/blog\/2024\/05\/24\/acentuacion-de-palabras-metodo-sega\/\" \/>\n<meta property=\"og:site_name\" content=\"IMECAF - Blog\" \/>\n<meta property=\"article:publisher\" content=\"https:\/\/www.facebook.com\/IMECAF\" \/>\n<meta property=\"article:published_time\" content=\"2024-05-25T00:36:24+00:00\" \/>\n<meta property=\"article:modified_time\" content=\"2024-12-02T20:05:58+00:00\" \/>\n<meta property=\"og:image\" content=\"https:\/\/imecaf.com\/blog\/wp-content\/uploads\/SEGA-Cover.jpg\" \/>\n\t<meta property=\"og:image:width\" content=\"1000\" \/>\n\t<meta property=\"og:image:height\" content=\"665\" \/>\n\t<meta property=\"og:image:type\" content=\"image\/jpeg\" \/>\n<meta name=\"author\" content=\"Equipo de IMECAF\" \/>\n<meta name=\"twitter:card\" content=\"summary_large_image\" \/>\n<meta name=\"twitter:title\" content=\"Acentuaci\u00f3n de Palabras: M\u00e9todo SEGA\" \/>\n<meta name=\"twitter:description\" content=\"Aprende las reglas de acentuaci\u00f3n de palabras usando el M\u00e9todo SEGA. Gu\u00eda completa sobre sobreesdr\u00fajulas, esdr\u00fajulas, graves y agudas.\" \/>\n<meta name=\"twitter:image\" content=\"https:\/\/imecaf.com\/blog\/wp-content\/uploads\/SEGA-Cover.jpg\" \/>\n<meta name=\"twitter:creator\" content=\"@imecaf\" \/>\n<meta name=\"twitter:site\" content=\"@imecaf\" \/>\n<meta name=\"twitter:label1\" content=\"Escrito por\" \/>\n\t<meta name=\"twitter:data1\" content=\"Equipo de IMECAF\" \/>\n\t<meta name=\"twitter:label2\" content=\"Tiempo de lectura\" \/>\n\t<meta name=\"twitter:data2\" content=\"12 minutos\" \/>\n<script type=\"application\/ld+json\" class=\"yoast-schema-graph\">{\"@context\":\"https:\\\/\\\/schema.org\",\"@graph\":[{\"@type\":\"Article\",\"@id\":\"https:\\\/\\\/imecaf.com\\\/blog\\\/2024\\\/05\\\/24\\\/acentuacion-de-palabras-metodo-sega\\\/#article\",\"isPartOf\":{\"@id\":\"https:\\\/\\\/imecaf.com\\\/blog\\\/2024\\\/05\\\/24\\\/acentuacion-de-palabras-metodo-sega\\\/\"},\"author\":{\"name\":\"Equipo de IMECAF\",\"@id\":\"https:\\\/\\\/imecaf.com\\\/blog\\\/#\\\/schema\\\/person\\\/a69b9f3972250aa0b1fdb798f094b4c7\"},\"headline\":\"Acentuaci\u00f3n de Palabras: M\u00e9todo SEGA\",\"datePublished\":\"2024-05-25T00:36:24+00:00\",\"dateModified\":\"2024-12-02T20:05:58+00:00\",\"mainEntityOfPage\":{\"@id\":\"https:\\\/\\\/imecaf.com\\\/blog\\\/2024\\\/05\\\/24\\\/acentuacion-de-palabras-metodo-sega\\\/\"},\"wordCount\":2648,\"commentCount\":0,\"publisher\":{\"@id\":\"https:\\\/\\\/imecaf.com\\\/blog\\\/#organization\"},\"image\":{\"@id\":\"https:\\\/\\\/imecaf.com\\\/blog\\\/2024\\\/05\\\/24\\\/acentuacion-de-palabras-metodo-sega\\\/#primaryimage\"},\"thumbnailUrl\":\"https:\\\/\\\/imecaf.com\\\/blog\\\/wp-content\\\/uploads\\\/SEGA-Cover.jpg\",\"keywords\":[\"acentuacion de palabras\",\"metodo sega\",\"palabras agudas\",\"palabras esdrujulas\",\"palabras graves\",\"palabras llanas\",\"palabras sobresdrujulas\",\"reglas de acentuacion\"],\"articleSection\":[\"Art\u00edculos\",\"Desarrollo Humano\"],\"inLanguage\":\"es\",\"potentialAction\":[{\"@type\":\"CommentAction\",\"name\":\"Comment\",\"target\":[\"https:\\\/\\\/imecaf.com\\\/blog\\\/2024\\\/05\\\/24\\\/acentuacion-de-palabras-metodo-sega\\\/#respond\"]}]},{\"@type\":\"WebPage\",\"@id\":\"https:\\\/\\\/imecaf.com\\\/blog\\\/2024\\\/05\\\/24\\\/acentuacion-de-palabras-metodo-sega\\\/\",\"url\":\"https:\\\/\\\/imecaf.com\\\/blog\\\/2024\\\/05\\\/24\\\/acentuacion-de-palabras-metodo-sega\\\/\",\"name\":\"Acentuaci\u00f3n de Palabras: M\u00e9todo SEGA - IMECAF - Blog\",\"isPartOf\":{\"@id\":\"https:\\\/\\\/imecaf.com\\\/blog\\\/#website\"},\"primaryImageOfPage\":{\"@id\":\"https:\\\/\\\/imecaf.com\\\/blog\\\/2024\\\/05\\\/24\\\/acentuacion-de-palabras-metodo-sega\\\/#primaryimage\"},\"image\":{\"@id\":\"https:\\\/\\\/imecaf.com\\\/blog\\\/2024\\\/05\\\/24\\\/acentuacion-de-palabras-metodo-sega\\\/#primaryimage\"},\"thumbnailUrl\":\"https:\\\/\\\/imecaf.com\\\/blog\\\/wp-content\\\/uploads\\\/SEGA-Cover.jpg\",\"datePublished\":\"2024-05-25T00:36:24+00:00\",\"dateModified\":\"2024-12-02T20:05:58+00:00\",\"description\":\"Aprende las reglas de acentuaci\u00f3n de palabras usando el M\u00e9todo SEGA. Gu\u00eda completa sobre sobreesdr\u00fajulas, esdr\u00fajulas, graves y agudas.\",\"breadcrumb\":{\"@id\":\"https:\\\/\\\/imecaf.com\\\/blog\\\/2024\\\/05\\\/24\\\/acentuacion-de-palabras-metodo-sega\\\/#breadcrumb\"},\"inLanguage\":\"es\",\"potentialAction\":[{\"@type\":\"ReadAction\",\"target\":[\"https:\\\/\\\/imecaf.com\\\/blog\\\/2024\\\/05\\\/24\\\/acentuacion-de-palabras-metodo-sega\\\/\"]}]},{\"@type\":\"ImageObject\",\"inLanguage\":\"es\",\"@id\":\"https:\\\/\\\/imecaf.com\\\/blog\\\/2024\\\/05\\\/24\\\/acentuacion-de-palabras-metodo-sega\\\/#primaryimage\",\"url\":\"https:\\\/\\\/imecaf.com\\\/blog\\\/wp-content\\\/uploads\\\/SEGA-Cover.jpg\",\"contentUrl\":\"https:\\\/\\\/imecaf.com\\\/blog\\\/wp-content\\\/uploads\\\/SEGA-Cover.jpg\",\"width\":1000,\"height\":665},{\"@type\":\"BreadcrumbList\",\"@id\":\"https:\\\/\\\/imecaf.com\\\/blog\\\/2024\\\/05\\\/24\\\/acentuacion-de-palabras-metodo-sega\\\/#breadcrumb\",\"itemListElement\":[{\"@type\":\"ListItem\",\"position\":1,\"name\":\"Portada\",\"item\":\"https:\\\/\\\/imecaf.com\\\/blog\\\/\"},{\"@type\":\"ListItem\",\"position\":2,\"name\":\"Acentuaci\u00f3n de Palabras: M\u00e9todo SEGA\"}]},{\"@type\":\"WebSite\",\"@id\":\"https:\\\/\\\/imecaf.com\\\/blog\\\/#website\",\"url\":\"https:\\\/\\\/imecaf.com\\\/blog\\\/\",\"name\":\"IMECAF\",\"description\":\"Un lugar para expresar y compartir inquietudes dentro del mundo de la educaci\u00f3n.\",\"publisher\":{\"@id\":\"https:\\\/\\\/imecaf.com\\\/blog\\\/#organization\"},\"potentialAction\":[{\"@type\":\"SearchAction\",\"target\":{\"@type\":\"EntryPoint\",\"urlTemplate\":\"https:\\\/\\\/imecaf.com\\\/blog\\\/?s={search_term_string}\"},\"query-input\":{\"@type\":\"PropertyValueSpecification\",\"valueRequired\":true,\"valueName\":\"search_term_string\"}}],\"inLanguage\":\"es\"},{\"@type\":\"Organization\",\"@id\":\"https:\\\/\\\/imecaf.com\\\/blog\\\/#organization\",\"name\":\"IMECAF - Instituto Mexicano de Contabilidad, Administraci\u00f3n y Finanzas\",\"url\":\"https:\\\/\\\/imecaf.com\\\/blog\\\/\",\"logo\":{\"@type\":\"ImageObject\",\"inLanguage\":\"es\",\"@id\":\"https:\\\/\\\/imecaf.com\\\/blog\\\/#\\\/schema\\\/logo\\\/image\\\/\",\"url\":\"https:\\\/\\\/imecaf.com\\\/blog\\\/wp-content\\\/uploads\\\/IMECAF.Logo_.25.png\",\"contentUrl\":\"https:\\\/\\\/imecaf.com\\\/blog\\\/wp-content\\\/uploads\\\/IMECAF.Logo_.25.png\",\"width\":350,\"height\":350,\"caption\":\"IMECAF - Instituto Mexicano de Contabilidad, Administraci\u00f3n y Finanzas\"},\"image\":{\"@id\":\"https:\\\/\\\/imecaf.com\\\/blog\\\/#\\\/schema\\\/logo\\\/image\\\/\"},\"sameAs\":[\"https:\\\/\\\/www.facebook.com\\\/IMECAF\",\"https:\\\/\\\/x.com\\\/imecaf\",\"https:\\\/\\\/www.linkedin.com\\\/company\\\/imecaf\\\/\",\"https:\\\/\\\/www.youtube.com\\\/imecaf\",\"https:\\\/\\\/www.instagram.com\\\/imecaf_mx\\\/\",\"https:\\\/\\\/imecaf.negocio.site\\\/\"]},{\"@type\":\"Person\",\"@id\":\"https:\\\/\\\/imecaf.com\\\/blog\\\/#\\\/schema\\\/person\\\/a69b9f3972250aa0b1fdb798f094b4c7\",\"name\":\"Equipo de IMECAF\",\"image\":{\"@type\":\"ImageObject\",\"inLanguage\":\"es\",\"@id\":\"https:\\\/\\\/secure.gravatar.com\\\/avatar\\\/4b4242953c12937bd47e298d7922b4d01ffafe2955ce4235d318b8950782aa13?s=96&d=mm&r=g\",\"url\":\"https:\\\/\\\/secure.gravatar.com\\\/avatar\\\/4b4242953c12937bd47e298d7922b4d01ffafe2955ce4235d318b8950782aa13?s=96&d=mm&r=g\",\"contentUrl\":\"https:\\\/\\\/secure.gravatar.com\\\/avatar\\\/4b4242953c12937bd47e298d7922b4d01ffafe2955ce4235d318b8950782aa13?s=96&d=mm&r=g\",\"caption\":\"Equipo de IMECAF\"},\"url\":\"https:\\\/\\\/imecaf.com\\\/blog\\\/author\\\/mfonticoba\\\/\"}]}<\/script>\n<!-- \/ Yoast SEO plugin. -->","yoast_head_json":{"title":"Acentuaci\u00f3n de Palabras: M\u00e9todo SEGA - IMECAF - Blog","description":"Aprende las reglas de acentuaci\u00f3n de palabras usando el M\u00e9todo SEGA. Gu\u00eda completa sobre sobreesdr\u00fajulas, esdr\u00fajulas, graves y agudas.","robots":{"index":"index","follow":"follow","max-snippet":"max-snippet:-1","max-image-preview":"max-image-preview:large","max-video-preview":"max-video-preview:-1"},"canonical":"https:\/\/imecaf.com\/blog\/2024\/05\/24\/acentuacion-de-palabras-metodo-sega\/","og_locale":"es_ES","og_type":"article","og_title":"Acentuaci\u00f3n de Palabras: M\u00e9todo SEGA","og_description":"Aprende las reglas de acentuaci\u00f3n de palabras usando el M\u00e9todo SEGA. Gu\u00eda completa sobre sobreesdr\u00fajulas, esdr\u00fajulas, graves y agudas.","og_url":"https:\/\/imecaf.com\/blog\/2024\/05\/24\/acentuacion-de-palabras-metodo-sega\/","og_site_name":"IMECAF - Blog","article_publisher":"https:\/\/www.facebook.com\/IMECAF","article_published_time":"2024-05-25T00:36:24+00:00","article_modified_time":"2024-12-02T20:05:58+00:00","og_image":[{"width":1000,"height":665,"url":"https:\/\/imecaf.com\/blog\/wp-content\/uploads\/SEGA-Cover.jpg","type":"image\/jpeg"}],"author":"Equipo de IMECAF","twitter_card":"summary_large_image","twitter_title":"Acentuaci\u00f3n de Palabras: M\u00e9todo SEGA","twitter_description":"Aprende las reglas de acentuaci\u00f3n de palabras usando el M\u00e9todo SEGA. Gu\u00eda completa sobre sobreesdr\u00fajulas, esdr\u00fajulas, graves y agudas.","twitter_image":"https:\/\/imecaf.com\/blog\/wp-content\/uploads\/SEGA-Cover.jpg","twitter_creator":"@imecaf","twitter_site":"@imecaf","twitter_misc":{"Escrito por":"Equipo de IMECAF","Tiempo de lectura":"12 minutos"},"schema":{"@context":"https:\/\/schema.org","@graph":[{"@type":"Article","@id":"https:\/\/imecaf.com\/blog\/2024\/05\/24\/acentuacion-de-palabras-metodo-sega\/#article","isPartOf":{"@id":"https:\/\/imecaf.com\/blog\/2024\/05\/24\/acentuacion-de-palabras-metodo-sega\/"},"author":{"name":"Equipo de IMECAF","@id":"https:\/\/imecaf.com\/blog\/#\/schema\/person\/a69b9f3972250aa0b1fdb798f094b4c7"},"headline":"Acentuaci\u00f3n de Palabras: M\u00e9todo SEGA","datePublished":"2024-05-25T00:36:24+00:00","dateModified":"2024-12-02T20:05:58+00:00","mainEntityOfPage":{"@id":"https:\/\/imecaf.com\/blog\/2024\/05\/24\/acentuacion-de-palabras-metodo-sega\/"},"wordCount":2648,"commentCount":0,"publisher":{"@id":"https:\/\/imecaf.com\/blog\/#organization"},"image":{"@id":"https:\/\/imecaf.com\/blog\/2024\/05\/24\/acentuacion-de-palabras-metodo-sega\/#primaryimage"},"thumbnailUrl":"https:\/\/imecaf.com\/blog\/wp-content\/uploads\/SEGA-Cover.jpg","keywords":["acentuacion de palabras","metodo sega","palabras agudas","palabras esdrujulas","palabras graves","palabras llanas","palabras sobresdrujulas","reglas de acentuacion"],"articleSection":["Art\u00edculos","Desarrollo Humano"],"inLanguage":"es","potentialAction":[{"@type":"CommentAction","name":"Comment","target":["https:\/\/imecaf.com\/blog\/2024\/05\/24\/acentuacion-de-palabras-metodo-sega\/#respond"]}]},{"@type":"WebPage","@id":"https:\/\/imecaf.com\/blog\/2024\/05\/24\/acentuacion-de-palabras-metodo-sega\/","url":"https:\/\/imecaf.com\/blog\/2024\/05\/24\/acentuacion-de-palabras-metodo-sega\/","name":"Acentuaci\u00f3n de Palabras: M\u00e9todo SEGA - IMECAF - Blog","isPartOf":{"@id":"https:\/\/imecaf.com\/blog\/#website"},"primaryImageOfPage":{"@id":"https:\/\/imecaf.com\/blog\/2024\/05\/24\/acentuacion-de-palabras-metodo-sega\/#primaryimage"},"image":{"@id":"https:\/\/imecaf.com\/blog\/2024\/05\/24\/acentuacion-de-palabras-metodo-sega\/#primaryimage"},"thumbnailUrl":"https:\/\/imecaf.com\/blog\/wp-content\/uploads\/SEGA-Cover.jpg","datePublished":"2024-05-25T00:36:24+00:00","dateModified":"2024-12-02T20:05:58+00:00","description":"Aprende las reglas de acentuaci\u00f3n de palabras usando el M\u00e9todo SEGA. Gu\u00eda completa sobre sobreesdr\u00fajulas, esdr\u00fajulas, graves y agudas.","breadcrumb":{"@id":"https:\/\/imecaf.com\/blog\/2024\/05\/24\/acentuacion-de-palabras-metodo-sega\/#breadcrumb"},"inLanguage":"es","potentialAction":[{"@type":"ReadAction","target":["https:\/\/imecaf.com\/blog\/2024\/05\/24\/acentuacion-de-palabras-metodo-sega\/"]}]},{"@type":"ImageObject","inLanguage":"es","@id":"https:\/\/imecaf.com\/blog\/2024\/05\/24\/acentuacion-de-palabras-metodo-sega\/#primaryimage","url":"https:\/\/imecaf.com\/blog\/wp-content\/uploads\/SEGA-Cover.jpg","contentUrl":"https:\/\/imecaf.com\/blog\/wp-content\/uploads\/SEGA-Cover.jpg","width":1000,"height":665},{"@type":"BreadcrumbList","@id":"https:\/\/imecaf.com\/blog\/2024\/05\/24\/acentuacion-de-palabras-metodo-sega\/#breadcrumb","itemListElement":[{"@type":"ListItem","position":1,"name":"Portada","item":"https:\/\/imecaf.com\/blog\/"},{"@type":"ListItem","position":2,"name":"Acentuaci\u00f3n de Palabras: M\u00e9todo SEGA"}]},{"@type":"WebSite","@id":"https:\/\/imecaf.com\/blog\/#website","url":"https:\/\/imecaf.com\/blog\/","name":"IMECAF","description":"Un lugar para expresar y compartir inquietudes dentro del mundo de la educaci\u00f3n.","publisher":{"@id":"https:\/\/imecaf.com\/blog\/#organization"},"potentialAction":[{"@type":"SearchAction","target":{"@type":"EntryPoint","urlTemplate":"https:\/\/imecaf.com\/blog\/?s={search_term_string}"},"query-input":{"@type":"PropertyValueSpecification","valueRequired":true,"valueName":"search_term_string"}}],"inLanguage":"es"},{"@type":"Organization","@id":"https:\/\/imecaf.com\/blog\/#organization","name":"IMECAF - Instituto Mexicano de Contabilidad, Administraci\u00f3n y Finanzas","url":"https:\/\/imecaf.com\/blog\/","logo":{"@type":"ImageObject","inLanguage":"es","@id":"https:\/\/imecaf.com\/blog\/#\/schema\/logo\/image\/","url":"https:\/\/imecaf.com\/blog\/wp-content\/uploads\/IMECAF.Logo_.25.png","contentUrl":"https:\/\/imecaf.com\/blog\/wp-content\/uploads\/IMECAF.Logo_.25.png","width":350,"height":350,"caption":"IMECAF - Instituto Mexicano de Contabilidad, Administraci\u00f3n y Finanzas"},"image":{"@id":"https:\/\/imecaf.com\/blog\/#\/schema\/logo\/image\/"},"sameAs":["https:\/\/www.facebook.com\/IMECAF","https:\/\/x.com\/imecaf","https:\/\/www.linkedin.com\/company\/imecaf\/","https:\/\/www.youtube.com\/imecaf","https:\/\/www.instagram.com\/imecaf_mx\/","https:\/\/imecaf.negocio.site\/"]},{"@type":"Person","@id":"https:\/\/imecaf.com\/blog\/#\/schema\/person\/a69b9f3972250aa0b1fdb798f094b4c7","name":"Equipo de IMECAF","image":{"@type":"ImageObject","inLanguage":"es","@id":"https:\/\/secure.gravatar.com\/avatar\/4b4242953c12937bd47e298d7922b4d01ffafe2955ce4235d318b8950782aa13?s=96&d=mm&r=g","url":"https:\/\/secure.gravatar.com\/avatar\/4b4242953c12937bd47e298d7922b4d01ffafe2955ce4235d318b8950782aa13?s=96&d=mm&r=g","contentUrl":"https:\/\/secure.gravatar.com\/avatar\/4b4242953c12937bd47e298d7922b4d01ffafe2955ce4235d318b8950782aa13?s=96&d=mm&r=g","caption":"Equipo de IMECAF"},"url":"https:\/\/imecaf.com\/blog\/author\/mfonticoba\/"}]}},"_links":{"self":[{"href":"https:\/\/imecaf.com\/blog\/wp-json\/wp\/v2\/posts\/14860","targetHints":{"allow":["GET"]}}],"collection":[{"href":"https:\/\/imecaf.com\/blog\/wp-json\/wp\/v2\/posts"}],"about":[{"href":"https:\/\/imecaf.com\/blog\/wp-json\/wp\/v2\/types\/post"}],"author":[{"embeddable":true,"href":"https:\/\/imecaf.com\/blog\/wp-json\/wp\/v2\/users\/2"}],"replies":[{"embeddable":true,"href":"https:\/\/imecaf.com\/blog\/wp-json\/wp\/v2\/comments?post=14860"}],"version-history":[{"count":0,"href":"https:\/\/imecaf.com\/blog\/wp-json\/wp\/v2\/posts\/14860\/revisions"}],"wp:featuredmedia":[{"embeddable":true,"href":"https:\/\/imecaf.com\/blog\/wp-json\/wp\/v2\/media\/14861"}],"wp:attachment":[{"href":"https:\/\/imecaf.com\/blog\/wp-json\/wp\/v2\/media?parent=14860"}],"wp:term":[{"taxonomy":"category","embeddable":true,"href":"https:\/\/imecaf.com\/blog\/wp-json\/wp\/v2\/categories?post=14860"},{"taxonomy":"post_tag","embeddable":true,"href":"https:\/\/imecaf.com\/blog\/wp-json\/wp\/v2\/tags?post=14860"}],"curies":[{"name":"wp","href":"https:\/\/api.w.org\/{rel}","templated":true}]}}