{"id":15366,"date":"2024-07-17T18:11:41","date_gmt":"2024-07-18T00:11:41","guid":{"rendered":"http:\/\/imecaf.com\/blog\/?p=15366"},"modified":"2025-02-14T11:36:26","modified_gmt":"2025-02-14T17:36:26","slug":"liderazgo-digital","status":"publish","type":"post","link":"https:\/\/imecaf.com\/blog\/2024\/07\/17\/liderazgo-digital\/","title":{"rendered":"Liderazgo Digital: Adaptaci\u00f3n y Competencias Clave"},"content":{"rendered":"<span class=\"span-reading-time rt-reading-time\" style=\"display: block;\"><span class=\"rt-label rt-prefix\">Tiempo de lectura:<\/span> <span class=\"rt-time\"> 8<\/span> <span class=\"rt-label rt-postfix\">minutos<\/span><\/span>\n<figure class=\"wp-block-image size-large\"><a href=\"http:\/\/imecaf.com\/blog\/wp-content\/uploads\/Liderazgo-en-la-era-digital.jpeg\"><img loading=\"lazy\" decoding=\"async\" width=\"1024\" height=\"701\" src=\"http:\/\/imecaf.com\/blog\/wp-content\/uploads\/Liderazgo-en-la-era-digital-1024x701.jpeg\" alt=\"Liderazgo Digital\" class=\"wp-image-15367\" srcset=\"https:\/\/imecaf.com\/blog\/wp-content\/uploads\/Liderazgo-en-la-era-digital-1024x701.jpeg 1024w, https:\/\/imecaf.com\/blog\/wp-content\/uploads\/Liderazgo-en-la-era-digital-300x205.jpeg 300w, https:\/\/imecaf.com\/blog\/wp-content\/uploads\/Liderazgo-en-la-era-digital-768x525.jpeg 768w, https:\/\/imecaf.com\/blog\/wp-content\/uploads\/Liderazgo-en-la-era-digital.jpeg 1216w\" sizes=\"auto, (max-width: 1024px) 100vw, 1024px\" \/><\/a><\/figure>\n\n\n\n<p>La era digital ha tra\u00eddo consigo una transformaci\u00f3n profunda en todos los aspectos de la vida y los negocios. Desde la automatizaci\u00f3n de procesos hasta la inteligencia artificial y el trabajo remoto, la digitalizaci\u00f3n ha reconfigurado el panorama empresarial. En este contexto, el liderazgo tambi\u00e9n debe evolucionar para adaptarse a los nuevos desaf\u00edos y oportunidades. Este art\u00edculo explora c\u00f3mo la tecnolog\u00eda est\u00e1 cambiando el liderazgo y las competencias clave que los l\u00edderes necesitan en la era digital.<\/p>\n\n\n\n<figure class=\"wp-block-embed is-type-video is-provider-youtube wp-block-embed-youtube wp-embed-aspect-16-9 wp-has-aspect-ratio\"><div class=\"wp-block-embed__wrapper\">\n<iframe loading=\"lazy\" title=\"Puntos Clave sobre Liderazgo en la era Digital #liderazgo #eradigital #transformaci\u00f3ndigital\" width=\"1200\" height=\"675\" src=\"https:\/\/www.youtube.com\/embed\/ux3xyh2MXhg?feature=oembed\" frameborder=\"0\" allow=\"accelerometer; autoplay; clipboard-write; encrypted-media; gyroscope; picture-in-picture; web-share\" referrerpolicy=\"strict-origin-when-cross-origin\" allowfullscreen><\/iframe>\n<\/div><\/figure>\n\n\n\n<h2 class=\"wp-block-heading\"><strong>La Transformaci\u00f3n del Entorno Laboral<\/strong><\/h2>\n\n\n\n<p>La digitalizaci\u00f3n ha cambiado la forma en que trabajamos. Las herramientas de comunicaci\u00f3n y colaboraci\u00f3n en l\u00ednea, como Slack, Microsoft Teams y Zoom, permiten a los equipos trabajar juntos sin importar su ubicaci\u00f3n geogr\u00e1fica. Esto ha llevado al auge del trabajo remoto y los equipos distribuidos, lo que requiere una nueva forma de liderazgo que pueda gestionar eficazmente a un equipo disperso.<\/p>\n\n\n<div class=\"wp-block-image\">\n<figure class=\"alignleft size-large is-resized\"><img loading=\"lazy\" decoding=\"async\" width=\"1024\" height=\"701\" src=\"http:\/\/imecaf.com\/blog\/wp-content\/uploads\/la-transformacion-del-entorno-laboral-1024x701.jpeg\" alt=\"Liderazgo Digital - Trasformaci\u00f3n del Entorno Laboral\" class=\"wp-image-15368\" style=\"width:417px;height:auto\" srcset=\"https:\/\/imecaf.com\/blog\/wp-content\/uploads\/la-transformacion-del-entorno-laboral-1024x701.jpeg 1024w, https:\/\/imecaf.com\/blog\/wp-content\/uploads\/la-transformacion-del-entorno-laboral-300x205.jpeg 300w, https:\/\/imecaf.com\/blog\/wp-content\/uploads\/la-transformacion-del-entorno-laboral-768x525.jpeg 768w, https:\/\/imecaf.com\/blog\/wp-content\/uploads\/la-transformacion-del-entorno-laboral.jpeg 1216w\" sizes=\"auto, (max-width: 1024px) 100vw, 1024px\" \/><\/figure>\n<\/div>\n\n\n<p>Adem\u00e1s, la inteligencia artificial y el an\u00e1lisis de datos est\u00e1n revolucionando la<strong> <a href=\"https:\/\/imecaf.com\/41\"><u>toma de decisiones<\/u><\/a><\/strong>. Los l\u00edderes ahora tienen acceso a una cantidad sin precedentes de datos, que pueden utilizar para tomar decisiones m\u00e1s informadas y estrat\u00e9gicas. Sin embargo, esto tambi\u00e9n significa que deben estar preparados para interpretar y utilizar estos datos de manera efectiva.<\/p>\n\n\n\n<p>La<a href=\"https:\/\/imecaf.com\/518\"><u><strong> transformaci\u00f3n digital<\/strong><\/u><\/a> tambi\u00e9n ha acelerado la necesidad de<strong> <a href=\"https:\/\/imecaf.com\/348\"><u>innovaci\u00f3n<\/u><\/a><\/strong> constante. Las empresas deben adaptarse r\u00e1pidamente a las nuevas tecnolog\u00edas para mantenerse competitivas. Los l\u00edderes deben ser pioneros en la adopci\u00f3n de nuevas tecnolog\u00edas y fomentar una mentalidad de innovaci\u00f3n continua en sus equipos.<\/p>\n\n\n\n<h2 class=\"wp-block-heading\"><strong>Competencias Clave para el Liderazgo Digital<\/strong><\/h2>\n\n\n<div class=\"wp-block-image\">\n<figure class=\"alignleft size-large is-resized\"><img loading=\"lazy\" decoding=\"async\" width=\"1024\" height=\"683\" src=\"http:\/\/imecaf.com\/blog\/wp-content\/uploads\/adaptabilidad-1-1024x683.jpg\" alt=\"Liderazgo Digital - Adaptabilidad\" class=\"wp-image-15369\" style=\"width:346px;height:auto\" srcset=\"https:\/\/imecaf.com\/blog\/wp-content\/uploads\/adaptabilidad-1-1024x683.jpg 1024w, https:\/\/imecaf.com\/blog\/wp-content\/uploads\/adaptabilidad-1-300x200.jpg 300w, https:\/\/imecaf.com\/blog\/wp-content\/uploads\/adaptabilidad-1-768x512.jpg 768w, https:\/\/imecaf.com\/blog\/wp-content\/uploads\/adaptabilidad-1-1536x1024.jpg 1536w, https:\/\/imecaf.com\/blog\/wp-content\/uploads\/adaptabilidad-1-2048x1365.jpg 2048w\" sizes=\"auto, (max-width: 1024px) 100vw, 1024px\" \/><\/figure>\n<\/div>\n\n\n<h3 class=\"wp-block-heading\"><strong>Adaptabilidad<\/strong><\/h3>\n\n\n\n<p>La rapidez con la que la tecnolog\u00eda cambia requiere que los l\u00edderes sean extremadamente adaptables. Deben estar dispuestos a aprender continuamente y a adoptar nuevas tecnolog\u00edas y metodolog\u00edas. La adaptabilidad implica no solo la capacidad de cambiar de rumbo cuando sea necesario, sino tambi\u00e9n la disposici\u00f3n a experimentar y tomar riesgos calculados. Los l\u00edderes adaptables pueden anticipar cambios en el entorno empresarial y responder de manera proactiva, lo que les permite aprovechar las nuevas oportunidades antes que sus competidores.<\/p>\n\n\n<div class=\"wp-block-image\">\n<figure class=\"alignleft size-large is-resized\"><img loading=\"lazy\" decoding=\"async\" width=\"1024\" height=\"683\" src=\"http:\/\/imecaf.com\/blog\/wp-content\/uploads\/comunicacion-digital-1024x683.jpg\" alt=\"Liderazgo Digital - Comunicaci\u00f3n\" class=\"wp-image-15370\" style=\"width:344px;height:auto\" srcset=\"https:\/\/imecaf.com\/blog\/wp-content\/uploads\/comunicacion-digital-1024x683.jpg 1024w, https:\/\/imecaf.com\/blog\/wp-content\/uploads\/comunicacion-digital-300x200.jpg 300w, https:\/\/imecaf.com\/blog\/wp-content\/uploads\/comunicacion-digital-768x512.jpg 768w, https:\/\/imecaf.com\/blog\/wp-content\/uploads\/comunicacion-digital-1536x1024.jpg 1536w, https:\/\/imecaf.com\/blog\/wp-content\/uploads\/comunicacion-digital-2048x1365.jpg 2048w\" sizes=\"auto, (max-width: 1024px) 100vw, 1024px\" \/><\/figure>\n<\/div>\n\n\n<h3 class=\"wp-block-heading\"><strong>Comunicaci\u00f3n Digital<\/strong><\/h3>\n\n\n\n<p>Con equipos trabajando de manera remota, la <a href=\"https:\/\/imecaf.com\/83\"><u><strong>comunicaci\u00f3n efectiva<\/strong><\/u><\/a> es m\u00e1s crucial que nunca. Los l\u00edderes deben dominar las herramientas de comunicaci\u00f3n digital y asegurarse de que todos los miembros del equipo est\u00e9n alineados y comprometidos. Esto incluye la capacidad de utilizar plataformas de videoconferencia, aplicaciones de mensajer\u00eda instant\u00e1nea y herramientas de colaboraci\u00f3n en la nube. Adem\u00e1s, deben ser h\u00e1biles en la comunicaci\u00f3n escrita y verbal, adapt\u00e1ndose a diferentes contextos y audiencias. La transparencia y la claridad en la comunicaci\u00f3n son esenciales para mantener la cohesi\u00f3n del equipo y evitar malentendidos.<\/p>\n\n\n<div class=\"wp-block-image\">\n<figure class=\"alignleft size-large is-resized\"><img loading=\"lazy\" decoding=\"async\" width=\"1024\" height=\"683\" src=\"http:\/\/imecaf.com\/blog\/wp-content\/uploads\/gestion-del-cambio-1024x683.jpg\" alt=\"Liderazgo Digital - Gesti\u00f3n del Cambio\" class=\"wp-image-15371\" style=\"width:343px;height:auto\" srcset=\"https:\/\/imecaf.com\/blog\/wp-content\/uploads\/gestion-del-cambio-1024x683.jpg 1024w, https:\/\/imecaf.com\/blog\/wp-content\/uploads\/gestion-del-cambio-300x200.jpg 300w, https:\/\/imecaf.com\/blog\/wp-content\/uploads\/gestion-del-cambio-768x512.jpg 768w, https:\/\/imecaf.com\/blog\/wp-content\/uploads\/gestion-del-cambio-1536x1024.jpg 1536w, https:\/\/imecaf.com\/blog\/wp-content\/uploads\/gestion-del-cambio-2048x1365.jpg 2048w\" sizes=\"auto, (max-width: 1024px) 100vw, 1024px\" \/><\/figure>\n<\/div>\n\n\n<h3 class=\"wp-block-heading\"><strong>Gesti\u00f3n del Cambio<\/strong><\/h3>\n\n\n\n<p>La implementaci\u00f3n de nuevas tecnolog\u00edas puede generar resistencia. Los l\u00edderes deben ser h\u00e1biles en la <a href=\"https:\/\/imecaf.com\/176\"><u><strong>gesti\u00f3n del cambio<\/strong><\/u><\/a>, comunicando claramente los beneficios y apoyando a su equipo durante la transici\u00f3n. Esto incluye la capacidad de identificar y abordar las preocupaciones de los empleados, proporcionar formaci\u00f3n y recursos adecuados, y fomentar una cultura que acepte y celebre el cambio. Los l\u00edderes efectivos en la <a href=\"https:\/\/imecaf.com\/387\"><u><strong>gesti\u00f3n del cambio<\/strong><\/u><\/a> son capaces de inspirar confianza y motivar a sus equipos a abrazar nuevas maneras de trabajar, lo que facilita una transici\u00f3n m\u00e1s suave y exitosa.<\/p>\n\n\n<div class=\"wp-block-image\">\n<figure class=\"alignleft size-large is-resized\"><img loading=\"lazy\" decoding=\"async\" width=\"1024\" height=\"574\" src=\"http:\/\/imecaf.com\/blog\/wp-content\/uploads\/vision-estrategica-1024x574.jpg\" alt=\"Liderazgo Digital - Visi\u00f3n Estrat\u00e9gica\" class=\"wp-image-15372\" style=\"width:344px;height:auto\" srcset=\"https:\/\/imecaf.com\/blog\/wp-content\/uploads\/vision-estrategica-1024x574.jpg 1024w, https:\/\/imecaf.com\/blog\/wp-content\/uploads\/vision-estrategica-300x168.jpg 300w, https:\/\/imecaf.com\/blog\/wp-content\/uploads\/vision-estrategica-768x430.jpg 768w, https:\/\/imecaf.com\/blog\/wp-content\/uploads\/vision-estrategica-1536x861.jpg 1536w, https:\/\/imecaf.com\/blog\/wp-content\/uploads\/vision-estrategica-2048x1148.jpg 2048w\" sizes=\"auto, (max-width: 1024px) 100vw, 1024px\" \/><\/figure>\n<\/div>\n\n\n<h3 class=\"wp-block-heading\"><strong>Visi\u00f3n Estrat\u00e9gica<\/strong><\/h3>\n\n\n\n<p>La capacidad de ver m\u00e1s all\u00e1 de la tecnolog\u00eda y entender c\u00f3mo puede ser utilizada para alcanzar los objetivos de la organizaci\u00f3n es esencial. Los l\u00edderes deben tener una visi\u00f3n estrat\u00e9gica y ser capaces de alinear la tecnolog\u00eda con los objetivos empresariales. Esto implica una comprensi\u00f3n profunda de las tendencias del mercado, las necesidades del cliente y las capacidades tecnol\u00f3gicas emergentes. Los l\u00edderes con visi\u00f3n estrat\u00e9gica pueden identificar oportunidades de crecimiento y desarrollar planes a largo plazo que incorporen innovaciones tecnol\u00f3gicas de manera efectiva, asegurando que la organizaci\u00f3n se mantenga competitiva y relevante.<\/p>\n\n\n<div class=\"wp-block-image\">\n<figure class=\"alignleft size-large is-resized\"><img loading=\"lazy\" decoding=\"async\" width=\"1024\" height=\"771\" src=\"http:\/\/imecaf.com\/blog\/wp-content\/uploads\/cultura-de-innovacion-1024x771.jpg\" alt=\"Liderazgo Digital - Cultura de Innovaci\u00f3n\" class=\"wp-image-15373\" style=\"width:342px;height:auto\" srcset=\"https:\/\/imecaf.com\/blog\/wp-content\/uploads\/cultura-de-innovacion-1024x771.jpg 1024w, https:\/\/imecaf.com\/blog\/wp-content\/uploads\/cultura-de-innovacion-300x226.jpg 300w, https:\/\/imecaf.com\/blog\/wp-content\/uploads\/cultura-de-innovacion-768x578.jpg 768w, https:\/\/imecaf.com\/blog\/wp-content\/uploads\/cultura-de-innovacion-1536x1157.jpg 1536w, https:\/\/imecaf.com\/blog\/wp-content\/uploads\/cultura-de-innovacion-2048x1543.jpg 2048w\" sizes=\"auto, (max-width: 1024px) 100vw, 1024px\" \/><\/figure>\n<\/div>\n\n\n<h3 class=\"wp-block-heading\"><strong>Cultura de Innovaci\u00f3n<\/strong><\/h3>\n\n\n\n<p>Fomentar una cultura que valore y premie la innovaci\u00f3n es clave. Los l\u00edderes deben inspirar a sus equipos a ser<strong> <a href=\"https:\/\/imecaf.com\/514\"><u>creativos<\/u><\/a><\/strong> y a buscar constantemente nuevas formas de mejorar. Esto incluye la creaci\u00f3n de un entorno de trabajo que estimule la experimentaci\u00f3n y acepte el fracaso como una parte natural del proceso de innovaci\u00f3n. Los l\u00edderes pueden establecer programas de incentivos para recompensar las ideas innovadoras y proporcionar a los empleados el tiempo y los recursos necesarios para explorar nuevas iniciativas. Una cultura de innovaci\u00f3n no solo impulsa el desarrollo de productos y servicios novedosos, sino que tambi\u00e9n mejora la moral del equipo y fomenta un sentido de prop\u00f3sito y pertenencia.<\/p>\n\n\n<div class=\"wp-block-image\">\n<figure class=\"alignleft size-large is-resized\"><img loading=\"lazy\" decoding=\"async\" width=\"1024\" height=\"683\" src=\"http:\/\/imecaf.com\/blog\/wp-content\/uploads\/etica-y-responsabilidad-1024x683.jpg\" alt=\"Liderazgo Digital - \u00c9tica y Responsabilidad\" class=\"wp-image-15374\" style=\"width:342px;height:auto\" srcset=\"https:\/\/imecaf.com\/blog\/wp-content\/uploads\/etica-y-responsabilidad-1024x683.jpg 1024w, https:\/\/imecaf.com\/blog\/wp-content\/uploads\/etica-y-responsabilidad-300x200.jpg 300w, https:\/\/imecaf.com\/blog\/wp-content\/uploads\/etica-y-responsabilidad-768x512.jpg 768w, https:\/\/imecaf.com\/blog\/wp-content\/uploads\/etica-y-responsabilidad-1536x1024.jpg 1536w, https:\/\/imecaf.com\/blog\/wp-content\/uploads\/etica-y-responsabilidad-2048x1365.jpg 2048w\" sizes=\"auto, (max-width: 1024px) 100vw, 1024px\" \/><\/figure>\n<\/div>\n\n\n<h3 class=\"wp-block-heading\"><strong>\u00c9tica y Responsabilidad<\/strong><\/h3>\n\n\n\n<p>Con la creciente dependencia de la tecnolog\u00eda, los problemas \u00e9ticos, como la privacidad y la seguridad de los datos, se vuelven m\u00e1s prominentes. Los l\u00edderes deben asegurarse de que su uso de la tecnolog\u00eda sea responsable y \u00e9tico. Esto incluye la implementaci\u00f3n de pol\u00edticas robustas de protecci\u00f3n de datos, la transparencia en el uso de la informaci\u00f3n personal y la promoci\u00f3n de pr\u00e1cticas de negocio sostenibles. Los l\u00edderes deben estar al tanto de las normativas y leyes relacionadas con la tecnolog\u00eda y asegurarse de que su organizaci\u00f3n cumpla con ellas. Adem\u00e1s, deben fomentar una cultura de responsabilidad, donde todos los empleados entiendan la importancia de la \u00e9tica en el uso de la tecnolog\u00eda y act\u00faen en consecuencia.<\/p>\n\n\n\n<h2 class=\"wp-block-heading\"><strong>Liderazgo y Bienestar Digital<\/strong><\/h2>\n\n\n<div class=\"wp-block-image\">\n<figure class=\"alignright size-large is-resized\"><img loading=\"lazy\" decoding=\"async\" width=\"1024\" height=\"683\" src=\"http:\/\/imecaf.com\/blog\/wp-content\/uploads\/liderazgo-y-bienestar-digital-1024x683.jpg\" alt=\"\" class=\"wp-image-15375\" style=\"width:354px;height:auto\" srcset=\"https:\/\/imecaf.com\/blog\/wp-content\/uploads\/liderazgo-y-bienestar-digital-1024x683.jpg 1024w, https:\/\/imecaf.com\/blog\/wp-content\/uploads\/liderazgo-y-bienestar-digital-300x200.jpg 300w, https:\/\/imecaf.com\/blog\/wp-content\/uploads\/liderazgo-y-bienestar-digital-768x512.jpg 768w, https:\/\/imecaf.com\/blog\/wp-content\/uploads\/liderazgo-y-bienestar-digital-1536x1024.jpg 1536w, https:\/\/imecaf.com\/blog\/wp-content\/uploads\/liderazgo-y-bienestar-digital-2048x1365.jpg 2048w\" sizes=\"auto, (max-width: 1024px) 100vw, 1024px\" \/><\/figure>\n<\/div>\n\n\n<p>En la era digital, es crucial que los l\u00edderes promuevan un equilibrio saludable entre el uso de la tecnolog\u00eda y el bienestar personal de sus empleados. La hiperconectividad puede llevar al agotamiento y a una disminuci\u00f3n del rendimiento. Los l\u00edderes deben establecer l\u00edmites claros respecto al uso de dispositivos fuera del horario laboral y fomentar pr\u00e1cticas de desconexi\u00f3n digital. Proveer recursos para la<strong> <a href=\"https:\/\/imecaf.com\/116\"><u>gesti\u00f3n del estr\u00e9s<\/u><\/a><\/strong> y el bienestar mental, como talleres y asesoramiento, tambi\u00e9n es fundamental para mantener a los empleados saludables y productivos.<\/p>\n\n\n\n<h2 class=\"wp-block-heading\"><strong>Liderazgo Virtual y Gesti\u00f3n de Equipos Remotos<\/strong><\/h2>\n\n\n<div class=\"wp-block-image\">\n<figure class=\"alignright size-full is-resized\"><img loading=\"lazy\" decoding=\"async\" width=\"1000\" height=\"750\" src=\"http:\/\/imecaf.com\/blog\/wp-content\/uploads\/gestion-de-equipos-remotos.jpg\" alt=\"Liderazgo Digital - Gesti\u00f3n de Equipos Remotos\" class=\"wp-image-15376\" style=\"width:353px;height:auto\" srcset=\"https:\/\/imecaf.com\/blog\/wp-content\/uploads\/gestion-de-equipos-remotos.jpg 1000w, https:\/\/imecaf.com\/blog\/wp-content\/uploads\/gestion-de-equipos-remotos-300x225.jpg 300w, https:\/\/imecaf.com\/blog\/wp-content\/uploads\/gestion-de-equipos-remotos-768x576.jpg 768w\" sizes=\"auto, (max-width: 1000px) 100vw, 1000px\" \/><\/figure>\n<\/div>\n\n\n<p>Liderar equipos remotos presenta desaf\u00edos \u00fanicos, como la construcci\u00f3n de confianza y la gesti\u00f3n del rendimiento a distancia. Los l\u00edderes deben desarrollar competencias en liderazgo virtual, como establecer rutinas de comunicaci\u00f3n regular, utilizar tecnolog\u00edas de<strong> <a href=\"https:\/\/imecaf.com\/271\"><u>gesti\u00f3n de proyectos<\/u><\/a><\/strong> y crear oportunidades para la socializaci\u00f3n virtual. Es importante que los l\u00edderes sean accesibles y ofrezcan apoyo constante, adem\u00e1s de reconocer y celebrar los logros del equipo, incluso en un entorno virtual.<\/p>\n\n\n\n<h2 class=\"wp-block-heading\"><strong>Aprendizaje Continuo y Desarrollo Profesional en la Era Digital<\/strong><\/h2>\n\n\n<div class=\"wp-block-image\">\n<figure class=\"alignright size-large is-resized\"><img loading=\"lazy\" decoding=\"async\" width=\"1024\" height=\"574\" src=\"http:\/\/imecaf.com\/blog\/wp-content\/uploads\/aprendizaje-continuo-1-1024x574.jpg\" alt=\"Liderazgo Digital - Aprendizaje Continuo\" class=\"wp-image-15377\" style=\"width:352px;height:auto\" srcset=\"https:\/\/imecaf.com\/blog\/wp-content\/uploads\/aprendizaje-continuo-1-1024x574.jpg 1024w, https:\/\/imecaf.com\/blog\/wp-content\/uploads\/aprendizaje-continuo-1-300x168.jpg 300w, https:\/\/imecaf.com\/blog\/wp-content\/uploads\/aprendizaje-continuo-1-768x430.jpg 768w, https:\/\/imecaf.com\/blog\/wp-content\/uploads\/aprendizaje-continuo-1-1536x861.jpg 1536w, https:\/\/imecaf.com\/blog\/wp-content\/uploads\/aprendizaje-continuo-1-2048x1148.jpg 2048w\" sizes=\"auto, (max-width: 1024px) 100vw, 1024px\" \/><\/figure>\n<\/div>\n\n\n<p>La r\u00e1pida evoluci\u00f3n tecnol\u00f3gica exige un enfoque continuo en el aprendizaje y el desarrollo profesional. Los l\u00edderes deben fomentar una cultura de aprendizaje continuo, proporcionando acceso a<strong> <u><a href=\"https:\/\/imecaf.com\/CEL\">cursos en l\u00ednea<\/a><\/u><\/strong>, talleres y otros recursos educativos. Adem\u00e1s, deben apoyar a los empleados en el desarrollo de habilidades digitales esenciales, como la programaci\u00f3n, el an\u00e1lisis de datos y la ciberseguridad. Al invertir en el desarrollo de su equipo, los l\u00edderes no solo mejoran la capacidad de adaptaci\u00f3n de la organizaci\u00f3n, sino que tambi\u00e9n aumentan la satisfacci\u00f3n y el compromiso de los empleados.<\/p>\n\n\n\n<h2 class=\"wp-block-heading\"><strong>Colaboraci\u00f3n Interdisciplinaria<\/strong><\/h2>\n\n\n<div class=\"wp-block-image\">\n<figure class=\"alignright size-full is-resized\"><img loading=\"lazy\" decoding=\"async\" width=\"1000\" height=\"750\" src=\"http:\/\/imecaf.com\/blog\/wp-content\/uploads\/colaboracion-interdisciplinaria.jpg\" alt=\"Liderazgo Digital - Colaboraci\u00f3n Interdisciplinaria\" class=\"wp-image-15378\" style=\"width:354px;height:auto\" srcset=\"https:\/\/imecaf.com\/blog\/wp-content\/uploads\/colaboracion-interdisciplinaria.jpg 1000w, https:\/\/imecaf.com\/blog\/wp-content\/uploads\/colaboracion-interdisciplinaria-300x225.jpg 300w, https:\/\/imecaf.com\/blog\/wp-content\/uploads\/colaboracion-interdisciplinaria-768x576.jpg 768w\" sizes=\"auto, (max-width: 1000px) 100vw, 1000px\" \/><\/figure>\n<\/div>\n\n\n<p>La tecnolog\u00eda facilita la colaboraci\u00f3n entre diferentes departamentos y disciplinas, lo que puede conducir a innovaciones significativas. Los l\u00edderes deben fomentar una cultura de colaboraci\u00f3n interdisciplinaria, promoviendo la comunicaci\u00f3n abierta y el <a href=\"https:\/\/imecaf.com\/9\"><u><strong>trabajo en equipo<\/strong><\/u><\/a>. Esto puede implicar la creaci\u00f3n de equipos de proyecto multifuncionales y el uso de plataformas de colaboraci\u00f3n que permitan a los empleados compartir conocimientos y trabajar juntos en tiempo real. La diversidad de perspectivas y habilidades puede impulsar la creatividad y encontrar soluciones innovadoras a problemas complejos.<\/p>\n\n\n\n<h2 class=\"wp-block-heading\"><strong>Sostenibilidad y Liderazgo Digital<\/strong><\/h2>\n\n\n<div class=\"wp-block-image\">\n<figure class=\"alignright size-full is-resized\"><img loading=\"lazy\" decoding=\"async\" width=\"1000\" height=\"750\" src=\"http:\/\/imecaf.com\/blog\/wp-content\/uploads\/sostenibilidad-y-trabajo-digital.jpg\" alt=\"Sostenibilidad\" class=\"wp-image-15379\" style=\"width:349px;height:auto\" srcset=\"https:\/\/imecaf.com\/blog\/wp-content\/uploads\/sostenibilidad-y-trabajo-digital.jpg 1000w, https:\/\/imecaf.com\/blog\/wp-content\/uploads\/sostenibilidad-y-trabajo-digital-300x225.jpg 300w, https:\/\/imecaf.com\/blog\/wp-content\/uploads\/sostenibilidad-y-trabajo-digital-768x576.jpg 768w\" sizes=\"auto, (max-width: 1000px) 100vw, 1000px\" \/><\/figure>\n<\/div>\n\n\n<p>La sostenibilidad se ha convertido en una prioridad para muchas organizaciones. Los l\u00edderes pueden utilizar la tecnolog\u00eda para impulsar pr\u00e1cticas sostenibles, como la reducci\u00f3n del consumo de energ\u00eda mediante la optimizaci\u00f3n de procesos y el uso de tecnolog\u00edas verdes. Adem\u00e1s, pueden implementar pol\u00edticas de trabajo remoto para reducir las emisiones de carbono relacionadas con los desplazamientos. Promover la sostenibilidad no solo beneficia al medio ambiente, sino que tambi\u00e9n mejora la reputaci\u00f3n de la empresa y puede atraer a clientes y empleados conscientes del medio ambiente.<\/p>\n\n\n\n<h2 class=\"wp-block-heading\"><strong>Desaf\u00edos del Liderazgo en la Era Digital<\/strong><\/h2>\n\n\n\n<p>A pesar de las numerosas oportunidades, el liderazgo en la era digital tambi\u00e9n presenta desaf\u00edos significativos. La velocidad del cambio tecnol\u00f3gico puede ser abrumadora, y no todas las organizaciones est\u00e1n equipadas para adaptarse r\u00e1pidamente. Los l\u00edderes deben ser capaces de gestionar la incertidumbre y mantener a su equipo enfocado y motivado durante tiempos de cambio.<\/p>\n\n\n<div class=\"wp-block-image\">\n<figure class=\"aligncenter size-full is-resized\"><img loading=\"lazy\" decoding=\"async\" width=\"1000\" height=\"750\" src=\"http:\/\/imecaf.com\/blog\/wp-content\/uploads\/ciberseguridad.jpg\" alt=\"Ciberseguridad\" class=\"wp-image-15380\" style=\"width:493px;height:auto\" srcset=\"https:\/\/imecaf.com\/blog\/wp-content\/uploads\/ciberseguridad.jpg 1000w, https:\/\/imecaf.com\/blog\/wp-content\/uploads\/ciberseguridad-300x225.jpg 300w, https:\/\/imecaf.com\/blog\/wp-content\/uploads\/ciberseguridad-768x576.jpg 768w\" sizes=\"auto, (max-width: 1000px) 100vw, 1000px\" \/><\/figure>\n<\/div>\n\n\n<p>La <a href=\"https:\/\/imecaf.com\/426\"><strong>ciberseguridad<\/strong><\/a> se ha convertido en una preocupaci\u00f3n principal, y los l\u00edderes deben estar preparados para proteger a sus organizaciones contra las amenazas digitales. Esto incluye la implementaci\u00f3n de medidas de seguridad robustas, la formaci\u00f3n continua en ciberseguridad para todos los empleados y la creaci\u00f3n de planes de respuesta a incidentes para minimizar el impacto de posibles brechas de seguridad.<\/p>\n\n\n\n<p>Otro desaf\u00edo es la gesti\u00f3n de la diversidad y la inclusi\u00f3n en equipos distribuidos. Los l\u00edderes deben asegurarse de que todos los miembros del equipo, independientemente de su ubicaci\u00f3n, se sientan valorados e incluidos. Esto requiere un esfuerzo consciente para crear un entorno de trabajo inclusivo, donde se respeten y valoren diferentes perspectivas y experiencias. Los l\u00edderes deben estar atentos a las din\u00e1micas de poder y asegurarse de que todos tengan las mismas oportunidades para contribuir y crecer dentro de la organizaci\u00f3n.<\/p>\n\n\n\n<h2 class=\"wp-block-heading\"><strong>Conclusi\u00f3n<\/strong><\/h2>\n\n\n\n<p>La era digital exige una nueva forma de liderazgo que sea flexible, informada y \u00e9tica. Los l\u00edderes que puedan adaptarse a los cambios tecnol\u00f3gicos, comunicar eficazmente en un entorno digital y fomentar una cultura de innovaci\u00f3n estar\u00e1n mejor posicionados para tener \u00e9xito. Al desarrollar estas competencias clave, los l\u00edderes pueden navegar por la complejidad de la era digital y guiar a sus organizaciones hacia un futuro pr\u00f3spero.<\/p>\n\n\n<div class=\"wp-block-image\">\n<figure class=\"alignright size-full\"><img loading=\"lazy\" decoding=\"async\" width=\"250\" height=\"450\" src=\"http:\/\/imecaf.com\/blog\/wp-content\/uploads\/conclusion-3.png\" alt=\"\" class=\"wp-image-15383\" srcset=\"https:\/\/imecaf.com\/blog\/wp-content\/uploads\/conclusion-3.png 250w, https:\/\/imecaf.com\/blog\/wp-content\/uploads\/conclusion-3-167x300.png 167w\" sizes=\"auto, (max-width: 250px) 100vw, 250px\" \/><\/figure>\n<\/div>\n\n\n<p>En resumen, el liderazgo en la era digital no solo se trata de entender y utilizar la tecnolog\u00eda, sino tambi\u00e9n de inspirar y empoderar a los equipos para que se adapten y prosperen en un mundo en constante cambio. Los l\u00edderes que puedan equilibrar la innovaci\u00f3n con la responsabilidad \u00e9tica y la inclusi\u00f3n ser\u00e1n los que marquen la diferencia en el futuro.<\/p>\n\n\n\n<p>En este contexto, es crucial desarrollar competencias clave como la adaptabilidad a los cambios tecnol\u00f3gicos, la <a href=\"https:\/\/imecaf.com\/83\"><u><strong>comunicaci\u00f3n efectiva<\/strong><\/u><\/a> en entornos digitales y la promoci\u00f3n de una cultura de <strong><a href=\"https:\/\/imecaf.com\/348\"><u>innovaci\u00f3n<\/u><\/a>.<\/strong><\/p>\n\n\n\n<p>Adem\u00e1s, explorar temas fundamentales como los discutidos en nuestro <a href=\"https:\/\/imecaf.com\/42\"><u><strong>curso de Liderazgo<\/strong><\/u><\/a> y recordar las diferencias cruciales entre jefe y l\u00edder, como se abord\u00f3 en nuestro art\u00edculo anterior <strong><a href=\"https:\/\/imecaf.com\/a7vp\"><u>\u00abJefe vs L\u00edder: Las Diferencias Cruciales en la Direcci\u00f3n de Equipos\u00bb<\/u><\/a>,<\/strong> son pasos fundamentales para preparar a los l\u00edderes del ma\u00f1ana en la gesti\u00f3n de equipos en la era digital.<\/p>\n\n\n<figure class=\"wp-block-image\"><a href=\"http:\/\/imecaf.com\/blog\/wp-content\/uploads\/Liderazgo-Digital.pdf\"><img decoding=\"async\" style=\"width: 303px; height: auto;\" src=\"http:\/\/imecaf.com\/blog\/wp-content\/uploads\/Descargar-PDF-e1708732610860-1024x317.png\" alt=\"Liderazgo Digital - Descargar PDF\"\/><\/a><\/figure>","protected":false},"excerpt":{"rendered":"<p>La era digital ha tra\u00eddo consigo una transformaci\u00f3n profunda en todos los aspectos de la vida y los negocios. Desde la automatizaci\u00f3n de procesos hasta la inteligencia artificial y el trabajo remoto, la digitalizaci\u00f3n ha reconfigurado el panorama empresarial. En este contexto, el liderazgo tambi\u00e9n debe evolucionar para adaptarse a los nuevos desaf\u00edos y oportunidades. &#8230; <a title=\"Liderazgo Digital: Adaptaci\u00f3n y Competencias Clave\" class=\"read-more\" href=\"https:\/\/imecaf.com\/blog\/2024\/07\/17\/liderazgo-digital\/\">Leer m\u00e1s <span class=\"screen-reader-text\">Liderazgo Digital: Adaptaci\u00f3n y Competencias Clave<\/span><\/a><\/p>\n","protected":false},"author":2,"featured_media":15367,"comment_status":"open","ping_status":"closed","sticky":false,"template":"","format":"standard","meta":{"footnotes":""},"categories":[476,10],"tags":[5896,10648,4233,3885,10643,1422,10644,1882,10647,10645,1421,10649,10642,3115,10650,8905,10646],"class_list":["post-15366","post","type-post","status-publish","format-standard","has-post-thumbnail","hentry","category-articulos-desarrollohumano","category-desarrollohumano","tag-adaptabilidad","tag-aprendizaje-continuo","tag-bienestar","tag-colaboracion","tag-competencias","tag-comunicacion","tag-entorno-laboral","tag-etica","tag-gestion-de-equipos","tag-gestion-del-cambio","tag-innovacion","tag-interdisciplina","tag-liderazgo-digital","tag-responsabilidad","tag-sostenibilidad","tag-transformacion","tag-vision-estrategica"],"yoast_head":"<!-- This site is optimized with the Yoast SEO plugin v27.4 - https:\/\/yoast.com\/product\/yoast-seo-wordpress\/ -->\n<title>Liderazgo Digital: Adaptaci\u00f3n y Competencias Clave - IMECAF - Blog<\/title>\n<meta name=\"description\" content=\"El liderazgo digital demanda adaptabilidad, comunicaci\u00f3n digital efectiva, gesti\u00f3n del cambio y cultura de innovaci\u00f3n para alcanzar el \u00e9xito.\" \/>\n<meta name=\"robots\" content=\"index, follow, max-snippet:-1, max-image-preview:large, max-video-preview:-1\" \/>\n<link rel=\"canonical\" href=\"https:\/\/imecaf.com\/blog\/2024\/07\/17\/liderazgo-digital\/\" \/>\n<meta property=\"og:locale\" content=\"es_ES\" \/>\n<meta property=\"og:type\" content=\"article\" \/>\n<meta property=\"og:title\" content=\"Liderazgo Digital\" \/>\n<meta property=\"og:description\" content=\"El liderazgo digital demanda adaptabilidad, comunicaci\u00f3n digital efectiva, gesti\u00f3n del cambio y cultura de innovaci\u00f3n para alcanzar el \u00e9xito.\" \/>\n<meta property=\"og:url\" content=\"https:\/\/imecaf.com\/blog\/2024\/07\/17\/liderazgo-digital\/\" \/>\n<meta property=\"og:site_name\" content=\"IMECAF - Blog\" \/>\n<meta property=\"article:publisher\" content=\"https:\/\/www.facebook.com\/IMECAF\" \/>\n<meta property=\"article:published_time\" content=\"2024-07-18T00:11:41+00:00\" \/>\n<meta property=\"article:modified_time\" content=\"2025-02-14T17:36:26+00:00\" \/>\n<meta property=\"og:image\" content=\"https:\/\/imecaf.com\/blog\/wp-content\/uploads\/Liderazgo-en-la-era-digital.jpeg\" \/>\n\t<meta property=\"og:image:width\" content=\"1216\" \/>\n\t<meta property=\"og:image:height\" content=\"832\" \/>\n\t<meta property=\"og:image:type\" content=\"image\/jpeg\" \/>\n<meta name=\"author\" content=\"Equipo de IMECAF\" \/>\n<meta name=\"twitter:card\" content=\"summary_large_image\" \/>\n<meta name=\"twitter:title\" content=\"Liderazgo Digital\" \/>\n<meta name=\"twitter:description\" content=\"El liderazgo digital demanda adaptabilidad, comunicaci\u00f3n digital efectiva, gesti\u00f3n del cambio y cultura de innovaci\u00f3n para alcanzar el \u00e9xito.\" \/>\n<meta name=\"twitter:image\" content=\"https:\/\/imecaf.com\/blog\/wp-content\/uploads\/Liderazgo-en-la-era-digital.jpeg\" \/>\n<meta name=\"twitter:creator\" content=\"@imecaf\" \/>\n<meta name=\"twitter:site\" content=\"@imecaf\" \/>\n<meta name=\"twitter:label1\" content=\"Escrito por\" \/>\n\t<meta name=\"twitter:data1\" content=\"Equipo de IMECAF\" \/>\n\t<meta name=\"twitter:label2\" content=\"Tiempo de lectura\" \/>\n\t<meta name=\"twitter:data2\" content=\"12 minutos\" \/>\n<script type=\"application\/ld+json\" class=\"yoast-schema-graph\">{\"@context\":\"https:\\\/\\\/schema.org\",\"@graph\":[{\"@type\":\"Article\",\"@id\":\"https:\\\/\\\/imecaf.com\\\/blog\\\/2024\\\/07\\\/17\\\/liderazgo-digital\\\/#article\",\"isPartOf\":{\"@id\":\"https:\\\/\\\/imecaf.com\\\/blog\\\/2024\\\/07\\\/17\\\/liderazgo-digital\\\/\"},\"author\":{\"name\":\"Equipo de IMECAF\",\"@id\":\"https:\\\/\\\/imecaf.com\\\/blog\\\/#\\\/schema\\\/person\\\/a69b9f3972250aa0b1fdb798f094b4c7\"},\"headline\":\"Liderazgo Digital: Adaptaci\u00f3n y Competencias Clave\",\"datePublished\":\"2024-07-18T00:11:41+00:00\",\"dateModified\":\"2025-02-14T17:36:26+00:00\",\"mainEntityOfPage\":{\"@id\":\"https:\\\/\\\/imecaf.com\\\/blog\\\/2024\\\/07\\\/17\\\/liderazgo-digital\\\/\"},\"wordCount\":1928,\"commentCount\":0,\"publisher\":{\"@id\":\"https:\\\/\\\/imecaf.com\\\/blog\\\/#organization\"},\"image\":{\"@id\":\"https:\\\/\\\/imecaf.com\\\/blog\\\/2024\\\/07\\\/17\\\/liderazgo-digital\\\/#primaryimage\"},\"thumbnailUrl\":\"https:\\\/\\\/imecaf.com\\\/blog\\\/wp-content\\\/uploads\\\/Liderazgo-en-la-era-digital.jpeg\",\"keywords\":[\"adaptabilidad\",\"aprendizaje continuo\",\"bienestar\",\"colaboracion\",\"competencias\",\"comunicacion\",\"entorno laboral\",\"etica\",\"gestion de equipos\",\"gestion del cambio\",\"innovacion\",\"interdisciplina\",\"liderazgo digital\",\"responsabilidad\",\"sostenibilidad\",\"transformacion\",\"vision estrategica\"],\"articleSection\":[\"Art\u00edculos\",\"Desarrollo Humano\"],\"inLanguage\":\"es\",\"potentialAction\":[{\"@type\":\"CommentAction\",\"name\":\"Comment\",\"target\":[\"https:\\\/\\\/imecaf.com\\\/blog\\\/2024\\\/07\\\/17\\\/liderazgo-digital\\\/#respond\"]}]},{\"@type\":\"WebPage\",\"@id\":\"https:\\\/\\\/imecaf.com\\\/blog\\\/2024\\\/07\\\/17\\\/liderazgo-digital\\\/\",\"url\":\"https:\\\/\\\/imecaf.com\\\/blog\\\/2024\\\/07\\\/17\\\/liderazgo-digital\\\/\",\"name\":\"Liderazgo Digital: Adaptaci\u00f3n y Competencias Clave - IMECAF - Blog\",\"isPartOf\":{\"@id\":\"https:\\\/\\\/imecaf.com\\\/blog\\\/#website\"},\"primaryImageOfPage\":{\"@id\":\"https:\\\/\\\/imecaf.com\\\/blog\\\/2024\\\/07\\\/17\\\/liderazgo-digital\\\/#primaryimage\"},\"image\":{\"@id\":\"https:\\\/\\\/imecaf.com\\\/blog\\\/2024\\\/07\\\/17\\\/liderazgo-digital\\\/#primaryimage\"},\"thumbnailUrl\":\"https:\\\/\\\/imecaf.com\\\/blog\\\/wp-content\\\/uploads\\\/Liderazgo-en-la-era-digital.jpeg\",\"datePublished\":\"2024-07-18T00:11:41+00:00\",\"dateModified\":\"2025-02-14T17:36:26+00:00\",\"description\":\"El liderazgo digital demanda adaptabilidad, comunicaci\u00f3n digital efectiva, gesti\u00f3n del cambio y cultura de innovaci\u00f3n para alcanzar el \u00e9xito.\",\"breadcrumb\":{\"@id\":\"https:\\\/\\\/imecaf.com\\\/blog\\\/2024\\\/07\\\/17\\\/liderazgo-digital\\\/#breadcrumb\"},\"inLanguage\":\"es\",\"potentialAction\":[{\"@type\":\"ReadAction\",\"target\":[\"https:\\\/\\\/imecaf.com\\\/blog\\\/2024\\\/07\\\/17\\\/liderazgo-digital\\\/\"]}]},{\"@type\":\"ImageObject\",\"inLanguage\":\"es\",\"@id\":\"https:\\\/\\\/imecaf.com\\\/blog\\\/2024\\\/07\\\/17\\\/liderazgo-digital\\\/#primaryimage\",\"url\":\"https:\\\/\\\/imecaf.com\\\/blog\\\/wp-content\\\/uploads\\\/Liderazgo-en-la-era-digital.jpeg\",\"contentUrl\":\"https:\\\/\\\/imecaf.com\\\/blog\\\/wp-content\\\/uploads\\\/Liderazgo-en-la-era-digital.jpeg\",\"width\":1216,\"height\":832},{\"@type\":\"BreadcrumbList\",\"@id\":\"https:\\\/\\\/imecaf.com\\\/blog\\\/2024\\\/07\\\/17\\\/liderazgo-digital\\\/#breadcrumb\",\"itemListElement\":[{\"@type\":\"ListItem\",\"position\":1,\"name\":\"Portada\",\"item\":\"https:\\\/\\\/imecaf.com\\\/blog\\\/\"},{\"@type\":\"ListItem\",\"position\":2,\"name\":\"Liderazgo Digital: Adaptaci\u00f3n y Competencias Clave\"}]},{\"@type\":\"WebSite\",\"@id\":\"https:\\\/\\\/imecaf.com\\\/blog\\\/#website\",\"url\":\"https:\\\/\\\/imecaf.com\\\/blog\\\/\",\"name\":\"IMECAF\",\"description\":\"Un lugar para expresar y compartir inquietudes dentro del mundo de la educaci\u00f3n.\",\"publisher\":{\"@id\":\"https:\\\/\\\/imecaf.com\\\/blog\\\/#organization\"},\"potentialAction\":[{\"@type\":\"SearchAction\",\"target\":{\"@type\":\"EntryPoint\",\"urlTemplate\":\"https:\\\/\\\/imecaf.com\\\/blog\\\/?s={search_term_string}\"},\"query-input\":{\"@type\":\"PropertyValueSpecification\",\"valueRequired\":true,\"valueName\":\"search_term_string\"}}],\"inLanguage\":\"es\"},{\"@type\":\"Organization\",\"@id\":\"https:\\\/\\\/imecaf.com\\\/blog\\\/#organization\",\"name\":\"IMECAF - Instituto Mexicano de Contabilidad, Administraci\u00f3n y Finanzas\",\"url\":\"https:\\\/\\\/imecaf.com\\\/blog\\\/\",\"logo\":{\"@type\":\"ImageObject\",\"inLanguage\":\"es\",\"@id\":\"https:\\\/\\\/imecaf.com\\\/blog\\\/#\\\/schema\\\/logo\\\/image\\\/\",\"url\":\"https:\\\/\\\/imecaf.com\\\/blog\\\/wp-content\\\/uploads\\\/IMECAF.Logo_.25.png\",\"contentUrl\":\"https:\\\/\\\/imecaf.com\\\/blog\\\/wp-content\\\/uploads\\\/IMECAF.Logo_.25.png\",\"width\":350,\"height\":350,\"caption\":\"IMECAF - Instituto Mexicano de Contabilidad, Administraci\u00f3n y Finanzas\"},\"image\":{\"@id\":\"https:\\\/\\\/imecaf.com\\\/blog\\\/#\\\/schema\\\/logo\\\/image\\\/\"},\"sameAs\":[\"https:\\\/\\\/www.facebook.com\\\/IMECAF\",\"https:\\\/\\\/x.com\\\/imecaf\",\"https:\\\/\\\/www.linkedin.com\\\/company\\\/imecaf\\\/\",\"https:\\\/\\\/www.youtube.com\\\/imecaf\",\"https:\\\/\\\/www.instagram.com\\\/imecaf_mx\\\/\",\"https:\\\/\\\/imecaf.negocio.site\\\/\"]},{\"@type\":\"Person\",\"@id\":\"https:\\\/\\\/imecaf.com\\\/blog\\\/#\\\/schema\\\/person\\\/a69b9f3972250aa0b1fdb798f094b4c7\",\"name\":\"Equipo de IMECAF\",\"image\":{\"@type\":\"ImageObject\",\"inLanguage\":\"es\",\"@id\":\"https:\\\/\\\/secure.gravatar.com\\\/avatar\\\/4b4242953c12937bd47e298d7922b4d01ffafe2955ce4235d318b8950782aa13?s=96&d=mm&r=g\",\"url\":\"https:\\\/\\\/secure.gravatar.com\\\/avatar\\\/4b4242953c12937bd47e298d7922b4d01ffafe2955ce4235d318b8950782aa13?s=96&d=mm&r=g\",\"contentUrl\":\"https:\\\/\\\/secure.gravatar.com\\\/avatar\\\/4b4242953c12937bd47e298d7922b4d01ffafe2955ce4235d318b8950782aa13?s=96&d=mm&r=g\",\"caption\":\"Equipo de IMECAF\"},\"url\":\"https:\\\/\\\/imecaf.com\\\/blog\\\/author\\\/mfonticoba\\\/\"}]}<\/script>\n<!-- \/ Yoast SEO plugin. -->","yoast_head_json":{"title":"Liderazgo Digital: Adaptaci\u00f3n y Competencias Clave - IMECAF - Blog","description":"El liderazgo digital demanda adaptabilidad, comunicaci\u00f3n digital efectiva, gesti\u00f3n del cambio y cultura de innovaci\u00f3n para alcanzar el \u00e9xito.","robots":{"index":"index","follow":"follow","max-snippet":"max-snippet:-1","max-image-preview":"max-image-preview:large","max-video-preview":"max-video-preview:-1"},"canonical":"https:\/\/imecaf.com\/blog\/2024\/07\/17\/liderazgo-digital\/","og_locale":"es_ES","og_type":"article","og_title":"Liderazgo Digital","og_description":"El liderazgo digital demanda adaptabilidad, comunicaci\u00f3n digital efectiva, gesti\u00f3n del cambio y cultura de innovaci\u00f3n para alcanzar el \u00e9xito.","og_url":"https:\/\/imecaf.com\/blog\/2024\/07\/17\/liderazgo-digital\/","og_site_name":"IMECAF - Blog","article_publisher":"https:\/\/www.facebook.com\/IMECAF","article_published_time":"2024-07-18T00:11:41+00:00","article_modified_time":"2025-02-14T17:36:26+00:00","og_image":[{"width":1216,"height":832,"url":"https:\/\/imecaf.com\/blog\/wp-content\/uploads\/Liderazgo-en-la-era-digital.jpeg","type":"image\/jpeg"}],"author":"Equipo de IMECAF","twitter_card":"summary_large_image","twitter_title":"Liderazgo Digital","twitter_description":"El liderazgo digital demanda adaptabilidad, comunicaci\u00f3n digital efectiva, gesti\u00f3n del cambio y cultura de innovaci\u00f3n para alcanzar el \u00e9xito.","twitter_image":"https:\/\/imecaf.com\/blog\/wp-content\/uploads\/Liderazgo-en-la-era-digital.jpeg","twitter_creator":"@imecaf","twitter_site":"@imecaf","twitter_misc":{"Escrito por":"Equipo de IMECAF","Tiempo de lectura":"12 minutos"},"schema":{"@context":"https:\/\/schema.org","@graph":[{"@type":"Article","@id":"https:\/\/imecaf.com\/blog\/2024\/07\/17\/liderazgo-digital\/#article","isPartOf":{"@id":"https:\/\/imecaf.com\/blog\/2024\/07\/17\/liderazgo-digital\/"},"author":{"name":"Equipo de IMECAF","@id":"https:\/\/imecaf.com\/blog\/#\/schema\/person\/a69b9f3972250aa0b1fdb798f094b4c7"},"headline":"Liderazgo Digital: Adaptaci\u00f3n y Competencias Clave","datePublished":"2024-07-18T00:11:41+00:00","dateModified":"2025-02-14T17:36:26+00:00","mainEntityOfPage":{"@id":"https:\/\/imecaf.com\/blog\/2024\/07\/17\/liderazgo-digital\/"},"wordCount":1928,"commentCount":0,"publisher":{"@id":"https:\/\/imecaf.com\/blog\/#organization"},"image":{"@id":"https:\/\/imecaf.com\/blog\/2024\/07\/17\/liderazgo-digital\/#primaryimage"},"thumbnailUrl":"https:\/\/imecaf.com\/blog\/wp-content\/uploads\/Liderazgo-en-la-era-digital.jpeg","keywords":["adaptabilidad","aprendizaje continuo","bienestar","colaboracion","competencias","comunicacion","entorno laboral","etica","gestion de equipos","gestion del cambio","innovacion","interdisciplina","liderazgo digital","responsabilidad","sostenibilidad","transformacion","vision estrategica"],"articleSection":["Art\u00edculos","Desarrollo Humano"],"inLanguage":"es","potentialAction":[{"@type":"CommentAction","name":"Comment","target":["https:\/\/imecaf.com\/blog\/2024\/07\/17\/liderazgo-digital\/#respond"]}]},{"@type":"WebPage","@id":"https:\/\/imecaf.com\/blog\/2024\/07\/17\/liderazgo-digital\/","url":"https:\/\/imecaf.com\/blog\/2024\/07\/17\/liderazgo-digital\/","name":"Liderazgo Digital: Adaptaci\u00f3n y Competencias Clave - IMECAF - Blog","isPartOf":{"@id":"https:\/\/imecaf.com\/blog\/#website"},"primaryImageOfPage":{"@id":"https:\/\/imecaf.com\/blog\/2024\/07\/17\/liderazgo-digital\/#primaryimage"},"image":{"@id":"https:\/\/imecaf.com\/blog\/2024\/07\/17\/liderazgo-digital\/#primaryimage"},"thumbnailUrl":"https:\/\/imecaf.com\/blog\/wp-content\/uploads\/Liderazgo-en-la-era-digital.jpeg","datePublished":"2024-07-18T00:11:41+00:00","dateModified":"2025-02-14T17:36:26+00:00","description":"El liderazgo digital demanda adaptabilidad, comunicaci\u00f3n digital efectiva, gesti\u00f3n del cambio y cultura de innovaci\u00f3n para alcanzar el \u00e9xito.","breadcrumb":{"@id":"https:\/\/imecaf.com\/blog\/2024\/07\/17\/liderazgo-digital\/#breadcrumb"},"inLanguage":"es","potentialAction":[{"@type":"ReadAction","target":["https:\/\/imecaf.com\/blog\/2024\/07\/17\/liderazgo-digital\/"]}]},{"@type":"ImageObject","inLanguage":"es","@id":"https:\/\/imecaf.com\/blog\/2024\/07\/17\/liderazgo-digital\/#primaryimage","url":"https:\/\/imecaf.com\/blog\/wp-content\/uploads\/Liderazgo-en-la-era-digital.jpeg","contentUrl":"https:\/\/imecaf.com\/blog\/wp-content\/uploads\/Liderazgo-en-la-era-digital.jpeg","width":1216,"height":832},{"@type":"BreadcrumbList","@id":"https:\/\/imecaf.com\/blog\/2024\/07\/17\/liderazgo-digital\/#breadcrumb","itemListElement":[{"@type":"ListItem","position":1,"name":"Portada","item":"https:\/\/imecaf.com\/blog\/"},{"@type":"ListItem","position":2,"name":"Liderazgo Digital: Adaptaci\u00f3n y Competencias Clave"}]},{"@type":"WebSite","@id":"https:\/\/imecaf.com\/blog\/#website","url":"https:\/\/imecaf.com\/blog\/","name":"IMECAF","description":"Un lugar para expresar y compartir inquietudes dentro del mundo de la educaci\u00f3n.","publisher":{"@id":"https:\/\/imecaf.com\/blog\/#organization"},"potentialAction":[{"@type":"SearchAction","target":{"@type":"EntryPoint","urlTemplate":"https:\/\/imecaf.com\/blog\/?s={search_term_string}"},"query-input":{"@type":"PropertyValueSpecification","valueRequired":true,"valueName":"search_term_string"}}],"inLanguage":"es"},{"@type":"Organization","@id":"https:\/\/imecaf.com\/blog\/#organization","name":"IMECAF - Instituto Mexicano de Contabilidad, Administraci\u00f3n y Finanzas","url":"https:\/\/imecaf.com\/blog\/","logo":{"@type":"ImageObject","inLanguage":"es","@id":"https:\/\/imecaf.com\/blog\/#\/schema\/logo\/image\/","url":"https:\/\/imecaf.com\/blog\/wp-content\/uploads\/IMECAF.Logo_.25.png","contentUrl":"https:\/\/imecaf.com\/blog\/wp-content\/uploads\/IMECAF.Logo_.25.png","width":350,"height":350,"caption":"IMECAF - Instituto Mexicano de Contabilidad, Administraci\u00f3n y Finanzas"},"image":{"@id":"https:\/\/imecaf.com\/blog\/#\/schema\/logo\/image\/"},"sameAs":["https:\/\/www.facebook.com\/IMECAF","https:\/\/x.com\/imecaf","https:\/\/www.linkedin.com\/company\/imecaf\/","https:\/\/www.youtube.com\/imecaf","https:\/\/www.instagram.com\/imecaf_mx\/","https:\/\/imecaf.negocio.site\/"]},{"@type":"Person","@id":"https:\/\/imecaf.com\/blog\/#\/schema\/person\/a69b9f3972250aa0b1fdb798f094b4c7","name":"Equipo de IMECAF","image":{"@type":"ImageObject","inLanguage":"es","@id":"https:\/\/secure.gravatar.com\/avatar\/4b4242953c12937bd47e298d7922b4d01ffafe2955ce4235d318b8950782aa13?s=96&d=mm&r=g","url":"https:\/\/secure.gravatar.com\/avatar\/4b4242953c12937bd47e298d7922b4d01ffafe2955ce4235d318b8950782aa13?s=96&d=mm&r=g","contentUrl":"https:\/\/secure.gravatar.com\/avatar\/4b4242953c12937bd47e298d7922b4d01ffafe2955ce4235d318b8950782aa13?s=96&d=mm&r=g","caption":"Equipo de IMECAF"},"url":"https:\/\/imecaf.com\/blog\/author\/mfonticoba\/"}]}},"_links":{"self":[{"href":"https:\/\/imecaf.com\/blog\/wp-json\/wp\/v2\/posts\/15366","targetHints":{"allow":["GET"]}}],"collection":[{"href":"https:\/\/imecaf.com\/blog\/wp-json\/wp\/v2\/posts"}],"about":[{"href":"https:\/\/imecaf.com\/blog\/wp-json\/wp\/v2\/types\/post"}],"author":[{"embeddable":true,"href":"https:\/\/imecaf.com\/blog\/wp-json\/wp\/v2\/users\/2"}],"replies":[{"embeddable":true,"href":"https:\/\/imecaf.com\/blog\/wp-json\/wp\/v2\/comments?post=15366"}],"version-history":[{"count":0,"href":"https:\/\/imecaf.com\/blog\/wp-json\/wp\/v2\/posts\/15366\/revisions"}],"wp:featuredmedia":[{"embeddable":true,"href":"https:\/\/imecaf.com\/blog\/wp-json\/wp\/v2\/media\/15367"}],"wp:attachment":[{"href":"https:\/\/imecaf.com\/blog\/wp-json\/wp\/v2\/media?parent=15366"}],"wp:term":[{"taxonomy":"category","embeddable":true,"href":"https:\/\/imecaf.com\/blog\/wp-json\/wp\/v2\/categories?post=15366"},{"taxonomy":"post_tag","embeddable":true,"href":"https:\/\/imecaf.com\/blog\/wp-json\/wp\/v2\/tags?post=15366"}],"curies":[{"name":"wp","href":"https:\/\/api.w.org\/{rel}","templated":true}]}}