{"id":15952,"date":"2024-10-11T17:26:02","date_gmt":"2024-10-11T23:26:02","guid":{"rendered":"http:\/\/imecaf.com\/blog\/?p=15952"},"modified":"2025-07-18T19:20:43","modified_gmt":"2025-07-19T01:20:43","slug":"nominas","status":"publish","type":"post","link":"https:\/\/imecaf.com\/blog\/2024\/10\/11\/nominas\/","title":{"rendered":"N\u00f3minas: Todo lo que necesitas saber para gestionarlas correctamente"},"content":{"rendered":"<span class=\"span-reading-time rt-reading-time\" style=\"display: block;\"><span class=\"rt-label rt-prefix\">Tiempo de lectura:<\/span> <span class=\"rt-time\"> 11<\/span> <span class=\"rt-label rt-postfix\">minutos<\/span><\/span><div class=\"wp-block-image\">\n<figure class=\"aligncenter size-full\"><img loading=\"lazy\" decoding=\"async\" width=\"1000\" height=\"600\" src=\"http:\/\/imecaf.com\/blog\/wp-content\/uploads\/Nominas-1.jpg\" alt=\"N\u00f3minas\" class=\"wp-image-15954\" srcset=\"https:\/\/imecaf.com\/blog\/wp-content\/uploads\/Nominas-1.jpg 1000w, https:\/\/imecaf.com\/blog\/wp-content\/uploads\/Nominas-1-300x180.jpg 300w, https:\/\/imecaf.com\/blog\/wp-content\/uploads\/Nominas-1-768x461.jpg 768w\" sizes=\"auto, (max-width: 1000px) 100vw, 1000px\" \/><\/figure>\n<\/div>\n\n\n<p>Las n\u00f3minas son un componente esencial de la <a href=\"https:\/\/imecaf.com\/102\"><strong>administraci\u00f3n de una empresa<\/strong><\/a>, pues representan el documento en el cual se refleja el pago de salarios a los empleados. Entender c\u00f3mo se elaboran y cu\u00e1les son sus componentes es fundamental para mantener el cumplimiento legal y asegurar la motivaci\u00f3n de los trabajadores. En este art\u00edculo, te explicaremos en detalle qu\u00e9 son las n\u00f3minas, sus componentes principales, c\u00f3mo calcularlas y su importancia tanto para empleados como para empleadores.<\/p>\n\n\n\n<h2 class=\"wp-block-heading\"><strong>\u00bfQu\u00e9 es una N\u00f3mina?<\/strong><\/h2>\n\n\n\n<p>La n\u00f3mina es un documento oficial que detalla la relaci\u00f3n laboral entre un empleado y una empresa, especificando el salario que percibe por su trabajo. Esta incluye el sueldo base, bonos, deducciones, aportes y cualquier otra informaci\u00f3n pertinente relacionada con los pagos. La n\u00f3mina es fundamental no solo como un comprobante de pago, sino tambi\u00e9n como un registro contable y fiscal para la empresa.<\/p>\n\n\n\n<h3 class=\"wp-block-heading\"><strong>Componentes de una N\u00f3mina<\/strong><\/h3>\n\n\n\n<figure class=\"wp-block-embed is-type-video is-provider-youtube wp-block-embed-youtube wp-embed-aspect-16-9 wp-has-aspect-ratio\"><div class=\"wp-block-embed__wrapper\">\n<iframe loading=\"lazy\" title=\"Elementos Clave de una N\u00f3mina\" width=\"1200\" height=\"675\" src=\"https:\/\/www.youtube.com\/embed\/GSPI23-GZJs?feature=oembed\" frameborder=\"0\" allow=\"accelerometer; autoplay; clipboard-write; encrypted-media; gyroscope; picture-in-picture; web-share\" referrerpolicy=\"strict-origin-when-cross-origin\" allowfullscreen><\/iframe>\n<\/div><figcaption class=\"wp-element-caption\">Elementos Clave de una N\u00f3mina<\/figcaption><\/figure>\n\n\n\n<p>Una n\u00f3mina se compone de distintos elementos que reflejan las percepciones y deducciones del salario del trabajador, adem\u00e1s de los aportes que realiza la empresa. Comprender estos componentes permite gestionar adecuadamente la compensaci\u00f3n y asegurar la transparencia en las relaciones laborales.<\/p>\n\n\n<div class=\"wp-block-image\">\n<figure class=\"aligncenter size-full is-resized\"><img loading=\"lazy\" decoding=\"async\" width=\"796\" height=\"703\" src=\"http:\/\/imecaf.com\/blog\/wp-content\/uploads\/Ejemplo-de-Nomina.jpg\" alt=\"N\u00f3minas - Ejemplo\" class=\"wp-image-15955\" style=\"width:641px;height:auto\" srcset=\"https:\/\/imecaf.com\/blog\/wp-content\/uploads\/Ejemplo-de-Nomina.jpg 796w, https:\/\/imecaf.com\/blog\/wp-content\/uploads\/Ejemplo-de-Nomina-300x265.jpg 300w, https:\/\/imecaf.com\/blog\/wp-content\/uploads\/Ejemplo-de-Nomina-768x678.jpg 768w\" sizes=\"auto, (max-width: 796px) 100vw, 796px\" \/><\/figure>\n<\/div>\n\n<div class=\"wp-block-image\">\n<figure class=\"alignleft size-full is-resized\"><img loading=\"lazy\" decoding=\"async\" width=\"400\" height=\"400\" src=\"http:\/\/imecaf.com\/blog\/wp-content\/uploads\/datos-de-la-empresa-y-trabajador-1.jpg\" alt=\"N\u00f3minas - Datos de la Empresa y Trabajador\" class=\"wp-image-15969\" style=\"width:117px;height:auto\" srcset=\"https:\/\/imecaf.com\/blog\/wp-content\/uploads\/datos-de-la-empresa-y-trabajador-1.jpg 400w, https:\/\/imecaf.com\/blog\/wp-content\/uploads\/datos-de-la-empresa-y-trabajador-1-300x300.jpg 300w, https:\/\/imecaf.com\/blog\/wp-content\/uploads\/datos-de-la-empresa-y-trabajador-1-150x150.jpg 150w\" sizes=\"auto, (max-width: 400px) 100vw, 400px\" \/><\/figure>\n<\/div>\n\n\n<h4 class=\"wp-block-heading\"><strong>1. Datos de la Empresa y del Trabajador<\/strong><\/h4>\n\n\n\n<p>Estos son los datos esenciales para la identificaci\u00f3n del empleador y del empleado, y tambi\u00e9n para la correcta elaboraci\u00f3n y cumplimiento de las obligaciones legales de la n\u00f3mina:<\/p>\n\n\n\n<ul class=\"wp-block-list\">\n<li><strong>Nombre y Direcci\u00f3n de la Empresa<\/strong>: Se debe incluir el nombre completo de la empresa, su raz\u00f3n social y la direcci\u00f3n fiscal. Estos datos permiten identificar claramente a la entidad responsable del pago.<\/li>\n\n\n\n<li><strong>Nombre Completo, Puesto y RFC del Empleado<\/strong>: Los datos del trabajador deben incluir el nombre completo, el puesto que desempe\u00f1a dentro de la empresa y el Registro Federal de Contribuyentes (RFC), que es fundamental para el cumplimiento de obligaciones fiscales.<\/li>\n\n\n\n<li><strong>Periodo de Pago<\/strong>: Especificar el periodo de pago es importante, ya que indica la frecuencia con la que se paga al empleado. Esto tambi\u00e9n determina la periodicidad en que se calculan las percepciones y deducciones. El periodo de pago puede ser semanal, quincenal, mensual o incluso diario en algunos casos.<\/li>\n<\/ul>\n\n\n<div class=\"wp-block-image\">\n<figure class=\"alignleft size-full is-resized\"><img loading=\"lazy\" decoding=\"async\" width=\"400\" height=\"400\" src=\"http:\/\/imecaf.com\/blog\/wp-content\/uploads\/percepciones.jpg\" alt=\"N\u00f3minas - Percepciones\" class=\"wp-image-15970\" style=\"width:115px;height:auto\" srcset=\"https:\/\/imecaf.com\/blog\/wp-content\/uploads\/percepciones.jpg 400w, https:\/\/imecaf.com\/blog\/wp-content\/uploads\/percepciones-300x300.jpg 300w, https:\/\/imecaf.com\/blog\/wp-content\/uploads\/percepciones-150x150.jpg 150w\" sizes=\"auto, (max-width: 400px) 100vw, 400px\" \/><\/figure>\n<\/div>\n\n\n<h4 class=\"wp-block-heading\"><strong>2. Percepciones<\/strong><\/h4>\n\n\n\n<p>Las percepciones son los ingresos brutos que el empleado recibe por su trabajo y pueden estar compuestos por varios elementos:<\/p>\n\n\n\n<ul class=\"wp-block-list\">\n<li><strong>Sueldo Base<\/strong>: Es la cantidad fija establecida en el contrato del trabajador y representa el salario pactado por la jornada laboral. Esta es la base sobre la cual se calculan las prestaciones y deducciones.<\/li>\n\n\n\n<li><strong>Horas Extras<\/strong>: De acuerdo con la Ley Federal del Trabajo (LFT), las horas extras se pagan de la siguiente manera:\n<ul class=\"wp-block-list\">\n<li>Las primeras tres horas extras se pagan al doble del salario regular.&nbsp;<\/li>\n\n\n\n<li>Si se trabajan m\u00e1s de tres horas extras, el pago se incrementa al triple del salario regular.&nbsp;<\/li>\n\n\n\n<li>Las fracciones de hora que sumen una hora de trabajo semanal deben pagarse como horas extras.&nbsp;La LFT establece que las horas extras no deben exceder las tres horas diarias ni realizarse m\u00e1s de tres veces a la semana. Esto se hace para proteger la salud y el bienestar de los trabajadores, y para garantizar un equilibrio entre la vida laboral y personal.<\/li>\n<\/ul>\n<\/li>\n\n\n\n<li><strong>Bonos e Incentivos<\/strong>: Estos son pagos adicionales que el empleado puede recibir por cumplir ciertos objetivos o indicadores. Incluyen bonos por productividad, puntualidad, antig\u00fcedad o cualquier otro incentivo que la empresa utilice para motivar a sus empleados. Estos bonos no siempre son peri\u00f3dicos y dependen del rendimiento o las pol\u00edticas de la empresa.<\/li>\n\n\n\n<li><strong>Aguinaldo y Vacaciones<\/strong>: Estos pagos adicionales son derechos adquiridos por los empleados seg\u00fan la legislaci\u00f3n laboral. El <strong>aguinaldo<\/strong> es un pago anual equivalente, como m\u00ednimo, a 15 d\u00edas de salario, y debe entregarse antes del 20 de diciembre. Las <strong>vacaciones<\/strong> son remuneraciones otorgadas cuando el empleado disfruta de sus d\u00edas de descanso anuales, m\u00e1s una prima vacacional del 25% adicional sobre el salario de esos d\u00edas.<\/li>\n<\/ul>\n\n\n<div class=\"wp-block-image\">\n<figure class=\"alignleft size-full is-resized\"><img loading=\"lazy\" decoding=\"async\" width=\"400\" height=\"400\" src=\"http:\/\/imecaf.com\/blog\/wp-content\/uploads\/deducciones2.jpg\" alt=\"N\u00f3minas - Deducciones\" class=\"wp-image-15971\" style=\"width:121px;height:auto\" srcset=\"https:\/\/imecaf.com\/blog\/wp-content\/uploads\/deducciones2.jpg 400w, https:\/\/imecaf.com\/blog\/wp-content\/uploads\/deducciones2-300x300.jpg 300w, https:\/\/imecaf.com\/blog\/wp-content\/uploads\/deducciones2-150x150.jpg 150w\" sizes=\"auto, (max-width: 400px) 100vw, 400px\" \/><\/figure>\n<\/div>\n\n\n<h4 class=\"wp-block-heading\"><strong>3. Deducciones<\/strong><\/h4>\n\n\n\n<p>Las deducciones son los descuentos que se restan del salario bruto para obtener el salario neto. Incluyen impuestos, contribuciones a la seguridad social y otros conceptos:<\/p>\n\n\n\n<p>Estas deducciones incluyen:<\/p>\n\n\n\n<ul class=\"wp-block-list\">\n<li><strong>Impuesto Sobre la Renta (ISR)<\/strong>: Es un impuesto que los trabajadores deben pagar al Estado por los ingresos obtenidos. La retenci\u00f3n del ISR se calcula en funci\u00f3n de una tabla progresiva establecida por la autoridad fiscal, de manera que a mayor ingreso, mayor ser\u00e1 el porcentaje de impuesto.<\/li>\n\n\n\n<li><strong>Seguridad Social (IMSS, INFONAVIT, AFORE)<\/strong>: Las contribuciones al Instituto Mexicano del Seguro Social (IMSS) cubren prestaciones por riesgos de trabajo, maternidad, enfermedades y accidentes. Adem\u00e1s, se realizan aportaciones al <strong>INFONAVIT<\/strong>, que es un fondo de vivienda, y al <strong>AFORE<\/strong>, que se destina a los fondos de pensi\u00f3n para el retiro del trabajador.<\/li>\n\n\n\n<li><strong>Pr\u00e9stamos y Anticipos<\/strong>: En algunos casos, los trabajadores pueden tener descuentos por pr\u00e9stamos otorgados por la empresa o por anticipos de n\u00f3mina. Tambi\u00e9n podr\u00edan existir deducciones por deudas con instituciones financieras como el INFONAVIT.<\/li>\n<\/ul>\n\n\n<div class=\"wp-block-image\">\n<figure class=\"alignleft size-full is-resized\"><a href=\"http:\/\/imecaf.com\/blog\/wp-content\/uploads\/aportes-patronales.jpg\"><img loading=\"lazy\" decoding=\"async\" width=\"400\" height=\"400\" src=\"http:\/\/imecaf.com\/blog\/wp-content\/uploads\/aportes-patronales.jpg\" alt=\"N\u00f3minas - Aportes Patronales\" class=\"wp-image-15972\" style=\"width:117px;height:auto\" srcset=\"https:\/\/imecaf.com\/blog\/wp-content\/uploads\/aportes-patronales.jpg 400w, https:\/\/imecaf.com\/blog\/wp-content\/uploads\/aportes-patronales-300x300.jpg 300w, https:\/\/imecaf.com\/blog\/wp-content\/uploads\/aportes-patronales-150x150.jpg 150w\" sizes=\"auto, (max-width: 400px) 100vw, 400px\" \/><\/a><\/figure>\n<\/div>\n\n\n<h4 class=\"wp-block-heading\"><strong>4. Aportes Patronales<\/strong><\/h4>\n\n\n\n<p>Son las contribuciones que realiza la empresa para garantizar el bienestar y seguridad del trabajador. Estos aportes son adicionales al salario bruto del empleado:<\/p>\n\n\n\n<ul class=\"wp-block-list\">\n<li><strong>Seguro Social (IMSS)<\/strong>: La empresa debe aportar un porcentaje del salario del trabajador al IMSS. Estos aportes se destinan a financiar prestaciones como atenci\u00f3n m\u00e9dica, incapacidad, pensiones y otros beneficios. Las aportaciones var\u00edan seg\u00fan el tipo de seguro (enfermedad, riesgos de trabajo, maternidad, etc.).<\/li>\n\n\n\n<li><strong>Fondo de Vivienda (INFONAVIT)<\/strong>: El empleador est\u00e1 obligado a realizar aportaciones al INFONAVIT, que permiten al trabajador acceder a cr\u00e9ditos para la adquisici\u00f3n o remodelaci\u00f3n de vivienda. El porcentaje de aporte es del 5% del salario base de cotizaci\u00f3n.<\/li>\n\n\n\n<li><strong>AFORES<\/strong>: Las <strong>Administradoras de Fondos para el Retiro (AFORES)<\/strong> son cuentas individuales en las que se acumulan fondos para el retiro del trabajador. El empleador debe aportar un porcentaje espec\u00edfico al fondo de retiro de cada empleado.<\/li>\n<\/ul>\n\n\n<div class=\"wp-block-image\">\n<figure class=\"alignleft size-full is-resized\"><img loading=\"lazy\" decoding=\"async\" width=\"400\" height=\"400\" src=\"http:\/\/imecaf.com\/blog\/wp-content\/uploads\/salario-neto-2.jpg\" alt=\"N\u00f3minas - Salario Neto\" class=\"wp-image-15973\" style=\"width:111px;height:auto\" srcset=\"https:\/\/imecaf.com\/blog\/wp-content\/uploads\/salario-neto-2.jpg 400w, https:\/\/imecaf.com\/blog\/wp-content\/uploads\/salario-neto-2-300x300.jpg 300w, https:\/\/imecaf.com\/blog\/wp-content\/uploads\/salario-neto-2-150x150.jpg 150w\" sizes=\"auto, (max-width: 400px) 100vw, 400px\" \/><\/figure>\n<\/div>\n\n\n<h4 class=\"wp-block-heading\"><strong>5. Salario Neto<\/strong><\/h4>\n\n\n\n<p>El salario neto es la cantidad que el empleado recibe despu\u00e9s de aplicar todas las deducciones. Para obtener el salario neto se realiza la siguiente operaci\u00f3n:<\/p>\n\n\n\n<ul class=\"wp-block-list\">\n<li><strong>Total percibido<\/strong>: Se suman todas las percepciones (sueldo base, bonos, horas extras, aguinaldo, etc.).<\/li>\n\n\n\n<li><strong>Total de deducciones<\/strong>: Se restan todas las deducciones (impuestos, seguridad social, pr\u00e9stamos).<\/li>\n\n\n\n<li><strong>Salario Neto = Percepciones &#8211; Deducciones<\/strong>: El salario neto es el resultado de restar las deducciones al total percibido. Es la cantidad final que el empleado recibe, generalmente transferida a su cuenta bancaria o entregada en efectivo.<\/li>\n<\/ul>\n\n\n\n<h2 class=\"wp-block-heading\"><strong>C\u00e1lculo de las N\u00f3mina<\/strong>s<\/h2>\n\n\n<div class=\"wp-block-image\">\n<figure class=\"alignleft size-full is-resized\"><img loading=\"lazy\" decoding=\"async\" width=\"900\" height=\"600\" src=\"http:\/\/imecaf.com\/blog\/wp-content\/uploads\/calculo-de-nomina.jpg\" alt=\"C\u00e1lculo de la N\u00f3mina\" class=\"wp-image-15956\" style=\"width:364px;height:auto\" srcset=\"https:\/\/imecaf.com\/blog\/wp-content\/uploads\/calculo-de-nomina.jpg 900w, https:\/\/imecaf.com\/blog\/wp-content\/uploads\/calculo-de-nomina-300x200.jpg 300w, https:\/\/imecaf.com\/blog\/wp-content\/uploads\/calculo-de-nomina-768x512.jpg 768w\" sizes=\"auto, (max-width: 900px) 100vw, 900px\" \/><\/figure>\n<\/div>\n\n\n<p>El c\u00e1lculo de la n\u00f3mina es un proceso clave en la gesti\u00f3n de<strong> <a href=\"https:\/\/imecaf.com\/354\">recursos humanos<\/a><\/strong> y <a href=\"https:\/\/imecaf.com\/29\"><strong>finanzas<\/strong><\/a> de cualquier empresa. Implica realizar un conjunto de operaciones que tienen como objetivo determinar el salario neto que debe recibir un empleado, despu\u00e9s de aplicar percepciones y deducciones. Para realizar este c\u00e1lculo de manera correcta y eficiente, es fundamental seguir una serie de pasos, considerando las leyes laborales, los acuerdos con los trabajadores y las contribuciones obligatorias.<\/p>\n\n\n\n<p>A continuaci\u00f3n, detallamos los pasos b\u00e1sicos para el c\u00e1lculo de la n\u00f3mina, a\u00f1adiendo los factores que intervienen en cada etapa:<\/p>\n\n\n\n<h4 class=\"wp-block-heading\"><strong>1. Determinar el Salario Bruto<\/strong><\/h4>\n\n\n<div class=\"wp-block-image\">\n<figure class=\"alignleft size-full is-resized\"><img loading=\"lazy\" decoding=\"async\" width=\"400\" height=\"400\" src=\"http:\/\/imecaf.com\/blog\/wp-content\/uploads\/salario-bruto-1.jpg\" alt=\"N\u00f3minas - Salario Bruto\" class=\"wp-image-15976\" style=\"width:149px;height:auto\" srcset=\"https:\/\/imecaf.com\/blog\/wp-content\/uploads\/salario-bruto-1.jpg 400w, https:\/\/imecaf.com\/blog\/wp-content\/uploads\/salario-bruto-1-300x300.jpg 300w, https:\/\/imecaf.com\/blog\/wp-content\/uploads\/salario-bruto-1-150x150.jpg 150w\" sizes=\"auto, (max-width: 400px) 100vw, 400px\" \/><\/figure>\n<\/div>\n\n\n<p>Para calcular el salario bruto, se consideran las siguientes percepciones:<\/p>\n\n\n\n<ul class=\"wp-block-list\">\n<li><strong>Sueldo Base<\/strong><\/li>\n\n\n\n<li><strong>Horas Extras<\/strong><\/li>\n\n\n\n<li><strong>Bonos e Incentivos<\/strong><\/li>\n\n\n\n<li><strong>Prestaciones y Gratificaciones&nbsp;<\/strong><\/li>\n<\/ul>\n\n\n\n<p>Por ejemplo, si un empleado tiene un sueldo base de <strong>$10,000<\/strong> y recibe un bono de puntualidad de <strong>$1,000<\/strong>, el salario bruto se calcular\u00eda as\u00ed:<\/p>\n\n\n\n<p><strong>Salario Bruto = Sueldo Base + Bonos = 10,000 + 1,000 = 11,000<\/strong><\/p>\n\n\n\n<h4 class=\"wp-block-heading\"><strong>2. Calcular las Deducciones<\/strong><\/h4>\n\n\n<div class=\"wp-block-image\">\n<figure class=\"alignleft size-full is-resized\"><img loading=\"lazy\" decoding=\"async\" width=\"400\" height=\"400\" src=\"http:\/\/imecaf.com\/blog\/wp-content\/uploads\/deducciones.jpg\" alt=\"N\u00f3minas - C\u00e1lculo de Deducciones\" class=\"wp-image-15966\" style=\"width:125px;height:auto\" srcset=\"https:\/\/imecaf.com\/blog\/wp-content\/uploads\/deducciones.jpg 400w, https:\/\/imecaf.com\/blog\/wp-content\/uploads\/deducciones-300x300.jpg 300w, https:\/\/imecaf.com\/blog\/wp-content\/uploads\/deducciones-150x150.jpg 150w\" sizes=\"auto, (max-width: 400px) 100vw, 400px\" \/><\/figure>\n<\/div>\n\n\n<p>Una vez determinado el salario bruto, se procede a calcular las <strong>deducciones<\/strong>. Por ejemplo, si el salario bruto es de <strong>$11,000<\/strong> y las deducciones por ISR y seguridad social suman <strong>$2,500<\/strong>, el c\u00e1lculo de deducciones ser\u00eda:<\/p>\n\n\n\n<p><strong>Total Deducciones = ISR + SeguridadSocial + Otros Descuentos = 2,500<\/strong><\/p>\n\n\n\n<h4 class=\"wp-block-heading\"><strong>3. Obtener el Salario Neto<\/strong><\/h4>\n\n\n<div class=\"wp-block-image\">\n<figure class=\"alignleft size-full is-resized\"><img loading=\"lazy\" decoding=\"async\" width=\"400\" height=\"400\" src=\"http:\/\/imecaf.com\/blog\/wp-content\/uploads\/salario-neto.jpg\" alt=\"N\u00f3minas - Obtener el Salario Neto\" class=\"wp-image-15967\" style=\"width:121px;height:auto\" srcset=\"https:\/\/imecaf.com\/blog\/wp-content\/uploads\/salario-neto.jpg 400w, https:\/\/imecaf.com\/blog\/wp-content\/uploads\/salario-neto-300x300.jpg 300w, https:\/\/imecaf.com\/blog\/wp-content\/uploads\/salario-neto-150x150.jpg 150w\" sizes=\"auto, (max-width: 400px) 100vw, 400px\" \/><\/figure>\n<\/div>\n\n\n<p>Este es el monto que el trabajador puede disponer para sus gastos personales. Para calcular el salario neto se realiza la siguiente operaci\u00f3n:<\/p>\n\n\n\n<p><strong>Salario Neto = Salario Bruto \u2212 Deducciones<\/strong><\/p>\n\n\n\n<p>Siguiendo con el ejemplo anterior:<\/p>\n\n\n\n<ul class=\"wp-block-list\">\n<li><strong>Salario Bruto<\/strong>: <strong>$11,000<\/strong><\/li>\n\n\n\n<li><strong>Deducciones<\/strong>: <strong>$2,500<\/strong><\/li>\n<\/ul>\n\n\n\n<p>Entonces: <strong>Salario Neto= 11,000 \u2212 2,500 = 8,500&nbsp;<\/strong><\/p>\n\n\n\n<p>El salario neto que el empleado recibir\u00e1 es de <strong>$8,500<\/strong>.<\/p>\n\n\n\n<h3 class=\"wp-block-heading\"><strong>Otros Factores a Considerar en el C\u00e1lculo de las N\u00f3minas<\/strong><\/h3>\n\n\n\n<p>Adem\u00e1s de los pasos b\u00e1sicos, existen otros aspectos importantes que pueden influir en el c\u00e1lculo de la n\u00f3mina:<\/p>\n\n\n<div class=\"wp-block-image\">\n<figure class=\"aligncenter size-full is-resized\"><img loading=\"lazy\" decoding=\"async\" width=\"900\" height=\"600\" src=\"http:\/\/imecaf.com\/blog\/wp-content\/uploads\/retos-en-la-gestion-de-nominas-3.jpg\" alt=\"N\u00f3minas - Otros factores para el c\u00e1lculo\" class=\"wp-image-15962\" style=\"width:449px;height:auto\" srcset=\"https:\/\/imecaf.com\/blog\/wp-content\/uploads\/retos-en-la-gestion-de-nominas-3.jpg 900w, https:\/\/imecaf.com\/blog\/wp-content\/uploads\/retos-en-la-gestion-de-nominas-3-300x200.jpg 300w, https:\/\/imecaf.com\/blog\/wp-content\/uploads\/retos-en-la-gestion-de-nominas-3-768x512.jpg 768w\" sizes=\"auto, (max-width: 900px) 100vw, 900px\" \/><\/figure>\n<\/div>\n\n\n<ul class=\"wp-block-list\">\n<li><strong>Prestaciones en Especie<\/strong>: En algunos casos, las empresas otorgan prestaciones que no se pagan en efectivo, como vales de despensa o apoyos para transporte. Estas prestaciones tambi\u00e9n deben ser consideradas, ya que, en algunos casos, pueden estar sujetas a impuestos.<\/li>\n\n\n\n<li><strong>Deducciones Voluntarias<\/strong>: Existen deducciones que no son obligatorias pero que el trabajador puede elegir, como fondos de ahorro, aportaciones voluntarias al AFORE o seguros adicionales. Estas deducciones tambi\u00e9n deben registrarse y descontarse del salario bruto.<\/li>\n\n\n\n<li><strong>Retenciones por Incapacidad<\/strong>: En caso de que el trabajador haya estado en situaci\u00f3n de incapacidad por alguna enfermedad o accidente, el IMSS cubrir\u00e1 una parte del salario. La empresa puede reflejar este ajuste en la n\u00f3mina dependiendo de la duraci\u00f3n y tipo de incapacidad.<\/li>\n\n\n\n<li><strong>Tablas y Porcentajes Actualizados<\/strong>: Es fundamental usar las tablas de ISR, IMSS y otros c\u00e1lculos que est\u00e9n vigentes, ya que estos montos y porcentajes cambian a\u00f1o con a\u00f1o. Utilizar valores desactualizados puede resultar en errores de c\u00e1lculo y sanciones para la empresa.<\/li>\n<\/ul>\n\n\n\n<h2 class=\"wp-block-heading\"><strong>Importancia de la N\u00f3mina<\/strong><\/h2>\n\n\n\n<p>La n\u00f3mina cumple varias funciones clave dentro de una empresa:<\/p>\n\n\n<div class=\"wp-block-image\">\n<figure class=\"aligncenter size-full is-resized\"><img loading=\"lazy\" decoding=\"async\" width=\"900\" height=\"600\" src=\"http:\/\/imecaf.com\/blog\/wp-content\/uploads\/importancia-de-la-nomina-1.jpg\" alt=\"Importancia de la N\u00f3mina\" class=\"wp-image-15964\" style=\"width:449px;height:auto\" srcset=\"https:\/\/imecaf.com\/blog\/wp-content\/uploads\/importancia-de-la-nomina-1.jpg 900w, https:\/\/imecaf.com\/blog\/wp-content\/uploads\/importancia-de-la-nomina-1-300x200.jpg 300w, https:\/\/imecaf.com\/blog\/wp-content\/uploads\/importancia-de-la-nomina-1-768x512.jpg 768w\" sizes=\"auto, (max-width: 900px) 100vw, 900px\" \/><\/figure>\n<\/div>\n\n\n<ol class=\"wp-block-list\">\n<li><strong>Cumplimiento Legal<\/strong>: La correcta gesti\u00f3n de la n\u00f3mina asegura el cumplimiento de las normativas laborales y fiscales. Las autoridades exigen que la empresa registre y pague de forma adecuada los salarios de sus empleados.<\/li>\n\n\n\n<li><strong>Motivaci\u00f3n del Personal<\/strong>: Un pago puntual y adecuado de los salarios fomenta la motivaci\u00f3n y el compromiso de los empleados. Saber que la empresa cumple con sus obligaciones fortalece la confianza del trabajador.<\/li>\n\n\n\n<li><strong>Registro Contable<\/strong>: La n\u00f3mina es un documento que tiene un papel fundamental en la contabilidad de la empresa, ya que todos los pagos a los empleados deben estar registrados y justificados.<\/li>\n\n\n\n<li><strong>Contribuci\u00f3n al Bienestar Social<\/strong>: Las aportaciones que se realizan a la seguridad social y al fondo de ahorro para el retiro tienen un impacto directo en la calidad de vida de los trabajadores y su bienestar a largo plazo.<\/li>\n<\/ol>\n\n\n\n<h2 class=\"wp-block-heading\"><strong>Retos en la Gesti\u00f3n de N\u00f3minas<\/strong><\/h2>\n\n\n\n<p>Gestionar una n\u00f3mina correctamente es una tarea cr\u00edtica para cualquier organizaci\u00f3n. No solo implica procesar pagos de manera puntual, sino tambi\u00e9n cumplir con diversas normativas legales y fiscales. A continuaci\u00f3n, se describen algunos de los principales desaf\u00edos que enfrentan las empresas al manejar su n\u00f3mina:<\/p>\n\n\n<div class=\"wp-block-image\">\n<figure class=\"aligncenter size-full is-resized\"><img loading=\"lazy\" decoding=\"async\" width=\"900\" height=\"600\" src=\"http:\/\/imecaf.com\/blog\/wp-content\/uploads\/retos-en-la-gestion-de-nominas-2.jpg\" alt=\"Retos en la gesti\u00f3n de n\u00f3minas\" class=\"wp-image-15961\" style=\"width:437px;height:auto\" srcset=\"https:\/\/imecaf.com\/blog\/wp-content\/uploads\/retos-en-la-gestion-de-nominas-2.jpg 900w, https:\/\/imecaf.com\/blog\/wp-content\/uploads\/retos-en-la-gestion-de-nominas-2-300x200.jpg 300w, https:\/\/imecaf.com\/blog\/wp-content\/uploads\/retos-en-la-gestion-de-nominas-2-768x512.jpg 768w\" sizes=\"auto, (max-width: 900px) 100vw, 900px\" \/><\/figure>\n<\/div>\n\n\n<h4 class=\"wp-block-heading\"><strong>Cambios en la Legislaci\u00f3n<\/strong><\/h4>\n\n\n<div class=\"wp-block-image\">\n<figure class=\"alignleft size-full is-resized\"><img loading=\"lazy\" decoding=\"async\" width=\"400\" height=\"400\" src=\"http:\/\/imecaf.com\/blog\/wp-content\/uploads\/cambios-en-la-legislacion.jpg\" alt=\"\" class=\"wp-image-15989\" style=\"width:117px;height:auto\" srcset=\"https:\/\/imecaf.com\/blog\/wp-content\/uploads\/cambios-en-la-legislacion.jpg 400w, https:\/\/imecaf.com\/blog\/wp-content\/uploads\/cambios-en-la-legislacion-300x300.jpg 300w, https:\/\/imecaf.com\/blog\/wp-content\/uploads\/cambios-en-la-legislacion-150x150.jpg 150w\" sizes=\"auto, (max-width: 400px) 100vw, 400px\" \/><\/figure>\n<\/div>\n\n\n<p>Las leyes laborales y fiscales cambian con regularidad, lo que representa un reto constante para los responsables de la n\u00f3mina. Es fundamental estar al tanto de las actualizaciones en leyes laborales, impuestos sobre la renta, aportaciones de seguridad social, entre otros. Un error en la aplicaci\u00f3n de la normativa puede resultar en sanciones, multas o inconvenientes legales. Para minimizar este riesgo, es esencial que los responsables de la n\u00f3mina reciban formaci\u00f3n continua y que la empresa cuente con un sistema automatizado que se actualice de acuerdo con los cambios normativos.<\/p>\n\n\n\n<h4 class=\"wp-block-heading\"><strong>Errores Humanos<\/strong><\/h4>\n\n\n<div class=\"wp-block-image\">\n<figure class=\"alignleft size-full is-resized\"><img loading=\"lazy\" decoding=\"async\" width=\"400\" height=\"400\" src=\"http:\/\/imecaf.com\/blog\/wp-content\/uploads\/errores-humanos.jpg\" alt=\"\" class=\"wp-image-15991\" style=\"width:116px;height:auto\" srcset=\"https:\/\/imecaf.com\/blog\/wp-content\/uploads\/errores-humanos.jpg 400w, https:\/\/imecaf.com\/blog\/wp-content\/uploads\/errores-humanos-300x300.jpg 300w, https:\/\/imecaf.com\/blog\/wp-content\/uploads\/errores-humanos-150x150.jpg 150w\" sizes=\"auto, (max-width: 400px) 100vw, 400px\" \/><\/figure>\n<\/div>\n\n\n<p>El procesamiento de las n\u00f3minas implica manejar una gran cantidad de datos, como horas trabajadas, bonificaciones, deducciones, retenciones fiscales, entre otros. Con tanta informaci\u00f3n involucrada, los errores humanos son comunes, ya sea en la entrada de datos o en los c\u00e1lculos. Estos errores pueden afectar directamente los pagos a los empleados, lo que a su vez influye en la satisfacci\u00f3n, la confianza y la moral del personal. Adem\u00e1s, los errores en el cumplimiento de obligaciones fiscales o laborales pueden llevar a la empresa a enfrentar problemas legales.<\/p>\n\n\n\n<h4 class=\"wp-block-heading\"><strong>Confidencialidad<\/strong><\/h4>\n\n\n<div class=\"wp-block-image\">\n<figure class=\"alignleft size-full is-resized\"><img loading=\"lazy\" decoding=\"async\" width=\"400\" height=\"400\" src=\"http:\/\/imecaf.com\/blog\/wp-content\/uploads\/confidencialidad.jpg\" alt=\"\" class=\"wp-image-15992\" style=\"width:115px;height:auto\" srcset=\"https:\/\/imecaf.com\/blog\/wp-content\/uploads\/confidencialidad.jpg 400w, https:\/\/imecaf.com\/blog\/wp-content\/uploads\/confidencialidad-300x300.jpg 300w, https:\/\/imecaf.com\/blog\/wp-content\/uploads\/confidencialidad-150x150.jpg 150w\" sizes=\"auto, (max-width: 400px) 100vw, 400px\" \/><\/figure>\n<\/div>\n\n\n<p>La informaci\u00f3n que se maneja en una n\u00f3mina es altamente confidencial, ya que incluye datos sensibles como los salarios, deducciones personales, y la informaci\u00f3n bancaria de los empleados. Proteger esta informaci\u00f3n es crucial para cumplir con las normativas de protecci\u00f3n de datos y para mantener la confianza de los empleados. Un manejo inadecuado de esta informaci\u00f3n podr\u00eda derivar en robo de identidad, fraudes o una violaci\u00f3n de las normativas de privacidad, lo que afectar\u00eda la reputaci\u00f3n de la empresa y podr\u00eda llevar a sanciones legales.<\/p>\n\n\n\n<h2 class=\"wp-block-heading\"><strong>C\u00f3mo Automatizar la N\u00f3mina<\/strong><\/h2>\n\n\n<div class=\"wp-block-image\">\n<figure class=\"aligncenter size-full is-resized\"><img loading=\"lazy\" decoding=\"async\" width=\"900\" height=\"600\" src=\"http:\/\/imecaf.com\/blog\/wp-content\/uploads\/Automatizacion-de-nomina.jpg\" alt=\"Automatizaci\u00f3n de N\u00f3minas\" class=\"wp-image-15957\" style=\"width:443px;height:auto\" srcset=\"https:\/\/imecaf.com\/blog\/wp-content\/uploads\/Automatizacion-de-nomina.jpg 900w, https:\/\/imecaf.com\/blog\/wp-content\/uploads\/Automatizacion-de-nomina-300x200.jpg 300w, https:\/\/imecaf.com\/blog\/wp-content\/uploads\/Automatizacion-de-nomina-768x512.jpg 768w\" sizes=\"auto, (max-width: 900px) 100vw, 900px\" \/><\/figure>\n<\/div>\n\n\n<p>La automatizaci\u00f3n de la n\u00f3mina se ha convertido en una necesidad para las empresas que buscan optimizar procesos, minimizar errores y garantizar el cumplimiento legal. Estos sistemas no solo mejoran la eficiencia, sino que tambi\u00e9n reducen la carga administrativa del personal encargado. Te explicamos algunos beneficios y caracter\u00edsticas de los sistemas de automatizaci\u00f3n de n\u00f3minas:<\/p>\n\n\n\n<h4 class=\"wp-block-heading\"><strong>C\u00e1lculos Autom\u00e1ticos<\/strong><\/h4>\n\n\n<div class=\"wp-block-image\">\n<figure class=\"alignleft size-full is-resized\"><img loading=\"lazy\" decoding=\"async\" width=\"400\" height=\"400\" src=\"http:\/\/imecaf.com\/blog\/wp-content\/uploads\/calculos-automatico.jpg\" alt=\"\" class=\"wp-image-15993\" style=\"width:113px;height:auto\" srcset=\"https:\/\/imecaf.com\/blog\/wp-content\/uploads\/calculos-automatico.jpg 400w, https:\/\/imecaf.com\/blog\/wp-content\/uploads\/calculos-automatico-300x300.jpg 300w, https:\/\/imecaf.com\/blog\/wp-content\/uploads\/calculos-automatico-150x150.jpg 150w\" sizes=\"auto, (max-width: 400px) 100vw, 400px\" \/><\/figure>\n<\/div>\n\n\n<p>Una de las principales ventajas de automatizar la n\u00f3mina es que los c\u00e1lculos de salarios, deducciones e impuestos se realizan autom\u00e1ticamente, eliminando el riesgo de errores humanos. Estos sistemas pueden ajustarse a las particularidades de cada empresa, como el tipo de contrato, horas extras, bonificaciones y otros conceptos salariales, para garantizar que el pago sea exacto.<\/p>\n\n\n\n<h4 class=\"wp-block-heading\"><strong>Cumplimiento Fiscal<\/strong><\/h4>\n\n\n<div class=\"wp-block-image\">\n<figure class=\"alignleft size-full is-resized\"><img loading=\"lazy\" decoding=\"async\" width=\"400\" height=\"400\" src=\"http:\/\/imecaf.com\/blog\/wp-content\/uploads\/cumplimiento-fiscal.jpg\" alt=\"\" class=\"wp-image-15994\" style=\"width:114px;height:auto\" srcset=\"https:\/\/imecaf.com\/blog\/wp-content\/uploads\/cumplimiento-fiscal.jpg 400w, https:\/\/imecaf.com\/blog\/wp-content\/uploads\/cumplimiento-fiscal-300x300.jpg 300w, https:\/\/imecaf.com\/blog\/wp-content\/uploads\/cumplimiento-fiscal-150x150.jpg 150w\" sizes=\"auto, (max-width: 400px) 100vw, 400px\" \/><\/figure>\n<\/div>\n\n\n<p>El software de n\u00f3minas facilita la emisi\u00f3n de recibos electr\u00f3nicos, lo que asegura que estos documentos cumplan con las normativas fiscales vigentes. Adem\u00e1s, algunos sistemas est\u00e1n dise\u00f1ados para actualizarse autom\u00e1ticamente con los cambios en la legislaci\u00f3n, lo que garantiza que la empresa siempre est\u00e9 cumpliendo con las leyes laborales y fiscales aplicables.<\/p>\n\n\n\n<h4 class=\"wp-block-heading\"><strong>Gesti\u00f3n Segura de la Informaci\u00f3n<\/strong><\/h4>\n\n\n<div class=\"wp-block-image\">\n<figure class=\"alignleft size-full is-resized\"><img loading=\"lazy\" decoding=\"async\" width=\"400\" height=\"400\" src=\"http:\/\/imecaf.com\/blog\/wp-content\/uploads\/gestion-segura-de-la-informacion.jpg\" alt=\"\" class=\"wp-image-15995\" style=\"width:114px;height:auto\" srcset=\"https:\/\/imecaf.com\/blog\/wp-content\/uploads\/gestion-segura-de-la-informacion.jpg 400w, https:\/\/imecaf.com\/blog\/wp-content\/uploads\/gestion-segura-de-la-informacion-300x300.jpg 300w, https:\/\/imecaf.com\/blog\/wp-content\/uploads\/gestion-segura-de-la-informacion-150x150.jpg 150w\" sizes=\"auto, (max-width: 400px) 100vw, 400px\" \/><\/figure>\n<\/div>\n\n\n<p>La automatizaci\u00f3n tambi\u00e9n permite una gesti\u00f3n m\u00e1s eficiente y segura de la informaci\u00f3n de los empleados. La mayor\u00eda de los softwares de n\u00f3mina cuentan con sistemas de seguridad que protegen los datos confidenciales y garantizan el acceso controlado a la informaci\u00f3n. De esta manera, la empresa puede manejar los datos sensibles de sus empleados sin comprometer su privacidad.<\/p>\n\n\n<div class=\"wp-block-image\">\n<figure class=\"aligncenter size-full is-resized\"><img loading=\"lazy\" decoding=\"async\" width=\"600\" height=\"200\" src=\"http:\/\/imecaf.com\/blog\/wp-content\/uploads\/software-de-nomina.jpg\" alt=\"Softwares de N\u00f3minas\" class=\"wp-image-15986\" style=\"width:512px;height:auto\" srcset=\"https:\/\/imecaf.com\/blog\/wp-content\/uploads\/software-de-nomina.jpg 600w, https:\/\/imecaf.com\/blog\/wp-content\/uploads\/software-de-nomina-300x100.jpg 300w\" sizes=\"auto, (max-width: 600px) 100vw, 600px\" \/><\/figure>\n<\/div>\n\n\n<p>Entre los sistemas de n\u00f3mina m\u00e1s utilizados se encuentran <strong>CONTPAQi N\u00f3minas<\/strong>, <strong>Nomilinea<\/strong> y <strong>Aspel NOI<\/strong>, que ofrecen soluciones completas para la gesti\u00f3n de n\u00f3minas. Estos programas permiten no solo el c\u00e1lculo de salarios y emisi\u00f3n de recibos, sino tambi\u00e9n la generaci\u00f3n de reportes y la integraci\u00f3n con otros sistemas contables.<\/p>\n\n\n\n<h2 class=\"wp-block-heading\"><strong>Consejos para una Correcta Gesti\u00f3n de la N\u00f3mina<\/strong><\/h2>\n\n\n<div class=\"wp-block-image\">\n<figure class=\"aligncenter size-full is-resized\"><img loading=\"lazy\" decoding=\"async\" width=\"900\" height=\"600\" src=\"http:\/\/imecaf.com\/blog\/wp-content\/uploads\/consejos-gestion-de-nominas.jpg\" alt=\"Consejos para Gesti\u00f3n de N\u00f3minas\" class=\"wp-image-15958\" style=\"width:439px;height:auto\" srcset=\"https:\/\/imecaf.com\/blog\/wp-content\/uploads\/consejos-gestion-de-nominas.jpg 900w, https:\/\/imecaf.com\/blog\/wp-content\/uploads\/consejos-gestion-de-nominas-300x200.jpg 300w, https:\/\/imecaf.com\/blog\/wp-content\/uploads\/consejos-gestion-de-nominas-768x512.jpg 768w\" sizes=\"auto, (max-width: 900px) 100vw, 900px\" \/><\/figure>\n<\/div>\n\n\n<p>Para asegurar una gesti\u00f3n eficiente y libre de errores, es importante seguir buenas pr\u00e1cticas que garanticen el cumplimiento legal y la satisfacci\u00f3n de los empleados. A continuaci\u00f3n, se detallan algunos consejos clave:<\/p>\n\n\n\n<h4 class=\"wp-block-heading\"><strong>Mant\u00e9n Registros Detallados<\/strong><\/h4>\n\n\n<div class=\"wp-block-image\">\n<figure class=\"alignleft size-full is-resized\"><img loading=\"lazy\" decoding=\"async\" width=\"400\" height=\"400\" src=\"http:\/\/imecaf.com\/blog\/wp-content\/uploads\/registro-correcto-de-informacion.jpg\" alt=\"\" class=\"wp-image-15996\" style=\"width:113px;height:auto\" srcset=\"https:\/\/imecaf.com\/blog\/wp-content\/uploads\/registro-correcto-de-informacion.jpg 400w, https:\/\/imecaf.com\/blog\/wp-content\/uploads\/registro-correcto-de-informacion-300x300.jpg 300w, https:\/\/imecaf.com\/blog\/wp-content\/uploads\/registro-correcto-de-informacion-150x150.jpg 150w\" sizes=\"auto, (max-width: 400px) 100vw, 400px\" \/><\/figure>\n<\/div>\n\n\n<p>Llevar un registro detallado y actualizado de los empleados y sus pagos es esencial para garantizar la transparencia en la gesti\u00f3n de la n\u00f3mina. Estos registros son fundamentales en caso de auditor\u00edas, ya que permiten demostrar el cumplimiento de las obligaciones fiscales y laborales. Adem\u00e1s, mantener una base de datos completa facilita la gesti\u00f3n y permite acceder r\u00e1pidamente a la informaci\u00f3n necesaria.<\/p>\n\n\n\n<h4 class=\"wp-block-heading\"><strong>Cumple con los Plazos<\/strong><\/h4>\n\n\n<div class=\"wp-block-image\">\n<figure class=\"alignleft size-full is-resized\"><img loading=\"lazy\" decoding=\"async\" width=\"400\" height=\"400\" src=\"http:\/\/imecaf.com\/blog\/wp-content\/uploads\/cumple-con-los-plazos.jpg\" alt=\"\" class=\"wp-image-15997\" style=\"width:113px;height:auto\" srcset=\"https:\/\/imecaf.com\/blog\/wp-content\/uploads\/cumple-con-los-plazos.jpg 400w, https:\/\/imecaf.com\/blog\/wp-content\/uploads\/cumple-con-los-plazos-300x300.jpg 300w, https:\/\/imecaf.com\/blog\/wp-content\/uploads\/cumple-con-los-plazos-150x150.jpg 150w\" sizes=\"auto, (max-width: 400px) 100vw, 400px\" \/><\/figure>\n<\/div>\n\n\n<p>Pagar a los empleados en la fecha establecida es fundamental para mantener la confianza y la moral del personal. Un retraso en los pagos puede generar malestar y desmotivaci\u00f3n, adem\u00e1s de posibles consecuencias legales en ciertos pa\u00edses. Cumplir con los plazos de pago no solo es una cuesti\u00f3n de responsabilidad empresarial, sino tambi\u00e9n de compromiso con el bienestar de los empleados.<\/p>\n\n\n\n<h4 class=\"wp-block-heading\"><strong>Automatiza los Procesos<\/strong><\/h4>\n\n\n<div class=\"wp-block-image\">\n<figure class=\"alignleft size-full is-resized\"><img loading=\"lazy\" decoding=\"async\" width=\"400\" height=\"400\" src=\"http:\/\/imecaf.com\/blog\/wp-content\/uploads\/automatizar.jpg\" alt=\"\" class=\"wp-image-15998\" style=\"width:113px;height:auto\" srcset=\"https:\/\/imecaf.com\/blog\/wp-content\/uploads\/automatizar.jpg 400w, https:\/\/imecaf.com\/blog\/wp-content\/uploads\/automatizar-300x300.jpg 300w, https:\/\/imecaf.com\/blog\/wp-content\/uploads\/automatizar-150x150.jpg 150w\" sizes=\"auto, (max-width: 400px) 100vw, 400px\" \/><\/figure>\n<\/div>\n\n\n<p>El uso de un software especializado en la gesti\u00f3n de n\u00f3minas es una excelente herramienta para reducir errores y ahorrar tiempo. La automatizaci\u00f3n garantiza la precisi\u00f3n en el c\u00e1lculo de deducciones e impuestos, lo que minimiza el riesgo de errores y asegura el cumplimiento con las normativas vigentes. Adem\u00e1s, estos sistemas permiten generar informes detallados que facilitan el control y la planificaci\u00f3n financiera de la empresa.<\/p>\n\n\n\n<h2 class=\"wp-block-heading\"><strong>Conclusi\u00f3n<\/strong><\/h2>\n\n\n\n<p>La n\u00f3mina es un pilar fundamental en la administraci\u00f3n de cualquier empresa, pues no solo representa el pago justo al trabajador, sino que tambi\u00e9n garantiza el cumplimiento de las obligaciones fiscales y laborales. Una buena gesti\u00f3n de n\u00f3minas contribuye a mantener una relaci\u00f3n laboral s\u00f3lida y a asegurar la estabilidad financiera tanto del trabajador como de la empresa.<\/p>\n\n\n\n<p>Ya sea que administres una peque\u00f1a empresa o seas parte del equipo de recursos humanos de una gran corporaci\u00f3n, comprender la importancia y los detalles de la n\u00f3mina es esencial para garantizar una gesti\u00f3n eficaz y responsable. Para profundizar tus conocimientos en este tema, en IMECAF ofrecemos un <a href=\"https:\/\/imecaf.com\/23\"><strong>Curso de N\u00f3minas<\/strong><\/a>, que te proporcionar\u00e1 herramientas pr\u00e1cticas y actualizadas para mejorar tu gesti\u00f3n y cumplir con las disposiciones vigentes.<\/p>\n\n\n<figure class=\"wp-block-image\"><a href=\"http:\/\/imecaf.com\/blog\/wp-content\/uploads\/Nominas.pdf\"><img decoding=\"async\" style=\"width: 303px; height: auto;\" src=\"http:\/\/imecaf.com\/blog\/wp-content\/uploads\/Descargar-PDF-e1708732610860-1024x317.png\" alt=\"N\u00f3minas: Todo lo que necesitas saber para gestionarlas correctamente - Descargar PDF\"\/><\/a><\/figure>","protected":false},"excerpt":{"rendered":"<p>Las n\u00f3minas son un componente esencial de la administraci\u00f3n de una empresa, pues representan el documento en el cual se refleja el pago de salarios a los empleados. Entender c\u00f3mo se elaboran y cu\u00e1les son sus componentes es fundamental para mantener el cumplimiento legal y asegurar la motivaci\u00f3n de los trabajadores. En este art\u00edculo, te &#8230; <a title=\"N\u00f3minas: Todo lo que necesitas saber para gestionarlas correctamente\" class=\"read-more\" href=\"https:\/\/imecaf.com\/blog\/2024\/10\/11\/nominas\/\">Leer m\u00e1s <span class=\"screen-reader-text\">N\u00f3minas: Todo lo que necesitas saber para gestionarlas correctamente<\/span><\/a><\/p>\n","protected":false},"author":2,"featured_media":15953,"comment_status":"open","ping_status":"closed","sticky":false,"template":"","format":"standard","meta":{"footnotes":""},"categories":[285,9],"tags":[10899,10897,10900,10891,10892,10782,10898,10890,10893,10895,10894,10896],"class_list":["post-15952","post","type-post","status-publish","format-standard","has-post-thumbnail","hentry","category-articulos-fiscal","category-fiscal","tag-administracion-de-nominas","tag-aportaciones","tag-automatizacion-de-nominas","tag-calculo-de-nominas","tag-componentes","tag-deducciones","tag-gestion-de-nominas","tag-nominas","tag-percepciones","tag-salario-bruto","tag-salario-neto","tag-sueldo-base"],"yoast_head":"<!-- This site is optimized with the Yoast SEO plugin v27.5 - https:\/\/yoast.com\/product\/yoast-seo-wordpress\/ -->\n<title>N\u00f3minas - IMECAF - Blog<\/title>\n<meta name=\"description\" content=\"Conoce los elementos esenciales de las n\u00f3minas: percepciones y deducciones, c\u00f3mo calcular el salario neto, asegurar el cumplimiento legal.\" \/>\n<meta name=\"robots\" content=\"index, follow, max-snippet:-1, max-image-preview:large, max-video-preview:-1\" \/>\n<link rel=\"canonical\" href=\"https:\/\/imecaf.com\/blog\/2024\/10\/11\/nominas\/\" \/>\n<meta property=\"og:locale\" content=\"es_ES\" \/>\n<meta property=\"og:type\" content=\"article\" \/>\n<meta property=\"og:title\" content=\"N\u00f3minas: Todo lo que necesitas para saber gestionarlas correctamente\" \/>\n<meta property=\"og:description\" content=\"Conoce los elementos esenciales de las n\u00f3minas: percepciones y deducciones, c\u00f3mo calcular el salario neto, asegurar el cumplimiento legal.\" \/>\n<meta property=\"og:url\" content=\"https:\/\/imecaf.com\/blog\/2024\/10\/11\/nominas\/\" \/>\n<meta property=\"og:site_name\" content=\"IMECAF - Blog\" \/>\n<meta property=\"article:publisher\" content=\"https:\/\/www.facebook.com\/IMECAF\" \/>\n<meta property=\"article:published_time\" content=\"2024-10-11T23:26:02+00:00\" \/>\n<meta property=\"article:modified_time\" content=\"2025-07-19T01:20:43+00:00\" \/>\n<meta property=\"og:image\" content=\"https:\/\/imecaf.com\/blog\/wp-content\/uploads\/Nominas.jpg\" \/>\n\t<meta property=\"og:image:width\" content=\"1000\" \/>\n\t<meta property=\"og:image:height\" content=\"600\" \/>\n\t<meta property=\"og:image:type\" content=\"image\/jpeg\" \/>\n<meta name=\"author\" content=\"Equipo de IMECAF\" \/>\n<meta name=\"twitter:card\" content=\"summary_large_image\" \/>\n<meta name=\"twitter:title\" content=\"N\u00f3minas: Todo lo que necesitas para saber gestionarlas correctamente\" \/>\n<meta name=\"twitter:description\" content=\"Conoce los elementos esenciales de las n\u00f3minas: percepciones y deducciones, c\u00f3mo calcular el salario neto, asegurar el cumplimiento legal.\" \/>\n<meta name=\"twitter:image\" content=\"https:\/\/imecaf.com\/blog\/wp-content\/uploads\/Nominas.jpg\" \/>\n<meta name=\"twitter:creator\" content=\"@imecaf\" \/>\n<meta name=\"twitter:site\" content=\"@imecaf\" \/>\n<meta name=\"twitter:label1\" content=\"Escrito por\" \/>\n\t<meta name=\"twitter:data1\" content=\"Equipo de IMECAF\" \/>\n\t<meta name=\"twitter:label2\" content=\"Tiempo de lectura\" \/>\n\t<meta name=\"twitter:data2\" content=\"18 minutos\" \/>\n<script type=\"application\/ld+json\" class=\"yoast-schema-graph\">{\"@context\":\"https:\\\/\\\/schema.org\",\"@graph\":[{\"@type\":\"Article\",\"@id\":\"https:\\\/\\\/imecaf.com\\\/blog\\\/2024\\\/10\\\/11\\\/nominas\\\/#article\",\"isPartOf\":{\"@id\":\"https:\\\/\\\/imecaf.com\\\/blog\\\/2024\\\/10\\\/11\\\/nominas\\\/\"},\"author\":{\"name\":\"Equipo de IMECAF\",\"@id\":\"https:\\\/\\\/imecaf.com\\\/blog\\\/#\\\/schema\\\/person\\\/a69b9f3972250aa0b1fdb798f094b4c7\"},\"headline\":\"N\u00f3minas: Todo lo que necesitas saber para gestionarlas correctamente\",\"datePublished\":\"2024-10-11T23:26:02+00:00\",\"dateModified\":\"2025-07-19T01:20:43+00:00\",\"mainEntityOfPage\":{\"@id\":\"https:\\\/\\\/imecaf.com\\\/blog\\\/2024\\\/10\\\/11\\\/nominas\\\/\"},\"wordCount\":2826,\"commentCount\":0,\"publisher\":{\"@id\":\"https:\\\/\\\/imecaf.com\\\/blog\\\/#organization\"},\"image\":{\"@id\":\"https:\\\/\\\/imecaf.com\\\/blog\\\/2024\\\/10\\\/11\\\/nominas\\\/#primaryimage\"},\"thumbnailUrl\":\"https:\\\/\\\/imecaf.com\\\/blog\\\/wp-content\\\/uploads\\\/Nominas.jpg\",\"keywords\":[\"administracion de nominas\",\"aportaciones\",\"automatizacion de nominas\",\"calculo de nominas\",\"componentes\",\"deducciones\",\"gestion de nominas\",\"nominas\",\"percepciones\",\"salario bruto\",\"salario neto\",\"sueldo base\"],\"articleSection\":[\"Art\u00edculos\",\"Fiscal\"],\"inLanguage\":\"es\",\"potentialAction\":[{\"@type\":\"CommentAction\",\"name\":\"Comment\",\"target\":[\"https:\\\/\\\/imecaf.com\\\/blog\\\/2024\\\/10\\\/11\\\/nominas\\\/#respond\"]}]},{\"@type\":\"WebPage\",\"@id\":\"https:\\\/\\\/imecaf.com\\\/blog\\\/2024\\\/10\\\/11\\\/nominas\\\/\",\"url\":\"https:\\\/\\\/imecaf.com\\\/blog\\\/2024\\\/10\\\/11\\\/nominas\\\/\",\"name\":\"N\u00f3minas - IMECAF - Blog\",\"isPartOf\":{\"@id\":\"https:\\\/\\\/imecaf.com\\\/blog\\\/#website\"},\"primaryImageOfPage\":{\"@id\":\"https:\\\/\\\/imecaf.com\\\/blog\\\/2024\\\/10\\\/11\\\/nominas\\\/#primaryimage\"},\"image\":{\"@id\":\"https:\\\/\\\/imecaf.com\\\/blog\\\/2024\\\/10\\\/11\\\/nominas\\\/#primaryimage\"},\"thumbnailUrl\":\"https:\\\/\\\/imecaf.com\\\/blog\\\/wp-content\\\/uploads\\\/Nominas.jpg\",\"datePublished\":\"2024-10-11T23:26:02+00:00\",\"dateModified\":\"2025-07-19T01:20:43+00:00\",\"description\":\"Conoce los elementos esenciales de las n\u00f3minas: percepciones y deducciones, c\u00f3mo calcular el salario neto, asegurar el cumplimiento legal.\",\"breadcrumb\":{\"@id\":\"https:\\\/\\\/imecaf.com\\\/blog\\\/2024\\\/10\\\/11\\\/nominas\\\/#breadcrumb\"},\"inLanguage\":\"es\",\"potentialAction\":[{\"@type\":\"ReadAction\",\"target\":[\"https:\\\/\\\/imecaf.com\\\/blog\\\/2024\\\/10\\\/11\\\/nominas\\\/\"]}]},{\"@type\":\"ImageObject\",\"inLanguage\":\"es\",\"@id\":\"https:\\\/\\\/imecaf.com\\\/blog\\\/2024\\\/10\\\/11\\\/nominas\\\/#primaryimage\",\"url\":\"https:\\\/\\\/imecaf.com\\\/blog\\\/wp-content\\\/uploads\\\/Nominas.jpg\",\"contentUrl\":\"https:\\\/\\\/imecaf.com\\\/blog\\\/wp-content\\\/uploads\\\/Nominas.jpg\",\"width\":1000,\"height\":600},{\"@type\":\"BreadcrumbList\",\"@id\":\"https:\\\/\\\/imecaf.com\\\/blog\\\/2024\\\/10\\\/11\\\/nominas\\\/#breadcrumb\",\"itemListElement\":[{\"@type\":\"ListItem\",\"position\":1,\"name\":\"Portada\",\"item\":\"https:\\\/\\\/imecaf.com\\\/blog\\\/\"},{\"@type\":\"ListItem\",\"position\":2,\"name\":\"N\u00f3minas: Todo lo que necesitas saber para gestionarlas correctamente\"}]},{\"@type\":\"WebSite\",\"@id\":\"https:\\\/\\\/imecaf.com\\\/blog\\\/#website\",\"url\":\"https:\\\/\\\/imecaf.com\\\/blog\\\/\",\"name\":\"IMECAF\",\"description\":\"Un lugar para expresar y compartir inquietudes dentro del mundo de la educaci\u00f3n.\",\"publisher\":{\"@id\":\"https:\\\/\\\/imecaf.com\\\/blog\\\/#organization\"},\"potentialAction\":[{\"@type\":\"SearchAction\",\"target\":{\"@type\":\"EntryPoint\",\"urlTemplate\":\"https:\\\/\\\/imecaf.com\\\/blog\\\/?s={search_term_string}\"},\"query-input\":{\"@type\":\"PropertyValueSpecification\",\"valueRequired\":true,\"valueName\":\"search_term_string\"}}],\"inLanguage\":\"es\"},{\"@type\":\"Organization\",\"@id\":\"https:\\\/\\\/imecaf.com\\\/blog\\\/#organization\",\"name\":\"IMECAF - Instituto Mexicano de Contabilidad, Administraci\u00f3n y Finanzas\",\"url\":\"https:\\\/\\\/imecaf.com\\\/blog\\\/\",\"logo\":{\"@type\":\"ImageObject\",\"inLanguage\":\"es\",\"@id\":\"https:\\\/\\\/imecaf.com\\\/blog\\\/#\\\/schema\\\/logo\\\/image\\\/\",\"url\":\"https:\\\/\\\/imecaf.com\\\/blog\\\/wp-content\\\/uploads\\\/IMECAF.Logo_.25.png\",\"contentUrl\":\"https:\\\/\\\/imecaf.com\\\/blog\\\/wp-content\\\/uploads\\\/IMECAF.Logo_.25.png\",\"width\":350,\"height\":350,\"caption\":\"IMECAF - Instituto Mexicano de Contabilidad, Administraci\u00f3n y Finanzas\"},\"image\":{\"@id\":\"https:\\\/\\\/imecaf.com\\\/blog\\\/#\\\/schema\\\/logo\\\/image\\\/\"},\"sameAs\":[\"https:\\\/\\\/www.facebook.com\\\/IMECAF\",\"https:\\\/\\\/x.com\\\/imecaf\",\"https:\\\/\\\/www.linkedin.com\\\/company\\\/imecaf\\\/\",\"https:\\\/\\\/www.youtube.com\\\/imecaf\",\"https:\\\/\\\/www.instagram.com\\\/imecaf_mx\\\/\",\"https:\\\/\\\/imecaf.negocio.site\\\/\"]},{\"@type\":\"Person\",\"@id\":\"https:\\\/\\\/imecaf.com\\\/blog\\\/#\\\/schema\\\/person\\\/a69b9f3972250aa0b1fdb798f094b4c7\",\"name\":\"Equipo de IMECAF\",\"image\":{\"@type\":\"ImageObject\",\"inLanguage\":\"es\",\"@id\":\"https:\\\/\\\/secure.gravatar.com\\\/avatar\\\/4b4242953c12937bd47e298d7922b4d01ffafe2955ce4235d318b8950782aa13?s=96&d=mm&r=g\",\"url\":\"https:\\\/\\\/secure.gravatar.com\\\/avatar\\\/4b4242953c12937bd47e298d7922b4d01ffafe2955ce4235d318b8950782aa13?s=96&d=mm&r=g\",\"contentUrl\":\"https:\\\/\\\/secure.gravatar.com\\\/avatar\\\/4b4242953c12937bd47e298d7922b4d01ffafe2955ce4235d318b8950782aa13?s=96&d=mm&r=g\",\"caption\":\"Equipo de IMECAF\"},\"url\":\"https:\\\/\\\/imecaf.com\\\/blog\\\/author\\\/mfonticoba\\\/\"}]}<\/script>\n<!-- \/ Yoast SEO plugin. -->","yoast_head_json":{"title":"N\u00f3minas - IMECAF - Blog","description":"Conoce los elementos esenciales de las n\u00f3minas: percepciones y deducciones, c\u00f3mo calcular el salario neto, asegurar el cumplimiento legal.","robots":{"index":"index","follow":"follow","max-snippet":"max-snippet:-1","max-image-preview":"max-image-preview:large","max-video-preview":"max-video-preview:-1"},"canonical":"https:\/\/imecaf.com\/blog\/2024\/10\/11\/nominas\/","og_locale":"es_ES","og_type":"article","og_title":"N\u00f3minas: Todo lo que necesitas para saber gestionarlas correctamente","og_description":"Conoce los elementos esenciales de las n\u00f3minas: percepciones y deducciones, c\u00f3mo calcular el salario neto, asegurar el cumplimiento legal.","og_url":"https:\/\/imecaf.com\/blog\/2024\/10\/11\/nominas\/","og_site_name":"IMECAF - Blog","article_publisher":"https:\/\/www.facebook.com\/IMECAF","article_published_time":"2024-10-11T23:26:02+00:00","article_modified_time":"2025-07-19T01:20:43+00:00","og_image":[{"width":1000,"height":600,"url":"https:\/\/imecaf.com\/blog\/wp-content\/uploads\/Nominas.jpg","type":"image\/jpeg"}],"author":"Equipo de IMECAF","twitter_card":"summary_large_image","twitter_title":"N\u00f3minas: Todo lo que necesitas para saber gestionarlas correctamente","twitter_description":"Conoce los elementos esenciales de las n\u00f3minas: percepciones y deducciones, c\u00f3mo calcular el salario neto, asegurar el cumplimiento legal.","twitter_image":"https:\/\/imecaf.com\/blog\/wp-content\/uploads\/Nominas.jpg","twitter_creator":"@imecaf","twitter_site":"@imecaf","twitter_misc":{"Escrito por":"Equipo de IMECAF","Tiempo de lectura":"18 minutos"},"schema":{"@context":"https:\/\/schema.org","@graph":[{"@type":"Article","@id":"https:\/\/imecaf.com\/blog\/2024\/10\/11\/nominas\/#article","isPartOf":{"@id":"https:\/\/imecaf.com\/blog\/2024\/10\/11\/nominas\/"},"author":{"name":"Equipo de IMECAF","@id":"https:\/\/imecaf.com\/blog\/#\/schema\/person\/a69b9f3972250aa0b1fdb798f094b4c7"},"headline":"N\u00f3minas: Todo lo que necesitas saber para gestionarlas correctamente","datePublished":"2024-10-11T23:26:02+00:00","dateModified":"2025-07-19T01:20:43+00:00","mainEntityOfPage":{"@id":"https:\/\/imecaf.com\/blog\/2024\/10\/11\/nominas\/"},"wordCount":2826,"commentCount":0,"publisher":{"@id":"https:\/\/imecaf.com\/blog\/#organization"},"image":{"@id":"https:\/\/imecaf.com\/blog\/2024\/10\/11\/nominas\/#primaryimage"},"thumbnailUrl":"https:\/\/imecaf.com\/blog\/wp-content\/uploads\/Nominas.jpg","keywords":["administracion de nominas","aportaciones","automatizacion de nominas","calculo de nominas","componentes","deducciones","gestion de nominas","nominas","percepciones","salario bruto","salario neto","sueldo base"],"articleSection":["Art\u00edculos","Fiscal"],"inLanguage":"es","potentialAction":[{"@type":"CommentAction","name":"Comment","target":["https:\/\/imecaf.com\/blog\/2024\/10\/11\/nominas\/#respond"]}]},{"@type":"WebPage","@id":"https:\/\/imecaf.com\/blog\/2024\/10\/11\/nominas\/","url":"https:\/\/imecaf.com\/blog\/2024\/10\/11\/nominas\/","name":"N\u00f3minas - IMECAF - Blog","isPartOf":{"@id":"https:\/\/imecaf.com\/blog\/#website"},"primaryImageOfPage":{"@id":"https:\/\/imecaf.com\/blog\/2024\/10\/11\/nominas\/#primaryimage"},"image":{"@id":"https:\/\/imecaf.com\/blog\/2024\/10\/11\/nominas\/#primaryimage"},"thumbnailUrl":"https:\/\/imecaf.com\/blog\/wp-content\/uploads\/Nominas.jpg","datePublished":"2024-10-11T23:26:02+00:00","dateModified":"2025-07-19T01:20:43+00:00","description":"Conoce los elementos esenciales de las n\u00f3minas: percepciones y deducciones, c\u00f3mo calcular el salario neto, asegurar el cumplimiento legal.","breadcrumb":{"@id":"https:\/\/imecaf.com\/blog\/2024\/10\/11\/nominas\/#breadcrumb"},"inLanguage":"es","potentialAction":[{"@type":"ReadAction","target":["https:\/\/imecaf.com\/blog\/2024\/10\/11\/nominas\/"]}]},{"@type":"ImageObject","inLanguage":"es","@id":"https:\/\/imecaf.com\/blog\/2024\/10\/11\/nominas\/#primaryimage","url":"https:\/\/imecaf.com\/blog\/wp-content\/uploads\/Nominas.jpg","contentUrl":"https:\/\/imecaf.com\/blog\/wp-content\/uploads\/Nominas.jpg","width":1000,"height":600},{"@type":"BreadcrumbList","@id":"https:\/\/imecaf.com\/blog\/2024\/10\/11\/nominas\/#breadcrumb","itemListElement":[{"@type":"ListItem","position":1,"name":"Portada","item":"https:\/\/imecaf.com\/blog\/"},{"@type":"ListItem","position":2,"name":"N\u00f3minas: Todo lo que necesitas saber para gestionarlas correctamente"}]},{"@type":"WebSite","@id":"https:\/\/imecaf.com\/blog\/#website","url":"https:\/\/imecaf.com\/blog\/","name":"IMECAF","description":"Un lugar para expresar y compartir inquietudes dentro del mundo de la educaci\u00f3n.","publisher":{"@id":"https:\/\/imecaf.com\/blog\/#organization"},"potentialAction":[{"@type":"SearchAction","target":{"@type":"EntryPoint","urlTemplate":"https:\/\/imecaf.com\/blog\/?s={search_term_string}"},"query-input":{"@type":"PropertyValueSpecification","valueRequired":true,"valueName":"search_term_string"}}],"inLanguage":"es"},{"@type":"Organization","@id":"https:\/\/imecaf.com\/blog\/#organization","name":"IMECAF - Instituto Mexicano de Contabilidad, Administraci\u00f3n y Finanzas","url":"https:\/\/imecaf.com\/blog\/","logo":{"@type":"ImageObject","inLanguage":"es","@id":"https:\/\/imecaf.com\/blog\/#\/schema\/logo\/image\/","url":"https:\/\/imecaf.com\/blog\/wp-content\/uploads\/IMECAF.Logo_.25.png","contentUrl":"https:\/\/imecaf.com\/blog\/wp-content\/uploads\/IMECAF.Logo_.25.png","width":350,"height":350,"caption":"IMECAF - Instituto Mexicano de Contabilidad, Administraci\u00f3n y Finanzas"},"image":{"@id":"https:\/\/imecaf.com\/blog\/#\/schema\/logo\/image\/"},"sameAs":["https:\/\/www.facebook.com\/IMECAF","https:\/\/x.com\/imecaf","https:\/\/www.linkedin.com\/company\/imecaf\/","https:\/\/www.youtube.com\/imecaf","https:\/\/www.instagram.com\/imecaf_mx\/","https:\/\/imecaf.negocio.site\/"]},{"@type":"Person","@id":"https:\/\/imecaf.com\/blog\/#\/schema\/person\/a69b9f3972250aa0b1fdb798f094b4c7","name":"Equipo de IMECAF","image":{"@type":"ImageObject","inLanguage":"es","@id":"https:\/\/secure.gravatar.com\/avatar\/4b4242953c12937bd47e298d7922b4d01ffafe2955ce4235d318b8950782aa13?s=96&d=mm&r=g","url":"https:\/\/secure.gravatar.com\/avatar\/4b4242953c12937bd47e298d7922b4d01ffafe2955ce4235d318b8950782aa13?s=96&d=mm&r=g","contentUrl":"https:\/\/secure.gravatar.com\/avatar\/4b4242953c12937bd47e298d7922b4d01ffafe2955ce4235d318b8950782aa13?s=96&d=mm&r=g","caption":"Equipo de IMECAF"},"url":"https:\/\/imecaf.com\/blog\/author\/mfonticoba\/"}]}},"_links":{"self":[{"href":"https:\/\/imecaf.com\/blog\/wp-json\/wp\/v2\/posts\/15952","targetHints":{"allow":["GET"]}}],"collection":[{"href":"https:\/\/imecaf.com\/blog\/wp-json\/wp\/v2\/posts"}],"about":[{"href":"https:\/\/imecaf.com\/blog\/wp-json\/wp\/v2\/types\/post"}],"author":[{"embeddable":true,"href":"https:\/\/imecaf.com\/blog\/wp-json\/wp\/v2\/users\/2"}],"replies":[{"embeddable":true,"href":"https:\/\/imecaf.com\/blog\/wp-json\/wp\/v2\/comments?post=15952"}],"version-history":[{"count":1,"href":"https:\/\/imecaf.com\/blog\/wp-json\/wp\/v2\/posts\/15952\/revisions"}],"predecessor-version":[{"id":18091,"href":"https:\/\/imecaf.com\/blog\/wp-json\/wp\/v2\/posts\/15952\/revisions\/18091"}],"wp:featuredmedia":[{"embeddable":true,"href":"https:\/\/imecaf.com\/blog\/wp-json\/wp\/v2\/media\/15953"}],"wp:attachment":[{"href":"https:\/\/imecaf.com\/blog\/wp-json\/wp\/v2\/media?parent=15952"}],"wp:term":[{"taxonomy":"category","embeddable":true,"href":"https:\/\/imecaf.com\/blog\/wp-json\/wp\/v2\/categories?post=15952"},{"taxonomy":"post_tag","embeddable":true,"href":"https:\/\/imecaf.com\/blog\/wp-json\/wp\/v2\/tags?post=15952"}],"curies":[{"name":"wp","href":"https:\/\/api.w.org\/{rel}","templated":true}]}}