{"id":16054,"date":"2024-10-24T18:53:12","date_gmt":"2024-10-25T00:53:12","guid":{"rendered":"http:\/\/imecaf.com\/blog\/?p=16054"},"modified":"2025-10-24T17:37:03","modified_gmt":"2025-10-24T23:37:03","slug":"habilidades-gerenciales","status":"publish","type":"post","link":"https:\/\/imecaf.com\/blog\/2024\/10\/24\/habilidades-gerenciales\/","title":{"rendered":"Habilidades Gerenciales: El Camino hacia la Excelencia en la Gesti\u00f3n"},"content":{"rendered":"<span class=\"span-reading-time rt-reading-time\" style=\"display: block;\"><span class=\"rt-label rt-prefix\">Tiempo de lectura:<\/span> <span class=\"rt-time\"> 7<\/span> <span class=\"rt-label rt-postfix\">minutos<\/span><\/span><div class=\"wp-block-image\">\n<figure class=\"aligncenter size-full\"><img loading=\"lazy\" decoding=\"async\" width=\"1000\" height=\"600\" src=\"http:\/\/imecaf.com\/blog\/wp-content\/uploads\/Habilidades-gerenciales-1.jpg\" alt=\"Habilidades Gerenciales\" class=\"wp-image-16059\" srcset=\"https:\/\/imecaf.com\/blog\/wp-content\/uploads\/Habilidades-gerenciales-1.jpg 1000w, https:\/\/imecaf.com\/blog\/wp-content\/uploads\/Habilidades-gerenciales-1-300x180.jpg 300w, https:\/\/imecaf.com\/blog\/wp-content\/uploads\/Habilidades-gerenciales-1-768x461.jpg 768w\" sizes=\"auto, (max-width: 1000px) 100vw, 1000px\" \/><\/figure>\n<\/div>\n\n\n<p>Las habilidades gerenciales son fundamentales para cualquier l\u00edder que busque gestionar equipos y proyectos de manera efectiva, logrando as\u00ed los objetivos de la organizaci\u00f3n. Estas habilidades permiten a los gerentes coordinar recursos, motivar al equipo y tomar decisiones estrat\u00e9gicas que impulsen el \u00e9xito empresarial. En este art\u00edculo, abordaremos de manera detallada qu\u00e9 son las habilidades gerenciales, sus tipos y su importancia en el contexto organizacional.<\/p>\n\n\n\n<h2 class=\"wp-block-heading\"><strong>\u00bfQu\u00e9 son las habilidades gerenciales?<\/strong><\/h2>\n\n\n<div class=\"wp-block-image\">\n<figure class=\"alignleft size-full is-resized\"><img loading=\"lazy\" decoding=\"async\" width=\"900\" height=\"600\" src=\"http:\/\/imecaf.com\/blog\/wp-content\/uploads\/que-son-las-habilidades-gerenciales.jpg\" alt=\"Qu\u00e9 son las Habilidades Gerenciales\" class=\"wp-image-16071\" style=\"width:335px;height:auto\" srcset=\"https:\/\/imecaf.com\/blog\/wp-content\/uploads\/que-son-las-habilidades-gerenciales.jpg 900w, https:\/\/imecaf.com\/blog\/wp-content\/uploads\/que-son-las-habilidades-gerenciales-300x200.jpg 300w, https:\/\/imecaf.com\/blog\/wp-content\/uploads\/que-son-las-habilidades-gerenciales-768x512.jpg 768w\" sizes=\"auto, (max-width: 900px) 100vw, 900px\" \/><\/figure>\n<\/div>\n\n\n<p>Las habilidades gerenciales son un conjunto de competencias y aptitudes que permiten a los l\u00edderes administrar personas, recursos y procesos de manera eficiente. No solo se limitan a la toma de decisiones o la delegaci\u00f3n de tareas, sino que tambi\u00e9n incluyen aspectos como la comunicaci\u00f3n, la resoluci\u00f3n de problemas, la motivaci\u00f3n del equipo y la capacidad para adaptarse a cambios y crisis.<\/p>\n\n\n\n<p>Estas habilidades pueden desarrollarse a trav\u00e9s de la experiencia, la formaci\u00f3n y el aprendizaje continuo. Son esenciales para gerentes de todos los niveles, ya que una gesti\u00f3n eficaz impacta directamente en el rendimiento de la empresa y en la satisfacci\u00f3n de los empleados.<\/p>\n\n\n\n<h2 class=\"wp-block-heading\"><strong>Tipos de Habilidades Gerenciales<\/strong><\/h2>\n\n\n\n<p>Podemos clasificar las habilidades gerenciales en tres grandes categor\u00edas: <strong>habilidades t\u00e9cnicas<\/strong>, <strong>habilidades interpersonales o humanas<\/strong> y <strong>habilidades conceptuales<\/strong>. Cada una de ellas es fundamental para gestionar adecuadamente las diferentes responsabilidades de un gerente.<\/p>\n\n\n\n<h3 class=\"wp-block-heading\"><strong>1. Habilidades T\u00e9cnicas<\/strong><\/h3>\n\n\n<div class=\"wp-block-image\">\n<figure class=\"alignleft size-full is-resized\"><img loading=\"lazy\" decoding=\"async\" width=\"900\" height=\"600\" src=\"http:\/\/imecaf.com\/blog\/wp-content\/uploads\/Habilidades-tecnicas.jpg\" alt=\"T\u00e9cnicas\" class=\"wp-image-16056\" style=\"width:425px;height:auto\" srcset=\"https:\/\/imecaf.com\/blog\/wp-content\/uploads\/Habilidades-tecnicas.jpg 900w, https:\/\/imecaf.com\/blog\/wp-content\/uploads\/Habilidades-tecnicas-300x200.jpg 300w, https:\/\/imecaf.com\/blog\/wp-content\/uploads\/Habilidades-tecnicas-768x512.jpg 768w\" sizes=\"auto, (max-width: 900px) 100vw, 900px\" \/><\/figure>\n<\/div>\n\n\n<p>Las habilidades t\u00e9cnicas est\u00e1n relacionadas con el conocimiento espec\u00edfico y la capacidad para ejecutar tareas relacionadas con el campo o sector de la empresa. Estos conocimientos pueden incluir el uso de herramientas o software especializado, la comprensi\u00f3n de procesos productivos, o la capacidad para realizar tareas operativas dentro de la organizaci\u00f3n.<\/p>\n\n\n\n<h4 class=\"wp-block-heading\"><strong>Importancia de las habilidades t\u00e9cnicas<\/strong><\/h4>\n\n\n\n<p>Un buen gerente debe tener un conocimiento s\u00f3lido sobre el \u00e1rea que supervisa. Esto no significa que deba ser un experto en todas las actividades que realiza su equipo, pero s\u00ed debe contar con la capacidad para entender los detalles t\u00e9cnicos que permiten la toma de decisiones informadas.<\/p>\n\n\n\n<h4 class=\"wp-block-heading\"><strong>Ejemplos de habilidades t\u00e9cnicas<\/strong><\/h4>\n\n\n\n<ul class=\"wp-block-list\">\n<li>Conocimiento en finanzas para la gesti\u00f3n de presupuestos.<\/li>\n\n\n\n<li>Dominio de software de gesti\u00f3n de proyectos como Microsoft Project o Trello.<\/li>\n\n\n\n<li>Comprensi\u00f3n de procesos de producci\u00f3n en industrias espec\u00edficas.<\/li>\n<\/ul>\n\n\n\n<h3 class=\"wp-block-heading\"><strong>2. Habilidades Interpersonales o Humanas<\/strong><\/h3>\n\n\n<div class=\"wp-block-image\">\n<figure class=\"alignright size-full is-resized\"><img loading=\"lazy\" decoding=\"async\" width=\"900\" height=\"600\" src=\"http:\/\/imecaf.com\/blog\/wp-content\/uploads\/Habilidades-interpersonales.jpg\" alt=\"Interpersonales\" class=\"wp-image-16057\" style=\"width:423px;height:auto\" srcset=\"https:\/\/imecaf.com\/blog\/wp-content\/uploads\/Habilidades-interpersonales.jpg 900w, https:\/\/imecaf.com\/blog\/wp-content\/uploads\/Habilidades-interpersonales-300x200.jpg 300w, https:\/\/imecaf.com\/blog\/wp-content\/uploads\/Habilidades-interpersonales-768x512.jpg 768w\" sizes=\"auto, (max-width: 900px) 100vw, 900px\" \/><\/figure>\n<\/div>\n\n\n<p>Las habilidades interpersonales son aquellas que permiten al gerente relacionarse de manera efectiva con su equipo y otras personas dentro de la organizaci\u00f3n. Estas habilidades incluyen la capacidad de comunicaci\u00f3n, la empat\u00eda, la capacidad de motivar a los dem\u00e1s, y el manejo de conflictos.<\/p>\n\n\n\n<h4 class=\"wp-block-heading\" style=\"text-decoration:underline\"><a href=\"https:\/\/imecaf.com\/83\"><strong>Comunicaci\u00f3n efectiva<\/strong><\/a><\/h4>\n\n\n\n<p>Una comunicaci\u00f3n clara y abierta es esencial para el \u00e9xito de cualquier equipo. Los gerentes deben ser capaces de transmitir instrucciones de manera precisa y escuchar las opiniones de su equipo. La retroalimentaci\u00f3n constructiva tambi\u00e9n es parte clave de la comunicaci\u00f3n en un entorno laboral.<\/p>\n\n\n\n<h4 class=\"wp-block-heading\" style=\"text-decoration:underline\"><a href=\"https:\/\/imecaf.com\/40\"><strong>Resoluci\u00f3n de conflictos<\/strong><\/a><\/h4>\n\n\n\n<p>Los conflictos en el lugar de trabajo son inevitables. Un buen gerente debe tener la capacidad de intervenir de manera justa y eficiente para resolver desacuerdos, buscando soluciones que beneficien tanto al equipo como a la empresa.<\/p>\n\n\n\n<h4 class=\"wp-block-heading\" style=\"text-decoration:underline\"><a href=\"https:\/\/imecaf.com\/509\"><strong>Motivaci\u00f3n del equipo<\/strong><\/a><\/h4>\n\n\n\n<p>Motivar a los empleados es crucial para mantener altos niveles de productividad y compromiso. Los gerentes deben reconocer los logros del equipo, ofrecer incentivos cuando sea apropiado, y asegurarse de que los empleados sientan que su trabajo es valorado.<\/p>\n\n\n\n<h3 class=\"wp-block-heading\"><strong>3. Habilidades Conceptuales<\/strong><\/h3>\n\n\n<div class=\"wp-block-image\">\n<figure class=\"alignleft size-full is-resized\"><img loading=\"lazy\" decoding=\"async\" width=\"900\" height=\"600\" src=\"http:\/\/imecaf.com\/blog\/wp-content\/uploads\/Habilidades-conceptuales.jpg\" alt=\"Conceptuales\" class=\"wp-image-16058\" style=\"width:429px;height:auto\" srcset=\"https:\/\/imecaf.com\/blog\/wp-content\/uploads\/Habilidades-conceptuales.jpg 900w, https:\/\/imecaf.com\/blog\/wp-content\/uploads\/Habilidades-conceptuales-300x200.jpg 300w, https:\/\/imecaf.com\/blog\/wp-content\/uploads\/Habilidades-conceptuales-768x512.jpg 768w\" sizes=\"auto, (max-width: 900px) 100vw, 900px\" \/><\/figure>\n<\/div>\n\n\n<p>Las habilidades conceptuales son aquellas que permiten al gerente ver la organizaci\u00f3n de manera integral, comprender c\u00f3mo las diferentes \u00e1reas se relacionan entre s\u00ed, y tomar decisiones estrat\u00e9gicas basadas en una visi\u00f3n global. Estas habilidades son especialmente importantes para los altos ejecutivos, que deben ser capaces de anticipar cambios y adaptar las estrategias de la empresa en consecuencia.<\/p>\n\n\n\n<h4 class=\"wp-block-heading\" style=\"text-decoration:underline\"><a href=\"https:\/\/imecaf.com\/41\"><strong>Toma de decisiones estrat\u00e9gicas<\/strong><\/a><\/h4>\n\n\n\n<p>La capacidad para tomar decisiones bien fundamentadas y oportunas es esencial para cualquier gerente. Esto incluye analizar datos, evaluar riesgos y prever el impacto de las decisiones a largo plazo. Las decisiones estrat\u00e9gicas afectan no solo al equipo, sino a la empresa en su conjunto, por lo que es fundamental tener una visi\u00f3n amplia y considerar todos los factores involucrados.<\/p>\n\n\n\n<h4 class=\"wp-block-heading\" style=\"text-decoration:underline\"><strong>Pensamiento cr\u00edtico y <a href=\"https:\/\/imecaf.com\/527\">resoluci\u00f3n de problemas<\/a><\/strong><\/h4>\n\n\n\n<p>El pensamiento cr\u00edtico permite a los gerentes analizar situaciones complejas y encontrar soluciones innovadoras. La resoluci\u00f3n de problemas es una parte diaria del trabajo gerencial, ya sea para resolver un conflicto entre empleados o para mejorar un proceso ineficiente. Los gerentes efectivos no solo reaccionan a los problemas, sino que anticipan y previenen posibles obst\u00e1culos.<\/p>\n\n\n\n<h2 class=\"wp-block-heading\"><strong>Otras Habilidades Clave para un Gerente Exitoso<\/strong><\/h2>\n\n\n\n<p>Adem\u00e1s de las tres categor\u00edas principales, hay otras habilidades que juegan un papel importante en la gesti\u00f3n efectiva de un equipo.<\/p>\n\n\n\n<figure class=\"wp-block-embed is-type-video is-provider-youtube wp-block-embed-youtube wp-embed-aspect-16-9 wp-has-aspect-ratio\"><div class=\"wp-block-embed__wrapper\">\n<iframe loading=\"lazy\" title=\"Habilidades Gerenciales\" width=\"1200\" height=\"675\" src=\"https:\/\/www.youtube.com\/embed\/aNsWEh89Jk8?feature=oembed\" frameborder=\"0\" allow=\"accelerometer; autoplay; clipboard-write; encrypted-media; gyroscope; picture-in-picture; web-share\" referrerpolicy=\"strict-origin-when-cross-origin\" allowfullscreen><\/iframe>\n<\/div><\/figure>\n\n\n\n<h3 class=\"wp-block-heading\"><strong>Delegaci\u00f3n de Tareas<\/strong><\/h3>\n\n\n<div class=\"wp-block-image\">\n<figure class=\"alignright size-full is-resized\"><img loading=\"lazy\" decoding=\"async\" width=\"900\" height=\"600\" src=\"http:\/\/imecaf.com\/blog\/wp-content\/uploads\/Delegacion-de-tareas.jpg\" alt=\"Habilidades Gerenciales - Delegaci\u00f3n de Tareas\" class=\"wp-image-16060\" style=\"width:245px;height:auto\" srcset=\"https:\/\/imecaf.com\/blog\/wp-content\/uploads\/Delegacion-de-tareas.jpg 900w, https:\/\/imecaf.com\/blog\/wp-content\/uploads\/Delegacion-de-tareas-300x200.jpg 300w, https:\/\/imecaf.com\/blog\/wp-content\/uploads\/Delegacion-de-tareas-768x512.jpg 768w\" sizes=\"auto, (max-width: 900px) 100vw, 900px\" \/><\/figure>\n<\/div>\n\n\n<p>La delegaci\u00f3n es una de las habilidades m\u00e1s desafiantes, pero cruciales, para cualquier gerente. Implica asignar tareas y responsabilidades a los miembros del equipo de manera que se maximice su potencial. Delegar no es simplemente descargar tareas; se trata de confiar en las habilidades del equipo y proporcionar el apoyo necesario para que las tareas se realicen de manera eficiente.<\/p>\n\n\n\n<h3 class=\"wp-block-heading\" style=\"text-decoration:underline\"><a href=\"https:\/\/imecaf.com\/67\"><strong>Gesti\u00f3n del Tiempo<\/strong><\/a><\/h3>\n\n\n<div class=\"wp-block-image\">\n<figure class=\"alignright size-full is-resized\"><img loading=\"lazy\" decoding=\"async\" width=\"900\" height=\"600\" src=\"http:\/\/imecaf.com\/blog\/wp-content\/uploads\/Gestion-del-tiempo-1.jpg\" alt=\"Habilidades Gerenciales - Gesti\u00f3n del Tiempo\" class=\"wp-image-16061\" style=\"width:244px;height:auto\" srcset=\"https:\/\/imecaf.com\/blog\/wp-content\/uploads\/Gestion-del-tiempo-1.jpg 900w, https:\/\/imecaf.com\/blog\/wp-content\/uploads\/Gestion-del-tiempo-1-300x200.jpg 300w, https:\/\/imecaf.com\/blog\/wp-content\/uploads\/Gestion-del-tiempo-1-768x512.jpg 768w\" sizes=\"auto, (max-width: 900px) 100vw, 900px\" \/><\/figure>\n<\/div>\n\n\n<p>Los gerentes deben ser capaces de gestionar su tiempo y el de su equipo de manera efectiva. Esto incluye priorizar tareas, establecer plazos realistas y asegurarse de que los proyectos se completen dentro de los plazos establecidos. Una gesti\u00f3n ineficaz del tiempo puede llevar a retrasos, estr\u00e9s innecesario y resultados de baja calidad.<\/p>\n\n\n\n<h3 class=\"wp-block-heading\" style=\"text-decoration:underline\"><strong>Adaptabilidad y <a href=\"https:\/\/imecaf.com\/176\">Gesti\u00f3n del Cambio<\/a><\/strong><\/h3>\n\n\n<div class=\"wp-block-image\">\n<figure class=\"alignright size-full is-resized\"><img loading=\"lazy\" decoding=\"async\" width=\"900\" height=\"600\" src=\"http:\/\/imecaf.com\/blog\/wp-content\/uploads\/adaptabilidad-y-gestion-del-cambio.jpg\" alt=\"Habilidades Gerenciales - Adaptabilidad y Gesti\u00f3n del Cambio\" class=\"wp-image-16062\" style=\"width:243px;height:auto\" srcset=\"https:\/\/imecaf.com\/blog\/wp-content\/uploads\/adaptabilidad-y-gestion-del-cambio.jpg 900w, https:\/\/imecaf.com\/blog\/wp-content\/uploads\/adaptabilidad-y-gestion-del-cambio-300x200.jpg 300w, https:\/\/imecaf.com\/blog\/wp-content\/uploads\/adaptabilidad-y-gestion-del-cambio-768x512.jpg 768w\" sizes=\"auto, (max-width: 900px) 100vw, 900px\" \/><\/figure>\n<\/div>\n\n\n<p>El entorno empresarial es din\u00e1mico y cambia constantemente. Los gerentes deben ser flexibles y capaces de adaptarse a nuevas circunstancias, ya sean cambios en el mercado, avances tecnol\u00f3gicos o reestructuraciones dentro de la empresa. La adaptabilidad tambi\u00e9n incluye la capacidad para liderar a su equipo a trav\u00e9s de estos cambios, manteniendo la moral alta y asegurando una transici\u00f3n sin problemas.<\/p>\n\n\n\n<h3 class=\"wp-block-heading\" style=\"text-decoration:underline\"><a href=\"https:\/\/imecaf.com\/37\"><strong>Inteligencia Emocional<\/strong><\/a><\/h3>\n\n\n<div class=\"wp-block-image\">\n<figure class=\"alignright size-full is-resized\"><img loading=\"lazy\" decoding=\"async\" width=\"900\" height=\"600\" src=\"http:\/\/imecaf.com\/blog\/wp-content\/uploads\/Inteligencia-emocional-1.jpg\" alt=\"Habilidades Gerenciales - Inteligencia Emocional\" class=\"wp-image-16063\" style=\"width:243px;height:auto\" srcset=\"https:\/\/imecaf.com\/blog\/wp-content\/uploads\/Inteligencia-emocional-1.jpg 900w, https:\/\/imecaf.com\/blog\/wp-content\/uploads\/Inteligencia-emocional-1-300x200.jpg 300w, https:\/\/imecaf.com\/blog\/wp-content\/uploads\/Inteligencia-emocional-1-768x512.jpg 768w\" sizes=\"auto, (max-width: 900px) 100vw, 900px\" \/><\/figure>\n<\/div>\n\n\n<p>La inteligencia emocional se refiere a la capacidad para reconocer y gestionar las propias emociones, as\u00ed como las emociones de los dem\u00e1s. En el entorno gerencial, esta habilidad es esencial para manejar el estr\u00e9s, fomentar relaciones interpersonales positivas y crear un ambiente de trabajo armonioso. Los gerentes con alta inteligencia emocional suelen ser mejores l\u00edderes, ya que son capaces de entender y responder de manera efectiva a las necesidades emocionales de su equipo.<\/p>\n\n\n\n<h3 class=\"wp-block-heading\" style=\"text-decoration:underline\"><a href=\"https:\/\/imecaf.com\/145\"><strong>Negociaci\u00f3n<\/strong><\/a><\/h3>\n\n\n<div class=\"wp-block-image\">\n<figure class=\"alignright size-full is-resized\"><img loading=\"lazy\" decoding=\"async\" width=\"900\" height=\"600\" src=\"http:\/\/imecaf.com\/blog\/wp-content\/uploads\/negociacion.jpg\" alt=\"Habilidades Gerenciales - Negociaci\u00f3n\" class=\"wp-image-16064\" style=\"width:245px;height:auto\" srcset=\"https:\/\/imecaf.com\/blog\/wp-content\/uploads\/negociacion.jpg 900w, https:\/\/imecaf.com\/blog\/wp-content\/uploads\/negociacion-300x200.jpg 300w, https:\/\/imecaf.com\/blog\/wp-content\/uploads\/negociacion-768x512.jpg 768w\" sizes=\"auto, (max-width: 900px) 100vw, 900px\" \/><\/figure>\n<\/div>\n\n\n<p>La negociaci\u00f3n es una habilidad clave, ya que los gerentes a menudo necesitan negociar con empleados, otros departamentos o proveedores. Una negociaci\u00f3n exitosa busca soluciones que sean beneficiosas para ambas partes, manteniendo buenas relaciones y logrando los objetivos organizacionales. Saber cu\u00e1ndo ceder y cu\u00e1ndo mantenerse firme es una caracter\u00edstica de un buen negociador.<\/p>\n\n\n\n<h3 class=\"wp-block-heading\" style=\"text-decoration:underline\"><a href=\"https:\/\/imecaf.com\/42\"><strong>Liderazgo<\/strong><\/a><\/h3>\n\n\n<div class=\"wp-block-image\">\n<figure class=\"alignleft size-full is-resized\"><img loading=\"lazy\" decoding=\"async\" width=\"900\" height=\"600\" src=\"http:\/\/imecaf.com\/blog\/wp-content\/uploads\/liderazgo.jpg\" alt=\"Habilidades Gerenciales - Liderazgo\" class=\"wp-image-16065\" style=\"width:221px;height:auto\" srcset=\"https:\/\/imecaf.com\/blog\/wp-content\/uploads\/liderazgo.jpg 900w, https:\/\/imecaf.com\/blog\/wp-content\/uploads\/liderazgo-300x200.jpg 300w, https:\/\/imecaf.com\/blog\/wp-content\/uploads\/liderazgo-768x512.jpg 768w\" sizes=\"auto, (max-width: 900px) 100vw, 900px\" \/><\/figure>\n<\/div>\n\n\n<p>El liderazgo efectivo implica guiar al equipo hacia los objetivos organizacionales, inspirando y motivando a los empleados. Un buen gerente sabe c\u00f3mo adaptarse a diferentes estilos de liderazgo seg\u00fan las necesidades del equipo y de la situaci\u00f3n, promoviendo un ambiente de colaboraci\u00f3n y respeto mutuo.<\/p>\n\n\n\n<h3 class=\"wp-block-heading\" style=\"text-decoration:underline\"><br><a href=\"https:\/\/imecaf.com\/38\"><strong>Supervisi\u00f3n de Personal<\/strong><\/a><\/h3>\n\n\n<div class=\"wp-block-image\">\n<figure class=\"alignleft size-full is-resized\"><img loading=\"lazy\" decoding=\"async\" width=\"900\" height=\"600\" src=\"http:\/\/imecaf.com\/blog\/wp-content\/uploads\/supervision-de-personal.jpg\" alt=\"Habilidades Gerenciales - Supervisi\u00f3n de Personal\" class=\"wp-image-16066\" style=\"width:223px;height:auto\" srcset=\"https:\/\/imecaf.com\/blog\/wp-content\/uploads\/supervision-de-personal.jpg 900w, https:\/\/imecaf.com\/blog\/wp-content\/uploads\/supervision-de-personal-300x200.jpg 300w, https:\/\/imecaf.com\/blog\/wp-content\/uploads\/supervision-de-personal-768x512.jpg 768w\" sizes=\"auto, (max-width: 900px) 100vw, 900px\" \/><\/figure>\n<\/div>\n\n\n<p>Supervisar de manera efectiva implica no solo monitorear el desempe\u00f1o, sino tambi\u00e9n apoyar el desarrollo continuo de los empleados. Los gerentes deben identificar \u00e1reas de mejora y proporcionar los recursos necesarios para que su equipo alcance su m\u00e1ximo potencial.<\/p>\n\n\n\n<h3 class=\"wp-block-heading\" style=\"text-decoration:underline\"><br><a href=\"https:\/\/imecaf.com\/39\"><strong>Coaching<\/strong><\/a><\/h3>\n\n\n<div class=\"wp-block-image\">\n<figure class=\"alignleft size-full is-resized\"><img loading=\"lazy\" decoding=\"async\" width=\"900\" height=\"600\" src=\"http:\/\/imecaf.com\/blog\/wp-content\/uploads\/coaching.jpg\" alt=\"Habilidades Gerenciales - Coaching\" class=\"wp-image-16067\" style=\"width:225px;height:auto\" srcset=\"https:\/\/imecaf.com\/blog\/wp-content\/uploads\/coaching.jpg 900w, https:\/\/imecaf.com\/blog\/wp-content\/uploads\/coaching-300x200.jpg 300w, https:\/\/imecaf.com\/blog\/wp-content\/uploads\/coaching-768x512.jpg 768w\" sizes=\"auto, (max-width: 900px) 100vw, 900px\" \/><\/figure>\n<\/div>\n\n\n<p>El coaching es una habilidad vital que permite a los gerentes ayudar a los empleados a desarrollar sus habilidades y alcanzar sus metas profesionales. Esto se logra proporcionando orientaci\u00f3n, retroalimentaci\u00f3n constructiva y fomentando un ambiente de aprendizaje continuo.<\/p>\n\n\n\n<h3 class=\"wp-block-heading\" style=\"text-decoration:underline\"><br><a href=\"https:\/\/imecaf.com\/9\"><strong>Integraci\u00f3n de Equipos de Trabajo<\/strong><\/a><\/h3>\n\n\n<div class=\"wp-block-image\">\n<figure class=\"alignleft size-full is-resized\"><img loading=\"lazy\" decoding=\"async\" width=\"900\" height=\"600\" src=\"http:\/\/imecaf.com\/blog\/wp-content\/uploads\/equipos-de-trabajo.jpg\" alt=\"Habilidades Gerenciales - Trabajo en Equipo\" class=\"wp-image-16068\" style=\"width:225px;height:auto\" srcset=\"https:\/\/imecaf.com\/blog\/wp-content\/uploads\/equipos-de-trabajo.jpg 900w, https:\/\/imecaf.com\/blog\/wp-content\/uploads\/equipos-de-trabajo-300x200.jpg 300w, https:\/\/imecaf.com\/blog\/wp-content\/uploads\/equipos-de-trabajo-768x512.jpg 768w\" sizes=\"auto, (max-width: 900px) 100vw, 900px\" \/><\/figure>\n<\/div>\n\n\n<p>Fomentar la cohesi\u00f3n dentro de un equipo es clave para el \u00e9xito de cualquier proyecto. Un buen gerente promueve la colaboraci\u00f3n, resuelve conflictos y asegura que todos los miembros del equipo trabajen en la misma direcci\u00f3n para lograr los objetivos comunes.<\/p>\n\n\n\n<h3 class=\"wp-block-heading\" style=\"text-decoration:underline\"><br><br><a href=\"https:\/\/imecaf.com\/8\"><strong>Calidad en el Servicio<\/strong><\/a><\/h3>\n\n\n<div class=\"wp-block-image\">\n<figure class=\"alignleft size-full is-resized\"><img loading=\"lazy\" decoding=\"async\" width=\"900\" height=\"600\" src=\"http:\/\/imecaf.com\/blog\/wp-content\/uploads\/calidad-en-el-servicio.jpg\" alt=\"Habilidades Gerenciales - Calidad en el Servicio\" class=\"wp-image-16069\" style=\"width:232px;height:auto\" srcset=\"https:\/\/imecaf.com\/blog\/wp-content\/uploads\/calidad-en-el-servicio.jpg 900w, https:\/\/imecaf.com\/blog\/wp-content\/uploads\/calidad-en-el-servicio-300x200.jpg 300w, https:\/\/imecaf.com\/blog\/wp-content\/uploads\/calidad-en-el-servicio-768x512.jpg 768w\" sizes=\"auto, (max-width: 900px) 100vw, 900px\" \/><\/figure>\n<\/div>\n\n\n<p>Un gerente exitoso debe asegurar que su equipo no solo cumpla con los objetivos internos, sino que tambi\u00e9n proporcione un servicio de calidad a clientes y otras partes interesadas. La orientaci\u00f3n hacia la excelencia en el servicio es fundamental para la satisfacci\u00f3n del cliente y la reputaci\u00f3n de la organizaci\u00f3n.<\/p>\n\n\n\n<h2 class=\"wp-block-heading\"><br><strong>La Importancia de las Habilidades Gerenciales<\/strong><\/h2>\n\n\n\n<p>Las habilidades gerenciales son fundamentales para garantizar el \u00e9xito y la sostenibilidad de una empresa. Los gerentes son responsables de guiar a sus equipos hacia el logro de los objetivos estrat\u00e9gicos, mientras mantienen un ambiente de trabajo saludable y eficiente. Un l\u00edder con habilidades bien desarrolladas puede aumentar la motivaci\u00f3n, mejorar la productividad y asegurar que los proyectos se ejecuten de manera efectiva.<\/p>\n\n\n<div class=\"wp-block-image\">\n<figure class=\"aligncenter size-full is-resized\"><img loading=\"lazy\" decoding=\"async\" width=\"900\" height=\"600\" src=\"http:\/\/imecaf.com\/blog\/wp-content\/uploads\/importancia-de-las-habilidades-gerenciales.jpg\" alt=\"Importancia\" class=\"wp-image-16070\" style=\"width:475px;height:auto\" srcset=\"https:\/\/imecaf.com\/blog\/wp-content\/uploads\/importancia-de-las-habilidades-gerenciales.jpg 900w, https:\/\/imecaf.com\/blog\/wp-content\/uploads\/importancia-de-las-habilidades-gerenciales-300x200.jpg 300w, https:\/\/imecaf.com\/blog\/wp-content\/uploads\/importancia-de-las-habilidades-gerenciales-768x512.jpg 768w\" sizes=\"auto, (max-width: 900px) 100vw, 900px\" \/><\/figure>\n<\/div>\n\n\n<p>Adem\u00e1s, las habilidades gerenciales no solo impactan al equipo y la empresa, sino que tambi\u00e9n tienen un efecto directo en el desarrollo profesional del propio gerente. Un l\u00edder que demuestra competencia en estas \u00e1reas ser\u00e1 m\u00e1s valorado dentro de la organizaci\u00f3n, lo que puede abrir puertas a nuevas oportunidades de crecimiento y ascenso.<\/p>\n\n\n\n<h2 class=\"wp-block-heading\"><strong>Conclusi\u00f3n<\/strong><\/h2>\n\n\n\n<p>El desarrollo de habilidades gerenciales es un proceso continuo que requiere esfuerzo, aprendizaje y experiencia. Los buenos gerentes no solo supervisan el trabajo de los dem\u00e1s, sino que tambi\u00e9n inspiran, motivan y gu\u00edan a sus equipos hacia el \u00e9xito. Desde las habilidades t\u00e9cnicas hasta las conceptuales y humanas, cada una de ellas juega un papel fundamental en la creaci\u00f3n de un entorno de trabajo efectivo y en la consecuci\u00f3n de los objetivos organizacionales.<\/p>\n\n\n\n<p>Invertir en el desarrollo de estas habilidades no solo beneficiar\u00e1 a los gerentes en su carrera, sino que tambi\u00e9n impulsar\u00e1 el crecimiento y el \u00e9xito de la organizaci\u00f3n en su conjunto. Si deseas fortalecer estas competencias, nuestro <a href=\"https:\/\/imecaf.com\/54\"><strong>Diplomado en Habilidades Gerenciales<\/strong><\/a><strong> <\/strong>ofrece una formaci\u00f3n integral que te permitir\u00e1 desarrollar las capacidades necesarias para liderar con \u00e9xito en un entorno empresarial cada vez m\u00e1s competitivo.<\/p>\n\n\n<figure class=\"wp-block-image\"><a href=\"http:\/\/imecaf.com\/blog\/wp-content\/uploads\/Habilidades-Gerenciales.pdf\"><img decoding=\"async\" style=\"width: 303px; height: auto;\" src=\"http:\/\/imecaf.com\/blog\/wp-content\/uploads\/Descargar-PDF-e1708732610860-1024x317.png\" alt=\"Habilidades Gerenciales: El Camino hacia la Excelencia en la Gesti\u00f3n - Descargar PDF\" \/><\/a><\/figure>","protected":false},"excerpt":{"rendered":"<p>Las habilidades gerenciales son fundamentales para cualquier l\u00edder que busque gestionar equipos y proyectos de manera efectiva, logrando as\u00ed los objetivos de la organizaci\u00f3n. Estas habilidades permiten a los gerentes coordinar recursos, motivar al equipo y tomar decisiones estrat\u00e9gicas que impulsen el \u00e9xito empresarial. En este art\u00edculo, abordaremos de manera detallada qu\u00e9 son las habilidades &#8230; <a title=\"Habilidades Gerenciales: El Camino hacia la Excelencia en la Gesti\u00f3n\" class=\"read-more\" href=\"https:\/\/imecaf.com\/blog\/2024\/10\/24\/habilidades-gerenciales\/\">Leer m\u00e1s <span class=\"screen-reader-text\">Habilidades Gerenciales: El Camino hacia la Excelencia en la Gesti\u00f3n<\/span><\/a><\/p>\n","protected":false},"author":2,"featured_media":16059,"comment_status":"open","ping_status":"closed","sticky":false,"template":"","format":"standard","meta":{"footnotes":""},"categories":[11,290],"tags":[977,496,10446,10934,10645,10476,10933,477,4125,5485,10937,10936,10935,10445,10605,1059],"class_list":["post-16054","post","type-post","status-publish","format-standard","has-post-thumbnail","hentry","category-administracion","category-articulos-administracion","tag-calidad-en-el-servicio","tag-coaching","tag-comunicacion-efectiva","tag-delegacion-de-tareas","tag-gestion-del-cambio","tag-gestion-del-tiempo","tag-habilidades-gerenciales","tag-inteligencia-emocional","tag-liderazgo","tag-motivacion","tag-negociacion","tag-pensamiento-critico","tag-resolucion-de-conflictos","tag-resolucion-de-problemas","tag-supervision","tag-toma-de-decisiones"],"yoast_head":"<!-- This site is optimized with the Yoast SEO plugin v27.4 - https:\/\/yoast.com\/product\/yoast-seo-wordpress\/ -->\n<title>Habilidades Gerenciales - IMECAF - Blog<\/title>\n<meta name=\"description\" content=\"Las habilidades gerenciales permiten a los l\u00edderes coordinar equipos, motivar, resolver problemas y tomar decisiones estrat\u00e9gicas con \u00e9xito.\" \/>\n<meta name=\"robots\" content=\"index, follow, max-snippet:-1, max-image-preview:large, max-video-preview:-1\" \/>\n<link rel=\"canonical\" href=\"https:\/\/imecaf.com\/blog\/2024\/10\/24\/habilidades-gerenciales\/\" \/>\n<meta property=\"og:locale\" content=\"es_ES\" \/>\n<meta property=\"og:type\" content=\"article\" \/>\n<meta property=\"og:title\" content=\"Habilidades Gerenciales\" \/>\n<meta property=\"og:description\" content=\"Las habilidades gerenciales permiten a los l\u00edderes coordinar equipos, motivar, resolver problemas y tomar decisiones estrat\u00e9gicas con \u00e9xito.\" \/>\n<meta property=\"og:url\" content=\"https:\/\/imecaf.com\/blog\/2024\/10\/24\/habilidades-gerenciales\/\" \/>\n<meta property=\"og:site_name\" content=\"IMECAF - Blog\" \/>\n<meta property=\"article:publisher\" content=\"https:\/\/www.facebook.com\/IMECAF\" \/>\n<meta property=\"article:published_time\" content=\"2024-10-25T00:53:12+00:00\" \/>\n<meta property=\"article:modified_time\" content=\"2025-10-24T23:37:03+00:00\" \/>\n<meta property=\"og:image\" content=\"https:\/\/imecaf.com\/blog\/wp-content\/uploads\/Habilidades-gerenciales-1.jpg\" \/>\n\t<meta property=\"og:image:width\" content=\"1000\" \/>\n\t<meta property=\"og:image:height\" content=\"600\" \/>\n\t<meta property=\"og:image:type\" content=\"image\/jpeg\" \/>\n<meta name=\"author\" content=\"Equipo de IMECAF\" \/>\n<meta name=\"twitter:card\" content=\"summary_large_image\" \/>\n<meta name=\"twitter:title\" content=\"Habilidades Gerenciales\" \/>\n<meta name=\"twitter:description\" content=\"Las habilidades gerenciales permiten a los l\u00edderes coordinar equipos, motivar, resolver problemas y tomar decisiones estrat\u00e9gicas con \u00e9xito.\" \/>\n<meta name=\"twitter:image\" content=\"https:\/\/imecaf.com\/blog\/wp-content\/uploads\/Habilidades-gerenciales-1.jpg\" \/>\n<meta name=\"twitter:creator\" content=\"@imecaf\" \/>\n<meta name=\"twitter:site\" content=\"@imecaf\" \/>\n<meta name=\"twitter:label1\" content=\"Escrito por\" \/>\n\t<meta name=\"twitter:data1\" content=\"Equipo de IMECAF\" \/>\n\t<meta name=\"twitter:label2\" content=\"Tiempo de lectura\" \/>\n\t<meta name=\"twitter:data2\" content=\"11 minutos\" \/>\n<script type=\"application\/ld+json\" class=\"yoast-schema-graph\">{\"@context\":\"https:\\\/\\\/schema.org\",\"@graph\":[{\"@type\":\"Article\",\"@id\":\"https:\\\/\\\/imecaf.com\\\/blog\\\/2024\\\/10\\\/24\\\/habilidades-gerenciales\\\/#article\",\"isPartOf\":{\"@id\":\"https:\\\/\\\/imecaf.com\\\/blog\\\/2024\\\/10\\\/24\\\/habilidades-gerenciales\\\/\"},\"author\":{\"name\":\"Equipo de IMECAF\",\"@id\":\"https:\\\/\\\/imecaf.com\\\/blog\\\/#\\\/schema\\\/person\\\/a69b9f3972250aa0b1fdb798f094b4c7\"},\"headline\":\"Habilidades Gerenciales: El Camino hacia la Excelencia en la Gesti\u00f3n\",\"datePublished\":\"2024-10-25T00:53:12+00:00\",\"dateModified\":\"2025-10-24T23:37:03+00:00\",\"mainEntityOfPage\":{\"@id\":\"https:\\\/\\\/imecaf.com\\\/blog\\\/2024\\\/10\\\/24\\\/habilidades-gerenciales\\\/\"},\"wordCount\":1677,\"commentCount\":0,\"publisher\":{\"@id\":\"https:\\\/\\\/imecaf.com\\\/blog\\\/#organization\"},\"image\":{\"@id\":\"https:\\\/\\\/imecaf.com\\\/blog\\\/2024\\\/10\\\/24\\\/habilidades-gerenciales\\\/#primaryimage\"},\"thumbnailUrl\":\"https:\\\/\\\/imecaf.com\\\/blog\\\/wp-content\\\/uploads\\\/Habilidades-gerenciales-1.jpg\",\"keywords\":[\"calidad en el servicio\",\"coaching\",\"comunicacion efectiva\",\"delegacion de tareas\",\"gestion del cambio\",\"gestion del tiempo\",\"habilidades gerenciales\",\"inteligencia emocional\",\"liderazgo\",\"motivacion\",\"negociacion\",\"pensamiento critico\",\"resolucion de conflictos\",\"resolucion de problemas\",\"supervision\",\"toma de decisiones\"],\"articleSection\":[\"Administraci\u00f3n\",\"Art\u00edculos\"],\"inLanguage\":\"es\",\"potentialAction\":[{\"@type\":\"CommentAction\",\"name\":\"Comment\",\"target\":[\"https:\\\/\\\/imecaf.com\\\/blog\\\/2024\\\/10\\\/24\\\/habilidades-gerenciales\\\/#respond\"]}]},{\"@type\":\"WebPage\",\"@id\":\"https:\\\/\\\/imecaf.com\\\/blog\\\/2024\\\/10\\\/24\\\/habilidades-gerenciales\\\/\",\"url\":\"https:\\\/\\\/imecaf.com\\\/blog\\\/2024\\\/10\\\/24\\\/habilidades-gerenciales\\\/\",\"name\":\"Habilidades Gerenciales - IMECAF - Blog\",\"isPartOf\":{\"@id\":\"https:\\\/\\\/imecaf.com\\\/blog\\\/#website\"},\"primaryImageOfPage\":{\"@id\":\"https:\\\/\\\/imecaf.com\\\/blog\\\/2024\\\/10\\\/24\\\/habilidades-gerenciales\\\/#primaryimage\"},\"image\":{\"@id\":\"https:\\\/\\\/imecaf.com\\\/blog\\\/2024\\\/10\\\/24\\\/habilidades-gerenciales\\\/#primaryimage\"},\"thumbnailUrl\":\"https:\\\/\\\/imecaf.com\\\/blog\\\/wp-content\\\/uploads\\\/Habilidades-gerenciales-1.jpg\",\"datePublished\":\"2024-10-25T00:53:12+00:00\",\"dateModified\":\"2025-10-24T23:37:03+00:00\",\"description\":\"Las habilidades gerenciales permiten a los l\u00edderes coordinar equipos, motivar, resolver problemas y tomar decisiones estrat\u00e9gicas con \u00e9xito.\",\"breadcrumb\":{\"@id\":\"https:\\\/\\\/imecaf.com\\\/blog\\\/2024\\\/10\\\/24\\\/habilidades-gerenciales\\\/#breadcrumb\"},\"inLanguage\":\"es\",\"potentialAction\":[{\"@type\":\"ReadAction\",\"target\":[\"https:\\\/\\\/imecaf.com\\\/blog\\\/2024\\\/10\\\/24\\\/habilidades-gerenciales\\\/\"]}]},{\"@type\":\"ImageObject\",\"inLanguage\":\"es\",\"@id\":\"https:\\\/\\\/imecaf.com\\\/blog\\\/2024\\\/10\\\/24\\\/habilidades-gerenciales\\\/#primaryimage\",\"url\":\"https:\\\/\\\/imecaf.com\\\/blog\\\/wp-content\\\/uploads\\\/Habilidades-gerenciales-1.jpg\",\"contentUrl\":\"https:\\\/\\\/imecaf.com\\\/blog\\\/wp-content\\\/uploads\\\/Habilidades-gerenciales-1.jpg\",\"width\":1000,\"height\":600},{\"@type\":\"BreadcrumbList\",\"@id\":\"https:\\\/\\\/imecaf.com\\\/blog\\\/2024\\\/10\\\/24\\\/habilidades-gerenciales\\\/#breadcrumb\",\"itemListElement\":[{\"@type\":\"ListItem\",\"position\":1,\"name\":\"Portada\",\"item\":\"https:\\\/\\\/imecaf.com\\\/blog\\\/\"},{\"@type\":\"ListItem\",\"position\":2,\"name\":\"Habilidades Gerenciales: El Camino hacia la Excelencia en la Gesti\u00f3n\"}]},{\"@type\":\"WebSite\",\"@id\":\"https:\\\/\\\/imecaf.com\\\/blog\\\/#website\",\"url\":\"https:\\\/\\\/imecaf.com\\\/blog\\\/\",\"name\":\"IMECAF\",\"description\":\"Un lugar para expresar y compartir inquietudes dentro del mundo de la educaci\u00f3n.\",\"publisher\":{\"@id\":\"https:\\\/\\\/imecaf.com\\\/blog\\\/#organization\"},\"potentialAction\":[{\"@type\":\"SearchAction\",\"target\":{\"@type\":\"EntryPoint\",\"urlTemplate\":\"https:\\\/\\\/imecaf.com\\\/blog\\\/?s={search_term_string}\"},\"query-input\":{\"@type\":\"PropertyValueSpecification\",\"valueRequired\":true,\"valueName\":\"search_term_string\"}}],\"inLanguage\":\"es\"},{\"@type\":\"Organization\",\"@id\":\"https:\\\/\\\/imecaf.com\\\/blog\\\/#organization\",\"name\":\"IMECAF - Instituto Mexicano de Contabilidad, Administraci\u00f3n y Finanzas\",\"url\":\"https:\\\/\\\/imecaf.com\\\/blog\\\/\",\"logo\":{\"@type\":\"ImageObject\",\"inLanguage\":\"es\",\"@id\":\"https:\\\/\\\/imecaf.com\\\/blog\\\/#\\\/schema\\\/logo\\\/image\\\/\",\"url\":\"https:\\\/\\\/imecaf.com\\\/blog\\\/wp-content\\\/uploads\\\/IMECAF.Logo_.25.png\",\"contentUrl\":\"https:\\\/\\\/imecaf.com\\\/blog\\\/wp-content\\\/uploads\\\/IMECAF.Logo_.25.png\",\"width\":350,\"height\":350,\"caption\":\"IMECAF - Instituto Mexicano de Contabilidad, Administraci\u00f3n y Finanzas\"},\"image\":{\"@id\":\"https:\\\/\\\/imecaf.com\\\/blog\\\/#\\\/schema\\\/logo\\\/image\\\/\"},\"sameAs\":[\"https:\\\/\\\/www.facebook.com\\\/IMECAF\",\"https:\\\/\\\/x.com\\\/imecaf\",\"https:\\\/\\\/www.linkedin.com\\\/company\\\/imecaf\\\/\",\"https:\\\/\\\/www.youtube.com\\\/imecaf\",\"https:\\\/\\\/www.instagram.com\\\/imecaf_mx\\\/\",\"https:\\\/\\\/imecaf.negocio.site\\\/\"]},{\"@type\":\"Person\",\"@id\":\"https:\\\/\\\/imecaf.com\\\/blog\\\/#\\\/schema\\\/person\\\/a69b9f3972250aa0b1fdb798f094b4c7\",\"name\":\"Equipo de IMECAF\",\"image\":{\"@type\":\"ImageObject\",\"inLanguage\":\"es\",\"@id\":\"https:\\\/\\\/secure.gravatar.com\\\/avatar\\\/4b4242953c12937bd47e298d7922b4d01ffafe2955ce4235d318b8950782aa13?s=96&d=mm&r=g\",\"url\":\"https:\\\/\\\/secure.gravatar.com\\\/avatar\\\/4b4242953c12937bd47e298d7922b4d01ffafe2955ce4235d318b8950782aa13?s=96&d=mm&r=g\",\"contentUrl\":\"https:\\\/\\\/secure.gravatar.com\\\/avatar\\\/4b4242953c12937bd47e298d7922b4d01ffafe2955ce4235d318b8950782aa13?s=96&d=mm&r=g\",\"caption\":\"Equipo de IMECAF\"},\"url\":\"https:\\\/\\\/imecaf.com\\\/blog\\\/author\\\/mfonticoba\\\/\"}]}<\/script>\n<!-- \/ Yoast SEO plugin. -->","yoast_head_json":{"title":"Habilidades Gerenciales - IMECAF - Blog","description":"Las habilidades gerenciales permiten a los l\u00edderes coordinar equipos, motivar, resolver problemas y tomar decisiones estrat\u00e9gicas con \u00e9xito.","robots":{"index":"index","follow":"follow","max-snippet":"max-snippet:-1","max-image-preview":"max-image-preview:large","max-video-preview":"max-video-preview:-1"},"canonical":"https:\/\/imecaf.com\/blog\/2024\/10\/24\/habilidades-gerenciales\/","og_locale":"es_ES","og_type":"article","og_title":"Habilidades Gerenciales","og_description":"Las habilidades gerenciales permiten a los l\u00edderes coordinar equipos, motivar, resolver problemas y tomar decisiones estrat\u00e9gicas con \u00e9xito.","og_url":"https:\/\/imecaf.com\/blog\/2024\/10\/24\/habilidades-gerenciales\/","og_site_name":"IMECAF - Blog","article_publisher":"https:\/\/www.facebook.com\/IMECAF","article_published_time":"2024-10-25T00:53:12+00:00","article_modified_time":"2025-10-24T23:37:03+00:00","og_image":[{"width":1000,"height":600,"url":"https:\/\/imecaf.com\/blog\/wp-content\/uploads\/Habilidades-gerenciales-1.jpg","type":"image\/jpeg"}],"author":"Equipo de IMECAF","twitter_card":"summary_large_image","twitter_title":"Habilidades Gerenciales","twitter_description":"Las habilidades gerenciales permiten a los l\u00edderes coordinar equipos, motivar, resolver problemas y tomar decisiones estrat\u00e9gicas con \u00e9xito.","twitter_image":"https:\/\/imecaf.com\/blog\/wp-content\/uploads\/Habilidades-gerenciales-1.jpg","twitter_creator":"@imecaf","twitter_site":"@imecaf","twitter_misc":{"Escrito por":"Equipo de IMECAF","Tiempo de lectura":"11 minutos"},"schema":{"@context":"https:\/\/schema.org","@graph":[{"@type":"Article","@id":"https:\/\/imecaf.com\/blog\/2024\/10\/24\/habilidades-gerenciales\/#article","isPartOf":{"@id":"https:\/\/imecaf.com\/blog\/2024\/10\/24\/habilidades-gerenciales\/"},"author":{"name":"Equipo de IMECAF","@id":"https:\/\/imecaf.com\/blog\/#\/schema\/person\/a69b9f3972250aa0b1fdb798f094b4c7"},"headline":"Habilidades Gerenciales: El Camino hacia la Excelencia en la Gesti\u00f3n","datePublished":"2024-10-25T00:53:12+00:00","dateModified":"2025-10-24T23:37:03+00:00","mainEntityOfPage":{"@id":"https:\/\/imecaf.com\/blog\/2024\/10\/24\/habilidades-gerenciales\/"},"wordCount":1677,"commentCount":0,"publisher":{"@id":"https:\/\/imecaf.com\/blog\/#organization"},"image":{"@id":"https:\/\/imecaf.com\/blog\/2024\/10\/24\/habilidades-gerenciales\/#primaryimage"},"thumbnailUrl":"https:\/\/imecaf.com\/blog\/wp-content\/uploads\/Habilidades-gerenciales-1.jpg","keywords":["calidad en el servicio","coaching","comunicacion efectiva","delegacion de tareas","gestion del cambio","gestion del tiempo","habilidades gerenciales","inteligencia emocional","liderazgo","motivacion","negociacion","pensamiento critico","resolucion de conflictos","resolucion de problemas","supervision","toma de decisiones"],"articleSection":["Administraci\u00f3n","Art\u00edculos"],"inLanguage":"es","potentialAction":[{"@type":"CommentAction","name":"Comment","target":["https:\/\/imecaf.com\/blog\/2024\/10\/24\/habilidades-gerenciales\/#respond"]}]},{"@type":"WebPage","@id":"https:\/\/imecaf.com\/blog\/2024\/10\/24\/habilidades-gerenciales\/","url":"https:\/\/imecaf.com\/blog\/2024\/10\/24\/habilidades-gerenciales\/","name":"Habilidades Gerenciales - IMECAF - Blog","isPartOf":{"@id":"https:\/\/imecaf.com\/blog\/#website"},"primaryImageOfPage":{"@id":"https:\/\/imecaf.com\/blog\/2024\/10\/24\/habilidades-gerenciales\/#primaryimage"},"image":{"@id":"https:\/\/imecaf.com\/blog\/2024\/10\/24\/habilidades-gerenciales\/#primaryimage"},"thumbnailUrl":"https:\/\/imecaf.com\/blog\/wp-content\/uploads\/Habilidades-gerenciales-1.jpg","datePublished":"2024-10-25T00:53:12+00:00","dateModified":"2025-10-24T23:37:03+00:00","description":"Las habilidades gerenciales permiten a los l\u00edderes coordinar equipos, motivar, resolver problemas y tomar decisiones estrat\u00e9gicas con \u00e9xito.","breadcrumb":{"@id":"https:\/\/imecaf.com\/blog\/2024\/10\/24\/habilidades-gerenciales\/#breadcrumb"},"inLanguage":"es","potentialAction":[{"@type":"ReadAction","target":["https:\/\/imecaf.com\/blog\/2024\/10\/24\/habilidades-gerenciales\/"]}]},{"@type":"ImageObject","inLanguage":"es","@id":"https:\/\/imecaf.com\/blog\/2024\/10\/24\/habilidades-gerenciales\/#primaryimage","url":"https:\/\/imecaf.com\/blog\/wp-content\/uploads\/Habilidades-gerenciales-1.jpg","contentUrl":"https:\/\/imecaf.com\/blog\/wp-content\/uploads\/Habilidades-gerenciales-1.jpg","width":1000,"height":600},{"@type":"BreadcrumbList","@id":"https:\/\/imecaf.com\/blog\/2024\/10\/24\/habilidades-gerenciales\/#breadcrumb","itemListElement":[{"@type":"ListItem","position":1,"name":"Portada","item":"https:\/\/imecaf.com\/blog\/"},{"@type":"ListItem","position":2,"name":"Habilidades Gerenciales: El Camino hacia la Excelencia en la Gesti\u00f3n"}]},{"@type":"WebSite","@id":"https:\/\/imecaf.com\/blog\/#website","url":"https:\/\/imecaf.com\/blog\/","name":"IMECAF","description":"Un lugar para expresar y compartir inquietudes dentro del mundo de la educaci\u00f3n.","publisher":{"@id":"https:\/\/imecaf.com\/blog\/#organization"},"potentialAction":[{"@type":"SearchAction","target":{"@type":"EntryPoint","urlTemplate":"https:\/\/imecaf.com\/blog\/?s={search_term_string}"},"query-input":{"@type":"PropertyValueSpecification","valueRequired":true,"valueName":"search_term_string"}}],"inLanguage":"es"},{"@type":"Organization","@id":"https:\/\/imecaf.com\/blog\/#organization","name":"IMECAF - Instituto Mexicano de Contabilidad, Administraci\u00f3n y Finanzas","url":"https:\/\/imecaf.com\/blog\/","logo":{"@type":"ImageObject","inLanguage":"es","@id":"https:\/\/imecaf.com\/blog\/#\/schema\/logo\/image\/","url":"https:\/\/imecaf.com\/blog\/wp-content\/uploads\/IMECAF.Logo_.25.png","contentUrl":"https:\/\/imecaf.com\/blog\/wp-content\/uploads\/IMECAF.Logo_.25.png","width":350,"height":350,"caption":"IMECAF - Instituto Mexicano de Contabilidad, Administraci\u00f3n y Finanzas"},"image":{"@id":"https:\/\/imecaf.com\/blog\/#\/schema\/logo\/image\/"},"sameAs":["https:\/\/www.facebook.com\/IMECAF","https:\/\/x.com\/imecaf","https:\/\/www.linkedin.com\/company\/imecaf\/","https:\/\/www.youtube.com\/imecaf","https:\/\/www.instagram.com\/imecaf_mx\/","https:\/\/imecaf.negocio.site\/"]},{"@type":"Person","@id":"https:\/\/imecaf.com\/blog\/#\/schema\/person\/a69b9f3972250aa0b1fdb798f094b4c7","name":"Equipo de IMECAF","image":{"@type":"ImageObject","inLanguage":"es","@id":"https:\/\/secure.gravatar.com\/avatar\/4b4242953c12937bd47e298d7922b4d01ffafe2955ce4235d318b8950782aa13?s=96&d=mm&r=g","url":"https:\/\/secure.gravatar.com\/avatar\/4b4242953c12937bd47e298d7922b4d01ffafe2955ce4235d318b8950782aa13?s=96&d=mm&r=g","contentUrl":"https:\/\/secure.gravatar.com\/avatar\/4b4242953c12937bd47e298d7922b4d01ffafe2955ce4235d318b8950782aa13?s=96&d=mm&r=g","caption":"Equipo de IMECAF"},"url":"https:\/\/imecaf.com\/blog\/author\/mfonticoba\/"}]}},"_links":{"self":[{"href":"https:\/\/imecaf.com\/blog\/wp-json\/wp\/v2\/posts\/16054","targetHints":{"allow":["GET"]}}],"collection":[{"href":"https:\/\/imecaf.com\/blog\/wp-json\/wp\/v2\/posts"}],"about":[{"href":"https:\/\/imecaf.com\/blog\/wp-json\/wp\/v2\/types\/post"}],"author":[{"embeddable":true,"href":"https:\/\/imecaf.com\/blog\/wp-json\/wp\/v2\/users\/2"}],"replies":[{"embeddable":true,"href":"https:\/\/imecaf.com\/blog\/wp-json\/wp\/v2\/comments?post=16054"}],"version-history":[{"count":1,"href":"https:\/\/imecaf.com\/blog\/wp-json\/wp\/v2\/posts\/16054\/revisions"}],"predecessor-version":[{"id":18629,"href":"https:\/\/imecaf.com\/blog\/wp-json\/wp\/v2\/posts\/16054\/revisions\/18629"}],"wp:featuredmedia":[{"embeddable":true,"href":"https:\/\/imecaf.com\/blog\/wp-json\/wp\/v2\/media\/16059"}],"wp:attachment":[{"href":"https:\/\/imecaf.com\/blog\/wp-json\/wp\/v2\/media?parent=16054"}],"wp:term":[{"taxonomy":"category","embeddable":true,"href":"https:\/\/imecaf.com\/blog\/wp-json\/wp\/v2\/categories?post=16054"},{"taxonomy":"post_tag","embeddable":true,"href":"https:\/\/imecaf.com\/blog\/wp-json\/wp\/v2\/tags?post=16054"}],"curies":[{"name":"wp","href":"https:\/\/api.w.org\/{rel}","templated":true}]}}