{"id":16208,"date":"2024-11-12T17:33:41","date_gmt":"2024-11-12T23:33:41","guid":{"rendered":"http:\/\/imecaf.com\/blog\/?p=16208"},"modified":"2026-02-06T18:07:39","modified_gmt":"2026-02-07T00:07:39","slug":"trabajo-en-equipo","status":"publish","type":"post","link":"https:\/\/imecaf.com\/blog\/2024\/11\/12\/trabajo-en-equipo\/","title":{"rendered":"Trabajo en Equipo: Claves para el \u00c9xito en el \u00c1mbito Profesional"},"content":{"rendered":"<span class=\"span-reading-time rt-reading-time\" style=\"display: block;\"><span class=\"rt-label rt-prefix\">Tiempo de lectura:<\/span> <span class=\"rt-time\"> 13<\/span> <span class=\"rt-label rt-postfix\">minutos<\/span><\/span>\n<figure class=\"wp-block-image size-full\"><img loading=\"lazy\" decoding=\"async\" width=\"1000\" height=\"600\" src=\"http:\/\/imecaf.com\/blog\/wp-content\/uploads\/Trabajo-enequipo.jpg\" alt=\"Trabajo en Equipo\" class=\"wp-image-16214\" srcset=\"https:\/\/imecaf.com\/blog\/wp-content\/uploads\/Trabajo-enequipo.jpg 1000w, https:\/\/imecaf.com\/blog\/wp-content\/uploads\/Trabajo-enequipo-300x180.jpg 300w, https:\/\/imecaf.com\/blog\/wp-content\/uploads\/Trabajo-enequipo-768x461.jpg 768w\" sizes=\"auto, (max-width: 1000px) 100vw, 1000px\" \/><\/figure>\n\n\n\n<p>\u00bfSab\u00edas que el trabajo en equipo puede ser la clave para el \u00e9xito o el fracaso de un proyecto? La capacidad de integrar habilidades, roles y esfuerzos individuales hacia un objetivo com\u00fan es esencial en cualquier \u00e1mbito profesional. En este art\u00edculo, exploraremos c\u00f3mo desarrollar un equipo s\u00f3lido, los roles que cada integrante desempe\u00f1a, y c\u00f3mo el liderazgo y la motivaci\u00f3n influyen en los resultados. \u00a1Sigue leyendo para descubrir los secretos de un equipo eficiente y exitoso!<\/p>\n\n\n\n<h2 class=\"wp-block-heading\"><strong>\u00bfQu\u00e9 es el Trabajo en Equipo?<\/strong><\/h2>\n\n\n\n<p>El trabajo en equipo es la colaboraci\u00f3n de varias personas que, con diferentes habilidades y conocimientos, trabajan juntas para alcanzar un objetivo com\u00fan. En un entorno laboral, el trabajo en equipo es fundamental para maximizar el rendimiento, aumentar la creatividad y mejorar la eficiencia.<\/p>\n\n\n\n<p>La integraci\u00f3n de equipos de trabajo requiere una estrategia y una buena comunicaci\u00f3n para lograr una cohesi\u00f3n real entre sus miembros. Un equipo exitoso no es solo una suma de personas, sino una estructura organizada que sabe utilizar las fortalezas de cada integrante y potenciar los resultados.<\/p>\n\n\n\n<figure class=\"wp-block-embed is-type-video is-provider-youtube wp-block-embed-youtube wp-embed-aspect-16-9 wp-has-aspect-ratio\"><div class=\"wp-block-embed__wrapper\">\n<iframe loading=\"lazy\" title=\"Claves para un Trabajo en Equipo Eficaz\" width=\"1200\" height=\"675\" src=\"https:\/\/www.youtube.com\/embed\/SBZndLVwfvA?feature=oembed\" frameborder=\"0\" allow=\"accelerometer; autoplay; clipboard-write; encrypted-media; gyroscope; picture-in-picture; web-share\" referrerpolicy=\"strict-origin-when-cross-origin\" allowfullscreen><\/iframe>\n<\/div><\/figure>\n\n\n\n<h2 class=\"wp-block-heading\"><strong>Importancia del Trabajo en Equipo en el Entorno Profesional<\/strong><\/h2>\n\n\n\n<p>El trabajo en equipo es un elemento fundamental dentro de cualquier organizaci\u00f3n moderna. A medida que las empresas evolucionan y enfrentan desaf\u00edos cada vez m\u00e1s complejos, la habilidad para colaborar eficazmente se ha vuelto m\u00e1s esencial que nunca. Cuando los miembros de un equipo trabajan juntos de manera cohesionada, las probabilidades de alcanzar los objetivos y metas organizacionales aumentan considerablemente. A continuaci\u00f3n, exploraremos con mayor detalle c\u00f3mo un equipo bien estructurado impacta positivamente en diversos aspectos del entorno laboral:<\/p>\n\n\n\n<h3 class=\"wp-block-heading\"><strong>Aumenta la Productividad<\/strong><\/h3>\n\n\n<div class=\"wp-block-image\">\n<figure class=\"alignleft size-full is-resized\"><img loading=\"lazy\" decoding=\"async\" width=\"900\" height=\"600\" src=\"http:\/\/imecaf.com\/blog\/wp-content\/uploads\/Aumenta-la-productividad.jpg\" alt=\"Trabajo en Equipo - Aumenta la Productividad\" class=\"wp-image-16215\" style=\"width:307px;height:auto\" srcset=\"https:\/\/imecaf.com\/blog\/wp-content\/uploads\/Aumenta-la-productividad.jpg 900w, https:\/\/imecaf.com\/blog\/wp-content\/uploads\/Aumenta-la-productividad-300x200.jpg 300w, https:\/\/imecaf.com\/blog\/wp-content\/uploads\/Aumenta-la-productividad-768x512.jpg 768w\" sizes=\"auto, (max-width: 900px) 100vw, 900px\" \/><\/figure>\n<\/div>\n\n\n<p>Una de las ventajas m\u00e1s significativas de trabajar en equipo es el aumento de la productividad. Los equipos efectivos dividen las tareas de manera estrat\u00e9gica seg\u00fan las habilidades y fortalezas de cada miembro. Esto permite que cada persona se enfoque en lo que hace mejor, lo que no solo optimiza el uso del tiempo, sino que tambi\u00e9n mejora la calidad de las actividades ejecutadas.<\/p>\n\n\n\n<p>Al repartir responsabilidades seg\u00fan la experiencia y habilidades individuales, se maximiza la eficiencia y se logran resultados m\u00e1s r\u00e1pidos y precisos. Adem\u00e1s, el trabajo en equipo permite que las tareas se realicen de manera simult\u00e1nea, en lugar de en forma secuencial, lo que acelera el proceso general de trabajo y reduce los tiempos de espera.<\/p>\n\n\n\n<h3 class=\"wp-block-heading\"><strong>Fomenta la Innovaci\u00f3n y Creatividad<\/strong><\/h3>\n\n\n<div class=\"wp-block-image\">\n<figure class=\"alignleft size-full is-resized\"><img loading=\"lazy\" decoding=\"async\" width=\"900\" height=\"600\" src=\"http:\/\/imecaf.com\/blog\/wp-content\/uploads\/innovacion-y-creatividad.jpg\" alt=\"Trabajo en Equipo - Innovaci\u00f3n y Creatividad\" class=\"wp-image-16216\" style=\"width:305px;height:auto\" srcset=\"https:\/\/imecaf.com\/blog\/wp-content\/uploads\/innovacion-y-creatividad.jpg 900w, https:\/\/imecaf.com\/blog\/wp-content\/uploads\/innovacion-y-creatividad-300x200.jpg 300w, https:\/\/imecaf.com\/blog\/wp-content\/uploads\/innovacion-y-creatividad-768x512.jpg 768w\" sizes=\"auto, (max-width: 900px) 100vw, 900px\" \/><\/figure>\n<\/div>\n\n\n<p>Otro beneficio clave del trabajo en equipo es la innovaci\u00f3n. Cuando diversas personas se agrupan para resolver un problema, aportan distintas perspectivas, experiencias y enfoques, lo que fomenta una mayor <strong><a href=\"https:\/\/imecaf.com\/514\">creatividad<\/a>.<\/strong><\/p>\n\n\n\n<p>La interacci\u00f3n de ideas y la diversidad de pensamientos a menudo conduce a soluciones m\u00e1s creativas y eficaces. En lugar de seguir un \u00fanico camino, el equipo puede explorar diferentes opciones, ajustar enfoques y combinar lo mejor de cada sugerencia para obtener un resultado innovador. Este proceso colaborativo permite descubrir nuevas ideas que podr\u00edan no haber surgido de manera individual.<\/p>\n\n\n\n<h3 class=\"wp-block-heading\"><strong>Crea un Ambiente Laboral Positivo<\/strong><\/h3>\n\n\n<div class=\"wp-block-image\">\n<figure class=\"alignleft size-full is-resized\"><img loading=\"lazy\" decoding=\"async\" width=\"900\" height=\"600\" src=\"http:\/\/imecaf.com\/blog\/wp-content\/uploads\/ambiente-laboral-positivo.jpg\" alt=\"Trabajo en Equipo - Clima Laboral Positivo\" class=\"wp-image-16217\" style=\"width:308px;height:auto\" srcset=\"https:\/\/imecaf.com\/blog\/wp-content\/uploads\/ambiente-laboral-positivo.jpg 900w, https:\/\/imecaf.com\/blog\/wp-content\/uploads\/ambiente-laboral-positivo-300x200.jpg 300w, https:\/\/imecaf.com\/blog\/wp-content\/uploads\/ambiente-laboral-positivo-768x512.jpg 768w\" sizes=\"auto, (max-width: 900px) 100vw, 900px\" \/><\/figure>\n<\/div>\n\n\n<p>El trabajo en equipo tambi\u00e9n tiene un impacto directo en el<strong> <a href=\"https:\/\/imecaf.com\/117\">clima laboral<\/a><\/strong>. Un equipo que coopera de manera efectiva tiende a crear un ambiente m\u00e1s positivo, ya que los miembros se sienten apoyados y valorados por sus compa\u00f1eros. Esta sensaci\u00f3n de pertenencia y camarader\u00eda puede aumentar la motivaci\u00f3n y mejorar el compromiso de los trabajadores con los objetivos organizacionales.<\/p>\n\n\n\n<p>Cuando los miembros del equipo est\u00e1n alineados y colaboran de manera armoniosa, se reduce la posibilidad de tensiones y conflictos. El apoyo mutuo y la comunicaci\u00f3n abierta son esenciales para crear un entorno donde todos se sientan c\u00f3modos compartiendo ideas y opinando sin temor al juicio.<\/p>\n\n\n\n<p>Un ambiente de trabajo positivo tambi\u00e9n promueve el bienestar emocional de los empleados, lo que, a su vez, contribuye a la<strong> <a href=\"https:\/\/imecaf.com\/116\">reducci\u00f3n del estr\u00e9s<\/a><\/strong> y a una mayor satisfacci\u00f3n laboral. Esto no solo beneficia a los empleados, sino tambi\u00e9n a la empresa, ya que los trabajadores satisfechos son m\u00e1s productivos y est\u00e1n menos inclinados a abandonar la organizaci\u00f3n.<\/p>\n\n\n\n<h3 class=\"wp-block-heading\"><strong>Permite Alcanzar Objetivos Comunes<\/strong><\/h3>\n\n\n<div class=\"wp-block-image\">\n<figure class=\"alignleft size-full is-resized\"><img loading=\"lazy\" decoding=\"async\" width=\"450\" height=\"600\" src=\"http:\/\/imecaf.com\/blog\/wp-content\/uploads\/Objetivos-comunes-edited.jpg\" alt=\"Trabajo en Equipo - Alcanzar Objetivos Comunes\" class=\"wp-image-16219\" style=\"width:199px;height:auto\" srcset=\"https:\/\/imecaf.com\/blog\/wp-content\/uploads\/Objetivos-comunes-edited.jpg 450w, https:\/\/imecaf.com\/blog\/wp-content\/uploads\/Objetivos-comunes-edited-225x300.jpg 225w\" sizes=\"auto, (max-width: 450px) 100vw, 450px\" \/><\/figure>\n<\/div>\n\n\n<p>Un equipo bien coordinado no solo trabaja en conjunto para cumplir con las tareas, sino que lo hace con un objetivo com\u00fan claramente definido. Esto proporciona un sentido de prop\u00f3sito y direcci\u00f3n a cada miembro, lo que facilita la alineaci\u00f3n de esfuerzos y la consecuci\u00f3n de metas colectivas.<\/p>\n\n\n\n<p>Cada miembro de un equipo tiene un papel espec\u00edfico que desempe\u00f1ar, lo que crea un enfoque m\u00e1s organizado y estructurado hacia la consecuci\u00f3n de los objetivos. Un equipo que sigue este tipo de organizaci\u00f3n es capaz de avanzar de manera ordenada y eficiente, superando obst\u00e1culos y ajust\u00e1ndose r\u00e1pidamente a cambios, sin perder de vista el prop\u00f3sito final.<\/p>\n\n\n\n<p>Cuando los miembros comprenden c\u00f3mo su trabajo contribuye al \u00e9xito del equipo, se sienten m\u00e1s motivados para hacer su mejor esfuerzo. Este enfoque organizado no s\u00f3lo acelera el progreso hacia los objetivos, sino que tambi\u00e9n aumenta la probabilidad de \u00e9xito en proyectos complejos o a gran escala, donde es crucial la colaboraci\u00f3n entre varios departamentos o especialidades.<\/p>\n\n\n\n<h2 class=\"wp-block-heading\"><strong>Principales Beneficios del Trabajo en Equipo<\/strong><\/h2>\n\n\n\n<p>El trabajo en equipo no solo es fundamental para el \u00e9xito de una organizaci\u00f3n, sino que tambi\u00e9n ofrece m\u00faltiples beneficios tanto para los miembros del equipo como para la empresa en su conjunto. Cuando un equipo funciona correctamente, las ventajas no se limitan a la mejora de los resultados, sino que tambi\u00e9n impactan positivamente en el bienestar de los trabajadores, en la cohesi\u00f3n del grupo y en el ambiente laboral en general. A continuaci\u00f3n, se exploran algunos de los beneficios m\u00e1s destacados que el trabajo en equipo puede proporcionar.<\/p>\n\n\n\n<h3 class=\"wp-block-heading\"><strong>1. Sinergia: El Poder de la Colaboraci\u00f3n<\/strong><\/h3>\n\n\n<div class=\"wp-block-image\">\n<figure class=\"alignleft size-full is-resized\"><img loading=\"lazy\" decoding=\"async\" width=\"900\" height=\"600\" src=\"http:\/\/imecaf.com\/blog\/wp-content\/uploads\/sinergia.jpg\" alt=\"Trabajo en Equipo - Sinergia - Colaboraci\u00f3n\" class=\"wp-image-16220\" style=\"width:307px;height:auto\" srcset=\"https:\/\/imecaf.com\/blog\/wp-content\/uploads\/sinergia.jpg 900w, https:\/\/imecaf.com\/blog\/wp-content\/uploads\/sinergia-300x200.jpg 300w, https:\/\/imecaf.com\/blog\/wp-content\/uploads\/sinergia-768x512.jpg 768w\" sizes=\"auto, (max-width: 900px) 100vw, 900px\" \/><\/figure>\n<\/div>\n\n\n<p>Uno de los beneficios m\u00e1s evidentes del trabajo en equipo es la sinergia. Esta se refiere a la capacidad de un grupo de lograr m\u00e1s que la suma de los esfuerzos individuales de cada miembro. En otras palabras, un equipo bien integrado no solo multiplica los esfuerzos de sus integrantes, sino que los transforma en resultados m\u00e1s significativos y efectivos.<\/p>\n\n\n\n<p>Cuando las personas trabajan juntas, pueden aportar sus diferentes habilidades, perspectivas y enfoques para encontrar soluciones m\u00e1s innovadoras y eficaces. Por ejemplo, en un equipo de ventas, mientras algunos miembros se enfocan en la negociaci\u00f3n, otros pueden especializarse en la investigaci\u00f3n de mercado o en la atenci\u00f3n al cliente, lo que permite al grupo ofrecer una soluci\u00f3n m\u00e1s completa y de mayor calidad que si cada miembro trabaja por separado.<\/p>\n\n\n\n<p>La sinergia en un equipo tambi\u00e9n se refleja en la creaci\u00f3n de un ambiente colaborativo, donde las ideas se combinan y se enriquecen, impulsando el rendimiento colectivo a niveles m\u00e1s altos.<\/p>\n\n\n\n<h3 class=\"wp-block-heading\"><strong>2. Reducci\u00f3n del Estr\u00e9s y Mayor Bienestar<\/strong><\/h3>\n\n\n<div class=\"wp-block-image\">\n<figure class=\"alignleft size-full is-resized\"><img loading=\"lazy\" decoding=\"async\" width=\"900\" height=\"600\" src=\"http:\/\/imecaf.com\/blog\/wp-content\/uploads\/reduccion-de-estres.jpg\" alt=\"Trabajo en Equipo - Reducci\u00f3n de Estres\" class=\"wp-image-16221\" style=\"width:321px;height:auto\" srcset=\"https:\/\/imecaf.com\/blog\/wp-content\/uploads\/reduccion-de-estres.jpg 900w, https:\/\/imecaf.com\/blog\/wp-content\/uploads\/reduccion-de-estres-300x200.jpg 300w, https:\/\/imecaf.com\/blog\/wp-content\/uploads\/reduccion-de-estres-768x512.jpg 768w\" sizes=\"auto, (max-width: 900px) 100vw, 900px\" \/><\/figure>\n<\/div>\n\n\n<p>El trabajo en equipo ofrece un alivio significativo frente al estr\u00e9s individual. Cuando las responsabilidades se reparten entre varios miembros, la carga de trabajo se aligera para todos, lo que permite reducir la presi\u00f3n que recae sobre una sola persona. En lugar de enfrentar desaf\u00edos de manera solitaria, cada miembro del equipo puede compartir las dificultades y apoyarse mutuamente.<\/p>\n\n\n\n<p>Este enfoque compartido ayuda a prevenir el agotamiento y la fatiga, y facilita la <a href=\"https:\/\/imecaf.com\/67\"><strong>gesti\u00f3n eficiente del tiempo<\/strong><\/a> y los recursos. Adem\u00e1s, contar con el apoyo de los compa\u00f1eros de trabajo puede proporcionar una sensaci\u00f3n de seguridad, sabiendo que no se est\u00e1 solo frente a los obst\u00e1culos.<\/p>\n\n\n\n<p>Un equipo que sabe c\u00f3mo gestionar las cargas de trabajo de manera equitativa tambi\u00e9n crea un entorno de apoyo emocional, lo que mejora el bienestar general de sus miembros. Esto no solo reduce el estr\u00e9s laboral, sino que tambi\u00e9n disminuye el riesgo de<strong> <a href=\"https:\/\/imecaf.com\/438\">burnout<\/a><\/strong> y favorece una mayor <strong><a href=\"https:\/\/imecaf.com\/515\">salud mental en el trabajo<\/a>.<\/strong><\/p>\n\n\n\n<h3 class=\"wp-block-heading\"><strong>3. Mejora del Clima Organizacional<\/strong><\/h3>\n\n\n<div class=\"wp-block-image\">\n<figure class=\"alignleft size-full is-resized\"><img loading=\"lazy\" decoding=\"async\" width=\"900\" height=\"600\" src=\"http:\/\/imecaf.com\/blog\/wp-content\/uploads\/mejora-el-clima-organizacional.jpg\" alt=\"Trabajo en Equipo - Mejor Clima Organizacional\" class=\"wp-image-16222\" style=\"width:320px;height:auto\" srcset=\"https:\/\/imecaf.com\/blog\/wp-content\/uploads\/mejora-el-clima-organizacional.jpg 900w, https:\/\/imecaf.com\/blog\/wp-content\/uploads\/mejora-el-clima-organizacional-300x200.jpg 300w, https:\/\/imecaf.com\/blog\/wp-content\/uploads\/mejora-el-clima-organizacional-768x512.jpg 768w\" sizes=\"auto, (max-width: 900px) 100vw, 900px\" \/><\/figure>\n<\/div>\n\n\n<p>El trabajo en equipo tiene un impacto directo sobre el clima organizacional. Un grupo que trabaja en conjunto de manera efectiva genera una atm\u00f3sfera de cooperaci\u00f3n, confianza y respeto mutuo, lo que, a su vez, mejora el ambiente de trabajo en general. Cuando los miembros de un equipo se sienten apoyados y valorados, se incrementa la moral del grupo, lo que repercute positivamente en su productividad y desempe\u00f1o.<\/p>\n\n\n\n<p>Adem\u00e1s, un buen clima organizacional fomenta la comunicaci\u00f3n abierta y facilita la <a href=\"https:\/\/imecaf.com\/175\"><strong>resoluci\u00f3n de conflictos<\/strong><\/a>. Los equipos que practican el trabajo conjunto y respetan las diferencias tienden a ser m\u00e1s inclusivos y diversos, lo que crea una<strong> <a href=\"https:\/\/imecaf.com\/310\">cultura organizacional<\/a><\/strong> m\u00e1s sana y flexible.<\/p>\n\n\n\n<p>Esto, a su vez, tiene un efecto positivo en la satisfacci\u00f3n laboral, ya que los empleados disfrutan de un ambiente donde pueden desarrollarse profesionalmente mientras se sienten parte de un grupo. Un ambiente laboral positivo es fundamental para la retenci\u00f3n de talentos y para atraer a nuevos profesionales al equipo.<\/p>\n\n\n\n<h3 class=\"wp-block-heading\"><strong>4. Mayor Eficiencia y Rapidez<\/strong><\/h3>\n\n\n<div class=\"wp-block-image\">\n<figure class=\"alignleft size-full is-resized\"><img loading=\"lazy\" decoding=\"async\" width=\"900\" height=\"600\" src=\"http:\/\/imecaf.com\/blog\/wp-content\/uploads\/eficiencia-y-rapidez.jpg\" alt=\"Trabajo en Equipo - Mayor Eficiencia y Rapidez\" class=\"wp-image-16223\" style=\"width:322px;height:auto\" srcset=\"https:\/\/imecaf.com\/blog\/wp-content\/uploads\/eficiencia-y-rapidez.jpg 900w, https:\/\/imecaf.com\/blog\/wp-content\/uploads\/eficiencia-y-rapidez-300x200.jpg 300w, https:\/\/imecaf.com\/blog\/wp-content\/uploads\/eficiencia-y-rapidez-768x512.jpg 768w\" sizes=\"auto, (max-width: 900px) 100vw, 900px\" \/><\/figure>\n<\/div>\n\n\n<p>El trabajo en equipo tambi\u00e9n se traduce en una mayor eficiencia y rapidez en la ejecuci\u00f3n de proyectos. Al asignar tareas de acuerdo con las habilidades y fortalezas de cada miembro del equipo, se asegura que cada tarea se lleve a cabo de la manera m\u00e1s eficiente posible. Por ejemplo, en un equipo de marketing digital, un experto en dise\u00f1o gr\u00e1fico podr\u00eda encargarse de la parte visual de una campa\u00f1a, mientras que un experto en an\u00e1lisis de datos se encargar\u00eda de medir su rendimiento, y un copywriter podr\u00eda redactar los mensajes.<\/p>\n\n\n\n<p>Este enfoque especializado permite a los equipos avanzar m\u00e1s r\u00e1pidamente, sin la necesidad de que cada miembro se encargue de todo el trabajo, lo que podr\u00eda retrasar el proceso. La especializaci\u00f3n en las tareas asegura que cada parte del proyecto sea realizada con el m\u00e1ximo nivel de calidad y rapidez, lo que mejora los resultados y acelera la toma de decisiones.<\/p>\n\n\n\n<p>Adem\u00e1s, la colaboraci\u00f3n activa dentro del equipo fomenta una gesti\u00f3n eficiente del tiempo, ya que los miembros pueden resolver problemas y tomar decisiones en conjunto de manera m\u00e1s \u00e1gil y eficaz.<\/p>\n\n\n\n<h3 class=\"wp-block-heading\"><strong>5. Incremento de la Motivaci\u00f3n y Sentido de Pertenencia<\/strong><\/h3>\n\n\n<div class=\"wp-block-image\">\n<figure class=\"alignleft size-full is-resized\"><img loading=\"lazy\" decoding=\"async\" width=\"900\" height=\"600\" src=\"http:\/\/imecaf.com\/blog\/wp-content\/uploads\/motivacion-1.jpg\" alt=\"Trabajo en Equipo - Incremento en Motivaci\u00f3n\" class=\"wp-image-16224\" style=\"width:321px;height:auto\" srcset=\"https:\/\/imecaf.com\/blog\/wp-content\/uploads\/motivacion-1.jpg 900w, https:\/\/imecaf.com\/blog\/wp-content\/uploads\/motivacion-1-300x200.jpg 300w, https:\/\/imecaf.com\/blog\/wp-content\/uploads\/motivacion-1-768x512.jpg 768w\" sizes=\"auto, (max-width: 900px) 100vw, 900px\" \/><\/figure>\n<\/div>\n\n\n<p>El trabajo en equipo tambi\u00e9n tiene un gran impacto en la<strong> <a href=\"https:\/\/imecaf.com\/509\">motivaci\u00f3n<\/a><\/strong> de los empleados. Cuando se alcanzan logros compartidos, los miembros del equipo sienten un sentido de pertenencia y satisfacci\u00f3n personal que fortalece su compromiso con el equipo y la organizaci\u00f3n.<\/p>\n\n\n\n<p>Ver los resultados de un trabajo conjunto genera una sensaci\u00f3n de \u00e9xito compartido, lo que refuerza la moral de los integrantes y los motiva a seguir contribuyendo con su esfuerzo y dedicaci\u00f3n. La satisfacci\u00f3n de contribuir a un equipo exitoso tambi\u00e9n aumenta el sentimiento de orgullo y de valor personal.<\/p>\n\n\n\n<p>Este tipo de motivaci\u00f3n colectiva es mucho m\u00e1s poderosa que la motivaci\u00f3n individual, ya que el sentido de camarader\u00eda y los logros comunes refuerzan la conexi\u00f3n emocional de los miembros con el equipo. Un equipo motivado es m\u00e1s productivo, tiene menos rotaci\u00f3n de personal y est\u00e1 mejor preparado para afrontar nuevos retos.<\/p>\n\n\n\n<h2 class=\"wp-block-heading\"><strong>Integraci\u00f3n de Equipos de Trabajo<\/strong><\/h2>\n\n\n\n<h3 class=\"wp-block-heading\"><strong>\u00bfQu\u00e9 es la Integraci\u00f3n de Equipos de Trabajo?<\/strong><\/h3>\n\n\n<div class=\"wp-block-image\">\n<figure class=\"alignleft size-full is-resized\"><img loading=\"lazy\" decoding=\"async\" width=\"400\" height=\"600\" src=\"http:\/\/imecaf.com\/blog\/wp-content\/uploads\/integracion-de-equipos-de-trabajo-edited.jpg\" alt=\"Integraci\u00f3n de Equipos de Trabajo\" class=\"wp-image-16226\" style=\"width:197px;height:auto\" srcset=\"https:\/\/imecaf.com\/blog\/wp-content\/uploads\/integracion-de-equipos-de-trabajo-edited.jpg 400w, https:\/\/imecaf.com\/blog\/wp-content\/uploads\/integracion-de-equipos-de-trabajo-edited-200x300.jpg 200w\" sizes=\"auto, (max-width: 400px) 100vw, 400px\" \/><\/figure>\n<\/div>\n\n\n<p>La integraci\u00f3n de equipos de trabajo es un proceso fundamental que permite a individuos con diversas habilidades, personalidades y experiencias unirse para formar un grupo cohesionado y eficiente. Este proceso va m\u00e1s all\u00e1 de la simple asignaci\u00f3n de tareas; implica crear un entorno donde los miembros puedan colaborar efectivamente, aprovechando sus fortalezas individuales para alcanzar metas comunes. La integraci\u00f3n de equipos no solo requiere una correcta selecci\u00f3n de los miembros, sino tambi\u00e9n la implementaci\u00f3n de estrategias que fomenten la comunicaci\u00f3n abierta, la confianza mutua y el compromiso colectivo.<\/p>\n\n\n\n<p>La clave de la integraci\u00f3n radica en entender las din\u00e1micas grupales y las relaciones interpersonales que surgen entre los miembros. Es importante que todos compartan una visi\u00f3n clara, sientan un sentido de pertenencia y reconozcan que el \u00e9xito del equipo depende de la colaboraci\u00f3n continua y el respeto hacia los dem\u00e1s.<\/p>\n\n\n\n<h3 class=\"wp-block-heading\"><strong>Pasos para la Integraci\u00f3n de un Equipo de Trabajo Eficiente<\/strong><\/h3>\n\n\n\n<p>Para lograr una integraci\u00f3n exitosa, es necesario seguir una serie de pasos estrat\u00e9gicos que ayuden a construir un equipo s\u00f3lido y eficaz:<\/p>\n\n\n\n<ol class=\"wp-block-list\">\n<li><strong>Definir el Objetivo Com\u00fan<\/strong>: La claridad en los objetivos es crucial. Todos los miembros deben comprender y aceptar el prop\u00f3sito del equipo, alineando sus esfuerzos hacia un mismo fin. Un equipo sin objetivos claros puede dispersarse, lo que puede resultar en frustraci\u00f3n y descoordinaci\u00f3n.<\/li>\n\n\n\n<li><strong>Identificar Fortalezas Individuales<\/strong>: Reconocer las habilidades, talentos y experiencias de cada miembro es esencial para una asignaci\u00f3n eficiente de las tareas. Al aprovechar las fortalezas individuales, el equipo puede asignar responsabilidades que maximicen la eficiencia y la calidad de los resultados.<\/li>\n\n\n\n<li><strong>Fomentar la Comunicaci\u00f3n Abierta<\/strong>: La transparencia es uno de los pilares de la integraci\u00f3n. Un equipo debe sentirse c\u00f3modo compartiendo ideas, dudas y preocupaciones. La comunicaci\u00f3n fluida evita malentendidos y permite resolver conflictos de manera proactiva.<\/li>\n\n\n\n<li><strong>Establecer Normas y Roles Claros<\/strong>: Definir las responsabilidades y las reglas del equipo es fundamental para evitar confusiones y duplicaci\u00f3n de esfuerzos. Un equipo con roles bien establecidos puede funcionar de manera m\u00e1s organizada y efectiva.<\/li>\n\n\n\n<li><strong>Promover la Confianza y el Respeto Mutuo<\/strong>: La integraci\u00f3n no ser\u00e1 efectiva si no existe confianza entre los miembros. Promover un ambiente donde todos se respeten, acepten y apoyen es esencial para fortalecer las relaciones interpersonales y la cohesi\u00f3n del equipo.<\/li>\n<\/ol>\n\n\n\n<h2 class=\"wp-block-heading\"><strong>Roles y Papeles en el Equipo<\/strong><\/h2>\n\n\n\n<p>Un equipo de trabajo eficaz se construye sobre la base de roles claramente definidos, que aseguran que cada miembro se enfoque en sus fortalezas y responsabilidades. La asignaci\u00f3n de roles no solo mejora la eficiencia, sino que tambi\u00e9n ayuda a evitar confusi\u00f3n y conflictos innecesarios.<\/p>\n\n\n<div class=\"wp-block-image\">\n<figure class=\"aligncenter size-full is-resized\"><img loading=\"lazy\" decoding=\"async\" width=\"900\" height=\"600\" src=\"http:\/\/imecaf.com\/blog\/wp-content\/uploads\/roles-y-papeles-en-el-equipo.jpg\" alt=\"Roles y Papeles\" class=\"wp-image-16227\" style=\"width:429px;height:auto\" srcset=\"https:\/\/imecaf.com\/blog\/wp-content\/uploads\/roles-y-papeles-en-el-equipo.jpg 900w, https:\/\/imecaf.com\/blog\/wp-content\/uploads\/roles-y-papeles-en-el-equipo-300x200.jpg 300w, https:\/\/imecaf.com\/blog\/wp-content\/uploads\/roles-y-papeles-en-el-equipo-768x512.jpg 768w\" sizes=\"auto, (max-width: 900px) 100vw, 900px\" \/><\/figure>\n<\/div>\n\n\n<h3 class=\"wp-block-heading\"><strong>Principales Roles en un Equipo de Trabajo<\/strong><\/h3>\n\n\n\n<ol class=\"wp-block-list\">\n<li><strong>El L\u00edder del Equipo<\/strong>: Es la persona encargada de guiar, motivar y mantener el enfoque del grupo en los objetivos establecidos. El l\u00edder establece la direcci\u00f3n, toma decisiones clave y facilita la resoluci\u00f3n de conflictos. Un l\u00edder eficaz no solo es estrat\u00e9gico, sino tambi\u00e9n un modelo a seguir, promoviendo la comunicaci\u00f3n y el trabajo colaborativo.<\/li>\n\n\n\n<li><strong>El Comunicador<\/strong>: Este rol es fundamental para mantener a todo el equipo informado y alineado. El comunicador se asegura de que todos los miembros est\u00e9n al tanto de los avances, cambios y desaf\u00edos del proyecto. La claridad en la comunicaci\u00f3n es esencial para evitar malentendidos y mantener la cohesi\u00f3n del grupo.<\/li>\n\n\n\n<li><strong>El Ejecutor<\/strong>: Este miembro se encarga de la ejecuci\u00f3n pr\u00e1ctica de las tareas. Es una persona con gran capacidad de acci\u00f3n, capaz de realizar las tareas de manera eficiente y dentro de los plazos establecidos. El ejecutor se asegura de que el equipo avance en la consecuci\u00f3n de las metas.<\/li>\n\n\n\n<li><strong>El Analista<\/strong>: La persona en este rol eval\u00faa constantemente el progreso y los resultados del equipo. Su trabajo es asegurar que las acciones sean efectivas, proponiendo ajustes cuando sea necesario. El analista tambi\u00e9n ayuda a identificar \u00e1reas de mejora y a garantizar que el equipo est\u00e9 alineado con los objetivos.<\/li>\n\n\n\n<li><strong>El Innovador<\/strong>: El innovador aporta ideas frescas y creativas para la resoluci\u00f3n de problemas. Este rol es crucial para mantener la adaptabilidad del equipo ante nuevos desaf\u00edos y para fomentar la innovaci\u00f3n constante, asegurando que el equipo pueda encontrar soluciones fuera de lo com\u00fan cuando sea necesario.<\/li>\n<\/ol>\n\n\n\n<h3 class=\"wp-block-heading\"><strong>\u00bfPor Qu\u00e9 es Importante Tener Roles Definidos en un Equipo?<\/strong><\/h3>\n\n\n\n<p>Definir roles dentro de un equipo no solo mejora la organizaci\u00f3n y la eficiencia, sino que tambi\u00e9n fomenta la responsabilidad individual. Cuando cada miembro conoce su rol y las expectativas asociadas a \u00e9l, se minimiza el riesgo de que las tareas se dupliquen o queden sin realizar. Los roles bien definidos tambi\u00e9n permiten a cada integrante sentirse valorado, sabiendo que su contribuci\u00f3n es crucial para el \u00e9xito colectivo. Adem\u00e1s, los roles proporcionan una estructura que facilita la<strong> <a href=\"https:\/\/imecaf.com\/41\">gesti\u00f3n de conflictos y la toma de decisiones<\/a><\/strong>, lo que refuerza la cohesi\u00f3n grupal.<\/p>\n\n\n\n<h2 class=\"wp-block-heading\"><strong>Caracter\u00edsticas de un L\u00edder de Equipo Eficiente<\/strong><\/h2>\n\n\n\n<p>El l\u00edder es el pilar central en cualquier equipo de trabajo. No solo dirige el equipo hacia sus objetivos, sino que tambi\u00e9n act\u00faa como motivador, mediador y toma decisiones clave.<strong> <a href=\"http:\/\/imecaf.com\/blog\/2024\/02\/21\/que-es-liderazgo\/\">Un buen l\u00edder<\/a><\/strong> tiene una visi\u00f3n clara, sabe c\u00f3mo mantener al equipo enfocado y motiva a sus miembros a lograr su m\u00e1ximo potencial.<\/p>\n\n\n<div class=\"wp-block-image\">\n<figure class=\"aligncenter size-full is-resized\"><img loading=\"lazy\" decoding=\"async\" width=\"900\" height=\"600\" src=\"http:\/\/imecaf.com\/blog\/wp-content\/uploads\/Lider-de-equipo.jpg\" alt=\"L\u00edder de Equipo\" class=\"wp-image-16228\" style=\"width:429px;height:auto\" srcset=\"https:\/\/imecaf.com\/blog\/wp-content\/uploads\/Lider-de-equipo.jpg 900w, https:\/\/imecaf.com\/blog\/wp-content\/uploads\/Lider-de-equipo-300x200.jpg 300w, https:\/\/imecaf.com\/blog\/wp-content\/uploads\/Lider-de-equipo-768x512.jpg 768w\" sizes=\"auto, (max-width: 900px) 100vw, 900px\" \/><\/figure>\n<\/div>\n\n\n<h3 class=\"wp-block-heading\"><strong>Habilidades Clave de un L\u00edder del Equipo<\/strong><\/h3>\n\n\n\n<ol class=\"wp-block-list\">\n<li><a href=\"https:\/\/imecaf.com\/83\"><strong>Comunicaci\u00f3n Clara y Efectiva<\/strong><\/a>: La habilidad para expresar ideas y expectativas de manera comprensible es crucial. La comunicaci\u00f3n abierta fomenta un ambiente de confianza y facilita la resoluci\u00f3n de problemas.<\/li>\n\n\n\n<li><strong>Empat\u00eda y Comprensi\u00f3n<\/strong>: Un l\u00edder debe ser capaz de ponerse en el lugar de los dem\u00e1s. La empat\u00eda facilita la colaboraci\u00f3n, ayuda a manejar los conflictos de manera efectiva y asegura que las necesidades de cada miembro sean atendidas.<\/li>\n\n\n\n<li><strong>Toma de Decisiones<\/strong>: La capacidad de evaluar las opciones disponibles y seleccionar la mejor alternativa es vital. Un l\u00edder debe tomar decisiones r\u00e1pidas pero bien fundamentadas, especialmente en situaciones de presi\u00f3n.<\/li>\n\n\n\n<li><a href=\"https:\/\/imecaf.com\/40\"><strong>Gesti\u00f3n de Conflictos<\/strong><\/a>: Los desacuerdos son inevitables en cualquier equipo. Un l\u00edder competente debe ser capaz de mediar de manera justa, manteniendo el equilibrio y asegurando que los conflictos no afecten el rendimiento del grupo.<\/li>\n\n\n\n<li><strong>Visi\u00f3n y Orientaci\u00f3n a Resultados<\/strong>: Un l\u00edder debe tener la capacidad de ver m\u00e1s all\u00e1 del d\u00eda a d\u00eda, identificar oportunidades y desaf\u00edos futuros y guiar al equipo hacia el \u00e9xito a largo plazo.<\/li>\n<\/ol>\n\n\n\n<h2 class=\"wp-block-heading\"><strong>La Motivaci\u00f3n de Equipos de Trabajo<\/strong><\/h2>\n\n\n\n<p>La motivaci\u00f3n es un factor clave en el \u00e9xito de un equipo de trabajo. Un equipo motivado es m\u00e1s productivo, innovador y comprometido. Sin motivaci\u00f3n, incluso los equipos m\u00e1s capacitados pueden enfrentar dificultades para alcanzar sus objetivos.<\/p>\n\n\n<div class=\"wp-block-image\">\n<figure class=\"aligncenter size-full is-resized\"><img loading=\"lazy\" decoding=\"async\" width=\"900\" height=\"600\" src=\"http:\/\/imecaf.com\/blog\/wp-content\/uploads\/Motivacion-de-equipos-de-trabajo.jpg\" alt=\"Motivaci\u00f3n\" class=\"wp-image-16229\" style=\"width:429px;height:auto\" srcset=\"https:\/\/imecaf.com\/blog\/wp-content\/uploads\/Motivacion-de-equipos-de-trabajo.jpg 900w, https:\/\/imecaf.com\/blog\/wp-content\/uploads\/Motivacion-de-equipos-de-trabajo-300x200.jpg 300w, https:\/\/imecaf.com\/blog\/wp-content\/uploads\/Motivacion-de-equipos-de-trabajo-768x512.jpg 768w\" sizes=\"auto, (max-width: 900px) 100vw, 900px\" \/><\/figure>\n<\/div>\n\n\n<h3 class=\"wp-block-heading\"><strong>Estrategias para Motivar a un Equipo de Trabajo<\/strong><\/h3>\n\n\n\n<ol class=\"wp-block-list\">\n<li><strong>Reconocimiento del Esfuerzo<\/strong>: Reconocer y celebrar los logros individuales y colectivos refuerza la moral del equipo. El reconocimiento puede ser tan simple como un agradecimiento verbal o un peque\u00f1o premio que valore la dedicaci\u00f3n y el esfuerzo.<\/li>\n\n\n\n<li><strong>Ofrecer Oportunidades de Desarrollo<\/strong>: Brindar capacitaci\u00f3n y oportunidades de crecimiento profesional no solo mejora las habilidades de los miembros, sino que tambi\u00e9n aumenta su compromiso y sentido de pertenencia.<\/li>\n\n\n\n<li><strong>Crear un Ambiente Positivo<\/strong>: Un entorno de trabajo agradable y respetuoso fomenta la creatividad, la colaboraci\u00f3n y el bienestar general del equipo. Un equipo que se siente valorado y apoyado en un ambiente positivo tiene m\u00e1s probabilidades de alcanzar su m\u00e1ximo potencial.<\/li>\n\n\n\n<li><strong>Fomentar la Autonom\u00eda<\/strong>: Permitir que los miembros del equipo asuman responsabilidades y tomen decisiones dentro de su \u00e1rea de trabajo aumenta su satisfacci\u00f3n y rendimiento. La autonom\u00eda tambi\u00e9n fortalece la confianza y el sentido de propiedad sobre los proyectos.<\/li>\n\n\n\n<li><strong>Incentivos y Recompensas<\/strong>: Los incentivos, tanto econ\u00f3micos como no econ\u00f3micos, ayudan a mantener la motivaci\u00f3n alta. Ofrecer recompensas por el buen desempe\u00f1o puede ser un impulso importante para el equipo.<\/li>\n<\/ol>\n\n\n\n<h2 class=\"wp-block-heading\"><strong>Fases del Desarrollo de un Equipo de Trabajo<\/strong><\/h2>\n\n\n\n<p>Todo equipo atraviesa diferentes etapas en su desarrollo, desde su formaci\u00f3n inicial hasta el cumplimiento de los objetivos. Estas fases son claves para entender c\u00f3mo evolucionan las din\u00e1micas grupales y c\u00f3mo se puede optimizar el rendimiento.<\/p>\n\n\n<div class=\"wp-block-image\">\n<figure class=\"aligncenter size-full is-resized\"><img loading=\"lazy\" decoding=\"async\" width=\"900\" height=\"600\" src=\"http:\/\/imecaf.com\/blog\/wp-content\/uploads\/desarrollo-de-un-equipo-de-trabajo.jpg\" alt=\"Fases de Desarrollo\" class=\"wp-image-16230\" style=\"width:431px;height:auto\" srcset=\"https:\/\/imecaf.com\/blog\/wp-content\/uploads\/desarrollo-de-un-equipo-de-trabajo.jpg 900w, https:\/\/imecaf.com\/blog\/wp-content\/uploads\/desarrollo-de-un-equipo-de-trabajo-300x200.jpg 300w, https:\/\/imecaf.com\/blog\/wp-content\/uploads\/desarrollo-de-un-equipo-de-trabajo-768x512.jpg 768w\" sizes=\"auto, (max-width: 900px) 100vw, 900px\" \/><\/figure>\n<\/div>\n\n\n<ol class=\"wp-block-list\">\n<li><strong>Formaci\u00f3n<\/strong>: El equipo se conoce, establece objetivos y define las primeras normas de trabajo. Es una etapa de adaptaci\u00f3n en la que los miembros empiezan a familiarizarse con sus roles y con los dem\u00e1s.<\/li>\n\n\n\n<li><strong>Conflicto<\/strong>: Surgen desacuerdos, discusiones de ideas y ajustes de expectativas. Esta fase es crucial para la consolidaci\u00f3n del equipo, ya que los conflictos bien manejados pueden fortalecer la cohesi\u00f3n.<\/li>\n\n\n\n<li><strong>Normalizaci\u00f3n<\/strong>: Los roles se consolidan y se establece una forma de trabajo efectiva. El equipo comienza a operar de manera m\u00e1s fluida, con mayor confianza y eficiencia.<\/li>\n\n\n\n<li><strong>Desempe\u00f1o<\/strong>: El equipo alcanza su m\u00e1ximo rendimiento. Los miembros trabajan de manera productiva, se comunican eficazmente y alcanzan los objetivos establecidos.<\/li>\n\n\n\n<li><strong>Clausura<\/strong>: Al completar los objetivos, el equipo se disuelve o avanza a un nuevo proyecto. En esta fase, se reflexiona sobre los logros alcanzados y las lecciones aprendidas.<\/li>\n<\/ol>\n\n\n\n<h2 class=\"wp-block-heading\"><strong>Conclusi\u00f3n<\/strong><\/h2>\n\n\n<div class=\"wp-block-image\">\n<figure class=\"alignleft size-large is-resized\"><img loading=\"lazy\" decoding=\"async\" width=\"691\" height=\"1024\" src=\"http:\/\/imecaf.com\/blog\/wp-content\/uploads\/Conclusion-6-691x1024.png\" alt=\"Conclusi\u00f3n\" class=\"wp-image-16232\" style=\"width:177px;height:auto\" srcset=\"https:\/\/imecaf.com\/blog\/wp-content\/uploads\/Conclusion-6-691x1024.png 691w, https:\/\/imecaf.com\/blog\/wp-content\/uploads\/Conclusion-6-203x300.png 203w, https:\/\/imecaf.com\/blog\/wp-content\/uploads\/Conclusion-6-768x1138.png 768w, https:\/\/imecaf.com\/blog\/wp-content\/uploads\/Conclusion-6-1037x1536.png 1037w, https:\/\/imecaf.com\/blog\/wp-content\/uploads\/Conclusion-6.png 1080w\" sizes=\"auto, (max-width: 691px) 100vw, 691px\" \/><\/figure>\n<\/div>\n\n\n<p>El trabajo en equipo es mucho m\u00e1s que juntar personas en una misma tarea. Es un proceso que implica integraci\u00f3n, definici\u00f3n de roles, liderazgo efectivo y una motivaci\u00f3n constante. Los equipos bien organizados alcanzan sus metas de manera m\u00e1s eficiente, fomentan la creatividad y fortalecen el ambiente laboral. Si se aplican adecuadamente las t\u00e9cnicas de trabajo en equipo, cualquier organizaci\u00f3n puede mejorar su productividad y alcanzar el \u00e9xito.&nbsp;<\/p>\n\n\n\n<p>Adem\u00e1s, el desarrollo de habilidades clave en esta \u00e1rea es fundamental para optimizar el rendimiento colectivo. Si deseas aprender a gestionar equipos de manera eficaz, nuestro <a href=\"https:\/\/imecaf.com\/9\"><strong>curso de Trabajo en Equipo<\/strong><\/a> te brindar\u00e1 las herramientas necesarias para potenciar la colaboraci\u00f3n y mejorar los resultados en cualquier entorno laboral. \u00a1No pierdas la oportunidad de perfeccionar tus habilidades y llevar a tu equipo al siguiente nivel!<\/p>\n\n\n<figure class=\"wp-block-image\"><a href=\"http:\/\/imecaf.com\/blog\/wp-content\/uploads\/Trabajo-en-Equipo.pdf\"><img decoding=\"async\" style=\"width: 303px; height: auto;\" src=\"http:\/\/imecaf.com\/blog\/wp-content\/uploads\/Descargar-PDF-e1708732610860-1024x317.png\" alt=\"Trabajo en Equipo: Claves para el \u00c9xito en el \u00c1mbito Profesional - Descargar PDF\"\/><\/a><\/figure>","protected":false},"excerpt":{"rendered":"<p>\u00bfSab\u00edas que el trabajo en equipo puede ser la clave para el \u00e9xito o el fracaso de un proyecto? La capacidad de integrar habilidades, roles y esfuerzos individuales hacia un objetivo com\u00fan es esencial en cualquier \u00e1mbito profesional. En este art\u00edculo, exploraremos c\u00f3mo desarrollar un equipo s\u00f3lido, los roles que cada integrante desempe\u00f1a, y c\u00f3mo &#8230; <a title=\"Trabajo en Equipo: Claves para el \u00c9xito en el \u00c1mbito Profesional\" class=\"read-more\" href=\"https:\/\/imecaf.com\/blog\/2024\/11\/12\/trabajo-en-equipo\/\">Leer m\u00e1s <span class=\"screen-reader-text\">Trabajo en Equipo: Claves para el \u00c9xito en el \u00c1mbito Profesional<\/span><\/a><\/p>\n","protected":false},"author":2,"featured_media":16214,"comment_status":"open","ping_status":"closed","sticky":false,"template":"","format":"standard","meta":{"footnotes":""},"categories":[476,10],"tags":[2996,4233,10991,3885,3233,10461,3897,10998,1421,10995,10997,5485,10996,2681,4605,10993,6898,10566,10992,8029],"class_list":["post-16208","post","type-post","status-publish","format-standard","has-post-thumbnail","hentry","category-articulos-desarrollohumano","category-desarrollohumano","tag-beneficios","tag-bienestar","tag-clima-laboral","tag-colaboracion","tag-creatividad","tag-cultura-organizacional","tag-eficiencia","tag-fases-de-desarrollo","tag-innovacion","tag-integracion-de-equipos","tag-lider-de-equipo","tag-motivacion","tag-papeles","tag-productividad","tag-rapidez","tag-reduccion-de-estres","tag-roles","tag-sentido-de-pertenencia","tag-sinergia","tag-trabajo-en-equipo"],"yoast_head":"<!-- This site is optimized with the Yoast SEO plugin v27.4 - https:\/\/yoast.com\/product\/yoast-seo-wordpress\/ -->\n<title>Trabajo en Equipo: Claves para el \u00c9xito en el \u00c1mbito Profesional - IMECAF - Blog<\/title>\n<meta name=\"description\" content=\"Descubre c\u00f3mo el trabajo en equipo potencia la productividad, fomenta la creatividad y mejora el clima laboral en los entornos profesionales.\" \/>\n<meta name=\"robots\" content=\"index, follow, max-snippet:-1, max-image-preview:large, max-video-preview:-1\" \/>\n<link rel=\"canonical\" href=\"https:\/\/imecaf.com\/blog\/2024\/11\/12\/trabajo-en-equipo\/\" \/>\n<meta property=\"og:locale\" content=\"es_ES\" \/>\n<meta property=\"og:type\" content=\"article\" \/>\n<meta property=\"og:title\" content=\"Trabajo en Equipo: Claves para el \u00c9xito en el \u00c1mbito Profesional\" \/>\n<meta property=\"og:description\" content=\"Descubre c\u00f3mo el trabajo en equipo potencia la productividad, fomenta la creatividad y mejora el clima laboral en los entornos profesionales.\" \/>\n<meta property=\"og:url\" content=\"https:\/\/imecaf.com\/blog\/2024\/11\/12\/trabajo-en-equipo\/\" \/>\n<meta property=\"og:site_name\" content=\"IMECAF - Blog\" \/>\n<meta property=\"article:publisher\" content=\"https:\/\/www.facebook.com\/IMECAF\" \/>\n<meta property=\"article:published_time\" content=\"2024-11-12T23:33:41+00:00\" \/>\n<meta property=\"article:modified_time\" content=\"2026-02-07T00:07:39+00:00\" \/>\n<meta property=\"og:image\" content=\"http:\/\/imecaf.com\/blog\/wp-content\/uploads\/Trabajo-enequipo.jpg\" \/>\n\t<meta property=\"og:image:width\" content=\"1000\" \/>\n\t<meta property=\"og:image:height\" content=\"600\" \/>\n\t<meta property=\"og:image:type\" content=\"image\/jpeg\" \/>\n<meta name=\"author\" content=\"Equipo de IMECAF\" \/>\n<meta name=\"twitter:card\" content=\"summary_large_image\" \/>\n<meta name=\"twitter:title\" content=\"Trabajo en Equipo: Claves para el \u00c9xito en el \u00c1mbito Profesional\" \/>\n<meta name=\"twitter:description\" content=\"Descubre c\u00f3mo el trabajo en equipo potencia la productividad, fomenta la creatividad y mejora el clima laboral en los entornos profesionales.\" \/>\n<meta name=\"twitter:image\" content=\"https:\/\/imecaf.com\/blog\/wp-content\/uploads\/Trabajo-enequipo.jpg\" \/>\n<meta name=\"twitter:creator\" content=\"@imecaf\" \/>\n<meta name=\"twitter:site\" content=\"@imecaf\" \/>\n<meta name=\"twitter:label1\" content=\"Escrito por\" \/>\n\t<meta name=\"twitter:data1\" content=\"Equipo de IMECAF\" \/>\n\t<meta name=\"twitter:label2\" content=\"Tiempo de lectura\" \/>\n\t<meta name=\"twitter:data2\" content=\"19 minutos\" \/>\n<script type=\"application\/ld+json\" class=\"yoast-schema-graph\">{\"@context\":\"https:\\\/\\\/schema.org\",\"@graph\":[{\"@type\":\"Article\",\"@id\":\"https:\\\/\\\/imecaf.com\\\/blog\\\/2024\\\/11\\\/12\\\/trabajo-en-equipo\\\/#article\",\"isPartOf\":{\"@id\":\"https:\\\/\\\/imecaf.com\\\/blog\\\/2024\\\/11\\\/12\\\/trabajo-en-equipo\\\/\"},\"author\":{\"name\":\"Equipo de IMECAF\",\"@id\":\"https:\\\/\\\/imecaf.com\\\/blog\\\/#\\\/schema\\\/person\\\/a69b9f3972250aa0b1fdb798f094b4c7\"},\"headline\":\"Trabajo en Equipo: Claves para el \u00c9xito en el \u00c1mbito Profesional\",\"datePublished\":\"2024-11-12T23:33:41+00:00\",\"dateModified\":\"2026-02-07T00:07:39+00:00\",\"mainEntityOfPage\":{\"@id\":\"https:\\\/\\\/imecaf.com\\\/blog\\\/2024\\\/11\\\/12\\\/trabajo-en-equipo\\\/\"},\"wordCount\":3627,\"commentCount\":0,\"publisher\":{\"@id\":\"https:\\\/\\\/imecaf.com\\\/blog\\\/#organization\"},\"image\":{\"@id\":\"https:\\\/\\\/imecaf.com\\\/blog\\\/2024\\\/11\\\/12\\\/trabajo-en-equipo\\\/#primaryimage\"},\"thumbnailUrl\":\"https:\\\/\\\/imecaf.com\\\/blog\\\/wp-content\\\/uploads\\\/Trabajo-enequipo.jpg\",\"keywords\":[\"beneficios\",\"bienestar\",\"clima laboral\",\"colaboracion\",\"creatividad\",\"cultura organizacional\",\"eficiencia\",\"fases de desarrollo\",\"innovacion\",\"integracion de equipos\",\"lider de equipo\",\"motivacion\",\"papeles\",\"productividad\",\"rapidez\",\"reduccion de estres\",\"roles\",\"sentido de pertenencia\",\"sinergia\",\"trabajo en equipo\"],\"articleSection\":[\"Art\u00edculos\",\"Desarrollo Humano\"],\"inLanguage\":\"es\",\"potentialAction\":[{\"@type\":\"CommentAction\",\"name\":\"Comment\",\"target\":[\"https:\\\/\\\/imecaf.com\\\/blog\\\/2024\\\/11\\\/12\\\/trabajo-en-equipo\\\/#respond\"]}]},{\"@type\":\"WebPage\",\"@id\":\"https:\\\/\\\/imecaf.com\\\/blog\\\/2024\\\/11\\\/12\\\/trabajo-en-equipo\\\/\",\"url\":\"https:\\\/\\\/imecaf.com\\\/blog\\\/2024\\\/11\\\/12\\\/trabajo-en-equipo\\\/\",\"name\":\"Trabajo en Equipo: Claves para el \u00c9xito en el \u00c1mbito Profesional - IMECAF - Blog\",\"isPartOf\":{\"@id\":\"https:\\\/\\\/imecaf.com\\\/blog\\\/#website\"},\"primaryImageOfPage\":{\"@id\":\"https:\\\/\\\/imecaf.com\\\/blog\\\/2024\\\/11\\\/12\\\/trabajo-en-equipo\\\/#primaryimage\"},\"image\":{\"@id\":\"https:\\\/\\\/imecaf.com\\\/blog\\\/2024\\\/11\\\/12\\\/trabajo-en-equipo\\\/#primaryimage\"},\"thumbnailUrl\":\"https:\\\/\\\/imecaf.com\\\/blog\\\/wp-content\\\/uploads\\\/Trabajo-enequipo.jpg\",\"datePublished\":\"2024-11-12T23:33:41+00:00\",\"dateModified\":\"2026-02-07T00:07:39+00:00\",\"description\":\"Descubre c\u00f3mo el trabajo en equipo potencia la productividad, fomenta la creatividad y mejora el clima laboral en los entornos profesionales.\",\"breadcrumb\":{\"@id\":\"https:\\\/\\\/imecaf.com\\\/blog\\\/2024\\\/11\\\/12\\\/trabajo-en-equipo\\\/#breadcrumb\"},\"inLanguage\":\"es\",\"potentialAction\":[{\"@type\":\"ReadAction\",\"target\":[\"https:\\\/\\\/imecaf.com\\\/blog\\\/2024\\\/11\\\/12\\\/trabajo-en-equipo\\\/\"]}]},{\"@type\":\"ImageObject\",\"inLanguage\":\"es\",\"@id\":\"https:\\\/\\\/imecaf.com\\\/blog\\\/2024\\\/11\\\/12\\\/trabajo-en-equipo\\\/#primaryimage\",\"url\":\"https:\\\/\\\/imecaf.com\\\/blog\\\/wp-content\\\/uploads\\\/Trabajo-enequipo.jpg\",\"contentUrl\":\"https:\\\/\\\/imecaf.com\\\/blog\\\/wp-content\\\/uploads\\\/Trabajo-enequipo.jpg\",\"width\":1000,\"height\":600},{\"@type\":\"BreadcrumbList\",\"@id\":\"https:\\\/\\\/imecaf.com\\\/blog\\\/2024\\\/11\\\/12\\\/trabajo-en-equipo\\\/#breadcrumb\",\"itemListElement\":[{\"@type\":\"ListItem\",\"position\":1,\"name\":\"Portada\",\"item\":\"https:\\\/\\\/imecaf.com\\\/blog\\\/\"},{\"@type\":\"ListItem\",\"position\":2,\"name\":\"Trabajo en Equipo: Claves para el \u00c9xito en el \u00c1mbito Profesional\"}]},{\"@type\":\"WebSite\",\"@id\":\"https:\\\/\\\/imecaf.com\\\/blog\\\/#website\",\"url\":\"https:\\\/\\\/imecaf.com\\\/blog\\\/\",\"name\":\"IMECAF\",\"description\":\"Un lugar para expresar y compartir inquietudes dentro del mundo de la educaci\u00f3n.\",\"publisher\":{\"@id\":\"https:\\\/\\\/imecaf.com\\\/blog\\\/#organization\"},\"potentialAction\":[{\"@type\":\"SearchAction\",\"target\":{\"@type\":\"EntryPoint\",\"urlTemplate\":\"https:\\\/\\\/imecaf.com\\\/blog\\\/?s={search_term_string}\"},\"query-input\":{\"@type\":\"PropertyValueSpecification\",\"valueRequired\":true,\"valueName\":\"search_term_string\"}}],\"inLanguage\":\"es\"},{\"@type\":\"Organization\",\"@id\":\"https:\\\/\\\/imecaf.com\\\/blog\\\/#organization\",\"name\":\"IMECAF - Instituto Mexicano de Contabilidad, Administraci\u00f3n y Finanzas\",\"url\":\"https:\\\/\\\/imecaf.com\\\/blog\\\/\",\"logo\":{\"@type\":\"ImageObject\",\"inLanguage\":\"es\",\"@id\":\"https:\\\/\\\/imecaf.com\\\/blog\\\/#\\\/schema\\\/logo\\\/image\\\/\",\"url\":\"https:\\\/\\\/imecaf.com\\\/blog\\\/wp-content\\\/uploads\\\/IMECAF.Logo_.25.png\",\"contentUrl\":\"https:\\\/\\\/imecaf.com\\\/blog\\\/wp-content\\\/uploads\\\/IMECAF.Logo_.25.png\",\"width\":350,\"height\":350,\"caption\":\"IMECAF - Instituto Mexicano de Contabilidad, Administraci\u00f3n y Finanzas\"},\"image\":{\"@id\":\"https:\\\/\\\/imecaf.com\\\/blog\\\/#\\\/schema\\\/logo\\\/image\\\/\"},\"sameAs\":[\"https:\\\/\\\/www.facebook.com\\\/IMECAF\",\"https:\\\/\\\/x.com\\\/imecaf\",\"https:\\\/\\\/www.linkedin.com\\\/company\\\/imecaf\\\/\",\"https:\\\/\\\/www.youtube.com\\\/imecaf\",\"https:\\\/\\\/www.instagram.com\\\/imecaf_mx\\\/\",\"https:\\\/\\\/imecaf.negocio.site\\\/\"]},{\"@type\":\"Person\",\"@id\":\"https:\\\/\\\/imecaf.com\\\/blog\\\/#\\\/schema\\\/person\\\/a69b9f3972250aa0b1fdb798f094b4c7\",\"name\":\"Equipo de IMECAF\",\"image\":{\"@type\":\"ImageObject\",\"inLanguage\":\"es\",\"@id\":\"https:\\\/\\\/secure.gravatar.com\\\/avatar\\\/4b4242953c12937bd47e298d7922b4d01ffafe2955ce4235d318b8950782aa13?s=96&d=mm&r=g\",\"url\":\"https:\\\/\\\/secure.gravatar.com\\\/avatar\\\/4b4242953c12937bd47e298d7922b4d01ffafe2955ce4235d318b8950782aa13?s=96&d=mm&r=g\",\"contentUrl\":\"https:\\\/\\\/secure.gravatar.com\\\/avatar\\\/4b4242953c12937bd47e298d7922b4d01ffafe2955ce4235d318b8950782aa13?s=96&d=mm&r=g\",\"caption\":\"Equipo de IMECAF\"},\"url\":\"https:\\\/\\\/imecaf.com\\\/blog\\\/author\\\/mfonticoba\\\/\"}]}<\/script>\n<!-- \/ Yoast SEO plugin. -->","yoast_head_json":{"title":"Trabajo en Equipo: Claves para el \u00c9xito en el \u00c1mbito Profesional - IMECAF - Blog","description":"Descubre c\u00f3mo el trabajo en equipo potencia la productividad, fomenta la creatividad y mejora el clima laboral en los entornos profesionales.","robots":{"index":"index","follow":"follow","max-snippet":"max-snippet:-1","max-image-preview":"max-image-preview:large","max-video-preview":"max-video-preview:-1"},"canonical":"https:\/\/imecaf.com\/blog\/2024\/11\/12\/trabajo-en-equipo\/","og_locale":"es_ES","og_type":"article","og_title":"Trabajo en Equipo: Claves para el \u00c9xito en el \u00c1mbito Profesional","og_description":"Descubre c\u00f3mo el trabajo en equipo potencia la productividad, fomenta la creatividad y mejora el clima laboral en los entornos profesionales.","og_url":"https:\/\/imecaf.com\/blog\/2024\/11\/12\/trabajo-en-equipo\/","og_site_name":"IMECAF - Blog","article_publisher":"https:\/\/www.facebook.com\/IMECAF","article_published_time":"2024-11-12T23:33:41+00:00","article_modified_time":"2026-02-07T00:07:39+00:00","og_image":[{"width":1000,"height":600,"url":"http:\/\/imecaf.com\/blog\/wp-content\/uploads\/Trabajo-enequipo.jpg","type":"image\/jpeg"}],"author":"Equipo de IMECAF","twitter_card":"summary_large_image","twitter_title":"Trabajo en Equipo: Claves para el \u00c9xito en el \u00c1mbito Profesional","twitter_description":"Descubre c\u00f3mo el trabajo en equipo potencia la productividad, fomenta la creatividad y mejora el clima laboral en los entornos profesionales.","twitter_image":"https:\/\/imecaf.com\/blog\/wp-content\/uploads\/Trabajo-enequipo.jpg","twitter_creator":"@imecaf","twitter_site":"@imecaf","twitter_misc":{"Escrito por":"Equipo de IMECAF","Tiempo de lectura":"19 minutos"},"schema":{"@context":"https:\/\/schema.org","@graph":[{"@type":"Article","@id":"https:\/\/imecaf.com\/blog\/2024\/11\/12\/trabajo-en-equipo\/#article","isPartOf":{"@id":"https:\/\/imecaf.com\/blog\/2024\/11\/12\/trabajo-en-equipo\/"},"author":{"name":"Equipo de IMECAF","@id":"https:\/\/imecaf.com\/blog\/#\/schema\/person\/a69b9f3972250aa0b1fdb798f094b4c7"},"headline":"Trabajo en Equipo: Claves para el \u00c9xito en el \u00c1mbito Profesional","datePublished":"2024-11-12T23:33:41+00:00","dateModified":"2026-02-07T00:07:39+00:00","mainEntityOfPage":{"@id":"https:\/\/imecaf.com\/blog\/2024\/11\/12\/trabajo-en-equipo\/"},"wordCount":3627,"commentCount":0,"publisher":{"@id":"https:\/\/imecaf.com\/blog\/#organization"},"image":{"@id":"https:\/\/imecaf.com\/blog\/2024\/11\/12\/trabajo-en-equipo\/#primaryimage"},"thumbnailUrl":"https:\/\/imecaf.com\/blog\/wp-content\/uploads\/Trabajo-enequipo.jpg","keywords":["beneficios","bienestar","clima laboral","colaboracion","creatividad","cultura organizacional","eficiencia","fases de desarrollo","innovacion","integracion de equipos","lider de equipo","motivacion","papeles","productividad","rapidez","reduccion de estres","roles","sentido de pertenencia","sinergia","trabajo en equipo"],"articleSection":["Art\u00edculos","Desarrollo Humano"],"inLanguage":"es","potentialAction":[{"@type":"CommentAction","name":"Comment","target":["https:\/\/imecaf.com\/blog\/2024\/11\/12\/trabajo-en-equipo\/#respond"]}]},{"@type":"WebPage","@id":"https:\/\/imecaf.com\/blog\/2024\/11\/12\/trabajo-en-equipo\/","url":"https:\/\/imecaf.com\/blog\/2024\/11\/12\/trabajo-en-equipo\/","name":"Trabajo en Equipo: Claves para el \u00c9xito en el \u00c1mbito Profesional - IMECAF - Blog","isPartOf":{"@id":"https:\/\/imecaf.com\/blog\/#website"},"primaryImageOfPage":{"@id":"https:\/\/imecaf.com\/blog\/2024\/11\/12\/trabajo-en-equipo\/#primaryimage"},"image":{"@id":"https:\/\/imecaf.com\/blog\/2024\/11\/12\/trabajo-en-equipo\/#primaryimage"},"thumbnailUrl":"https:\/\/imecaf.com\/blog\/wp-content\/uploads\/Trabajo-enequipo.jpg","datePublished":"2024-11-12T23:33:41+00:00","dateModified":"2026-02-07T00:07:39+00:00","description":"Descubre c\u00f3mo el trabajo en equipo potencia la productividad, fomenta la creatividad y mejora el clima laboral en los entornos profesionales.","breadcrumb":{"@id":"https:\/\/imecaf.com\/blog\/2024\/11\/12\/trabajo-en-equipo\/#breadcrumb"},"inLanguage":"es","potentialAction":[{"@type":"ReadAction","target":["https:\/\/imecaf.com\/blog\/2024\/11\/12\/trabajo-en-equipo\/"]}]},{"@type":"ImageObject","inLanguage":"es","@id":"https:\/\/imecaf.com\/blog\/2024\/11\/12\/trabajo-en-equipo\/#primaryimage","url":"https:\/\/imecaf.com\/blog\/wp-content\/uploads\/Trabajo-enequipo.jpg","contentUrl":"https:\/\/imecaf.com\/blog\/wp-content\/uploads\/Trabajo-enequipo.jpg","width":1000,"height":600},{"@type":"BreadcrumbList","@id":"https:\/\/imecaf.com\/blog\/2024\/11\/12\/trabajo-en-equipo\/#breadcrumb","itemListElement":[{"@type":"ListItem","position":1,"name":"Portada","item":"https:\/\/imecaf.com\/blog\/"},{"@type":"ListItem","position":2,"name":"Trabajo en Equipo: Claves para el \u00c9xito en el \u00c1mbito Profesional"}]},{"@type":"WebSite","@id":"https:\/\/imecaf.com\/blog\/#website","url":"https:\/\/imecaf.com\/blog\/","name":"IMECAF","description":"Un lugar para expresar y compartir inquietudes dentro del mundo de la educaci\u00f3n.","publisher":{"@id":"https:\/\/imecaf.com\/blog\/#organization"},"potentialAction":[{"@type":"SearchAction","target":{"@type":"EntryPoint","urlTemplate":"https:\/\/imecaf.com\/blog\/?s={search_term_string}"},"query-input":{"@type":"PropertyValueSpecification","valueRequired":true,"valueName":"search_term_string"}}],"inLanguage":"es"},{"@type":"Organization","@id":"https:\/\/imecaf.com\/blog\/#organization","name":"IMECAF - Instituto Mexicano de Contabilidad, Administraci\u00f3n y Finanzas","url":"https:\/\/imecaf.com\/blog\/","logo":{"@type":"ImageObject","inLanguage":"es","@id":"https:\/\/imecaf.com\/blog\/#\/schema\/logo\/image\/","url":"https:\/\/imecaf.com\/blog\/wp-content\/uploads\/IMECAF.Logo_.25.png","contentUrl":"https:\/\/imecaf.com\/blog\/wp-content\/uploads\/IMECAF.Logo_.25.png","width":350,"height":350,"caption":"IMECAF - Instituto Mexicano de Contabilidad, Administraci\u00f3n y Finanzas"},"image":{"@id":"https:\/\/imecaf.com\/blog\/#\/schema\/logo\/image\/"},"sameAs":["https:\/\/www.facebook.com\/IMECAF","https:\/\/x.com\/imecaf","https:\/\/www.linkedin.com\/company\/imecaf\/","https:\/\/www.youtube.com\/imecaf","https:\/\/www.instagram.com\/imecaf_mx\/","https:\/\/imecaf.negocio.site\/"]},{"@type":"Person","@id":"https:\/\/imecaf.com\/blog\/#\/schema\/person\/a69b9f3972250aa0b1fdb798f094b4c7","name":"Equipo de IMECAF","image":{"@type":"ImageObject","inLanguage":"es","@id":"https:\/\/secure.gravatar.com\/avatar\/4b4242953c12937bd47e298d7922b4d01ffafe2955ce4235d318b8950782aa13?s=96&d=mm&r=g","url":"https:\/\/secure.gravatar.com\/avatar\/4b4242953c12937bd47e298d7922b4d01ffafe2955ce4235d318b8950782aa13?s=96&d=mm&r=g","contentUrl":"https:\/\/secure.gravatar.com\/avatar\/4b4242953c12937bd47e298d7922b4d01ffafe2955ce4235d318b8950782aa13?s=96&d=mm&r=g","caption":"Equipo de IMECAF"},"url":"https:\/\/imecaf.com\/blog\/author\/mfonticoba\/"}]}},"_links":{"self":[{"href":"https:\/\/imecaf.com\/blog\/wp-json\/wp\/v2\/posts\/16208","targetHints":{"allow":["GET"]}}],"collection":[{"href":"https:\/\/imecaf.com\/blog\/wp-json\/wp\/v2\/posts"}],"about":[{"href":"https:\/\/imecaf.com\/blog\/wp-json\/wp\/v2\/types\/post"}],"author":[{"embeddable":true,"href":"https:\/\/imecaf.com\/blog\/wp-json\/wp\/v2\/users\/2"}],"replies":[{"embeddable":true,"href":"https:\/\/imecaf.com\/blog\/wp-json\/wp\/v2\/comments?post=16208"}],"version-history":[{"count":1,"href":"https:\/\/imecaf.com\/blog\/wp-json\/wp\/v2\/posts\/16208\/revisions"}],"predecessor-version":[{"id":19763,"href":"https:\/\/imecaf.com\/blog\/wp-json\/wp\/v2\/posts\/16208\/revisions\/19763"}],"wp:featuredmedia":[{"embeddable":true,"href":"https:\/\/imecaf.com\/blog\/wp-json\/wp\/v2\/media\/16214"}],"wp:attachment":[{"href":"https:\/\/imecaf.com\/blog\/wp-json\/wp\/v2\/media?parent=16208"}],"wp:term":[{"taxonomy":"category","embeddable":true,"href":"https:\/\/imecaf.com\/blog\/wp-json\/wp\/v2\/categories?post=16208"},{"taxonomy":"post_tag","embeddable":true,"href":"https:\/\/imecaf.com\/blog\/wp-json\/wp\/v2\/tags?post=16208"}],"curies":[{"name":"wp","href":"https:\/\/api.w.org\/{rel}","templated":true}]}}