{"id":16535,"date":"2024-12-12T18:10:20","date_gmt":"2024-12-13T00:10:20","guid":{"rendered":"http:\/\/imecaf.com\/blog\/?p=16535"},"modified":"2026-04-13T12:51:30","modified_gmt":"2026-04-13T18:51:30","slug":"liderazgo-autocratico","status":"publish","type":"post","link":"https:\/\/imecaf.com\/blog\/2024\/12\/12\/liderazgo-autocratico\/","title":{"rendered":"Liderazgo Autocr\u00e1tico: \u00bfClave para la eficiencia o un modelo obsoleto?"},"content":{"rendered":"<span class=\"span-reading-time rt-reading-time\" style=\"display: block;\"><span class=\"rt-label rt-prefix\">Tiempo de lectura:<\/span> <span class=\"rt-time\"> 12<\/span> <span class=\"rt-label rt-postfix\">minutos<\/span><\/span><div class=\"wp-block-image\">\n<figure class=\"aligncenter size-full\"><img loading=\"lazy\" decoding=\"async\" width=\"1000\" height=\"600\" src=\"http:\/\/imecaf.com\/blog\/wp-content\/uploads\/Liderazgo-Autocratico-1.jpg\" alt=\"Liderazgo Autocr\u00e1tico\" class=\"wp-image-16536\" srcset=\"https:\/\/imecaf.com\/blog\/wp-content\/uploads\/Liderazgo-Autocratico-1.jpg 1000w, https:\/\/imecaf.com\/blog\/wp-content\/uploads\/Liderazgo-Autocratico-1-300x180.jpg 300w, https:\/\/imecaf.com\/blog\/wp-content\/uploads\/Liderazgo-Autocratico-1-768x461.jpg 768w\" sizes=\"auto, (max-width: 1000px) 100vw, 1000px\" \/><\/figure>\n<\/div>\n\n\n<p>El liderazgo autocr\u00e1tico ha generado debates durante d\u00e9cadas. Para algunos, es una herramienta efectiva para mantener el control en situaciones cr\u00edticas; para otros, representa una pr\u00e1ctica r\u00edgida y limitante. \u00bfPero qu\u00e9 es realmente este estilo de liderazgo y en qu\u00e9 contextos puede ser \u00fatil? Este art\u00edculo te ayudar\u00e1 a comprenderlo en profundidad, desde sus fundamentos hasta su comparaci\u00f3n con otros tipos de liderazgo.<br><\/p>\n\n\n\n<hr class=\"wp-block-separator has-text-color has-cyan-bluish-gray-color has-alpha-channel-opacity has-cyan-bluish-gray-background-color has-background is-style-default\"\/>\n\n\n\n<h2 class=\"wp-block-heading\"><strong>\u00bfQu\u00e9 es el liderazgo autocr\u00e1tico?<\/strong><\/h2>\n\n\n\n<p>El liderazgo autocr\u00e1tico es un estilo de direcci\u00f3n caracterizado por la concentraci\u00f3n del poder y la toma de decisiones exclusivamente en manos del<a href=\"http:\/\/imecaf.com\/blog\/2024\/05\/10\/jefe-vs-lider-las-diferencias-cruciales-en-la-direccion-de-equipos\/\"> <strong>l\u00edder<\/strong><\/a>. En este enfoque, el l\u00edder ejerce un control total sobre su equipo, dictando las reglas, estableciendo las metas y exigiendo su cumplimiento sin cuestionamientos. Este estilo se basa en una jerarqu\u00eda estricta y una comunicaci\u00f3n predominantemente unidireccional, donde las instrucciones fluyen desde la cima hacia los niveles inferiores, minimizando las oportunidades de retroalimentaci\u00f3n.<\/p>\n\n\n\n<p>A diferencia de estilos m\u00e1s participativos, el liderazgo autocr\u00e1tico prioriza la eficiencia y los resultados por encima de las relaciones interpersonales o la colaboraci\u00f3n. Su enfoque centralizado permite una implementaci\u00f3n r\u00e1pida de decisiones, lo que resulta especialmente \u00fatil en situaciones de alta presi\u00f3n o en sectores donde la precisi\u00f3n y la disciplina son esenciales, como el \u00e1mbito m\u00e9dico en situaciones de emergencia o el control de tr\u00e1fico a\u00e9reo.<\/p>\n\n\n\n<hr class=\"wp-block-separator has-text-color has-cyan-bluish-gray-color has-alpha-channel-opacity has-cyan-bluish-gray-background-color has-background\"\/>\n\n\n\n<div class=\"wp-block-cover is-light has-medium-font-size wp-duotone-unset-1\"><span aria-hidden=\"true\" class=\"wp-block-cover__background has-cyan-bluish-gray-background-color has-background-dim-100 has-background-dim\"><\/span><div class=\"wp-block-cover__inner-container is-layout-constrained wp-block-cover-is-layout-constrained\">\n<h2 class=\"wp-block-heading has-text-align-center has-black-color has-text-color has-link-color has-medium-font-size wp-elements-0d76daa9e7dbd34dec3dd4f16b444338\"><strong>Origen e historia del liderazgo autocr\u00e1tico&nbsp;<\/strong><\/h2>\n\n\n\n<p class=\"has-black-color has-text-color has-link-color has-small-font-size wp-elements-89aa67a2d02baca96edfbf26b7f32067\">El liderazgo autocr\u00e1tico tiene sus ra\u00edces en los sistemas jer\u00e1rquicos de la antig\u00fcedad, particularmente en las monarqu\u00edas absolutas y las estructuras militares, donde la centralizaci\u00f3n del poder era crucial para mantener el orden y garantizar la supervivencia de los grupos. En estas sociedades, la autoridad incuestionable de un l\u00edder era considerada esencial no solo para la<a href=\"https:\/\/imecaf.com\/41\"> <strong>toma de decisiones<\/strong><\/a> r\u00e1pidas, sino tambi\u00e9n para la ejecuci\u00f3n eficiente de estrategias en contextos complejos, como guerras o la administraci\u00f3n de grandes territorios.<\/p>\n\n\n<div class=\"wp-block-image\">\n<figure class=\"aligncenter size-full is-resized\"><img loading=\"lazy\" decoding=\"async\" width=\"900\" height=\"600\" src=\"http:\/\/imecaf.com\/blog\/wp-content\/uploads\/origen-e-historia-del-liderazgo-autocratico.jpg\" alt=\"Liderazgo Autocr\u00e1tico - Origenes e Historia\" class=\"wp-image-16537\" style=\"width:535px;height:auto\" srcset=\"https:\/\/imecaf.com\/blog\/wp-content\/uploads\/origen-e-historia-del-liderazgo-autocratico.jpg 900w, https:\/\/imecaf.com\/blog\/wp-content\/uploads\/origen-e-historia-del-liderazgo-autocratico-300x200.jpg 300w, https:\/\/imecaf.com\/blog\/wp-content\/uploads\/origen-e-historia-del-liderazgo-autocratico-768x512.jpg 768w\" sizes=\"auto, (max-width: 900px) 100vw, 900px\" \/><\/figure>\n<\/div>\n\n\n<p class=\"has-black-color has-text-color has-link-color has-small-font-size wp-elements-ded0876248cc9dcda35828c78a29bccf\"><br>Durante la Revoluci\u00f3n Industrial, este modelo encontr\u00f3 un nuevo campo de aplicaci\u00f3n en las f\u00e1bricas y l\u00edneas de producci\u00f3n, donde la supervisi\u00f3n estricta y el cumplimiento riguroso de normas eran indispensables para maximizar la eficiencia y evitar errores que pudieran comprometer los resultados.<\/p>\n\n\n\n<p class=\"has-text-align-left has-black-color has-text-color has-link-color has-small-font-size wp-elements-e756dc1528091de121ed061d7cdf9d5a\">En la era moderna, el liderazgo autocr\u00e1tico se ha consolidado en sectores como la manufactura, la construcci\u00f3n, las fuerzas armadas y la gesti\u00f3n de crisis, donde la precisi\u00f3n, la disciplina y el control centralizado son fundamentales para alcanzar los objetivos. Aunque su enfoque puede parecer r\u00edgido, en ciertos entornos sigue siendo una herramienta valiosa para garantizar resultados r\u00e1pidos y predecibles.<\/p>\n<\/div><\/div>\n\n\n\n<hr class=\"wp-block-separator has-text-color has-cyan-bluish-gray-color has-alpha-channel-opacity has-cyan-bluish-gray-background-color has-background is-style-default\"\/>\n\n\n\n<figure class=\"wp-block-embed is-type-video is-provider-youtube wp-block-embed-youtube wp-embed-aspect-9-16 wp-has-aspect-ratio\"><div class=\"wp-block-embed__wrapper\">\n<iframe loading=\"lazy\" title=\"Caracteristicas clave del liderazgo autocr\u00e1tico.mp4\" width=\"563\" height=\"1000\" src=\"https:\/\/www.youtube.com\/embed\/WYSfKbP9-EY?feature=oembed\" frameborder=\"0\" allow=\"accelerometer; autoplay; clipboard-write; encrypted-media; gyroscope; picture-in-picture; web-share\" referrerpolicy=\"strict-origin-when-cross-origin\" allowfullscreen><\/iframe>\n<\/div><\/figure>\n\n\n\n<h2 class=\"wp-block-heading\"><strong>Caracter\u00edsticas principales del liderazgo autocr\u00e1tico<\/strong><\/h2>\n\n\n\n<p>El liderazgo autocr\u00e1tico se distingue por una serie de caracter\u00edsticas clave que lo hacen \u00fanico en comparaci\u00f3n con otros estilos de liderazgo. Estas cualidades permiten que este enfoque sea altamente efectivo en determinados contextos, aunque a veces tambi\u00e9n limitan su aplicabilidad en entornos m\u00e1s colaborativos. Las caracter\u00edsticas principales del liderazgo autocr\u00e1tico incluyen:<\/p>\n\n\n\n<div class=\"wp-block-media-text is-stacked-on-mobile is-image-fill-element\" style=\"grid-template-columns:26% auto\"><figure class=\"wp-block-media-text__media\"><img loading=\"lazy\" decoding=\"async\" width=\"691\" height=\"1024\" src=\"http:\/\/imecaf.com\/blog\/wp-content\/uploads\/caracteristicas-principales-del-liderazgo-autocratico-1-691x1024.jpg\" alt=\"Liderazgo Autocr\u00e1tico - Caracter\u00edsticas Principales\" class=\"wp-image-16539 size-full\" style=\"object-position:50% 50%\" srcset=\"https:\/\/imecaf.com\/blog\/wp-content\/uploads\/caracteristicas-principales-del-liderazgo-autocratico-1-691x1024.jpg 691w, https:\/\/imecaf.com\/blog\/wp-content\/uploads\/caracteristicas-principales-del-liderazgo-autocratico-1-203x300.jpg 203w, https:\/\/imecaf.com\/blog\/wp-content\/uploads\/caracteristicas-principales-del-liderazgo-autocratico-1-768x1138.jpg 768w, https:\/\/imecaf.com\/blog\/wp-content\/uploads\/caracteristicas-principales-del-liderazgo-autocratico-1-1037x1536.jpg 1037w, https:\/\/imecaf.com\/blog\/wp-content\/uploads\/caracteristicas-principales-del-liderazgo-autocratico-1.jpg 1080w\" sizes=\"auto, (max-width: 691px) 100vw, 691px\" \/><\/figure><div class=\"wp-block-media-text__content\">\n<p><strong>Toma de decisiones unilateral. <\/strong>El liderazgo autocr\u00e1tico permite decisiones r\u00e1pidas y precisas al centralizar la responsabilidad en el l\u00edder, siendo clave en situaciones de emergencia o alta presi\u00f3n.<\/p>\n\n\n\n<p><strong>Control centralizado. <\/strong>El liderazgo autocr\u00e1tico centraliza el poder en el l\u00edder, permitiendo un control riguroso, supervisi\u00f3n precisa y consistencia en la implementaci\u00f3n de su visi\u00f3n en toda la organizaci\u00f3n.<\/p>\n\n\n\n<p><strong>Enfoque en la disciplina. <\/strong>El liderazgo autocr\u00e1tico prioriza el cumplimiento estricto de reglas, promoviendo orden y eficiencia, aunque a costa de flexibilidad e innovaci\u00f3n ante cambios imprevistos.<\/p>\n\n\n\n<p><strong>Jerarqu\u00eda r\u00edgida. <\/strong>El liderazgo autocr\u00e1tico se basa en una jerarqu\u00eda clara que facilita la asignaci\u00f3n de tareas y la gesti\u00f3n, pero limita la autonom\u00eda de los empleados al concentrar la toma de decisiones en los niveles superiores.<\/p>\n\n\n\n<p><strong>Comunicaci\u00f3n descendente. <\/strong>En el liderazgo autocr\u00e1tico, la comunicaci\u00f3n fluye de arriba hacia abajo, con instrucciones claras del l\u00edder, pero sin retroalimentaci\u00f3n, lo que limita la participaci\u00f3n de los empleados. Aunque restringe la influencia de los empleados, es eficiente en contextos donde el control y la ejecuci\u00f3n son cruciales.<\/p>\n<\/div><\/div>\n\n\n\n<hr class=\"wp-block-separator has-text-color has-cyan-bluish-gray-color has-alpha-channel-opacity has-cyan-bluish-gray-background-color has-background\"\/>\n\n\n\n<h2 class=\"wp-block-heading\"><strong>Ventajas del liderazgo autocr\u00e1tico<\/strong><\/h2>\n\n\n\n<p>A pesar de las cr\u00edticas y la percepci\u00f3n negativa que puede generar este estilo de liderazgo en entornos donde se valoran la participaci\u00f3n y la colaboraci\u00f3n, el liderazgo autocr\u00e1tico presenta varias ventajas, especialmente en contextos espec\u00edficos. Algunas de las principales ventajas incluyen:<\/p>\n\n\n\n<div class=\"wp-block-media-text is-stacked-on-mobile is-vertically-aligned-center\" style=\"grid-template-columns:30% auto\"><figure class=\"wp-block-media-text__media\"><img loading=\"lazy\" decoding=\"async\" width=\"400\" height=\"400\" src=\"http:\/\/imecaf.com\/blog\/wp-content\/uploads\/toma-de-decisiones-rapida-y-efectiva.jpg\" alt=\"Liderazgo Autocr\u00e1tico - Toma de Decisiones  R\u00e1pida y Efectiva\" class=\"wp-image-16540 size-full\" srcset=\"https:\/\/imecaf.com\/blog\/wp-content\/uploads\/toma-de-decisiones-rapida-y-efectiva.jpg 400w, https:\/\/imecaf.com\/blog\/wp-content\/uploads\/toma-de-decisiones-rapida-y-efectiva-300x300.jpg 300w, https:\/\/imecaf.com\/blog\/wp-content\/uploads\/toma-de-decisiones-rapida-y-efectiva-150x150.jpg 150w, https:\/\/imecaf.com\/blog\/wp-content\/uploads\/toma-de-decisiones-rapida-y-efectiva-120x120.jpg 120w\" sizes=\"auto, (max-width: 400px) 100vw, 400px\" \/><\/figure><div class=\"wp-block-media-text__content\">\n<h3 class=\"wp-block-heading\"><strong>Toma de decisiones r\u00e1pida y efectiva<\/strong><\/h3>\n\n\n\n<p>Uno de los beneficios m\u00e1s notables del liderazgo autocr\u00e1tico es la rapidez con la que se toman las decisiones. Al concentrar la autoridad en una sola persona, se elimina la necesidad de consultas grupales, lo que acelera el proceso de<strong> <a href=\"https:\/\/imecaf.com\/41\">toma de decisiones<\/a><\/strong>. Esto es crucial en situaciones de emergencia, donde el tiempo es un factor determinante y se requieren respuestas inmediatas. Este enfoque permite una acci\u00f3n r\u00e1pida y un liderazgo claro sin la dilaci\u00f3n que puede generar un proceso de toma de decisiones colaborativo.<\/p>\n<\/div><\/div>\n\n\n\n<div class=\"wp-block-media-text is-stacked-on-mobile is-vertically-aligned-center\" style=\"grid-template-columns:30% auto\"><figure class=\"wp-block-media-text__media\"><img loading=\"lazy\" decoding=\"async\" width=\"400\" height=\"400\" src=\"http:\/\/imecaf.com\/blog\/wp-content\/uploads\/orden-y-estabilidad.jpg\" alt=\"Liderazgo Autocr\u00e1tico - Orden y Estabilidad\" class=\"wp-image-16541 size-full\" srcset=\"https:\/\/imecaf.com\/blog\/wp-content\/uploads\/orden-y-estabilidad.jpg 400w, https:\/\/imecaf.com\/blog\/wp-content\/uploads\/orden-y-estabilidad-300x300.jpg 300w, https:\/\/imecaf.com\/blog\/wp-content\/uploads\/orden-y-estabilidad-150x150.jpg 150w, https:\/\/imecaf.com\/blog\/wp-content\/uploads\/orden-y-estabilidad-120x120.jpg 120w\" sizes=\"auto, (max-width: 400px) 100vw, 400px\" \/><\/figure><div class=\"wp-block-media-text__content\">\n<h3 class=\"wp-block-heading\"><strong>Orden y estabilidad<\/strong><\/h3>\n\n\n\n<p>El liderazgo autocr\u00e1tico puede garantizar un alto nivel de orden dentro de la organizaci\u00f3n, especialmente cuando la estructura jer\u00e1rquica est\u00e1 bien definida. En entornos organizativos con procesos rigurosos, este estilo asegura que todos los miembros del equipo sigan las reglas y procedimientos establecidos, lo que contribuye a la estabilidad operativa. Esto es particularmente valioso en sectores como la gesti\u00f3n de operaciones en plantas nucleares o la log\u00edstica en centros de distribuci\u00f3n, donde la adherencia a procedimientos estandarizados es esencial para alcanzar los objetivos a corto plazo de manera eficiente.<\/p>\n<\/div><\/div>\n\n\n\n<div class=\"wp-block-media-text is-stacked-on-mobile is-vertically-aligned-center\" style=\"grid-template-columns:30% auto\"><figure class=\"wp-block-media-text__media\"><img loading=\"lazy\" decoding=\"async\" width=\"400\" height=\"400\" src=\"http:\/\/imecaf.com\/blog\/wp-content\/uploads\/adecuado-para-tareas-especificas.jpg\" alt=\"Liderazgo Autocr\u00e1tico - Adecuado para tareas espec\u00edficas\" class=\"wp-image-16542 size-full\" srcset=\"https:\/\/imecaf.com\/blog\/wp-content\/uploads\/adecuado-para-tareas-especificas.jpg 400w, https:\/\/imecaf.com\/blog\/wp-content\/uploads\/adecuado-para-tareas-especificas-300x300.jpg 300w, https:\/\/imecaf.com\/blog\/wp-content\/uploads\/adecuado-para-tareas-especificas-150x150.jpg 150w, https:\/\/imecaf.com\/blog\/wp-content\/uploads\/adecuado-para-tareas-especificas-120x120.jpg 120w\" sizes=\"auto, (max-width: 400px) 100vw, 400px\" \/><\/figure><div class=\"wp-block-media-text__content\">\n<h3 class=\"wp-block-heading\"><strong>Adecuado para tareas espec\u00edficas<\/strong><\/h3>\n\n\n\n<p>En contextos donde las tareas requieren precisi\u00f3n y est\u00e1ndares rigurosos, como en las l\u00edneas de ensamblaje, la fabricaci\u00f3n de productos o en el sector militar, el liderazgo autocr\u00e1tico ofrece una clara ventaja. La centralizaci\u00f3n del poder y la disciplina que impone este estilo de liderazgo aseguran que las tareas se realicen seg\u00fan los est\u00e1ndares establecidos, sin margen para desviaciones que puedan comprometer la calidad o la seguridad. Este tipo de liderazgo es especialmente adecuado para trabajos repetitivos o en ambientes que requieren un control constante.<\/p>\n<\/div><\/div>\n\n\n\n<div class=\"wp-block-media-text is-stacked-on-mobile\" style=\"grid-template-columns:30% auto\"><figure class=\"wp-block-media-text__media\"><img loading=\"lazy\" decoding=\"async\" width=\"400\" height=\"400\" src=\"http:\/\/imecaf.com\/blog\/wp-content\/uploads\/responsabilidad-centralizada.jpg\" alt=\"Liderazgo Autocr\u00e1tico - Responsabilidad Centralizada\" class=\"wp-image-16543 size-full\" srcset=\"https:\/\/imecaf.com\/blog\/wp-content\/uploads\/responsabilidad-centralizada.jpg 400w, https:\/\/imecaf.com\/blog\/wp-content\/uploads\/responsabilidad-centralizada-300x300.jpg 300w, https:\/\/imecaf.com\/blog\/wp-content\/uploads\/responsabilidad-centralizada-150x150.jpg 150w, https:\/\/imecaf.com\/blog\/wp-content\/uploads\/responsabilidad-centralizada-120x120.jpg 120w\" sizes=\"auto, (max-width: 400px) 100vw, 400px\" \/><\/figure><div class=\"wp-block-media-text__content\">\n<h3 class=\"wp-block-heading\"><strong>Responsabilidad centralizada<\/strong><\/h3>\n\n\n\n<p>Una ventaja adicional del liderazgo autocr\u00e1tico es la clara asignaci\u00f3n de responsabilidades. En este estilo de liderazgo, el l\u00edder es el \u00fanico responsable de las decisiones tomadas, lo que elimina cualquier ambig\u00fcedad sobre qui\u00e9n es responsable de los resultados. Esto puede ser beneficioso cuando es necesario tomar decisiones r\u00e1pidas y contundentes, ya que la rendici\u00f3n de cuentas est\u00e1 claramente definida, lo que facilita la evaluaci\u00f3n de los \u00e9xitos y fracasos.<\/p>\n<\/div><\/div>\n\n\n\n<div class=\"wp-block-media-text is-stacked-on-mobile\" style=\"grid-template-columns:30% auto\"><figure class=\"wp-block-media-text__media\"><img loading=\"lazy\" decoding=\"async\" width=\"400\" height=\"400\" src=\"http:\/\/imecaf.com\/blog\/wp-content\/uploads\/resultados-inmediatos.jpg\" alt=\"Liderazgo Autocr\u00e1tico - Resultados Inmediatos\" class=\"wp-image-16544 size-full\" srcset=\"https:\/\/imecaf.com\/blog\/wp-content\/uploads\/resultados-inmediatos.jpg 400w, https:\/\/imecaf.com\/blog\/wp-content\/uploads\/resultados-inmediatos-300x300.jpg 300w, https:\/\/imecaf.com\/blog\/wp-content\/uploads\/resultados-inmediatos-150x150.jpg 150w, https:\/\/imecaf.com\/blog\/wp-content\/uploads\/resultados-inmediatos-120x120.jpg 120w\" sizes=\"auto, (max-width: 400px) 100vw, 400px\" \/><\/figure><div class=\"wp-block-media-text__content\">\n<h3 class=\"wp-block-heading\"><strong>Resultados inmediatos<\/strong><\/h3>\n\n\n\n<p>Cuando una organizaci\u00f3n necesita resultados r\u00e1pidos, especialmente en situaciones de alto riesgo o bajo presi\u00f3n, el liderazgo autocr\u00e1tico puede ser extremadamente eficaz. Al eliminar las deliberaciones y centrar la atenci\u00f3n en la ejecuci\u00f3n inmediata, este estilo asegura que el equipo se mantenga enfocado en las tareas esenciales para cumplir con los objetivos de corto plazo. Esto es \u00fatil en sectores donde la rapidez y la eficiencia son cruciales, como en situaciones de gesti\u00f3n de crisis o en industrias con demandas urgentes.<\/p>\n<\/div><\/div>\n\n\n\n<hr class=\"wp-block-separator aligncenter has-text-color has-cyan-bluish-gray-color has-alpha-channel-opacity has-cyan-bluish-gray-background-color has-background is-style-default\"\/>\n\n\n\n<h2 class=\"wp-block-heading\"><strong>Desventajas del liderazgo autocr\u00e1tico<\/strong><\/h2>\n\n\n\n<p>A pesar de sus ventajas en contextos espec\u00edficos, el liderazgo autocr\u00e1tico tambi\u00e9n presenta una serie de desventajas significativas que pueden afectar la din\u00e1mica organizacional, la moral del equipo y la sostenibilidad a largo plazo. Algunas de las principales desventajas incluyen:<\/p>\n\n\n\n<div class=\"wp-block-media-text has-media-on-the-right is-stacked-on-mobile is-vertically-aligned-center\" style=\"grid-template-columns:auto 30%\"><div class=\"wp-block-media-text__content\">\n<h3 class=\"wp-block-heading\"><strong>Falta de creatividad e innovaci\u00f3n<\/strong><\/h3>\n\n\n\n<p>El liderazgo autocr\u00e1tico tiende a suprimir la <a href=\"https:\/\/imecaf.com\/514\"><strong>creatividad<\/strong><\/a> y la innovaci\u00f3n debido a la falta de participaci\u00f3n activa del equipo en el proceso de toma de decisiones. Cuando los empleados no tienen oportunidad de compartir sus ideas o de influir en las decisiones, esto puede resultar en una falta de frescura en las soluciones y enfoques. En sectores que requieren pensamiento creativo y soluciones innovadoras, la falta de colaboraci\u00f3n puede ser un obst\u00e1culo para el progreso y la adaptaci\u00f3n al cambio.<\/p>\n<\/div><figure class=\"wp-block-media-text__media\"><img loading=\"lazy\" decoding=\"async\" width=\"400\" height=\"400\" src=\"http:\/\/imecaf.com\/blog\/wp-content\/uploads\/falta-de-creatividad-e-innovacion.jpg\" alt=\"Liderazgo Autocr\u00e1tico - Falta de creatividad e innovaci\u00f3n\" class=\"wp-image-16545 size-full\" srcset=\"https:\/\/imecaf.com\/blog\/wp-content\/uploads\/falta-de-creatividad-e-innovacion.jpg 400w, https:\/\/imecaf.com\/blog\/wp-content\/uploads\/falta-de-creatividad-e-innovacion-300x300.jpg 300w, https:\/\/imecaf.com\/blog\/wp-content\/uploads\/falta-de-creatividad-e-innovacion-150x150.jpg 150w, https:\/\/imecaf.com\/blog\/wp-content\/uploads\/falta-de-creatividad-e-innovacion-120x120.jpg 120w\" sizes=\"auto, (max-width: 400px) 100vw, 400px\" \/><\/figure><\/div>\n\n\n\n<div class=\"wp-block-media-text has-media-on-the-right is-stacked-on-mobile\" style=\"grid-template-columns:auto 30%\"><div class=\"wp-block-media-text__content\">\n<h3 class=\"wp-block-heading\"><strong>Desmotivaci\u00f3n del equipo<\/strong><\/h3>\n\n\n\n<p>Los empleados que trabajan bajo un estilo autocr\u00e1tico pueden sentirse desmotivados si no se sienten valorados o escuchados. La falta de autonom\u00eda y la percepci\u00f3n de ser simples ejecutores de \u00f3rdenes pueden disminuir el compromiso y la moral del equipo. La desmotivaci\u00f3n puede llevar a una disminuci\u00f3n en la productividad y a un aumento en los conflictos internos, lo que afecta negativamente la cohesi\u00f3n del grupo.<\/p>\n<\/div><figure class=\"wp-block-media-text__media\"><img loading=\"lazy\" decoding=\"async\" width=\"400\" height=\"400\" src=\"http:\/\/imecaf.com\/blog\/wp-content\/uploads\/desmotivacion-del-equipo.jpg\" alt=\"Liderazgo Autocr\u00e1tico - Desmotivaci\u00f3n del equipo\" class=\"wp-image-16546 size-full\" srcset=\"https:\/\/imecaf.com\/blog\/wp-content\/uploads\/desmotivacion-del-equipo.jpg 400w, https:\/\/imecaf.com\/blog\/wp-content\/uploads\/desmotivacion-del-equipo-300x300.jpg 300w, https:\/\/imecaf.com\/blog\/wp-content\/uploads\/desmotivacion-del-equipo-150x150.jpg 150w, https:\/\/imecaf.com\/blog\/wp-content\/uploads\/desmotivacion-del-equipo-120x120.jpg 120w\" sizes=\"auto, (max-width: 400px) 100vw, 400px\" \/><\/figure><\/div>\n\n\n\n<div class=\"wp-block-media-text has-media-on-the-right is-stacked-on-mobile\" style=\"grid-template-columns:auto 30%\"><div class=\"wp-block-media-text__content\">\n<h3 class=\"wp-block-heading\"><strong>Riesgo de dependencia<\/strong><\/h3>\n\n\n\n<p>En un entorno autocr\u00e1tico, los subordinados pueden volverse dependientes del l\u00edder para tomar cualquier decisi\u00f3n, lo que limita su capacidad de actuar de forma aut\u00f3noma. Esto puede afectar la agilidad y la flexibilidad del equipo, ya que los empleados dependen de la aprobaci\u00f3n del l\u00edder para avanzar en las tareas. Adem\u00e1s, cuando el l\u00edder no est\u00e1 presente o disponible, la organizaci\u00f3n puede enfrentarse a un freno en la toma de decisiones y en la ejecuci\u00f3n de proyectos.<\/p>\n<\/div><figure class=\"wp-block-media-text__media\"><img loading=\"lazy\" decoding=\"async\" width=\"400\" height=\"400\" src=\"http:\/\/imecaf.com\/blog\/wp-content\/uploads\/riesgo-de-dependencia.jpg\" alt=\"Liderazgo Autocr\u00e1tico - Riesgo de dependencia\" class=\"wp-image-16547 size-full\" srcset=\"https:\/\/imecaf.com\/blog\/wp-content\/uploads\/riesgo-de-dependencia.jpg 400w, https:\/\/imecaf.com\/blog\/wp-content\/uploads\/riesgo-de-dependencia-300x300.jpg 300w, https:\/\/imecaf.com\/blog\/wp-content\/uploads\/riesgo-de-dependencia-150x150.jpg 150w, https:\/\/imecaf.com\/blog\/wp-content\/uploads\/riesgo-de-dependencia-120x120.jpg 120w\" sizes=\"auto, (max-width: 400px) 100vw, 400px\" \/><\/figure><\/div>\n\n\n\n<div class=\"wp-block-media-text has-media-on-the-right is-stacked-on-mobile\" style=\"grid-template-columns:auto 30%\"><div class=\"wp-block-media-text__content\">\n<h3 class=\"wp-block-heading\"><strong>Alta rotaci\u00f3n de personal<\/strong><\/h3>\n\n\n\n<p>La falta de participaci\u00f3n y la percepci\u00f3n de un entorno de trabajo controlado pueden llevar a una mayor insatisfacci\u00f3n laboral entre los empleados. En muchos casos, la insatisfacci\u00f3n prolongada en un entorno autocr\u00e1tico puede resultar en una alta <a href=\"https:\/\/imecaf.com\/267\"><strong>rotaci\u00f3n de personal<\/strong><\/a>, lo cual implica costos adicionales para la organizaci\u00f3n relacionados con la contrataci\u00f3n, la capacitaci\u00f3n y la p\u00e9rdida de conocimiento institucional. La constante necesidad de adaptarse a nuevos empleados puede, a largo plazo, afectar la estabilidad y eficiencia organizacional.<\/p>\n<\/div><figure class=\"wp-block-media-text__media\"><img loading=\"lazy\" decoding=\"async\" width=\"400\" height=\"400\" src=\"http:\/\/imecaf.com\/blog\/wp-content\/uploads\/alta-rotacion-de-personal.jpg\" alt=\"Liderazgo Autocr\u00e1tico - Alta rotaci\u00f3n de personal\" class=\"wp-image-16548 size-full\" srcset=\"https:\/\/imecaf.com\/blog\/wp-content\/uploads\/alta-rotacion-de-personal.jpg 400w, https:\/\/imecaf.com\/blog\/wp-content\/uploads\/alta-rotacion-de-personal-300x300.jpg 300w, https:\/\/imecaf.com\/blog\/wp-content\/uploads\/alta-rotacion-de-personal-150x150.jpg 150w, https:\/\/imecaf.com\/blog\/wp-content\/uploads\/alta-rotacion-de-personal-120x120.jpg 120w\" sizes=\"auto, (max-width: 400px) 100vw, 400px\" \/><\/figure><\/div>\n\n\n\n<div class=\"wp-block-media-text has-media-on-the-right is-stacked-on-mobile\" style=\"grid-template-columns:auto 30%\"><div class=\"wp-block-media-text__content\">\n<h3 class=\"wp-block-heading\"><strong>Conflictos internos<\/strong><\/h3>\n\n\n\n<p>El enfoque autoritario del liderazgo autocr\u00e1tico puede generar tensiones y conflictos entre los empleados, especialmente cuando las decisiones del l\u00edder no son bien recibidas. Los equipos diversos, con diferentes perspectivas y habilidades, pueden sentirse frustrados por la falta de voz en el proceso de toma de decisiones, lo que puede llevar a fricciones dentro del grupo. Estos conflictos pueden reducir la cohesi\u00f3n del equipo y, en \u00faltima instancia, afectar la moral y la productividad general de la organizaci\u00f3n.<\/p>\n<\/div><figure class=\"wp-block-media-text__media\"><img loading=\"lazy\" decoding=\"async\" width=\"400\" height=\"400\" src=\"http:\/\/imecaf.com\/blog\/wp-content\/uploads\/conflictos-internos.jpg\" alt=\"Liderazgo Autocr\u00e1tico - Conflictos internos\" class=\"wp-image-16549 size-full\" srcset=\"https:\/\/imecaf.com\/blog\/wp-content\/uploads\/conflictos-internos.jpg 400w, https:\/\/imecaf.com\/blog\/wp-content\/uploads\/conflictos-internos-300x300.jpg 300w, https:\/\/imecaf.com\/blog\/wp-content\/uploads\/conflictos-internos-150x150.jpg 150w, https:\/\/imecaf.com\/blog\/wp-content\/uploads\/conflictos-internos-120x120.jpg 120w\" sizes=\"auto, (max-width: 400px) 100vw, 400px\" \/><\/figure><\/div>\n\n\n\n<hr class=\"wp-block-separator has-text-color has-cyan-bluish-gray-color has-alpha-channel-opacity has-cyan-bluish-gray-background-color has-background\"\/>\n\n\n\n<h2 class=\"wp-block-heading\"><strong>Comparaci\u00f3n con otros estilos de liderazgo<\/strong><\/h2>\n\n\n\n<p>El liderazgo autocr\u00e1tico es solo uno de varios estilos de liderazgo. A continuaci\u00f3n, te presentamos una tabla detallada que compara este estilo con otros modelos populares:<\/p>\n\n\n\n<figure class=\"wp-block-table alignwide is-style-stripes\" style=\"font-size:10px\"><table class=\"has-black-color has-cyan-bluish-gray-background-color has-text-color has-background has-link-color has-fixed-layout\"><thead><tr><th class=\"has-text-align-left\" data-align=\"left\"><strong>Aspecto<\/strong><\/th><th class=\"has-text-align-left\" data-align=\"left\"><strong>Autocr\u00e1tico<\/strong><\/th><th class=\"has-text-align-left\" data-align=\"left\"><strong>Democr\u00e1tico<\/strong><\/th><th class=\"has-text-align-left\" data-align=\"left\"><strong>Transformacional<\/strong><\/th><th class=\"has-text-align-left\" data-align=\"left\"><strong>Laissez-Faire<\/strong><\/th><th class=\"has-text-align-left\" data-align=\"left\"><strong>Carism\u00e1tico<\/strong><\/th><\/tr><\/thead><tbody><tr><td class=\"has-text-align-left\" data-align=\"left\"><strong>Toma <\/strong><br><strong>de decisiones<\/strong><\/td><td class=\"has-text-align-left\" data-align=\"left\">Centralizada<\/td><td class=\"has-text-align-left\" data-align=\"left\">Participativa<\/td><td class=\"has-text-align-left\" data-align=\"left\">Inspiradora<\/td><td class=\"has-text-align-left\" data-align=\"left\">Delegada<\/td><td class=\"has-text-align-left\" data-align=\"left\">Centralizada en el l\u00edder<\/td><\/tr><tr><td class=\"has-text-align-left\" data-align=\"left\"><strong><strong>Flexibilidad<\/strong><\/strong><\/td><td class=\"has-text-align-left\" data-align=\"left\">Baja<\/td><td class=\"has-text-align-left\" data-align=\"left\">Moderada<\/td><td class=\"has-text-align-left\" data-align=\"left\">Alta<\/td><td class=\"has-text-align-left\" data-align=\"left\">Muy alta<\/td><td class=\"has-text-align-left\" data-align=\"left\">Moderada<\/td><\/tr><tr><td class=\"has-text-align-left\" data-align=\"left\"><strong>Creatividad<\/strong><\/td><td class=\"has-text-align-left\" data-align=\"left\">Limitada<\/td><td class=\"has-text-align-left\" data-align=\"left\">Promovida<\/td><td class=\"has-text-align-left\" data-align=\"left\">Altamente valorada<\/td><td class=\"has-text-align-left\" data-align=\"left\">Libre<\/td><td class=\"has-text-align-left\" data-align=\"left\">Moderada<\/td><\/tr><tr><td class=\"has-text-align-left\" data-align=\"left\"><strong>Control<\/strong><\/td><td class=\"has-text-align-left\" data-align=\"left\">Estricto<\/td><td class=\"has-text-align-left\" data-align=\"left\">Equilibrado<\/td><td class=\"has-text-align-left\" data-align=\"left\">Basado en la confianza<\/td><td class=\"has-text-align-left\" data-align=\"left\">M\u00ednimo<\/td><td class=\"has-text-align-left\" data-align=\"left\">Basado en la admiraci\u00f3n<\/td><\/tr><tr><td class=\"has-text-align-left\" data-align=\"left\"><strong>Relaci\u00f3n <\/strong><br><strong>l\u00edder-equipo<\/strong><\/td><td class=\"has-text-align-left\" data-align=\"left\">Distante<\/td><td class=\"has-text-align-left\" data-align=\"left\">Colaborativa<\/td><td class=\"has-text-align-left\" data-align=\"left\">Inspiradora<\/td><td class=\"has-text-align-left\" data-align=\"left\">Independiente<\/td><td class=\"has-text-align-left\" data-align=\"left\">Inspiradora<\/td><\/tr><tr><td class=\"has-text-align-left\" data-align=\"left\"><strong>Uso ideal<\/strong><\/td><td class=\"has-text-align-left\" data-align=\"left\">Emergencias o crisis<\/td><td class=\"has-text-align-left\" data-align=\"left\">Proyectos colaborativos<\/td><td class=\"has-text-align-left\" data-align=\"left\">Cambios organizacionales<\/td><td class=\"has-text-align-left\" data-align=\"left\">Equipos aut\u00f3nomos<\/td><td class=\"has-text-align-left\" data-align=\"left\">Contextos motivacionales<\/td><\/tr><\/tbody><\/table><\/figure>\n\n\n\n<hr class=\"wp-block-separator has-text-color has-cyan-bluish-gray-color has-alpha-channel-opacity has-cyan-bluish-gray-background-color has-background\"\/>\n\n\n\n<h2 class=\"wp-block-heading\"><strong>Sectores donde el liderazgo autocr\u00e1tico marca la diferencia<\/strong><\/h2>\n\n\n\n<p>El liderazgo autocr\u00e1tico, aunque frecuentemente asociado con un enfoque r\u00edgido y controlado, tiene aplicaciones valiosas en una variedad de contextos donde la eficiencia, la claridad y el cumplimiento de normas son cruciales. A continuaci\u00f3n, se detallan algunos sectores y situaciones en los que este estilo de liderazgo puede ser particularmente efectivo:<\/p>\n\n\n\n<details class=\"wp-block-details is-layout-flow wp-block-details-is-layout-flow\"><summary><strong>1. Control de tr\u00e1fico a\u00e9reo<\/strong><\/summary>\n<div class=\"wp-block-media-text is-stacked-on-mobile\" style=\"grid-template-columns:25% auto\"><figure class=\"wp-block-media-text__media\"><img loading=\"lazy\" decoding=\"async\" width=\"400\" height=\"400\" src=\"http:\/\/imecaf.com\/blog\/wp-content\/uploads\/control-del-trafico-aereo-1.jpg\" alt=\"Control de tr\u00e1fico a\u00e9reo\" class=\"wp-image-16551 size-full\" srcset=\"https:\/\/imecaf.com\/blog\/wp-content\/uploads\/control-del-trafico-aereo-1.jpg 400w, https:\/\/imecaf.com\/blog\/wp-content\/uploads\/control-del-trafico-aereo-1-300x300.jpg 300w, https:\/\/imecaf.com\/blog\/wp-content\/uploads\/control-del-trafico-aereo-1-150x150.jpg 150w, https:\/\/imecaf.com\/blog\/wp-content\/uploads\/control-del-trafico-aereo-1-120x120.jpg 120w\" sizes=\"auto, (max-width: 400px) 100vw, 400px\" \/><\/figure><div class=\"wp-block-media-text__content\">\n<p>En el \u00e1mbito del control de tr\u00e1fico a\u00e9reo, donde cada decisi\u00f3n impacta directamente en la seguridad de cientos de personas, el liderazgo autocr\u00e1tico es esencial. Este estilo asegura una toma de decisiones r\u00e1pida y centralizada, minimizando riesgos y garantizando que las instrucciones se sigan al pie de la letra en un entorno donde no hay margen para el error.<\/p>\n<\/div><\/div>\n<\/details>\n\n\n\n<details class=\"wp-block-details is-layout-flow wp-block-details-is-layout-flow\"><summary><strong>2. Gesti\u00f3n de emergencias<\/strong><\/summary>\n<div class=\"wp-block-media-text is-stacked-on-mobile\" style=\"grid-template-columns:25% auto\"><figure class=\"wp-block-media-text__media\"><img loading=\"lazy\" decoding=\"async\" width=\"400\" height=\"400\" src=\"http:\/\/imecaf.com\/blog\/wp-content\/uploads\/gestion-de-emergencias.jpg\" alt=\"Gesti\u00f3n de Emergencias\" class=\"wp-image-16552 size-full\" srcset=\"https:\/\/imecaf.com\/blog\/wp-content\/uploads\/gestion-de-emergencias.jpg 400w, https:\/\/imecaf.com\/blog\/wp-content\/uploads\/gestion-de-emergencias-300x300.jpg 300w, https:\/\/imecaf.com\/blog\/wp-content\/uploads\/gestion-de-emergencias-150x150.jpg 150w, https:\/\/imecaf.com\/blog\/wp-content\/uploads\/gestion-de-emergencias-120x120.jpg 120w\" sizes=\"auto, (max-width: 400px) 100vw, 400px\" \/><\/figure><div class=\"wp-block-media-text__content\">\n<p>Durante desastres naturales, emergencias sanitarias o crisis econ\u00f3micas, un liderazgo autocr\u00e1tico permite responder con rapidez y precisi\u00f3n. La centralizaci\u00f3n de decisiones ayuda a movilizar recursos de manera eficiente y a asignar tareas sin demoras, asegurando una respuesta coordinada que minimice da\u00f1os y riesgos.<br><\/p>\n<\/div><\/div>\n<\/details>\n\n\n\n<details class=\"wp-block-details is-layout-flow wp-block-details-is-layout-flow\"><summary><strong>3. Industrias de alto riesgo<\/strong><\/summary>\n<div class=\"wp-block-media-text is-stacked-on-mobile\" style=\"grid-template-columns:25% auto\"><figure class=\"wp-block-media-text__media\"><img loading=\"lazy\" decoding=\"async\" width=\"400\" height=\"400\" src=\"http:\/\/imecaf.com\/blog\/wp-content\/uploads\/industrias-de-alto-riesgo.jpg\" alt=\"Industrias de alto riesgo\" class=\"wp-image-16553 size-full\" srcset=\"https:\/\/imecaf.com\/blog\/wp-content\/uploads\/industrias-de-alto-riesgo.jpg 400w, https:\/\/imecaf.com\/blog\/wp-content\/uploads\/industrias-de-alto-riesgo-300x300.jpg 300w, https:\/\/imecaf.com\/blog\/wp-content\/uploads\/industrias-de-alto-riesgo-150x150.jpg 150w, https:\/\/imecaf.com\/blog\/wp-content\/uploads\/industrias-de-alto-riesgo-120x120.jpg 120w\" sizes=\"auto, (max-width: 400px) 100vw, 400px\" \/><\/figure><div class=\"wp-block-media-text__content\">\n<p>Sectores como la miner\u00eda, las plantas nucleares y la construcci\u00f3n se benefician de un liderazgo autocr\u00e1tico debido a los riesgos inherentes a estas actividades. En estos entornos, la seguridad es una prioridad absoluta, y un enfoque centralizado garantiza el cumplimiento estricto de protocolos y normas, reduciendo accidentes y mejorando la eficiencia operativa.<\/p>\n<\/div><\/div>\n<\/details>\n\n\n\n<details class=\"wp-block-details is-layout-flow wp-block-details-is-layout-flow\"><summary><strong>4. Sector m\u00e9dico<\/strong><\/summary>\n<div class=\"wp-block-media-text is-stacked-on-mobile\" style=\"grid-template-columns:25% auto\"><figure class=\"wp-block-media-text__media\"><img loading=\"lazy\" decoding=\"async\" width=\"400\" height=\"400\" src=\"http:\/\/imecaf.com\/blog\/wp-content\/uploads\/sector-medico.jpg\" alt=\"Sector m\u00e9dico\" class=\"wp-image-16554 size-full\" srcset=\"https:\/\/imecaf.com\/blog\/wp-content\/uploads\/sector-medico.jpg 400w, https:\/\/imecaf.com\/blog\/wp-content\/uploads\/sector-medico-300x300.jpg 300w, https:\/\/imecaf.com\/blog\/wp-content\/uploads\/sector-medico-150x150.jpg 150w, https:\/\/imecaf.com\/blog\/wp-content\/uploads\/sector-medico-120x120.jpg 120w\" sizes=\"auto, (max-width: 400px) 100vw, 400px\" \/><\/figure><div class=\"wp-block-media-text__content\">\n<p>En \u00e1reas como las salas de cirug\u00eda o unidades de cuidados intensivos, donde la vida de los pacientes depende de decisiones r\u00e1pidas y precisas, el liderazgo autocr\u00e1tico es crucial. Este estilo asegura que cada miembro del equipo m\u00e9dico siga instrucciones claras, manteniendo un alto nivel de disciplina para evitar errores cr\u00edticos.<br><\/p>\n<\/div><\/div>\n<\/details>\n\n\n\n<details class=\"wp-block-details is-layout-flow wp-block-details-is-layout-flow\"><summary><strong>5. \u00c1mbito deportivo<\/strong><\/summary>\n<div class=\"wp-block-media-text is-stacked-on-mobile\" style=\"grid-template-columns:25% auto\"><figure class=\"wp-block-media-text__media\"><img loading=\"lazy\" decoding=\"async\" width=\"400\" height=\"400\" src=\"http:\/\/imecaf.com\/blog\/wp-content\/uploads\/ambito-deportivo.jpg\" alt=\"\u00c1mbito deportivo\" class=\"wp-image-16555 size-full\" srcset=\"https:\/\/imecaf.com\/blog\/wp-content\/uploads\/ambito-deportivo.jpg 400w, https:\/\/imecaf.com\/blog\/wp-content\/uploads\/ambito-deportivo-300x300.jpg 300w, https:\/\/imecaf.com\/blog\/wp-content\/uploads\/ambito-deportivo-150x150.jpg 150w, https:\/\/imecaf.com\/blog\/wp-content\/uploads\/ambito-deportivo-120x120.jpg 120w\" sizes=\"auto, (max-width: 400px) 100vw, 400px\" \/><\/figure><div class=\"wp-block-media-text__content\">\n<p>En deportes de equipo, el liderazgo autocr\u00e1tico puede ser eficaz para implementar estrategias bajo presi\u00f3n y mantener el enfoque del grupo. Un entrenador con este estilo tiene la capacidad de tomar decisiones r\u00e1pidas y directas, asegurando que cada jugador cumpla su rol en situaciones de alta competitividad.<br><\/p>\n<\/div><\/div>\n<\/details>\n\n\n\n<details class=\"wp-block-details is-layout-flow wp-block-details-is-layout-flow\"><summary><strong>6. Log\u00edstica y <\/strong><a href=\"https:\/\/imecaf.com\/339\"><strong>cadenas de suministro<\/strong><\/a><\/summary>\n<div class=\"wp-block-media-text is-stacked-on-mobile\" style=\"grid-template-columns:25% auto\"><figure class=\"wp-block-media-text__media\"><img loading=\"lazy\" decoding=\"async\" width=\"400\" height=\"400\" src=\"http:\/\/imecaf.com\/blog\/wp-content\/uploads\/logistica-y-cadena-de-suministro-1.jpg\" alt=\"\" class=\"wp-image-16556 size-full\" srcset=\"https:\/\/imecaf.com\/blog\/wp-content\/uploads\/logistica-y-cadena-de-suministro-1.jpg 400w, https:\/\/imecaf.com\/blog\/wp-content\/uploads\/logistica-y-cadena-de-suministro-1-300x300.jpg 300w, https:\/\/imecaf.com\/blog\/wp-content\/uploads\/logistica-y-cadena-de-suministro-1-150x150.jpg 150w, https:\/\/imecaf.com\/blog\/wp-content\/uploads\/logistica-y-cadena-de-suministro-1-120x120.jpg 120w\" sizes=\"auto, (max-width: 400px) 100vw, 400px\" \/><\/figure><div class=\"wp-block-media-text__content\">\n<p>En centros de distribuci\u00f3n y sistemas log\u00edsticos, donde la puntualidad y la precisi\u00f3n son clave, el liderazgo autocr\u00e1tico asegura que los procedimientos estandarizados se cumplan estrictamente. Esto es fundamental para coordinar tareas en tiempo r\u00e9cord y cumplir con los objetivos establecidos.<\/p>\n<\/div><\/div>\n<\/details>\n\n\n\n<details class=\"wp-block-details is-layout-flow wp-block-details-is-layout-flow\"><summary><strong>7. Exploraci\u00f3n espacial<\/strong><\/summary>\n<div class=\"wp-block-media-text is-stacked-on-mobile\" style=\"grid-template-columns:25% auto\"><figure class=\"wp-block-media-text__media\"><img loading=\"lazy\" decoding=\"async\" width=\"400\" height=\"400\" src=\"http:\/\/imecaf.com\/blog\/wp-content\/uploads\/exploracion-espacial.jpg\" alt=\"\" class=\"wp-image-16557 size-full\" srcset=\"https:\/\/imecaf.com\/blog\/wp-content\/uploads\/exploracion-espacial.jpg 400w, https:\/\/imecaf.com\/blog\/wp-content\/uploads\/exploracion-espacial-300x300.jpg 300w, https:\/\/imecaf.com\/blog\/wp-content\/uploads\/exploracion-espacial-150x150.jpg 150w, https:\/\/imecaf.com\/blog\/wp-content\/uploads\/exploracion-espacial-120x120.jpg 120w\" sizes=\"auto, (max-width: 400px) 100vw, 400px\" \/><\/figure><div class=\"wp-block-media-text__content\">\n<p>En misiones espaciales, donde las decisiones cr\u00edticas deben ser tomadas con rapidez y precisi\u00f3n, el liderazgo autocr\u00e1tico es indispensable. Este estilo asegura la coordinaci\u00f3n efectiva de equipos altamente especializados y el cumplimiento estricto de protocolos, garantizando el \u00e9xito de operaciones de alta complejidad.<\/p>\n<\/div><\/div>\n<\/details>\n\n\n\n<details class=\"wp-block-details is-layout-flow wp-block-details-is-layout-flow\"><summary><strong>8. Proyectos de corto plazo<\/strong><\/summary>\n<div class=\"wp-block-media-text is-stacked-on-mobile\" style=\"grid-template-columns:25% auto\"><figure class=\"wp-block-media-text__media\"><img loading=\"lazy\" decoding=\"async\" width=\"400\" height=\"400\" src=\"http:\/\/imecaf.com\/blog\/wp-content\/uploads\/proyectos-de-corto-plazo.jpg\" alt=\"\" class=\"wp-image-16558 size-full\" srcset=\"https:\/\/imecaf.com\/blog\/wp-content\/uploads\/proyectos-de-corto-plazo.jpg 400w, https:\/\/imecaf.com\/blog\/wp-content\/uploads\/proyectos-de-corto-plazo-300x300.jpg 300w, https:\/\/imecaf.com\/blog\/wp-content\/uploads\/proyectos-de-corto-plazo-150x150.jpg 150w, https:\/\/imecaf.com\/blog\/wp-content\/uploads\/proyectos-de-corto-plazo-120x120.jpg 120w\" sizes=\"auto, (max-width: 400px) 100vw, 400px\" \/><\/figure><div class=\"wp-block-media-text__content\">\n<p>En proyectos con plazos ajustados, como campa\u00f1as publicitarias o lanzamientos de productos, el liderazgo autocr\u00e1tico ayuda a evitar desviaciones y asegura que el equipo se enfoque en cumplir los objetivos dentro del tiempo establecido. La toma de decisiones centralizada agiliza el proceso y minimiza retrasos causados por discusiones o falta de consenso.<br><\/p>\n<\/div><\/div>\n<\/details>\n\n\n\n<details class=\"wp-block-details is-layout-flow wp-block-details-is-layout-flow\"><summary><strong>9. Pol\u00edtica en contextos cr\u00edticos<\/strong><\/summary>\n<div class=\"wp-block-media-text is-stacked-on-mobile\" style=\"grid-template-columns:25% auto\"><figure class=\"wp-block-media-text__media\"><img loading=\"lazy\" decoding=\"async\" width=\"400\" height=\"400\" src=\"http:\/\/imecaf.com\/blog\/wp-content\/uploads\/politica-en-contextos-criticos.jpg\" alt=\"\" class=\"wp-image-16559 size-full\" srcset=\"https:\/\/imecaf.com\/blog\/wp-content\/uploads\/politica-en-contextos-criticos.jpg 400w, https:\/\/imecaf.com\/blog\/wp-content\/uploads\/politica-en-contextos-criticos-300x300.jpg 300w, https:\/\/imecaf.com\/blog\/wp-content\/uploads\/politica-en-contextos-criticos-150x150.jpg 150w, https:\/\/imecaf.com\/blog\/wp-content\/uploads\/politica-en-contextos-criticos-120x120.jpg 120w\" sizes=\"auto, (max-width: 400px) 100vw, 400px\" \/><\/figure><div class=\"wp-block-media-text__content\">\n<p>En momentos de crisis pol\u00edtica o emergencia nacional, un l\u00edder autocr\u00e1tico puede unificar esfuerzos y garantizar una acci\u00f3n r\u00e1pida y eficaz. Este estilo permite una toma de decisiones directa, evitando retrasos en situaciones donde la inmediatez es clave para mantener la estabilidad.<br><\/p>\n<\/div><\/div>\n<\/details>\n\n\n\n<p>El liderazgo autocr\u00e1tico, cuando se aplica en contextos apropiados, puede ser una herramienta poderosa para mantener el orden, la precisi\u00f3n y la eficiencia, incluso en los escenarios m\u00e1s desafiantes. Sin embargo, es fundamental equilibrarlo con el contexto y las necesidades de los equipos para evitar efectos negativos a largo plazo.<\/p>\n\n\n\n<hr class=\"wp-block-separator has-text-color has-cyan-bluish-gray-color has-alpha-channel-opacity has-cyan-bluish-gray-background-color has-background\"\/>\n\n\n\n<h2 class=\"wp-block-heading\"><strong>Estrategias para equilibrar el liderazgo autocr\u00e1tico<\/strong><\/h2>\n\n\n\n<p>Aunque el liderazgo autocr\u00e1tico puede ser \u00fatil en contextos espec\u00edficos, sus efectos negativos sobre la motivaci\u00f3n, la creatividad y la autonom\u00eda del equipo pueden ser perjudiciales a largo plazo si no se manejan con cuidado. Para maximizar la efectividad de este estilo de liderazgo sin comprometer el bienestar y la productividad del equipo, es fundamental adoptar ciertas estrategias que promuevan un ambiente de trabajo m\u00e1s equilibrado.<\/p>\n\n\n\n<div class=\"wp-block-media-text is-stacked-on-mobile\" style=\"grid-template-columns:35% auto\"><figure class=\"wp-block-media-text__media\"><img loading=\"lazy\" decoding=\"async\" width=\"400\" height=\"400\" src=\"http:\/\/imecaf.com\/blog\/wp-content\/uploads\/fomenta-la-comunicacion-abierta.jpg\" alt=\"Liderazgo Autocr\u00e1tico - Fomenta la comunicaci\u00f3n abierta\" class=\"wp-image-16560 size-full\" srcset=\"https:\/\/imecaf.com\/blog\/wp-content\/uploads\/fomenta-la-comunicacion-abierta.jpg 400w, https:\/\/imecaf.com\/blog\/wp-content\/uploads\/fomenta-la-comunicacion-abierta-300x300.jpg 300w, https:\/\/imecaf.com\/blog\/wp-content\/uploads\/fomenta-la-comunicacion-abierta-150x150.jpg 150w, https:\/\/imecaf.com\/blog\/wp-content\/uploads\/fomenta-la-comunicacion-abierta-120x120.jpg 120w\" sizes=\"auto, (max-width: 400px) 100vw, 400px\" \/><\/figure><div class=\"wp-block-media-text__content\">\n<h3 class=\"wp-block-heading\"><strong>Fomenta la comunicaci\u00f3n abierta<\/strong><\/h3>\n\n\n\n<p>Aunque el liderazgo autocr\u00e1tico es inherentemente centralizado, fomentar una <a href=\"https:\/\/imecaf.com\/347\"><strong>comunicaci\u00f3n<\/strong><\/a> abierta y un entorno en el que los empleados puedan expresar sus opiniones y preocupaciones puede mitigar los efectos negativos de este enfoque. A trav\u00e9s de reuniones peri\u00f3dicas, encuestas an\u00f3nimas o sesiones de retroalimentaci\u00f3n, los l\u00edderes pueden obtener informaci\u00f3n valiosa sobre el clima organizacional y detectar \u00e1reas de mejora. La comunicaci\u00f3n bidireccional ayuda a reducir la resistencia y a aumentar el compromiso, incluso dentro de un sistema de liderazgo jer\u00e1rquico.<\/p>\n<\/div><\/div>\n\n\n\n<div class=\"wp-block-media-text has-media-on-the-right is-stacked-on-mobile\" style=\"grid-template-columns:auto 35%\"><div class=\"wp-block-media-text__content\">\n<h3 class=\"wp-block-heading\"><strong>Reconoce los logros<\/strong><\/h3>\n\n\n\n<p>El reconocimiento de los logros es fundamental para mantener la moral alta en un ambiente autocr\u00e1tico. Dado que los empleados pueden sentirse desmotivados si sus esfuerzos no son reconocidos, es importante que el l\u00edder exprese aprecio por el trabajo bien hecho. El reconocimiento puede ser tanto verbal como tangible, ya sea mediante recompensas, promociones o simplemente mediante un agradecimiento p\u00fablico. Este tipo de reconocimiento no solo motiva a los empleados, sino que tambi\u00e9n refuerza el sentido de pertenencia al equipo, lo que mejora la cohesi\u00f3n y la productividad.<\/p>\n<\/div><figure class=\"wp-block-media-text__media\"><img loading=\"lazy\" decoding=\"async\" width=\"400\" height=\"400\" src=\"http:\/\/imecaf.com\/blog\/wp-content\/uploads\/Reconoce-los-logros.jpg\" alt=\"Liderazgo Autocr\u00e1tico - Reconoce los logros\" class=\"wp-image-16561 size-full\" srcset=\"https:\/\/imecaf.com\/blog\/wp-content\/uploads\/Reconoce-los-logros.jpg 400w, https:\/\/imecaf.com\/blog\/wp-content\/uploads\/Reconoce-los-logros-300x300.jpg 300w, https:\/\/imecaf.com\/blog\/wp-content\/uploads\/Reconoce-los-logros-150x150.jpg 150w, https:\/\/imecaf.com\/blog\/wp-content\/uploads\/Reconoce-los-logros-120x120.jpg 120w\" sizes=\"auto, (max-width: 400px) 100vw, 400px\" \/><\/figure><\/div>\n\n\n\n<div class=\"wp-block-media-text is-stacked-on-mobile\" style=\"grid-template-columns:35% auto\"><figure class=\"wp-block-media-text__media\"><img loading=\"lazy\" decoding=\"async\" width=\"400\" height=\"400\" src=\"http:\/\/imecaf.com\/blog\/wp-content\/uploads\/capacita-a-los-empleados.jpg\" alt=\"Liderazgo Autocr\u00e1tico - Capacita a los empleados\" class=\"wp-image-16562 size-full\" srcset=\"https:\/\/imecaf.com\/blog\/wp-content\/uploads\/capacita-a-los-empleados.jpg 400w, https:\/\/imecaf.com\/blog\/wp-content\/uploads\/capacita-a-los-empleados-300x300.jpg 300w, https:\/\/imecaf.com\/blog\/wp-content\/uploads\/capacita-a-los-empleados-150x150.jpg 150w, https:\/\/imecaf.com\/blog\/wp-content\/uploads\/capacita-a-los-empleados-120x120.jpg 120w\" sizes=\"auto, (max-width: 400px) 100vw, 400px\" \/><\/figure><div class=\"wp-block-media-text__content\">\n<h3 class=\"wp-block-heading\"><strong>Capacita a los empleados<\/strong><\/h3>\n\n\n\n<p>Una forma de evitar la desventaja de la dependencia que puede generar el liderazgo autocr\u00e1tico es invertir en la capacitaci\u00f3n de los empleados para que puedan asumir m\u00e1s responsabilidades y actuar de manera aut\u00f3noma. Al desarrollar sus habilidades y proporcionarles la oportunidad de aprender nuevas competencias, el l\u00edder no solo mejora el rendimiento del equipo, sino que tambi\u00e9n fomenta la confianza y la independencia. Esto es crucial para garantizar que los empleados no se sientan atrapados en una din\u00e1mica de control absoluto, sino que, a largo plazo, puedan asumir roles de liderazgo por s\u00ed mismos.<\/p>\n<\/div><\/div>\n\n\n\n<div class=\"wp-block-media-text has-media-on-the-right is-stacked-on-mobile\" style=\"grid-template-columns:auto 35%\"><div class=\"wp-block-media-text__content\">\n<h3 class=\"wp-block-heading\"><strong>Adapta el enfoque seg\u00fan el contexto<\/strong><\/h3>\n\n\n\n<p>El liderazgo autocr\u00e1tico no debe aplicarse de manera r\u00edgida e inflexible en todas las situaciones. Es importante que los l\u00edderes sepan cu\u00e1ndo adoptar un enfoque m\u00e1s colaborativo o participativo, especialmente cuando se trata de tareas que requieren creatividad, innovaci\u00f3n o soluciones complejas. Una estrategia eficaz es combinar elementos autocr\u00e1ticos con pr\u00e1cticas m\u00e1s flexibles cuando la situaci\u00f3n lo permita. Esto puede incluir, por ejemplo, delegar responsabilidades en \u00e1reas donde se necesita experiencia o creatividad, mientras que en otras \u00e1reas mantener el control estricto y la toma de decisiones centralizada. Esta adaptabilidad permite que el l\u00edder optimice los beneficios del estilo autocr\u00e1tico sin perder de vista la importancia de la autonom\u00eda y la participaci\u00f3n del equipo.<\/p>\n<\/div><figure class=\"wp-block-media-text__media\"><img loading=\"lazy\" decoding=\"async\" width=\"400\" height=\"400\" src=\"http:\/\/imecaf.com\/blog\/wp-content\/uploads\/adapta-el-enfoque-segun-el-contexto.jpg\" alt=\"Liderazgo Autocr\u00e1tico - Adapta el enfoque seg\u00fan el contexto\" class=\"wp-image-16563 size-full\" srcset=\"https:\/\/imecaf.com\/blog\/wp-content\/uploads\/adapta-el-enfoque-segun-el-contexto.jpg 400w, https:\/\/imecaf.com\/blog\/wp-content\/uploads\/adapta-el-enfoque-segun-el-contexto-300x300.jpg 300w, https:\/\/imecaf.com\/blog\/wp-content\/uploads\/adapta-el-enfoque-segun-el-contexto-150x150.jpg 150w, https:\/\/imecaf.com\/blog\/wp-content\/uploads\/adapta-el-enfoque-segun-el-contexto-120x120.jpg 120w\" sizes=\"auto, (max-width: 400px) 100vw, 400px\" \/><\/figure><\/div>\n\n\n\n<p>Al implementar estas estrategias, el liderazgo autocr\u00e1tico puede mantenerse efectivo y eficiente en entornos que lo requieren, al mismo tiempo que se mitigan los riesgos de alienaci\u00f3n y desmotivaci\u00f3n que suelen acompa\u00f1ar a este estilo de direcci\u00f3n.<br><\/p>\n\n\n\n<hr class=\"wp-block-separator has-text-color has-cyan-bluish-gray-color has-alpha-channel-opacity has-cyan-bluish-gray-background-color has-background\"\/>\n\n\n\n<h2 class=\"wp-block-heading\"><strong>El liderazgo autocr\u00e1tico en la actualidad<\/strong><\/h2>\n\n\n\n<p>En el entorno organizacional actual, donde se prioriza la colaboraci\u00f3n, la flexibilidad y la innovaci\u00f3n, el liderazgo autocr\u00e1tico enfrenta limitaciones, ya que los empleados valoran m\u00e1s la autonom\u00eda, el desarrollo personal y la participaci\u00f3n en decisiones. Sin embargo, este enfoque sigue siendo \u00fatil cuando se combina con estilos m\u00e1s inclusivos. Muchas organizaciones adoptan un modelo h\u00edbrido, aplicando el liderazgo autocr\u00e1tico en tareas operativas mientras fomentan la colaboraci\u00f3n en \u00e1reas estrat\u00e9gicas o creativas. Este equilibrio maximiza la eficiencia y el compromiso del <a href=\"http:\/\/imecaf.com\/blog\/2024\/11\/12\/trabajo-en-equipo\/\"><strong>equipo<\/strong><\/a>, permitiendo enfrentar desaf\u00edos de manera m\u00e1s efectiva y lograr un mejor rendimiento.<\/p>\n\n\n\n<hr class=\"wp-block-separator has-text-color has-cyan-bluish-gray-color has-alpha-channel-opacity has-cyan-bluish-gray-background-color has-background\"\/>\n\n\n\n<div class=\"wp-block-media-text is-stacked-on-mobile\" style=\"grid-template-columns:30% auto\"><figure class=\"wp-block-media-text__media\"><img loading=\"lazy\" decoding=\"async\" width=\"691\" height=\"1024\" src=\"http:\/\/imecaf.com\/blog\/wp-content\/uploads\/conclusion-liderazgo-autocratico-1-691x1024.jpg\" alt=\"Conclusi\u00f3n\" class=\"wp-image-16572 size-full\" srcset=\"https:\/\/imecaf.com\/blog\/wp-content\/uploads\/conclusion-liderazgo-autocratico-1-691x1024.jpg 691w, https:\/\/imecaf.com\/blog\/wp-content\/uploads\/conclusion-liderazgo-autocratico-1-203x300.jpg 203w, https:\/\/imecaf.com\/blog\/wp-content\/uploads\/conclusion-liderazgo-autocratico-1-768x1138.jpg 768w, https:\/\/imecaf.com\/blog\/wp-content\/uploads\/conclusion-liderazgo-autocratico-1-1037x1536.jpg 1037w, https:\/\/imecaf.com\/blog\/wp-content\/uploads\/conclusion-liderazgo-autocratico-1.jpg 1080w\" sizes=\"auto, (max-width: 691px) 100vw, 691px\" \/><\/figure><div class=\"wp-block-media-text__content\">\n<h2 class=\"wp-block-heading\"><strong>Conclusi\u00f3n<\/strong><\/h2>\n\n\n\n<p>El liderazgo autocr\u00e1tico, cuando se aplica en el contexto adecuado, puede ser un estilo de direcci\u00f3n altamente efectivo. Sin embargo, su naturaleza r\u00edgida y centralizada requiere un uso cauteloso y adaptado a las circunstancias, para evitar efectos negativos. Los l\u00edderes modernos deben ser capaces de reconocer cu\u00e1ndo este enfoque es \u00fatil y cu\u00e1ndo es necesario equilibrarlo con otras estrategias m\u00e1s colaborativas y participativas.<\/p>\n\n\n\n<p>Si deseas profundizar m\u00e1s en c\u00f3mo aplicar un liderazgo efectivo en tu organizaci\u00f3n, te invitamos a explorar nuestro <a href=\"https:\/\/imecaf.com\/42\"><strong>Curso de Liderazgo<\/strong><\/a>. Adem\u00e1s, en nuestro blog, encontrar\u00e1s art\u00edculos valiosos sobre diferentes <a href=\"http:\/\/imecaf.com\/blog\/2024\/02\/21\/que-es-liderazgo\/\"><strong>estilos de liderazgo<\/strong><\/a>, estrategias para potenciar tu capacidad directiva y c\u00f3mo adaptarte a los desaf\u00edos actuales del entorno laboral. \u00a1No dudes en consultar nuestros recursos y compartir tus experiencias sobre el tema!<\/p>\n<\/div><\/div>\n\n\n<figure class=\"wp-block-image alignleft\"><a href=\"http:\/\/imecaf.com\/blog\/wp-content\/uploads\/Liderazgo-Autocratico.pdf\"><img decoding=\"async\"  style=\"width: 303px; height: auto;\" src=\"http:\/\/imecaf.com\/blog\/wp-content\/uploads\/Descargar-PDF-e1708732610860-1024x317.png\" alt=\"Liderazgo Autocr\u00e1tico - Descargar PDF\"\/><\/a><\/figure>","protected":false},"excerpt":{"rendered":"<p>El liderazgo autocr\u00e1tico ha generado debates durante d\u00e9cadas. Para algunos, es una herramienta efectiva para mantener el control en situaciones cr\u00edticas; para otros, representa una pr\u00e1ctica r\u00edgida y limitante. \u00bfPero qu\u00e9 es realmente este estilo de liderazgo y en qu\u00e9 contextos puede ser \u00fatil? Este art\u00edculo te ayudar\u00e1 a comprenderlo en profundidad, desde sus fundamentos &#8230; <a title=\"Liderazgo Autocr\u00e1tico: \u00bfClave para la eficiencia o un modelo obsoleto?\" class=\"read-more\" href=\"https:\/\/imecaf.com\/blog\/2024\/12\/12\/liderazgo-autocratico\/\">Leer m\u00e1s <span class=\"screen-reader-text\">Liderazgo Autocr\u00e1tico: \u00bfClave para la eficiencia o un modelo obsoleto?<\/span><\/a><\/p>\n","protected":false},"author":2,"featured_media":16536,"comment_status":"open","ping_status":"closed","sticky":false,"template":"","format":"standard","meta":{"footnotes":""},"categories":[476,10],"tags":[11104,11099,11103,11101,11100,11091,6809,11098,11093,1146,3897,8856,11096,11097,8007,11090,4898,4605,11102,11094,11095,1059,11092],"class_list":["post-16535","post","type-post","status-publish","format-standard","has-post-thumbnail","hentry","category-articulos-desarrollohumano","category-desarrollohumano","tag-adaptacion","tag-alta-rotacion","tag-capacitar-empleados","tag-comunicacion-abierta","tag-conflictos-internos","tag-control-centralizado","tag-dependencia","tag-desmotivacion","tag-desventajas","tag-disciplina","tag-eficiencia","tag-estabilidad","tag-falta-de-creatividad","tag-falta-de-innovacion","tag-jerarquia","tag-liderazgo-autocratico","tag-orden","tag-rapidez","tag-reconocer-logros","tag-responsabilidad-centralizada","tag-resultados-inmediatos","tag-toma-de-decisiones","tag-ventajas"],"yoast_head":"<!-- This site is optimized with the Yoast SEO plugin v27.4 - https:\/\/yoast.com\/product\/yoast-seo-wordpress\/ -->\n<title>Liderazgo Autocr\u00e1tico - IMECAF - Blog<\/title>\n<meta name=\"description\" content=\"Explora a fondo el liderazgo autocr\u00e1tico: sus caracter\u00edsticas, ventajas, desventajas y aplicaciones en contextos cr\u00edticos y sectores clave.\" \/>\n<meta name=\"robots\" content=\"index, follow, max-snippet:-1, max-image-preview:large, max-video-preview:-1\" \/>\n<link rel=\"canonical\" href=\"https:\/\/imecaf.com\/blog\/2024\/12\/12\/liderazgo-autocratico\/\" \/>\n<meta property=\"og:locale\" content=\"es_ES\" \/>\n<meta property=\"og:type\" content=\"article\" \/>\n<meta property=\"og:title\" content=\"Liderazgo Autocr\u00e1tico: \u00bfClave para la eficiencia o un modelo obsoleto?\" \/>\n<meta property=\"og:description\" content=\"Explora a fondo el liderazgo autocr\u00e1tico: sus caracter\u00edsticas, ventajas, desventajas y aplicaciones en contextos cr\u00edticos y sectores clave.\" \/>\n<meta property=\"og:url\" content=\"https:\/\/imecaf.com\/blog\/2024\/12\/12\/liderazgo-autocratico\/\" \/>\n<meta property=\"og:site_name\" content=\"IMECAF - Blog\" \/>\n<meta property=\"article:publisher\" content=\"https:\/\/www.facebook.com\/IMECAF\" \/>\n<meta property=\"article:published_time\" content=\"2024-12-13T00:10:20+00:00\" \/>\n<meta property=\"article:modified_time\" content=\"2026-04-13T18:51:30+00:00\" \/>\n<meta property=\"og:image\" content=\"http:\/\/imecaf.com\/blog\/wp-content\/uploads\/Liderazgo-Autocratico-1.jpg\" \/>\n\t<meta property=\"og:image:width\" content=\"1000\" \/>\n\t<meta property=\"og:image:height\" content=\"600\" \/>\n\t<meta property=\"og:image:type\" content=\"image\/jpeg\" \/>\n<meta name=\"author\" content=\"Equipo de IMECAF\" \/>\n<meta name=\"twitter:card\" content=\"summary_large_image\" \/>\n<meta name=\"twitter:title\" content=\"Liderazgo Autocr\u00e1tico: \u00bfClave para la eficiencia o un modelo obsoleto?\" \/>\n<meta name=\"twitter:description\" content=\"Explora a fondo el liderazgo autocr\u00e1tico: sus caracter\u00edsticas, ventajas, desventajas y aplicaciones en contextos cr\u00edticos y sectores clave.\" \/>\n<meta name=\"twitter:image\" content=\"https:\/\/imecaf.com\/blog\/wp-content\/uploads\/Liderazgo-Autocratico-1.jpg\" \/>\n<meta name=\"twitter:creator\" content=\"@imecaf\" \/>\n<meta name=\"twitter:site\" content=\"@imecaf\" \/>\n<meta name=\"twitter:label1\" content=\"Escrito por\" \/>\n\t<meta name=\"twitter:data1\" content=\"Equipo de IMECAF\" \/>\n\t<meta name=\"twitter:label2\" content=\"Tiempo de lectura\" \/>\n\t<meta name=\"twitter:data2\" content=\"20 minutos\" \/>\n<script type=\"application\/ld+json\" class=\"yoast-schema-graph\">{\"@context\":\"https:\\\/\\\/schema.org\",\"@graph\":[{\"@type\":\"Article\",\"@id\":\"https:\\\/\\\/imecaf.com\\\/blog\\\/2024\\\/12\\\/12\\\/liderazgo-autocratico\\\/#article\",\"isPartOf\":{\"@id\":\"https:\\\/\\\/imecaf.com\\\/blog\\\/2024\\\/12\\\/12\\\/liderazgo-autocratico\\\/\"},\"author\":{\"name\":\"Equipo de IMECAF\",\"@id\":\"https:\\\/\\\/imecaf.com\\\/blog\\\/#\\\/schema\\\/person\\\/a69b9f3972250aa0b1fdb798f094b4c7\"},\"headline\":\"Liderazgo Autocr\u00e1tico: \u00bfClave para la eficiencia o un modelo obsoleto?\",\"datePublished\":\"2024-12-13T00:10:20+00:00\",\"dateModified\":\"2026-04-13T18:51:30+00:00\",\"mainEntityOfPage\":{\"@id\":\"https:\\\/\\\/imecaf.com\\\/blog\\\/2024\\\/12\\\/12\\\/liderazgo-autocratico\\\/\"},\"wordCount\":3273,\"commentCount\":0,\"publisher\":{\"@id\":\"https:\\\/\\\/imecaf.com\\\/blog\\\/#organization\"},\"image\":{\"@id\":\"https:\\\/\\\/imecaf.com\\\/blog\\\/2024\\\/12\\\/12\\\/liderazgo-autocratico\\\/#primaryimage\"},\"thumbnailUrl\":\"https:\\\/\\\/imecaf.com\\\/blog\\\/wp-content\\\/uploads\\\/Liderazgo-Autocratico-1.jpg\",\"keywords\":[\"adaptacion\",\"alta rotacion\",\"capacitar empleados\",\"comunicacion abierta\",\"conflictos internos\",\"control centralizado\",\"dependencia\",\"desmotivacion\",\"desventajas\",\"disciplina\",\"eficiencia\",\"estabilidad\",\"falta de creatividad\",\"falta de innovacion\",\"jerarquia\",\"liderazgo autocratico\",\"orden\",\"rapidez\",\"reconocer logros\",\"responsabilidad centralizada\",\"resultados inmediatos\",\"toma de decisiones\",\"ventajas\"],\"articleSection\":[\"Art\u00edculos\",\"Desarrollo Humano\"],\"inLanguage\":\"es\",\"potentialAction\":[{\"@type\":\"CommentAction\",\"name\":\"Comment\",\"target\":[\"https:\\\/\\\/imecaf.com\\\/blog\\\/2024\\\/12\\\/12\\\/liderazgo-autocratico\\\/#respond\"]}]},{\"@type\":\"WebPage\",\"@id\":\"https:\\\/\\\/imecaf.com\\\/blog\\\/2024\\\/12\\\/12\\\/liderazgo-autocratico\\\/\",\"url\":\"https:\\\/\\\/imecaf.com\\\/blog\\\/2024\\\/12\\\/12\\\/liderazgo-autocratico\\\/\",\"name\":\"Liderazgo Autocr\u00e1tico - IMECAF - Blog\",\"isPartOf\":{\"@id\":\"https:\\\/\\\/imecaf.com\\\/blog\\\/#website\"},\"primaryImageOfPage\":{\"@id\":\"https:\\\/\\\/imecaf.com\\\/blog\\\/2024\\\/12\\\/12\\\/liderazgo-autocratico\\\/#primaryimage\"},\"image\":{\"@id\":\"https:\\\/\\\/imecaf.com\\\/blog\\\/2024\\\/12\\\/12\\\/liderazgo-autocratico\\\/#primaryimage\"},\"thumbnailUrl\":\"https:\\\/\\\/imecaf.com\\\/blog\\\/wp-content\\\/uploads\\\/Liderazgo-Autocratico-1.jpg\",\"datePublished\":\"2024-12-13T00:10:20+00:00\",\"dateModified\":\"2026-04-13T18:51:30+00:00\",\"description\":\"Explora a fondo el liderazgo autocr\u00e1tico: sus caracter\u00edsticas, ventajas, desventajas y aplicaciones en contextos cr\u00edticos y sectores clave.\",\"breadcrumb\":{\"@id\":\"https:\\\/\\\/imecaf.com\\\/blog\\\/2024\\\/12\\\/12\\\/liderazgo-autocratico\\\/#breadcrumb\"},\"inLanguage\":\"es\",\"potentialAction\":[{\"@type\":\"ReadAction\",\"target\":[\"https:\\\/\\\/imecaf.com\\\/blog\\\/2024\\\/12\\\/12\\\/liderazgo-autocratico\\\/\"]}]},{\"@type\":\"ImageObject\",\"inLanguage\":\"es\",\"@id\":\"https:\\\/\\\/imecaf.com\\\/blog\\\/2024\\\/12\\\/12\\\/liderazgo-autocratico\\\/#primaryimage\",\"url\":\"https:\\\/\\\/imecaf.com\\\/blog\\\/wp-content\\\/uploads\\\/Liderazgo-Autocratico-1.jpg\",\"contentUrl\":\"https:\\\/\\\/imecaf.com\\\/blog\\\/wp-content\\\/uploads\\\/Liderazgo-Autocratico-1.jpg\",\"width\":1000,\"height\":600},{\"@type\":\"BreadcrumbList\",\"@id\":\"https:\\\/\\\/imecaf.com\\\/blog\\\/2024\\\/12\\\/12\\\/liderazgo-autocratico\\\/#breadcrumb\",\"itemListElement\":[{\"@type\":\"ListItem\",\"position\":1,\"name\":\"Portada\",\"item\":\"https:\\\/\\\/imecaf.com\\\/blog\\\/\"},{\"@type\":\"ListItem\",\"position\":2,\"name\":\"Liderazgo Autocr\u00e1tico: \u00bfClave para la eficiencia o un modelo obsoleto?\"}]},{\"@type\":\"WebSite\",\"@id\":\"https:\\\/\\\/imecaf.com\\\/blog\\\/#website\",\"url\":\"https:\\\/\\\/imecaf.com\\\/blog\\\/\",\"name\":\"IMECAF\",\"description\":\"Un lugar para expresar y compartir inquietudes dentro del mundo de la educaci\u00f3n.\",\"publisher\":{\"@id\":\"https:\\\/\\\/imecaf.com\\\/blog\\\/#organization\"},\"potentialAction\":[{\"@type\":\"SearchAction\",\"target\":{\"@type\":\"EntryPoint\",\"urlTemplate\":\"https:\\\/\\\/imecaf.com\\\/blog\\\/?s={search_term_string}\"},\"query-input\":{\"@type\":\"PropertyValueSpecification\",\"valueRequired\":true,\"valueName\":\"search_term_string\"}}],\"inLanguage\":\"es\"},{\"@type\":\"Organization\",\"@id\":\"https:\\\/\\\/imecaf.com\\\/blog\\\/#organization\",\"name\":\"IMECAF - Instituto Mexicano de Contabilidad, Administraci\u00f3n y Finanzas\",\"url\":\"https:\\\/\\\/imecaf.com\\\/blog\\\/\",\"logo\":{\"@type\":\"ImageObject\",\"inLanguage\":\"es\",\"@id\":\"https:\\\/\\\/imecaf.com\\\/blog\\\/#\\\/schema\\\/logo\\\/image\\\/\",\"url\":\"https:\\\/\\\/imecaf.com\\\/blog\\\/wp-content\\\/uploads\\\/IMECAF.Logo_.25.png\",\"contentUrl\":\"https:\\\/\\\/imecaf.com\\\/blog\\\/wp-content\\\/uploads\\\/IMECAF.Logo_.25.png\",\"width\":350,\"height\":350,\"caption\":\"IMECAF - Instituto Mexicano de Contabilidad, Administraci\u00f3n y Finanzas\"},\"image\":{\"@id\":\"https:\\\/\\\/imecaf.com\\\/blog\\\/#\\\/schema\\\/logo\\\/image\\\/\"},\"sameAs\":[\"https:\\\/\\\/www.facebook.com\\\/IMECAF\",\"https:\\\/\\\/x.com\\\/imecaf\",\"https:\\\/\\\/www.linkedin.com\\\/company\\\/imecaf\\\/\",\"https:\\\/\\\/www.youtube.com\\\/imecaf\",\"https:\\\/\\\/www.instagram.com\\\/imecaf_mx\\\/\",\"https:\\\/\\\/imecaf.negocio.site\\\/\"]},{\"@type\":\"Person\",\"@id\":\"https:\\\/\\\/imecaf.com\\\/blog\\\/#\\\/schema\\\/person\\\/a69b9f3972250aa0b1fdb798f094b4c7\",\"name\":\"Equipo de IMECAF\",\"image\":{\"@type\":\"ImageObject\",\"inLanguage\":\"es\",\"@id\":\"https:\\\/\\\/secure.gravatar.com\\\/avatar\\\/4b4242953c12937bd47e298d7922b4d01ffafe2955ce4235d318b8950782aa13?s=96&d=mm&r=g\",\"url\":\"https:\\\/\\\/secure.gravatar.com\\\/avatar\\\/4b4242953c12937bd47e298d7922b4d01ffafe2955ce4235d318b8950782aa13?s=96&d=mm&r=g\",\"contentUrl\":\"https:\\\/\\\/secure.gravatar.com\\\/avatar\\\/4b4242953c12937bd47e298d7922b4d01ffafe2955ce4235d318b8950782aa13?s=96&d=mm&r=g\",\"caption\":\"Equipo de IMECAF\"},\"url\":\"https:\\\/\\\/imecaf.com\\\/blog\\\/author\\\/mfonticoba\\\/\"}]}<\/script>\n<!-- \/ Yoast SEO plugin. -->","yoast_head_json":{"title":"Liderazgo Autocr\u00e1tico - IMECAF - Blog","description":"Explora a fondo el liderazgo autocr\u00e1tico: sus caracter\u00edsticas, ventajas, desventajas y aplicaciones en contextos cr\u00edticos y sectores clave.","robots":{"index":"index","follow":"follow","max-snippet":"max-snippet:-1","max-image-preview":"max-image-preview:large","max-video-preview":"max-video-preview:-1"},"canonical":"https:\/\/imecaf.com\/blog\/2024\/12\/12\/liderazgo-autocratico\/","og_locale":"es_ES","og_type":"article","og_title":"Liderazgo Autocr\u00e1tico: \u00bfClave para la eficiencia o un modelo obsoleto?","og_description":"Explora a fondo el liderazgo autocr\u00e1tico: sus caracter\u00edsticas, ventajas, desventajas y aplicaciones en contextos cr\u00edticos y sectores clave.","og_url":"https:\/\/imecaf.com\/blog\/2024\/12\/12\/liderazgo-autocratico\/","og_site_name":"IMECAF - Blog","article_publisher":"https:\/\/www.facebook.com\/IMECAF","article_published_time":"2024-12-13T00:10:20+00:00","article_modified_time":"2026-04-13T18:51:30+00:00","og_image":[{"width":1000,"height":600,"url":"http:\/\/imecaf.com\/blog\/wp-content\/uploads\/Liderazgo-Autocratico-1.jpg","type":"image\/jpeg"}],"author":"Equipo de IMECAF","twitter_card":"summary_large_image","twitter_title":"Liderazgo Autocr\u00e1tico: \u00bfClave para la eficiencia o un modelo obsoleto?","twitter_description":"Explora a fondo el liderazgo autocr\u00e1tico: sus caracter\u00edsticas, ventajas, desventajas y aplicaciones en contextos cr\u00edticos y sectores clave.","twitter_image":"https:\/\/imecaf.com\/blog\/wp-content\/uploads\/Liderazgo-Autocratico-1.jpg","twitter_creator":"@imecaf","twitter_site":"@imecaf","twitter_misc":{"Escrito por":"Equipo de IMECAF","Tiempo de lectura":"20 minutos"},"schema":{"@context":"https:\/\/schema.org","@graph":[{"@type":"Article","@id":"https:\/\/imecaf.com\/blog\/2024\/12\/12\/liderazgo-autocratico\/#article","isPartOf":{"@id":"https:\/\/imecaf.com\/blog\/2024\/12\/12\/liderazgo-autocratico\/"},"author":{"name":"Equipo de IMECAF","@id":"https:\/\/imecaf.com\/blog\/#\/schema\/person\/a69b9f3972250aa0b1fdb798f094b4c7"},"headline":"Liderazgo Autocr\u00e1tico: \u00bfClave para la eficiencia o un modelo obsoleto?","datePublished":"2024-12-13T00:10:20+00:00","dateModified":"2026-04-13T18:51:30+00:00","mainEntityOfPage":{"@id":"https:\/\/imecaf.com\/blog\/2024\/12\/12\/liderazgo-autocratico\/"},"wordCount":3273,"commentCount":0,"publisher":{"@id":"https:\/\/imecaf.com\/blog\/#organization"},"image":{"@id":"https:\/\/imecaf.com\/blog\/2024\/12\/12\/liderazgo-autocratico\/#primaryimage"},"thumbnailUrl":"https:\/\/imecaf.com\/blog\/wp-content\/uploads\/Liderazgo-Autocratico-1.jpg","keywords":["adaptacion","alta rotacion","capacitar empleados","comunicacion abierta","conflictos internos","control centralizado","dependencia","desmotivacion","desventajas","disciplina","eficiencia","estabilidad","falta de creatividad","falta de innovacion","jerarquia","liderazgo autocratico","orden","rapidez","reconocer logros","responsabilidad centralizada","resultados inmediatos","toma de decisiones","ventajas"],"articleSection":["Art\u00edculos","Desarrollo Humano"],"inLanguage":"es","potentialAction":[{"@type":"CommentAction","name":"Comment","target":["https:\/\/imecaf.com\/blog\/2024\/12\/12\/liderazgo-autocratico\/#respond"]}]},{"@type":"WebPage","@id":"https:\/\/imecaf.com\/blog\/2024\/12\/12\/liderazgo-autocratico\/","url":"https:\/\/imecaf.com\/blog\/2024\/12\/12\/liderazgo-autocratico\/","name":"Liderazgo Autocr\u00e1tico - IMECAF - Blog","isPartOf":{"@id":"https:\/\/imecaf.com\/blog\/#website"},"primaryImageOfPage":{"@id":"https:\/\/imecaf.com\/blog\/2024\/12\/12\/liderazgo-autocratico\/#primaryimage"},"image":{"@id":"https:\/\/imecaf.com\/blog\/2024\/12\/12\/liderazgo-autocratico\/#primaryimage"},"thumbnailUrl":"https:\/\/imecaf.com\/blog\/wp-content\/uploads\/Liderazgo-Autocratico-1.jpg","datePublished":"2024-12-13T00:10:20+00:00","dateModified":"2026-04-13T18:51:30+00:00","description":"Explora a fondo el liderazgo autocr\u00e1tico: sus caracter\u00edsticas, ventajas, desventajas y aplicaciones en contextos cr\u00edticos y sectores clave.","breadcrumb":{"@id":"https:\/\/imecaf.com\/blog\/2024\/12\/12\/liderazgo-autocratico\/#breadcrumb"},"inLanguage":"es","potentialAction":[{"@type":"ReadAction","target":["https:\/\/imecaf.com\/blog\/2024\/12\/12\/liderazgo-autocratico\/"]}]},{"@type":"ImageObject","inLanguage":"es","@id":"https:\/\/imecaf.com\/blog\/2024\/12\/12\/liderazgo-autocratico\/#primaryimage","url":"https:\/\/imecaf.com\/blog\/wp-content\/uploads\/Liderazgo-Autocratico-1.jpg","contentUrl":"https:\/\/imecaf.com\/blog\/wp-content\/uploads\/Liderazgo-Autocratico-1.jpg","width":1000,"height":600},{"@type":"BreadcrumbList","@id":"https:\/\/imecaf.com\/blog\/2024\/12\/12\/liderazgo-autocratico\/#breadcrumb","itemListElement":[{"@type":"ListItem","position":1,"name":"Portada","item":"https:\/\/imecaf.com\/blog\/"},{"@type":"ListItem","position":2,"name":"Liderazgo Autocr\u00e1tico: \u00bfClave para la eficiencia o un modelo obsoleto?"}]},{"@type":"WebSite","@id":"https:\/\/imecaf.com\/blog\/#website","url":"https:\/\/imecaf.com\/blog\/","name":"IMECAF","description":"Un lugar para expresar y compartir inquietudes dentro del mundo de la educaci\u00f3n.","publisher":{"@id":"https:\/\/imecaf.com\/blog\/#organization"},"potentialAction":[{"@type":"SearchAction","target":{"@type":"EntryPoint","urlTemplate":"https:\/\/imecaf.com\/blog\/?s={search_term_string}"},"query-input":{"@type":"PropertyValueSpecification","valueRequired":true,"valueName":"search_term_string"}}],"inLanguage":"es"},{"@type":"Organization","@id":"https:\/\/imecaf.com\/blog\/#organization","name":"IMECAF - Instituto Mexicano de Contabilidad, Administraci\u00f3n y Finanzas","url":"https:\/\/imecaf.com\/blog\/","logo":{"@type":"ImageObject","inLanguage":"es","@id":"https:\/\/imecaf.com\/blog\/#\/schema\/logo\/image\/","url":"https:\/\/imecaf.com\/blog\/wp-content\/uploads\/IMECAF.Logo_.25.png","contentUrl":"https:\/\/imecaf.com\/blog\/wp-content\/uploads\/IMECAF.Logo_.25.png","width":350,"height":350,"caption":"IMECAF - Instituto Mexicano de Contabilidad, Administraci\u00f3n y Finanzas"},"image":{"@id":"https:\/\/imecaf.com\/blog\/#\/schema\/logo\/image\/"},"sameAs":["https:\/\/www.facebook.com\/IMECAF","https:\/\/x.com\/imecaf","https:\/\/www.linkedin.com\/company\/imecaf\/","https:\/\/www.youtube.com\/imecaf","https:\/\/www.instagram.com\/imecaf_mx\/","https:\/\/imecaf.negocio.site\/"]},{"@type":"Person","@id":"https:\/\/imecaf.com\/blog\/#\/schema\/person\/a69b9f3972250aa0b1fdb798f094b4c7","name":"Equipo de IMECAF","image":{"@type":"ImageObject","inLanguage":"es","@id":"https:\/\/secure.gravatar.com\/avatar\/4b4242953c12937bd47e298d7922b4d01ffafe2955ce4235d318b8950782aa13?s=96&d=mm&r=g","url":"https:\/\/secure.gravatar.com\/avatar\/4b4242953c12937bd47e298d7922b4d01ffafe2955ce4235d318b8950782aa13?s=96&d=mm&r=g","contentUrl":"https:\/\/secure.gravatar.com\/avatar\/4b4242953c12937bd47e298d7922b4d01ffafe2955ce4235d318b8950782aa13?s=96&d=mm&r=g","caption":"Equipo de IMECAF"},"url":"https:\/\/imecaf.com\/blog\/author\/mfonticoba\/"}]}},"_links":{"self":[{"href":"https:\/\/imecaf.com\/blog\/wp-json\/wp\/v2\/posts\/16535","targetHints":{"allow":["GET"]}}],"collection":[{"href":"https:\/\/imecaf.com\/blog\/wp-json\/wp\/v2\/posts"}],"about":[{"href":"https:\/\/imecaf.com\/blog\/wp-json\/wp\/v2\/types\/post"}],"author":[{"embeddable":true,"href":"https:\/\/imecaf.com\/blog\/wp-json\/wp\/v2\/users\/2"}],"replies":[{"embeddable":true,"href":"https:\/\/imecaf.com\/blog\/wp-json\/wp\/v2\/comments?post=16535"}],"version-history":[{"count":1,"href":"https:\/\/imecaf.com\/blog\/wp-json\/wp\/v2\/posts\/16535\/revisions"}],"predecessor-version":[{"id":18979,"href":"https:\/\/imecaf.com\/blog\/wp-json\/wp\/v2\/posts\/16535\/revisions\/18979"}],"wp:featuredmedia":[{"embeddable":true,"href":"https:\/\/imecaf.com\/blog\/wp-json\/wp\/v2\/media\/16536"}],"wp:attachment":[{"href":"https:\/\/imecaf.com\/blog\/wp-json\/wp\/v2\/media?parent=16535"}],"wp:term":[{"taxonomy":"category","embeddable":true,"href":"https:\/\/imecaf.com\/blog\/wp-json\/wp\/v2\/categories?post=16535"},{"taxonomy":"post_tag","embeddable":true,"href":"https:\/\/imecaf.com\/blog\/wp-json\/wp\/v2\/tags?post=16535"}],"curies":[{"name":"wp","href":"https:\/\/api.w.org\/{rel}","templated":true}]}}