{"id":17670,"date":"2025-05-09T18:37:36","date_gmt":"2025-05-10T00:37:36","guid":{"rendered":"http:\/\/imecaf.com\/blog\/?p=17670"},"modified":"2025-10-07T15:15:28","modified_gmt":"2025-10-07T21:15:28","slug":"politicas-de-compras","status":"publish","type":"post","link":"https:\/\/imecaf.com\/blog\/2025\/05\/09\/politicas-de-compras\/","title":{"rendered":"Pol\u00edticas de Compras en la Empresa: Gu\u00eda Completa y Pr\u00e1ctica"},"content":{"rendered":"<span class=\"span-reading-time rt-reading-time\" style=\"display: block;\"><span class=\"rt-label rt-prefix\">Tiempo de lectura:<\/span> <span class=\"rt-time\"> 11<\/span> <span class=\"rt-label rt-postfix\">minutos<\/span><\/span><div class=\"wp-block-image\">\n<figure class=\"aligncenter size-full\"><img loading=\"lazy\" decoding=\"async\" width=\"1000\" height=\"600\" src=\"http:\/\/imecaf.com\/blog\/wp-content\/uploads\/Politicas-de-compras.jpg\" alt=\"Pol\u00edticas de compras\" class=\"wp-image-17671\" srcset=\"https:\/\/imecaf.com\/blog\/wp-content\/uploads\/Politicas-de-compras.jpg 1000w, https:\/\/imecaf.com\/blog\/wp-content\/uploads\/Politicas-de-compras-300x180.jpg 300w, https:\/\/imecaf.com\/blog\/wp-content\/uploads\/Politicas-de-compras-768x461.jpg 768w\" sizes=\"auto, (max-width: 1000px) 100vw, 1000px\" \/><\/figure>\n<\/div>\n\n\n<h1 class=\"wp-block-heading\"><strong>Introducci\u00f3n<\/strong><\/h1>\n\n\n\n<p>En el entorno empresarial actual, marcado por la competitividad y la globalizaci\u00f3n, el \u00e1rea de compras se encuentra en el centro de la estrategia organizacional. Las pol\u00edticas de compras son mucho m\u00e1s que un conjunto de normas: constituyen el marco que asegura la eficiencia, la transparencia y la sostenibilidad en la adquisici\u00f3n de bienes y servicios. Implementar una pol\u00edtica de compras bien estructurada permite a las empresas no solo optimizar sus recursos financieros, sino tambi\u00e9n fortalecer su reputaci\u00f3n, minimizar riesgos y fomentar relaciones s\u00f3lidas con proveedores.<\/p>\n\n\n\n<p>En este art\u00edculo planteamos un recorrido detallado por las etapas clave: desde la definici\u00f3n de objetivos y responsabilidades hasta la evaluaci\u00f3n, el control y la mejora continua de las pol\u00edticas de compras. Asimismo, ofrecemos recomendaciones pr\u00e1cticas y ejemplos ilustrativos para que puedas adaptar cada secci\u00f3n a la realidad de tu organizaci\u00f3n.<\/p>\n\n\n\n<figure class=\"wp-block-embed is-type-video is-provider-youtube wp-block-embed-youtube wp-embed-aspect-9-16 wp-has-aspect-ratio\"><div class=\"wp-block-embed__wrapper\">\n<iframe loading=\"lazy\" title=\"Dise\u00f1o e implementaci\u00f3n de pol\u00edticas de compras\" width=\"563\" height=\"1000\" src=\"https:\/\/www.youtube.com\/embed\/CfBuHWoAIVg?feature=oembed\" frameborder=\"0\" allow=\"accelerometer; autoplay; clipboard-write; encrypted-media; gyroscope; picture-in-picture; web-share\" referrerpolicy=\"strict-origin-when-cross-origin\" allowfullscreen><\/iframe>\n<\/div><\/figure>\n\n\n\n<hr class=\"wp-block-separator has-text-color has-alpha-channel-opacity has-background\" style=\"background-color:#bd5600;color:#bd5600\"\/>\n\n\n\n<h2 class=\"wp-block-heading\"><strong>Definici\u00f3n y objetivos de las Pol\u00edticas de Compras<\/strong><\/h2>\n\n\n\n<h3 class=\"wp-block-heading\"><strong>\u00bfQu\u00e9 son las Pol\u00edticas de Compras?<\/strong><\/h3>\n\n\n\n<p>Las pol\u00edticas de compras consisten en el conjunto de lineamientos, procedimientos y criterios que regulan la adquisici\u00f3n de bienes y servicios en una empresa. Su finalidad principal es estandarizar el proceso de compras para garantizar la coherencia entre las necesidades organizacionales, las condiciones del mercado y las obligaciones legales.<\/p>\n\n\n\n<p>Al establecer estas pol\u00edticas, la empresa busca alcanzar objetivos espec\u00edficos que se traducen en ventajas competitivas y operativas:<\/p>\n\n\n\n<div class=\"wp-block-columns is-not-stacked-on-mobile is-layout-flex wp-container-core-columns-is-layout-9d6595d7 wp-block-columns-is-layout-flex\">\n<div class=\"wp-block-column is-vertically-aligned-center is-layout-flow wp-block-column-is-layout-flow\" style=\"flex-basis:33.33%\">\n<figure class=\"wp-block-image size-full\"><a href=\"http:\/\/imecaf.com\/blog\/wp-content\/uploads\/que-son-las-politicas-de-compra-2.jpg\"><img loading=\"lazy\" decoding=\"async\" width=\"600\" height=\"850\" src=\"http:\/\/imecaf.com\/blog\/wp-content\/uploads\/que-son-las-politicas-de-compra-2.jpg\" alt=\"Qu\u00e9 son las pol\u00edticas de compras\" class=\"wp-image-17709\" srcset=\"https:\/\/imecaf.com\/blog\/wp-content\/uploads\/que-son-las-politicas-de-compra-2.jpg 600w, https:\/\/imecaf.com\/blog\/wp-content\/uploads\/que-son-las-politicas-de-compra-2-212x300.jpg 212w\" sizes=\"auto, (max-width: 600px) 100vw, 600px\" \/><\/a><\/figure>\n<\/div>\n\n\n\n<div class=\"wp-block-column is-layout-flow wp-block-column-is-layout-flow\" style=\"flex-basis:66.66%\">\n<ol class=\"wp-block-list\">\n<li><strong>Transparencia y equidad<\/strong>: Asegurar que todos los proveedores sean evaluados con los mismos criterios, evitando pr\u00e1cticas favoritistas o de corrupci\u00f3n.<br><\/li>\n\n\n\n<li><strong>Control de costos<\/strong>: Optimizar el gasto mediante negociaciones, econom\u00edas de escala y an\u00e1lisis de costos totales de propiedad.<br><\/li>\n\n\n\n<li><strong>Cumplimiento legal<\/strong>: Garantizar que cada adquisici\u00f3n se efect\u00fae conforme a la normativa vigente, evitando sanciones.<br><\/li>\n\n\n\n<li><strong>Calidad y servicio<\/strong>: Seleccionar proveedores capaces de cumplir con est\u00e1ndares t\u00e9cnicos y de entrega.<br><\/li>\n\n\n\n<li><strong>Sostenibilidad y responsabilidad social<\/strong>: Incorporar criterios \u00e9ticos, medioambientales y de responsabilidad social en la elecci\u00f3n de proveedores.<\/li>\n<\/ol>\n<\/div>\n<\/div>\n\n\n\n<h3 class=\"wp-block-heading\"><strong>Establecimiento de objetivos SMART<\/strong><\/h3>\n\n\n\n<p>Para que las pol\u00edticas de compras sean efectivas, cada meta debe ser SMART (espec\u00edfica, medible, alcanzable, relevante y con l\u00edmite de tiempo). Por ejemplo:<\/p>\n\n\n\n<div class=\"wp-block-media-text\"><figure class=\"wp-block-media-text__media\"><img loading=\"lazy\" decoding=\"async\" width=\"870\" height=\"600\" src=\"http:\/\/imecaf.com\/blog\/wp-content\/uploads\/objetivos-smart.jpg\" alt=\"Objetivos Smart en Pol\u00edticas de compras\" class=\"wp-image-17673 size-full\" srcset=\"https:\/\/imecaf.com\/blog\/wp-content\/uploads\/objetivos-smart.jpg 870w, https:\/\/imecaf.com\/blog\/wp-content\/uploads\/objetivos-smart-300x207.jpg 300w, https:\/\/imecaf.com\/blog\/wp-content\/uploads\/objetivos-smart-768x530.jpg 768w\" sizes=\"auto, (max-width: 870px) 100vw, 870px\" \/><\/figure><div class=\"wp-block-media-text__content\">\n<ul class=\"wp-block-list\">\n<li>Reducir los costos de adquisici\u00f3n en un 8% durante el primer a\u00f1o mediante negociaciones estrat\u00e9gicas.<\/li>\n\n\n\n<li>Alcanzar un \u00edndice de cumplimiento de entregas del 96% en seis meses.<\/li>\n\n\n\n<li>Incorporar al menos un 25% de proveedores con certificaciones ambientales en los pr\u00f3ximos 12 meses.<\/li>\n<\/ul>\n<\/div><\/div>\n\n\n\n<hr class=\"wp-block-separator has-text-color has-alpha-channel-opacity has-background\" style=\"background-color:#bd5600;color:#bd5600\"\/>\n\n\n\n<h2 class=\"wp-block-heading\"><strong>Alcance y responsabilidades<\/strong><\/h2>\n\n\n\n<h3 class=\"wp-block-heading\"><strong>\u00c1reas de aplicaci\u00f3n<\/strong><\/h3>\n\n\n\n<p>Las pol\u00edticas de compras deben considerar los diferentes tipos de adquisiciones que realiza la organizaci\u00f3n, ya que no todas tienen el mismo nivel de criticidad ni los mismos procesos asociados. Definir claramente su alcance permite aplicar criterios adecuados seg\u00fan el caso:<\/p>\n\n\n\n<div class=\"wp-block-columns is-not-stacked-on-mobile is-layout-flex wp-container-core-columns-is-layout-9d6595d7 wp-block-columns-is-layout-flex\">\n<div class=\"wp-block-column is-vertically-aligned-center is-layout-flow wp-block-column-is-layout-flow\" style=\"flex-basis:33.33%\">\n<figure class=\"wp-block-image size-full\"><a href=\"http:\/\/imecaf.com\/blog\/wp-content\/uploads\/areas-de-aplicacion.jpg\"><img loading=\"lazy\" decoding=\"async\" width=\"600\" height=\"850\" src=\"http:\/\/imecaf.com\/blog\/wp-content\/uploads\/areas-de-aplicacion.jpg\" alt=\"\u00c1reas de Aplicaci\u00f3n de las Pol\u00edticas de Compras\" class=\"wp-image-17674\" srcset=\"https:\/\/imecaf.com\/blog\/wp-content\/uploads\/areas-de-aplicacion.jpg 600w, https:\/\/imecaf.com\/blog\/wp-content\/uploads\/areas-de-aplicacion-212x300.jpg 212w\" sizes=\"auto, (max-width: 600px) 100vw, 600px\" \/><\/a><\/figure>\n<\/div>\n\n\n\n<div class=\"wp-block-column is-layout-flow wp-block-column-is-layout-flow\" style=\"flex-basis:66.66%\">\n<ul class=\"wp-block-list\">\n<li><strong>Compras directas<\/strong>: Insumos fundamentales para la operaci\u00f3n, como materias primas, componentes o servicios clave. A menudo requieren mayor control y seguimiento.<br><\/li>\n\n\n\n<li><strong>Compras indirectas<\/strong>: Bienes y servicios de apoyo (papeler\u00eda, limpieza, software, etc.) que, aunque no afectan directamente la producci\u00f3n, s\u00ed impactan en la eficiencia interna.<br><\/li>\n\n\n\n<li><strong>Inversiones de capital<\/strong>: Equipos, maquinaria, infraestructura u otros activos que representan un gasto importante y tienen una vida \u00fatil prolongada.<br><\/li>\n\n\n\n<li><strong>Compras de proyectos<\/strong>: Adquisiciones asociadas a proyectos espec\u00edficos (por ejemplo, una nueva planta o sistema tecnol\u00f3gico), que requieren procesos personalizados y planificaci\u00f3n detallada.<\/li>\n<\/ul>\n<\/div>\n<\/div>\n\n\n\n<p>Esta clasificaci\u00f3n facilita la segmentaci\u00f3n del proceso de compras, la asignaci\u00f3n de responsables, y el uso de criterios espec\u00edficos de evaluaci\u00f3n y control para cada tipo.<\/p>\n\n\n\n<h3 class=\"wp-block-heading\"><strong>Roles y responsabilidades<\/strong><\/h3>\n\n\n\n<p>Para asegurar una gesti\u00f3n de compras eficiente y sin conflictos, es fundamental definir claramente los roles de cada participante:<\/p>\n\n\n\n<div class=\"wp-block-columns is-not-stacked-on-mobile is-layout-flex wp-container-core-columns-is-layout-9d6595d7 wp-block-columns-is-layout-flex\">\n<div class=\"wp-block-column is-vertically-aligned-center is-layout-flow wp-block-column-is-layout-flow\" style=\"flex-basis:33.33%\">\n<figure class=\"wp-block-image size-full\"><a href=\"http:\/\/imecaf.com\/blog\/wp-content\/uploads\/roles-y-responsabilidaes.jpg\"><img loading=\"lazy\" decoding=\"async\" width=\"600\" height=\"850\" src=\"http:\/\/imecaf.com\/blog\/wp-content\/uploads\/roles-y-responsabilidaes.jpg\" alt=\"Roles y Responsabilidades de Pol\u00edticas de Compras\" class=\"wp-image-17675\" srcset=\"https:\/\/imecaf.com\/blog\/wp-content\/uploads\/roles-y-responsabilidaes.jpg 600w, https:\/\/imecaf.com\/blog\/wp-content\/uploads\/roles-y-responsabilidaes-212x300.jpg 212w\" sizes=\"auto, (max-width: 600px) 100vw, 600px\" \/><\/a><\/figure>\n<\/div>\n\n\n\n<div class=\"wp-block-column is-layout-flow wp-block-column-is-layout-flow\" style=\"flex-basis:66.66%\">\n<ul class=\"wp-block-list\">\n<li><strong>Director de Compras<\/strong>: Define la estrategia general, aprueba pol\u00edticas y asigna recursos clave para asegurar la alineaci\u00f3n con los objetivos de la empresa.<br><\/li>\n\n\n\n<li><strong>Gerente de Compras<\/strong>: Traduce la estrategia en procedimientos, supervisa al equipo de compras y vela por el cumplimiento de pol\u00edticas y metas.<br><\/li>\n\n\n\n<li><strong>Analista o Especialista de Compras<\/strong>: Ejecuta las compras operativas, analiza ofertas, gestiona proveedores y controla entregas, siendo el responsable directo del proceso.<br><\/li>\n\n\n\n<li><strong>Auditor Interno<\/strong>: Eval\u00faa el cumplimiento de las pol\u00edticas, identifica desviaciones y recomienda acciones correctivas o preventivas.<br><\/li>\n\n\n\n<li><strong>Usuarios internos (solicitantes)<\/strong>: Detectan necesidades, preparan especificaciones t\u00e9cnicas y apoyan la evaluaci\u00f3n t\u00e9cnica y operativa de los productos o servicios.<\/li>\n<\/ul>\n<\/div>\n<\/div>\n\n\n\n<p>Esta distribuci\u00f3n clara de funciones garantiza transparencia, responsabilidad y eficiencia en todo el proceso de adquisiciones.<\/p>\n\n\n\n<hr class=\"wp-block-separator has-text-color has-alpha-channel-opacity has-background\" style=\"background-color:#bd5600;color:#bd5600\"\/>\n\n\n\n<h2 class=\"wp-block-heading\"><strong>Procedimientos para la selecci\u00f3n de proveedores<\/strong><\/h2>\n\n\n\n<h3 class=\"wp-block-heading\"><strong>B\u00fasqueda y preselecci\u00f3n<\/strong><\/h3>\n\n\n\n<p>El primer paso consiste en identificar potenciales proveedores que puedan satisfacer las necesidades definidas. Para ello:<\/p>\n\n\n\n<div class=\"wp-block-media-text\"><figure class=\"wp-block-media-text__media\"><img loading=\"lazy\" decoding=\"async\" width=\"870\" height=\"600\" src=\"http:\/\/imecaf.com\/blog\/wp-content\/uploads\/seleccion-de-proveedores.jpg\" alt=\"Selecci\u00f3n de Proveedores\" class=\"wp-image-17676 size-full\" srcset=\"https:\/\/imecaf.com\/blog\/wp-content\/uploads\/seleccion-de-proveedores.jpg 870w, https:\/\/imecaf.com\/blog\/wp-content\/uploads\/seleccion-de-proveedores-300x207.jpg 300w, https:\/\/imecaf.com\/blog\/wp-content\/uploads\/seleccion-de-proveedores-768x530.jpg 768w\" sizes=\"auto, (max-width: 870px) 100vw, 870px\" \/><\/figure><div class=\"wp-block-media-text__content\">\n<ul class=\"wp-block-list\">\n<li>Elabora un documento con especificaciones t\u00e9cnicas y condiciones generales.<br><\/li>\n\n\n\n<li>Realiza b\u00fasquedas en bases de datos, ferias comerciales y directorios especializados.<br><\/li>\n\n\n\n<li>Solicita informaci\u00f3n b\u00e1sica (capacidad de producci\u00f3n, certificaciones, referencias).<br><\/li>\n\n\n\n<li>Preselecciona aquellos que cumplan los requerimientos m\u00ednimos.<\/li>\n<\/ul>\n<\/div><\/div>\n\n\n\n<h3 class=\"wp-block-heading\"><strong>Solicitud de Propuesta (RFP)<\/strong><\/h3>\n\n\n\n<p>Un RFP (por sus siglas en ingl\u00e9s Request for Proposal, \u201cSolicitud de Propuesta\u201d) es un documento formal que una organizaci\u00f3n emite cuando necesita adquirir bienes o servicios complejos y desea que varios proveedores interesados presenten sus propuestas detalladas. El RFP busca:<\/p>\n\n\n\n<div class=\"wp-block-columns is-not-stacked-on-mobile is-layout-flex wp-container-core-columns-is-layout-9d6595d7 wp-block-columns-is-layout-flex\">\n<div class=\"wp-block-column is-vertically-aligned-center is-layout-flow wp-block-column-is-layout-flow\" style=\"flex-basis:33.33%\">\n<figure class=\"wp-block-image size-full\"><a href=\"http:\/\/imecaf.com\/blog\/wp-content\/uploads\/RFO-2.jpg\"><img loading=\"lazy\" decoding=\"async\" width=\"600\" height=\"850\" src=\"http:\/\/imecaf.com\/blog\/wp-content\/uploads\/RFO-2.jpg\" alt=\"RFP - Solicitud de Propuesta\" class=\"wp-image-17699\" srcset=\"https:\/\/imecaf.com\/blog\/wp-content\/uploads\/RFO-2.jpg 600w, https:\/\/imecaf.com\/blog\/wp-content\/uploads\/RFO-2-212x300.jpg 212w\" sizes=\"auto, (max-width: 600px) 100vw, 600px\" \/><\/a><\/figure>\n<\/div>\n\n\n\n<div class=\"wp-block-column is-layout-flow wp-block-column-is-layout-flow\" style=\"flex-basis:66.66%\">\n<ol class=\"wp-block-list\">\n<li><strong>Describir el alcance<\/strong> del proyecto o necesidad, incluyendo objetivos, requisitos t\u00e9cnicos y funcionales, plazos y recursos esperados.<br><\/li>\n\n\n\n<li><strong>Establecer criterios de evaluaci\u00f3n<\/strong>, tales como calidad, experiencia del proveedor, metodolog\u00eda de trabajo, plazos de entrega, soporte postventa, garant\u00edas y precio total de propiedad.<br><\/li>\n\n\n\n<li><strong>Solicitar un plan de ejecuci\u00f3n<\/strong> por parte del proveedor: c\u00f3mo va a abordar el proyecto, qu\u00e9 equipo asignar\u00e1, qu\u00e9 metodolog\u00edas emplear\u00e1 y qu\u00e9 entregables proporcionar\u00e1.<br><\/li>\n\n\n\n<li><strong>Incluir condiciones contractuales<\/strong> b\u00e1sicas: t\u00e9rminos de pago, penalizaciones por incumplimiento, confidencialidad y mecanismos de resoluci\u00f3n de conflictos.<\/li>\n<\/ol>\n<\/div>\n<\/div>\n\n\n\n<p>El RFP permite a la empresa comparar propuestas cualitativas y cuantitativas, no s\u00f3lo en funci\u00f3n del coste, sino tambi\u00e9n de la capacidad de cada proveedor para aportar valor, innovaci\u00f3n y cumplimiento de plazos. Al final del proceso, la organizaci\u00f3n eval\u00faa todas las ofertas seg\u00fan una matriz de puntuaci\u00f3n ponderada (por ejemplo, 40\u202f% precio, 30\u202f% calidad t\u00e9cnica, 20\u202f% plazo y 10\u202f% experiencia), y selecciona al proveedor cuya propuesta mejor se alinee con sus necesidades estrat\u00e9gicas.<\/p>\n\n\n\n<h3 class=\"wp-block-heading\"><strong>Evaluaci\u00f3n de propuestas<\/strong><\/h3>\n\n\n\n<p>Para comparar objetivamente las ofertas, utiliza una matriz de evaluaci\u00f3n donde cada criterio recibe un peso seg\u00fan su importancia:<\/p>\n\n\n\n<div class=\"wp-block-columns is-not-stacked-on-mobile is-layout-flex wp-container-core-columns-is-layout-9d6595d7 wp-block-columns-is-layout-flex\">\n<div class=\"wp-block-column is-vertically-aligned-center is-layout-flow wp-block-column-is-layout-flow\" style=\"flex-basis:33.33%\">\n<figure class=\"wp-block-image size-full\"><a href=\"http:\/\/imecaf.com\/blog\/wp-content\/uploads\/Evaluacion-de-propuestas.jpg\"><img loading=\"lazy\" decoding=\"async\" width=\"600\" height=\"850\" src=\"http:\/\/imecaf.com\/blog\/wp-content\/uploads\/Evaluacion-de-propuestas.jpg\" alt=\"Evaluaci\u00f3n de propuestas\" class=\"wp-image-17678\" srcset=\"https:\/\/imecaf.com\/blog\/wp-content\/uploads\/Evaluacion-de-propuestas.jpg 600w, https:\/\/imecaf.com\/blog\/wp-content\/uploads\/Evaluacion-de-propuestas-212x300.jpg 212w\" sizes=\"auto, (max-width: 600px) 100vw, 600px\" \/><\/a><\/figure>\n<\/div>\n\n\n\n<div class=\"wp-block-column is-vertically-aligned-center is-layout-flow wp-block-column-is-layout-flow\" style=\"flex-basis:66.66%\">\n<ul class=\"wp-block-list\">\n<li><strong>Costo total de propiedad (TCO)<\/strong>: Incluye precio, transporte, seguros y posibles costos ocultos.<br><\/li>\n\n\n\n<li><strong>Calidad y conformidad t\u00e9cnica<\/strong>: Basada en certificaciones, pruebas de muestra o historial de calidad.<br><\/li>\n\n\n\n<li><strong>Tiempo de entrega<\/strong>: Capacidad de cumplir los plazos y flexibilidad ante cambios.<br><\/li>\n\n\n\n<li><strong>Solidez financiera<\/strong>: Estabilidad econ\u00f3mica y capacidad de cumplir a largo plazo.<br><\/li>\n\n\n\n<li><strong>Responsabilidad social y medioambiental<\/strong>: Pol\u00edticas de sostenibilidad, certificados ISO, pr\u00e1cticas laborales.<\/li>\n<\/ul>\n<\/div>\n<\/div>\n\n\n\n<p>Asignar puntajes y pesos claros permite obtener una calificaci\u00f3n final objetiva que facilite la toma de decisiones.<\/p>\n\n\n\n<hr class=\"wp-block-separator has-text-color has-alpha-channel-opacity has-background\" style=\"background-color:#bd5600;color:#bd5600\"\/>\n\n\n\n<h2 class=\"wp-block-heading\"><strong>Condiciones contractuales y acuerdos<\/strong><\/h2>\n\n\n\n<p>Una vez seleccionado el proveedor, formalizar el acuerdo mediante un contrato bien estructurado es clave para proteger los intereses de ambas partes y garantizar una relaci\u00f3n comercial estable y transparente. El contrato debe incluir cl\u00e1usulas que regulen aspectos cr\u00edticos del suministro y que prevengan malentendidos o conflictos futuros:<\/p>\n\n\n\n<div class=\"wp-block-columns is-not-stacked-on-mobile is-layout-flex wp-container-core-columns-is-layout-9d6595d7 wp-block-columns-is-layout-flex\">\n<div class=\"wp-block-column is-vertically-aligned-center is-layout-flow wp-block-column-is-layout-flow\" style=\"flex-basis:33.33%\">\n<figure class=\"wp-block-image size-full\"><a href=\"http:\/\/imecaf.com\/blog\/wp-content\/uploads\/condiciones-contractuales-1.jpg\"><img loading=\"lazy\" decoding=\"async\" width=\"600\" height=\"850\" src=\"http:\/\/imecaf.com\/blog\/wp-content\/uploads\/condiciones-contractuales-1.jpg\" alt=\"Condiciones contractuales y acuerdos en las pol\u00edticas de compras\" class=\"wp-image-17701\" style=\"aspect-ratio:9\/16;object-fit:cover\" srcset=\"https:\/\/imecaf.com\/blog\/wp-content\/uploads\/condiciones-contractuales-1.jpg 600w, https:\/\/imecaf.com\/blog\/wp-content\/uploads\/condiciones-contractuales-1-212x300.jpg 212w\" sizes=\"auto, (max-width: 600px) 100vw, 600px\" \/><\/a><\/figure>\n<\/div>\n\n\n\n<div class=\"wp-block-column is-layout-flow wp-block-column-is-layout-flow\" style=\"flex-basis:66.66%\">\n<ul class=\"wp-block-list\">\n<li><strong>T\u00e9rminos de pago<\/strong>: Se establecen los plazos concretos para efectuar los pagos (por ejemplo, 30, 60 o 90 d\u00edas) y se pueden incluir incentivos como descuentos por pronto pago, lo que tambi\u00e9n contribuye a la planificaci\u00f3n financiera de ambas partes.<br><\/li>\n\n\n\n<li><strong>Penalizaciones<\/strong>: Se definen sanciones en caso de incumplimientos, como entregas fuera de plazo, productos defectuosos o cantidades incompletas. Esto act\u00faa como un mecanismo de control y cumplimiento.<br><\/li>\n\n\n\n<li><strong>Garant\u00edas<\/strong>: Especifican el tiempo y condiciones bajo las cuales el proveedor debe responder por fallos o defectos, as\u00ed como los procedimientos de devoluci\u00f3n y los tiempos m\u00e1ximos de atenci\u00f3n.<br><\/li>\n\n\n\n<li><strong>Confidencialidad<\/strong>: Protege la informaci\u00f3n sensible que pueda compartirse durante la relaci\u00f3n comercial, como f\u00f3rmulas, procesos, precios o estrategias, evitando su divulgaci\u00f3n o mal uso.<br><\/li>\n\n\n\n<li><strong>Resoluci\u00f3n de conflictos<\/strong>: Establece el marco para resolver desacuerdos (jurisdicci\u00f3n aplicable, mediaci\u00f3n, arbitraje), junto con los canales de comunicaci\u00f3n formal entre las partes.<\/li>\n<\/ul>\n<\/div>\n<\/div>\n\n\n\n<p>Un contrato bien dise\u00f1ado no solo proporciona seguridad jur\u00eddica, sino que tambi\u00e9n sienta las bases para una relaci\u00f3n comercial clara, duradera y basada en la confianza mutua.<\/p>\n\n\n\n<hr class=\"wp-block-separator has-text-color has-alpha-channel-opacity has-background\" style=\"background-color:#bd5600;color:#bd5600\"\/>\n\n\n\n<h2 class=\"wp-block-heading\"><strong>Control y seguimiento de las compras<\/strong><\/h2>\n\n\n\n<h3 class=\"wp-block-heading\"><strong>Registro y trazabilidad<\/strong><\/h3>\n\n\n\n<div class=\"wp-block-media-text\"><figure class=\"wp-block-media-text__media\"><img loading=\"lazy\" decoding=\"async\" width=\"800\" height=\"600\" src=\"http:\/\/imecaf.com\/blog\/wp-content\/uploads\/control-y-seguimiento-2.jpg\" alt=\"Control y Seguimiento\" class=\"wp-image-17705 size-full\" srcset=\"https:\/\/imecaf.com\/blog\/wp-content\/uploads\/control-y-seguimiento-2.jpg 800w, https:\/\/imecaf.com\/blog\/wp-content\/uploads\/control-y-seguimiento-2-300x225.jpg 300w, https:\/\/imecaf.com\/blog\/wp-content\/uploads\/control-y-seguimiento-2-768x576.jpg 768w\" sizes=\"auto, (max-width: 800px) 100vw, 800px\" \/><\/figure><div class=\"wp-block-media-text__content\">\n<p>Trazabilidad se refiere a la capacidad de seguir el rastro de documentos, procesos y decisiones a lo largo del ciclo de vida de una relaci\u00f3n con proveedores o un proceso de compra. Implica tener un registro claro, ordenado y accesible de toda la documentaci\u00f3n y comunicaciones relevantes.<\/p>\n<\/div><\/div>\n\n\n\n<p>Cuando se menciona <strong>\u00abRegistro y trazabilidad\u00bb<\/strong>, se habla de:<\/p>\n\n\n\n<ul class=\"wp-block-list\">\n<li><strong>Guardar la informaci\u00f3n adecuada<\/strong>: como \u00f3rdenes de compra, contratos, anexos, registros de inspecci\u00f3n, comunicaciones clave, etc.<br><\/li>\n\n\n\n<li><strong>Poder localizar r\u00e1pidamente esa informaci\u00f3n<\/strong> cuando sea necesario, ya sea para una auditor\u00eda, para resolver una queja o para verificar un proceso.<\/li>\n<\/ul>\n\n\n\n<p>Esto es clave en entornos donde se necesita demostrar cumplimiento normativo, calidad o simplemente tener control sobre las operaciones.<\/p>\n\n\n\n<p>La trazabilidad es vital para auditor\u00edas internas y externas, adem\u00e1s de facilitar la resoluci\u00f3n de reclamaciones.<\/p>\n\n\n\n<h3 class=\"wp-block-heading\"><strong>Indicadores de desempe\u00f1o (KPIs)<\/strong><\/h3>\n\n\n\n<div class=\"wp-block-media-text\"><figure class=\"wp-block-media-text__media\"><img loading=\"lazy\" decoding=\"async\" width=\"800\" height=\"600\" src=\"http:\/\/imecaf.com\/blog\/wp-content\/uploads\/kpi-1.jpg\" alt=\"Indicadores de Desempe\u00f1o de las Pol\u00edticas de Compras\" class=\"wp-image-17681 size-full\" srcset=\"https:\/\/imecaf.com\/blog\/wp-content\/uploads\/kpi-1.jpg 800w, https:\/\/imecaf.com\/blog\/wp-content\/uploads\/kpi-1-300x225.jpg 300w, https:\/\/imecaf.com\/blog\/wp-content\/uploads\/kpi-1-768x576.jpg 768w\" sizes=\"auto, (max-width: 800px) 100vw, 800px\" \/><\/figure><div class=\"wp-block-media-text__content\">\n<p>Para asegurar una gesti\u00f3n eficiente del \u00e1rea de compras, es fundamental establecer y monitorear indicadores clave de desempe\u00f1o (Key Performance Indicators, KPIs), que permitan evaluar objetivamente tanto la eficacia como la eficiencia de los procesos. Estos indicadores pueden ser cuantitativos (medibles en cifras) y cualitativos (basados en percepciones y niveles de satisfacci\u00f3n). Algunos de los m\u00e1s utilizados son:<\/p>\n<\/div><\/div>\n\n\n\n<ul class=\"wp-block-list\">\n<li><strong>\u00cdndice de cumplimiento de entregas (%)<\/strong>: Mide el porcentaje de \u00f3rdenes de compra que fueron recibidas en el tiempo acordado respecto al total emitido. Un alto porcentaje indica buen desempe\u00f1o log\u00edstico y de coordinaci\u00f3n con proveedores.<br><\/li>\n\n\n\n<li><strong>Ahorro real vs. presupuesto (%)<\/strong>: Compara los costos reales de adquisici\u00f3n con los presupuestos estimados. Este KPI permite evaluar la capacidad del \u00e1rea para generar ahorros y optimizar recursos financieros.<br><\/li>\n\n\n\n<li><strong>Tiempo promedio de ciclo<\/strong>: Calcula los d\u00edas que transcurren desde que se realiza una solicitud de compra hasta que el producto o servicio es recibido. Es clave para identificar cuellos de botella y mejorar la eficiencia operativa.<br><\/li>\n\n\n\n<li><strong>Satisfacci\u00f3n interna<\/strong>: Se eval\u00faa mediante encuestas peri\u00f3dicas a los usuarios internos del \u00e1rea de compras (otras \u00e1reas de la organizaci\u00f3n), valorando aspectos como la rapidez, calidad del servicio y comunicaci\u00f3n. Ayuda a detectar oportunidades de mejora en la atenci\u00f3n y el soporte interno.<\/li>\n<\/ul>\n\n\n\n<p>La revisi\u00f3n sistem\u00e1tica de estos indicadores no solo permite detectar desviaciones y tomar decisiones correctivas de manera oportuna, sino que tambi\u00e9n impulsa una cultura de mejora continua basada en datos, incrementando la transparencia y alineando el \u00e1rea de compras con los objetivos estrat\u00e9gicos de la organizaci\u00f3n.<\/p>\n\n\n\n<hr class=\"wp-block-separator has-text-color has-alpha-channel-opacity has-background\" style=\"background-color:#bd5600;color:#bd5600\"\/>\n\n\n\n<h2 class=\"wp-block-heading\"><strong>Gesti\u00f3n de riesgos en el proceso de compras<\/strong><\/h2>\n\n\n\n<div class=\"wp-block-media-text\"><figure class=\"wp-block-media-text__media\"><img loading=\"lazy\" decoding=\"async\" width=\"800\" height=\"600\" src=\"http:\/\/imecaf.com\/blog\/wp-content\/uploads\/gestion-de-riesgos-2.jpg\" alt=\"Gesti\u00f3n de riesgos del proceso de compras\" class=\"wp-image-17682 size-full\" srcset=\"https:\/\/imecaf.com\/blog\/wp-content\/uploads\/gestion-de-riesgos-2.jpg 800w, https:\/\/imecaf.com\/blog\/wp-content\/uploads\/gestion-de-riesgos-2-300x225.jpg 300w, https:\/\/imecaf.com\/blog\/wp-content\/uploads\/gestion-de-riesgos-2-768x576.jpg 768w\" sizes=\"auto, (max-width: 800px) 100vw, 800px\" \/><\/figure><div class=\"wp-block-media-text__content\">\n<p>En un entorno globalizado e inestable, la gesti\u00f3n de riesgos en compras es un componente estrat\u00e9gico esencial para garantizar la continuidad operativa, la estabilidad financiera y la reputaci\u00f3n de la organizaci\u00f3n. Identificar y evaluar riesgos potenciales permite anticipar escenarios adversos y preparar respuestas efectivas. Entre los riesgos m\u00e1s comunes destacan:<br><\/p>\n<\/div><\/div>\n\n\n\n<ul class=\"wp-block-list\">\n<li><strong>Riesgo de suministro<\/strong>: Se presenta cuando existe una fuerte dependencia de un solo proveedor, o cuando los proveedores est\u00e1n ubicados en zonas con conflictos pol\u00edticos, desastres naturales o inestabilidad econ\u00f3mica. Esto puede generar interrupciones en la cadena de suministro y afectar la producci\u00f3n o el servicio.<br><\/li>\n\n\n\n<li><strong>Riesgo de tipo de cambio<\/strong>: Las fluctuaciones en la moneda pueden aumentar significativamente los costos de importaci\u00f3n, impactando la rentabilidad de las compras internacionales.<br><\/li>\n\n\n\n<li><strong>Riesgo legal y regulatorio<\/strong>: Cambios en leyes, normas fiscales o comerciales (como aranceles, restricciones de importaci\u00f3n o certificaciones obligatorias) pueden dificultar o encarecer las adquisiciones.<br><\/li>\n\n\n\n<li><strong>Riesgo reputacional<\/strong>: Asociarse con proveedores que violan normas laborales, ambientales o de derechos humanos puede da\u00f1ar la imagen p\u00fablica y comprometer la responsabilidad social de la empresa.<\/li>\n<\/ul>\n\n\n\n<h3 class=\"wp-block-heading\"><strong>Plan de mitigaci\u00f3n<\/strong><\/h3>\n\n\n\n<p>Una gesti\u00f3n efectiva de riesgos requiere medidas preventivas y correctivas estructuradas, como:<\/p>\n\n\n\n<div class=\"wp-block-columns is-not-stacked-on-mobile is-layout-flex wp-container-core-columns-is-layout-9d6595d7 wp-block-columns-is-layout-flex\">\n<div class=\"wp-block-column is-vertically-aligned-center is-layout-flow wp-block-column-is-layout-flow\" style=\"flex-basis:33.33%\">\n<figure class=\"wp-block-image size-full\"><a href=\"http:\/\/imecaf.com\/blog\/wp-content\/uploads\/mitigacion.jpg\"><img loading=\"lazy\" decoding=\"async\" width=\"600\" height=\"850\" src=\"http:\/\/imecaf.com\/blog\/wp-content\/uploads\/mitigacion.jpg\" alt=\"Plan de mitigaci\u00f3n\" class=\"wp-image-17683\" srcset=\"https:\/\/imecaf.com\/blog\/wp-content\/uploads\/mitigacion.jpg 600w, https:\/\/imecaf.com\/blog\/wp-content\/uploads\/mitigacion-212x300.jpg 212w\" sizes=\"auto, (max-width: 600px) 100vw, 600px\" \/><\/a><\/figure>\n<\/div>\n\n\n\n<div class=\"wp-block-column is-layout-flow wp-block-column-is-layout-flow\" style=\"flex-basis:66.66%\">\n<ul class=\"wp-block-list\">\n<li><strong>Diversificaci\u00f3n de proveedores<\/strong>: Contar con m\u00e1s de una fuente confiable para productos o servicios clave reduce la dependencia y asegura alternativas en caso de fallos o interrupciones.<br><\/li>\n\n\n\n<li><strong>Cl\u00e1usulas contractuales flexibles<\/strong>: Incluir condiciones que permitan renegociar precios, cantidades o tiempos de entrega en situaciones extraordinarias (fuerza mayor, crisis global, etc.) brinda mayor adaptabilidad.<br><\/li>\n\n\n\n<li><strong>Coberturas financieras<\/strong>: Utilizar herramientas como seguros de cr\u00e9dito o coberturas contra variaciones cambiarias ayuda a proteger los m\u00e1rgenes y mantener la estabilidad financiera.<br><\/li>\n\n\n\n<li><strong>Monitoreo continuo<\/strong>: Implementar sistemas de vigilancia activa para detectar con antelaci\u00f3n cambios regulatorios, riesgos emergentes y alertas geopol\u00edticas, permite tomar decisiones informadas y a tiempo.<\/li>\n<\/ul>\n<\/div>\n<\/div>\n\n\n\n<p>La integraci\u00f3n de la gesti\u00f3n de riesgos en las pol\u00edticas de compras fortalece la resiliencia organizacional, minimiza p\u00e9rdidas potenciales y mejora la capacidad de respuesta ante situaciones imprevistas.<\/p>\n\n\n\n<hr class=\"wp-block-separator has-text-color has-alpha-channel-opacity has-background\" style=\"background-color:#bd5600;color:#bd5600\"\/>\n\n\n\n<h2 class=\"wp-block-heading\"><strong>Mejora continua y actualizaci\u00f3n de las pol\u00edticas<\/strong><\/h2>\n\n\n\n<p>En un entorno empresarial din\u00e1mico, es esencial que las pol\u00edticas de compras evolucionen de manera proactiva. Este proceso de mejora continua garantiza que los procedimientos se mantengan alineados con los objetivos estrat\u00e9gicos, las mejores pr\u00e1cticas del sector y las necesidades reales de la organizaci\u00f3n.<\/p>\n\n\n\n<p>Para asegurar esta evoluci\u00f3n constante, se recomienda:<\/p>\n\n\n\n<div class=\"wp-block-columns is-layout-flex wp-container-core-columns-is-layout-9d6595d7 wp-block-columns-is-layout-flex\">\n<div class=\"wp-block-column is-vertically-aligned-center is-layout-flow wp-block-column-is-layout-flow\" style=\"flex-basis:40%\">\n<figure class=\"wp-block-image size-full\"><img loading=\"lazy\" decoding=\"async\" width=\"600\" height=\"850\" src=\"http:\/\/imecaf.com\/blog\/wp-content\/uploads\/mejora-continua-3.jpg\" alt=\"Mejora Continua de las Pol\u00edticas de Compras\" class=\"wp-image-17703\" style=\"aspect-ratio:9\/16;object-fit:cover\" srcset=\"https:\/\/imecaf.com\/blog\/wp-content\/uploads\/mejora-continua-3.jpg 600w, https:\/\/imecaf.com\/blog\/wp-content\/uploads\/mejora-continua-3-212x300.jpg 212w\" sizes=\"auto, (max-width: 600px) 100vw, 600px\" \/><\/figure>\n<\/div>\n\n\n\n<div class=\"wp-block-column is-layout-flow wp-block-column-is-layout-flow\" style=\"flex-basis:66.66%\">\n<ul class=\"wp-block-list\">\n<li><strong>Programar auditor\u00edas internas anuales<\/strong>: Evaluar peri\u00f3dicamente el cumplimiento de las pol\u00edticas y procedimientos permite detectar desviaciones, ineficiencias y \u00e1reas de oportunidad. Estas auditor\u00edas funcionan como una herramienta de control y diagn\u00f3stico.<br><\/li>\n\n\n\n<li><strong>Recoger feedback de los actores involucrados<\/strong>: Consultar a los usuarios internos, compradores, proveedores y otras partes interesadas a trav\u00e9s de encuestas, entrevistas o talleres participativos ayuda a identificar problemas operativos, necesidades no cubiertas y propuestas de mejora desde diferentes perspectivas.<br><\/li>\n\n\n\n<li><strong>Realizar benchmarking con l\u00edderes del sector<\/strong>: Comparar los procesos internos con los de organizaciones de referencia permite identificar pr\u00e1cticas innovadoras, tecnol\u00f3gicas o estrat\u00e9gicas que pueden adaptarse y replicarse para mejorar la gesti\u00f3n interna.<br><\/li>\n\n\n\n<li><strong>Actualizar la pol\u00edtica de compras seg\u00fan los hallazgos<\/strong>: Con base en la informaci\u00f3n recopilada, se deben revisar y ajustar los procedimientos, roles, responsabilidades y criterios de evaluaci\u00f3n, asegurando que la pol\u00edtica siga siendo efectiva, clara y adecuada a la realidad actual.<\/li>\n<\/ul>\n<\/div>\n<\/div>\n\n\n\n<p>Este enfoque sistem\u00e1tico de mejora continua no solo fomenta la adaptabilidad organizacional, sino que tambi\u00e9n refuerza la eficiencia operativa y la competitividad, posicionando al \u00e1rea de compras como un socio estrat\u00e9gico dentro de la empresa.<\/p>\n\n\n\n<hr class=\"wp-block-separator has-text-color has-alpha-channel-opacity has-background\" style=\"background-color:#bd5600;color:#bd5600\"\/>\n\n\n\n<h2 class=\"wp-block-heading\"><strong>Herramientas tecnol\u00f3gicas de apoyo<\/strong><\/h2>\n\n\n\n<p>La incorporaci\u00f3n de tecnolog\u00eda en el proceso de compras transforma la gesti\u00f3n tradicional en una operaci\u00f3n m\u00e1s eficiente, integrada y basada en datos. Estas herramientas no solo automatizan tareas repetitivas, sino que tambi\u00e9n fortalecen la trazabilidad, el control y la capacidad de an\u00e1lisis.<\/p>\n\n\n\n<div class=\"wp-block-columns is-layout-flex wp-container-core-columns-is-layout-9d6595d7 wp-block-columns-is-layout-flex\">\n<div class=\"wp-block-column is-vertically-aligned-center is-layout-flow wp-block-column-is-layout-flow\" style=\"flex-basis:33.33%\">\n<figure class=\"wp-block-image size-full\"><img loading=\"lazy\" decoding=\"async\" width=\"200\" height=\"400\" src=\"http:\/\/imecaf.com\/blog\/wp-content\/uploads\/herramientas-tecnicas-2.png\" alt=\"Herramientas tecnol\u00f3gicas\" class=\"wp-image-17687\" style=\"aspect-ratio:9\/16;object-fit:cover\" srcset=\"https:\/\/imecaf.com\/blog\/wp-content\/uploads\/herramientas-tecnicas-2.png 200w, https:\/\/imecaf.com\/blog\/wp-content\/uploads\/herramientas-tecnicas-2-150x300.png 150w\" sizes=\"auto, (max-width: 200px) 100vw, 200px\" \/><\/figure>\n<\/div>\n\n\n\n<div class=\"wp-block-column is-layout-flow wp-block-column-is-layout-flow\" style=\"flex-basis:66.66%\">\n<ul class=\"wp-block-list\">\n<li><strong>ERP con m\u00f3dulo de compras<\/strong> (como SAP, Oracle, Microsoft Dynamics): Permiten centralizar la informaci\u00f3n de compras, presupuestos, inventarios y proveedores en un solo sistema, lo que mejora la trazabilidad y evita la duplicidad de datos.<br><\/li>\n\n\n\n<li><strong>Plataformas de e\u2011procurement<\/strong> (Ariba, Jaggaer): Automatizan el flujo de solicitudes, evaluaciones de ofertas, comparativos de precios y procesos de aprobaci\u00f3n, reduciendo tiempos y errores humanos.<br><\/li>\n\n\n\n<li><strong>Sistemas de gesti\u00f3n de contratos<\/strong> (DocuSign, Icertis): Facilitan la firma electr\u00f3nica, el almacenamiento centralizado y el seguimiento del cumplimiento de contratos, brindando seguridad y acceso inmediato a la documentaci\u00f3n clave.<br><\/li>\n\n\n\n<li><strong>Herramientas de BI y anal\u00edtica<\/strong> (Power BI, Tableau): Ofrecen dashboards interactivos para visualizar indicadores de desempe\u00f1o (KPIs), detectar tendencias y realizar an\u00e1lisis predictivos que apoyen la toma de decisiones estrat\u00e9gicas.<\/li>\n<\/ul>\n<\/div>\n<\/div>\n\n\n\n<p>La integraci\u00f3n de estas tecnolog\u00edas permite que el \u00e1rea de compras pase de una funci\u00f3n operativa a una funci\u00f3n estrat\u00e9gica, reduciendo errores, optimizando tiempos y mejorando la transparencia.<\/p>\n\n\n\n<hr class=\"wp-block-separator has-text-color has-alpha-channel-opacity has-background\" style=\"background-color:#bd5600;color:#bd5600\"\/>\n\n\n\n<h2 class=\"wp-block-heading\"><strong>Conclusi\u00f3n<\/strong><\/h2>\n\n\n<div class=\"wp-block-image\">\n<figure class=\"alignright size-full is-resized\"><img loading=\"lazy\" decoding=\"async\" width=\"600\" height=\"850\" src=\"http:\/\/imecaf.com\/blog\/wp-content\/uploads\/conclusion-14.png\" alt=\"Conclusi\u00f3n\" class=\"wp-image-17692\" style=\"width:259px;height:auto\" srcset=\"https:\/\/imecaf.com\/blog\/wp-content\/uploads\/conclusion-14.png 600w, https:\/\/imecaf.com\/blog\/wp-content\/uploads\/conclusion-14-212x300.png 212w\" sizes=\"auto, (max-width: 600px) 100vw, 600px\" \/><\/figure>\n<\/div>\n\n\n<p>Las pol\u00edticas de compras no son un simple documento est\u00e1tico; representan una gu\u00eda viva que, bien dise\u00f1ada y aplicada, puede transformar el \u00e1rea de compras en un motor de eficiencia, ahorro y valor compartido. A trav\u00e9s de objetivos SMART, roles claros, procedimientos estandarizados, evaluaci\u00f3n objetiva de proveedores y un control riguroso, tu empresa estar\u00e1 lista para enfrentar desaf\u00edos, reducir riesgos y fortalecer su cadena de suministro.<\/p>\n\n\n\n<p>Si est\u00e1s listo para llevar tus adquisiciones al siguiente nivel, te invitamos a descubrir nuestro <strong><a href=\"https:\/\/imecaf.com\/108\">curso de Compras<\/a><\/strong>, donde profundizamos en metodolog\u00edas avanzadas, casos pr\u00e1cticos y herramientas digitales. Adem\u00e1s, no olvides leer nuestro art\u00edculo anterior: <strong><a href=\"http:\/\/imecaf.com\/blog\/2024\/11\/28\/departamento-de-compras-proceso-funciones-estrategias-y-tecnicas\/\">\u201cEl Departamento de Compras: Proceso, Funciones, Estrategias y T\u00e9cnicas Clave\u201d<\/a><\/strong> para complementar tu formaci\u00f3n y dominar cada etapa del proceso de compras.<\/p>\n\n\n\n<p>\u00a1Pon en pr\u00e1ctica estas recomendaciones y convi\u00e9rtete en un referente de excelencia en compras dentro de tu organizaci\u00f3n!<\/p>\n\n\n<figure class=\"wp-block-image\"><a href=\"http:\/\/imecaf.com\/blog\/wp-content\/uploads\/Politicas-de-Compras.pdf\"><img decoding=\"async\" style=\"width: 303px; height: auto;\" src=\"http:\/\/imecaf.com\/blog\/wp-content\/uploads\/Descargar-PDF-e1708732610860-1024x317.png\" alt=\"Pol\u00edticas de Compras - Descargar PDF\"\/><\/a><\/figure>","protected":false},"excerpt":{"rendered":"<p>Introducci\u00f3n En el entorno empresarial actual, marcado por la competitividad y la globalizaci\u00f3n, el \u00e1rea de compras se encuentra en el centro de la estrategia organizacional. Las pol\u00edticas de compras son mucho m\u00e1s que un conjunto de normas: constituyen el marco que asegura la eficiencia, la transparencia y la sostenibilidad en la adquisici\u00f3n de bienes &#8230; <a title=\"Pol\u00edticas de Compras en la Empresa: Gu\u00eda Completa y Pr\u00e1ctica\" class=\"read-more\" href=\"https:\/\/imecaf.com\/blog\/2025\/05\/09\/politicas-de-compras\/\">Leer m\u00e1s <span class=\"screen-reader-text\">Pol\u00edticas de Compras en la Empresa: Gu\u00eda Completa y Pr\u00e1ctica<\/span><\/a><\/p>\n","protected":false},"author":2,"featured_media":17671,"comment_status":"open","ping_status":"closed","sticky":false,"template":"","format":"standard","meta":{"footnotes":""},"categories":[11,290],"tags":[11521,6586,11517,1431,11520,5203,11522,10848,11524,2124,11515,11518,6898,3747,11516,11519],"class_list":["post-17670","post","type-post","status-publish","format-standard","has-post-thumbnail","hentry","category-administracion","category-articulos-administracion","tag-acuerdos","tag-alcance","tag-areas-de-aplicacion","tag-condiciones","tag-contratos","tag-control","tag-gestion-de-riesgos","tag-kpis","tag-mejora-continua","tag-objetivos","tag-politicas-de-compras","tag-responsabilidades","tag-roles","tag-seguimiento","tag-smart","tag-solicitud-de-propuesta"],"yoast_head":"<!-- This site is optimized with the Yoast SEO plugin v27.4 - https:\/\/yoast.com\/product\/yoast-seo-wordpress\/ -->\n<title>Pol\u00edticas de Compras - IMECAF - Blog<\/title>\n<meta name=\"description\" content=\"Optimiza adquisiciones con pol\u00edticas de compras eficientes, sostenibles, transparentes; mejora procesos, reduce riesgos, fortalece proveedores\" \/>\n<meta name=\"robots\" content=\"index, follow, max-snippet:-1, max-image-preview:large, max-video-preview:-1\" \/>\n<link rel=\"canonical\" href=\"https:\/\/imecaf.com\/blog\/2025\/05\/09\/politicas-de-compras\/\" \/>\n<meta property=\"og:locale\" content=\"es_ES\" \/>\n<meta property=\"og:type\" content=\"article\" \/>\n<meta property=\"og:title\" content=\"Pol\u00edticas de Compras en la Empresa: Gu\u00eda Completa y Pr\u00e1ctica\" \/>\n<meta property=\"og:description\" content=\"Optimiza tus adquisiciones con pol\u00edticas de compras eficientes, sostenibles y transparentes. Mejora procesos, reduce riesgos y fortalece proveedores.\" \/>\n<meta property=\"og:url\" content=\"https:\/\/imecaf.com\/blog\/2025\/05\/09\/politicas-de-compras\/\" \/>\n<meta property=\"og:site_name\" content=\"IMECAF - Blog\" \/>\n<meta property=\"article:publisher\" content=\"https:\/\/www.facebook.com\/IMECAF\" \/>\n<meta property=\"article:published_time\" content=\"2025-05-10T00:37:36+00:00\" \/>\n<meta property=\"article:modified_time\" content=\"2025-10-07T21:15:28+00:00\" \/>\n<meta property=\"og:image\" content=\"https:\/\/imecaf.com\/blog\/wp-content\/uploads\/Politicas-de-compras.jpg\" \/>\n\t<meta property=\"og:image:width\" content=\"1000\" \/>\n\t<meta property=\"og:image:height\" content=\"600\" \/>\n\t<meta property=\"og:image:type\" content=\"image\/jpeg\" \/>\n<meta name=\"author\" content=\"Equipo de IMECAF\" \/>\n<meta name=\"twitter:card\" content=\"summary_large_image\" \/>\n<meta name=\"twitter:title\" content=\"Pol\u00edticas de Compras en la Empresa: Gu\u00eda Completa y Pr\u00e1ctica\" \/>\n<meta name=\"twitter:description\" content=\"Optimiza tus adquisiciones con pol\u00edticas de compras eficientes, sostenibles y transparentes. Mejora procesos, reduce riesgos y fortalece proveedores.\" \/>\n<meta name=\"twitter:image\" content=\"https:\/\/imecaf.com\/blog\/wp-content\/uploads\/Politicas-de-compras.jpg\" \/>\n<meta name=\"twitter:creator\" content=\"@imecaf\" \/>\n<meta name=\"twitter:site\" content=\"@imecaf\" \/>\n<meta name=\"twitter:label1\" content=\"Escrito por\" \/>\n\t<meta name=\"twitter:data1\" content=\"Equipo de IMECAF\" \/>\n\t<meta name=\"twitter:label2\" content=\"Tiempo de lectura\" \/>\n\t<meta name=\"twitter:data2\" content=\"16 minutos\" \/>\n<script type=\"application\/ld+json\" class=\"yoast-schema-graph\">{\"@context\":\"https:\\\/\\\/schema.org\",\"@graph\":[{\"@type\":\"Article\",\"@id\":\"https:\\\/\\\/imecaf.com\\\/blog\\\/2025\\\/05\\\/09\\\/politicas-de-compras\\\/#article\",\"isPartOf\":{\"@id\":\"https:\\\/\\\/imecaf.com\\\/blog\\\/2025\\\/05\\\/09\\\/politicas-de-compras\\\/\"},\"author\":{\"name\":\"Equipo de IMECAF\",\"@id\":\"https:\\\/\\\/imecaf.com\\\/blog\\\/#\\\/schema\\\/person\\\/a69b9f3972250aa0b1fdb798f094b4c7\"},\"headline\":\"Pol\u00edticas de Compras en la Empresa: Gu\u00eda Completa y Pr\u00e1ctica\",\"datePublished\":\"2025-05-10T00:37:36+00:00\",\"dateModified\":\"2025-10-07T21:15:28+00:00\",\"mainEntityOfPage\":{\"@id\":\"https:\\\/\\\/imecaf.com\\\/blog\\\/2025\\\/05\\\/09\\\/politicas-de-compras\\\/\"},\"wordCount\":2812,\"commentCount\":0,\"publisher\":{\"@id\":\"https:\\\/\\\/imecaf.com\\\/blog\\\/#organization\"},\"image\":{\"@id\":\"https:\\\/\\\/imecaf.com\\\/blog\\\/2025\\\/05\\\/09\\\/politicas-de-compras\\\/#primaryimage\"},\"thumbnailUrl\":\"https:\\\/\\\/imecaf.com\\\/blog\\\/wp-content\\\/uploads\\\/Politicas-de-compras.jpg\",\"keywords\":[\"acuerdos\",\"alcance\",\"areas de aplicacion\",\"condiciones\",\"contratos\",\"control\",\"gestion de riesgos\",\"kpis\",\"mejora continua\",\"objetivos\",\"politicas de compras\",\"responsabilidades\",\"roles\",\"seguimiento\",\"smart\",\"solicitud de propuesta\"],\"articleSection\":[\"Administraci\u00f3n\",\"Art\u00edculos\"],\"inLanguage\":\"es\",\"potentialAction\":[{\"@type\":\"CommentAction\",\"name\":\"Comment\",\"target\":[\"https:\\\/\\\/imecaf.com\\\/blog\\\/2025\\\/05\\\/09\\\/politicas-de-compras\\\/#respond\"]}]},{\"@type\":\"WebPage\",\"@id\":\"https:\\\/\\\/imecaf.com\\\/blog\\\/2025\\\/05\\\/09\\\/politicas-de-compras\\\/\",\"url\":\"https:\\\/\\\/imecaf.com\\\/blog\\\/2025\\\/05\\\/09\\\/politicas-de-compras\\\/\",\"name\":\"Pol\u00edticas de Compras - IMECAF - Blog\",\"isPartOf\":{\"@id\":\"https:\\\/\\\/imecaf.com\\\/blog\\\/#website\"},\"primaryImageOfPage\":{\"@id\":\"https:\\\/\\\/imecaf.com\\\/blog\\\/2025\\\/05\\\/09\\\/politicas-de-compras\\\/#primaryimage\"},\"image\":{\"@id\":\"https:\\\/\\\/imecaf.com\\\/blog\\\/2025\\\/05\\\/09\\\/politicas-de-compras\\\/#primaryimage\"},\"thumbnailUrl\":\"https:\\\/\\\/imecaf.com\\\/blog\\\/wp-content\\\/uploads\\\/Politicas-de-compras.jpg\",\"datePublished\":\"2025-05-10T00:37:36+00:00\",\"dateModified\":\"2025-10-07T21:15:28+00:00\",\"description\":\"Optimiza adquisiciones con pol\u00edticas de compras eficientes, sostenibles, transparentes; mejora procesos, reduce riesgos, fortalece proveedores\",\"breadcrumb\":{\"@id\":\"https:\\\/\\\/imecaf.com\\\/blog\\\/2025\\\/05\\\/09\\\/politicas-de-compras\\\/#breadcrumb\"},\"inLanguage\":\"es\",\"potentialAction\":[{\"@type\":\"ReadAction\",\"target\":[\"https:\\\/\\\/imecaf.com\\\/blog\\\/2025\\\/05\\\/09\\\/politicas-de-compras\\\/\"]}]},{\"@type\":\"ImageObject\",\"inLanguage\":\"es\",\"@id\":\"https:\\\/\\\/imecaf.com\\\/blog\\\/2025\\\/05\\\/09\\\/politicas-de-compras\\\/#primaryimage\",\"url\":\"https:\\\/\\\/imecaf.com\\\/blog\\\/wp-content\\\/uploads\\\/Politicas-de-compras.jpg\",\"contentUrl\":\"https:\\\/\\\/imecaf.com\\\/blog\\\/wp-content\\\/uploads\\\/Politicas-de-compras.jpg\",\"width\":1000,\"height\":600,\"caption\":\"Pol\u00edticas de compras\"},{\"@type\":\"BreadcrumbList\",\"@id\":\"https:\\\/\\\/imecaf.com\\\/blog\\\/2025\\\/05\\\/09\\\/politicas-de-compras\\\/#breadcrumb\",\"itemListElement\":[{\"@type\":\"ListItem\",\"position\":1,\"name\":\"Portada\",\"item\":\"https:\\\/\\\/imecaf.com\\\/blog\\\/\"},{\"@type\":\"ListItem\",\"position\":2,\"name\":\"Pol\u00edticas de Compras en la Empresa: Gu\u00eda Completa y Pr\u00e1ctica\"}]},{\"@type\":\"WebSite\",\"@id\":\"https:\\\/\\\/imecaf.com\\\/blog\\\/#website\",\"url\":\"https:\\\/\\\/imecaf.com\\\/blog\\\/\",\"name\":\"IMECAF\",\"description\":\"Un lugar para expresar y compartir inquietudes dentro del mundo de la educaci\u00f3n.\",\"publisher\":{\"@id\":\"https:\\\/\\\/imecaf.com\\\/blog\\\/#organization\"},\"potentialAction\":[{\"@type\":\"SearchAction\",\"target\":{\"@type\":\"EntryPoint\",\"urlTemplate\":\"https:\\\/\\\/imecaf.com\\\/blog\\\/?s={search_term_string}\"},\"query-input\":{\"@type\":\"PropertyValueSpecification\",\"valueRequired\":true,\"valueName\":\"search_term_string\"}}],\"inLanguage\":\"es\"},{\"@type\":\"Organization\",\"@id\":\"https:\\\/\\\/imecaf.com\\\/blog\\\/#organization\",\"name\":\"IMECAF - Instituto Mexicano de Contabilidad, Administraci\u00f3n y Finanzas\",\"url\":\"https:\\\/\\\/imecaf.com\\\/blog\\\/\",\"logo\":{\"@type\":\"ImageObject\",\"inLanguage\":\"es\",\"@id\":\"https:\\\/\\\/imecaf.com\\\/blog\\\/#\\\/schema\\\/logo\\\/image\\\/\",\"url\":\"https:\\\/\\\/imecaf.com\\\/blog\\\/wp-content\\\/uploads\\\/IMECAF.Logo_.25.png\",\"contentUrl\":\"https:\\\/\\\/imecaf.com\\\/blog\\\/wp-content\\\/uploads\\\/IMECAF.Logo_.25.png\",\"width\":350,\"height\":350,\"caption\":\"IMECAF - Instituto Mexicano de Contabilidad, Administraci\u00f3n y Finanzas\"},\"image\":{\"@id\":\"https:\\\/\\\/imecaf.com\\\/blog\\\/#\\\/schema\\\/logo\\\/image\\\/\"},\"sameAs\":[\"https:\\\/\\\/www.facebook.com\\\/IMECAF\",\"https:\\\/\\\/x.com\\\/imecaf\",\"https:\\\/\\\/www.linkedin.com\\\/company\\\/imecaf\\\/\",\"https:\\\/\\\/www.youtube.com\\\/imecaf\",\"https:\\\/\\\/www.instagram.com\\\/imecaf_mx\\\/\",\"https:\\\/\\\/imecaf.negocio.site\\\/\"]},{\"@type\":\"Person\",\"@id\":\"https:\\\/\\\/imecaf.com\\\/blog\\\/#\\\/schema\\\/person\\\/a69b9f3972250aa0b1fdb798f094b4c7\",\"name\":\"Equipo de IMECAF\",\"image\":{\"@type\":\"ImageObject\",\"inLanguage\":\"es\",\"@id\":\"https:\\\/\\\/secure.gravatar.com\\\/avatar\\\/4b4242953c12937bd47e298d7922b4d01ffafe2955ce4235d318b8950782aa13?s=96&d=mm&r=g\",\"url\":\"https:\\\/\\\/secure.gravatar.com\\\/avatar\\\/4b4242953c12937bd47e298d7922b4d01ffafe2955ce4235d318b8950782aa13?s=96&d=mm&r=g\",\"contentUrl\":\"https:\\\/\\\/secure.gravatar.com\\\/avatar\\\/4b4242953c12937bd47e298d7922b4d01ffafe2955ce4235d318b8950782aa13?s=96&d=mm&r=g\",\"caption\":\"Equipo de IMECAF\"},\"url\":\"https:\\\/\\\/imecaf.com\\\/blog\\\/author\\\/mfonticoba\\\/\"}]}<\/script>\n<!-- \/ Yoast SEO plugin. -->","yoast_head_json":{"title":"Pol\u00edticas de Compras - IMECAF - Blog","description":"Optimiza adquisiciones con pol\u00edticas de compras eficientes, sostenibles, transparentes; mejora procesos, reduce riesgos, fortalece proveedores","robots":{"index":"index","follow":"follow","max-snippet":"max-snippet:-1","max-image-preview":"max-image-preview:large","max-video-preview":"max-video-preview:-1"},"canonical":"https:\/\/imecaf.com\/blog\/2025\/05\/09\/politicas-de-compras\/","og_locale":"es_ES","og_type":"article","og_title":"Pol\u00edticas de Compras en la Empresa: Gu\u00eda Completa y Pr\u00e1ctica","og_description":"Optimiza tus adquisiciones con pol\u00edticas de compras eficientes, sostenibles y transparentes. Mejora procesos, reduce riesgos y fortalece proveedores.","og_url":"https:\/\/imecaf.com\/blog\/2025\/05\/09\/politicas-de-compras\/","og_site_name":"IMECAF - Blog","article_publisher":"https:\/\/www.facebook.com\/IMECAF","article_published_time":"2025-05-10T00:37:36+00:00","article_modified_time":"2025-10-07T21:15:28+00:00","og_image":[{"width":1000,"height":600,"url":"https:\/\/imecaf.com\/blog\/wp-content\/uploads\/Politicas-de-compras.jpg","type":"image\/jpeg"}],"author":"Equipo de IMECAF","twitter_card":"summary_large_image","twitter_title":"Pol\u00edticas de Compras en la Empresa: Gu\u00eda Completa y Pr\u00e1ctica","twitter_description":"Optimiza tus adquisiciones con pol\u00edticas de compras eficientes, sostenibles y transparentes. Mejora procesos, reduce riesgos y fortalece proveedores.","twitter_image":"https:\/\/imecaf.com\/blog\/wp-content\/uploads\/Politicas-de-compras.jpg","twitter_creator":"@imecaf","twitter_site":"@imecaf","twitter_misc":{"Escrito por":"Equipo de IMECAF","Tiempo de lectura":"16 minutos"},"schema":{"@context":"https:\/\/schema.org","@graph":[{"@type":"Article","@id":"https:\/\/imecaf.com\/blog\/2025\/05\/09\/politicas-de-compras\/#article","isPartOf":{"@id":"https:\/\/imecaf.com\/blog\/2025\/05\/09\/politicas-de-compras\/"},"author":{"name":"Equipo de IMECAF","@id":"https:\/\/imecaf.com\/blog\/#\/schema\/person\/a69b9f3972250aa0b1fdb798f094b4c7"},"headline":"Pol\u00edticas de Compras en la Empresa: Gu\u00eda Completa y Pr\u00e1ctica","datePublished":"2025-05-10T00:37:36+00:00","dateModified":"2025-10-07T21:15:28+00:00","mainEntityOfPage":{"@id":"https:\/\/imecaf.com\/blog\/2025\/05\/09\/politicas-de-compras\/"},"wordCount":2812,"commentCount":0,"publisher":{"@id":"https:\/\/imecaf.com\/blog\/#organization"},"image":{"@id":"https:\/\/imecaf.com\/blog\/2025\/05\/09\/politicas-de-compras\/#primaryimage"},"thumbnailUrl":"https:\/\/imecaf.com\/blog\/wp-content\/uploads\/Politicas-de-compras.jpg","keywords":["acuerdos","alcance","areas de aplicacion","condiciones","contratos","control","gestion de riesgos","kpis","mejora continua","objetivos","politicas de compras","responsabilidades","roles","seguimiento","smart","solicitud de propuesta"],"articleSection":["Administraci\u00f3n","Art\u00edculos"],"inLanguage":"es","potentialAction":[{"@type":"CommentAction","name":"Comment","target":["https:\/\/imecaf.com\/blog\/2025\/05\/09\/politicas-de-compras\/#respond"]}]},{"@type":"WebPage","@id":"https:\/\/imecaf.com\/blog\/2025\/05\/09\/politicas-de-compras\/","url":"https:\/\/imecaf.com\/blog\/2025\/05\/09\/politicas-de-compras\/","name":"Pol\u00edticas de Compras - IMECAF - Blog","isPartOf":{"@id":"https:\/\/imecaf.com\/blog\/#website"},"primaryImageOfPage":{"@id":"https:\/\/imecaf.com\/blog\/2025\/05\/09\/politicas-de-compras\/#primaryimage"},"image":{"@id":"https:\/\/imecaf.com\/blog\/2025\/05\/09\/politicas-de-compras\/#primaryimage"},"thumbnailUrl":"https:\/\/imecaf.com\/blog\/wp-content\/uploads\/Politicas-de-compras.jpg","datePublished":"2025-05-10T00:37:36+00:00","dateModified":"2025-10-07T21:15:28+00:00","description":"Optimiza adquisiciones con pol\u00edticas de compras eficientes, sostenibles, transparentes; mejora procesos, reduce riesgos, fortalece proveedores","breadcrumb":{"@id":"https:\/\/imecaf.com\/blog\/2025\/05\/09\/politicas-de-compras\/#breadcrumb"},"inLanguage":"es","potentialAction":[{"@type":"ReadAction","target":["https:\/\/imecaf.com\/blog\/2025\/05\/09\/politicas-de-compras\/"]}]},{"@type":"ImageObject","inLanguage":"es","@id":"https:\/\/imecaf.com\/blog\/2025\/05\/09\/politicas-de-compras\/#primaryimage","url":"https:\/\/imecaf.com\/blog\/wp-content\/uploads\/Politicas-de-compras.jpg","contentUrl":"https:\/\/imecaf.com\/blog\/wp-content\/uploads\/Politicas-de-compras.jpg","width":1000,"height":600,"caption":"Pol\u00edticas de compras"},{"@type":"BreadcrumbList","@id":"https:\/\/imecaf.com\/blog\/2025\/05\/09\/politicas-de-compras\/#breadcrumb","itemListElement":[{"@type":"ListItem","position":1,"name":"Portada","item":"https:\/\/imecaf.com\/blog\/"},{"@type":"ListItem","position":2,"name":"Pol\u00edticas de Compras en la Empresa: Gu\u00eda Completa y Pr\u00e1ctica"}]},{"@type":"WebSite","@id":"https:\/\/imecaf.com\/blog\/#website","url":"https:\/\/imecaf.com\/blog\/","name":"IMECAF","description":"Un lugar para expresar y compartir inquietudes dentro del mundo de la educaci\u00f3n.","publisher":{"@id":"https:\/\/imecaf.com\/blog\/#organization"},"potentialAction":[{"@type":"SearchAction","target":{"@type":"EntryPoint","urlTemplate":"https:\/\/imecaf.com\/blog\/?s={search_term_string}"},"query-input":{"@type":"PropertyValueSpecification","valueRequired":true,"valueName":"search_term_string"}}],"inLanguage":"es"},{"@type":"Organization","@id":"https:\/\/imecaf.com\/blog\/#organization","name":"IMECAF - Instituto Mexicano de Contabilidad, Administraci\u00f3n y Finanzas","url":"https:\/\/imecaf.com\/blog\/","logo":{"@type":"ImageObject","inLanguage":"es","@id":"https:\/\/imecaf.com\/blog\/#\/schema\/logo\/image\/","url":"https:\/\/imecaf.com\/blog\/wp-content\/uploads\/IMECAF.Logo_.25.png","contentUrl":"https:\/\/imecaf.com\/blog\/wp-content\/uploads\/IMECAF.Logo_.25.png","width":350,"height":350,"caption":"IMECAF - Instituto Mexicano de Contabilidad, Administraci\u00f3n y Finanzas"},"image":{"@id":"https:\/\/imecaf.com\/blog\/#\/schema\/logo\/image\/"},"sameAs":["https:\/\/www.facebook.com\/IMECAF","https:\/\/x.com\/imecaf","https:\/\/www.linkedin.com\/company\/imecaf\/","https:\/\/www.youtube.com\/imecaf","https:\/\/www.instagram.com\/imecaf_mx\/","https:\/\/imecaf.negocio.site\/"]},{"@type":"Person","@id":"https:\/\/imecaf.com\/blog\/#\/schema\/person\/a69b9f3972250aa0b1fdb798f094b4c7","name":"Equipo de IMECAF","image":{"@type":"ImageObject","inLanguage":"es","@id":"https:\/\/secure.gravatar.com\/avatar\/4b4242953c12937bd47e298d7922b4d01ffafe2955ce4235d318b8950782aa13?s=96&d=mm&r=g","url":"https:\/\/secure.gravatar.com\/avatar\/4b4242953c12937bd47e298d7922b4d01ffafe2955ce4235d318b8950782aa13?s=96&d=mm&r=g","contentUrl":"https:\/\/secure.gravatar.com\/avatar\/4b4242953c12937bd47e298d7922b4d01ffafe2955ce4235d318b8950782aa13?s=96&d=mm&r=g","caption":"Equipo de IMECAF"},"url":"https:\/\/imecaf.com\/blog\/author\/mfonticoba\/"}]}},"_links":{"self":[{"href":"https:\/\/imecaf.com\/blog\/wp-json\/wp\/v2\/posts\/17670","targetHints":{"allow":["GET"]}}],"collection":[{"href":"https:\/\/imecaf.com\/blog\/wp-json\/wp\/v2\/posts"}],"about":[{"href":"https:\/\/imecaf.com\/blog\/wp-json\/wp\/v2\/types\/post"}],"author":[{"embeddable":true,"href":"https:\/\/imecaf.com\/blog\/wp-json\/wp\/v2\/users\/2"}],"replies":[{"embeddable":true,"href":"https:\/\/imecaf.com\/blog\/wp-json\/wp\/v2\/comments?post=17670"}],"version-history":[{"count":1,"href":"https:\/\/imecaf.com\/blog\/wp-json\/wp\/v2\/posts\/17670\/revisions"}],"predecessor-version":[{"id":18953,"href":"https:\/\/imecaf.com\/blog\/wp-json\/wp\/v2\/posts\/17670\/revisions\/18953"}],"wp:featuredmedia":[{"embeddable":true,"href":"https:\/\/imecaf.com\/blog\/wp-json\/wp\/v2\/media\/17671"}],"wp:attachment":[{"href":"https:\/\/imecaf.com\/blog\/wp-json\/wp\/v2\/media?parent=17670"}],"wp:term":[{"taxonomy":"category","embeddable":true,"href":"https:\/\/imecaf.com\/blog\/wp-json\/wp\/v2\/categories?post=17670"},{"taxonomy":"post_tag","embeddable":true,"href":"https:\/\/imecaf.com\/blog\/wp-json\/wp\/v2\/tags?post=17670"}],"curies":[{"name":"wp","href":"https:\/\/api.w.org\/{rel}","templated":true}]}}