{"id":17730,"date":"2025-05-15T17:16:41","date_gmt":"2025-05-15T23:16:41","guid":{"rendered":"http:\/\/imecaf.com\/blog\/?p=17730"},"modified":"2025-10-07T15:14:17","modified_gmt":"2025-10-07T21:14:17","slug":"liderazgo-democratico","status":"publish","type":"post","link":"https:\/\/imecaf.com\/blog\/2025\/05\/15\/liderazgo-democratico\/","title":{"rendered":"Liderazgo Democr\u00e1tico: Clave para Equipos M\u00e1s Comprometidos y Productivos"},"content":{"rendered":"<span class=\"span-reading-time rt-reading-time\" style=\"display: block;\"><span class=\"rt-label rt-prefix\">Tiempo de lectura:<\/span> <span class=\"rt-time\"> 7<\/span> <span class=\"rt-label rt-postfix\">minutos<\/span><\/span><div class=\"wp-block-image\">\n<figure class=\"aligncenter size-full\"><img loading=\"lazy\" decoding=\"async\" width=\"1000\" height=\"600\" src=\"http:\/\/imecaf.com\/blog\/wp-content\/uploads\/Liderazgo-Democratico-1.jpg\" alt=\"Liderazgo Democr\u00e1tico\" class=\"wp-image-17731\" srcset=\"https:\/\/imecaf.com\/blog\/wp-content\/uploads\/Liderazgo-Democratico-1.jpg 1000w, https:\/\/imecaf.com\/blog\/wp-content\/uploads\/Liderazgo-Democratico-1-300x180.jpg 300w, https:\/\/imecaf.com\/blog\/wp-content\/uploads\/Liderazgo-Democratico-1-768x461.jpg 768w\" sizes=\"auto, (max-width: 1000px) 100vw, 1000px\" \/><\/figure>\n<\/div>\n\n\n<h2 class=\"wp-block-heading\"><strong>Introducci\u00f3n<\/strong><\/h2>\n\n\n\n<p>\u00bfEs posible liderar de forma participativa sin perder eficacia? En un mundo empresarial donde la colaboraci\u00f3n y el compromiso son cada vez m\u00e1s valorados, el liderazgo democr\u00e1tico emerge como una de las formas m\u00e1s efectivas de gesti\u00f3n. Este estilo busca involucrar a los miembros del equipo en la toma de decisiones, fomentar la creatividad colectiva y crear un ambiente laboral m\u00e1s justo y motivador.<\/p>\n\n\n\n<p>En este art\u00edculo exploraremos a fondo qu\u00e9 es el liderazgo democr\u00e1tico, sus caracter\u00edsticas principales, ventajas, desaf\u00edos, ejemplos de aplicaci\u00f3n y consejos pr\u00e1cticos para implementarlo. Tambi\u00e9n haremos una comparaci\u00f3n amplia con otros estilos de liderazgo, incluiremos errores comunes al aplicarlo y una tabla comparativa detallada. Te ofreceremos claves para saber si este modelo es el adecuado para tu organizaci\u00f3n.<\/p>\n\n\n\n<hr class=\"wp-block-separator has-text-color has-alpha-channel-opacity has-background\" style=\"background-color:#bd5600;color:#bd5600\"\/>\n\n\n\n<h2 class=\"wp-block-heading\"><strong>\u00bfQu\u00e9 es el liderazgo democr\u00e1tico?<\/strong><\/h2>\n\n\n\n<p>El liderazgo democr\u00e1tico, tambi\u00e9n conocido como liderazgo participativo, es un estilo de direcci\u00f3n en el cual el l\u00edder fomenta la participaci\u00f3n activa del equipo en la toma de decisiones. Aunque la \u00faltima palabra suele ser del l\u00edder, este estilo se basa en la consulta, el consenso y la valoraci\u00f3n de las opiniones del grupo.<\/p>\n\n\n\n<h3 class=\"wp-block-heading\"><strong>Origen y evoluci\u00f3n del concepto<\/strong><\/h3>\n\n\n\n<div class=\"wp-block-media-text\" style=\"grid-template-columns:35% auto\"><figure class=\"wp-block-media-text__media\"><img loading=\"lazy\" decoding=\"async\" width=\"472\" height=\"600\" src=\"http:\/\/imecaf.com\/blog\/wp-content\/uploads\/Kurt-Lewin.jpg\" alt=\"Kurt Lewin\" class=\"wp-image-17732 size-full\" srcset=\"https:\/\/imecaf.com\/blog\/wp-content\/uploads\/Kurt-Lewin.jpg 472w, https:\/\/imecaf.com\/blog\/wp-content\/uploads\/Kurt-Lewin-236x300.jpg 236w\" sizes=\"auto, (max-width: 472px) 100vw, 472px\" \/><\/figure><div class=\"wp-block-media-text__content\">\n<p>El t\u00e9rmino se populariz\u00f3 gracias a los estudios de Kurt Lewin en la d\u00e9cada de 1930, quien identific\u00f3 tres estilos de liderazgo: autocr\u00e1tico, democr\u00e1tico y laissez-faire. Lewin descubri\u00f3 que los equipos dirigidos con un enfoque democr\u00e1tico mostraban mayor compromiso y productividad a largo plazo.<\/p>\n\n\n\n<p>Con el paso del tiempo, el concepto evolucion\u00f3. Hoy en d\u00eda, es considerado un modelo ideal en empresas que valoran la innovaci\u00f3n, la flexibilidad y la inteligencia colectiva. En el entorno actual, donde la adaptabilidad y la creatividad son fundamentales, este tipo de liderazgo ha cobrado nueva relevancia.<\/p>\n<\/div><\/div>\n\n\n\n<figure class=\"wp-block-embed is-type-video is-provider-youtube wp-block-embed-youtube wp-embed-aspect-9-16 wp-has-aspect-ratio\"><div class=\"wp-block-embed__wrapper\">\n<iframe loading=\"lazy\" title=\"Caracter\u00edsticas y ventajas del liderazgo democr\u00e1tico\" width=\"563\" height=\"1000\" src=\"https:\/\/www.youtube.com\/embed\/7jtsE1O_M5M?feature=oembed\" frameborder=\"0\" allow=\"accelerometer; autoplay; clipboard-write; encrypted-media; gyroscope; picture-in-picture; web-share\" referrerpolicy=\"strict-origin-when-cross-origin\" allowfullscreen><\/iframe>\n<\/div><\/figure>\n\n\n\n<div class=\"wp-block-cover\"><span aria-hidden=\"true\" class=\"wp-block-cover__background has-background-dim-80 has-background-dim\" style=\"background-color:#19347f\"><\/span><div class=\"wp-block-cover__inner-container is-layout-constrained wp-block-cover-is-layout-constrained\">\n<div class=\"wp-block-media-text\" style=\"grid-template-columns:40% auto\"><figure class=\"wp-block-media-text__media\"><img loading=\"lazy\" decoding=\"async\" width=\"600\" height=\"900\" src=\"http:\/\/imecaf.com\/blog\/wp-content\/uploads\/caracteristicas.jpg\" alt=\"Caracter\u00edsticas principales del Liderazgo Democr\u00e1tico\" class=\"wp-image-17741 size-full\" srcset=\"https:\/\/imecaf.com\/blog\/wp-content\/uploads\/caracteristicas.jpg 600w, https:\/\/imecaf.com\/blog\/wp-content\/uploads\/caracteristicas-200x300.jpg 200w\" sizes=\"auto, (max-width: 600px) 100vw, 600px\" \/><\/figure><div class=\"wp-block-media-text__content\">\n<h3 class=\"wp-block-heading has-white-color has-text-color has-link-color wp-elements-2ba9875ce197d066ff0a0bb1925095ef\"><strong>Caracter\u00edsticas principales<\/strong><\/h3>\n\n\n\n<ul class=\"wp-block-list\">\n<li>Comunicaci\u00f3n abierta y bidireccional.<\/li>\n\n\n\n<li>Toma de decisiones colaborativa.<\/li>\n\n\n\n<li>Valoraci\u00f3n de las ideas individuales.<\/li>\n\n\n\n<li>Alto nivel de empat\u00eda y escucha activa.<\/li>\n\n\n\n<li>Transparencia en los procesos.<\/li>\n\n\n\n<li>Fomento de la autonom\u00eda y la responsabilidad.<\/li>\n\n\n\n<li>Orientaci\u00f3n al desarrollo del talento.<\/li>\n\n\n\n<li>Promoci\u00f3n del aprendizaje continuo.<\/li>\n\n\n\n<li>Inclusi\u00f3n y diversidad de pensamiento.<\/li>\n\n\n\n<li>Flexibilidad ante el cambio.<\/li>\n<\/ul>\n<\/div><\/div>\n<\/div><\/div>\n\n\n\n<hr class=\"wp-block-separator has-text-color has-alpha-channel-opacity has-background\" style=\"background-color:#bd5600;color:#bd5600\"\/>\n\n\n\n<h2 class=\"wp-block-heading\"><strong>Ventajas del liderazgo democr\u00e1tico<\/strong><\/h2>\n\n\n\n<p>Adoptar un enfoque democr\u00e1tico en la gesti\u00f3n puede ofrecer beneficios notables, tanto para los l\u00edderes como para los miembros del equipo.<\/p>\n\n\n\n<div class=\"wp-block-columns is-not-stacked-on-mobile is-layout-flex wp-container-core-columns-is-layout-9d6595d7 wp-block-columns-is-layout-flex\">\n<div class=\"wp-block-column is-vertically-aligned-center is-layout-flow wp-block-column-is-layout-flow\" style=\"flex-basis:33.33%\">\n<figure class=\"wp-block-image size-full\"><a href=\"http:\/\/imecaf.com\/blog\/wp-content\/uploads\/ventajas-1.jpg\"><img loading=\"lazy\" decoding=\"async\" width=\"600\" height=\"900\" src=\"http:\/\/imecaf.com\/blog\/wp-content\/uploads\/ventajas-1.jpg\" alt=\"Ventajas del Liderazgo Democr\u00e1tico\" class=\"wp-image-17733\" style=\"aspect-ratio:9\/16;object-fit:cover\" srcset=\"https:\/\/imecaf.com\/blog\/wp-content\/uploads\/ventajas-1.jpg 600w, https:\/\/imecaf.com\/blog\/wp-content\/uploads\/ventajas-1-200x300.jpg 200w\" sizes=\"auto, (max-width: 600px) 100vw, 600px\" \/><\/a><\/figure>\n<\/div>\n\n\n\n<div class=\"wp-block-column is-layout-flow wp-block-column-is-layout-flow\"><\/div>\n\n\n\n<div class=\"wp-block-column is-layout-flow wp-block-column-is-layout-flow\" style=\"flex-basis:66.66%\">\n<h4 class=\"wp-block-heading\"><strong>Mayor compromiso del equipo<\/strong><\/h4>\n\n\n\n<p>Cuando los colaboradores sienten que su opini\u00f3n cuenta, se sienten m\u00e1s valorados y comprometidos con los objetivos del grupo. Esto se traduce en mayor motivaci\u00f3n, menor rotaci\u00f3n de personal y mayor productividad.<\/p>\n\n\n\n<h4 class=\"wp-block-heading\"><strong>Mejor toma de decisiones<\/strong><\/h4>\n\n\n\n<p>La diversidad de ideas permite considerar diferentes perspectivas, lo que lleva a decisiones m\u00e1s informadas y equilibradas. Al integrar opiniones de distintos niveles jer\u00e1rquicos, se logra una visi\u00f3n m\u00e1s completa del panorama.<\/p>\n\n\n\n<h4 class=\"wp-block-heading\"><strong>Fomento de la creatividad e innovaci\u00f3n<\/strong><\/h4>\n\n\n\n<p>Los equipos democr\u00e1ticos suelen generar m\u00e1s ideas y soluciones novedosas, gracias a un ambiente de confianza y apertura. Esto es especialmente valioso en sectores como tecnolog\u00eda, dise\u00f1o o marketing, donde la innovaci\u00f3n es clave para competir.<\/p>\n<\/div>\n<\/div>\n\n\n\n<div class=\"wp-block-columns is-not-stacked-on-mobile is-layout-flex wp-container-core-columns-is-layout-9d6595d7 wp-block-columns-is-layout-flex\">\n<div class=\"wp-block-column is-layout-flow wp-block-column-is-layout-flow\" style=\"flex-basis:66.66%\">\n<h4 class=\"wp-block-heading has-text-align-right\"><strong>Clima laboral saludable<\/strong><\/h4>\n\n\n\n<p class=\"has-text-align-right\">Un entorno donde se escucha y respeta a todos fomenta relaciones laborales m\u00e1s sanas y colaborativas. Adem\u00e1s, reduce el estr\u00e9s laboral, mejora la comunicaci\u00f3n y fortalece la cohesi\u00f3n del equipo.<\/p>\n\n\n\n<h4 class=\"wp-block-heading has-text-align-right\"><strong>Desarrollo del talento<\/strong><\/h4>\n\n\n\n<p class=\"has-text-align-right\">Al participar en la toma de decisiones, los colaboradores desarrollan habilidades de liderazgo, an\u00e1lisis, comunicaci\u00f3n y resoluci\u00f3n de problemas. Esto fortalece la cultura organizacional y crea una cantera de futuros l\u00edderes.<\/p>\n\n\n\n<h4 class=\"wp-block-heading has-text-align-right\"><strong>Promoci\u00f3n del sentido de pertenencia<\/strong><\/h4>\n\n\n\n<p class=\"has-text-align-right\">La implicaci\u00f3n activa en los procesos genera un v\u00ednculo emocional con la organizaci\u00f3n. Los colaboradores no solo cumplen funciones; se convierten en parte del proyecto.<\/p>\n<\/div>\n\n\n\n<div class=\"wp-block-column is-layout-flow wp-block-column-is-layout-flow\"><\/div>\n\n\n\n<div class=\"wp-block-column is-vertically-aligned-center is-layout-flow wp-block-column-is-layout-flow\" style=\"flex-basis:33.33%\">\n<figure class=\"wp-block-image size-full\"><a href=\"http:\/\/imecaf.com\/blog\/wp-content\/uploads\/ventajas-2.jpg\"><img loading=\"lazy\" decoding=\"async\" width=\"600\" height=\"900\" src=\"http:\/\/imecaf.com\/blog\/wp-content\/uploads\/ventajas-2.jpg\" alt=\"Ventajas del Liderazgo Democr\u00e1tico (2)\" class=\"wp-image-17734\" style=\"aspect-ratio:9\/16;object-fit:cover\" srcset=\"https:\/\/imecaf.com\/blog\/wp-content\/uploads\/ventajas-2.jpg 600w, https:\/\/imecaf.com\/blog\/wp-content\/uploads\/ventajas-2-200x300.jpg 200w\" sizes=\"auto, (max-width: 600px) 100vw, 600px\" \/><\/a><\/figure>\n<\/div>\n<\/div>\n\n\n\n<hr class=\"wp-block-separator has-text-color has-alpha-channel-opacity has-background\" style=\"background-color:#bd5600;color:#bd5600\"\/>\n\n\n\n<h2 class=\"wp-block-heading\"><strong>Desventajas y desaf\u00edos del liderazgo democr\u00e1tico<\/strong><\/h2>\n\n\n\n<p>Como cualquier estilo, el liderazgo democr\u00e1tico no est\u00e1 exento de retos.<\/p>\n\n\n\n<div class=\"wp-block-columns is-not-stacked-on-mobile is-layout-flex wp-container-core-columns-is-layout-9d6595d7 wp-block-columns-is-layout-flex\">\n<div class=\"wp-block-column is-vertically-aligned-center is-layout-flow wp-block-column-is-layout-flow\" style=\"flex-basis:33.33%\">\n<figure class=\"wp-block-image size-full\"><a href=\"http:\/\/imecaf.com\/blog\/wp-content\/uploads\/desventajas-1.jpg\"><img loading=\"lazy\" decoding=\"async\" width=\"600\" height=\"900\" src=\"http:\/\/imecaf.com\/blog\/wp-content\/uploads\/desventajas-1.jpg\" alt=\"Desventajas del Liderazgo Democr\u00e1tico\" class=\"wp-image-17735\" style=\"aspect-ratio:9\/16;object-fit:cover\" srcset=\"https:\/\/imecaf.com\/blog\/wp-content\/uploads\/desventajas-1.jpg 600w, https:\/\/imecaf.com\/blog\/wp-content\/uploads\/desventajas-1-200x300.jpg 200w\" sizes=\"auto, (max-width: 600px) 100vw, 600px\" \/><\/a><\/figure>\n<\/div>\n\n\n\n<div class=\"wp-block-column is-layout-flow wp-block-column-is-layout-flow\"><\/div>\n\n\n\n<div class=\"wp-block-column is-layout-flow wp-block-column-is-layout-flow\" style=\"flex-basis:66.66%\">\n<h4 class=\"wp-block-heading\"><strong>Toma de decisiones m\u00e1s lenta<\/strong><\/h4>\n\n\n\n<p>Involucrar a todo el equipo puede ralentizar ciertos procesos, especialmente cuando se requiere actuar con rapidez. Esto puede ser un problema en entornos altamente competitivos o de respuesta inmediata.<\/p>\n\n\n\n<h4 class=\"wp-block-heading\"><strong>Posibles conflictos o falta de consenso<\/strong><\/h4>\n\n\n\n<p>Si no se gestiona adecuadamente, la pluralidad de ideas puede derivar en desacuerdos prolongados o falta de direcci\u00f3n clara. Un liderazgo d\u00e9bil puede permitir que las diferencias bloqueen la acci\u00f3n.<\/p>\n\n\n\n<h4 class=\"wp-block-heading\"><strong>Exige habilidades avanzadas de liderazgo<\/strong><\/h4>\n\n\n\n<p>No cualquier l\u00edder puede ejercer este estilo con \u00e9xito; se requieren competencias como la empat\u00eda, la comunicaci\u00f3n efectiva y el manejo de conflictos. Adem\u00e1s, se necesita una alta inteligencia emocional para equilibrar las decisiones grupales con los objetivos estrat\u00e9gicos.<\/p>\n<\/div>\n<\/div>\n\n\n\n<div class=\"wp-block-columns is-layout-flex wp-container-core-columns-is-layout-9d6595d7 wp-block-columns-is-layout-flex\">\n<div class=\"wp-block-column is-layout-flow wp-block-column-is-layout-flow\" style=\"flex-basis:66.66%\">\n<h4 class=\"wp-block-heading has-text-align-right\"><strong>No es adecuado para todos los contextos<\/strong><\/h4>\n\n\n\n<p class=\"has-text-align-right\">En situaciones de crisis, emergencias o con equipos poco experimentados, este estilo puede resultar ineficiente o incluso contraproducente.<\/p>\n\n\n\n<h4 class=\"wp-block-heading has-text-align-right\"><strong>Riesgo de dispersi\u00f3n<\/strong><\/h4>\n\n\n\n<p class=\"has-text-align-right\">Un exceso de participaci\u00f3n puede hacer que el foco estrat\u00e9gico se diluya, especialmente si no se definen bien los roles ni las responsabilidades.<\/p>\n<\/div>\n\n\n\n<div class=\"wp-block-column is-layout-flow wp-block-column-is-layout-flow\"><\/div>\n\n\n\n<div class=\"wp-block-column is-layout-flow wp-block-column-is-layout-flow\" style=\"flex-basis:33.33%\">\n<figure class=\"wp-block-image size-full\"><img loading=\"lazy\" decoding=\"async\" width=\"600\" height=\"694\" src=\"http:\/\/imecaf.com\/blog\/wp-content\/uploads\/desventajas-2.jpg\" alt=\"Desventajas del Liderazgo Democr\u00e1tico (2)\" class=\"wp-image-17736\" srcset=\"https:\/\/imecaf.com\/blog\/wp-content\/uploads\/desventajas-2.jpg 600w, https:\/\/imecaf.com\/blog\/wp-content\/uploads\/desventajas-2-259x300.jpg 259w\" sizes=\"auto, (max-width: 600px) 100vw, 600px\" \/><\/figure>\n<\/div>\n<\/div>\n\n\n\n<hr class=\"wp-block-separator has-text-color has-alpha-channel-opacity has-background\" style=\"background-color:#bd5600;color:#bd5600\"\/>\n\n\n\n<h2 class=\"wp-block-heading\"><strong>Ejemplos de liderazgo democr\u00e1tico en acci\u00f3n<\/strong><\/h2>\n\n\n\n<div class=\"wp-block-media-text\" style=\"grid-template-columns:25% auto\"><figure class=\"wp-block-media-text__media\"><img loading=\"lazy\" decoding=\"async\" width=\"200\" height=\"200\" src=\"http:\/\/imecaf.com\/blog\/wp-content\/uploads\/microsoft.jpg\" alt=\"Satya Nadella - Microsoft\" class=\"wp-image-17737 size-full\" srcset=\"https:\/\/imecaf.com\/blog\/wp-content\/uploads\/microsoft.jpg 200w, https:\/\/imecaf.com\/blog\/wp-content\/uploads\/microsoft-150x150.jpg 150w, https:\/\/imecaf.com\/blog\/wp-content\/uploads\/microsoft-120x120.jpg 120w\" sizes=\"auto, (max-width: 200px) 100vw, 200px\" \/><\/figure><div class=\"wp-block-media-text__content\">\n<h4 class=\"wp-block-heading\"><strong>Satya Nadella (CEO de Microsoft)<\/strong><\/h4>\n\n\n\n<p>Desde que asumi\u00f3 el cargo, Nadella transform\u00f3 la cultura organizacional de Microsoft, promoviendo una comunicaci\u00f3n abierta, la colaboraci\u00f3n entre equipos y la toma de decisiones compartida. Su enfoque democr\u00e1tico ha llevado a un notable incremento en la innovaci\u00f3n y la reputaci\u00f3n de la empresa.<\/p>\n<\/div><\/div>\n\n\n\n<div class=\"wp-block-media-text\" style=\"grid-template-columns:25% auto\"><figure class=\"wp-block-media-text__media\"><img loading=\"lazy\" decoding=\"async\" width=\"200\" height=\"200\" src=\"http:\/\/imecaf.com\/blog\/wp-content\/uploads\/ONG.png\" alt=\"Organizaciones sin fines de lucro\" class=\"wp-image-17738 size-full\" srcset=\"https:\/\/imecaf.com\/blog\/wp-content\/uploads\/ONG.png 200w, https:\/\/imecaf.com\/blog\/wp-content\/uploads\/ONG-150x150.png 150w, https:\/\/imecaf.com\/blog\/wp-content\/uploads\/ONG-120x120.png 120w\" sizes=\"auto, (max-width: 200px) 100vw, 200px\" \/><\/figure><div class=\"wp-block-media-text__content\">\n<h4 class=\"wp-block-heading\"><strong>Organizaciones sin fines de lucro<\/strong><\/h4>\n\n\n\n<p>En muchas ONG, el liderazgo democr\u00e1tico es com\u00fan, ya que promueve la participaci\u00f3n activa de los voluntarios y trabajadores en decisiones clave. Esto refuerza el sentido de prop\u00f3sito y pertenencia.<\/p>\n<\/div><\/div>\n\n\n\n<div class=\"wp-block-media-text\" style=\"grid-template-columns:25% auto\"><figure class=\"wp-block-media-text__media\"><img loading=\"lazy\" decoding=\"async\" width=\"200\" height=\"200\" src=\"http:\/\/imecaf.com\/blog\/wp-content\/uploads\/equipo-de-desarrollo-de-software.png\" alt=\"Equipos de desarrollo de software\" class=\"wp-image-17739 size-full\" srcset=\"https:\/\/imecaf.com\/blog\/wp-content\/uploads\/equipo-de-desarrollo-de-software.png 200w, https:\/\/imecaf.com\/blog\/wp-content\/uploads\/equipo-de-desarrollo-de-software-150x150.png 150w, https:\/\/imecaf.com\/blog\/wp-content\/uploads\/equipo-de-desarrollo-de-software-120x120.png 120w\" sizes=\"auto, (max-width: 200px) 100vw, 200px\" \/><\/figure><div class=\"wp-block-media-text__content\">\n<h4 class=\"wp-block-heading\"><strong>Equipos de desarrollo de software<\/strong><\/h4>\n\n\n\n<p>Los equipos \u00e1giles y de desarrollo de software suelen trabajar con metodolog\u00edas participativas, donde las decisiones t\u00e9cnicas y organizativas se toman en conjunto. El liderazgo es compartido y rotativo, lo que refuerza la autonom\u00eda.<\/p>\n<\/div><\/div>\n\n\n\n<div class=\"wp-block-media-text\" style=\"grid-template-columns:25% auto\"><figure class=\"wp-block-media-text__media\"><img loading=\"lazy\" decoding=\"async\" width=\"200\" height=\"200\" src=\"http:\/\/imecaf.com\/blog\/wp-content\/uploads\/startup.png\" alt=\"Empresas emergentes - Startups\" class=\"wp-image-17740 size-full\" srcset=\"https:\/\/imecaf.com\/blog\/wp-content\/uploads\/startup.png 200w, https:\/\/imecaf.com\/blog\/wp-content\/uploads\/startup-150x150.png 150w, https:\/\/imecaf.com\/blog\/wp-content\/uploads\/startup-120x120.png 120w\" sizes=\"auto, (max-width: 200px) 100vw, 200px\" \/><\/figure><div class=\"wp-block-media-text__content\">\n<h4 class=\"wp-block-heading\"><strong>Empresas emergentes (startups)<\/strong><\/h4>\n\n\n\n<p>Muchas startups adoptan el liderazgo democr\u00e1tico desde sus primeras etapas para fomentar la creatividad, mantener la agilidad y construir una cultura organizacional horizontal.<\/p>\n<\/div><\/div>\n\n\n\n<hr class=\"wp-block-separator has-text-color has-alpha-channel-opacity has-background\" style=\"background-color:#bd5600;color:#bd5600\"\/>\n\n\n\n<h2 class=\"wp-block-heading\"><strong>C\u00f3mo aplicar el liderazgo democr\u00e1tico en tu organizaci\u00f3n<\/strong><\/h2>\n\n\n\n<div class=\"wp-block-columns is-not-stacked-on-mobile is-layout-flex wp-container-core-columns-is-layout-9d6595d7 wp-block-columns-is-layout-flex\">\n<div class=\"wp-block-column is-vertically-aligned-center is-layout-flow wp-block-column-is-layout-flow\" style=\"flex-basis:33.33%\">\n<figure class=\"wp-block-image size-full\"><a href=\"http:\/\/imecaf.com\/blog\/wp-content\/uploads\/como-aplicar-1.jpg\"><img loading=\"lazy\" decoding=\"async\" width=\"600\" height=\"900\" src=\"http:\/\/imecaf.com\/blog\/wp-content\/uploads\/como-aplicar-1.jpg\" alt=\"C\u00f3mo aplicar el liderazgo democr\u00e1tico\" class=\"wp-image-17742\" style=\"aspect-ratio:9\/16;object-fit:cover\" srcset=\"https:\/\/imecaf.com\/blog\/wp-content\/uploads\/como-aplicar-1.jpg 600w, https:\/\/imecaf.com\/blog\/wp-content\/uploads\/como-aplicar-1-200x300.jpg 200w\" sizes=\"auto, (max-width: 600px) 100vw, 600px\" \/><\/a><\/figure>\n<\/div>\n\n\n\n<div class=\"wp-block-column is-layout-flow wp-block-column-is-layout-flow\"><\/div>\n\n\n\n<div class=\"wp-block-column is-layout-flow wp-block-column-is-layout-flow\" style=\"flex-basis:66.66%\">\n<h4 class=\"wp-block-heading\"><strong>Fomentar la participaci\u00f3n activa<\/strong><\/h4>\n\n\n\n<p>Organiza reuniones peri\u00f3dicas donde todos puedan expresar sus ideas y preocupaciones. Promueve una cultura de puertas abiertas y escucha activa.<\/p>\n\n\n\n<h4 class=\"wp-block-heading\"><strong>Crear canales de comunicaci\u00f3n efectivos<\/strong><\/h4>\n\n\n\n<p>Implementa herramientas digitales o espacios f\u00edsicos que faciliten el intercambio de ideas: encuestas internas, buzones de sugerencias, reuniones abiertas, etc.<\/p>\n\n\n\n<h4 class=\"wp-block-heading\"><strong>Capacitar al equipo en toma de decisiones<\/strong><\/h4>\n\n\n\n<p>Brinda formaci\u00f3n sobre c\u00f3mo analizar problemas, evaluar alternativas y llegar a consensos. Estas habilidades son clave para que el estilo democr\u00e1tico funcione de manera efectiva.<\/p>\n<\/div>\n<\/div>\n\n\n\n<div class=\"wp-block-columns is-not-stacked-on-mobile is-layout-flex wp-container-core-columns-is-layout-9d6595d7 wp-block-columns-is-layout-flex\">\n<div class=\"wp-block-column is-layout-flow wp-block-column-is-layout-flow\" style=\"flex-basis:66.66%\">\n<h4 class=\"wp-block-heading has-text-align-right\"><strong>Reconocer y valorar las contribuciones<\/strong><\/h4>\n\n\n\n<p class=\"has-text-align-right\">Celebra p\u00fablicamente las ideas que aporten valor y reconoce el esfuerzo colectivo. El reconocimiento es un poderoso motivador para fomentar la participaci\u00f3n continua.<\/p>\n\n\n\n<h4 class=\"wp-block-heading has-text-align-right\"><strong>Mantener el equilibrio entre direcci\u00f3n y libertad<\/strong><\/h4>\n\n\n\n<p class=\"has-text-align-right\">El liderazgo democr\u00e1tico no significa ausencia de autoridad. El l\u00edder debe saber cu\u00e1ndo intervenir para mantener el rumbo del equipo, clarificar objetivos y tomar decisiones finales cuando sea necesario.<\/p>\n\n\n\n<h4 class=\"wp-block-heading has-text-align-right\"><strong>Establecer normas claras<\/strong><\/h4>\n\n\n\n<p class=\"has-text-align-right\">Define protocolos de participaci\u00f3n, tiempos de intervenci\u00f3n y mecanismos para resolver conflictos. Esto evitar\u00e1 que la apertura se convierta en caos.<\/p>\n<\/div>\n\n\n\n<div class=\"wp-block-column is-layout-flow wp-block-column-is-layout-flow\"><\/div>\n\n\n\n<div class=\"wp-block-column is-vertically-aligned-center is-layout-flow wp-block-column-is-layout-flow\" style=\"flex-basis:33.33%\">\n<figure class=\"wp-block-image size-full\"><a href=\"http:\/\/imecaf.com\/blog\/wp-content\/uploads\/como-aplicar-2.jpg\"><img loading=\"lazy\" decoding=\"async\" width=\"600\" height=\"694\" src=\"http:\/\/imecaf.com\/blog\/wp-content\/uploads\/como-aplicar-2.jpg\" alt=\"C\u00f3mo aplicar el liderazgo democr\u00e1tico (2)\" class=\"wp-image-17743\" style=\"aspect-ratio:9\/16;object-fit:cover\" srcset=\"https:\/\/imecaf.com\/blog\/wp-content\/uploads\/como-aplicar-2.jpg 600w, https:\/\/imecaf.com\/blog\/wp-content\/uploads\/como-aplicar-2-259x300.jpg 259w\" sizes=\"auto, (max-width: 600px) 100vw, 600px\" \/><\/a><\/figure>\n<\/div>\n<\/div>\n\n\n\n<hr class=\"wp-block-separator has-text-color has-alpha-channel-opacity has-background\" style=\"background-color:#bd5600;color:#bd5600\"\/>\n\n\n\n<div class=\"wp-block-cover\"><span aria-hidden=\"true\" class=\"wp-block-cover__background has-background-dim-100 has-background-dim\" style=\"background-color:#bd5600\"><\/span><div class=\"wp-block-cover__inner-container is-layout-constrained wp-block-cover-is-layout-constrained\">\n<h2 class=\"wp-block-heading has-white-color has-text-color has-link-color wp-elements-105e88f22ae611d84d32c6ea1d4e8fb1\"><strong>\u00bfCu\u00e1ndo es adecuado el liderazgo democr\u00e1tico?<\/strong><\/h2>\n\n\n\n<p>Este estilo no es ideal para todas las situaciones. Es m\u00e1s efectivo cuando:<\/p>\n\n\n\n<ul class=\"wp-block-list\">\n<li>El equipo est\u00e1 compuesto por profesionales capacitados y aut\u00f3nomos.<br><\/li>\n\n\n\n<li>La organizaci\u00f3n valora la innovaci\u00f3n y el aprendizaje continuo.<br><\/li>\n\n\n\n<li>Las decisiones no requieren respuestas inmediatas.<br><\/li>\n\n\n\n<li>Se busca construir un entorno colaborativo a largo plazo.<br><\/li>\n\n\n\n<li>Se prioriza la retenci\u00f3n del talento y el bienestar organizacional.<\/li>\n<\/ul>\n\n\n\n<p>En cambio, en situaciones de emergencia, organizaciones muy jer\u00e1rquicas o culturas poco participativas, puede ser necesario recurrir a estilos m\u00e1s directivos o estructurados.<\/p>\n<\/div><\/div>\n\n\n\n<hr class=\"wp-block-separator has-text-color has-alpha-channel-opacity has-background\" style=\"background-color:#bd5600;color:#bd5600\"\/>\n\n\n\n<h2 class=\"wp-block-heading\"><strong>Comparaci\u00f3n con otros estilos de liderazgo<\/strong><\/h2>\n\n\n\n<p>La siguiente tabla resume las principales diferencias entre el liderazgo democr\u00e1tico y otros estilos comunes:<\/p>\n\n\n\n<figure class=\"wp-block-table is-style-stripes\" style=\"font-size:14px\"><table><tbody><tr><td><strong>Estilo de Liderazgo<\/strong><\/td><td><strong>Participaci\u00f3n del equipo<\/strong><\/td><td><strong>Toma de decisiones<\/strong><\/td><td><strong>Nivel de control del l\u00edder<\/strong><\/td><td><strong>Innovaci\u00f3n<\/strong><\/td><td><strong>Adecuado para<\/strong><\/td><\/tr><tr><td>Democr\u00e1tico<\/td><td>Alta<\/td><td>Compartida<\/td><td>Moderado<\/td><td>Alta<\/td><td>Equipos aut\u00f3nomos, organizaciones modernas<\/td><\/tr><tr><td>Autocr\u00e1tico<\/td><td>Baja<\/td><td>Centralizada<\/td><td>Alto<\/td><td>Baja<\/td><td>Crisis, tareas urgentes o entornos militares<\/td><\/tr><tr><td>Laissez-faire<\/td><td>Muy alta<\/td><td>Totalmente delegada<\/td><td>Bajo<\/td><td>Variable<\/td><td>Equipos expertos y creativos<\/td><\/tr><tr><td>Transformacional<\/td><td>Alta<\/td><td>Inspiradora y consensuada<\/td><td>Alto-moderado<\/td><td>Muy alta<\/td><td>Organizaciones en cambio o innovaci\u00f3n constante<\/td><\/tr><tr><td>Transaccional<\/td><td>Media<\/td><td>Basada en recompensas<\/td><td>Alto<\/td><td>Media<\/td><td>Procesos repetitivos o entornos regulados<\/td><\/tr><\/tbody><\/table><\/figure>\n\n\n\n<hr class=\"wp-block-separator has-text-color has-alpha-channel-opacity has-background\" style=\"background-color:#bd5600;color:#bd5600\"\/>\n\n\n\n<h2 class=\"wp-block-heading\"><strong>Errores comunes al aplicar el liderazgo democr\u00e1tico y c\u00f3mo evitarlos<\/strong><\/h2>\n\n\n\n<div class=\"wp-block-media-text\" style=\"grid-template-columns:25% auto\"><figure class=\"wp-block-media-text__media\"><img loading=\"lazy\" decoding=\"async\" width=\"200\" height=\"200\" src=\"http:\/\/imecaf.com\/blog\/wp-content\/uploads\/participacion-vs-falta-de-direccion.jpg\" alt=\"Confundir participaci\u00f3n con falta de direcci\u00f3n\" class=\"wp-image-17744 size-full\" srcset=\"https:\/\/imecaf.com\/blog\/wp-content\/uploads\/participacion-vs-falta-de-direccion.jpg 200w, https:\/\/imecaf.com\/blog\/wp-content\/uploads\/participacion-vs-falta-de-direccion-150x150.jpg 150w, https:\/\/imecaf.com\/blog\/wp-content\/uploads\/participacion-vs-falta-de-direccion-120x120.jpg 120w\" sizes=\"auto, (max-width: 200px) 100vw, 200px\" \/><\/figure><div class=\"wp-block-media-text__content\">\n<h4 class=\"wp-block-heading\"><strong>Confundir participaci\u00f3n con falta de direcci\u00f3n<\/strong><\/h4>\n\n\n\n<p>Un error frecuente es creer que todos deben decidir todo. El l\u00edder debe facilitar el di\u00e1logo, pero tambi\u00e9n asumir su rol en momentos clave.<\/p>\n\n\n\n<p><strong>Soluci\u00f3n:<\/strong> Establecer l\u00edmites claros sobre qu\u00e9 temas son negociables y cu\u00e1les no.<\/p>\n<\/div><\/div>\n\n\n\n<div class=\"wp-block-media-text\" style=\"grid-template-columns:25% auto\"><figure class=\"wp-block-media-text__media\"><img loading=\"lazy\" decoding=\"async\" width=\"200\" height=\"200\" src=\"http:\/\/imecaf.com\/blog\/wp-content\/uploads\/seguimiento.jpg\" alt=\"No dar seguimiento a las ideas\" class=\"wp-image-17745 size-full\" srcset=\"https:\/\/imecaf.com\/blog\/wp-content\/uploads\/seguimiento.jpg 200w, https:\/\/imecaf.com\/blog\/wp-content\/uploads\/seguimiento-150x150.jpg 150w, https:\/\/imecaf.com\/blog\/wp-content\/uploads\/seguimiento-120x120.jpg 120w\" sizes=\"auto, (max-width: 200px) 100vw, 200px\" \/><\/figure><div class=\"wp-block-media-text__content\">\n<h4 class=\"wp-block-heading\"><strong>No dar seguimiento a las ideas del equipo<\/strong><\/h4>\n\n\n\n<p>Involucrar sin ejecutar genera frustraci\u00f3n.<\/p>\n\n\n\n<p><strong>Soluci\u00f3n:<\/strong> Implementar mecanismos para evaluar, priorizar y dar continuidad a las propuestas del grupo.<\/p>\n<\/div><\/div>\n\n\n\n<div class=\"wp-block-media-text\" style=\"grid-template-columns:25% auto\"><figure class=\"wp-block-media-text__media\"><img loading=\"lazy\" decoding=\"async\" width=\"200\" height=\"200\" src=\"http:\/\/imecaf.com\/blog\/wp-content\/uploads\/ritmos-individuales.jpg\" alt=\"Ignorar ritmos individuales\" class=\"wp-image-17746 size-full\" srcset=\"https:\/\/imecaf.com\/blog\/wp-content\/uploads\/ritmos-individuales.jpg 200w, https:\/\/imecaf.com\/blog\/wp-content\/uploads\/ritmos-individuales-150x150.jpg 150w, https:\/\/imecaf.com\/blog\/wp-content\/uploads\/ritmos-individuales-120x120.jpg 120w\" sizes=\"auto, (max-width: 200px) 100vw, 200px\" \/><\/figure><div class=\"wp-block-media-text__content\">\n<h4 class=\"wp-block-heading\"><strong>Ignorar los ritmos individuales<\/strong><\/h4>\n\n\n\n<p>No todos los colaboradores tienen el mismo ritmo de trabajo o nivel de iniciativa.<\/p>\n\n\n\n<p><strong>Soluci\u00f3n:<\/strong> Adaptar los m\u00e9todos de participaci\u00f3n al perfil del equipo, sin imponer un modelo \u00fanico.<\/p>\n<\/div><\/div>\n\n\n\n<hr class=\"wp-block-separator has-text-color has-alpha-channel-opacity has-background\" style=\"background-color:#bd5600;color:#bd5600\"\/>\n\n\n\n<div class=\"wp-block-media-text\" style=\"grid-template-columns:30% auto\"><figure class=\"wp-block-media-text__media\"><img loading=\"lazy\" decoding=\"async\" width=\"600\" height=\"900\" src=\"http:\/\/imecaf.com\/blog\/wp-content\/uploads\/conclusion-15.png\" alt=\"Conclusi\u00f3n\" class=\"wp-image-17747 size-full\" srcset=\"https:\/\/imecaf.com\/blog\/wp-content\/uploads\/conclusion-15.png 600w, https:\/\/imecaf.com\/blog\/wp-content\/uploads\/conclusion-15-200x300.png 200w\" sizes=\"auto, (max-width: 600px) 100vw, 600px\" \/><\/figure><div class=\"wp-block-media-text__content\">\n<h2 class=\"wp-block-heading\"><strong>Conclusi\u00f3n<\/strong><\/h2>\n\n\n\n<p>El liderazgo democr\u00e1tico es una herramienta poderosa para construir equipos m\u00e1s comprometidos, creativos y cohesionados. Si bien presenta desaf\u00edos, sus beneficios a largo plazo en t\u00e9rminos de clima organizacional y resultados lo convierten en una opci\u00f3n atractiva para muchas empresas modernas.<\/p>\n\n\n\n<p>\u00bfTe interesa desarrollar tus habilidades como l\u00edder participativo? En nuestro <strong><a href=\"https:\/\/imecaf.com\/42\">Curso de Liderazgo<\/a><\/strong> descubrir\u00e1s herramientas pr\u00e1cticas y casos reales que te ayudar\u00e1n a convertirte en un l\u00edder m\u00e1s eficaz y emp\u00e1tico.<\/p>\n<\/div><\/div>\n\n\n\n<p>Adem\u00e1s, te invitamos a leer nuestro art\u00edculo anterior: <strong><a href=\"http:\/\/imecaf.com\/blog\/2024\/12\/12\/liderazgo-autocratico\/\">\u00abLiderazgo Autocr\u00e1tico: \u00bfClave para la eficiencia o un modelo obsoleto?\u00bb<\/a><\/strong>, donde exploramos una visi\u00f3n contrastante de este tema.<\/p>\n\n\n\n<p>Recuerda: el liderazgo no es una f\u00f3rmula \u00fanica, sino una habilidad que se adapta y evoluciona. \u00a1Elige el estilo que mejor se alinee con tus valores y los de tu equipo!<\/p>\n\n\n<figure class=\"wp-block-image\"><a href=\"http:\/\/imecaf.com\/blog\/wp-content\/uploads\/Liderazgo-Democratico.pdf\"><img decoding=\"async\" style=\"width: 303px; height: auto;\" src=\"http:\/\/imecaf.com\/blog\/wp-content\/uploads\/Descargar-PDF-e1708732610860-1024x317.png\" alt=\"Liderazgo Democr\u00e1tico - Descargar PDF\" \/><\/a><\/figure>","protected":false},"excerpt":{"rendered":"<p>Introducci\u00f3n \u00bfEs posible liderar de forma participativa sin perder eficacia? En un mundo empresarial donde la colaboraci\u00f3n y el compromiso son cada vez m\u00e1s valorados, el liderazgo democr\u00e1tico emerge como una de las formas m\u00e1s efectivas de gesti\u00f3n. Este estilo busca involucrar a los miembros del equipo en la toma de decisiones, fomentar la creatividad &#8230; <a title=\"Liderazgo Democr\u00e1tico: Clave para Equipos M\u00e1s Comprometidos y Productivos\" class=\"read-more\" href=\"https:\/\/imecaf.com\/blog\/2025\/05\/15\/liderazgo-democratico\/\">Leer m\u00e1s <span class=\"screen-reader-text\">Liderazgo Democr\u00e1tico: Clave para Equipos M\u00e1s Comprometidos y Productivos<\/span><\/a><\/p>\n","protected":false},"author":2,"featured_media":17731,"comment_status":"open","ping_status":"closed","sticky":false,"template":"","format":"standard","meta":{"footnotes":""},"categories":[476,10],"tags":[3365,2167,10991,11502,4480,10446,11536,3233,11389,11093,11537,2534,1421,11535,11534,11046,10566,1059,11092],"class_list":["post-17730","post","type-post","status-publish","format-standard","has-post-thumbnail","hentry","category-articulos-desarrollohumano","category-desarrollohumano","tag-aplicacion","tag-caracteristicas","tag-clima-laboral","tag-comparativo","tag-compromiso","tag-comunicacion-efectiva","tag-conflictos","tag-creatividad","tag-desarrollo-de-talento","tag-desventajas","tag-dispersion","tag-ejemplos","tag-innovacion","tag-kurt-lewin","tag-liderazgo-democratico","tag-participacion-2","tag-sentido-de-pertenencia","tag-toma-de-decisiones","tag-ventajas"],"yoast_head":"<!-- This site is optimized with the Yoast SEO plugin v27.5 - https:\/\/yoast.com\/product\/yoast-seo-wordpress\/ -->\n<title>Liderazgo Democr\u00e1tico - Clave para equipos comprometidos<\/title>\n<meta name=\"description\" content=\"Descubre c\u00f3mo el liderazgo democr\u00e1tico impulsa el compromiso, la creatividad y el bienestar en equipos modernos y colaborativos.\" \/>\n<meta name=\"robots\" content=\"index, follow, max-snippet:-1, max-image-preview:large, max-video-preview:-1\" \/>\n<link rel=\"canonical\" href=\"https:\/\/imecaf.com\/blog\/2025\/05\/15\/liderazgo-democratico\/\" \/>\n<meta property=\"og:locale\" content=\"es_ES\" \/>\n<meta property=\"og:type\" content=\"article\" \/>\n<meta property=\"og:title\" content=\"Liderazgo Democr\u00e1tico: Clave para Equipos M\u00e1s Comprometidos y Productivos\" \/>\n<meta property=\"og:description\" content=\"Descubre c\u00f3mo el liderazgo democr\u00e1tico impulsa el compromiso, la creatividad y el bienestar en equipos modernos y colaborativos.\" \/>\n<meta property=\"og:url\" content=\"https:\/\/imecaf.com\/blog\/2025\/05\/15\/liderazgo-democratico\/\" \/>\n<meta property=\"og:site_name\" content=\"IMECAF - Blog\" \/>\n<meta property=\"article:publisher\" content=\"https:\/\/www.facebook.com\/IMECAF\" \/>\n<meta property=\"article:published_time\" content=\"2025-05-15T23:16:41+00:00\" \/>\n<meta property=\"article:modified_time\" content=\"2025-10-07T21:14:17+00:00\" \/>\n<meta property=\"og:image\" content=\"https:\/\/imecaf.com\/blog\/wp-content\/uploads\/Liderazgo-Democratico-1.jpg\" \/>\n\t<meta property=\"og:image:width\" content=\"1000\" \/>\n\t<meta property=\"og:image:height\" content=\"600\" \/>\n\t<meta property=\"og:image:type\" content=\"image\/jpeg\" \/>\n<meta name=\"author\" content=\"Equipo de IMECAF\" \/>\n<meta name=\"twitter:card\" content=\"summary_large_image\" \/>\n<meta name=\"twitter:title\" content=\"Liderazgo Democr\u00e1tico: Clave para Equipos M\u00e1s Comprometidos y Productivos\" \/>\n<meta name=\"twitter:description\" content=\"Descubre c\u00f3mo el liderazgo democr\u00e1tico impulsa el compromiso, la creatividad y el bienestar en equipos modernos y colaborativos.\" \/>\n<meta name=\"twitter:image\" content=\"https:\/\/imecaf.com\/blog\/wp-content\/uploads\/Liderazgo-Democratico-1.jpg\" \/>\n<meta name=\"twitter:creator\" content=\"@imecaf\" \/>\n<meta name=\"twitter:site\" content=\"@imecaf\" \/>\n<meta name=\"twitter:label1\" content=\"Escrito por\" \/>\n\t<meta name=\"twitter:data1\" content=\"Equipo de IMECAF\" \/>\n\t<meta name=\"twitter:label2\" content=\"Tiempo de lectura\" \/>\n\t<meta name=\"twitter:data2\" content=\"11 minutos\" \/>\n<script type=\"application\/ld+json\" class=\"yoast-schema-graph\">{\"@context\":\"https:\\\/\\\/schema.org\",\"@graph\":[{\"@type\":\"Article\",\"@id\":\"https:\\\/\\\/imecaf.com\\\/blog\\\/2025\\\/05\\\/15\\\/liderazgo-democratico\\\/#article\",\"isPartOf\":{\"@id\":\"https:\\\/\\\/imecaf.com\\\/blog\\\/2025\\\/05\\\/15\\\/liderazgo-democratico\\\/\"},\"author\":{\"name\":\"Equipo de IMECAF\",\"@id\":\"https:\\\/\\\/imecaf.com\\\/blog\\\/#\\\/schema\\\/person\\\/a69b9f3972250aa0b1fdb798f094b4c7\"},\"headline\":\"Liderazgo Democr\u00e1tico: Clave para Equipos M\u00e1s Comprometidos y Productivos\",\"datePublished\":\"2025-05-15T23:16:41+00:00\",\"dateModified\":\"2025-10-07T21:14:17+00:00\",\"mainEntityOfPage\":{\"@id\":\"https:\\\/\\\/imecaf.com\\\/blog\\\/2025\\\/05\\\/15\\\/liderazgo-democratico\\\/\"},\"wordCount\":1694,\"commentCount\":0,\"publisher\":{\"@id\":\"https:\\\/\\\/imecaf.com\\\/blog\\\/#organization\"},\"image\":{\"@id\":\"https:\\\/\\\/imecaf.com\\\/blog\\\/2025\\\/05\\\/15\\\/liderazgo-democratico\\\/#primaryimage\"},\"thumbnailUrl\":\"https:\\\/\\\/imecaf.com\\\/blog\\\/wp-content\\\/uploads\\\/Liderazgo-Democratico-1.jpg\",\"keywords\":[\"aplicacion\",\"caracteristicas\",\"clima laboral\",\"comparativo\",\"compromiso\",\"comunicacion efectiva\",\"conflictos\",\"creatividad\",\"desarrollo de talento\",\"desventajas\",\"dispersion\",\"ejemplos\",\"innovacion\",\"kurt lewin\",\"liderazgo democratico\",\"participacion\",\"sentido de pertenencia\",\"toma de decisiones\",\"ventajas\"],\"articleSection\":[\"Art\u00edculos\",\"Desarrollo Humano\"],\"inLanguage\":\"es\",\"potentialAction\":[{\"@type\":\"CommentAction\",\"name\":\"Comment\",\"target\":[\"https:\\\/\\\/imecaf.com\\\/blog\\\/2025\\\/05\\\/15\\\/liderazgo-democratico\\\/#respond\"]}]},{\"@type\":\"WebPage\",\"@id\":\"https:\\\/\\\/imecaf.com\\\/blog\\\/2025\\\/05\\\/15\\\/liderazgo-democratico\\\/\",\"url\":\"https:\\\/\\\/imecaf.com\\\/blog\\\/2025\\\/05\\\/15\\\/liderazgo-democratico\\\/\",\"name\":\"Liderazgo Democr\u00e1tico - Clave para equipos comprometidos\",\"isPartOf\":{\"@id\":\"https:\\\/\\\/imecaf.com\\\/blog\\\/#website\"},\"primaryImageOfPage\":{\"@id\":\"https:\\\/\\\/imecaf.com\\\/blog\\\/2025\\\/05\\\/15\\\/liderazgo-democratico\\\/#primaryimage\"},\"image\":{\"@id\":\"https:\\\/\\\/imecaf.com\\\/blog\\\/2025\\\/05\\\/15\\\/liderazgo-democratico\\\/#primaryimage\"},\"thumbnailUrl\":\"https:\\\/\\\/imecaf.com\\\/blog\\\/wp-content\\\/uploads\\\/Liderazgo-Democratico-1.jpg\",\"datePublished\":\"2025-05-15T23:16:41+00:00\",\"dateModified\":\"2025-10-07T21:14:17+00:00\",\"description\":\"Descubre c\u00f3mo el liderazgo democr\u00e1tico impulsa el compromiso, la creatividad y el bienestar en equipos modernos y colaborativos.\",\"breadcrumb\":{\"@id\":\"https:\\\/\\\/imecaf.com\\\/blog\\\/2025\\\/05\\\/15\\\/liderazgo-democratico\\\/#breadcrumb\"},\"inLanguage\":\"es\",\"potentialAction\":[{\"@type\":\"ReadAction\",\"target\":[\"https:\\\/\\\/imecaf.com\\\/blog\\\/2025\\\/05\\\/15\\\/liderazgo-democratico\\\/\"]}]},{\"@type\":\"ImageObject\",\"inLanguage\":\"es\",\"@id\":\"https:\\\/\\\/imecaf.com\\\/blog\\\/2025\\\/05\\\/15\\\/liderazgo-democratico\\\/#primaryimage\",\"url\":\"https:\\\/\\\/imecaf.com\\\/blog\\\/wp-content\\\/uploads\\\/Liderazgo-Democratico-1.jpg\",\"contentUrl\":\"https:\\\/\\\/imecaf.com\\\/blog\\\/wp-content\\\/uploads\\\/Liderazgo-Democratico-1.jpg\",\"width\":1000,\"height\":600,\"caption\":\"Liderazgo Democr\u00e1tico\"},{\"@type\":\"BreadcrumbList\",\"@id\":\"https:\\\/\\\/imecaf.com\\\/blog\\\/2025\\\/05\\\/15\\\/liderazgo-democratico\\\/#breadcrumb\",\"itemListElement\":[{\"@type\":\"ListItem\",\"position\":1,\"name\":\"Portada\",\"item\":\"https:\\\/\\\/imecaf.com\\\/blog\\\/\"},{\"@type\":\"ListItem\",\"position\":2,\"name\":\"Liderazgo Democr\u00e1tico: Clave para Equipos M\u00e1s Comprometidos y Productivos\"}]},{\"@type\":\"WebSite\",\"@id\":\"https:\\\/\\\/imecaf.com\\\/blog\\\/#website\",\"url\":\"https:\\\/\\\/imecaf.com\\\/blog\\\/\",\"name\":\"IMECAF\",\"description\":\"Un lugar para expresar y compartir inquietudes dentro del mundo de la educaci\u00f3n.\",\"publisher\":{\"@id\":\"https:\\\/\\\/imecaf.com\\\/blog\\\/#organization\"},\"potentialAction\":[{\"@type\":\"SearchAction\",\"target\":{\"@type\":\"EntryPoint\",\"urlTemplate\":\"https:\\\/\\\/imecaf.com\\\/blog\\\/?s={search_term_string}\"},\"query-input\":{\"@type\":\"PropertyValueSpecification\",\"valueRequired\":true,\"valueName\":\"search_term_string\"}}],\"inLanguage\":\"es\"},{\"@type\":\"Organization\",\"@id\":\"https:\\\/\\\/imecaf.com\\\/blog\\\/#organization\",\"name\":\"IMECAF - Instituto Mexicano de Contabilidad, Administraci\u00f3n y Finanzas\",\"url\":\"https:\\\/\\\/imecaf.com\\\/blog\\\/\",\"logo\":{\"@type\":\"ImageObject\",\"inLanguage\":\"es\",\"@id\":\"https:\\\/\\\/imecaf.com\\\/blog\\\/#\\\/schema\\\/logo\\\/image\\\/\",\"url\":\"https:\\\/\\\/imecaf.com\\\/blog\\\/wp-content\\\/uploads\\\/IMECAF.Logo_.25.png\",\"contentUrl\":\"https:\\\/\\\/imecaf.com\\\/blog\\\/wp-content\\\/uploads\\\/IMECAF.Logo_.25.png\",\"width\":350,\"height\":350,\"caption\":\"IMECAF - Instituto Mexicano de Contabilidad, Administraci\u00f3n y Finanzas\"},\"image\":{\"@id\":\"https:\\\/\\\/imecaf.com\\\/blog\\\/#\\\/schema\\\/logo\\\/image\\\/\"},\"sameAs\":[\"https:\\\/\\\/www.facebook.com\\\/IMECAF\",\"https:\\\/\\\/x.com\\\/imecaf\",\"https:\\\/\\\/www.linkedin.com\\\/company\\\/imecaf\\\/\",\"https:\\\/\\\/www.youtube.com\\\/imecaf\",\"https:\\\/\\\/www.instagram.com\\\/imecaf_mx\\\/\",\"https:\\\/\\\/imecaf.negocio.site\\\/\"]},{\"@type\":\"Person\",\"@id\":\"https:\\\/\\\/imecaf.com\\\/blog\\\/#\\\/schema\\\/person\\\/a69b9f3972250aa0b1fdb798f094b4c7\",\"name\":\"Equipo de IMECAF\",\"image\":{\"@type\":\"ImageObject\",\"inLanguage\":\"es\",\"@id\":\"https:\\\/\\\/secure.gravatar.com\\\/avatar\\\/4b4242953c12937bd47e298d7922b4d01ffafe2955ce4235d318b8950782aa13?s=96&d=mm&r=g\",\"url\":\"https:\\\/\\\/secure.gravatar.com\\\/avatar\\\/4b4242953c12937bd47e298d7922b4d01ffafe2955ce4235d318b8950782aa13?s=96&d=mm&r=g\",\"contentUrl\":\"https:\\\/\\\/secure.gravatar.com\\\/avatar\\\/4b4242953c12937bd47e298d7922b4d01ffafe2955ce4235d318b8950782aa13?s=96&d=mm&r=g\",\"caption\":\"Equipo de IMECAF\"},\"url\":\"https:\\\/\\\/imecaf.com\\\/blog\\\/author\\\/mfonticoba\\\/\"}]}<\/script>\n<!-- \/ Yoast SEO plugin. -->","yoast_head_json":{"title":"Liderazgo Democr\u00e1tico - Clave para equipos comprometidos","description":"Descubre c\u00f3mo el liderazgo democr\u00e1tico impulsa el compromiso, la creatividad y el bienestar en equipos modernos y colaborativos.","robots":{"index":"index","follow":"follow","max-snippet":"max-snippet:-1","max-image-preview":"max-image-preview:large","max-video-preview":"max-video-preview:-1"},"canonical":"https:\/\/imecaf.com\/blog\/2025\/05\/15\/liderazgo-democratico\/","og_locale":"es_ES","og_type":"article","og_title":"Liderazgo Democr\u00e1tico: Clave para Equipos M\u00e1s Comprometidos y Productivos","og_description":"Descubre c\u00f3mo el liderazgo democr\u00e1tico impulsa el compromiso, la creatividad y el bienestar en equipos modernos y colaborativos.","og_url":"https:\/\/imecaf.com\/blog\/2025\/05\/15\/liderazgo-democratico\/","og_site_name":"IMECAF - Blog","article_publisher":"https:\/\/www.facebook.com\/IMECAF","article_published_time":"2025-05-15T23:16:41+00:00","article_modified_time":"2025-10-07T21:14:17+00:00","og_image":[{"width":1000,"height":600,"url":"https:\/\/imecaf.com\/blog\/wp-content\/uploads\/Liderazgo-Democratico-1.jpg","type":"image\/jpeg"}],"author":"Equipo de IMECAF","twitter_card":"summary_large_image","twitter_title":"Liderazgo Democr\u00e1tico: Clave para Equipos M\u00e1s Comprometidos y Productivos","twitter_description":"Descubre c\u00f3mo el liderazgo democr\u00e1tico impulsa el compromiso, la creatividad y el bienestar en equipos modernos y colaborativos.","twitter_image":"https:\/\/imecaf.com\/blog\/wp-content\/uploads\/Liderazgo-Democratico-1.jpg","twitter_creator":"@imecaf","twitter_site":"@imecaf","twitter_misc":{"Escrito por":"Equipo de IMECAF","Tiempo de lectura":"11 minutos"},"schema":{"@context":"https:\/\/schema.org","@graph":[{"@type":"Article","@id":"https:\/\/imecaf.com\/blog\/2025\/05\/15\/liderazgo-democratico\/#article","isPartOf":{"@id":"https:\/\/imecaf.com\/blog\/2025\/05\/15\/liderazgo-democratico\/"},"author":{"name":"Equipo de IMECAF","@id":"https:\/\/imecaf.com\/blog\/#\/schema\/person\/a69b9f3972250aa0b1fdb798f094b4c7"},"headline":"Liderazgo Democr\u00e1tico: Clave para Equipos M\u00e1s Comprometidos y Productivos","datePublished":"2025-05-15T23:16:41+00:00","dateModified":"2025-10-07T21:14:17+00:00","mainEntityOfPage":{"@id":"https:\/\/imecaf.com\/blog\/2025\/05\/15\/liderazgo-democratico\/"},"wordCount":1694,"commentCount":0,"publisher":{"@id":"https:\/\/imecaf.com\/blog\/#organization"},"image":{"@id":"https:\/\/imecaf.com\/blog\/2025\/05\/15\/liderazgo-democratico\/#primaryimage"},"thumbnailUrl":"https:\/\/imecaf.com\/blog\/wp-content\/uploads\/Liderazgo-Democratico-1.jpg","keywords":["aplicacion","caracteristicas","clima laboral","comparativo","compromiso","comunicacion efectiva","conflictos","creatividad","desarrollo de talento","desventajas","dispersion","ejemplos","innovacion","kurt lewin","liderazgo democratico","participacion","sentido de pertenencia","toma de decisiones","ventajas"],"articleSection":["Art\u00edculos","Desarrollo Humano"],"inLanguage":"es","potentialAction":[{"@type":"CommentAction","name":"Comment","target":["https:\/\/imecaf.com\/blog\/2025\/05\/15\/liderazgo-democratico\/#respond"]}]},{"@type":"WebPage","@id":"https:\/\/imecaf.com\/blog\/2025\/05\/15\/liderazgo-democratico\/","url":"https:\/\/imecaf.com\/blog\/2025\/05\/15\/liderazgo-democratico\/","name":"Liderazgo Democr\u00e1tico - Clave para equipos comprometidos","isPartOf":{"@id":"https:\/\/imecaf.com\/blog\/#website"},"primaryImageOfPage":{"@id":"https:\/\/imecaf.com\/blog\/2025\/05\/15\/liderazgo-democratico\/#primaryimage"},"image":{"@id":"https:\/\/imecaf.com\/blog\/2025\/05\/15\/liderazgo-democratico\/#primaryimage"},"thumbnailUrl":"https:\/\/imecaf.com\/blog\/wp-content\/uploads\/Liderazgo-Democratico-1.jpg","datePublished":"2025-05-15T23:16:41+00:00","dateModified":"2025-10-07T21:14:17+00:00","description":"Descubre c\u00f3mo el liderazgo democr\u00e1tico impulsa el compromiso, la creatividad y el bienestar en equipos modernos y colaborativos.","breadcrumb":{"@id":"https:\/\/imecaf.com\/blog\/2025\/05\/15\/liderazgo-democratico\/#breadcrumb"},"inLanguage":"es","potentialAction":[{"@type":"ReadAction","target":["https:\/\/imecaf.com\/blog\/2025\/05\/15\/liderazgo-democratico\/"]}]},{"@type":"ImageObject","inLanguage":"es","@id":"https:\/\/imecaf.com\/blog\/2025\/05\/15\/liderazgo-democratico\/#primaryimage","url":"https:\/\/imecaf.com\/blog\/wp-content\/uploads\/Liderazgo-Democratico-1.jpg","contentUrl":"https:\/\/imecaf.com\/blog\/wp-content\/uploads\/Liderazgo-Democratico-1.jpg","width":1000,"height":600,"caption":"Liderazgo Democr\u00e1tico"},{"@type":"BreadcrumbList","@id":"https:\/\/imecaf.com\/blog\/2025\/05\/15\/liderazgo-democratico\/#breadcrumb","itemListElement":[{"@type":"ListItem","position":1,"name":"Portada","item":"https:\/\/imecaf.com\/blog\/"},{"@type":"ListItem","position":2,"name":"Liderazgo Democr\u00e1tico: Clave para Equipos M\u00e1s Comprometidos y Productivos"}]},{"@type":"WebSite","@id":"https:\/\/imecaf.com\/blog\/#website","url":"https:\/\/imecaf.com\/blog\/","name":"IMECAF","description":"Un lugar para expresar y compartir inquietudes dentro del mundo de la educaci\u00f3n.","publisher":{"@id":"https:\/\/imecaf.com\/blog\/#organization"},"potentialAction":[{"@type":"SearchAction","target":{"@type":"EntryPoint","urlTemplate":"https:\/\/imecaf.com\/blog\/?s={search_term_string}"},"query-input":{"@type":"PropertyValueSpecification","valueRequired":true,"valueName":"search_term_string"}}],"inLanguage":"es"},{"@type":"Organization","@id":"https:\/\/imecaf.com\/blog\/#organization","name":"IMECAF - Instituto Mexicano de Contabilidad, Administraci\u00f3n y Finanzas","url":"https:\/\/imecaf.com\/blog\/","logo":{"@type":"ImageObject","inLanguage":"es","@id":"https:\/\/imecaf.com\/blog\/#\/schema\/logo\/image\/","url":"https:\/\/imecaf.com\/blog\/wp-content\/uploads\/IMECAF.Logo_.25.png","contentUrl":"https:\/\/imecaf.com\/blog\/wp-content\/uploads\/IMECAF.Logo_.25.png","width":350,"height":350,"caption":"IMECAF - Instituto Mexicano de Contabilidad, Administraci\u00f3n y Finanzas"},"image":{"@id":"https:\/\/imecaf.com\/blog\/#\/schema\/logo\/image\/"},"sameAs":["https:\/\/www.facebook.com\/IMECAF","https:\/\/x.com\/imecaf","https:\/\/www.linkedin.com\/company\/imecaf\/","https:\/\/www.youtube.com\/imecaf","https:\/\/www.instagram.com\/imecaf_mx\/","https:\/\/imecaf.negocio.site\/"]},{"@type":"Person","@id":"https:\/\/imecaf.com\/blog\/#\/schema\/person\/a69b9f3972250aa0b1fdb798f094b4c7","name":"Equipo de IMECAF","image":{"@type":"ImageObject","inLanguage":"es","@id":"https:\/\/secure.gravatar.com\/avatar\/4b4242953c12937bd47e298d7922b4d01ffafe2955ce4235d318b8950782aa13?s=96&d=mm&r=g","url":"https:\/\/secure.gravatar.com\/avatar\/4b4242953c12937bd47e298d7922b4d01ffafe2955ce4235d318b8950782aa13?s=96&d=mm&r=g","contentUrl":"https:\/\/secure.gravatar.com\/avatar\/4b4242953c12937bd47e298d7922b4d01ffafe2955ce4235d318b8950782aa13?s=96&d=mm&r=g","caption":"Equipo de IMECAF"},"url":"https:\/\/imecaf.com\/blog\/author\/mfonticoba\/"}]}},"_links":{"self":[{"href":"https:\/\/imecaf.com\/blog\/wp-json\/wp\/v2\/posts\/17730","targetHints":{"allow":["GET"]}}],"collection":[{"href":"https:\/\/imecaf.com\/blog\/wp-json\/wp\/v2\/posts"}],"about":[{"href":"https:\/\/imecaf.com\/blog\/wp-json\/wp\/v2\/types\/post"}],"author":[{"embeddable":true,"href":"https:\/\/imecaf.com\/blog\/wp-json\/wp\/v2\/users\/2"}],"replies":[{"embeddable":true,"href":"https:\/\/imecaf.com\/blog\/wp-json\/wp\/v2\/comments?post=17730"}],"version-history":[{"count":1,"href":"https:\/\/imecaf.com\/blog\/wp-json\/wp\/v2\/posts\/17730\/revisions"}],"predecessor-version":[{"id":18952,"href":"https:\/\/imecaf.com\/blog\/wp-json\/wp\/v2\/posts\/17730\/revisions\/18952"}],"wp:featuredmedia":[{"embeddable":true,"href":"https:\/\/imecaf.com\/blog\/wp-json\/wp\/v2\/media\/17731"}],"wp:attachment":[{"href":"https:\/\/imecaf.com\/blog\/wp-json\/wp\/v2\/media?parent=17730"}],"wp:term":[{"taxonomy":"category","embeddable":true,"href":"https:\/\/imecaf.com\/blog\/wp-json\/wp\/v2\/categories?post=17730"},{"taxonomy":"post_tag","embeddable":true,"href":"https:\/\/imecaf.com\/blog\/wp-json\/wp\/v2\/tags?post=17730"}],"curies":[{"name":"wp","href":"https:\/\/api.w.org\/{rel}","templated":true}]}}