{"id":18074,"date":"2025-06-27T17:46:06","date_gmt":"2025-06-27T23:46:06","guid":{"rendered":"http:\/\/imecaf.com\/blog\/?p=18074"},"modified":"2025-10-07T15:05:16","modified_gmt":"2025-10-07T21:05:16","slug":"inteligencia-emocional-en-el-trabajo","status":"publish","type":"post","link":"https:\/\/imecaf.com\/blog\/2025\/06\/27\/inteligencia-emocional-en-el-trabajo\/","title":{"rendered":"Inteligencia emocional en el trabajo: clave para el \u00e9xito profesional"},"content":{"rendered":"<span class=\"span-reading-time rt-reading-time\" style=\"display: block;\"><span class=\"rt-label rt-prefix\">Tiempo de lectura:<\/span> <span class=\"rt-time\"> 8<\/span> <span class=\"rt-label rt-postfix\">minutos<\/span><\/span>\n<figure class=\"wp-block-image size-full\"><img loading=\"lazy\" decoding=\"async\" width=\"1000\" height=\"600\" src=\"http:\/\/imecaf.com\/blog\/wp-content\/uploads\/IE-en-el-Trabajo.jpg\" alt=\"Inteligencia Emocional en el Trabajo\" class=\"wp-image-18075\" srcset=\"https:\/\/imecaf.com\/blog\/wp-content\/uploads\/IE-en-el-Trabajo.jpg 1000w, https:\/\/imecaf.com\/blog\/wp-content\/uploads\/IE-en-el-Trabajo-300x180.jpg 300w, https:\/\/imecaf.com\/blog\/wp-content\/uploads\/IE-en-el-Trabajo-768x461.jpg 768w\" sizes=\"auto, (max-width: 1000px) 100vw, 1000px\" \/><\/figure>\n\n\n\n<h2 class=\"wp-block-heading\"><strong>Introducci\u00f3n<\/strong><\/h2>\n\n\n\n<p>Hoy en d\u00eda, destacar en el \u00e1mbito profesional no solo depende de tus conocimientos t\u00e9cnicos, sino tambi\u00e9n de tu capacidad para gestionar tus emociones, relacionarte con los dem\u00e1s y mantener el equilibrio bajo presi\u00f3n. Desarrollar <strong>inteligencia emocional (IE)<\/strong> en el trabajo es, m\u00e1s que un complemento, una habilidad esencial para sobresalir en cualquier entorno laboral.<\/p>\n\n\n\n<p>Lejos de ser un talento innato, la IE se cultiva a trav\u00e9s de la pr\u00e1ctica, el autoconocimiento y el aprendizaje continuo. En este art\u00edculo descubrir\u00e1s c\u00f3mo aplicarla a tu vida profesional y c\u00f3mo puede marcar la diferencia en tu desarrollo personal, tu desempe\u00f1o diario y tu proyecci\u00f3n a largo plazo.<\/p>\n\n\n\n<figure class=\"wp-block-embed is-type-video is-provider-youtube wp-block-embed-youtube wp-embed-aspect-9-16 wp-has-aspect-ratio\"><div class=\"wp-block-embed__wrapper\">\n<iframe loading=\"lazy\" title=\"Inteligencia emocional aplicada al desarrollo profesional\" width=\"563\" height=\"1000\" src=\"https:\/\/www.youtube.com\/embed\/uPgtRXLEEZk?feature=oembed\" frameborder=\"0\" allow=\"accelerometer; autoplay; clipboard-write; encrypted-media; gyroscope; picture-in-picture; web-share\" referrerpolicy=\"strict-origin-when-cross-origin\" allowfullscreen><\/iframe>\n<\/div><\/figure>\n\n\n\n<hr class=\"wp-block-separator has-text-color has-alpha-channel-opacity has-background\" style=\"background-color:#bd5600;color:#bd5600\"\/>\n\n\n\n<h2 class=\"wp-block-heading\"><strong>C\u00f3mo aplicar en el trabajo la inteligencia emocional en tu d\u00eda a d\u00eda<\/strong><\/h2>\n\n\n\n<p>Todo profesional se enfrenta a momentos de presi\u00f3n, retos interpersonales y altos niveles de exigencia. Manejar estas situaciones sin perder el equilibrio es una muestra de inteligencia emocional en acci\u00f3n. Veamos c\u00f3mo puedes ponerla en pr\u00e1ctica.<\/p>\n\n\n\n<h3 class=\"wp-block-heading\"><strong>Reconocer tus emociones para fortalecer tu rendimiento<\/strong><\/h3>\n\n\n\n<p>Imagina que est\u00e1s por presentar un proyecto ante ejecutivos clave. Si sientes nervios y respiraci\u00f3n acelerada, reconocer esa emoci\u00f3n te da el poder de actuar sobre ella. Personas con alta IE son capaces de frenar ese impulso inicial de ansiedad y preparar estrategias simples: una respiraci\u00f3n profunda, una pausa intencional antes de empezar, o un breve autoablandamiento mental como \u201cLo voy a hacer bien\u201d.<\/p>\n\n\n\n<div class=\"wp-block-columns is-not-stacked-on-mobile is-layout-flex wp-container-core-columns-is-layout-9d6595d7 wp-block-columns-is-layout-flex\">\n<div class=\"wp-block-column is-vertically-aligned-center is-layout-flow wp-block-column-is-layout-flow\" style=\"flex-basis:33.33%\">\n<figure class=\"wp-block-image size-full\"><img loading=\"lazy\" decoding=\"async\" width=\"600\" height=\"900\" src=\"http:\/\/imecaf.com\/blog\/wp-content\/uploads\/reconocer-emociones.jpg\" alt=\"Inteligencia Emocional en el Trabajo - Reconocer Emociones\" class=\"wp-image-18076\" srcset=\"https:\/\/imecaf.com\/blog\/wp-content\/uploads\/reconocer-emociones.jpg 600w, https:\/\/imecaf.com\/blog\/wp-content\/uploads\/reconocer-emociones-200x300.jpg 200w\" sizes=\"auto, (max-width: 600px) 100vw, 600px\" \/><\/figure>\n<\/div>\n\n\n\n<div class=\"wp-block-column is-layout-flow wp-block-column-is-layout-flow\"><\/div>\n\n\n\n<div class=\"wp-block-column is-vertically-aligned-center is-layout-flow wp-block-column-is-layout-flow\" style=\"flex-basis:66.66%\">\n<p>Por ejemplo, Marta, una joven consultora financiera, sol\u00eda quedarse en blanco en sus primeras <a href=\"https:\/\/imecaf.com\/528\">presentaciones<\/a>. Entonces empez\u00f3 a identificar las se\u00f1ales f\u00edsicas \u2013palpitaciones, mano temblorosa\u2013 y a utilizar un breve ejercicio de respiraci\u00f3n diafragm\u00e1tica justo antes de empezar. Pronto su desempe\u00f1o mejor\u00f3, gan\u00f3 aplomo y se convirti\u00f3 en una de las presentadoras m\u00e1s seguidas del equipo.<\/p>\n\n\n\n<p>Este nivel de autoconciencia y control no se improvisa; requiere pr\u00e1ctica, observaci\u00f3n interna y disposici\u00f3n para aprender a manejar las emociones cuando m\u00e1s se necesita. Fortalecer esta habilidad puede marcar la diferencia entre sentirse rebasado o actuar con claridad y seguridad en los momentos clave.<\/p>\n<\/div>\n<\/div>\n\n\n\n<h3 class=\"wp-block-heading\"><strong>Autorregulaci\u00f3n ante conflictos y cr\u00edticas<\/strong><\/h3>\n\n\n\n<p>Las cr\u00edticas forman parte del entorno laboral. Pero lo que diferencia a una persona emocionalmente inteligente es su capacidad para <strong>no reaccionar autom\u00e1ticamente<\/strong>, sino valorar, responder con criterio y aprender.<\/p>\n\n\n\n<div class=\"wp-block-columns is-not-stacked-on-mobile is-layout-flex wp-container-core-columns-is-layout-9d6595d7 wp-block-columns-is-layout-flex\">\n<div class=\"wp-block-column is-vertically-aligned-center is-layout-flow wp-block-column-is-layout-flow\" style=\"flex-basis:33.33%\">\n<figure class=\"wp-block-image size-full\"><img loading=\"lazy\" decoding=\"async\" width=\"600\" height=\"900\" src=\"http:\/\/imecaf.com\/blog\/wp-content\/uploads\/autoregulacion.jpg\" alt=\"Autorregulaci\u00f3n\" class=\"wp-image-18077\" srcset=\"https:\/\/imecaf.com\/blog\/wp-content\/uploads\/autoregulacion.jpg 600w, https:\/\/imecaf.com\/blog\/wp-content\/uploads\/autoregulacion-200x300.jpg 200w\" sizes=\"auto, (max-width: 600px) 100vw, 600px\" \/><\/figure>\n<\/div>\n\n\n\n<div class=\"wp-block-column is-layout-flow wp-block-column-is-layout-flow\"><\/div>\n\n\n\n<div class=\"wp-block-column is-vertically-aligned-center is-layout-flow wp-block-column-is-layout-flow\" style=\"flex-basis:66.66%\">\n<p>En otro caso, Luis, quien lideraba un equipo de desarrollo, recibi\u00f3 comentarios duros de su jefe por un retraso. En lugar de contestar a la defensiva, respir\u00f3, agradeci\u00f3 la informaci\u00f3n y pidi\u00f3 tiempo para evaluar y proponer mejoras. Esa respuesta proactiva no s\u00f3lo calm\u00f3 el momento, sino que le permiti\u00f3 ganar respeto y mantener el di\u00e1logo abierto.<\/p>\n\n\n\n<p>La gesti\u00f3n emocional en estos momentos puede marcar la diferencia entre un conflicto escalado y una oportunidad de crecimiento. Aprender a pausar, reformular pensamientos y actuar con intenci\u00f3n es fundamental para convertir los retos en pasos hacia adelante.<\/p>\n<\/div>\n<\/div>\n\n\n\n<h3 class=\"wp-block-heading\"><strong>Empat\u00eda como puente en tus relaciones laborales<\/strong><\/h3>\n\n\n\n<p>En un ambiente profesional, no solo importan tus ideas, sino tambi\u00e9n c\u00f3mo conectas con las personas. La empat\u00eda es la capacidad de entender lo que siente otro, y de actuar en consecuencia. En equipos peque\u00f1os o grandes, esta habilidad es vital para generar confianza y fluidez.<\/p>\n\n\n\n<div class=\"wp-block-columns is-not-stacked-on-mobile is-layout-flex wp-container-core-columns-is-layout-9d6595d7 wp-block-columns-is-layout-flex\">\n<div class=\"wp-block-column is-vertically-aligned-center is-layout-flow wp-block-column-is-layout-flow\" style=\"flex-basis:33.33%\">\n<figure class=\"wp-block-image size-full\"><img loading=\"lazy\" decoding=\"async\" width=\"600\" height=\"900\" src=\"http:\/\/imecaf.com\/blog\/wp-content\/uploads\/empatia-3.jpg\" alt=\"Inteligencia Emocional en el Trabajo - Empat\u00eda\" class=\"wp-image-18078\" srcset=\"https:\/\/imecaf.com\/blog\/wp-content\/uploads\/empatia-3.jpg 600w, https:\/\/imecaf.com\/blog\/wp-content\/uploads\/empatia-3-200x300.jpg 200w\" sizes=\"auto, (max-width: 600px) 100vw, 600px\" \/><\/figure>\n<\/div>\n\n\n\n<div class=\"wp-block-column is-vertically-aligned-center is-layout-flow wp-block-column-is-layout-flow\" style=\"flex-basis:66.66%\">\n<p>Un ejemplo real: un dise\u00f1ador junior comenzaba a bajar el rendimiento tras varios errores. En lugar de ignorarlo, su colega Ana se acerc\u00f3, le pregunt\u00f3 c\u00f3mo se sent\u00eda y le ofreci\u00f3 apoyo. Descubrieron que ten\u00eda miedo esc\u00e9nico en las presentaciones. Juntos crearon sesiones de pr\u00e1ctica y role play. En pocas semanas, el joven recuper\u00f3 confianza, mejor\u00f3 su desempe\u00f1o y fortaleci\u00f3 lazos dentro del equipo.<\/p>\n\n\n\n<p>Construir relaciones profesionales s\u00f3lidas implica desarrollar la <a href=\"https:\/\/imecaf.com\/536\">escucha activa<\/a> y la capacidad de dejar a un lado el \u201cyo\u201d para comprender realmente a los dem\u00e1s. Estas habilidades facilitan la colaboraci\u00f3n y mejoran el ambiente laboral.<\/p>\n<\/div>\n<\/div>\n\n\n\n<h3 class=\"wp-block-heading\"><strong>Motivaci\u00f3n personal: clave para la perseverancia<\/strong><\/h3>\n\n\n\n<p>La motivaci\u00f3n que surge del coraz\u00f3n \u2013no por la presi\u00f3n externa\u2013 es la que persiste, inspira y lleva al \u00e9xito. Profesionales emocionalmente inteligentes definen metas claras, reconocen sus avances y se reinventan cuando enfrentan fracasos.<\/p>\n\n\n\n<div class=\"wp-block-columns is-not-stacked-on-mobile is-layout-flex wp-container-core-columns-is-layout-9d6595d7 wp-block-columns-is-layout-flex\">\n<div class=\"wp-block-column is-vertically-aligned-center is-layout-flow wp-block-column-is-layout-flow\" style=\"flex-basis:33.33%\">\n<figure class=\"wp-block-image size-full\"><img loading=\"lazy\" decoding=\"async\" width=\"600\" height=\"900\" src=\"http:\/\/imecaf.com\/blog\/wp-content\/uploads\/motivacion-personal.jpg\" alt=\"Motivaci\u00f3n Personal\" class=\"wp-image-18079\" srcset=\"https:\/\/imecaf.com\/blog\/wp-content\/uploads\/motivacion-personal.jpg 600w, https:\/\/imecaf.com\/blog\/wp-content\/uploads\/motivacion-personal-200x300.jpg 200w\" sizes=\"auto, (max-width: 600px) 100vw, 600px\" \/><\/figure>\n<\/div>\n\n\n\n<div class=\"wp-block-column is-vertically-aligned-center is-layout-flow wp-block-column-is-layout-flow\" style=\"flex-basis:66.66%\">\n<p>Por ejemplo, Carlos es agente de cuentas clave. Aunque tuvo meses complicados, dividi\u00f3 su meta anual en hitos semanales y celebr\u00f3 cada cliente captado. Al hacerlo, mantuvo la moral arriba, gener\u00f3 confianza en su equipo y logr\u00f3 un a\u00f1o de resultados excepcionales.<\/p>\n\n\n\n<p>Este tipo de enfoque sistem\u00e1tico \u2014basado en objetivos claros, constancia y reconocimiento\u2014 permite mantener la motivaci\u00f3n interna incluso en los momentos dif\u00edciles. Es una habilidad que puede cultivarse con pr\u00e1ctica y reflexi\u00f3n consciente.<\/p>\n<\/div>\n<\/div>\n\n\n\n<h3 class=\"wp-block-heading\"><strong>Habilidades sociales: m\u00e1s que comunicaci\u00f3n, influencia positiva<\/strong><\/h3>\n\n\n\n<p>En el entorno laboral, es tan importante lo que dices como c\u00f3mo lo dices. Habilidades como la <a href=\"https:\/\/imecaf.com\/516\">asertividad<\/a>, el feedback efectivo y la gesti\u00f3n del desacuerdo son herramientas esenciales en cualquier posici\u00f3n, desde un becario hasta un gerente.<\/p>\n\n\n\n<div class=\"wp-block-columns is-not-stacked-on-mobile is-layout-flex wp-container-core-columns-is-layout-9d6595d7 wp-block-columns-is-layout-flex\">\n<div class=\"wp-block-column is-vertically-aligned-center is-layout-flow wp-block-column-is-layout-flow\" style=\"flex-basis:33.33%\">\n<figure class=\"wp-block-image size-full\"><img loading=\"lazy\" decoding=\"async\" width=\"600\" height=\"900\" src=\"http:\/\/imecaf.com\/blog\/wp-content\/uploads\/habilidades-sociales.jpg\" alt=\"Inteligencia Emocional en el Trabajo - Habilidades Sociales\" class=\"wp-image-18080\" srcset=\"https:\/\/imecaf.com\/blog\/wp-content\/uploads\/habilidades-sociales.jpg 600w, https:\/\/imecaf.com\/blog\/wp-content\/uploads\/habilidades-sociales-200x300.jpg 200w\" sizes=\"auto, (max-width: 600px) 100vw, 600px\" \/><\/figure>\n<\/div>\n\n\n\n<div class=\"wp-block-column is-layout-flow wp-block-column-is-layout-flow\"><\/div>\n\n\n\n<div class=\"wp-block-column is-vertically-aligned-center is-layout-flow wp-block-column-is-layout-flow\" style=\"flex-basis:66.66%\">\n<p>Un caso: Julieta, una l\u00edder de equipo, notaba micromensajes de tensi\u00f3n en sus colaboradores. En lugar de actuar por intuici\u00f3n, organiz\u00f3 espacios semanales de di\u00e1logo donde cada uno pod\u00eda compartir su estado emocional. Esto redujo malentendidos, mejor\u00f3 la cooperaci\u00f3n y elev\u00f3 el nivel de compromiso.<\/p>\n\n\n\n<p>Afrontar este tipo de desaf\u00edos requiere habilidades sociales bien desarrolladas, como la comunicaci\u00f3n no violenta, el manejo adecuado del feedback y la capacidad de influir positivamente en el entorno. Estas competencias fortalecen los v\u00ednculos laborales y fomentan una cultura de confianza.<\/p>\n<\/div>\n<\/div>\n\n\n\n<h3 class=\"wp-block-heading\"><strong>Toma de decisiones bajo presi\u00f3n: claridad emocional<\/strong><\/h3>\n\n\n\n<p>Tomar decisiones en medio de la presi\u00f3n diaria del trabajo puede llevar a errores si no se gestionan correctamente las emociones. Una persona emocionalmente inteligente es capaz de identificar c\u00f3mo se siente \u2014ansioso, frustrado, molesto\u2014 antes de actuar, y eso le permite tomar distancia del impulso inicial. Esa pausa emocional favorece una respuesta m\u00e1s estrat\u00e9gica y pensada, especialmente en situaciones cr\u00edticas como juntas importantes, crisis de proyectos o conflictos entre equipos.<\/p>\n\n\n\n<div class=\"wp-block-columns is-not-stacked-on-mobile is-layout-flex wp-container-core-columns-is-layout-9d6595d7 wp-block-columns-is-layout-flex\">\n<div class=\"wp-block-column is-layout-flow wp-block-column-is-layout-flow\" style=\"flex-basis:33.33%\">\n<figure class=\"wp-block-image size-full\"><img loading=\"lazy\" decoding=\"async\" width=\"600\" height=\"900\" src=\"http:\/\/imecaf.com\/blog\/wp-content\/uploads\/Toma-de-decisiones-2.jpg\" alt=\"Toma de Decisiones\" class=\"wp-image-18081\" srcset=\"https:\/\/imecaf.com\/blog\/wp-content\/uploads\/Toma-de-decisiones-2.jpg 600w, https:\/\/imecaf.com\/blog\/wp-content\/uploads\/Toma-de-decisiones-2-200x300.jpg 200w\" sizes=\"auto, (max-width: 600px) 100vw, 600px\" \/><\/figure>\n<\/div>\n\n\n\n<div class=\"wp-block-column is-layout-flow wp-block-column-is-layout-flow\"><\/div>\n\n\n\n<div class=\"wp-block-column is-vertically-aligned-center is-layout-flow wp-block-column-is-layout-flow\" style=\"flex-basis:66.66%\">\n<p>Por ejemplo, un coordinador que recibe una cr\u00edtica inesperada puede sentir el impulso de justificarse de inmediato. Sin embargo, si respira, escucha y analiza el contexto, puede responder con apertura y centrarse en soluciones. Esta claridad emocional se traduce en mejores decisiones, mayor credibilidad y una comunicaci\u00f3n m\u00e1s efectiva bajo presi\u00f3n.<\/p>\n<\/div>\n<\/div>\n\n\n\n<h3 class=\"wp-block-heading\"><strong>Inteligencia emocional en entrevistas de trabajo<\/strong><\/h3>\n\n\n\n<p>Las entrevistas laborales ponen a prueba mucho m\u00e1s que los conocimientos t\u00e9cnicos: tambi\u00e9n revelan tu capacidad para comunicarte, adaptarte y manejar la presi\u00f3n. La inteligencia emocional permite enfrentar ese momento con mayor claridad, control y autenticidad.&nbsp;<\/p>\n\n\n\n<div class=\"wp-block-columns is-not-stacked-on-mobile is-layout-flex wp-container-core-columns-is-layout-9d6595d7 wp-block-columns-is-layout-flex\">\n<div class=\"wp-block-column is-vertically-aligned-center is-layout-flow wp-block-column-is-layout-flow\" style=\"flex-basis:33.33%\">\n<figure class=\"wp-block-image size-full\"><img loading=\"lazy\" decoding=\"async\" width=\"600\" height=\"900\" src=\"http:\/\/imecaf.com\/blog\/wp-content\/uploads\/entrevista-de-trabajo.jpg\" alt=\"Entrevista de Trabajo\" class=\"wp-image-18082\" srcset=\"https:\/\/imecaf.com\/blog\/wp-content\/uploads\/entrevista-de-trabajo.jpg 600w, https:\/\/imecaf.com\/blog\/wp-content\/uploads\/entrevista-de-trabajo-200x300.jpg 200w\" sizes=\"auto, (max-width: 600px) 100vw, 600px\" \/><\/figure>\n<\/div>\n\n\n\n<div class=\"wp-block-column is-layout-flow wp-block-column-is-layout-flow\"><\/div>\n\n\n\n<div class=\"wp-block-column is-vertically-aligned-center is-layout-flow wp-block-column-is-layout-flow\" style=\"flex-basis:66.66%\">\n<p>Una persona emocionalmente inteligente regula sus nervios, mantiene la concentraci\u00f3n y responde con serenidad, incluso ante preguntas dif\u00edciles o situaciones inesperadas. Esta preparaci\u00f3n emocional mejora la conexi\u00f3n con el entrevistador y proyecta una imagen segura y profesional. Adem\u00e1s, permite responder con empat\u00eda y autoconciencia.&nbsp;<\/p>\n\n\n\n<p>Por ejemplo, al hablar sobre un conflicto laboral pasado, un candidato con IE no se limita a justificar lo ocurrido, sino que reconoce sus emociones, explica c\u00f3mo las gestion\u00f3 y qu\u00e9 aprendi\u00f3 de la experiencia. Esta capacidad de introspecci\u00f3n muestra madurez, apertura al crecimiento y habilidades interpersonales, cualidades altamente valoradas por las organizaciones.&nbsp;<\/p>\n<\/div>\n<\/div>\n\n\n\n<h3 class=\"wp-block-heading\"><strong>Autoconfianza emocional frente a retos laborales<\/strong><\/h3>\n\n\n\n<p>Desarrollar la autoconfianza no implica ignorar el miedo o la duda, sino reconocerlos sin dejar que te paralicen. Las personas emocionalmente inteligentes validan sus emociones, reformulan pensamientos negativos y se enfocan en lo que pueden controlar, en lugar de quedarse atrapadas en el \u201cqu\u00e9 pasar\u00eda si\u201d. Esta actitud les permite enfrentar nuevos desaf\u00edos con mayor equilibrio y actitud constructiva.<\/p>\n\n\n\n<div class=\"wp-block-columns is-not-stacked-on-mobile is-layout-flex wp-container-core-columns-is-layout-9d6595d7 wp-block-columns-is-layout-flex\">\n<div class=\"wp-block-column is-vertically-aligned-center is-layout-flow wp-block-column-is-layout-flow\" style=\"flex-basis:33.33%\">\n<figure class=\"wp-block-image size-full\"><img loading=\"lazy\" decoding=\"async\" width=\"600\" height=\"900\" src=\"http:\/\/imecaf.com\/blog\/wp-content\/uploads\/autoconfianza-emocional.jpg\" alt=\"Autoconfianza Emocional\" class=\"wp-image-18083\" srcset=\"https:\/\/imecaf.com\/blog\/wp-content\/uploads\/autoconfianza-emocional.jpg 600w, https:\/\/imecaf.com\/blog\/wp-content\/uploads\/autoconfianza-emocional-200x300.jpg 200w\" sizes=\"auto, (max-width: 600px) 100vw, 600px\" \/><\/figure>\n<\/div>\n\n\n\n<div class=\"wp-block-column is-vertically-aligned-center is-layout-flow wp-block-column-is-layout-flow\" style=\"flex-basis:66.66%\">\n<p>Por ejemplo, alguien que acepta una nueva responsabilidad puede sentirse inseguro al inicio. Sin embargo, si se apoya en la IE, transformar\u00e1 ese momento en una oportunidad para aprender, pedir ayuda con humildad, ajustar su enfoque y celebrar cada peque\u00f1o avance. Esta combinaci\u00f3n de autoconciencia y acci\u00f3n sostenida refuerza la confianza real, no basada en la perfecci\u00f3n, sino en la capacidad de adaptarse, crecer y perseverar.<\/p>\n<\/div>\n<\/div>\n\n\n\n<h3 class=\"wp-block-heading\"><strong>Inteligencia emocional en el trabajo y crecimiento profesional a largo plazo<\/strong><\/h3>\n\n\n\n<p>La inteligencia emocional es una aliada del desarrollo profesional sostenido. Una persona emocionalmente consciente identifica sus patrones reactivos, aprende de sus errores y busca retroalimentaci\u00f3n sin tom\u00e1rsela como un ataque personal. Esta apertura le permite mejorar continuamente sus habilidades interpersonales, comunicativas y de liderazgo con una visi\u00f3n de futuro.<\/p>\n\n\n\n<div class=\"wp-block-columns is-not-stacked-on-mobile is-layout-flex wp-container-core-columns-is-layout-9d6595d7 wp-block-columns-is-layout-flex\">\n<div class=\"wp-block-column is-layout-flow wp-block-column-is-layout-flow\" style=\"flex-basis:33.33%\">\n<figure class=\"wp-block-image size-full\"><img loading=\"lazy\" decoding=\"async\" width=\"600\" height=\"900\" src=\"http:\/\/imecaf.com\/blog\/wp-content\/uploads\/crecimiento-profesional.jpg\" alt=\"Inteligencia Emocional en el Trabajo - Crecimiento Profesional\" class=\"wp-image-18084\" srcset=\"https:\/\/imecaf.com\/blog\/wp-content\/uploads\/crecimiento-profesional.jpg 600w, https:\/\/imecaf.com\/blog\/wp-content\/uploads\/crecimiento-profesional-200x300.jpg 200w\" sizes=\"auto, (max-width: 600px) 100vw, 600px\" \/><\/figure>\n<\/div>\n\n\n\n<div class=\"wp-block-column is-layout-flow wp-block-column-is-layout-flow\"><\/div>\n\n\n\n<div class=\"wp-block-column is-vertically-aligned-center is-layout-flow wp-block-column-is-layout-flow\" style=\"flex-basis:66.66%\">\n<p>Adem\u00e1s, quienes cultivan la IE suelen tener una mentalidad flexible, resiliente y orientada al aprendizaje. Se adaptan con mayor facilidad a cambios de rol, nuevas din\u00e1micas de equipo o responsabilidades ampliadas. En lugar de estancarse o resistirse, avanzan con intenci\u00f3n, fortaleciendo no solo su desempe\u00f1o, sino tambi\u00e9n su reputaci\u00f3n profesional como colaboradores valiosos, confiables y emocionalmente estables.<\/p>\n<\/div>\n<\/div>\n\n\n\n<h3 class=\"wp-block-heading\"><strong>Influencia emocional en la <\/strong><a href=\"https:\/\/imecaf.com\/145\"><strong>negociaci\u00f3n<\/strong><\/a><\/h3>\n\n\n\n<p>Negociar va m\u00e1s all\u00e1 de presentar argumentos racionales; requiere una sensibilidad especial hacia las emociones propias y ajenas. Las emociones influyen en la percepci\u00f3n, la toma de decisiones y la disposici\u00f3n para ceder o comprometerse. Una persona emocionalmente inteligente no solo escucha las palabras, sino tambi\u00e9n las se\u00f1ales emocionales, como el tono de voz y los gestos, que pueden revelar inquietudes o resistencia.<\/p>\n\n\n\n<div class=\"wp-block-columns is-not-stacked-on-mobile is-layout-flex wp-container-core-columns-is-layout-9d6595d7 wp-block-columns-is-layout-flex\">\n<div class=\"wp-block-column is-layout-flow wp-block-column-is-layout-flow\" style=\"flex-basis:33.33%\">\n<figure class=\"wp-block-image size-full\"><img loading=\"lazy\" decoding=\"async\" width=\"600\" height=\"900\" src=\"http:\/\/imecaf.com\/blog\/wp-content\/uploads\/negociacion-2.jpg\" alt=\"Negociaci\u00f3n\" class=\"wp-image-18085\" srcset=\"https:\/\/imecaf.com\/blog\/wp-content\/uploads\/negociacion-2.jpg 600w, https:\/\/imecaf.com\/blog\/wp-content\/uploads\/negociacion-2-200x300.jpg 200w\" sizes=\"auto, (max-width: 600px) 100vw, 600px\" \/><\/figure>\n<\/div>\n\n\n\n<div class=\"wp-block-column is-layout-flow wp-block-column-is-layout-flow\"><\/div>\n\n\n\n<div class=\"wp-block-column is-vertically-aligned-center is-layout-flow wp-block-column-is-layout-flow\" style=\"flex-basis:66.66%\">\n<p>Al reconocer estas se\u00f1ales, puedes adaptar tu comunicaci\u00f3n para reducir tensiones y fomentar un ambiente de respeto y apertura. Adem\u00e1s, al controlar tus propias emociones, evitas reacciones impulsivas que podr\u00edan perjudicar el proceso. Este manejo consciente de las emociones facilita la b\u00fasqueda de soluciones que benefician a todas las partes, fortaleciendo as\u00ed la confianza, la cooperaci\u00f3n y la reputaci\u00f3n profesional a largo plazo.<\/p>\n<\/div>\n<\/div>\n\n\n\n<hr class=\"wp-block-separator has-text-color has-alpha-channel-opacity has-background\" style=\"background-color:#bd5600;color:#bd5600\"\/>\n\n\n\n<h2 class=\"wp-block-heading\"><strong>Conclusi\u00f3n<\/strong><\/h2>\n\n\n\n<p>La inteligencia emocional es una herramienta estrat\u00e9gica en el desarrollo profesional. Ya no se trata solo de dominar lo t\u00e9cnico; hoy, saber manejar tus emociones, mantener el equilibrio bajo presi\u00f3n y relacionarte de forma emp\u00e1tica es lo que verdaderamente marca la diferencia en cualquier carrera.<\/p>\n\n\n\n<p><strong>Desarrollar tu Inteligencia Emocional en el trabajo te permitir\u00e1:<\/strong><\/p>\n\n\n\n<ul class=\"wp-block-list\">\n<li>Fortalecer tu <strong>desempe\u00f1o profesional<\/strong> con mayor claridad y seguridad.<br><\/li>\n\n\n\n<li>Mejorar la <strong>calidad de tus relaciones laborales<\/strong>, cultivando v\u00ednculos s\u00f3lidos y colaborativos.<br><\/li>\n\n\n\n<li><strong>Tomar decisiones m\u00e1s acertadas<\/strong>, incluso en situaciones de alta exigencia.<br><\/li>\n\n\n\n<li><strong>Mantener la motivaci\u00f3n interna<\/strong>, incluso cuando enfrentas obst\u00e1culos.<br><\/li>\n\n\n\n<li>Actuar con <strong>liderazgo emocional<\/strong>, influyendo positivamente en tu equipo y entorno.<br><\/li>\n\n\n\n<li>Validar y <strong>medir el impacto de tu desarrollo emocional<\/strong>, para seguir avanzando con prop\u00f3sito.<\/li>\n<\/ul>\n\n\n\n<p>Si buscas mejorar tu desempe\u00f1o laboral, avanzar en tu crecimiento personal o liderar con mayor conciencia, <strong>la inteligencia emocional es un punto de partida indispensable<\/strong>.<\/p>\n\n\n\n<div class=\"wp-block-columns is-layout-flex wp-container-core-columns-is-layout-9d6595d7 wp-block-columns-is-layout-flex\">\n<div class=\"wp-block-column is-vertically-aligned-center is-layout-flow wp-block-column-is-layout-flow\" style=\"flex-basis:33.33%\">\n<figure class=\"wp-block-image size-full\"><img loading=\"lazy\" decoding=\"async\" width=\"600\" height=\"900\" src=\"http:\/\/imecaf.com\/blog\/wp-content\/uploads\/conclusion-IET.png\" alt=\"Conclusi\u00f3n IET\" class=\"wp-image-18086\" srcset=\"https:\/\/imecaf.com\/blog\/wp-content\/uploads\/conclusion-IET.png 600w, https:\/\/imecaf.com\/blog\/wp-content\/uploads\/conclusion-IET-200x300.png 200w\" sizes=\"auto, (max-width: 600px) 100vw, 600px\" \/><\/figure>\n<\/div>\n\n\n\n<div class=\"wp-block-column is-layout-flow wp-block-column-is-layout-flow\"><\/div>\n\n\n\n<div class=\"wp-block-column is-vertically-aligned-center is-layout-flow wp-block-column-is-layout-flow\" style=\"flex-basis:66.66%\">\n<p>En <strong>IMECAF<\/strong>, puedes comenzar ese camino con nuestro <a href=\"https:\/\/imecaf.com\/37\"><strong>Curso de Inteligencia Emocional<\/strong><\/a>, especialmente dise\u00f1ado para que integres estas habilidades en tu d\u00eda a d\u00eda profesional.<\/p>\n\n\n\n<p>Y si deseas seguir profundizando, te recomendamos explorar estos dos art\u00edculos complementarios:<\/p>\n\n\n\n<p>&#x1f4cc; <a href=\"http:\/\/imecaf.com\/blog\/2025\/02\/20\/inteligencia-emocional-y-salud-mental\/\"><em>Inteligencia Emocional y Salud Mental<\/em><em><br><\/em><\/a> &#x1f4cc;<a href=\"http:\/\/imecaf.com\/blog\/2024\/09\/13\/como-desarrollar-la-inteligencia-emocional\/\"><em>C\u00f3mo desarrollar la Inteligencia Emocional<\/em><\/a><\/p>\n\n\n\n<p>Ambos recursos ofrecen estrategias pr\u00e1cticas para seguir creciendo y consolidarte como un profesional m\u00e1s humano, consciente y efectivo.<\/p>\n<\/div>\n<\/div>\n\n\n<figure class=\"wp-block-image\"><a href=\"http:\/\/imecaf.com\/blog\/wp-content\/uploads\/Inteligencia-Emocional-en-el-Trabajo.pdf\"><img decoding=\"async\" style=\"width: 303px; height: auto;\" src=\"http:\/\/imecaf.com\/blog\/wp-content\/uploads\/Descargar-PDF-e1708732610860-1024x317.png\" alt=\"Inteligencia Emocional en el Trabajo PDF\"\/><\/a><\/figure>","protected":false},"excerpt":{"rendered":"<p>Introducci\u00f3n Hoy en d\u00eda, destacar en el \u00e1mbito profesional no solo depende de tus conocimientos t\u00e9cnicos, sino tambi\u00e9n de tu capacidad para gestionar tus emociones, relacionarte con los dem\u00e1s y mantener el equilibrio bajo presi\u00f3n. Desarrollar inteligencia emocional (IE) en el trabajo es, m\u00e1s que un complemento, una habilidad esencial para sobresalir en cualquier entorno &#8230; <a title=\"Inteligencia emocional en el trabajo: clave para el \u00e9xito profesional\" class=\"read-more\" href=\"https:\/\/imecaf.com\/blog\/2025\/06\/27\/inteligencia-emocional-en-el-trabajo\/\">Leer m\u00e1s <span class=\"screen-reader-text\">Inteligencia emocional en el trabajo: clave para el \u00e9xito profesional<\/span><\/a><\/p>\n","protected":false},"author":2,"featured_media":18075,"comment_status":"open","ping_status":"closed","sticky":false,"template":"","format":"standard","meta":{"footnotes":""},"categories":[476,10],"tags":[11651,11647,1179,10047,8815,11650,11649,477,5485,10937,2686,7162,11648,1059,1294],"class_list":["post-18074","post","type-post","status-publish","format-standard","has-post-thumbnail","hentry","category-articulos-desarrollohumano","category-desarrollohumano","tag-autoconfianza","tag-autorregulacion","tag-crecimiento","tag-emociones","tag-empatia","tag-entrevista","tag-habilidades-sociales","tag-inteligencia-emocional","tag-motivacion","tag-negociacion","tag-profesional","tag-reconocer","tag-relacion-laboral","tag-toma-de-decisiones","tag-trabajo"],"yoast_head":"<!-- This site is optimized with the Yoast SEO plugin v27.5 - https:\/\/yoast.com\/product\/yoast-seo-wordpress\/ -->\n<title>Inteligencia emocional en el trabajo: clave para el \u00e9xito profesional<\/title>\n<meta name=\"description\" content=\"Mejora tu desempe\u00f1o con inteligencia emocional en el trabajo: regula emociones, fortalece relaciones y toma decisiones con claridad\" \/>\n<meta name=\"robots\" content=\"index, follow, max-snippet:-1, max-image-preview:large, max-video-preview:-1\" \/>\n<link rel=\"canonical\" href=\"https:\/\/imecaf.com\/blog\/2025\/06\/27\/inteligencia-emocional-en-el-trabajo\/\" \/>\n<meta property=\"og:locale\" content=\"es_ES\" \/>\n<meta property=\"og:type\" content=\"article\" \/>\n<meta property=\"og:title\" content=\"Inteligencia emocional en el trabajo: clave para el \u00e9xito profesional\" \/>\n<meta property=\"og:description\" content=\"Mejora tu desempe\u00f1o con inteligencia emocional en el trabajo: regula emociones, fortalece relaciones y toma decisiones con claridad\" \/>\n<meta property=\"og:url\" content=\"https:\/\/imecaf.com\/blog\/2025\/06\/27\/inteligencia-emocional-en-el-trabajo\/\" \/>\n<meta property=\"og:site_name\" content=\"IMECAF - Blog\" \/>\n<meta property=\"article:publisher\" content=\"https:\/\/www.facebook.com\/IMECAF\" \/>\n<meta property=\"article:published_time\" content=\"2025-06-27T23:46:06+00:00\" \/>\n<meta property=\"article:modified_time\" content=\"2025-10-07T21:05:16+00:00\" \/>\n<meta property=\"og:image\" content=\"https:\/\/imecaf.com\/blog\/wp-content\/uploads\/IE-en-el-Trabajo.jpg\" \/>\n\t<meta property=\"og:image:width\" content=\"1000\" \/>\n\t<meta property=\"og:image:height\" content=\"600\" \/>\n\t<meta property=\"og:image:type\" content=\"image\/jpeg\" \/>\n<meta name=\"author\" content=\"Equipo de IMECAF\" \/>\n<meta name=\"twitter:card\" content=\"summary_large_image\" \/>\n<meta name=\"twitter:title\" content=\"Inteligencia emocional en el trabajo: clave para el \u00e9xito profesional\" \/>\n<meta name=\"twitter:description\" content=\"Mejora tu desempe\u00f1o con inteligencia emocional en el trabajo: regula emociones, fortalece relaciones y toma decisiones con claridad\" \/>\n<meta name=\"twitter:image\" content=\"https:\/\/imecaf.com\/blog\/wp-content\/uploads\/IE-en-el-Trabajo.jpg\" \/>\n<meta name=\"twitter:creator\" content=\"@imecaf\" \/>\n<meta name=\"twitter:site\" content=\"@imecaf\" \/>\n<meta name=\"twitter:label1\" content=\"Escrito por\" \/>\n\t<meta name=\"twitter:data1\" content=\"Equipo de IMECAF\" \/>\n\t<meta name=\"twitter:label2\" content=\"Tiempo de lectura\" \/>\n\t<meta name=\"twitter:data2\" content=\"11 minutos\" \/>\n<script type=\"application\/ld+json\" class=\"yoast-schema-graph\">{\"@context\":\"https:\\\/\\\/schema.org\",\"@graph\":[{\"@type\":\"Article\",\"@id\":\"https:\\\/\\\/imecaf.com\\\/blog\\\/2025\\\/06\\\/27\\\/inteligencia-emocional-en-el-trabajo\\\/#article\",\"isPartOf\":{\"@id\":\"https:\\\/\\\/imecaf.com\\\/blog\\\/2025\\\/06\\\/27\\\/inteligencia-emocional-en-el-trabajo\\\/\"},\"author\":{\"name\":\"Equipo de IMECAF\",\"@id\":\"https:\\\/\\\/imecaf.com\\\/blog\\\/#\\\/schema\\\/person\\\/a69b9f3972250aa0b1fdb798f094b4c7\"},\"headline\":\"Inteligencia emocional en el trabajo: clave para el \u00e9xito profesional\",\"datePublished\":\"2025-06-27T23:46:06+00:00\",\"dateModified\":\"2025-10-07T21:05:16+00:00\",\"mainEntityOfPage\":{\"@id\":\"https:\\\/\\\/imecaf.com\\\/blog\\\/2025\\\/06\\\/27\\\/inteligencia-emocional-en-el-trabajo\\\/\"},\"wordCount\":1895,\"commentCount\":0,\"publisher\":{\"@id\":\"https:\\\/\\\/imecaf.com\\\/blog\\\/#organization\"},\"image\":{\"@id\":\"https:\\\/\\\/imecaf.com\\\/blog\\\/2025\\\/06\\\/27\\\/inteligencia-emocional-en-el-trabajo\\\/#primaryimage\"},\"thumbnailUrl\":\"https:\\\/\\\/imecaf.com\\\/blog\\\/wp-content\\\/uploads\\\/IE-en-el-Trabajo.jpg\",\"keywords\":[\"autoconfianza\",\"autorregulacion\",\"crecimiento\",\"emociones\",\"empatia\",\"entrevista\",\"habilidades sociales\",\"inteligencia emocional\",\"motivacion\",\"negociacion\",\"profesional\",\"reconocer\",\"relacion laboral\",\"toma de decisiones\",\"trabajo\"],\"articleSection\":[\"Art\u00edculos\",\"Desarrollo Humano\"],\"inLanguage\":\"es\",\"potentialAction\":[{\"@type\":\"CommentAction\",\"name\":\"Comment\",\"target\":[\"https:\\\/\\\/imecaf.com\\\/blog\\\/2025\\\/06\\\/27\\\/inteligencia-emocional-en-el-trabajo\\\/#respond\"]}]},{\"@type\":\"WebPage\",\"@id\":\"https:\\\/\\\/imecaf.com\\\/blog\\\/2025\\\/06\\\/27\\\/inteligencia-emocional-en-el-trabajo\\\/\",\"url\":\"https:\\\/\\\/imecaf.com\\\/blog\\\/2025\\\/06\\\/27\\\/inteligencia-emocional-en-el-trabajo\\\/\",\"name\":\"Inteligencia emocional en el trabajo: clave para el \u00e9xito profesional\",\"isPartOf\":{\"@id\":\"https:\\\/\\\/imecaf.com\\\/blog\\\/#website\"},\"primaryImageOfPage\":{\"@id\":\"https:\\\/\\\/imecaf.com\\\/blog\\\/2025\\\/06\\\/27\\\/inteligencia-emocional-en-el-trabajo\\\/#primaryimage\"},\"image\":{\"@id\":\"https:\\\/\\\/imecaf.com\\\/blog\\\/2025\\\/06\\\/27\\\/inteligencia-emocional-en-el-trabajo\\\/#primaryimage\"},\"thumbnailUrl\":\"https:\\\/\\\/imecaf.com\\\/blog\\\/wp-content\\\/uploads\\\/IE-en-el-Trabajo.jpg\",\"datePublished\":\"2025-06-27T23:46:06+00:00\",\"dateModified\":\"2025-10-07T21:05:16+00:00\",\"description\":\"Mejora tu desempe\u00f1o con inteligencia emocional en el trabajo: regula emociones, fortalece relaciones y toma decisiones con claridad\",\"breadcrumb\":{\"@id\":\"https:\\\/\\\/imecaf.com\\\/blog\\\/2025\\\/06\\\/27\\\/inteligencia-emocional-en-el-trabajo\\\/#breadcrumb\"},\"inLanguage\":\"es\",\"potentialAction\":[{\"@type\":\"ReadAction\",\"target\":[\"https:\\\/\\\/imecaf.com\\\/blog\\\/2025\\\/06\\\/27\\\/inteligencia-emocional-en-el-trabajo\\\/\"]}]},{\"@type\":\"ImageObject\",\"inLanguage\":\"es\",\"@id\":\"https:\\\/\\\/imecaf.com\\\/blog\\\/2025\\\/06\\\/27\\\/inteligencia-emocional-en-el-trabajo\\\/#primaryimage\",\"url\":\"https:\\\/\\\/imecaf.com\\\/blog\\\/wp-content\\\/uploads\\\/IE-en-el-Trabajo.jpg\",\"contentUrl\":\"https:\\\/\\\/imecaf.com\\\/blog\\\/wp-content\\\/uploads\\\/IE-en-el-Trabajo.jpg\",\"width\":1000,\"height\":600,\"caption\":\"Inteligencia Emocional en el Trabajo\"},{\"@type\":\"BreadcrumbList\",\"@id\":\"https:\\\/\\\/imecaf.com\\\/blog\\\/2025\\\/06\\\/27\\\/inteligencia-emocional-en-el-trabajo\\\/#breadcrumb\",\"itemListElement\":[{\"@type\":\"ListItem\",\"position\":1,\"name\":\"Portada\",\"item\":\"https:\\\/\\\/imecaf.com\\\/blog\\\/\"},{\"@type\":\"ListItem\",\"position\":2,\"name\":\"Inteligencia emocional en el trabajo: clave para el \u00e9xito profesional\"}]},{\"@type\":\"WebSite\",\"@id\":\"https:\\\/\\\/imecaf.com\\\/blog\\\/#website\",\"url\":\"https:\\\/\\\/imecaf.com\\\/blog\\\/\",\"name\":\"IMECAF\",\"description\":\"Un lugar para expresar y compartir inquietudes dentro del mundo de la educaci\u00f3n.\",\"publisher\":{\"@id\":\"https:\\\/\\\/imecaf.com\\\/blog\\\/#organization\"},\"potentialAction\":[{\"@type\":\"SearchAction\",\"target\":{\"@type\":\"EntryPoint\",\"urlTemplate\":\"https:\\\/\\\/imecaf.com\\\/blog\\\/?s={search_term_string}\"},\"query-input\":{\"@type\":\"PropertyValueSpecification\",\"valueRequired\":true,\"valueName\":\"search_term_string\"}}],\"inLanguage\":\"es\"},{\"@type\":\"Organization\",\"@id\":\"https:\\\/\\\/imecaf.com\\\/blog\\\/#organization\",\"name\":\"IMECAF - Instituto Mexicano de Contabilidad, Administraci\u00f3n y Finanzas\",\"url\":\"https:\\\/\\\/imecaf.com\\\/blog\\\/\",\"logo\":{\"@type\":\"ImageObject\",\"inLanguage\":\"es\",\"@id\":\"https:\\\/\\\/imecaf.com\\\/blog\\\/#\\\/schema\\\/logo\\\/image\\\/\",\"url\":\"https:\\\/\\\/imecaf.com\\\/blog\\\/wp-content\\\/uploads\\\/IMECAF.Logo_.25.png\",\"contentUrl\":\"https:\\\/\\\/imecaf.com\\\/blog\\\/wp-content\\\/uploads\\\/IMECAF.Logo_.25.png\",\"width\":350,\"height\":350,\"caption\":\"IMECAF - Instituto Mexicano de Contabilidad, Administraci\u00f3n y Finanzas\"},\"image\":{\"@id\":\"https:\\\/\\\/imecaf.com\\\/blog\\\/#\\\/schema\\\/logo\\\/image\\\/\"},\"sameAs\":[\"https:\\\/\\\/www.facebook.com\\\/IMECAF\",\"https:\\\/\\\/x.com\\\/imecaf\",\"https:\\\/\\\/www.linkedin.com\\\/company\\\/imecaf\\\/\",\"https:\\\/\\\/www.youtube.com\\\/imecaf\",\"https:\\\/\\\/www.instagram.com\\\/imecaf_mx\\\/\",\"https:\\\/\\\/imecaf.negocio.site\\\/\"]},{\"@type\":\"Person\",\"@id\":\"https:\\\/\\\/imecaf.com\\\/blog\\\/#\\\/schema\\\/person\\\/a69b9f3972250aa0b1fdb798f094b4c7\",\"name\":\"Equipo de IMECAF\",\"image\":{\"@type\":\"ImageObject\",\"inLanguage\":\"es\",\"@id\":\"https:\\\/\\\/secure.gravatar.com\\\/avatar\\\/4b4242953c12937bd47e298d7922b4d01ffafe2955ce4235d318b8950782aa13?s=96&d=mm&r=g\",\"url\":\"https:\\\/\\\/secure.gravatar.com\\\/avatar\\\/4b4242953c12937bd47e298d7922b4d01ffafe2955ce4235d318b8950782aa13?s=96&d=mm&r=g\",\"contentUrl\":\"https:\\\/\\\/secure.gravatar.com\\\/avatar\\\/4b4242953c12937bd47e298d7922b4d01ffafe2955ce4235d318b8950782aa13?s=96&d=mm&r=g\",\"caption\":\"Equipo de IMECAF\"},\"url\":\"https:\\\/\\\/imecaf.com\\\/blog\\\/author\\\/mfonticoba\\\/\"}]}<\/script>\n<!-- \/ Yoast SEO plugin. -->","yoast_head_json":{"title":"Inteligencia emocional en el trabajo: clave para el \u00e9xito profesional","description":"Mejora tu desempe\u00f1o con inteligencia emocional en el trabajo: regula emociones, fortalece relaciones y toma decisiones con claridad","robots":{"index":"index","follow":"follow","max-snippet":"max-snippet:-1","max-image-preview":"max-image-preview:large","max-video-preview":"max-video-preview:-1"},"canonical":"https:\/\/imecaf.com\/blog\/2025\/06\/27\/inteligencia-emocional-en-el-trabajo\/","og_locale":"es_ES","og_type":"article","og_title":"Inteligencia emocional en el trabajo: clave para el \u00e9xito profesional","og_description":"Mejora tu desempe\u00f1o con inteligencia emocional en el trabajo: regula emociones, fortalece relaciones y toma decisiones con claridad","og_url":"https:\/\/imecaf.com\/blog\/2025\/06\/27\/inteligencia-emocional-en-el-trabajo\/","og_site_name":"IMECAF - Blog","article_publisher":"https:\/\/www.facebook.com\/IMECAF","article_published_time":"2025-06-27T23:46:06+00:00","article_modified_time":"2025-10-07T21:05:16+00:00","og_image":[{"width":1000,"height":600,"url":"https:\/\/imecaf.com\/blog\/wp-content\/uploads\/IE-en-el-Trabajo.jpg","type":"image\/jpeg"}],"author":"Equipo de IMECAF","twitter_card":"summary_large_image","twitter_title":"Inteligencia emocional en el trabajo: clave para el \u00e9xito profesional","twitter_description":"Mejora tu desempe\u00f1o con inteligencia emocional en el trabajo: regula emociones, fortalece relaciones y toma decisiones con claridad","twitter_image":"https:\/\/imecaf.com\/blog\/wp-content\/uploads\/IE-en-el-Trabajo.jpg","twitter_creator":"@imecaf","twitter_site":"@imecaf","twitter_misc":{"Escrito por":"Equipo de IMECAF","Tiempo de lectura":"11 minutos"},"schema":{"@context":"https:\/\/schema.org","@graph":[{"@type":"Article","@id":"https:\/\/imecaf.com\/blog\/2025\/06\/27\/inteligencia-emocional-en-el-trabajo\/#article","isPartOf":{"@id":"https:\/\/imecaf.com\/blog\/2025\/06\/27\/inteligencia-emocional-en-el-trabajo\/"},"author":{"name":"Equipo de IMECAF","@id":"https:\/\/imecaf.com\/blog\/#\/schema\/person\/a69b9f3972250aa0b1fdb798f094b4c7"},"headline":"Inteligencia emocional en el trabajo: clave para el \u00e9xito profesional","datePublished":"2025-06-27T23:46:06+00:00","dateModified":"2025-10-07T21:05:16+00:00","mainEntityOfPage":{"@id":"https:\/\/imecaf.com\/blog\/2025\/06\/27\/inteligencia-emocional-en-el-trabajo\/"},"wordCount":1895,"commentCount":0,"publisher":{"@id":"https:\/\/imecaf.com\/blog\/#organization"},"image":{"@id":"https:\/\/imecaf.com\/blog\/2025\/06\/27\/inteligencia-emocional-en-el-trabajo\/#primaryimage"},"thumbnailUrl":"https:\/\/imecaf.com\/blog\/wp-content\/uploads\/IE-en-el-Trabajo.jpg","keywords":["autoconfianza","autorregulacion","crecimiento","emociones","empatia","entrevista","habilidades sociales","inteligencia emocional","motivacion","negociacion","profesional","reconocer","relacion laboral","toma de decisiones","trabajo"],"articleSection":["Art\u00edculos","Desarrollo Humano"],"inLanguage":"es","potentialAction":[{"@type":"CommentAction","name":"Comment","target":["https:\/\/imecaf.com\/blog\/2025\/06\/27\/inteligencia-emocional-en-el-trabajo\/#respond"]}]},{"@type":"WebPage","@id":"https:\/\/imecaf.com\/blog\/2025\/06\/27\/inteligencia-emocional-en-el-trabajo\/","url":"https:\/\/imecaf.com\/blog\/2025\/06\/27\/inteligencia-emocional-en-el-trabajo\/","name":"Inteligencia emocional en el trabajo: clave para el \u00e9xito profesional","isPartOf":{"@id":"https:\/\/imecaf.com\/blog\/#website"},"primaryImageOfPage":{"@id":"https:\/\/imecaf.com\/blog\/2025\/06\/27\/inteligencia-emocional-en-el-trabajo\/#primaryimage"},"image":{"@id":"https:\/\/imecaf.com\/blog\/2025\/06\/27\/inteligencia-emocional-en-el-trabajo\/#primaryimage"},"thumbnailUrl":"https:\/\/imecaf.com\/blog\/wp-content\/uploads\/IE-en-el-Trabajo.jpg","datePublished":"2025-06-27T23:46:06+00:00","dateModified":"2025-10-07T21:05:16+00:00","description":"Mejora tu desempe\u00f1o con inteligencia emocional en el trabajo: regula emociones, fortalece relaciones y toma decisiones con claridad","breadcrumb":{"@id":"https:\/\/imecaf.com\/blog\/2025\/06\/27\/inteligencia-emocional-en-el-trabajo\/#breadcrumb"},"inLanguage":"es","potentialAction":[{"@type":"ReadAction","target":["https:\/\/imecaf.com\/blog\/2025\/06\/27\/inteligencia-emocional-en-el-trabajo\/"]}]},{"@type":"ImageObject","inLanguage":"es","@id":"https:\/\/imecaf.com\/blog\/2025\/06\/27\/inteligencia-emocional-en-el-trabajo\/#primaryimage","url":"https:\/\/imecaf.com\/blog\/wp-content\/uploads\/IE-en-el-Trabajo.jpg","contentUrl":"https:\/\/imecaf.com\/blog\/wp-content\/uploads\/IE-en-el-Trabajo.jpg","width":1000,"height":600,"caption":"Inteligencia Emocional en el Trabajo"},{"@type":"BreadcrumbList","@id":"https:\/\/imecaf.com\/blog\/2025\/06\/27\/inteligencia-emocional-en-el-trabajo\/#breadcrumb","itemListElement":[{"@type":"ListItem","position":1,"name":"Portada","item":"https:\/\/imecaf.com\/blog\/"},{"@type":"ListItem","position":2,"name":"Inteligencia emocional en el trabajo: clave para el \u00e9xito profesional"}]},{"@type":"WebSite","@id":"https:\/\/imecaf.com\/blog\/#website","url":"https:\/\/imecaf.com\/blog\/","name":"IMECAF","description":"Un lugar para expresar y compartir inquietudes dentro del mundo de la educaci\u00f3n.","publisher":{"@id":"https:\/\/imecaf.com\/blog\/#organization"},"potentialAction":[{"@type":"SearchAction","target":{"@type":"EntryPoint","urlTemplate":"https:\/\/imecaf.com\/blog\/?s={search_term_string}"},"query-input":{"@type":"PropertyValueSpecification","valueRequired":true,"valueName":"search_term_string"}}],"inLanguage":"es"},{"@type":"Organization","@id":"https:\/\/imecaf.com\/blog\/#organization","name":"IMECAF - Instituto Mexicano de Contabilidad, Administraci\u00f3n y Finanzas","url":"https:\/\/imecaf.com\/blog\/","logo":{"@type":"ImageObject","inLanguage":"es","@id":"https:\/\/imecaf.com\/blog\/#\/schema\/logo\/image\/","url":"https:\/\/imecaf.com\/blog\/wp-content\/uploads\/IMECAF.Logo_.25.png","contentUrl":"https:\/\/imecaf.com\/blog\/wp-content\/uploads\/IMECAF.Logo_.25.png","width":350,"height":350,"caption":"IMECAF - Instituto Mexicano de Contabilidad, Administraci\u00f3n y Finanzas"},"image":{"@id":"https:\/\/imecaf.com\/blog\/#\/schema\/logo\/image\/"},"sameAs":["https:\/\/www.facebook.com\/IMECAF","https:\/\/x.com\/imecaf","https:\/\/www.linkedin.com\/company\/imecaf\/","https:\/\/www.youtube.com\/imecaf","https:\/\/www.instagram.com\/imecaf_mx\/","https:\/\/imecaf.negocio.site\/"]},{"@type":"Person","@id":"https:\/\/imecaf.com\/blog\/#\/schema\/person\/a69b9f3972250aa0b1fdb798f094b4c7","name":"Equipo de IMECAF","image":{"@type":"ImageObject","inLanguage":"es","@id":"https:\/\/secure.gravatar.com\/avatar\/4b4242953c12937bd47e298d7922b4d01ffafe2955ce4235d318b8950782aa13?s=96&d=mm&r=g","url":"https:\/\/secure.gravatar.com\/avatar\/4b4242953c12937bd47e298d7922b4d01ffafe2955ce4235d318b8950782aa13?s=96&d=mm&r=g","contentUrl":"https:\/\/secure.gravatar.com\/avatar\/4b4242953c12937bd47e298d7922b4d01ffafe2955ce4235d318b8950782aa13?s=96&d=mm&r=g","caption":"Equipo de IMECAF"},"url":"https:\/\/imecaf.com\/blog\/author\/mfonticoba\/"}]}},"_links":{"self":[{"href":"https:\/\/imecaf.com\/blog\/wp-json\/wp\/v2\/posts\/18074","targetHints":{"allow":["GET"]}}],"collection":[{"href":"https:\/\/imecaf.com\/blog\/wp-json\/wp\/v2\/posts"}],"about":[{"href":"https:\/\/imecaf.com\/blog\/wp-json\/wp\/v2\/types\/post"}],"author":[{"embeddable":true,"href":"https:\/\/imecaf.com\/blog\/wp-json\/wp\/v2\/users\/2"}],"replies":[{"embeddable":true,"href":"https:\/\/imecaf.com\/blog\/wp-json\/wp\/v2\/comments?post=18074"}],"version-history":[{"count":7,"href":"https:\/\/imecaf.com\/blog\/wp-json\/wp\/v2\/posts\/18074\/revisions"}],"predecessor-version":[{"id":18944,"href":"https:\/\/imecaf.com\/blog\/wp-json\/wp\/v2\/posts\/18074\/revisions\/18944"}],"wp:featuredmedia":[{"embeddable":true,"href":"https:\/\/imecaf.com\/blog\/wp-json\/wp\/v2\/media\/18075"}],"wp:attachment":[{"href":"https:\/\/imecaf.com\/blog\/wp-json\/wp\/v2\/media?parent=18074"}],"wp:term":[{"taxonomy":"category","embeddable":true,"href":"https:\/\/imecaf.com\/blog\/wp-json\/wp\/v2\/categories?post=18074"},{"taxonomy":"post_tag","embeddable":true,"href":"https:\/\/imecaf.com\/blog\/wp-json\/wp\/v2\/tags?post=18074"}],"curies":[{"name":"wp","href":"https:\/\/api.w.org\/{rel}","templated":true}]}}