{"id":18105,"date":"2025-07-03T18:56:33","date_gmt":"2025-07-04T00:56:33","guid":{"rendered":"http:\/\/imecaf.com\/blog\/?p=18105"},"modified":"2025-10-07T15:03:56","modified_gmt":"2025-10-07T21:03:56","slug":"pmbok-metodologia","status":"publish","type":"post","link":"https:\/\/imecaf.com\/blog\/2025\/07\/03\/pmbok-metodologia\/","title":{"rendered":"PMBOK: La metodolog\u00eda clave para una gesti\u00f3n de proyectos efectiva"},"content":{"rendered":"<span class=\"span-reading-time rt-reading-time\" style=\"display: block;\"><span class=\"rt-label rt-prefix\">Tiempo de lectura:<\/span> <span class=\"rt-time\"> 11<\/span> <span class=\"rt-label rt-postfix\">minutos<\/span><\/span><div class=\"wp-block-image\">\n<figure class=\"aligncenter size-full\"><img loading=\"lazy\" decoding=\"async\" width=\"1000\" height=\"600\" src=\"http:\/\/imecaf.com\/blog\/wp-content\/uploads\/pmbok.jpg\" alt=\"PMBOK\" class=\"wp-image-18106\" srcset=\"https:\/\/imecaf.com\/blog\/wp-content\/uploads\/pmbok.jpg 1000w, https:\/\/imecaf.com\/blog\/wp-content\/uploads\/pmbok-300x180.jpg 300w, https:\/\/imecaf.com\/blog\/wp-content\/uploads\/pmbok-768x461.jpg 768w\" sizes=\"auto, (max-width: 1000px) 100vw, 1000px\" \/><\/figure>\n<\/div>\n\n\n<h2 class=\"wp-block-heading\"><strong>Introducci\u00f3n<\/strong><\/h2>\n\n\n\n<p>En el mundo de la <strong>Administraci\u00f3n de Proyectos<\/strong>, contar con una metodolog\u00eda s\u00f3lida es esencial para lograr resultados exitosos. <strong>PMBOK<\/strong> se ha posicionado como una de las m\u00e1s reconocidas a nivel internacional, ofreciendo un marco estructurado y estandarizado para la direcci\u00f3n de proyectos en distintos sectores. Pero, \u00bfqu\u00e9 es exactamente PMBOK?, \u00bfc\u00f3mo se utiliza?, \u00bfpor qu\u00e9 tantas organizaciones lo consideran indispensable?<\/p>\n\n\n\n<p>En este art\u00edculo te llevaremos paso a paso por la esencia del PMBOK, su estructura, sus principios y \u00e1reas de conocimiento. Si buscas profesionalizar tu gesti\u00f3n de proyectos, este contenido es para ti.<\/p>\n\n\n\n<figure class=\"wp-block-embed is-type-video is-provider-youtube wp-block-embed-youtube wp-embed-aspect-9-16 wp-has-aspect-ratio\"><div class=\"wp-block-embed__wrapper\">\n<iframe loading=\"lazy\" title=\"Qu\u00e9 es PMBOK\" width=\"563\" height=\"1000\" src=\"https:\/\/www.youtube.com\/embed\/YtUko21G9FA?feature=oembed\" frameborder=\"0\" allow=\"accelerometer; autoplay; clipboard-write; encrypted-media; gyroscope; picture-in-picture; web-share\" referrerpolicy=\"strict-origin-when-cross-origin\" allowfullscreen><\/iframe>\n<\/div><\/figure>\n\n\n\n<hr class=\"wp-block-separator has-text-color has-alpha-channel-opacity has-background is-style-wide\" style=\"background-color:#bd5600;color:#bd5600\"\/>\n\n\n\n<h2 class=\"wp-block-heading\"><strong>\u00bfQu\u00e9 es PMBOK?<\/strong><\/h2>\n\n\n\n<h3 class=\"wp-block-heading\"><strong>Definici\u00f3n general<\/strong><\/h3>\n\n\n\n<div class=\"wp-block-media-text\"><figure class=\"wp-block-media-text__media\"><img loading=\"lazy\" decoding=\"async\" width=\"870\" height=\"600\" src=\"http:\/\/imecaf.com\/blog\/wp-content\/uploads\/que-es-pmbok.jpg\" alt=\"\u00bfQu\u00e9 es PMBOK?\" class=\"wp-image-18107 size-full\" srcset=\"https:\/\/imecaf.com\/blog\/wp-content\/uploads\/que-es-pmbok.jpg 870w, https:\/\/imecaf.com\/blog\/wp-content\/uploads\/que-es-pmbok-300x207.jpg 300w, https:\/\/imecaf.com\/blog\/wp-content\/uploads\/que-es-pmbok-768x530.jpg 768w\" sizes=\"auto, (max-width: 870px) 100vw, 870px\" \/><\/figure><div class=\"wp-block-media-text__content\">\n<p><strong>PMBOK<\/strong> (<em>Project Management Body of Knowledge<\/em>) es un compendio estructurado de conocimientos, principios, procesos, herramientas y buenas pr\u00e1cticas reconocidas en la gesti\u00f3n de proyectos. Su objetivo como metodolog\u00eda es ofrecer una base com\u00fan para profesionales del \u00e1rea, sin importar el sector o tipo de proyecto.<\/p>\n<\/div><\/div>\n\n\n\n<p>M\u00e1s que un documento fijo, PMBOK es una gu\u00eda en constante evoluci\u00f3n, construida a partir de la experiencia global, y organizada en \u00e1reas de conocimiento y dominios del desempe\u00f1o. Esto permite abordar de forma integral todas las fases del proyecto, desde la planificaci\u00f3n hasta el cierre, incluyendo aspectos como gesti\u00f3n del tiempo, costo, riesgos, calidad, recursos, comunicaciones e interesados.<\/p>\n\n\n\n<p>Adem\u00e1s, la gu\u00eda se utiliza ampliamente como referencia para certificaciones como el PMP y para estandarizar procesos en organizaciones que buscan mejorar su gesti\u00f3n de proyectos.<\/p>\n\n\n\n<h3 class=\"wp-block-heading\"><strong>\u00bfQui\u00e9n lo crea y actualiza?<\/strong><\/h3>\n\n\n\n<p>La <strong>Gu\u00eda PMBOK<\/strong> es desarrollada y actualizada por el <strong>PMI <\/strong>(<em>Project Management Institute<\/em>), una organizaci\u00f3n sin fines de lucro fundada en 1969 en Estados Unidos, reconocida mundialmente como autoridad en direcci\u00f3n de proyectos. El PMI cuenta con una amplia red de miembros y voluntarios que contribuyen en la creaci\u00f3n de est\u00e1ndares, certificaciones e investigaciones.<\/p>\n\n\n<div class=\"wp-block-image\">\n<figure class=\"aligncenter size-full is-resized\"><img loading=\"lazy\" decoding=\"async\" width=\"600\" height=\"200\" src=\"http:\/\/imecaf.com\/blog\/wp-content\/uploads\/PMI-logo.jpg\" alt=\"Logo Project Management Institute\" class=\"wp-image-18108\" style=\"width:432px;height:auto\" srcset=\"https:\/\/imecaf.com\/blog\/wp-content\/uploads\/PMI-logo.jpg 600w, https:\/\/imecaf.com\/blog\/wp-content\/uploads\/PMI-logo-300x100.jpg 300w\" sizes=\"auto, (max-width: 600px) 100vw, 600px\" \/><\/figure>\n<\/div>\n\n\n<p>Su actualizaci\u00f3n se realiza peri\u00f3dicamente para mantener la gu\u00eda vigente frente a nuevas tendencias, enfoques \u00e1giles, tecnolog\u00edas y cambios organizacionales. Cada edici\u00f3n surge de un proceso riguroso de consulta con expertos, encuestas, an\u00e1lisis pr\u00e1cticos y revisi\u00f3n acad\u00e9mica.<\/p>\n\n\n\n<h3 class=\"wp-block-heading\"><strong>Alcance de la metodolog\u00eda PMBOK<\/strong><\/h3>\n\n\n\n<p>El PMBOK no<strong> <\/strong>&nbsp;impone una forma \u00fanica de hacer las cosas, sino que ofrece un conjunto de conocimientos que pueden ser adaptados seg\u00fan el contexto, el tipo de organizaci\u00f3n, el sector industrial, la complejidad del proyecto y el <strong><a href=\"http:\/\/imecaf.com\/blog\/2024\/02\/21\/que-es-liderazgo\/\" target=\"_blank\" rel=\"noreferrer noopener\"><em>estilo de liderazgo<\/em><\/a><\/strong> del gerente de proyecto.<\/p>\n\n\n\n<p>El alcance del PMBOK abarca todas las fases del ciclo de vida del proyecto, desde su inicio hasta su cierre. Proporciona orientaci\u00f3n para gestionar el alcance, los tiempos, los costos, los recursos humanos, la calidad, los riesgos, las adquisiciones, la comunicaci\u00f3n, y las partes interesadas (stakeholders), entre otros aspectos clave.<\/p>\n\n\n\n<hr class=\"wp-block-separator has-text-color has-alpha-channel-opacity has-background is-style-wide\" style=\"background-color:#bd5600;color:#bd5600\"\/>\n\n\n\n<h2 class=\"wp-block-heading\"><strong>La Gu\u00eda PMBOK<\/strong><\/h2>\n\n\n\n<h3 class=\"wp-block-heading\"><strong>\u00bfQu\u00e9 contiene la Gu\u00eda PMBOK?<\/strong><\/h3>\n\n\n\n<p>La estructura de la <strong>Gu\u00eda PMBOK<\/strong> est\u00e1 cuidadosamente dise\u00f1ada para brindar una visi\u00f3n clara, coherente y detallada de los elementos fundamentales que permiten gestionar un proyecto de forma profesional. No se trata \u00fanicamente de una recopilaci\u00f3n de t\u00e9rminos o definiciones, sino de un manual t\u00e9cnico y pr\u00e1ctico que orienta la ejecuci\u00f3n exitosa de proyectos.<\/p>\n\n\n\n<h4 class=\"wp-block-heading\"><strong>1. Procesos y pr\u00e1cticas est\u00e1ndar en la gesti\u00f3n de proyectos<\/strong><\/h4>\n\n\n<div class=\"wp-block-image\">\n<figure class=\"alignleft size-full is-resized\"><img loading=\"lazy\" decoding=\"async\" width=\"300\" height=\"300\" src=\"http:\/\/imecaf.com\/blog\/wp-content\/uploads\/objetivos.png\" alt=\"Objetivos PMBOK\" class=\"wp-image-18111\" style=\"width:141px;height:auto\" srcset=\"https:\/\/imecaf.com\/blog\/wp-content\/uploads\/objetivos.png 300w, https:\/\/imecaf.com\/blog\/wp-content\/uploads\/objetivos-150x150.png 150w, https:\/\/imecaf.com\/blog\/wp-content\/uploads\/objetivos-120x120.png 120w\" sizes=\"auto, (max-width: 300px) 100vw, 300px\" \/><\/figure>\n<\/div>\n\n\n<p>La gu\u00eda describe de manera sistem\u00e1tica los <strong>procesos clave<\/strong> que deben aplicarse para garantizar una gesti\u00f3n eficaz. Estos procesos incluyen actividades esenciales como la definici\u00f3n de objetivos, la creaci\u00f3n del plan de trabajo, la gesti\u00f3n de riesgos, el control de calidad, entre otros. Cada proceso se detalla con sus entradas, herramientas y t\u00e9cnicas asociadas, as\u00ed como sus salidas esperadas, lo que facilita su aplicaci\u00f3n paso a paso.<\/p>\n\n\n\n<p>La estandarizaci\u00f3n de estos procesos no implica rigidez, sino consistencia. Ayuda a que los equipos de proyecto hablen un lenguaje com\u00fan, establezcan expectativas claras y mejoren la eficiencia organizacional.<\/p>\n\n\n\n<h4 class=\"wp-block-heading\"><strong>2. \u00c1reas de conocimiento fundamentales<\/strong><\/h4>\n\n\n<div class=\"wp-block-image\">\n<figure class=\"alignleft size-full is-resized\"><img loading=\"lazy\" decoding=\"async\" width=\"300\" height=\"300\" src=\"http:\/\/imecaf.com\/blog\/wp-content\/uploads\/areas-de-conocimiento.png\" alt=\"\u00c1reas de Conocimiento PMBOK\" class=\"wp-image-18112\" style=\"width:143px;height:auto\" srcset=\"https:\/\/imecaf.com\/blog\/wp-content\/uploads\/areas-de-conocimiento.png 300w, https:\/\/imecaf.com\/blog\/wp-content\/uploads\/areas-de-conocimiento-150x150.png 150w, https:\/\/imecaf.com\/blog\/wp-content\/uploads\/areas-de-conocimiento-120x120.png 120w\" sizes=\"auto, (max-width: 300px) 100vw, 300px\" \/><\/figure>\n<\/div>\n\n\n<p>La Gu\u00eda PMBOK identifica <strong>diez \u00e1reas de conocimiento<\/strong> que conforman el n\u00facleo de la gesti\u00f3n de proyectos (en ediciones previas), entre las que destacan la gesti\u00f3n del alcance, del cronograma, del costo, de la calidad, de los recursos, de las comunicaciones, de los riesgos, entre otras. Estas \u00e1reas permiten al gerente de proyecto organizar su enfoque de trabajo, concentr\u00e1ndose en cada aspecto crucial del proyecto.<\/p>\n\n\n\n<p>En ediciones m\u00e1s recientes, como la s\u00e9ptima, se ha producido una evoluci\u00f3n hacia <strong>principios y dominios del desempe\u00f1o<\/strong>, permitiendo un enfoque menos fragmentado y m\u00e1s orientado a los resultados y al valor generado por el proyecto.<\/p>\n\n\n\n<h4 class=\"wp-block-heading\"><strong>3. Grupos de procesos de direcci\u00f3n de proyectos<\/strong><\/h4>\n\n\n\n<p>La gu\u00eda organiza la gesti\u00f3n de proyectos en <strong>cinco grandes grupos de procesos<\/strong>, que representan las etapas l\u00f3gicas del <a href=\"http:\/\/imecaf.com\/blog\/2024\/04\/25\/gestion-de-proyectos-conceptos-basicos\/\" target=\"_blank\" rel=\"noreferrer noopener\"><strong><em>ciclo de vida del proyecto<\/em><\/strong><\/a>:<\/p>\n\n\n\n<div class=\"wp-block-media-text\" style=\"grid-template-columns:19% auto\"><figure class=\"wp-block-media-text__media\"><img loading=\"lazy\" decoding=\"async\" width=\"300\" height=\"300\" src=\"http:\/\/imecaf.com\/blog\/wp-content\/uploads\/procesos-1.png\" alt=\"Procesos PMBOK\" class=\"wp-image-18114 size-full\" srcset=\"https:\/\/imecaf.com\/blog\/wp-content\/uploads\/procesos-1.png 300w, https:\/\/imecaf.com\/blog\/wp-content\/uploads\/procesos-1-150x150.png 150w, https:\/\/imecaf.com\/blog\/wp-content\/uploads\/procesos-1-120x120.png 120w\" sizes=\"auto, (max-width: 300px) 100vw, 300px\" \/><\/figure><div class=\"wp-block-media-text__content\">\n<ul class=\"wp-block-list\">\n<li><strong>Inicio<\/strong><\/li>\n\n\n\n<li><strong>Planificaci\u00f3n<\/strong><\/li>\n\n\n\n<li><strong>Ejecuci\u00f3n<\/strong><\/li>\n\n\n\n<li><strong>Monitoreo y control<\/strong><\/li>\n\n\n\n<li><strong>Cierre<\/strong><\/li>\n<\/ul>\n<\/div><\/div>\n\n\n\n<p>Cada grupo contiene actividades espec\u00edficas que interact\u00faan entre s\u00ed, y aunque parecen secuenciales, en la pr\u00e1ctica suelen superponerse. Esta estructura ayuda a mantener el control del proyecto y a asegurar que todas las tareas se alineen con los objetivos establecidos.<\/p>\n\n\n\n<h4 class=\"wp-block-heading\"><strong>4. Herramientas y t\u00e9cnicas recomendadas<\/strong><\/h4>\n\n\n<div class=\"wp-block-image\">\n<figure class=\"alignleft size-full is-resized\"><img loading=\"lazy\" decoding=\"async\" width=\"300\" height=\"300\" src=\"http:\/\/imecaf.com\/blog\/wp-content\/uploads\/herramientas-y-tecnicas.png\" alt=\"Herramientas y t\u00e9nicas PMBOK\" class=\"wp-image-18115\" style=\"width:142px;height:auto\" srcset=\"https:\/\/imecaf.com\/blog\/wp-content\/uploads\/herramientas-y-tecnicas.png 300w, https:\/\/imecaf.com\/blog\/wp-content\/uploads\/herramientas-y-tecnicas-150x150.png 150w, https:\/\/imecaf.com\/blog\/wp-content\/uploads\/herramientas-y-tecnicas-120x120.png 120w\" sizes=\"auto, (max-width: 300px) 100vw, 300px\" \/><\/figure>\n<\/div>\n\n\n<p>Adem\u00e1s de procesos y estructuras, la Gu\u00eda PMBOK incluye una amplia variedad de <a href=\"http:\/\/imecaf.com\/blog\/2024\/07\/05\/herramientas-de-gestion-de-proyectos\/\" target=\"_blank\" rel=\"noreferrer noopener\"><strong><em>herramientas y t\u00e9cnicas<\/em><\/strong><\/a> que han demostrado ser eficaces en diferentes contextos. Estas van desde m\u00e9todos cualitativos como el an\u00e1lisis DAFO o los talleres de trabajo, hasta herramientas cuantitativas como los diagramas de Gantt, el m\u00e9todo del camino cr\u00edtico (CPM), la estimaci\u00f3n por tres valores, el an\u00e1lisis de Monte Carlo, entre otras.<\/p>\n\n\n\n<p>Cada herramienta est\u00e1 vinculada a procesos espec\u00edficos y se presenta con sus ventajas, aplicaciones pr\u00e1cticas y limitaciones, lo que permite a los gestores de proyectos elegir las m\u00e1s apropiadas seg\u00fan la situaci\u00f3n.<\/p>\n\n\n\n<h3 class=\"wp-block-heading\"><strong>Enfoque basado en principios<\/strong><\/h3>\n\n\n\n<h4 class=\"wp-block-heading\"><strong>La evoluci\u00f3n hacia una direcci\u00f3n de proyectos m\u00e1s adaptable<\/strong><\/h4>\n\n\n\n<div class=\"wp-block-media-text\" style=\"grid-template-columns:26% auto\"><figure class=\"wp-block-media-text__media\"><img loading=\"lazy\" decoding=\"async\" width=\"400\" height=\"550\" src=\"http:\/\/imecaf.com\/blog\/wp-content\/uploads\/enfoque-basado-en-principios.jpg\" alt=\"Gu\u00eda PMBOK\" class=\"wp-image-18116 size-full\" srcset=\"https:\/\/imecaf.com\/blog\/wp-content\/uploads\/enfoque-basado-en-principios.jpg 400w, https:\/\/imecaf.com\/blog\/wp-content\/uploads\/enfoque-basado-en-principios-218x300.jpg 218w\" sizes=\"auto, (max-width: 400px) 100vw, 400px\" \/><\/figure><div class=\"wp-block-media-text__content\">\n<p>Con la publicaci\u00f3n de la <strong>s\u00e9ptima edici\u00f3n de la Gu\u00eda PMBOK<\/strong>, el Project Management Institute (PMI) introdujo un cambio conceptual importante: <strong>del enfoque basado en procesos hacia un enfoque guiado por principios<\/strong>. Esta transformaci\u00f3n responde a la creciente necesidad de flexibilidad y adaptaci\u00f3n en un entorno global marcado por la agilidad, la incertidumbre y la innovaci\u00f3n continua.<\/p>\n<\/div><\/div>\n\n\n\n<p>En lugar de prescribir una secuencia fija de procesos, el nuevo enfoque se centra en principios fundamentales que deben guiar el comportamiento y la <a href=\"https:\/\/imecaf.com\/41\" target=\"_blank\" rel=\"noreferrer noopener\"><strong><em>toma de decisiones<\/em><\/strong><\/a> de los profesionales de la gesti\u00f3n de proyectos, sin importar el enfoque metodol\u00f3gico (predictivo, \u00e1gil o h\u00edbrido) que se utilice.<\/p>\n\n\n\n<p>Este marco de principios busca fomentar un liderazgo m\u00e1s consciente, \u00e9tico y centrado en el valor, reconociendo que <strong>no todos los proyectos son iguales<\/strong>, y que los equipos deben poder aplicar su juicio profesional para responder a la complejidad de cada situaci\u00f3n.<\/p>\n\n\n\n<hr class=\"wp-block-separator has-text-color has-alpha-channel-opacity has-background is-style-wide\" style=\"background-color:#bd5600;color:#bd5600\"\/>\n\n\n\n<div class=\"wp-block-cover\"><span aria-hidden=\"true\" class=\"wp-block-cover__background has-background-dim-100 has-background-dim\" style=\"background-color:#19347f\"><\/span><div class=\"wp-block-cover__inner-container is-layout-constrained wp-block-cover-is-layout-constrained\">\n<h3 class=\"wp-block-heading has-text-align-center has-white-color has-text-color has-link-color wp-elements-e6402520581dcd65e4f11195cf46020e\"><strong>Los 12 principios de direcci\u00f3n de proyectos seg\u00fan el PMBOK<\/strong><\/h3>\n\n\n\n<p>Estos <strong>12 principios<\/strong> son considerados universales y atemporales. No indican <em>c\u00f3mo<\/em> actuar paso a paso, sino <em>qu\u00e9 comportamientos y actitudes<\/em> deben guiar la pr\u00e1ctica profesional en cualquier entorno:<\/p>\n\n\n\n<h4 class=\"wp-block-heading has-white-color has-text-color has-background has-link-color wp-elements-8de451e0930b58b68ad933dc081e99f1\" style=\"background-color:#bd5600\"><strong>Ser un l\u00edder diligente, respetuoso y atento<\/strong><\/h4>\n\n\n\n<p class=\"has-text-align-left\">Impulsa un liderazgo \u00e9tico, inclusivo y comprometido con las personas, fomentando un entorno de respeto, responsabilidad y colaboraci\u00f3n.<\/p>\n\n\n\n<h4 class=\"wp-block-heading has-white-color has-text-color has-background has-link-color wp-elements-fd5120e367afa29cfb00a98462e2213e\" style=\"background-color:#bd5600\"><strong>Crear un entorno colaborativo para el equipo<\/strong><\/h4>\n\n\n\n<p class=\"has-text-align-left has-white-color has-text-color has-link-color wp-elements-971248a7bcc2c4f7902eaae20e3be056\">Promueve la <a href=\"https:\/\/imecaf.com\/9\" target=\"_blank\" rel=\"noreferrer noopener\"><em><strong><strong><em><a href=\"https:\/\/imecaf.com\/381\">construcci\u00f3n de equipos aut\u00f3nomos<\/a><\/em><\/strong><\/strong><\/em><\/a>, empoderados y alineados con los objetivos del proyecto y de la organizaci\u00f3n.<\/p>\n\n\n\n<h4 class=\"wp-block-heading has-white-color has-text-color has-background has-link-color wp-elements-f7608d713326fe65e7eac1c5a4e7d310\" style=\"background-color:#bd5600\"><strong>Involucrarse eficazmente con los interesados (stakeholders)<\/strong><\/h4>\n\n\n\n<p class=\"has-text-align-left has-white-color has-text-color has-link-color wp-elements-18327c98ba7dbb7af09562cbe3c107de\">Reconoce la importancia de identificar, comprender e integrar las necesidades y expectativas de todas las partes interesadas, manteniendo una <a href=\"https:\/\/imecaf.com\/83\" target=\"_blank\" rel=\"noreferrer noopener\"><em><strong>comunicaci\u00f3n constante y efectiva<\/strong><\/em><\/a>.<\/p>\n\n\n\n<h4 class=\"wp-block-heading has-white-color has-text-color has-background has-link-color wp-elements-b0664d4e33f06da9e6992e90256ab6f3\" style=\"background-color:#bd5600\"><strong>Enfocarse en el valor<\/strong><\/h4>\n\n\n\n<p class=\"has-text-align-left\">Todo proyecto debe estar orientado a generar valor tangible para el cliente, el usuario final o la organizaci\u00f3n, m\u00e1s all\u00e1 de cumplir simplemente con el alcance o los plazos establecidos.<\/p>\n\n\n\n<h4 class=\"wp-block-heading has-white-color has-text-color has-background has-link-color wp-elements-ae389104cbde238cd15e0c6b3cd88b95\" style=\"background-color:#bd5600\"><strong>Reconocer, evaluar y responder al cambio<\/strong><\/h4>\n\n\n\n<p class=\"has-text-align-left has-white-color has-text-color has-link-color wp-elements-89add8f7a09d9decfef55c0b3d15efa3\">Un principio clave en entornos \u00e1giles: implica asumir que <strong><em><a href=\"https:\/\/imecaf.com\/176\" target=\"_blank\" rel=\"noreferrer noopener\">el cambio es constante y aprender a adaptarse a \u00e9l estrat\u00e9gicamente<\/a><\/em><\/strong><a href=\"https:\/\/imecaf.com\/176\"><strong><em>.<\/em><\/strong><\/a><\/p>\n\n\n\n<h4 class=\"wp-block-heading has-white-color has-text-color has-background has-link-color wp-elements-a4a9d74de4b93e4af92c62cb8963a3ac\" style=\"background-color:#bd5600\"><strong>Demostrar comportamientos \u00e9ticos y profesionales<\/strong><\/h4>\n\n\n\n<p class=\"has-text-align-left\">La integridad, la transparencia y la responsabilidad son pilares de una direcci\u00f3n de proyectos confiable y sostenible.<\/p>\n\n\n\n<h4 class=\"wp-block-heading has-white-color has-text-color has-background has-link-color wp-elements-cc1f67303c905431a962bc6ce0ca7045\" style=\"background-color:#bd5600\"><strong>Adaptarse al contexto del proyecto<\/strong><\/h4>\n\n\n\n<p class=\"has-text-align-left has-white-color has-text-color has-link-color wp-elements-14f010e8d0338de4b02e45d81530bf61\">Cada proyecto se desarrolla en un entorno \u00fanico. Este principio invita a considerar variables como la <a href=\"https:\/\/imecaf.com\/310\" target=\"_blank\" rel=\"noreferrer noopener\"><strong><em><strong><em><a href=\"https:\/\/imecaf.com\/381\">cultura organizacional<\/a><\/em><\/strong><\/em><\/strong><\/a>, la regulaci\u00f3n aplicable, el nivel de madurez de la organizaci\u00f3n y las condiciones externas.<\/p>\n\n\n\n<h4 class=\"wp-block-heading has-white-color has-text-color has-background has-link-color wp-elements-76fac42cda0669cedbec2b69f7976353\" style=\"background-color:#bd5600\"><strong>Construir <\/strong><a href=\"https:\/\/imecaf.com\/461\"><\/a><strong><a href=\"https:\/\/imecaf.com\/461\" target=\"_blank\" rel=\"noreferrer noopener\"><em>calidad en los procesos<\/em><\/a> y entregables<\/strong><\/h4>\n\n\n\n<p class=\"has-text-align-left\">La calidad no debe ser inspeccionada al final, sino integrada desde el inicio. Este principio impulsa una cultura de mejora continua y prevenci\u00f3n de errores.<\/p>\n\n\n\n<h4 class=\"wp-block-heading has-white-color has-text-color has-background has-link-color wp-elements-8622dbbd57d830a5915228ac5f35a387\" style=\"background-color:#bd5600\"><strong>Navegar por la complejidad<\/strong><\/h4>\n\n\n\n<p class=\"has-text-align-left\">Implica identificar fuentes de complejidad (tecnol\u00f3gicas, sociales, organizativas) y abordarlas de manera proactiva para evitar que se conviertan en obst\u00e1culos.<\/p>\n\n\n\n<h4 class=\"wp-block-heading has-white-color has-text-color has-background has-link-color wp-elements-9385c9184280b0496ae2a56d40ad6c8a\" style=\"background-color:#bd5600\"><strong>Optimizar las respuestas al riesgo<\/strong><\/h4>\n\n\n\n<p class=\"has-text-align-left has-white-color has-text-color has-link-color wp-elements-f6743437e1b1e427addbfdca68b7e922\">Promueve una <strong><em><a href=\"https:\/\/imecaf.com\/253\" target=\"_blank\" rel=\"noreferrer noopener\">gesti\u00f3n activa y estrat\u00e9gica de los riesgos<\/a><\/em><\/strong>, tanto amenazas como oportunidades, para maximizar la probabilidad de \u00e9xito.<\/p>\n\n\n\n<h4 class=\"wp-block-heading has-white-color has-text-color has-background has-link-color wp-elements-3fbceb308534b58abe8db56acab3711f\" style=\"background-color:#bd5600\"><strong>Adoptar y aplicar el pensamiento sist\u00e9mico<\/strong><\/h4>\n\n\n\n<p class=\"has-text-align-left\">Invita a observar el proyecto como parte de un sistema m\u00e1s amplio, donde cada decisi\u00f3n tiene un impacto en otras \u00e1reas, procesos y personas.<\/p>\n\n\n\n<h4 class=\"wp-block-heading has-white-color has-text-color has-background has-link-color wp-elements-1a5a384096d8bdef904eca2891de1107\" style=\"background-color:#bd5600\"><strong>Evaluar y adaptarse continuamente<\/strong><\/h4>\n\n\n\n<p class=\"has-text-align-left\">Refleja la necesidad de realizar ciclos de retroalimentaci\u00f3n, reflexi\u00f3n y ajuste durante todo el proyecto, mejorando la eficacia del equipo y los resultados del proyecto.<\/p>\n<\/div><\/div>\n\n\n\n<div class=\"wp-block-media-text\" style=\"grid-template-columns:15% auto\"><figure class=\"wp-block-media-text__media\"><img loading=\"lazy\" decoding=\"async\" width=\"300\" height=\"300\" src=\"http:\/\/imecaf.com\/blog\/wp-content\/uploads\/enfoque-2.png\" alt=\"Enfoque PMBOK\" class=\"wp-image-18120 size-full\" srcset=\"https:\/\/imecaf.com\/blog\/wp-content\/uploads\/enfoque-2.png 300w, https:\/\/imecaf.com\/blog\/wp-content\/uploads\/enfoque-2-150x150.png 150w, https:\/\/imecaf.com\/blog\/wp-content\/uploads\/enfoque-2-120x120.png 120w\" sizes=\"auto, (max-width: 300px) 100vw, 300px\" \/><\/figure><div class=\"wp-block-media-text__content\">\n<p>Este enfoque basado en principios le da al director de proyectos mayor libertad, pero tambi\u00e9n mayor responsabilidad. Ya no se trata solo de ejecutar un conjunto de tareas, sino de <strong>actuar con criterio, \u00e9tica y orientaci\u00f3n al valor<\/strong>, adapt\u00e1ndose al contexto para lograr resultados significativos.<\/p>\n<\/div><\/div>\n\n\n\n<hr class=\"wp-block-separator has-text-color has-alpha-channel-opacity has-background is-style-wide\" style=\"background-color:#bd5600;color:#bd5600\"\/>\n\n\n\n<h2 class=\"wp-block-heading\"><strong>Dominios del Desempe\u00f1o<\/strong><\/h2>\n\n\n\n<h3 class=\"wp-block-heading\"><strong>Un enfoque integral para el \u00e9xito del proyecto<\/strong><\/h3>\n\n\n\n<div class=\"wp-block-media-text\" style=\"grid-template-columns:25% auto\"><figure class=\"wp-block-media-text__media\"><img loading=\"lazy\" decoding=\"async\" width=\"600\" height=\"900\" src=\"http:\/\/imecaf.com\/blog\/wp-content\/uploads\/dominios-de-desepeno.jpg\" alt=\"Dominios de Desempe\u00f1o\" class=\"wp-image-18118 size-full\" srcset=\"https:\/\/imecaf.com\/blog\/wp-content\/uploads\/dominios-de-desepeno.jpg 600w, https:\/\/imecaf.com\/blog\/wp-content\/uploads\/dominios-de-desepeno-200x300.jpg 200w\" sizes=\"auto, (max-width: 600px) 100vw, 600px\" \/><\/figure><div class=\"wp-block-media-text__content\">\n<p>En la s\u00e9ptima edici\u00f3n del PMBOK, el PMI introduce los <strong>Dominios del Desempe\u00f1o<\/strong> como una nueva forma de gestionar proyectos desde una <strong>perspectiva hol\u00edstica y orientada a resultados<\/strong>. A diferencia de las ediciones anteriores, esta estructura ofrece <strong>mayor flexibilidad y adaptaci\u00f3n al contexto<\/strong> de cada proyecto. Los dominios representan <strong>\u00e1reas clave<\/strong> que, al ser gestionadas correctamente, incluyen actividades, comportamientos e interacciones que <strong>influyen directamente en la entrega de valor y el \u00e9xito del proyecto<\/strong>.<\/p>\n<\/div><\/div>\n\n\n\n<h3 class=\"wp-block-heading\"><strong>\u00bfQu\u00e9 aportan los Dominios del Desempe\u00f1o?<\/strong><\/h3>\n\n\n\n<ul class=\"wp-block-list\">\n<li>Proporcionan <strong>gu\u00edas pr\u00e1cticas y adaptables<\/strong> para la aplicaci\u00f3n de principios.<\/li>\n\n\n\n<li>Enfatizan el <strong>impacto real<\/strong> en los resultados del proyecto.<\/li>\n\n\n\n<li>Fomentan la <strong>visi\u00f3n sist\u00e9mica y la alineaci\u00f3n estrat\u00e9gica<\/strong> del proyecto con los objetivos organizacionales.<\/li>\n<\/ul>\n\n\n\n<p>Sustituyen la visi\u00f3n lineal del ciclo de vida por una <strong>visi\u00f3n m\u00e1s org\u00e1nica e integrada<\/strong>.<\/p>\n\n\n\n<hr class=\"wp-block-separator has-text-color has-alpha-channel-opacity has-background is-style-wide\" style=\"background-color:#bd5600;color:#bd5600\"\/>\n\n\n\n<div class=\"wp-block-cover is-light\"><span aria-hidden=\"true\" class=\"wp-block-cover__background has-luminous-vivid-orange-background-color has-background-dim-90 has-background-dim\"><\/span><div class=\"wp-block-cover__inner-container is-layout-constrained wp-block-cover-is-layout-constrained\">\n<h3 class=\"wp-block-heading has-text-align-center has-black-color has-text-color has-link-color wp-elements-cc05e5117f1de1848da38690fefe0388\"><strong>Los 8 Dominios del Desempe\u00f1o<\/strong><\/h3>\n\n\n\n<h4 class=\"wp-block-heading has-white-background-color has-text-color has-background has-link-color wp-elements-10b5ef4dc878c9c7fe56fa51c7fe18b8\" style=\"color:#19347f\"><strong>Interesados (Stakeholders)<\/strong><\/h4>\n\n\n\n<p class=\"has-text-align-left\">Se centra en identificar, comprender, involucrar y gestionar a las partes interesadas de manera proactiva. La participaci\u00f3n activa y el compromiso de los interesados son determinantes para la aceptaci\u00f3n y el \u00e9xito del proyecto.<\/p>\n\n\n\n<h4 class=\"wp-block-heading has-white-background-color has-text-color has-background has-link-color wp-elements-f712bbaa653db35f4f928599cd775111\" style=\"color:#19347f\"><strong>Equipo<\/strong><\/h4>\n\n\n\n<p class=\"has-text-align-left has-black-color has-text-color has-link-color wp-elements-29f47f780fc6036549f1367499f03b5e\">Este dominio aborda la composici\u00f3n, din\u00e1mica, desempe\u00f1o y desarrollo del equipo de proyecto. Incluye aspectos como liderazgo, motivaci\u00f3n, colaboraci\u00f3n, <strong><em><a href=\"https:\/\/imecaf.com\/40\" target=\"_blank\" rel=\"noreferrer noopener\">resoluci\u00f3n de conflictos<\/a><\/em><\/strong> y creaci\u00f3n de un entorno de trabajo saludable y productivo.<\/p>\n\n\n\n<h4 class=\"wp-block-heading has-white-background-color has-text-color has-background has-link-color wp-elements-c6709bde393a5efddf93777e8979725f\" style=\"color:#19347f\"><strong>Enfoque de Desarrollo y Ciclo de Vida<\/strong><\/h4>\n\n\n\n<p class=\"has-text-align-left\">Define c\u00f3mo se desarrollar\u00e1 el producto, servicio o resultado del proyecto y cu\u00e1l ser\u00e1 el enfoque m\u00e1s adecuado (predictivo, \u00e1gil, h\u00edbrido, iterativo, etc.). Tambi\u00e9n contempla la selecci\u00f3n del ciclo de vida del proyecto y su alineaci\u00f3n con las necesidades del cliente.<\/p>\n\n\n\n<h4 class=\"wp-block-heading has-white-background-color has-text-color has-background has-link-color wp-elements-dd8a6f591b013fae2faa5ec0759df223\" style=\"color:#19347f\"><strong>Planificaci\u00f3n<\/strong><\/h4>\n\n\n\n<p class=\"has-text-align-left\">Este dominio considera la naturaleza continua de la planificaci\u00f3n. No se limita a una fase inicial, sino que es una actividad que evoluciona durante todo el proyecto. Incluye la planificaci\u00f3n de alcance, cronograma, costos, recursos, calidad y otros elementos clave.<\/p>\n\n\n\n<h4 class=\"wp-block-heading has-white-background-color has-text-color has-background has-link-color wp-elements-2253ab51f79cffb3f17a2f9dc215f645\" style=\"color:#19347f\"><strong>Trabajo del Proyecto<\/strong><\/h4>\n\n\n\n<p class=\"has-text-align-left\">Se refiere a la ejecuci\u00f3n efectiva y eficiente del trabajo necesario para entregar los resultados del proyecto. Incluye la gesti\u00f3n de recursos, la adquisici\u00f3n de bienes y servicios, el seguimiento del desempe\u00f1o, y la adaptaci\u00f3n a los cambios.<\/p>\n\n\n\n<h4 class=\"wp-block-heading has-white-background-color has-text-color has-background has-link-color wp-elements-22e1444c749cc48c49679831cc18e60a\" style=\"color:#19347f\"><strong>Entrega<\/strong><\/h4>\n\n\n\n<p class=\"has-text-align-left\">Este dominio enfatiza la necesidad de enfocarse en la <strong>entrega de valor<\/strong> y no solo en la finalizaci\u00f3n de tareas. La entrega debe ser continua, medible y alineada con las expectativas del cliente y de los interesados.<\/p>\n\n\n\n<h4 class=\"wp-block-heading has-white-background-color has-text-color has-background has-link-color wp-elements-a98426f00f22c3915f0e1bdd3a904b61\" style=\"color:#19347f\"><strong>Medici\u00f3n de Desempe\u00f1o<\/strong><\/h4>\n\n\n\n<p class=\"has-text-align-left has-black-color has-text-color has-link-color wp-elements-a9c241a45b44438576a4454eeb0a4a25\">Involucra el uso de m\u00e9tricas, indicadores y mecanismos de retroalimentaci\u00f3n para <strong><em><a href=\"https:\/\/imecaf.com\/381\" target=\"_blank\" rel=\"noreferrer noopener\">evaluar el progreso y desempe\u00f1o del proyecto<\/a>.<\/em><\/strong> Tambi\u00e9n abarca la toma de decisiones informadas con base en datos cuantitativos y cualitativos.<\/p>\n\n\n\n<h4 class=\"wp-block-heading has-white-background-color has-text-color has-background has-link-color wp-elements-9a07400b447f7bb22d563be4b4bb7e8f\" style=\"color:#19347f\"><strong>Incertidumbre<\/strong><\/h4>\n\n\n\n<p class=\"has-text-align-left\">Considera c\u00f3mo se identifican, eval\u00faan, gestionan y responden los riesgos, incertidumbres, amenazas y oportunidades. Este dominio fomenta una cultura de gesti\u00f3n proactiva, resiliente y preparada para adaptarse al cambio.<\/p>\n<\/div><\/div>\n\n\n\n<div class=\"wp-block-media-text\" style=\"grid-template-columns:15% auto\"><figure class=\"wp-block-media-text__media\"><img loading=\"lazy\" decoding=\"async\" width=\"300\" height=\"300\" src=\"http:\/\/imecaf.com\/blog\/wp-content\/uploads\/enfoque-1.png\" alt=\"Visi\u00f3n Adaptable y Centrada\" class=\"wp-image-18119 size-full\" srcset=\"https:\/\/imecaf.com\/blog\/wp-content\/uploads\/enfoque-1.png 300w, https:\/\/imecaf.com\/blog\/wp-content\/uploads\/enfoque-1-150x150.png 150w, https:\/\/imecaf.com\/blog\/wp-content\/uploads\/enfoque-1-120x120.png 120w\" sizes=\"auto, (max-width: 300px) 100vw, 300px\" \/><\/figure><div class=\"wp-block-media-text__content\">\n<h4 class=\"wp-block-heading\"><strong>Una visi\u00f3n adaptable y centrada en el valor<\/strong><\/h4>\n\n\n\n<p>La inclusi\u00f3n de estos dominios refuerza la idea de que <strong><em>el \u00e9xito del proyecto no depende exclusivamente de seguir una serie de pasos, sino de saber adaptarse al entorno, actuar con criterio profesional y generar valor sostenido<\/em><\/strong>. Los dominios no operan de forma aislada, sino que se interrelacionan, influyen mutuamente y deben gestionarse de manera integrada a lo largo del proyecto.<\/p>\n<\/div><\/div>\n\n\n\n<hr class=\"wp-block-separator has-text-color has-alpha-channel-opacity has-background is-style-wide\" style=\"background-color:#bd5600;color:#bd5600\"\/>\n\n\n\n<h2 class=\"wp-block-heading\"><strong>Estructura del PMBOK<\/strong><\/h2>\n\n\n\n<div class=\"wp-block-media-text is-image-fill-element\" style=\"grid-template-columns:31% auto\"><figure class=\"wp-block-media-text__media\"><img loading=\"lazy\" decoding=\"async\" width=\"600\" height=\"900\" src=\"http:\/\/imecaf.com\/blog\/wp-content\/uploads\/estructura-pmbok-1.jpg\" alt=\"Estructura PMBOK\" class=\"wp-image-18121 size-full\" style=\"object-position:50% 50%\" srcset=\"https:\/\/imecaf.com\/blog\/wp-content\/uploads\/estructura-pmbok-1.jpg 600w, https:\/\/imecaf.com\/blog\/wp-content\/uploads\/estructura-pmbok-1-200x300.jpg 200w\" sizes=\"auto, (max-width: 600px) 100vw, 600px\" \/><\/figure><div class=\"wp-block-media-text__content\">\n<p><strong>Grupos de procesos<\/strong><\/p>\n\n\n\n<p>La gu\u00eda tradicional del PMBOK organiza el trabajo en cinco grandes grupos de procesos:<\/p>\n\n\n\n<p><strong>1. Inicio. <\/strong>Definici\u00f3n del proyecto y obtenci\u00f3n de la aprobaci\u00f3n formal para comenzar.<\/p>\n\n\n\n<p><strong>2. Planificaci\u00f3n. <\/strong>Se definen los objetivos, se desarrollan los planes de acci\u00f3n, se asignan recursos y se establecen los criterios de \u00e9xito.<\/p>\n\n\n\n<p><strong>3. Ejecuci\u00f3n. <\/strong>Se implementan los planes, se desarrollan entregables y se gestiona al equipo.<\/p>\n\n\n\n<p><strong>4. Monitoreo y control. <\/strong>Se hace un seguimiento del progreso del proyecto y se toman acciones correctivas cuando es necesario.<\/p>\n\n\n\n<p><strong>5. Cierre. <\/strong>Se finalizan todas las actividades del proyecto y se formaliza su conclusi\u00f3n.<\/p>\n<\/div><\/div>\n\n\n\n<hr class=\"wp-block-separator has-text-color has-alpha-channel-opacity has-background is-style-wide\" style=\"background-color:#bd5600;color:#bd5600\"\/>\n\n\n\n<div class=\"wp-block-cover is-light wp-duotone-unset-1\"><span aria-hidden=\"true\" class=\"wp-block-cover__background has-cyan-bluish-gray-background-color has-background-dim\"><\/span><div class=\"wp-block-cover__inner-container is-layout-constrained wp-block-cover-is-layout-constrained\">\n<h3 class=\"wp-block-heading has-text-align-center has-black-color has-text-color has-link-color wp-elements-695f7e9e25f524049dfd5798d3653546\"><strong>\u00c1reas de conocimiento del PMBOK<\/strong><\/h3>\n\n\n\n<p>Estas \u00e1reas agrupan procesos relacionados que requieren atenci\u00f3n especializada. Son fundamentales para garantizar una gesti\u00f3n integral:<\/p>\n\n\n\n<p><strong>1. Integraci\u00f3n. <\/strong>Asegura que todos los elementos del proyecto est\u00e9n coordinados de manera efectiva.<\/p>\n\n\n\n<p><strong>2. Alcance. <\/strong>Define qu\u00e9 se incluir\u00e1 y qu\u00e9 no en el proyecto.<\/p>\n\n\n\n<p class=\"has-black-color has-text-color has-link-color wp-elements-f9c840014f25829e4d60979bffaeed18\"><strong>3. Tiempo. <\/strong><a href=\"https:\/\/imecaf.com\/67\" target=\"_blank\" rel=\"noreferrer noopener\"><strong><em>Gestiona la duraci\u00f3n y secuencia de las actividades.<\/em><\/strong><\/a><\/p>\n\n\n\n<p><strong>4. Costos. <\/strong>Se enfoca en la planificaci\u00f3n, estimaci\u00f3n y control de costos.<\/p>\n\n\n\n<p><strong>5. Calidad. <\/strong>Establece est\u00e1ndares y asegura que los entregables los cumplan.<\/p>\n\n\n\n<p><strong>6. Recursos. <\/strong>Gestiona al equipo humano y otros recursos necesarios.<\/p>\n\n\n\n<p><strong>7. Comunicaciones. <\/strong>Planifica y controla el flujo de informaci\u00f3n dentro del proyecto.<\/p>\n\n\n\n<p><strong>8. Riesgos. <\/strong>Identifica, analiza y responde a los riesgos del proyecto.<\/p>\n\n\n\n<p><strong>9. Adquisiciones. <\/strong>Administra la compra de productos o servicios externos.<\/p>\n\n\n\n<p><strong>10. Interesados. <\/strong>Gestiona las expectativas y la participaci\u00f3n de los stakeholders.<\/p>\n<\/div><\/div>\n\n\n\n<hr class=\"wp-block-separator has-text-color has-alpha-channel-opacity has-background\" style=\"background-color:#bd5600;color:#bd5600\"\/>\n\n\n\n<div class=\"wp-block-media-text\" style=\"grid-template-columns:29% auto\"><figure class=\"wp-block-media-text__media\"><img loading=\"lazy\" decoding=\"async\" width=\"600\" height=\"900\" src=\"http:\/\/imecaf.com\/blog\/wp-content\/uploads\/ventajas.jpg\" alt=\"Ventajas PMBOK\" class=\"wp-image-18122 size-full\" srcset=\"https:\/\/imecaf.com\/blog\/wp-content\/uploads\/ventajas.jpg 600w, https:\/\/imecaf.com\/blog\/wp-content\/uploads\/ventajas-200x300.jpg 200w\" sizes=\"auto, (max-width: 600px) 100vw, 600px\" \/><\/figure><div class=\"wp-block-media-text__content\">\n<h2 class=\"wp-block-heading\"><strong>Ventajas del uso de PMBOK<\/strong><\/h2>\n\n\n\n<ul class=\"wp-block-list\">\n<li>Est\u00e1ndar globalmente reconocido;<br><\/li>\n\n\n\n<li>Mejora la consistencia y la eficiencia de los proyectos;<br><\/li>\n\n\n\n<li>Aumenta la probabilidad de \u00e9xito;<br><\/li>\n\n\n\n<li>Favorece la toma de decisiones informada;<br><\/li>\n\n\n\n<li>Facilita la comunicaci\u00f3n entre equipos multidisciplinarios.<\/li>\n<\/ul>\n<\/div><\/div>\n\n\n\n<hr class=\"wp-block-separator has-text-color has-alpha-channel-opacity has-background is-style-wide\" style=\"background-color:#bd5600;color:#bd5600\"\/>\n\n\n\n<h2 class=\"wp-block-heading\"><strong>Diferencias clave entre PMBOK, SCRUM y Agile<\/strong><\/h2>\n\n\n\n<p>Aqu\u00ed tienes una <strong>tabla comparativa<\/strong> con las principales diferencias entre <strong>PMBOK, <a href=\"http:\/\/imecaf.com\/blog\/2024\/09\/20\/metodologia-scrum\/\" target=\"_blank\" rel=\"noreferrer noopener\"><em>SCRUM<\/em><\/a> y Agile<\/strong>, considerando su enfoque, estructura, rol del equipo, flexibilidad, entre otros aspectos clave:<\/p>\n\n\n\n<figure class=\"wp-block-table is-style-stripes has-small-font-size\"><table class=\"has-black-color has-white-background-color has-text-color has-background has-link-color\"><tbody><tr><td><strong>Aspecto<\/strong><\/td><td><strong>PMBOK<\/strong><\/td><td><strong>SCRUM<\/strong><\/td><td><strong>Agile<\/strong><\/td><\/tr><tr><td><strong>Tipo<\/strong><\/td><td>Est\u00e1ndar de buenas pr\u00e1cticas<\/td><td>Marco de trabajo \u00e1gil espec\u00edfico<\/td><td>Filosof\u00eda o conjunto de principios<\/td><\/tr><tr><td><strong>Publicaci\u00f3n y mantenimiento<\/strong><\/td><td>Project Management Institute (PMI)<\/td><td>Scrum.org \/ Scrum Alliance<\/td><td>Agile Alliance (Manifiesto \u00c1gil, 2001)<\/td><\/tr><tr><td><strong>Enfoque principal<\/strong><\/td><td>Gesti\u00f3n de proyectos tradicional y adaptable<\/td><td>Desarrollo iterativo e incremental (principalmente de software)<\/td><td>Entrega r\u00e1pida de valor y adaptabilidad al cambio<\/td><\/tr><tr><td><strong>Estructura<\/strong><\/td><td>Procesos, principios y dominios del desempe\u00f1o (ed. 7)<\/td><td>Roles, eventos y artefactos claros<\/td><td>Principios y valores del Manifiesto \u00c1gil<\/td><\/tr><tr><td><strong>Flexibilidad<\/strong><\/td><td>Moderada (marco adaptable, pero con estructura definida)<\/td><td>Alta (iteraciones cortas, ajustes frecuentes)<\/td><td>Muy alta (responde al cambio en lugar de seguir un plan fijo)<\/td><\/tr><tr><td><strong>Duraci\u00f3n del proyecto<\/strong><\/td><td>Variable (puede ser corto o largo, con planificaci\u00f3n exhaustiva inicial)<\/td><td>Dividido en Sprints (ciclos de 1 a 4 semanas)<\/td><td>Ciclos cortos de entrega continua<\/td><\/tr><tr><td><strong>Planificaci\u00f3n<\/strong><\/td><td>Detallada y progresiva<\/td><td>Planificaci\u00f3n por Sprint<\/td><td>Planificaci\u00f3n flexible y evolutiva<\/td><\/tr><tr><td><strong>Rol del equipo<\/strong><\/td><td>Estructura jer\u00e1rquica o matricial (con gerente de proyecto definido)<\/td><td>Equipos autogestionados<\/td><td>Equipos multidisciplinarios y colaborativos<\/td><\/tr><tr><td><strong>Rol del l\u00edder<\/strong><\/td><td>Gerente de Proyecto<\/td><td>Scrum Master (facilitador)<\/td><td>L\u00edder servicial o facilitador<\/td><\/tr><tr><td><strong>Documentaci\u00f3n<\/strong><\/td><td>Documentaci\u00f3n extensa y formal<\/td><td>Documentaci\u00f3n m\u00ednima, solo la necesaria<\/td><td>Documentaci\u00f3n ligera, centrada en el valor<\/td><\/tr><tr><td><strong>Entrega de valor<\/strong><\/td><td>Al final del proyecto o en fases definidas<\/td><td>Al final de cada Sprint<\/td><td>Entrega continua y evolutiva<\/td><\/tr><tr><td><strong>Aplicabilidad<\/strong><\/td><td>Multisectorial (con o sin enfoque predictivo, \u00e1gil o h\u00edbrido)<\/td><td>Muy usado en desarrollo de software<\/td><td>Apto para cualquier tipo de proyecto o producto<\/td><\/tr><\/tbody><\/table><\/figure>\n\n\n\n<hr class=\"wp-block-separator has-text-color has-alpha-channel-opacity has-background is-style-wide\" style=\"background-color:#bd5600;color:#bd5600\"\/>\n\n\n\n<h2 class=\"wp-block-heading\"><strong>Conclusi\u00f3n<\/strong><\/h2>\n\n\n\n<div class=\"wp-block-media-text\" style=\"grid-template-columns:36% auto\"><figure class=\"wp-block-media-text__media\"><img loading=\"lazy\" decoding=\"async\" width=\"600\" height=\"900\" src=\"http:\/\/imecaf.com\/blog\/wp-content\/uploads\/conclusion-21.png\" alt=\"Conclusi\u00f3n\" class=\"wp-image-18123 size-full\" srcset=\"https:\/\/imecaf.com\/blog\/wp-content\/uploads\/conclusion-21.png 600w, https:\/\/imecaf.com\/blog\/wp-content\/uploads\/conclusion-21-200x300.png 200w\" sizes=\"auto, (max-width: 600px) 100vw, 600px\" \/><\/figure><div class=\"wp-block-media-text__content\">\n<ul class=\"wp-block-list\">\n<li>PMBOK es una herramienta poderosa para profesionales que desean gestionar proyectos de manera estructurada y eficiente<br><\/li>\n\n\n\n<li>La Gu\u00eda PMBOK brinda un marco de referencia flexible, aplicable a diversos sectores<br><\/li>\n\n\n\n<li>Sus grupos de procesos y \u00e1reas de conocimiento permiten una visi\u00f3n completa de cada etapa del proyecto<br><\/li>\n\n\n\n<li>Las versiones m\u00e1s recientes de esta metodolog\u00eda promueven principios adaptativos y centrados en la entrega de valor<br><\/li>\n\n\n\n<li>Aplicar PMBOK no significa seguir una receta fija, sino comprender y adaptar sus buenas pr\u00e1cticas<br><\/li>\n\n\n\n<li>Su compatibilidad con enfoques \u00e1giles lo convierte en una opci\u00f3n moderna y vers\u00e1til<\/li>\n<\/ul>\n<\/div><\/div>\n\n\n\n<p>Si deseas mejorar tus habilidades en la direcci\u00f3n de proyectos, nuestro <a href=\"https:\/\/imecaf.com\/271\" target=\"_blank\" rel=\"noreferrer noopener\"><strong><em>curso de Administraci\u00f3n de Proyectos<\/em><\/strong><\/a> te ayudar\u00e1 a dominar estos conceptos con profundidad y aplicarlos en entornos reales. Adem\u00e1s, te invitamos a leer nuestro art\u00edculo anterior:<a href=\"https:\/\/www.imecaf.com\/blog\/matriz-raci\" target=\"_blank\" rel=\"noreferrer noopener\"> <strong><em>\u00abLa Matriz RACI: Herramienta Esencial para la Gesti\u00f3n Efectiva de Proyectos\u00bb<\/em><\/strong><\/a>, donde exploramos otra t\u00e9cnica clave para el \u00e9xito en la gesti\u00f3n de proyectos.<\/p>\n\n\n<figure class=\"wp-block-image\"><a href=\"http:\/\/imecaf.com\/blog\/wp-content\/uploads\/PMBOK-Metodologia.pdf\"><img decoding=\"async\" style=\"width: 303px; height: auto;\" src=\"http:\/\/imecaf.com\/blog\/wp-content\/uploads\/Descargar-PDF-e1708732610860-1024x317.png\" alt=\"PMBOK Metodolog\u00eda PDF\" \/><\/a><\/figure>","protected":false},"excerpt":{"rendered":"<p>Introducci\u00f3n En el mundo de la Administraci\u00f3n de Proyectos, contar con una metodolog\u00eda s\u00f3lida es esencial para lograr resultados exitosos. PMBOK se ha posicionado como una de las m\u00e1s reconocidas a nivel internacional, ofreciendo un marco estructurado y estandarizado para la direcci\u00f3n de proyectos en distintos sectores. Pero, \u00bfqu\u00e9 es exactamente PMBOK?, \u00bfc\u00f3mo se utiliza?, &#8230; <a title=\"PMBOK: La metodolog\u00eda clave para una gesti\u00f3n de proyectos efectiva\" class=\"read-more\" href=\"https:\/\/imecaf.com\/blog\/2025\/07\/03\/pmbok-metodologia\/\">Leer m\u00e1s <span class=\"screen-reader-text\">PMBOK: La metodolog\u00eda clave para una gesti\u00f3n de proyectos efectiva<\/span><\/a><\/p>\n","protected":false},"author":2,"featured_media":18106,"comment_status":"open","ping_status":"closed","sticky":false,"template":"","format":"standard","meta":{"footnotes":""},"categories":[11,290],"tags":[10823,6042,11661,5779,10416,3932,4395,11659,11660,10612],"class_list":["post-18105","post","type-post","status-publish","format-standard","has-post-thumbnail","hentry","category-administracion","category-articulos-administracion","tag-agile","tag-desempeno","tag-dominios","tag-enfoque","tag-gestion-de-proyectos","tag-guia","tag-metodologia","tag-pmbok","tag-project-management-institute","tag-scrum"],"yoast_head":"<!-- This site is optimized with the Yoast SEO plugin v27.5 - https:\/\/yoast.com\/product\/yoast-seo-wordpress\/ -->\n<title>PMBOK: Metodolog\u00eda clave para una gesti\u00f3n de proyectos efectiva<\/title>\n<meta name=\"description\" content=\"Descubre qu\u00e9 es PMBOK y c\u00f3mo aplicar esta metodolog\u00eda para mejorar la gesti\u00f3n de proyectos con estructura, eficiencia y enfoque en resultados.\" \/>\n<meta name=\"robots\" content=\"index, follow, max-snippet:-1, max-image-preview:large, max-video-preview:-1\" \/>\n<link rel=\"canonical\" href=\"https:\/\/imecaf.com\/blog\/2025\/07\/03\/pmbok-metodologia\/\" \/>\n<meta property=\"og:locale\" content=\"es_ES\" \/>\n<meta property=\"og:type\" content=\"article\" \/>\n<meta property=\"og:title\" content=\"PMBOK: La metodolog\u00eda clave para una gesti\u00f3n de proyectos efectiva\" \/>\n<meta property=\"og:description\" content=\"Descubre qu\u00e9 es PMBOK y c\u00f3mo aplicar esta metodolog\u00eda para mejorar la gesti\u00f3n de proyectos con estructura, eficiencia y enfoque en resultados.\" \/>\n<meta property=\"og:url\" content=\"https:\/\/imecaf.com\/blog\/2025\/07\/03\/pmbok-metodologia\/\" \/>\n<meta property=\"og:site_name\" content=\"IMECAF - Blog\" \/>\n<meta property=\"article:publisher\" content=\"https:\/\/www.facebook.com\/IMECAF\" \/>\n<meta property=\"article:published_time\" content=\"2025-07-04T00:56:33+00:00\" \/>\n<meta property=\"article:modified_time\" content=\"2025-10-07T21:03:56+00:00\" \/>\n<meta property=\"og:image\" content=\"https:\/\/imecaf.com\/blog\/wp-content\/uploads\/pmbok.jpg\" \/>\n\t<meta property=\"og:image:width\" content=\"1000\" \/>\n\t<meta property=\"og:image:height\" content=\"600\" \/>\n\t<meta property=\"og:image:type\" content=\"image\/jpeg\" \/>\n<meta name=\"author\" content=\"Equipo de IMECAF\" \/>\n<meta name=\"twitter:card\" content=\"summary_large_image\" \/>\n<meta name=\"twitter:title\" content=\"PMBOK: La metodolog\u00eda clave para una gesti\u00f3n de proyectos efectiva\" \/>\n<meta name=\"twitter:description\" content=\"Descubre qu\u00e9 es PMBOK y c\u00f3mo aplicar esta metodolog\u00eda para mejorar la gesti\u00f3n de proyectos con estructura, eficiencia y enfoque en resultados.\" \/>\n<meta name=\"twitter:image\" content=\"https:\/\/imecaf.com\/blog\/wp-content\/uploads\/pmbok.jpg\" \/>\n<meta name=\"twitter:creator\" content=\"@imecaf\" \/>\n<meta name=\"twitter:site\" content=\"@imecaf\" \/>\n<meta name=\"twitter:label1\" content=\"Escrito por\" \/>\n\t<meta name=\"twitter:data1\" content=\"Equipo de IMECAF\" \/>\n\t<meta name=\"twitter:label2\" content=\"Tiempo de lectura\" \/>\n\t<meta name=\"twitter:data2\" content=\"16 minutos\" \/>\n<script type=\"application\/ld+json\" class=\"yoast-schema-graph\">{\"@context\":\"https:\\\/\\\/schema.org\",\"@graph\":[{\"@type\":\"Article\",\"@id\":\"https:\\\/\\\/imecaf.com\\\/blog\\\/2025\\\/07\\\/03\\\/pmbok-metodologia\\\/#article\",\"isPartOf\":{\"@id\":\"https:\\\/\\\/imecaf.com\\\/blog\\\/2025\\\/07\\\/03\\\/pmbok-metodologia\\\/\"},\"author\":{\"name\":\"Equipo de IMECAF\",\"@id\":\"https:\\\/\\\/imecaf.com\\\/blog\\\/#\\\/schema\\\/person\\\/a69b9f3972250aa0b1fdb798f094b4c7\"},\"headline\":\"PMBOK: La metodolog\u00eda clave para una gesti\u00f3n de proyectos efectiva\",\"datePublished\":\"2025-07-04T00:56:33+00:00\",\"dateModified\":\"2025-10-07T21:03:56+00:00\",\"mainEntityOfPage\":{\"@id\":\"https:\\\/\\\/imecaf.com\\\/blog\\\/2025\\\/07\\\/03\\\/pmbok-metodologia\\\/\"},\"wordCount\":2915,\"commentCount\":0,\"publisher\":{\"@id\":\"https:\\\/\\\/imecaf.com\\\/blog\\\/#organization\"},\"image\":{\"@id\":\"https:\\\/\\\/imecaf.com\\\/blog\\\/2025\\\/07\\\/03\\\/pmbok-metodologia\\\/#primaryimage\"},\"thumbnailUrl\":\"https:\\\/\\\/imecaf.com\\\/blog\\\/wp-content\\\/uploads\\\/pmbok.jpg\",\"keywords\":[\"agile\",\"desempe\u00f1o\",\"dominios\",\"enfoque\",\"gestion de proyectos\",\"guia\",\"metodologia\",\"PMBOK\",\"project management institute\",\"scrum\"],\"articleSection\":[\"Administraci\u00f3n\",\"Art\u00edculos\"],\"inLanguage\":\"es\",\"potentialAction\":[{\"@type\":\"CommentAction\",\"name\":\"Comment\",\"target\":[\"https:\\\/\\\/imecaf.com\\\/blog\\\/2025\\\/07\\\/03\\\/pmbok-metodologia\\\/#respond\"]}]},{\"@type\":\"WebPage\",\"@id\":\"https:\\\/\\\/imecaf.com\\\/blog\\\/2025\\\/07\\\/03\\\/pmbok-metodologia\\\/\",\"url\":\"https:\\\/\\\/imecaf.com\\\/blog\\\/2025\\\/07\\\/03\\\/pmbok-metodologia\\\/\",\"name\":\"PMBOK: Metodolog\u00eda clave para una gesti\u00f3n de proyectos efectiva\",\"isPartOf\":{\"@id\":\"https:\\\/\\\/imecaf.com\\\/blog\\\/#website\"},\"primaryImageOfPage\":{\"@id\":\"https:\\\/\\\/imecaf.com\\\/blog\\\/2025\\\/07\\\/03\\\/pmbok-metodologia\\\/#primaryimage\"},\"image\":{\"@id\":\"https:\\\/\\\/imecaf.com\\\/blog\\\/2025\\\/07\\\/03\\\/pmbok-metodologia\\\/#primaryimage\"},\"thumbnailUrl\":\"https:\\\/\\\/imecaf.com\\\/blog\\\/wp-content\\\/uploads\\\/pmbok.jpg\",\"datePublished\":\"2025-07-04T00:56:33+00:00\",\"dateModified\":\"2025-10-07T21:03:56+00:00\",\"description\":\"Descubre qu\u00e9 es PMBOK y c\u00f3mo aplicar esta metodolog\u00eda para mejorar la gesti\u00f3n de proyectos con estructura, eficiencia y enfoque en resultados.\",\"breadcrumb\":{\"@id\":\"https:\\\/\\\/imecaf.com\\\/blog\\\/2025\\\/07\\\/03\\\/pmbok-metodologia\\\/#breadcrumb\"},\"inLanguage\":\"es\",\"potentialAction\":[{\"@type\":\"ReadAction\",\"target\":[\"https:\\\/\\\/imecaf.com\\\/blog\\\/2025\\\/07\\\/03\\\/pmbok-metodologia\\\/\"]}]},{\"@type\":\"ImageObject\",\"inLanguage\":\"es\",\"@id\":\"https:\\\/\\\/imecaf.com\\\/blog\\\/2025\\\/07\\\/03\\\/pmbok-metodologia\\\/#primaryimage\",\"url\":\"https:\\\/\\\/imecaf.com\\\/blog\\\/wp-content\\\/uploads\\\/pmbok.jpg\",\"contentUrl\":\"https:\\\/\\\/imecaf.com\\\/blog\\\/wp-content\\\/uploads\\\/pmbok.jpg\",\"width\":1000,\"height\":600,\"caption\":\"PMBOK\"},{\"@type\":\"BreadcrumbList\",\"@id\":\"https:\\\/\\\/imecaf.com\\\/blog\\\/2025\\\/07\\\/03\\\/pmbok-metodologia\\\/#breadcrumb\",\"itemListElement\":[{\"@type\":\"ListItem\",\"position\":1,\"name\":\"Portada\",\"item\":\"https:\\\/\\\/imecaf.com\\\/blog\\\/\"},{\"@type\":\"ListItem\",\"position\":2,\"name\":\"PMBOK: La metodolog\u00eda clave para una gesti\u00f3n de proyectos efectiva\"}]},{\"@type\":\"WebSite\",\"@id\":\"https:\\\/\\\/imecaf.com\\\/blog\\\/#website\",\"url\":\"https:\\\/\\\/imecaf.com\\\/blog\\\/\",\"name\":\"IMECAF\",\"description\":\"Un lugar para expresar y compartir inquietudes dentro del mundo de la educaci\u00f3n.\",\"publisher\":{\"@id\":\"https:\\\/\\\/imecaf.com\\\/blog\\\/#organization\"},\"potentialAction\":[{\"@type\":\"SearchAction\",\"target\":{\"@type\":\"EntryPoint\",\"urlTemplate\":\"https:\\\/\\\/imecaf.com\\\/blog\\\/?s={search_term_string}\"},\"query-input\":{\"@type\":\"PropertyValueSpecification\",\"valueRequired\":true,\"valueName\":\"search_term_string\"}}],\"inLanguage\":\"es\"},{\"@type\":\"Organization\",\"@id\":\"https:\\\/\\\/imecaf.com\\\/blog\\\/#organization\",\"name\":\"IMECAF - Instituto Mexicano de Contabilidad, Administraci\u00f3n y Finanzas\",\"url\":\"https:\\\/\\\/imecaf.com\\\/blog\\\/\",\"logo\":{\"@type\":\"ImageObject\",\"inLanguage\":\"es\",\"@id\":\"https:\\\/\\\/imecaf.com\\\/blog\\\/#\\\/schema\\\/logo\\\/image\\\/\",\"url\":\"https:\\\/\\\/imecaf.com\\\/blog\\\/wp-content\\\/uploads\\\/IMECAF.Logo_.25.png\",\"contentUrl\":\"https:\\\/\\\/imecaf.com\\\/blog\\\/wp-content\\\/uploads\\\/IMECAF.Logo_.25.png\",\"width\":350,\"height\":350,\"caption\":\"IMECAF - Instituto Mexicano de Contabilidad, Administraci\u00f3n y Finanzas\"},\"image\":{\"@id\":\"https:\\\/\\\/imecaf.com\\\/blog\\\/#\\\/schema\\\/logo\\\/image\\\/\"},\"sameAs\":[\"https:\\\/\\\/www.facebook.com\\\/IMECAF\",\"https:\\\/\\\/x.com\\\/imecaf\",\"https:\\\/\\\/www.linkedin.com\\\/company\\\/imecaf\\\/\",\"https:\\\/\\\/www.youtube.com\\\/imecaf\",\"https:\\\/\\\/www.instagram.com\\\/imecaf_mx\\\/\",\"https:\\\/\\\/imecaf.negocio.site\\\/\"]},{\"@type\":\"Person\",\"@id\":\"https:\\\/\\\/imecaf.com\\\/blog\\\/#\\\/schema\\\/person\\\/a69b9f3972250aa0b1fdb798f094b4c7\",\"name\":\"Equipo de IMECAF\",\"image\":{\"@type\":\"ImageObject\",\"inLanguage\":\"es\",\"@id\":\"https:\\\/\\\/secure.gravatar.com\\\/avatar\\\/4b4242953c12937bd47e298d7922b4d01ffafe2955ce4235d318b8950782aa13?s=96&d=mm&r=g\",\"url\":\"https:\\\/\\\/secure.gravatar.com\\\/avatar\\\/4b4242953c12937bd47e298d7922b4d01ffafe2955ce4235d318b8950782aa13?s=96&d=mm&r=g\",\"contentUrl\":\"https:\\\/\\\/secure.gravatar.com\\\/avatar\\\/4b4242953c12937bd47e298d7922b4d01ffafe2955ce4235d318b8950782aa13?s=96&d=mm&r=g\",\"caption\":\"Equipo de IMECAF\"},\"url\":\"https:\\\/\\\/imecaf.com\\\/blog\\\/author\\\/mfonticoba\\\/\"}]}<\/script>\n<!-- \/ Yoast SEO plugin. -->","yoast_head_json":{"title":"PMBOK: Metodolog\u00eda clave para una gesti\u00f3n de proyectos efectiva","description":"Descubre qu\u00e9 es PMBOK y c\u00f3mo aplicar esta metodolog\u00eda para mejorar la gesti\u00f3n de proyectos con estructura, eficiencia y enfoque en resultados.","robots":{"index":"index","follow":"follow","max-snippet":"max-snippet:-1","max-image-preview":"max-image-preview:large","max-video-preview":"max-video-preview:-1"},"canonical":"https:\/\/imecaf.com\/blog\/2025\/07\/03\/pmbok-metodologia\/","og_locale":"es_ES","og_type":"article","og_title":"PMBOK: La metodolog\u00eda clave para una gesti\u00f3n de proyectos efectiva","og_description":"Descubre qu\u00e9 es PMBOK y c\u00f3mo aplicar esta metodolog\u00eda para mejorar la gesti\u00f3n de proyectos con estructura, eficiencia y enfoque en resultados.","og_url":"https:\/\/imecaf.com\/blog\/2025\/07\/03\/pmbok-metodologia\/","og_site_name":"IMECAF - Blog","article_publisher":"https:\/\/www.facebook.com\/IMECAF","article_published_time":"2025-07-04T00:56:33+00:00","article_modified_time":"2025-10-07T21:03:56+00:00","og_image":[{"width":1000,"height":600,"url":"https:\/\/imecaf.com\/blog\/wp-content\/uploads\/pmbok.jpg","type":"image\/jpeg"}],"author":"Equipo de IMECAF","twitter_card":"summary_large_image","twitter_title":"PMBOK: La metodolog\u00eda clave para una gesti\u00f3n de proyectos efectiva","twitter_description":"Descubre qu\u00e9 es PMBOK y c\u00f3mo aplicar esta metodolog\u00eda para mejorar la gesti\u00f3n de proyectos con estructura, eficiencia y enfoque en resultados.","twitter_image":"https:\/\/imecaf.com\/blog\/wp-content\/uploads\/pmbok.jpg","twitter_creator":"@imecaf","twitter_site":"@imecaf","twitter_misc":{"Escrito por":"Equipo de IMECAF","Tiempo de lectura":"16 minutos"},"schema":{"@context":"https:\/\/schema.org","@graph":[{"@type":"Article","@id":"https:\/\/imecaf.com\/blog\/2025\/07\/03\/pmbok-metodologia\/#article","isPartOf":{"@id":"https:\/\/imecaf.com\/blog\/2025\/07\/03\/pmbok-metodologia\/"},"author":{"name":"Equipo de IMECAF","@id":"https:\/\/imecaf.com\/blog\/#\/schema\/person\/a69b9f3972250aa0b1fdb798f094b4c7"},"headline":"PMBOK: La metodolog\u00eda clave para una gesti\u00f3n de proyectos efectiva","datePublished":"2025-07-04T00:56:33+00:00","dateModified":"2025-10-07T21:03:56+00:00","mainEntityOfPage":{"@id":"https:\/\/imecaf.com\/blog\/2025\/07\/03\/pmbok-metodologia\/"},"wordCount":2915,"commentCount":0,"publisher":{"@id":"https:\/\/imecaf.com\/blog\/#organization"},"image":{"@id":"https:\/\/imecaf.com\/blog\/2025\/07\/03\/pmbok-metodologia\/#primaryimage"},"thumbnailUrl":"https:\/\/imecaf.com\/blog\/wp-content\/uploads\/pmbok.jpg","keywords":["agile","desempe\u00f1o","dominios","enfoque","gestion de proyectos","guia","metodologia","PMBOK","project management institute","scrum"],"articleSection":["Administraci\u00f3n","Art\u00edculos"],"inLanguage":"es","potentialAction":[{"@type":"CommentAction","name":"Comment","target":["https:\/\/imecaf.com\/blog\/2025\/07\/03\/pmbok-metodologia\/#respond"]}]},{"@type":"WebPage","@id":"https:\/\/imecaf.com\/blog\/2025\/07\/03\/pmbok-metodologia\/","url":"https:\/\/imecaf.com\/blog\/2025\/07\/03\/pmbok-metodologia\/","name":"PMBOK: Metodolog\u00eda clave para una gesti\u00f3n de proyectos efectiva","isPartOf":{"@id":"https:\/\/imecaf.com\/blog\/#website"},"primaryImageOfPage":{"@id":"https:\/\/imecaf.com\/blog\/2025\/07\/03\/pmbok-metodologia\/#primaryimage"},"image":{"@id":"https:\/\/imecaf.com\/blog\/2025\/07\/03\/pmbok-metodologia\/#primaryimage"},"thumbnailUrl":"https:\/\/imecaf.com\/blog\/wp-content\/uploads\/pmbok.jpg","datePublished":"2025-07-04T00:56:33+00:00","dateModified":"2025-10-07T21:03:56+00:00","description":"Descubre qu\u00e9 es PMBOK y c\u00f3mo aplicar esta metodolog\u00eda para mejorar la gesti\u00f3n de proyectos con estructura, eficiencia y enfoque en resultados.","breadcrumb":{"@id":"https:\/\/imecaf.com\/blog\/2025\/07\/03\/pmbok-metodologia\/#breadcrumb"},"inLanguage":"es","potentialAction":[{"@type":"ReadAction","target":["https:\/\/imecaf.com\/blog\/2025\/07\/03\/pmbok-metodologia\/"]}]},{"@type":"ImageObject","inLanguage":"es","@id":"https:\/\/imecaf.com\/blog\/2025\/07\/03\/pmbok-metodologia\/#primaryimage","url":"https:\/\/imecaf.com\/blog\/wp-content\/uploads\/pmbok.jpg","contentUrl":"https:\/\/imecaf.com\/blog\/wp-content\/uploads\/pmbok.jpg","width":1000,"height":600,"caption":"PMBOK"},{"@type":"BreadcrumbList","@id":"https:\/\/imecaf.com\/blog\/2025\/07\/03\/pmbok-metodologia\/#breadcrumb","itemListElement":[{"@type":"ListItem","position":1,"name":"Portada","item":"https:\/\/imecaf.com\/blog\/"},{"@type":"ListItem","position":2,"name":"PMBOK: La metodolog\u00eda clave para una gesti\u00f3n de proyectos efectiva"}]},{"@type":"WebSite","@id":"https:\/\/imecaf.com\/blog\/#website","url":"https:\/\/imecaf.com\/blog\/","name":"IMECAF","description":"Un lugar para expresar y compartir inquietudes dentro del mundo de la educaci\u00f3n.","publisher":{"@id":"https:\/\/imecaf.com\/blog\/#organization"},"potentialAction":[{"@type":"SearchAction","target":{"@type":"EntryPoint","urlTemplate":"https:\/\/imecaf.com\/blog\/?s={search_term_string}"},"query-input":{"@type":"PropertyValueSpecification","valueRequired":true,"valueName":"search_term_string"}}],"inLanguage":"es"},{"@type":"Organization","@id":"https:\/\/imecaf.com\/blog\/#organization","name":"IMECAF - Instituto Mexicano de Contabilidad, Administraci\u00f3n y Finanzas","url":"https:\/\/imecaf.com\/blog\/","logo":{"@type":"ImageObject","inLanguage":"es","@id":"https:\/\/imecaf.com\/blog\/#\/schema\/logo\/image\/","url":"https:\/\/imecaf.com\/blog\/wp-content\/uploads\/IMECAF.Logo_.25.png","contentUrl":"https:\/\/imecaf.com\/blog\/wp-content\/uploads\/IMECAF.Logo_.25.png","width":350,"height":350,"caption":"IMECAF - Instituto Mexicano de Contabilidad, Administraci\u00f3n y Finanzas"},"image":{"@id":"https:\/\/imecaf.com\/blog\/#\/schema\/logo\/image\/"},"sameAs":["https:\/\/www.facebook.com\/IMECAF","https:\/\/x.com\/imecaf","https:\/\/www.linkedin.com\/company\/imecaf\/","https:\/\/www.youtube.com\/imecaf","https:\/\/www.instagram.com\/imecaf_mx\/","https:\/\/imecaf.negocio.site\/"]},{"@type":"Person","@id":"https:\/\/imecaf.com\/blog\/#\/schema\/person\/a69b9f3972250aa0b1fdb798f094b4c7","name":"Equipo de IMECAF","image":{"@type":"ImageObject","inLanguage":"es","@id":"https:\/\/secure.gravatar.com\/avatar\/4b4242953c12937bd47e298d7922b4d01ffafe2955ce4235d318b8950782aa13?s=96&d=mm&r=g","url":"https:\/\/secure.gravatar.com\/avatar\/4b4242953c12937bd47e298d7922b4d01ffafe2955ce4235d318b8950782aa13?s=96&d=mm&r=g","contentUrl":"https:\/\/secure.gravatar.com\/avatar\/4b4242953c12937bd47e298d7922b4d01ffafe2955ce4235d318b8950782aa13?s=96&d=mm&r=g","caption":"Equipo de IMECAF"},"url":"https:\/\/imecaf.com\/blog\/author\/mfonticoba\/"}]}},"_links":{"self":[{"href":"https:\/\/imecaf.com\/blog\/wp-json\/wp\/v2\/posts\/18105","targetHints":{"allow":["GET"]}}],"collection":[{"href":"https:\/\/imecaf.com\/blog\/wp-json\/wp\/v2\/posts"}],"about":[{"href":"https:\/\/imecaf.com\/blog\/wp-json\/wp\/v2\/types\/post"}],"author":[{"embeddable":true,"href":"https:\/\/imecaf.com\/blog\/wp-json\/wp\/v2\/users\/2"}],"replies":[{"embeddable":true,"href":"https:\/\/imecaf.com\/blog\/wp-json\/wp\/v2\/comments?post=18105"}],"version-history":[{"count":11,"href":"https:\/\/imecaf.com\/blog\/wp-json\/wp\/v2\/posts\/18105\/revisions"}],"predecessor-version":[{"id":18942,"href":"https:\/\/imecaf.com\/blog\/wp-json\/wp\/v2\/posts\/18105\/revisions\/18942"}],"wp:featuredmedia":[{"embeddable":true,"href":"https:\/\/imecaf.com\/blog\/wp-json\/wp\/v2\/media\/18106"}],"wp:attachment":[{"href":"https:\/\/imecaf.com\/blog\/wp-json\/wp\/v2\/media?parent=18105"}],"wp:term":[{"taxonomy":"category","embeddable":true,"href":"https:\/\/imecaf.com\/blog\/wp-json\/wp\/v2\/categories?post=18105"},{"taxonomy":"post_tag","embeddable":true,"href":"https:\/\/imecaf.com\/blog\/wp-json\/wp\/v2\/tags?post=18105"}],"curies":[{"name":"wp","href":"https:\/\/api.w.org\/{rel}","templated":true}]}}