{"id":18129,"date":"2025-07-03T09:54:14","date_gmt":"2025-07-03T15:54:14","guid":{"rendered":"http:\/\/imecaf.com\/blog\/?p=18129"},"modified":"2025-09-04T09:59:37","modified_gmt":"2025-09-04T15:59:37","slug":"la-gestion-del-desempeno-no-es-solo-algo-numerico","status":"publish","type":"post","link":"https:\/\/imecaf.com\/blog\/2025\/07\/03\/la-gestion-del-desempeno-no-es-solo-algo-numerico\/","title":{"rendered":"La gesti\u00f3n del desempe\u00f1o no es s\u00f3lo algo num\u00e9rico"},"content":{"rendered":"<span class=\"span-reading-time rt-reading-time\" style=\"display: block;\"><span class=\"rt-label rt-prefix\">Tiempo de lectura:<\/span> <span class=\"rt-time\"> &lt; 1<\/span> <span class=\"rt-label rt-postfix\">minuto<\/span><\/span>\n<p>\u00abPor mucho que consideremos a la gesti\u00f3n del desempe\u00f1o como algo num\u00e9rico y, por lo tanto, perfectamente cuantificable, es en la misma medida un producto del contexto y de las ciencias sociales, al igual que los productos que dise\u00f1amos y desarrollamos.\u00bb<\/p>\n\n\n\n<p>Steven Jay Sinofsky (1965- )\u00a0Empresario, inversor e ingeniero de software estadounidense.<\/p>\n","protected":false},"excerpt":{"rendered":"<p>\u00abPor mucho que consideremos a la gesti\u00f3n del desempe\u00f1o como algo num\u00e9rico y, por lo tanto, perfectamente cuantificable, es en la misma medida un producto del contexto y de las ciencias sociales, al igual que los productos que dise\u00f1amos y desarrollamos.\u00bb Steven Jay Sinofsky (1965- )\u00a0Empresario, inversor e ingeniero de software estadounidense.<\/p>\n","protected":false},"author":2,"featured_media":0,"comment_status":"open","ping_status":"closed","sticky":false,"template":"","format":"standard","meta":{"footnotes":""},"categories":[11,573],"tags":[8874,19,11657,7122,8087,1008,6042,3163,8868,1252,1475,11658],"class_list":["post-18129","post","type-post","status-publish","format-standard","hentry","category-administracion","category-frases-celebres-administracion","tag-administracion","tag-blog-imecaf","tag-ciencia-social","tag-contexto","tag-cuantificar","tag-desarrollar","tag-desempeno","tag-disenar","tag-frase-celebre-2","tag-gestion","tag-producto","tag-steve-sinofsky"],"yoast_head":"<!-- This site is optimized with the Yoast SEO plugin v27.4 - https:\/\/yoast.com\/product\/yoast-seo-wordpress\/ -->\n<title>La gesti\u00f3n del desempe\u00f1o no es s\u00f3lo algo num\u00e9rico - IMECAF - Blog<\/title>\n<meta name=\"robots\" content=\"index, follow, max-snippet:-1, max-image-preview:large, max-video-preview:-1\" \/>\n<link rel=\"canonical\" href=\"https:\/\/imecaf.com\/blog\/2025\/07\/03\/la-gestion-del-desempeno-no-es-solo-algo-numerico\/\" \/>\n<meta property=\"og:locale\" content=\"es_ES\" \/>\n<meta property=\"og:type\" content=\"article\" \/>\n<meta property=\"og:title\" content=\"La gesti\u00f3n del desempe\u00f1o no es s\u00f3lo algo num\u00e9rico - IMECAF - Blog\" \/>\n<meta property=\"og:description\" content=\"\u00abPor mucho que consideremos a la gesti\u00f3n del desempe\u00f1o como algo num\u00e9rico y, por lo tanto, perfectamente cuantificable, es en la misma medida un producto del contexto y de las ciencias sociales, al igual que los productos que dise\u00f1amos y desarrollamos.\u00bb Steven Jay Sinofsky (1965- )\u00a0Empresario, inversor e ingeniero de software estadounidense.\" \/>\n<meta property=\"og:url\" content=\"https:\/\/imecaf.com\/blog\/2025\/07\/03\/la-gestion-del-desempeno-no-es-solo-algo-numerico\/\" \/>\n<meta property=\"og:site_name\" content=\"IMECAF - Blog\" \/>\n<meta property=\"article:publisher\" content=\"https:\/\/www.facebook.com\/IMECAF\" \/>\n<meta property=\"article:published_time\" content=\"2025-07-03T15:54:14+00:00\" \/>\n<meta property=\"article:modified_time\" content=\"2025-09-04T15:59:37+00:00\" \/>\n<meta name=\"author\" content=\"Equipo de IMECAF\" \/>\n<meta name=\"twitter:card\" content=\"summary_large_image\" \/>\n<meta name=\"twitter:creator\" content=\"@imecaf\" \/>\n<meta name=\"twitter:site\" content=\"@imecaf\" \/>\n<meta name=\"twitter:label1\" content=\"Escrito por\" \/>\n\t<meta name=\"twitter:data1\" content=\"Equipo de IMECAF\" \/>\n\t<meta name=\"twitter:label2\" content=\"Tiempo de lectura\" \/>\n\t<meta name=\"twitter:data2\" content=\"1 minuto\" \/>\n<script type=\"application\/ld+json\" class=\"yoast-schema-graph\">{\"@context\":\"https:\\\/\\\/schema.org\",\"@graph\":[{\"@type\":\"Article\",\"@id\":\"https:\\\/\\\/imecaf.com\\\/blog\\\/2025\\\/07\\\/03\\\/la-gestion-del-desempeno-no-es-solo-algo-numerico\\\/#article\",\"isPartOf\":{\"@id\":\"https:\\\/\\\/imecaf.com\\\/blog\\\/2025\\\/07\\\/03\\\/la-gestion-del-desempeno-no-es-solo-algo-numerico\\\/\"},\"author\":{\"name\":\"Equipo de IMECAF\",\"@id\":\"https:\\\/\\\/imecaf.com\\\/blog\\\/#\\\/schema\\\/person\\\/a69b9f3972250aa0b1fdb798f094b4c7\"},\"headline\":\"La gesti\u00f3n del desempe\u00f1o no es s\u00f3lo algo num\u00e9rico\",\"datePublished\":\"2025-07-03T15:54:14+00:00\",\"dateModified\":\"2025-09-04T15:59:37+00:00\",\"mainEntityOfPage\":{\"@id\":\"https:\\\/\\\/imecaf.com\\\/blog\\\/2025\\\/07\\\/03\\\/la-gestion-del-desempeno-no-es-solo-algo-numerico\\\/\"},\"wordCount\":69,\"commentCount\":0,\"publisher\":{\"@id\":\"https:\\\/\\\/imecaf.com\\\/blog\\\/#organization\"},\"keywords\":[\"administracion\",\"blog IMECAF\",\"ciencia social\",\"contexto\",\"cuantificar\",\"desarrollar\",\"desempe\u00f1o\",\"dise\u00f1ar\",\"frase celebre\",\"gestion\",\"producto\",\"steve sinofsky\"],\"articleSection\":[\"Administraci\u00f3n\",\"Frases C\u00e9lebres\"],\"inLanguage\":\"es\",\"potentialAction\":[{\"@type\":\"CommentAction\",\"name\":\"Comment\",\"target\":[\"https:\\\/\\\/imecaf.com\\\/blog\\\/2025\\\/07\\\/03\\\/la-gestion-del-desempeno-no-es-solo-algo-numerico\\\/#respond\"]}]},{\"@type\":\"WebPage\",\"@id\":\"https:\\\/\\\/imecaf.com\\\/blog\\\/2025\\\/07\\\/03\\\/la-gestion-del-desempeno-no-es-solo-algo-numerico\\\/\",\"url\":\"https:\\\/\\\/imecaf.com\\\/blog\\\/2025\\\/07\\\/03\\\/la-gestion-del-desempeno-no-es-solo-algo-numerico\\\/\",\"name\":\"La gesti\u00f3n del desempe\u00f1o no es s\u00f3lo algo num\u00e9rico - IMECAF - Blog\",\"isPartOf\":{\"@id\":\"https:\\\/\\\/imecaf.com\\\/blog\\\/#website\"},\"datePublished\":\"2025-07-03T15:54:14+00:00\",\"dateModified\":\"2025-09-04T15:59:37+00:00\",\"breadcrumb\":{\"@id\":\"https:\\\/\\\/imecaf.com\\\/blog\\\/2025\\\/07\\\/03\\\/la-gestion-del-desempeno-no-es-solo-algo-numerico\\\/#breadcrumb\"},\"inLanguage\":\"es\",\"potentialAction\":[{\"@type\":\"ReadAction\",\"target\":[\"https:\\\/\\\/imecaf.com\\\/blog\\\/2025\\\/07\\\/03\\\/la-gestion-del-desempeno-no-es-solo-algo-numerico\\\/\"]}]},{\"@type\":\"BreadcrumbList\",\"@id\":\"https:\\\/\\\/imecaf.com\\\/blog\\\/2025\\\/07\\\/03\\\/la-gestion-del-desempeno-no-es-solo-algo-numerico\\\/#breadcrumb\",\"itemListElement\":[{\"@type\":\"ListItem\",\"position\":1,\"name\":\"Portada\",\"item\":\"https:\\\/\\\/imecaf.com\\\/blog\\\/\"},{\"@type\":\"ListItem\",\"position\":2,\"name\":\"La gesti\u00f3n del desempe\u00f1o no es s\u00f3lo algo num\u00e9rico\"}]},{\"@type\":\"WebSite\",\"@id\":\"https:\\\/\\\/imecaf.com\\\/blog\\\/#website\",\"url\":\"https:\\\/\\\/imecaf.com\\\/blog\\\/\",\"name\":\"IMECAF\",\"description\":\"Un lugar para expresar y compartir inquietudes dentro del mundo de la educaci\u00f3n.\",\"publisher\":{\"@id\":\"https:\\\/\\\/imecaf.com\\\/blog\\\/#organization\"},\"potentialAction\":[{\"@type\":\"SearchAction\",\"target\":{\"@type\":\"EntryPoint\",\"urlTemplate\":\"https:\\\/\\\/imecaf.com\\\/blog\\\/?s={search_term_string}\"},\"query-input\":{\"@type\":\"PropertyValueSpecification\",\"valueRequired\":true,\"valueName\":\"search_term_string\"}}],\"inLanguage\":\"es\"},{\"@type\":\"Organization\",\"@id\":\"https:\\\/\\\/imecaf.com\\\/blog\\\/#organization\",\"name\":\"IMECAF - Instituto Mexicano de Contabilidad, Administraci\u00f3n y Finanzas\",\"url\":\"https:\\\/\\\/imecaf.com\\\/blog\\\/\",\"logo\":{\"@type\":\"ImageObject\",\"inLanguage\":\"es\",\"@id\":\"https:\\\/\\\/imecaf.com\\\/blog\\\/#\\\/schema\\\/logo\\\/image\\\/\",\"url\":\"https:\\\/\\\/imecaf.com\\\/blog\\\/wp-content\\\/uploads\\\/IMECAF.Logo_.25.png\",\"contentUrl\":\"https:\\\/\\\/imecaf.com\\\/blog\\\/wp-content\\\/uploads\\\/IMECAF.Logo_.25.png\",\"width\":350,\"height\":350,\"caption\":\"IMECAF - Instituto Mexicano de Contabilidad, Administraci\u00f3n y Finanzas\"},\"image\":{\"@id\":\"https:\\\/\\\/imecaf.com\\\/blog\\\/#\\\/schema\\\/logo\\\/image\\\/\"},\"sameAs\":[\"https:\\\/\\\/www.facebook.com\\\/IMECAF\",\"https:\\\/\\\/x.com\\\/imecaf\",\"https:\\\/\\\/www.linkedin.com\\\/company\\\/imecaf\\\/\",\"https:\\\/\\\/www.youtube.com\\\/imecaf\",\"https:\\\/\\\/www.instagram.com\\\/imecaf_mx\\\/\",\"https:\\\/\\\/imecaf.negocio.site\\\/\"]},{\"@type\":\"Person\",\"@id\":\"https:\\\/\\\/imecaf.com\\\/blog\\\/#\\\/schema\\\/person\\\/a69b9f3972250aa0b1fdb798f094b4c7\",\"name\":\"Equipo de IMECAF\",\"image\":{\"@type\":\"ImageObject\",\"inLanguage\":\"es\",\"@id\":\"https:\\\/\\\/secure.gravatar.com\\\/avatar\\\/4b4242953c12937bd47e298d7922b4d01ffafe2955ce4235d318b8950782aa13?s=96&d=mm&r=g\",\"url\":\"https:\\\/\\\/secure.gravatar.com\\\/avatar\\\/4b4242953c12937bd47e298d7922b4d01ffafe2955ce4235d318b8950782aa13?s=96&d=mm&r=g\",\"contentUrl\":\"https:\\\/\\\/secure.gravatar.com\\\/avatar\\\/4b4242953c12937bd47e298d7922b4d01ffafe2955ce4235d318b8950782aa13?s=96&d=mm&r=g\",\"caption\":\"Equipo de IMECAF\"},\"url\":\"https:\\\/\\\/imecaf.com\\\/blog\\\/author\\\/mfonticoba\\\/\"}]}<\/script>\n<!-- \/ Yoast SEO plugin. -->","yoast_head_json":{"title":"La gesti\u00f3n del desempe\u00f1o no es s\u00f3lo algo num\u00e9rico - IMECAF - Blog","robots":{"index":"index","follow":"follow","max-snippet":"max-snippet:-1","max-image-preview":"max-image-preview:large","max-video-preview":"max-video-preview:-1"},"canonical":"https:\/\/imecaf.com\/blog\/2025\/07\/03\/la-gestion-del-desempeno-no-es-solo-algo-numerico\/","og_locale":"es_ES","og_type":"article","og_title":"La gesti\u00f3n del desempe\u00f1o no es s\u00f3lo algo num\u00e9rico - IMECAF - Blog","og_description":"\u00abPor mucho que consideremos a la gesti\u00f3n del desempe\u00f1o como algo num\u00e9rico y, por lo tanto, perfectamente cuantificable, es en la misma medida un producto del contexto y de las ciencias sociales, al igual que los productos que dise\u00f1amos y desarrollamos.\u00bb Steven Jay Sinofsky (1965- )\u00a0Empresario, inversor e ingeniero de software estadounidense.","og_url":"https:\/\/imecaf.com\/blog\/2025\/07\/03\/la-gestion-del-desempeno-no-es-solo-algo-numerico\/","og_site_name":"IMECAF - Blog","article_publisher":"https:\/\/www.facebook.com\/IMECAF","article_published_time":"2025-07-03T15:54:14+00:00","article_modified_time":"2025-09-04T15:59:37+00:00","author":"Equipo de IMECAF","twitter_card":"summary_large_image","twitter_creator":"@imecaf","twitter_site":"@imecaf","twitter_misc":{"Escrito por":"Equipo de IMECAF","Tiempo de lectura":"1 minuto"},"schema":{"@context":"https:\/\/schema.org","@graph":[{"@type":"Article","@id":"https:\/\/imecaf.com\/blog\/2025\/07\/03\/la-gestion-del-desempeno-no-es-solo-algo-numerico\/#article","isPartOf":{"@id":"https:\/\/imecaf.com\/blog\/2025\/07\/03\/la-gestion-del-desempeno-no-es-solo-algo-numerico\/"},"author":{"name":"Equipo de IMECAF","@id":"https:\/\/imecaf.com\/blog\/#\/schema\/person\/a69b9f3972250aa0b1fdb798f094b4c7"},"headline":"La gesti\u00f3n del desempe\u00f1o no es s\u00f3lo algo num\u00e9rico","datePublished":"2025-07-03T15:54:14+00:00","dateModified":"2025-09-04T15:59:37+00:00","mainEntityOfPage":{"@id":"https:\/\/imecaf.com\/blog\/2025\/07\/03\/la-gestion-del-desempeno-no-es-solo-algo-numerico\/"},"wordCount":69,"commentCount":0,"publisher":{"@id":"https:\/\/imecaf.com\/blog\/#organization"},"keywords":["administracion","blog IMECAF","ciencia social","contexto","cuantificar","desarrollar","desempe\u00f1o","dise\u00f1ar","frase celebre","gestion","producto","steve sinofsky"],"articleSection":["Administraci\u00f3n","Frases C\u00e9lebres"],"inLanguage":"es","potentialAction":[{"@type":"CommentAction","name":"Comment","target":["https:\/\/imecaf.com\/blog\/2025\/07\/03\/la-gestion-del-desempeno-no-es-solo-algo-numerico\/#respond"]}]},{"@type":"WebPage","@id":"https:\/\/imecaf.com\/blog\/2025\/07\/03\/la-gestion-del-desempeno-no-es-solo-algo-numerico\/","url":"https:\/\/imecaf.com\/blog\/2025\/07\/03\/la-gestion-del-desempeno-no-es-solo-algo-numerico\/","name":"La gesti\u00f3n del desempe\u00f1o no es s\u00f3lo algo num\u00e9rico - IMECAF - Blog","isPartOf":{"@id":"https:\/\/imecaf.com\/blog\/#website"},"datePublished":"2025-07-03T15:54:14+00:00","dateModified":"2025-09-04T15:59:37+00:00","breadcrumb":{"@id":"https:\/\/imecaf.com\/blog\/2025\/07\/03\/la-gestion-del-desempeno-no-es-solo-algo-numerico\/#breadcrumb"},"inLanguage":"es","potentialAction":[{"@type":"ReadAction","target":["https:\/\/imecaf.com\/blog\/2025\/07\/03\/la-gestion-del-desempeno-no-es-solo-algo-numerico\/"]}]},{"@type":"BreadcrumbList","@id":"https:\/\/imecaf.com\/blog\/2025\/07\/03\/la-gestion-del-desempeno-no-es-solo-algo-numerico\/#breadcrumb","itemListElement":[{"@type":"ListItem","position":1,"name":"Portada","item":"https:\/\/imecaf.com\/blog\/"},{"@type":"ListItem","position":2,"name":"La gesti\u00f3n del desempe\u00f1o no es s\u00f3lo algo num\u00e9rico"}]},{"@type":"WebSite","@id":"https:\/\/imecaf.com\/blog\/#website","url":"https:\/\/imecaf.com\/blog\/","name":"IMECAF","description":"Un lugar para expresar y compartir inquietudes dentro del mundo de la educaci\u00f3n.","publisher":{"@id":"https:\/\/imecaf.com\/blog\/#organization"},"potentialAction":[{"@type":"SearchAction","target":{"@type":"EntryPoint","urlTemplate":"https:\/\/imecaf.com\/blog\/?s={search_term_string}"},"query-input":{"@type":"PropertyValueSpecification","valueRequired":true,"valueName":"search_term_string"}}],"inLanguage":"es"},{"@type":"Organization","@id":"https:\/\/imecaf.com\/blog\/#organization","name":"IMECAF - Instituto Mexicano de Contabilidad, Administraci\u00f3n y Finanzas","url":"https:\/\/imecaf.com\/blog\/","logo":{"@type":"ImageObject","inLanguage":"es","@id":"https:\/\/imecaf.com\/blog\/#\/schema\/logo\/image\/","url":"https:\/\/imecaf.com\/blog\/wp-content\/uploads\/IMECAF.Logo_.25.png","contentUrl":"https:\/\/imecaf.com\/blog\/wp-content\/uploads\/IMECAF.Logo_.25.png","width":350,"height":350,"caption":"IMECAF - Instituto Mexicano de Contabilidad, Administraci\u00f3n y Finanzas"},"image":{"@id":"https:\/\/imecaf.com\/blog\/#\/schema\/logo\/image\/"},"sameAs":["https:\/\/www.facebook.com\/IMECAF","https:\/\/x.com\/imecaf","https:\/\/www.linkedin.com\/company\/imecaf\/","https:\/\/www.youtube.com\/imecaf","https:\/\/www.instagram.com\/imecaf_mx\/","https:\/\/imecaf.negocio.site\/"]},{"@type":"Person","@id":"https:\/\/imecaf.com\/blog\/#\/schema\/person\/a69b9f3972250aa0b1fdb798f094b4c7","name":"Equipo de IMECAF","image":{"@type":"ImageObject","inLanguage":"es","@id":"https:\/\/secure.gravatar.com\/avatar\/4b4242953c12937bd47e298d7922b4d01ffafe2955ce4235d318b8950782aa13?s=96&d=mm&r=g","url":"https:\/\/secure.gravatar.com\/avatar\/4b4242953c12937bd47e298d7922b4d01ffafe2955ce4235d318b8950782aa13?s=96&d=mm&r=g","contentUrl":"https:\/\/secure.gravatar.com\/avatar\/4b4242953c12937bd47e298d7922b4d01ffafe2955ce4235d318b8950782aa13?s=96&d=mm&r=g","caption":"Equipo de IMECAF"},"url":"https:\/\/imecaf.com\/blog\/author\/mfonticoba\/"}]}},"_links":{"self":[{"href":"https:\/\/imecaf.com\/blog\/wp-json\/wp\/v2\/posts\/18129","targetHints":{"allow":["GET"]}}],"collection":[{"href":"https:\/\/imecaf.com\/blog\/wp-json\/wp\/v2\/posts"}],"about":[{"href":"https:\/\/imecaf.com\/blog\/wp-json\/wp\/v2\/types\/post"}],"author":[{"embeddable":true,"href":"https:\/\/imecaf.com\/blog\/wp-json\/wp\/v2\/users\/2"}],"replies":[{"embeddable":true,"href":"https:\/\/imecaf.com\/blog\/wp-json\/wp\/v2\/comments?post=18129"}],"version-history":[{"count":2,"href":"https:\/\/imecaf.com\/blog\/wp-json\/wp\/v2\/posts\/18129\/revisions"}],"predecessor-version":[{"id":18679,"href":"https:\/\/imecaf.com\/blog\/wp-json\/wp\/v2\/posts\/18129\/revisions\/18679"}],"wp:attachment":[{"href":"https:\/\/imecaf.com\/blog\/wp-json\/wp\/v2\/media?parent=18129"}],"wp:term":[{"taxonomy":"category","embeddable":true,"href":"https:\/\/imecaf.com\/blog\/wp-json\/wp\/v2\/categories?post=18129"},{"taxonomy":"post_tag","embeddable":true,"href":"https:\/\/imecaf.com\/blog\/wp-json\/wp\/v2\/tags?post=18129"}],"curies":[{"name":"wp","href":"https:\/\/api.w.org\/{rel}","templated":true}]}}