{"id":18336,"date":"2025-07-28T10:38:29","date_gmt":"2025-07-28T16:38:29","guid":{"rendered":"http:\/\/imecaf.com\/blog\/?p=18336"},"modified":"2025-07-28T10:38:30","modified_gmt":"2025-07-28T16:38:30","slug":"los-deficits-comerciales-son-aceptables-en-ciertas-circunstancias","status":"publish","type":"post","link":"https:\/\/imecaf.com\/blog\/2025\/07\/28\/los-deficits-comerciales-son-aceptables-en-ciertas-circunstancias\/","title":{"rendered":"Los d\u00e9ficits comerciales son aceptables en ciertas circunstancias"},"content":{"rendered":"<span class=\"span-reading-time rt-reading-time\" style=\"display: block;\"><span class=\"rt-label rt-prefix\">Tiempo de lectura:<\/span> <span class=\"rt-time\"> &lt; 1<\/span> <span class=\"rt-label rt-postfix\">minuto<\/span><\/span>\n<p>\u00abLos d\u00e9ficits comerciales son aceptables en ciertas circunstancias. 1. Un pa\u00eds emergente importa los bienes de capital necesarios para mejorar su productividad. 2. Un pa\u00eds desarrollado, con un super\u00e1vit en cuenta corriente, utiliza parte de sus ingresos por inversi\u00f3n para financiar la compra de bienes de consumo adicionales en el extranjero.\u00bb<\/p>\n\n\n\n<p>Peter David Schiff \u200b(1963- ) Comentarista econ\u00f3mico, escritor y corredor de bolsa estadounidense.<\/p>\n","protected":false},"excerpt":{"rendered":"<p>\u00abLos d\u00e9ficits comerciales son aceptables en ciertas circunstancias. 1. Un pa\u00eds emergente importa los bienes de capital necesarios para mejorar su productividad. 2. Un pa\u00eds desarrollado, con un super\u00e1vit en cuenta corriente, utiliza parte de sus ingresos por inversi\u00f3n para financiar la compra de bienes de consumo adicionales en el extranjero.\u00bb Peter David Schiff \u200b(1963- &#8230; <a title=\"Los d\u00e9ficits comerciales son aceptables en ciertas circunstancias\" class=\"read-more\" href=\"https:\/\/imecaf.com\/blog\/2025\/07\/28\/los-deficits-comerciales-son-aceptables-en-ciertas-circunstancias\/\">Leer m\u00e1s <span class=\"screen-reader-text\">Los d\u00e9ficits comerciales son aceptables en ciertas circunstancias<\/span><\/a><\/p>\n","protected":false},"author":2,"featured_media":0,"comment_status":"open","ping_status":"closed","sticky":false,"template":"","format":"standard","meta":{"footnotes":""},"categories":[8,606],"tags":[4381,19,3360,6765,6461,10919,7242,11707,8831,2244,78,8868,6502,3596,11708,2681,10437],"class_list":["post-18336","post","type-post","status-publish","format-standard","hentry","category-finanzas","category-frases-celebres-finanzas","tag-aceptar","tag-blog-imecaf","tag-capital","tag-comercial","tag-consumo","tag-cuenta-corriente","tag-deficit","tag-desarrollado","tag-emergente","tag-extranjero","tag-finanzas-2","tag-frase-celebre-2","tag-importar","tag-pais","tag-peter-schiff","tag-productividad","tag-superavit"],"yoast_head":"<!-- This site is optimized with the Yoast SEO plugin v27.4 - https:\/\/yoast.com\/product\/yoast-seo-wordpress\/ -->\n<title>Los d\u00e9ficits comerciales son aceptables en ciertas circunstancias - IMECAF - Blog<\/title>\n<meta name=\"robots\" content=\"index, follow, max-snippet:-1, max-image-preview:large, max-video-preview:-1\" \/>\n<link rel=\"canonical\" href=\"https:\/\/imecaf.com\/blog\/2025\/07\/28\/los-deficits-comerciales-son-aceptables-en-ciertas-circunstancias\/\" \/>\n<meta property=\"og:locale\" content=\"es_ES\" \/>\n<meta property=\"og:type\" content=\"article\" \/>\n<meta property=\"og:title\" content=\"Los d\u00e9ficits comerciales son aceptables en ciertas circunstancias - IMECAF - Blog\" \/>\n<meta property=\"og:description\" content=\"\u00abLos d\u00e9ficits comerciales son aceptables en ciertas circunstancias. 1. Un pa\u00eds emergente importa los bienes de capital necesarios para mejorar su productividad. 2. Un pa\u00eds desarrollado, con un super\u00e1vit en cuenta corriente, utiliza parte de sus ingresos por inversi\u00f3n para financiar la compra de bienes de consumo adicionales en el extranjero.\u00bb Peter David Schiff \u200b(1963- ... Leer m\u00e1s Los d\u00e9ficits comerciales son aceptables en ciertas circunstancias\" \/>\n<meta property=\"og:url\" content=\"https:\/\/imecaf.com\/blog\/2025\/07\/28\/los-deficits-comerciales-son-aceptables-en-ciertas-circunstancias\/\" \/>\n<meta property=\"og:site_name\" content=\"IMECAF - Blog\" \/>\n<meta property=\"article:publisher\" content=\"https:\/\/www.facebook.com\/IMECAF\" \/>\n<meta property=\"article:published_time\" content=\"2025-07-28T16:38:29+00:00\" \/>\n<meta property=\"article:modified_time\" content=\"2025-07-28T16:38:30+00:00\" \/>\n<meta name=\"author\" content=\"Equipo de IMECAF\" \/>\n<meta name=\"twitter:card\" content=\"summary_large_image\" \/>\n<meta name=\"twitter:creator\" content=\"@imecaf\" \/>\n<meta name=\"twitter:site\" content=\"@imecaf\" \/>\n<meta name=\"twitter:label1\" content=\"Escrito por\" \/>\n\t<meta name=\"twitter:data1\" content=\"Equipo de IMECAF\" \/>\n\t<meta name=\"twitter:label2\" content=\"Tiempo de lectura\" \/>\n\t<meta name=\"twitter:data2\" content=\"1 minuto\" \/>\n<script type=\"application\/ld+json\" class=\"yoast-schema-graph\">{\"@context\":\"https:\\\/\\\/schema.org\",\"@graph\":[{\"@type\":\"Article\",\"@id\":\"https:\\\/\\\/imecaf.com\\\/blog\\\/2025\\\/07\\\/28\\\/los-deficits-comerciales-son-aceptables-en-ciertas-circunstancias\\\/#article\",\"isPartOf\":{\"@id\":\"https:\\\/\\\/imecaf.com\\\/blog\\\/2025\\\/07\\\/28\\\/los-deficits-comerciales-son-aceptables-en-ciertas-circunstancias\\\/\"},\"author\":{\"name\":\"Equipo de IMECAF\",\"@id\":\"https:\\\/\\\/imecaf.com\\\/blog\\\/#\\\/schema\\\/person\\\/a69b9f3972250aa0b1fdb798f094b4c7\"},\"headline\":\"Los d\u00e9ficits comerciales son aceptables en ciertas circunstancias\",\"datePublished\":\"2025-07-28T16:38:29+00:00\",\"dateModified\":\"2025-07-28T16:38:30+00:00\",\"mainEntityOfPage\":{\"@id\":\"https:\\\/\\\/imecaf.com\\\/blog\\\/2025\\\/07\\\/28\\\/los-deficits-comerciales-son-aceptables-en-ciertas-circunstancias\\\/\"},\"wordCount\":76,\"commentCount\":0,\"publisher\":{\"@id\":\"https:\\\/\\\/imecaf.com\\\/blog\\\/#organization\"},\"keywords\":[\"aceptar\",\"blog IMECAF\",\"capital\",\"comercial\",\"consumo\",\"cuenta corriente\",\"deficit\",\"desarrollado\",\"emergente\",\"extranjero\",\"finanzas\",\"frase celebre\",\"importar\",\"pais\",\"peter schiff\",\"productividad\",\"superavit\"],\"articleSection\":[\"Finanzas\",\"Frases C\u00e9lebres\"],\"inLanguage\":\"es\",\"potentialAction\":[{\"@type\":\"CommentAction\",\"name\":\"Comment\",\"target\":[\"https:\\\/\\\/imecaf.com\\\/blog\\\/2025\\\/07\\\/28\\\/los-deficits-comerciales-son-aceptables-en-ciertas-circunstancias\\\/#respond\"]}]},{\"@type\":\"WebPage\",\"@id\":\"https:\\\/\\\/imecaf.com\\\/blog\\\/2025\\\/07\\\/28\\\/los-deficits-comerciales-son-aceptables-en-ciertas-circunstancias\\\/\",\"url\":\"https:\\\/\\\/imecaf.com\\\/blog\\\/2025\\\/07\\\/28\\\/los-deficits-comerciales-son-aceptables-en-ciertas-circunstancias\\\/\",\"name\":\"Los d\u00e9ficits comerciales son aceptables en ciertas circunstancias - IMECAF - Blog\",\"isPartOf\":{\"@id\":\"https:\\\/\\\/imecaf.com\\\/blog\\\/#website\"},\"datePublished\":\"2025-07-28T16:38:29+00:00\",\"dateModified\":\"2025-07-28T16:38:30+00:00\",\"breadcrumb\":{\"@id\":\"https:\\\/\\\/imecaf.com\\\/blog\\\/2025\\\/07\\\/28\\\/los-deficits-comerciales-son-aceptables-en-ciertas-circunstancias\\\/#breadcrumb\"},\"inLanguage\":\"es\",\"potentialAction\":[{\"@type\":\"ReadAction\",\"target\":[\"https:\\\/\\\/imecaf.com\\\/blog\\\/2025\\\/07\\\/28\\\/los-deficits-comerciales-son-aceptables-en-ciertas-circunstancias\\\/\"]}]},{\"@type\":\"BreadcrumbList\",\"@id\":\"https:\\\/\\\/imecaf.com\\\/blog\\\/2025\\\/07\\\/28\\\/los-deficits-comerciales-son-aceptables-en-ciertas-circunstancias\\\/#breadcrumb\",\"itemListElement\":[{\"@type\":\"ListItem\",\"position\":1,\"name\":\"Portada\",\"item\":\"https:\\\/\\\/imecaf.com\\\/blog\\\/\"},{\"@type\":\"ListItem\",\"position\":2,\"name\":\"Los d\u00e9ficits comerciales son aceptables en ciertas circunstancias\"}]},{\"@type\":\"WebSite\",\"@id\":\"https:\\\/\\\/imecaf.com\\\/blog\\\/#website\",\"url\":\"https:\\\/\\\/imecaf.com\\\/blog\\\/\",\"name\":\"IMECAF\",\"description\":\"Un lugar para expresar y compartir inquietudes dentro del mundo de la educaci\u00f3n.\",\"publisher\":{\"@id\":\"https:\\\/\\\/imecaf.com\\\/blog\\\/#organization\"},\"potentialAction\":[{\"@type\":\"SearchAction\",\"target\":{\"@type\":\"EntryPoint\",\"urlTemplate\":\"https:\\\/\\\/imecaf.com\\\/blog\\\/?s={search_term_string}\"},\"query-input\":{\"@type\":\"PropertyValueSpecification\",\"valueRequired\":true,\"valueName\":\"search_term_string\"}}],\"inLanguage\":\"es\"},{\"@type\":\"Organization\",\"@id\":\"https:\\\/\\\/imecaf.com\\\/blog\\\/#organization\",\"name\":\"IMECAF - Instituto Mexicano de Contabilidad, Administraci\u00f3n y Finanzas\",\"url\":\"https:\\\/\\\/imecaf.com\\\/blog\\\/\",\"logo\":{\"@type\":\"ImageObject\",\"inLanguage\":\"es\",\"@id\":\"https:\\\/\\\/imecaf.com\\\/blog\\\/#\\\/schema\\\/logo\\\/image\\\/\",\"url\":\"https:\\\/\\\/imecaf.com\\\/blog\\\/wp-content\\\/uploads\\\/IMECAF.Logo_.25.png\",\"contentUrl\":\"https:\\\/\\\/imecaf.com\\\/blog\\\/wp-content\\\/uploads\\\/IMECAF.Logo_.25.png\",\"width\":350,\"height\":350,\"caption\":\"IMECAF - Instituto Mexicano de Contabilidad, Administraci\u00f3n y Finanzas\"},\"image\":{\"@id\":\"https:\\\/\\\/imecaf.com\\\/blog\\\/#\\\/schema\\\/logo\\\/image\\\/\"},\"sameAs\":[\"https:\\\/\\\/www.facebook.com\\\/IMECAF\",\"https:\\\/\\\/x.com\\\/imecaf\",\"https:\\\/\\\/www.linkedin.com\\\/company\\\/imecaf\\\/\",\"https:\\\/\\\/www.youtube.com\\\/imecaf\",\"https:\\\/\\\/www.instagram.com\\\/imecaf_mx\\\/\",\"https:\\\/\\\/imecaf.negocio.site\\\/\"]},{\"@type\":\"Person\",\"@id\":\"https:\\\/\\\/imecaf.com\\\/blog\\\/#\\\/schema\\\/person\\\/a69b9f3972250aa0b1fdb798f094b4c7\",\"name\":\"Equipo de IMECAF\",\"image\":{\"@type\":\"ImageObject\",\"inLanguage\":\"es\",\"@id\":\"https:\\\/\\\/secure.gravatar.com\\\/avatar\\\/4b4242953c12937bd47e298d7922b4d01ffafe2955ce4235d318b8950782aa13?s=96&d=mm&r=g\",\"url\":\"https:\\\/\\\/secure.gravatar.com\\\/avatar\\\/4b4242953c12937bd47e298d7922b4d01ffafe2955ce4235d318b8950782aa13?s=96&d=mm&r=g\",\"contentUrl\":\"https:\\\/\\\/secure.gravatar.com\\\/avatar\\\/4b4242953c12937bd47e298d7922b4d01ffafe2955ce4235d318b8950782aa13?s=96&d=mm&r=g\",\"caption\":\"Equipo de IMECAF\"},\"url\":\"https:\\\/\\\/imecaf.com\\\/blog\\\/author\\\/mfonticoba\\\/\"}]}<\/script>\n<!-- \/ Yoast SEO plugin. -->","yoast_head_json":{"title":"Los d\u00e9ficits comerciales son aceptables en ciertas circunstancias - IMECAF - Blog","robots":{"index":"index","follow":"follow","max-snippet":"max-snippet:-1","max-image-preview":"max-image-preview:large","max-video-preview":"max-video-preview:-1"},"canonical":"https:\/\/imecaf.com\/blog\/2025\/07\/28\/los-deficits-comerciales-son-aceptables-en-ciertas-circunstancias\/","og_locale":"es_ES","og_type":"article","og_title":"Los d\u00e9ficits comerciales son aceptables en ciertas circunstancias - IMECAF - Blog","og_description":"\u00abLos d\u00e9ficits comerciales son aceptables en ciertas circunstancias. 1. Un pa\u00eds emergente importa los bienes de capital necesarios para mejorar su productividad. 2. Un pa\u00eds desarrollado, con un super\u00e1vit en cuenta corriente, utiliza parte de sus ingresos por inversi\u00f3n para financiar la compra de bienes de consumo adicionales en el extranjero.\u00bb Peter David Schiff \u200b(1963- ... Leer m\u00e1s Los d\u00e9ficits comerciales son aceptables en ciertas circunstancias","og_url":"https:\/\/imecaf.com\/blog\/2025\/07\/28\/los-deficits-comerciales-son-aceptables-en-ciertas-circunstancias\/","og_site_name":"IMECAF - Blog","article_publisher":"https:\/\/www.facebook.com\/IMECAF","article_published_time":"2025-07-28T16:38:29+00:00","article_modified_time":"2025-07-28T16:38:30+00:00","author":"Equipo de IMECAF","twitter_card":"summary_large_image","twitter_creator":"@imecaf","twitter_site":"@imecaf","twitter_misc":{"Escrito por":"Equipo de IMECAF","Tiempo de lectura":"1 minuto"},"schema":{"@context":"https:\/\/schema.org","@graph":[{"@type":"Article","@id":"https:\/\/imecaf.com\/blog\/2025\/07\/28\/los-deficits-comerciales-son-aceptables-en-ciertas-circunstancias\/#article","isPartOf":{"@id":"https:\/\/imecaf.com\/blog\/2025\/07\/28\/los-deficits-comerciales-son-aceptables-en-ciertas-circunstancias\/"},"author":{"name":"Equipo de IMECAF","@id":"https:\/\/imecaf.com\/blog\/#\/schema\/person\/a69b9f3972250aa0b1fdb798f094b4c7"},"headline":"Los d\u00e9ficits comerciales son aceptables en ciertas circunstancias","datePublished":"2025-07-28T16:38:29+00:00","dateModified":"2025-07-28T16:38:30+00:00","mainEntityOfPage":{"@id":"https:\/\/imecaf.com\/blog\/2025\/07\/28\/los-deficits-comerciales-son-aceptables-en-ciertas-circunstancias\/"},"wordCount":76,"commentCount":0,"publisher":{"@id":"https:\/\/imecaf.com\/blog\/#organization"},"keywords":["aceptar","blog IMECAF","capital","comercial","consumo","cuenta corriente","deficit","desarrollado","emergente","extranjero","finanzas","frase celebre","importar","pais","peter schiff","productividad","superavit"],"articleSection":["Finanzas","Frases C\u00e9lebres"],"inLanguage":"es","potentialAction":[{"@type":"CommentAction","name":"Comment","target":["https:\/\/imecaf.com\/blog\/2025\/07\/28\/los-deficits-comerciales-son-aceptables-en-ciertas-circunstancias\/#respond"]}]},{"@type":"WebPage","@id":"https:\/\/imecaf.com\/blog\/2025\/07\/28\/los-deficits-comerciales-son-aceptables-en-ciertas-circunstancias\/","url":"https:\/\/imecaf.com\/blog\/2025\/07\/28\/los-deficits-comerciales-son-aceptables-en-ciertas-circunstancias\/","name":"Los d\u00e9ficits comerciales son aceptables en ciertas circunstancias - IMECAF - Blog","isPartOf":{"@id":"https:\/\/imecaf.com\/blog\/#website"},"datePublished":"2025-07-28T16:38:29+00:00","dateModified":"2025-07-28T16:38:30+00:00","breadcrumb":{"@id":"https:\/\/imecaf.com\/blog\/2025\/07\/28\/los-deficits-comerciales-son-aceptables-en-ciertas-circunstancias\/#breadcrumb"},"inLanguage":"es","potentialAction":[{"@type":"ReadAction","target":["https:\/\/imecaf.com\/blog\/2025\/07\/28\/los-deficits-comerciales-son-aceptables-en-ciertas-circunstancias\/"]}]},{"@type":"BreadcrumbList","@id":"https:\/\/imecaf.com\/blog\/2025\/07\/28\/los-deficits-comerciales-son-aceptables-en-ciertas-circunstancias\/#breadcrumb","itemListElement":[{"@type":"ListItem","position":1,"name":"Portada","item":"https:\/\/imecaf.com\/blog\/"},{"@type":"ListItem","position":2,"name":"Los d\u00e9ficits comerciales son aceptables en ciertas circunstancias"}]},{"@type":"WebSite","@id":"https:\/\/imecaf.com\/blog\/#website","url":"https:\/\/imecaf.com\/blog\/","name":"IMECAF","description":"Un lugar para expresar y compartir inquietudes dentro del mundo de la educaci\u00f3n.","publisher":{"@id":"https:\/\/imecaf.com\/blog\/#organization"},"potentialAction":[{"@type":"SearchAction","target":{"@type":"EntryPoint","urlTemplate":"https:\/\/imecaf.com\/blog\/?s={search_term_string}"},"query-input":{"@type":"PropertyValueSpecification","valueRequired":true,"valueName":"search_term_string"}}],"inLanguage":"es"},{"@type":"Organization","@id":"https:\/\/imecaf.com\/blog\/#organization","name":"IMECAF - Instituto Mexicano de Contabilidad, Administraci\u00f3n y Finanzas","url":"https:\/\/imecaf.com\/blog\/","logo":{"@type":"ImageObject","inLanguage":"es","@id":"https:\/\/imecaf.com\/blog\/#\/schema\/logo\/image\/","url":"https:\/\/imecaf.com\/blog\/wp-content\/uploads\/IMECAF.Logo_.25.png","contentUrl":"https:\/\/imecaf.com\/blog\/wp-content\/uploads\/IMECAF.Logo_.25.png","width":350,"height":350,"caption":"IMECAF - Instituto Mexicano de Contabilidad, Administraci\u00f3n y Finanzas"},"image":{"@id":"https:\/\/imecaf.com\/blog\/#\/schema\/logo\/image\/"},"sameAs":["https:\/\/www.facebook.com\/IMECAF","https:\/\/x.com\/imecaf","https:\/\/www.linkedin.com\/company\/imecaf\/","https:\/\/www.youtube.com\/imecaf","https:\/\/www.instagram.com\/imecaf_mx\/","https:\/\/imecaf.negocio.site\/"]},{"@type":"Person","@id":"https:\/\/imecaf.com\/blog\/#\/schema\/person\/a69b9f3972250aa0b1fdb798f094b4c7","name":"Equipo de IMECAF","image":{"@type":"ImageObject","inLanguage":"es","@id":"https:\/\/secure.gravatar.com\/avatar\/4b4242953c12937bd47e298d7922b4d01ffafe2955ce4235d318b8950782aa13?s=96&d=mm&r=g","url":"https:\/\/secure.gravatar.com\/avatar\/4b4242953c12937bd47e298d7922b4d01ffafe2955ce4235d318b8950782aa13?s=96&d=mm&r=g","contentUrl":"https:\/\/secure.gravatar.com\/avatar\/4b4242953c12937bd47e298d7922b4d01ffafe2955ce4235d318b8950782aa13?s=96&d=mm&r=g","caption":"Equipo de IMECAF"},"url":"https:\/\/imecaf.com\/blog\/author\/mfonticoba\/"}]}},"_links":{"self":[{"href":"https:\/\/imecaf.com\/blog\/wp-json\/wp\/v2\/posts\/18336","targetHints":{"allow":["GET"]}}],"collection":[{"href":"https:\/\/imecaf.com\/blog\/wp-json\/wp\/v2\/posts"}],"about":[{"href":"https:\/\/imecaf.com\/blog\/wp-json\/wp\/v2\/types\/post"}],"author":[{"embeddable":true,"href":"https:\/\/imecaf.com\/blog\/wp-json\/wp\/v2\/users\/2"}],"replies":[{"embeddable":true,"href":"https:\/\/imecaf.com\/blog\/wp-json\/wp\/v2\/comments?post=18336"}],"version-history":[{"count":1,"href":"https:\/\/imecaf.com\/blog\/wp-json\/wp\/v2\/posts\/18336\/revisions"}],"predecessor-version":[{"id":18337,"href":"https:\/\/imecaf.com\/blog\/wp-json\/wp\/v2\/posts\/18336\/revisions\/18337"}],"wp:attachment":[{"href":"https:\/\/imecaf.com\/blog\/wp-json\/wp\/v2\/media?parent=18336"}],"wp:term":[{"taxonomy":"category","embeddable":true,"href":"https:\/\/imecaf.com\/blog\/wp-json\/wp\/v2\/categories?post=18336"},{"taxonomy":"post_tag","embeddable":true,"href":"https:\/\/imecaf.com\/blog\/wp-json\/wp\/v2\/tags?post=18336"}],"curies":[{"name":"wp","href":"https:\/\/api.w.org\/{rel}","templated":true}]}}