{"id":18340,"date":"2025-08-01T11:56:54","date_gmt":"2025-08-01T17:56:54","guid":{"rendered":"http:\/\/imecaf.com\/blog\/?p=18340"},"modified":"2025-11-13T11:30:00","modified_gmt":"2025-11-13T17:30:00","slug":"percepciones-y-deducciones-de-nomina","status":"publish","type":"post","link":"https:\/\/imecaf.com\/blog\/2025\/08\/01\/percepciones-y-deducciones-de-nomina\/","title":{"rendered":"Percepciones y Deducciones de N\u00f3mina: Todo lo que Debes Saber para una Gesti\u00f3n Eficiente"},"content":{"rendered":"<span class=\"span-reading-time rt-reading-time\" style=\"display: block;\"><span class=\"rt-label rt-prefix\">Tiempo de lectura:<\/span> <span class=\"rt-time\"> 12<\/span> <span class=\"rt-label rt-postfix\">minutos<\/span><\/span><div class=\"wp-block-image\">\n<figure class=\"aligncenter size-full\"><img loading=\"lazy\" decoding=\"async\" width=\"750\" height=\"450\" src=\"http:\/\/imecaf.com\/blog\/wp-content\/uploads\/Percepciones-y-Deducciones-de-Nomina.jpg\" alt=\"Percepciones y Deducciones de N\u00f3mina\" class=\"wp-image-18341\" srcset=\"https:\/\/imecaf.com\/blog\/wp-content\/uploads\/Percepciones-y-Deducciones-de-Nomina.jpg 750w, https:\/\/imecaf.com\/blog\/wp-content\/uploads\/Percepciones-y-Deducciones-de-Nomina-300x180.jpg 300w\" sizes=\"auto, (max-width: 750px) 100vw, 750px\" \/><\/figure>\n<\/div>\n\n\n<h2 class=\"wp-block-heading\"><strong>Introducci\u00f3n<\/strong><\/h2>\n\n\n\n<p>La <strong>n\u00f3mina<\/strong> es el coraz\u00f3n financiero de cualquier empresa, ya que refleja la relaci\u00f3n laboral entre el empleador y los trabajadores. Dentro de ella, dos conceptos fundamentales determinan el salario final de cada colaborador: <strong>percepciones<\/strong> y <strong>deducciones<\/strong>. Comprender a fondo estos elementos no solo garantiza el cumplimiento de las obligaciones legales y fiscales, sino que tambi\u00e9n genera confianza y transparencia en los empleados.<\/p>\n\n\n\n<p>En este art\u00edculo, exploraremos en detalle qu\u00e9 son las <strong>percepciones y deducciones de n\u00f3mina<\/strong>, c\u00f3mo se calculan, qu\u00e9 beneficios ofrecen y cu\u00e1les son los errores m\u00e1s comunes que las empresas deben evitar. Adem\u00e1s, veremos ejemplos pr\u00e1cticos, tablas comparativas y responderemos a las dudas m\u00e1s frecuentes.<\/p>\n\n\n\n<hr class=\"wp-block-separator has-text-color has-alpha-channel-opacity has-background is-style-wide\" style=\"background-color:#bd5600;color:#bd5600\"\/>\n\n\n\n<h2 class=\"wp-block-heading\"><strong>\u00bfQu\u00e9 son las Percepciones de N\u00f3mina?<\/strong><\/h2>\n\n\n\n<div class=\"wp-block-media-text\" style=\"grid-template-columns:40% auto\"><figure class=\"wp-block-media-text__media\"><img loading=\"lazy\" decoding=\"async\" width=\"450\" height=\"638\" src=\"http:\/\/imecaf.com\/blog\/wp-content\/uploads\/que-son-las-percepciones.jpg\" alt=\"\u00bfQu\u00e9 son las Percepciones y Deducciones de N\u00f3mina?\" class=\"wp-image-18342 size-full\" srcset=\"https:\/\/imecaf.com\/blog\/wp-content\/uploads\/que-son-las-percepciones.jpg 450w, https:\/\/imecaf.com\/blog\/wp-content\/uploads\/que-son-las-percepciones-212x300.jpg 212w\" sizes=\"auto, (max-width: 450px) 100vw, 450px\" \/><\/figure><div class=\"wp-block-media-text__content\">\n<p>Las <strong>percepciones de n\u00f3mina<\/strong> son todos los ingresos que recibe un trabajador como resultado de la relaci\u00f3n laboral con su empleador. No se limitan \u00fanicamente al salario base pactado en el contrato, sino que abarcan <strong>todos los pagos, compensaciones y beneficios que incrementan su sueldo bruto<\/strong>.<\/p>\n\n\n\n<p>En otras palabras, son la <strong>remuneraci\u00f3n total<\/strong> que una empresa otorga a sus colaboradores, tanto en efectivo como en especie, por la prestaci\u00f3n de sus servicios. Estas percepciones pueden ser fijas, variables, en dinero o incluso en bienes y servicios.<br><\/p>\n<\/div><\/div>\n\n\n\n<h3 class=\"wp-block-heading\"><strong>Importancia en la gesti\u00f3n de n\u00f3mina:<\/strong><\/h3>\n\n\n\n<ul class=\"wp-block-list\">\n<li>Determinan el <strong>sueldo bruto<\/strong> del trabajador.<br><\/li>\n\n\n\n<li>Sirven de base para <a href=\"https:\/\/imecaf.com\/34\" target=\"_blank\" rel=\"noreferrer noopener\"><strong><em>calcular impuestos como el ISR<\/em><\/strong><\/a> y aportaciones de seguridad social (IMSS, Infonavit, etc.).<br><\/li>\n\n\n\n<li>Permiten a la empresa cumplir con sus obligaciones fiscales y laborales de manera transparente.<\/li>\n<\/ul>\n\n\n\n<figure class=\"wp-block-embed is-type-video is-provider-youtube wp-block-embed-youtube wp-embed-aspect-9-16 wp-has-aspect-ratio\"><div class=\"wp-block-embed__wrapper\">\n<iframe loading=\"lazy\" title=\"\u00a1No es solo tu sueldo! Descubre qu\u00e9 son realmente las Percepciones de N\u00f3mina\" width=\"563\" height=\"1000\" src=\"https:\/\/www.youtube.com\/embed\/CGCXHIHZQuI?feature=oembed\" frameborder=\"0\" allow=\"accelerometer; autoplay; clipboard-write; encrypted-media; gyroscope; picture-in-picture; web-share\" referrerpolicy=\"strict-origin-when-cross-origin\" allowfullscreen><\/iframe>\n<\/div><\/figure>\n\n\n\n<hr class=\"wp-block-separator has-text-color has-alpha-channel-opacity has-background is-style-wide\" style=\"background-color:#bd5600;color:#bd5600\"\/>\n\n\n\n<h2 class=\"wp-block-heading\"><strong>Tipos de Percepciones de N\u00f3mina<\/strong><\/h2>\n\n\n\n<h4 class=\"wp-block-heading\"><strong>1. Percepciones ordinarias<\/strong><\/h4>\n\n\n\n<div class=\"wp-block-media-text\" style=\"grid-template-columns:25% auto\"><figure class=\"wp-block-media-text__media\"><img loading=\"lazy\" decoding=\"async\" width=\"300\" height=\"300\" src=\"http:\/\/imecaf.com\/blog\/wp-content\/uploads\/percepciones-ordinarias.png\" alt=\"Percepciones de N\u00f3mina Ordinarias\" class=\"wp-image-18343 size-full\" srcset=\"https:\/\/imecaf.com\/blog\/wp-content\/uploads\/percepciones-ordinarias.png 300w, https:\/\/imecaf.com\/blog\/wp-content\/uploads\/percepciones-ordinarias-150x150.png 150w, https:\/\/imecaf.com\/blog\/wp-content\/uploads\/percepciones-ordinarias-120x120.png 120w\" sizes=\"auto, (max-width: 300px) 100vw, 300px\" \/><\/figure><div class=\"wp-block-media-text__content\">\n<p>Son aquellas que el trabajador recibe de forma <strong>regular y fija<\/strong>, generalmente cada quincena o mes, y forman parte del salario establecido en su contrato.<\/p>\n\n\n\n<p><strong>Casos representativos:<\/strong><\/p>\n\n\n\n<ul class=\"wp-block-list\">\n<li>Salario base mensual o quincenal.<\/li>\n\n\n\n<li>Sueldo por hora en caso de esquemas de pago variable.<\/li>\n<\/ul>\n\n\n\n<p><strong>Ejemplo:<\/strong><strong><br><\/strong>Un empleado con sueldo fijo de <strong>$15,000 pesos al mes<\/strong> tiene esa cantidad como <strong>percepci\u00f3n ordinaria<\/strong>, ya que la recibe sin depender de metas, productividad o condiciones especiales.<\/p>\n<\/div><\/div>\n\n\n\n<h4 class=\"wp-block-heading\"><strong>2. Percepciones extraordinarias<\/strong><\/h4>\n\n\n\n<div class=\"wp-block-media-text\" style=\"grid-template-columns:25% auto\"><figure class=\"wp-block-media-text__media\"><img loading=\"lazy\" decoding=\"async\" width=\"300\" height=\"300\" src=\"http:\/\/imecaf.com\/blog\/wp-content\/uploads\/percepciones-extraordinarias.png\" alt=\"Percepciones de N\u00f3mina Extraordinarias\" class=\"wp-image-18344 size-full\" srcset=\"https:\/\/imecaf.com\/blog\/wp-content\/uploads\/percepciones-extraordinarias.png 300w, https:\/\/imecaf.com\/blog\/wp-content\/uploads\/percepciones-extraordinarias-150x150.png 150w, https:\/\/imecaf.com\/blog\/wp-content\/uploads\/percepciones-extraordinarias-120x120.png 120w\" sizes=\"auto, (max-width: 300px) 100vw, 300px\" \/><\/figure><div class=\"wp-block-media-text__content\">\n<p>Son ingresos que <strong>no forman parte del salario fijo<\/strong> y que suelen otorgarse de manera <strong>ocasional, eventual o bajo ciertas condiciones<\/strong> (como rendimiento, temporadas especiales o cumplimiento de metas).<\/p>\n\n\n\n<p><strong>Casos representativos:<\/strong><\/p>\n\n\n\n<ul class=\"wp-block-list\">\n<li>Bonos de productividad.<\/li>\n\n\n\n<li>Comisiones por ventas.<\/li>\n\n\n\n<li>Pago de horas extra.<\/li>\n\n\n\n<li>Aguinaldo.<\/li>\n\n\n\n<li>Reparto de utilidades (PTU).<\/li>\n<\/ul>\n\n\n\n<p><strong>Ejemplo:<\/strong><strong><br><\/strong>Si un vendedor recibe <strong>$5,000 pesos de comisi\u00f3n<\/strong> por ventas durante un mes, esa cantidad se considera <strong>percepci\u00f3n extraordinaria<\/strong>.<\/p>\n<\/div><\/div>\n\n\n\n<h4 class=\"wp-block-heading\"><strong>3. Prestaciones en especie<\/strong><\/h4>\n\n\n\n<div class=\"wp-block-media-text\" style=\"grid-template-columns:25% auto\"><figure class=\"wp-block-media-text__media\"><img loading=\"lazy\" decoding=\"async\" width=\"300\" height=\"300\" src=\"http:\/\/imecaf.com\/blog\/wp-content\/uploads\/Percepciones-en-especia-2.png\" alt=\"Percepciones de N\u00f3mina en Especie\" class=\"wp-image-18347 size-full\" srcset=\"https:\/\/imecaf.com\/blog\/wp-content\/uploads\/Percepciones-en-especia-2.png 300w, https:\/\/imecaf.com\/blog\/wp-content\/uploads\/Percepciones-en-especia-2-150x150.png 150w, https:\/\/imecaf.com\/blog\/wp-content\/uploads\/Percepciones-en-especia-2-120x120.png 120w\" sizes=\"auto, (max-width: 300px) 100vw, 300px\" \/><\/figure><div class=\"wp-block-media-text__content\">\n<p>No se entregan en dinero, pero <strong>tienen un valor econ\u00f3mico<\/strong> y representan un beneficio adicional para el trabajador.<\/p>\n\n\n\n<p><strong>Casos representativos:<\/strong><\/p>\n\n\n\n<ul class=\"wp-block-list\">\n<li>Vales de despensa.<\/li>\n\n\n\n<li>Autom\u00f3vil de la empresa para uso personal y laboral.<\/li>\n\n\n\n<li>Seguro de gastos m\u00e9dicos mayores.<\/li>\n\n\n\n<li>Comedor subsidiado o vales de comida.<\/li>\n<\/ul>\n\n\n\n<p><strong>Ejemplo:<\/strong><strong><br><\/strong>Si la empresa otorga un <strong>seguro de gastos m\u00e9dicos con valor anual de $20,000 pesos<\/strong>, ese beneficio tambi\u00e9n se considera una percepci\u00f3n de n\u00f3mina.<\/p>\n<\/div><\/div>\n\n\n\n<hr class=\"wp-block-separator has-text-color has-alpha-channel-opacity has-background is-style-wide\" style=\"background-color:#bd5600;color:#bd5600\"\/>\n\n\n\n<h2 class=\"wp-block-heading\"><strong>\u00bfPor qu\u00e9 es importante clasificar correctamente las percepciones?<\/strong><\/h2>\n\n\n\n<p>Una correcta clasificaci\u00f3n de percepciones es fundamental para:<\/p>\n\n\n\n<ul class=\"wp-block-list\">\n<li>Cumplir con las obligaciones fiscales y laborales.<\/li>\n\n\n\n<li>Determinar <strong>qu\u00e9 conceptos son gravables o exentos de impuestos.<\/strong><\/li>\n\n\n\n<li>Mantener una <strong>n\u00f3mina transparente y auditada<\/strong>, evitando sanciones del SAT o el IMSS.<\/li>\n<\/ul>\n\n\n\n<p><strong>Por ejemplo:<\/strong><\/p>\n\n\n\n<ul class=\"wp-block-list\">\n<li><strong>Aguinaldo:<\/strong> est\u00e1 exento de ISR hasta 30 veces el valor de la Unidad de Medida y Actualizaci\u00f3n (UMA); el excedente es gravable.<br><\/li>\n\n\n\n<li><strong>Vales de despensa:<\/strong> si se entregan bajo esquema de monedero electr\u00f3nico autorizado, pueden tener beneficios fiscales.<\/li>\n<\/ul>\n\n\n\n<hr class=\"wp-block-separator has-text-color has-alpha-channel-opacity has-background is-style-wide\" style=\"background-color:#bd5600;color:#bd5600\"\/>\n\n\n\n<h2 class=\"wp-block-heading\"><strong>\u00bfQu\u00e9 son las Deducciones de N\u00f3mina?<\/strong><\/h2>\n\n\n\n<div class=\"wp-block-media-text\" style=\"grid-template-columns:40% auto\"><figure class=\"wp-block-media-text__media\"><img loading=\"lazy\" decoding=\"async\" width=\"450\" height=\"638\" src=\"http:\/\/imecaf.com\/blog\/wp-content\/uploads\/Deducciones-de-nomina.jpg\" alt=\"\u00bfQu\u00e9 son las Deducciones de N\u00f3mina?\" class=\"wp-image-18348 size-full\" srcset=\"https:\/\/imecaf.com\/blog\/wp-content\/uploads\/Deducciones-de-nomina.jpg 450w, https:\/\/imecaf.com\/blog\/wp-content\/uploads\/Deducciones-de-nomina-212x300.jpg 212w\" sizes=\"auto, (max-width: 450px) 100vw, 450px\" \/><\/figure><div class=\"wp-block-media-text__content\">\n<p>Las <strong>deducciones de n\u00f3mina<\/strong> son todas las cantidades que se <strong>restan del salario bruto<\/strong> de un trabajador para determinar el <strong>sueldo neto<\/strong> que finalmente recibe.<\/p>\n\n\n\n<p>En otras palabras, son los descuentos que el patr\u00f3n est\u00e1 obligado a realizar o que el trabajador autoriza, de acuerdo con la <a href=\"https:\/\/imecaf.com\/78\" target=\"_blank\" rel=\"noreferrer noopener\"><strong><em>Ley Federal del Trabajo (LFT)<\/em><\/strong><\/a> y otras disposiciones legales.<\/p>\n\n\n\n<p>Las deducciones son esenciales para que la empresa cumpla con sus <strong>obligaciones fiscales y de seguridad social<\/strong>, as\u00ed como para facilitar beneficios o compromisos adquiridos por el trabajador (por ejemplo, pagos de cr\u00e9dito o aportaciones voluntarias).<\/p>\n<\/div><\/div>\n\n\n\n<h3 class=\"wp-block-heading\"><strong>Relevancia de las deducciones de n\u00f3mina:<\/strong><\/h3>\n\n\n\n<ul class=\"wp-block-list\">\n<li>Garantizan el cumplimiento de las leyes fiscales y de seguridad social.<br><\/li>\n\n\n\n<li>Permiten que el trabajador tenga acceso a prestaciones como servicios m\u00e9dicos, vivienda o ahorro.<br><\/li>\n\n\n\n<li>Ayudan a mantener un registro claro y legal de los pagos y descuentos aplicados.<\/li>\n<\/ul>\n\n\n\n<hr class=\"wp-block-separator has-text-color has-alpha-channel-opacity has-background is-style-wide\" style=\"background-color:#bd5600;color:#bd5600\"\/>\n\n\n\n<h2 class=\"wp-block-heading\"><strong>Tipos de Deducciones de N\u00f3mina<\/strong><\/h2>\n\n\n\n<h4 class=\"wp-block-heading\"><strong>1. Deducciones legales u obligatorias<\/strong><\/h4>\n\n\n\n<p>Son aquellas <strong>impuestas por la ley<\/strong> y que el patr\u00f3n est\u00e1 obligado a retener del salario de los trabajadores para <strong>entregarlas a las autoridades o instituciones correspondientes<\/strong>.<\/p>\n\n\n\n<p><strong>Principales ejemplos:<\/strong><\/p>\n\n\n\n<div class=\"wp-block-media-text\" style=\"grid-template-columns:25% auto\"><figure class=\"wp-block-media-text__media\"><img loading=\"lazy\" decoding=\"async\" width=\"300\" height=\"300\" src=\"http:\/\/imecaf.com\/blog\/wp-content\/uploads\/Deducciones-legales.png\" alt=\"Tipos de Deducciones de N\u00f3mina\" class=\"wp-image-18349 size-full\" srcset=\"https:\/\/imecaf.com\/blog\/wp-content\/uploads\/Deducciones-legales.png 300w, https:\/\/imecaf.com\/blog\/wp-content\/uploads\/Deducciones-legales-150x150.png 150w, https:\/\/imecaf.com\/blog\/wp-content\/uploads\/Deducciones-legales-120x120.png 120w\" sizes=\"auto, (max-width: 300px) 100vw, 300px\" \/><\/figure><div class=\"wp-block-media-text__content\">\n<ul class=\"wp-block-list\">\n<li><strong>Impuesto Sobre la Renta (ISR):<\/strong> Es la retenci\u00f3n que el patr\u00f3n hace en nombre del SAT. Se calcula sobre el salario del trabajador y var\u00eda seg\u00fan la tabla del ISR vigente.<br><\/li>\n\n\n\n<li><strong>Aportaciones al Instituto Mexicano del Seguro Social (IMSS):<\/strong> El patr\u00f3n descuenta una parte de la cuota que corresponde al trabajador, con la finalidad de que \u00e9ste tenga acceso a servicios m\u00e9dicos, incapacidades y pensiones.<br><\/li>\n\n\n\n<li><strong>Cuotas al Infonavit:<\/strong> Cuando el trabajador tiene un cr\u00e9dito de vivienda, el patr\u00f3n descuenta mensualmente la cuota correspondiente y la paga al Infonavit.<br><\/li>\n\n\n\n<li><strong>Cr\u00e9ditos Fonacot:<\/strong> Si el trabajador solicit\u00f3 un cr\u00e9dito con esta instituci\u00f3n, los pagos se descuentan directamente de la n\u00f3mina.<\/li>\n<\/ul>\n<\/div><\/div>\n\n\n\n<h4 class=\"wp-block-heading\"><strong>2. Deducciones voluntarias<\/strong><\/h4>\n\n\n\n<p>Son aquellas que <strong>no exige la ley<\/strong>, pero que se aplican con <strong>consentimiento del trabajador<\/strong> o a solicitud del mismo, generalmente para acceder a beneficios, programas de ahorro o cubrir compromisos adquiridos.<\/p>\n\n\n\n<p><strong>Principales ejemplos:<\/strong><\/p>\n\n\n\n<div class=\"wp-block-media-text\" style=\"grid-template-columns:25% auto\"><figure class=\"wp-block-media-text__media\"><img loading=\"lazy\" decoding=\"async\" width=\"300\" height=\"300\" src=\"http:\/\/imecaf.com\/blog\/wp-content\/uploads\/Deducciones-voluntarias.png\" alt=\"Deducciones de N\u00f3mina voluntarias\" class=\"wp-image-18350 size-full\" srcset=\"https:\/\/imecaf.com\/blog\/wp-content\/uploads\/Deducciones-voluntarias.png 300w, https:\/\/imecaf.com\/blog\/wp-content\/uploads\/Deducciones-voluntarias-150x150.png 150w, https:\/\/imecaf.com\/blog\/wp-content\/uploads\/Deducciones-voluntarias-120x120.png 120w\" sizes=\"auto, (max-width: 300px) 100vw, 300px\" \/><\/figure><div class=\"wp-block-media-text__content\">\n<ul class=\"wp-block-list\">\n<li><strong>Planes de ahorro voluntario:<\/strong> El trabajador decide aportar una cantidad fija para crear un fondo de ahorro con apoyo de la empresa.<br><\/li>\n\n\n\n<li><strong>Cuotas sindicales:<\/strong> En empresas con sindicato, los trabajadores afiliados suelen autorizar un descuento peri\u00f3dico para financiar actividades sindicales.<br><\/li>\n\n\n\n<li><strong>Cr\u00e9ditos otorgados por la empresa:<\/strong> Si la compa\u00f1\u00eda otorga pr\u00e9stamos o anticipos de salario, se pueden pactar descuentos en la n\u00f3mina para su recuperaci\u00f3n.<br><\/li>\n\n\n\n<li><strong>Seguros adicionales:<\/strong> En algunos casos, el trabajador contrata seguros de vida, m\u00e9dicos o de autom\u00f3vil mediante la empresa, y el pago de la prima se descuenta en la n\u00f3mina.<\/li>\n<\/ul>\n<\/div><\/div>\n\n\n\n<p><strong>Ejemplo ilustrativo:<br><\/strong>Un colaborador solicita un <strong>pr\u00e9stamo de $10,000 pesos<\/strong> a la empresa. Se acuerda que se le descuenten <strong>$2,000 pesos por quincena<\/strong> hasta liquidar el adeudo. Estos descuentos se consideran <strong>deducciones voluntarias<\/strong>.<\/p>\n\n\n\n<hr class=\"wp-block-separator has-text-color has-alpha-channel-opacity has-background is-style-wide\" style=\"background-color:#bd5600;color:#bd5600\"\/>\n\n\n\n<h2 class=\"wp-block-heading\"><strong>\u00bfPor qu\u00e9 es importante identificar y clasificar las deducciones?<\/strong><\/h2>\n\n\n\n<p>La correcta identificaci\u00f3n y clasificaci\u00f3n de las deducciones de n\u00f3mina no es solo una cuesti\u00f3n administrativa, sino un <strong>requisito legal y contable<\/strong> que impacta directamente en la relaci\u00f3n laboral y en la salud financiera de la empresa.<\/p>\n\n\n\n<p>Cuando la empresa distingue de manera adecuada cada tipo de deducci\u00f3n, obtiene m\u00faltiples beneficios:<\/p>\n\n\n\n<h4 class=\"wp-block-heading\">1. <strong>Cumplimiento legal y fiscal<\/strong><\/h4>\n\n\n\n<div class=\"wp-block-media-text\" style=\"grid-template-columns:25% auto\"><figure class=\"wp-block-media-text__media\"><img loading=\"lazy\" decoding=\"async\" width=\"300\" height=\"300\" src=\"http:\/\/imecaf.com\/blog\/wp-content\/uploads\/Cumplimiento-legal.png\" alt=\"Cumplimiento legal y fiscal\" class=\"wp-image-18351 size-full\" srcset=\"https:\/\/imecaf.com\/blog\/wp-content\/uploads\/Cumplimiento-legal.png 300w, https:\/\/imecaf.com\/blog\/wp-content\/uploads\/Cumplimiento-legal-150x150.png 150w, https:\/\/imecaf.com\/blog\/wp-content\/uploads\/Cumplimiento-legal-120x120.png 120w\" sizes=\"auto, (max-width: 300px) 100vw, 300px\" \/><\/figure><div class=\"wp-block-media-text__content\">\n<ul class=\"wp-block-list\">\n<li>Clasificar correctamente las deducciones permite que el patr\u00f3n cumpla con lo establecido en la <strong>Ley Federal del Trabajo<\/strong>, la <strong>Ley del ISR<\/strong>, la <strong>Ley del IMSS<\/strong> y la normativa de Infonavit.<br><\/li>\n\n\n\n<li>Evita sanciones, multas o recargos por parte de las autoridades fiscales y de seguridad social.<br><\/li>\n\n\n\n<li>Asegura que las retenciones como el ISR, IMSS o Infonavit se calculen y reporten de manera precisa.<\/li>\n<\/ul>\n<\/div><\/div>\n\n\n\n<h4 class=\"wp-block-heading\"><strong>2. Transparencia en la n\u00f3mina y confianza con los colaboradores<\/strong><\/h4>\n\n\n\n<div class=\"wp-block-media-text\" style=\"grid-template-columns:25% auto\"><figure class=\"wp-block-media-text__media\"><img loading=\"lazy\" decoding=\"async\" width=\"300\" height=\"300\" src=\"http:\/\/imecaf.com\/blog\/wp-content\/uploads\/transparencia-en-la-nomina.png\" alt=\"Transparencia en la n\u00f3mina\" class=\"wp-image-18352 size-full\" srcset=\"https:\/\/imecaf.com\/blog\/wp-content\/uploads\/transparencia-en-la-nomina.png 300w, https:\/\/imecaf.com\/blog\/wp-content\/uploads\/transparencia-en-la-nomina-150x150.png 150w, https:\/\/imecaf.com\/blog\/wp-content\/uploads\/transparencia-en-la-nomina-120x120.png 120w\" sizes=\"auto, (max-width: 300px) 100vw, 300px\" \/><\/figure><div class=\"wp-block-media-text__content\">\n<ul class=\"wp-block-list\">\n<li>Un recibo de n\u00f3mina claro, con deducciones correctamente clasificadas, genera <strong>confianza y credibilidad<\/strong> en los trabajadores.<br><\/li>\n\n\n\n<li>Disminuye la posibilidad de conflictos laborales, reclamos o confusiones sobre por qu\u00e9 se les est\u00e1 descontando cierto monto.<\/li>\n<\/ul>\n<\/div><\/div>\n\n\n\n<h4 class=\"wp-block-heading\"><strong>3. Distinci\u00f3n entre descuentos obligatorios y beneficios para el trabajador<\/strong><\/h4>\n\n\n\n<div class=\"wp-block-media-text\" style=\"grid-template-columns:25% auto\"><figure class=\"wp-block-media-text__media\"><img loading=\"lazy\" decoding=\"async\" width=\"300\" height=\"300\" src=\"http:\/\/imecaf.com\/blog\/wp-content\/uploads\/descuentos-obligatorios.png\" alt=\"Descuentos obligatorios y beneficios\" class=\"wp-image-18353 size-full\" srcset=\"https:\/\/imecaf.com\/blog\/wp-content\/uploads\/descuentos-obligatorios.png 300w, https:\/\/imecaf.com\/blog\/wp-content\/uploads\/descuentos-obligatorios-150x150.png 150w, https:\/\/imecaf.com\/blog\/wp-content\/uploads\/descuentos-obligatorios-120x120.png 120w\" sizes=\"auto, (max-width: 300px) 100vw, 300px\" \/><\/figure><div class=\"wp-block-media-text__content\">\n<ul class=\"wp-block-list\">\n<li>No todos los descuentos representan una p\u00e9rdida definitiva para el colaborador. Algunos generan <strong>prestaciones o beneficios a mediano y largo plazo<\/strong> (por ejemplo, las cuotas al IMSS le brindan acceso a atenci\u00f3n m\u00e9dica y futura pensi\u00f3n, o un plan de ahorro voluntario que podr\u00e1 recuperar).<br><\/li>\n\n\n\n<li>Clasificar las deducciones permite explicar claramente qu\u00e9 parte de su sueldo va a <strong>impuestos y obligaciones legales<\/strong> y qu\u00e9 parte se destina a <strong>opciones que \u00e9l eligi\u00f3 voluntariamente<\/strong>.<\/li>\n<\/ul>\n<\/div><\/div>\n\n\n\n<hr class=\"wp-block-separator has-text-color has-alpha-channel-opacity has-background is-style-wide\" style=\"background-color:#bd5600;color:#bd5600\"\/>\n\n\n\n<h2 class=\"wp-block-heading\"><strong>Errores Comunes en la Gesti\u00f3n de Percepciones y Deducciones<\/strong><\/h2>\n\n\n\n<p>La administraci\u00f3n de la n\u00f3mina es una tarea que requiere <strong>precisi\u00f3n y cumplimiento normativo<\/strong>. Sin embargo, en muchas empresas se cometen errores que pueden generar problemas legales, conflictos con los colaboradores o multas por parte de las autoridades. Estos son los errores m\u00e1s frecuentes y sus implicaciones:<\/p>\n\n\n\n<h4 class=\"wp-block-heading\"><strong>1. Calcular incorrectamente el ISR o las cuotas al IMSS<\/strong><\/h4>\n\n\n\n<div class=\"wp-block-media-text\" style=\"grid-template-columns:25% auto\"><figure class=\"wp-block-media-text__media\"><img loading=\"lazy\" decoding=\"async\" width=\"300\" height=\"300\" src=\"http:\/\/imecaf.com\/blog\/wp-content\/uploads\/Calcular-incorrectamente.png\" alt=\"Calcular incorrectamente el ISR o las cuotas del IMSS\" class=\"wp-image-18355 size-full\" srcset=\"https:\/\/imecaf.com\/blog\/wp-content\/uploads\/Calcular-incorrectamente.png 300w, https:\/\/imecaf.com\/blog\/wp-content\/uploads\/Calcular-incorrectamente-150x150.png 150w, https:\/\/imecaf.com\/blog\/wp-content\/uploads\/Calcular-incorrectamente-120x120.png 120w\" sizes=\"auto, (max-width: 300px) 100vw, 300px\" \/><\/figure><div class=\"wp-block-media-text__content\">\n<p>Uno de los errores m\u00e1s comunes es <strong>no aplicar correctamente las tablas del ISR<\/strong> publicadas por el SAT o calcular mal las aportaciones al IMSS.<\/p>\n\n\n\n<ul class=\"wp-block-list\">\n<li><strong>Consecuencias:<\/strong><strong><br><\/strong>\n<ul class=\"wp-block-list\">\n<li>Pagos en exceso, lo que afecta el sueldo neto del trabajador y puede generar reclamos.<br><\/li>\n\n\n\n<li>Pagos insuficientes, lo que deja a la empresa con <strong>adeudos ante el SAT o el IMSS<\/strong> y puede derivar en multas o recargos.<\/li>\n<\/ul>\n<\/li>\n<\/ul>\n\n\n\n<p><strong>Ejemplo:<\/strong> Si el patr\u00f3n usa tablas del ISR de un a\u00f1o anterior, la retenci\u00f3n ser\u00e1 incorrecta y el trabajador podr\u00eda terminar pagando diferencias en su declaraci\u00f3n anual.<\/p>\n<\/div><\/div>\n\n\n\n<h4 class=\"wp-block-heading\"><strong>2. No registrar adecuadamente percepciones extraordinarias<\/strong><\/h4>\n\n\n\n<div class=\"wp-block-media-text\" style=\"grid-template-columns:25% auto\"><figure class=\"wp-block-media-text__media\"><img loading=\"lazy\" decoding=\"async\" width=\"300\" height=\"300\" src=\"http:\/\/imecaf.com\/blog\/wp-content\/uploads\/no-registrar-adecuadamente.png\" alt=\"No registrar adecuadamente percepciones extraordinarias\" class=\"wp-image-18356 size-full\" srcset=\"https:\/\/imecaf.com\/blog\/wp-content\/uploads\/no-registrar-adecuadamente.png 300w, https:\/\/imecaf.com\/blog\/wp-content\/uploads\/no-registrar-adecuadamente-150x150.png 150w, https:\/\/imecaf.com\/blog\/wp-content\/uploads\/no-registrar-adecuadamente-120x120.png 120w\" sizes=\"auto, (max-width: 300px) 100vw, 300px\" \/><\/figure><div class=\"wp-block-media-text__content\">\n<p>Algunas empresas <strong>no documentan o clasifican mal<\/strong> los pagos que no forman parte del salario fijo (como bonos, aguinaldo o comisiones).<\/p>\n\n\n\n<ul class=\"wp-block-list\">\n<li><strong>Consecuencias:<\/strong><strong><br><\/strong>\n<ul class=\"wp-block-list\">\n<li>Estos conceptos pueden quedar <strong>fuera del c\u00e1lculo de impuestos o aportaciones<\/strong>, lo que genera inconsistencias con la autoridad fiscal.<br><\/li>\n\n\n\n<li>Problemas en la <a href=\"http:\/\/imecaf.com\/blog\/2025\/06\/20\/diferencias-entre-contabilidad-financiera-y-administrativa\/\" target=\"_blank\" rel=\"noreferrer noopener\"><strong><em>contabilidad interna<\/em><\/strong><\/a> y en los reportes financieros.<\/li>\n<\/ul>\n<\/li>\n<\/ul>\n\n\n\n<p><strong>Ejemplo:<\/strong> Si una comisi\u00f3n no se registra como percepci\u00f3n extraordinaria, puede omitirse en el c\u00e1lculo de ISR, y la empresa podr\u00eda enfrentar observaciones en una auditor\u00eda.<\/p>\n<\/div><\/div>\n\n\n\n<h4 class=\"wp-block-heading\"><strong>3. Aplicar deducciones no autorizadas<\/strong><\/h4>\n\n\n\n<div class=\"wp-block-media-text\" style=\"grid-template-columns:25% auto\"><figure class=\"wp-block-media-text__media\"><img loading=\"lazy\" decoding=\"async\" width=\"300\" height=\"300\" src=\"http:\/\/imecaf.com\/blog\/wp-content\/uploads\/Deducciones-no-autorizadas.png\" alt=\"Aplicar deducciones no autorizadas\" class=\"wp-image-18357 size-full\" srcset=\"https:\/\/imecaf.com\/blog\/wp-content\/uploads\/Deducciones-no-autorizadas.png 300w, https:\/\/imecaf.com\/blog\/wp-content\/uploads\/Deducciones-no-autorizadas-150x150.png 150w, https:\/\/imecaf.com\/blog\/wp-content\/uploads\/Deducciones-no-autorizadas-120x120.png 120w\" sizes=\"auto, (max-width: 300px) 100vw, 300px\" \/><\/figure><div class=\"wp-block-media-text__content\">\n<p>La <strong>Ley Federal del Trabajo (art\u00edculo 110)<\/strong> establece cu\u00e1les deducciones son v\u00e1lidas y bajo qu\u00e9 condiciones. Si la empresa descuenta cantidades <strong>sin consentimiento del trabajador<\/strong> o fuera de los supuestos legales, incurre en una violaci\u00f3n a sus derechos.<\/p>\n\n\n\n<ul class=\"wp-block-list\">\n<li><strong>Consecuencias:<\/strong><strong><br><\/strong>\n<ul class=\"wp-block-list\">\n<li>Quejas ante la <strong>PROFEDET<\/strong> o la Junta de Conciliaci\u00f3n y Arbitraje.<br><\/li>\n\n\n\n<li>Demandas laborales y posibles sanciones.<\/li>\n<\/ul>\n<\/li>\n<\/ul>\n\n\n\n<p><strong>Ejemplo:<\/strong> Descontar al trabajador el costo de una herramienta rota sin su autorizaci\u00f3n escrita es ilegal.<\/p>\n<\/div><\/div>\n\n\n\n<h4 class=\"wp-block-heading\"><strong>4. Falta de comunicaci\u00f3n con los empleados sobre cambios en la n\u00f3mina<\/strong><\/h4>\n\n\n\n<div class=\"wp-block-media-text\" style=\"grid-template-columns:25% auto\"><figure class=\"wp-block-media-text__media\"><img loading=\"lazy\" decoding=\"async\" width=\"300\" height=\"300\" src=\"http:\/\/imecaf.com\/blog\/wp-content\/uploads\/Falta-de-comunicacion.png\" alt=\"Falta de comunicaci\u00f3n con los empleados\" class=\"wp-image-18358 size-full\" srcset=\"https:\/\/imecaf.com\/blog\/wp-content\/uploads\/Falta-de-comunicacion.png 300w, https:\/\/imecaf.com\/blog\/wp-content\/uploads\/Falta-de-comunicacion-150x150.png 150w, https:\/\/imecaf.com\/blog\/wp-content\/uploads\/Falta-de-comunicacion-120x120.png 120w\" sizes=\"auto, (max-width: 300px) 100vw, 300px\" \/><\/figure><div class=\"wp-block-media-text__content\">\n<p>Cuando se hacen ajustes en deducciones, retenciones o beneficios sin <strong>informar claramente al personal<\/strong>, esto genera desconfianza y conflictos laborales.<\/p>\n\n\n\n<ul class=\"wp-block-list\">\n<li><strong>Consecuencias:<\/strong><strong><br><\/strong>\n<ul class=\"wp-block-list\">\n<li>Reclamos constantes de los trabajadores.<br><\/li>\n\n\n\n<li>Clima laboral negativo y p\u00e9rdida de credibilidad en la gesti\u00f3n de la empresa.<\/li>\n<\/ul>\n<\/li>\n<\/ul>\n\n\n\n<p><strong>Ejemplo:<\/strong> Si aumenta la retenci\u00f3n de Infonavit por una actualizaci\u00f3n del cr\u00e9dito, pero no se comunica al trabajador, este puede pensar que la empresa est\u00e1 \u201cquit\u00e1ndole\u201d m\u00e1s dinero sin justificaci\u00f3n.<\/p>\n<\/div><\/div>\n\n\n\n<hr class=\"wp-block-separator has-text-color has-alpha-channel-opacity has-background is-style-wide\" style=\"background-color:#bd5600;color:#bd5600\"\/>\n\n\n\n<h2 class=\"wp-block-heading\"><strong>Ejemplos de Percepciones y Deducciones en la Pr\u00e1ctica<\/strong><\/h2>\n\n\n\n<figure class=\"wp-block-table is-style-stripes\" style=\"font-size:17px\"><table class=\"has-black-color has-text-color has-link-color\"><thead><tr><th>Concepto<\/th><th class=\"has-text-align-right\" data-align=\"right\">Monto (MXN)<\/th><\/tr><\/thead><tbody><tr><td><strong>PERCEPCIONES<\/strong><\/td><td class=\"has-text-align-right\" data-align=\"right\"><\/td><\/tr><tr><td>Salario base mensual<\/td><td class=\"has-text-align-right\" data-align=\"right\">$20,000<\/td><\/tr><tr><td>Bono de productividad<\/td><td class=\"has-text-align-right\" data-align=\"right\">$3,000<\/td><\/tr><tr><td>Vales de despensa<\/td><td class=\"has-text-align-right\" data-align=\"right\">$1,500<\/td><\/tr><tr><td><strong>Total de percepciones (sueldo bruto)<\/strong><\/td><td class=\"has-text-align-right\" data-align=\"right\"><strong>$24,500<\/strong><\/td><\/tr><tr><td><\/td><td class=\"has-text-align-right\" data-align=\"right\"><\/td><\/tr><tr><td><strong>DEDUCCIONES OBLIGATORIAS<\/strong><\/td><td class=\"has-text-align-right\" data-align=\"right\"><\/td><\/tr><tr><td>ISR<\/td><td class=\"has-text-align-right\" data-align=\"right\">$2,700<\/td><\/tr><tr><td>Aportaciones IMSS<\/td><td class=\"has-text-align-right\" data-align=\"right\">$900<\/td><\/tr><tr><td>Cr\u00e9dito Infonavit<\/td><td class=\"has-text-align-right\" data-align=\"right\">$1,200<\/td><\/tr><tr><td><strong>Subtotal deducciones obligatorias<\/strong><\/td><td class=\"has-text-align-right\" data-align=\"right\"><strong>$4,800<\/strong><\/td><\/tr><tr><td><\/td><td class=\"has-text-align-right\" data-align=\"right\"><\/td><\/tr><tr><td><strong>DEDUCCIONES VOLUNTARIAS<\/strong><\/td><td class=\"has-text-align-right\" data-align=\"right\"><\/td><\/tr><tr><td>Ahorro voluntario<\/td><td class=\"has-text-align-right\" data-align=\"right\">$1,000<\/td><\/tr><tr><td><strong>Subtotal deducciones voluntarias<\/strong><\/td><td class=\"has-text-align-right\" data-align=\"right\"><strong>$1,000<\/strong><\/td><\/tr><tr><td><\/td><td class=\"has-text-align-right\" data-align=\"right\"><\/td><\/tr><tr><td><strong>TOTAL DEDUCCIONES<\/strong><\/td><td class=\"has-text-align-right\" data-align=\"right\"><strong>$5,800<\/strong><\/td><\/tr><tr><td><\/td><td class=\"has-text-align-right\" data-align=\"right\"><\/td><\/tr><tr><td><strong>SUELDO NETO A PAGAR<\/strong><\/td><td class=\"has-text-align-right\" data-align=\"right\"><strong>$18,700<\/strong><\/td><\/tr><\/tbody><\/table><\/figure>\n\n\n\n<hr class=\"wp-block-separator has-text-color has-alpha-channel-opacity has-background is-style-wide\" style=\"background-color:#bd5600;color:#bd5600\"\/>\n\n\n\n<h2 class=\"wp-block-heading\"><strong>Bases legales que sustentan las deducciones de n\u00f3mina<\/strong><\/h2>\n\n\n\n<div class=\"wp-block-media-text\" style=\"grid-template-columns:15% auto\"><figure class=\"wp-block-media-text__media\"><img loading=\"lazy\" decoding=\"async\" width=\"300\" height=\"300\" src=\"http:\/\/imecaf.com\/blog\/wp-content\/uploads\/ISR-1.png\" alt=\"Impuesto sobre la renta\" class=\"wp-image-18359 size-full\" srcset=\"https:\/\/imecaf.com\/blog\/wp-content\/uploads\/ISR-1.png 300w, https:\/\/imecaf.com\/blog\/wp-content\/uploads\/ISR-1-150x150.png 150w, https:\/\/imecaf.com\/blog\/wp-content\/uploads\/ISR-1-120x120.png 120w\" sizes=\"auto, (max-width: 300px) 100vw, 300px\" \/><\/figure><div class=\"wp-block-media-text__content\">\n<h4 class=\"wp-block-heading\"><strong>1. Impuesto Sobre la Renta (ISR)<\/strong><\/h4>\n\n\n\n<p><strong>Obligaci\u00f3n:<\/strong> El patr\u00f3n est\u00e1 obligado a <strong>retener el ISR<\/strong> correspondiente a los ingresos del trabajador y enterarlo al SAT.<\/p>\n\n\n\n<p><strong>Fundamento:<\/strong> Art\u00edculos 96 y 97 de la <strong>Ley del Impuesto Sobre la Renta (LISR)<\/strong>.<br><\/p>\n<\/div><\/div>\n\n\n\n<div class=\"wp-block-media-text\" style=\"grid-template-columns:15% auto\"><figure class=\"wp-block-media-text__media\"><img loading=\"lazy\" decoding=\"async\" width=\"300\" height=\"300\" src=\"http:\/\/imecaf.com\/blog\/wp-content\/uploads\/imss.png\" alt=\"Aportaciones al IMSS\" class=\"wp-image-18360 size-full\" srcset=\"https:\/\/imecaf.com\/blog\/wp-content\/uploads\/imss.png 300w, https:\/\/imecaf.com\/blog\/wp-content\/uploads\/imss-150x150.png 150w, https:\/\/imecaf.com\/blog\/wp-content\/uploads\/imss-120x120.png 120w\" sizes=\"auto, (max-width: 300px) 100vw, 300px\" \/><\/figure><div class=\"wp-block-media-text__content\">\n<h4 class=\"wp-block-heading\"><strong>2. Aportaciones al IMSS<\/strong><\/h4>\n\n\n\n<p><strong>Obligaci\u00f3n:<\/strong> El patr\u00f3n debe retener la cuota obrera y aportar la patronal para que el trabajador tenga derecho a servicios m\u00e9dicos, pensiones y<a href=\"https:\/\/imecaf.com\/303\" target=\"_blank\" rel=\"noreferrer noopener\"><strong><em> prestaciones de seguridad social.<\/em><\/strong><\/a><\/p>\n\n\n\n<p><strong>Fundamento:<\/strong> Art\u00edculo 132, fracci\u00f3n XV, de la <strong>Ley Federal del Trabajo (LFT)<\/strong> y la <strong>Ley del Seguro Social<\/strong>.<br><\/p>\n<\/div><\/div>\n\n\n\n<div class=\"wp-block-media-text\" style=\"grid-template-columns:15% auto\"><figure class=\"wp-block-media-text__media\"><img loading=\"lazy\" decoding=\"async\" width=\"300\" height=\"300\" src=\"http:\/\/imecaf.com\/blog\/wp-content\/uploads\/infonavit.png\" alt=\"Infonavit\" class=\"wp-image-18361 size-full\" srcset=\"https:\/\/imecaf.com\/blog\/wp-content\/uploads\/infonavit.png 300w, https:\/\/imecaf.com\/blog\/wp-content\/uploads\/infonavit-150x150.png 150w, https:\/\/imecaf.com\/blog\/wp-content\/uploads\/infonavit-120x120.png 120w\" sizes=\"auto, (max-width: 300px) 100vw, 300px\" \/><\/figure><div class=\"wp-block-media-text__content\">\n<h4 class=\"wp-block-heading\"><strong>3. Infonavit<\/strong><\/h4>\n\n\n\n<ul class=\"wp-block-list\">\n<li><strong>Fundamento:<\/strong> Art\u00edculos 136 y 137 de la <strong>LFT<\/strong> y la <strong>Ley del Instituto del Fondo Nacional de la Vivienda para los Trabajadores (Infonavit)<\/strong>.<br><\/li>\n\n\n\n<li><strong>Obligaci\u00f3n:<\/strong> Cuando el trabajador cuenta con un cr\u00e9dito de vivienda, el patr\u00f3n retiene las amortizaciones y las paga al Infonavit.<\/li>\n<\/ul>\n<\/div><\/div>\n\n\n\n<div class=\"wp-block-media-text\" style=\"grid-template-columns:15% auto\"><figure class=\"wp-block-media-text__media\"><img loading=\"lazy\" decoding=\"async\" width=\"300\" height=\"300\" src=\"http:\/\/imecaf.com\/blog\/wp-content\/uploads\/fonacot.png\" alt=\"Fonacot\" class=\"wp-image-18363 size-full\" srcset=\"https:\/\/imecaf.com\/blog\/wp-content\/uploads\/fonacot.png 300w, https:\/\/imecaf.com\/blog\/wp-content\/uploads\/fonacot-150x150.png 150w, https:\/\/imecaf.com\/blog\/wp-content\/uploads\/fonacot-120x120.png 120w\" sizes=\"auto, (max-width: 300px) 100vw, 300px\" \/><\/figure><div class=\"wp-block-media-text__content\">\n<h4 class=\"wp-block-heading\"><strong>4. Cr\u00e9ditos Fonacot (cuando aplica)<\/strong><\/h4>\n\n\n\n<ul class=\"wp-block-list\">\n<li><strong>Fundamento:<\/strong> Ley del Instituto del Fondo Nacional para el Consumo de los Trabajadores.<br><\/li>\n\n\n\n<li><strong>Obligaci\u00f3n:<\/strong> Las retenciones de cr\u00e9ditos Fonacot son obligatorias si el trabajador tiene un pr\u00e9stamo vigente con esta instituci\u00f3n.<\/li>\n<\/ul>\n<\/div><\/div>\n\n\n\n<div class=\"wp-block-media-text\" style=\"grid-template-columns:15% auto\"><figure class=\"wp-block-media-text__media\"><img loading=\"lazy\" decoding=\"async\" width=\"300\" height=\"300\" src=\"http:\/\/imecaf.com\/blog\/wp-content\/uploads\/deducciones-voluntarias-2-1.png\" alt=\"Deducciones voluntarias\" class=\"wp-image-18364 size-full\" srcset=\"https:\/\/imecaf.com\/blog\/wp-content\/uploads\/deducciones-voluntarias-2-1.png 300w, https:\/\/imecaf.com\/blog\/wp-content\/uploads\/deducciones-voluntarias-2-1-150x150.png 150w, https:\/\/imecaf.com\/blog\/wp-content\/uploads\/deducciones-voluntarias-2-1-120x120.png 120w\" sizes=\"auto, (max-width: 300px) 100vw, 300px\" \/><\/figure><div class=\"wp-block-media-text__content\">\n<h4 class=\"wp-block-heading\"><strong>5. Deducciones voluntarias<\/strong><\/h4>\n\n\n\n<p><strong>Condici\u00f3n:<\/strong> Solo pueden aplicarse si el trabajador <strong>autoriza por escrito<\/strong>. Ejemplos: planes de ahorro, cuotas sindicales, pr\u00e9stamos de la empresa, seguros adicionales.<\/p>\n\n\n\n<p><strong>Fundamento:<\/strong> Art\u00edculo 110 de la <strong>LFT<\/strong>.<br><\/p>\n<\/div><\/div>\n\n\n\n<hr class=\"wp-block-separator has-text-color has-alpha-channel-opacity has-background is-style-wide\" style=\"background-color:#bd5600;color:#bd5600\"\/>\n\n\n\n<div class=\"wp-block-cover is-light\"><span aria-hidden=\"true\" class=\"wp-block-cover__background has-background-dim\" style=\"background-color:#19347f\"><\/span><div class=\"wp-block-cover__inner-container is-layout-constrained wp-block-cover-is-layout-constrained\">\n<h2 class=\"wp-block-heading has-text-align-center has-black-color has-text-color has-link-color wp-elements-ab376a8819eb3d6bf3b001aec2759769\"><strong>Tabla de ISR para c\u00e1lculo mensual 2025 <\/strong><br><strong>(Ejemplo aproximado)<\/strong><\/h2>\n\n\n\n<figure class=\"wp-block-table is-style-stripes has-small-font-size\"><table><tbody><tr><td><strong>Concepto<\/strong><\/td><td><strong>Explicaci\u00f3n<\/strong><\/td><\/tr><tr><td><strong>L\u00edmite inferior (MXN)<\/strong><\/td><td>Es el monto m\u00ednimo del rango salarial para aplicar la tarifa correspondiente. Si tu ingreso mensual es igual o mayor a este valor, usas esta fila.<\/td><\/tr><tr><td><strong>L\u00edmite superior (MXN)<\/strong><\/td><td>Es el monto m\u00e1ximo del rango salarial para ese nivel. Si tu ingreso mensual es menor o igual a este monto, usas esta fila para calcular ISR.<\/td><\/tr><tr><td><strong>Cuota fija (MXN)<\/strong><\/td><td>Es una cantidad fija que se suma en el c\u00e1lculo del ISR para ese rango salarial, representa un monto base que se cobra independientemente.<\/td><\/tr><tr><td><strong>Porcentaje sobre excedente<\/strong><\/td><td>Es el porcentaje que se aplica \u00fanicamente a la cantidad que excede el l\u00edmite inferior dentro del rango.<\/td><\/tr><\/tbody><\/table><\/figure>\n\n\n\n<h4 class=\"wp-block-heading has-black-color has-text-color has-link-color wp-elements-b57a4343dd2ffa141824825161ab9853\"><strong>\u00bfC\u00f3mo funciona?<\/strong><\/h4>\n\n\n\n<p>Para calcular el ISR mensual:<\/p>\n\n\n\n<ol class=\"wp-block-list\">\n<li>Se determina en qu\u00e9 rango salarial est\u00e1 el sueldo bruto.<br><\/li>\n\n\n\n<li>Se toma la cuota fija que corresponde a ese rango.<br><\/li>\n\n\n\n<li>Se calcula el excedente: la diferencia entre el salario mensual y el l\u00edmite inferior.<br><\/li>\n\n\n\n<li>Se multiplica ese excedente por el porcentaje asignado para ese rango.<br><\/li>\n\n\n\n<li>Finalmente, se suma la cuota fija con el resultado del porcentaje sobre el excedente.<\/li>\n<\/ol>\n\n\n\n<p>Este resultado es el ISR mensual que se debe retener al trabajador.<\/p>\n<\/div><\/div>\n\n\n\n<h3 class=\"wp-block-heading\"><strong>Ejemplo de C\u00e1lculo de ISR<\/strong><\/h3>\n\n\n\n<p><strong>Nota:<\/strong> Las tablas exactas las publica cada a\u00f1o el SAT y pueden cambiar, por lo que siempre es recomendable consultar la fuente oficial.<\/p>\n\n\n\n<figure class=\"wp-block-table is-style-stripes\" style=\"font-size:17px\"><table class=\"has-black-color has-text-color has-link-color\"><tbody><tr><td class=\"has-text-align-right\" data-align=\"right\"><strong>L\u00edmite inferior (MXN)<\/strong><\/td><td class=\"has-text-align-right\" data-align=\"right\"><strong>L\u00edmite superior (MXN)<\/strong><\/td><td class=\"has-text-align-right\" data-align=\"right\"><strong>Cuota fija (MXN)<\/strong><\/td><td class=\"has-text-align-center\" data-align=\"center\"><strong>Porcentaje sobre excedente del l\u00edmite inferior<\/strong><\/td><\/tr><tr><td class=\"has-text-align-right\" data-align=\"right\">$0.01<\/td><td class=\"has-text-align-right\" data-align=\"right\">$7,735.00<\/td><td class=\"has-text-align-right\" data-align=\"right\">$0.00<\/td><td class=\"has-text-align-center\" data-align=\"center\">1.92%<\/td><\/tr><tr><td class=\"has-text-align-right\" data-align=\"right\">$7,735.01<\/td><td class=\"has-text-align-right\" data-align=\"right\">$65,651.07<\/td><td class=\"has-text-align-right\" data-align=\"right\">$148.39<\/td><td class=\"has-text-align-center\" data-align=\"center\">6.40%<\/td><\/tr><tr><td class=\"has-text-align-right\" data-align=\"right\">$65,651.08<\/td><td class=\"has-text-align-right\" data-align=\"right\">$115,375.90<\/td><td class=\"has-text-align-right\" data-align=\"right\">$3,848.95<\/td><td class=\"has-text-align-center\" data-align=\"center\">10.88%<\/td><\/tr><tr><td class=\"has-text-align-right\" data-align=\"right\">$115,375.91<\/td><td class=\"has-text-align-right\" data-align=\"right\">$134,119.41<\/td><td class=\"has-text-align-right\" data-align=\"right\">$8,210.69<\/td><td class=\"has-text-align-center\" data-align=\"center\">16.00%<\/td><\/tr><tr><td class=\"has-text-align-right\" data-align=\"right\">$134,119.42<\/td><td class=\"has-text-align-right\" data-align=\"right\">$160,577.65<\/td><td class=\"has-text-align-right\" data-align=\"right\">$10,027.43<\/td><td class=\"has-text-align-center\" data-align=\"center\">17.92%<\/td><\/tr><tr><td class=\"has-text-align-right\" data-align=\"right\">$160,577.66<\/td><td class=\"has-text-align-right\" data-align=\"right\">$323,862.00<\/td><td class=\"has-text-align-right\" data-align=\"right\">$13,343.43<\/td><td class=\"has-text-align-center\" data-align=\"center\">21.36%<\/td><\/tr><tr><td class=\"has-text-align-right\" data-align=\"right\">$323,862.01<\/td><td class=\"has-text-align-right\" data-align=\"right\">$510,451.00<\/td><td class=\"has-text-align-right\" data-align=\"right\">$53,216.45<\/td><td class=\"has-text-align-center\" data-align=\"center\">23.52%<\/td><\/tr><tr><td class=\"has-text-align-right\" data-align=\"right\">$510,451.01<\/td><td class=\"has-text-align-right\" data-align=\"right\">$974,535.03<\/td><td class=\"has-text-align-right\" data-align=\"right\">$95,028.16<\/td><td class=\"has-text-align-center\" data-align=\"center\">30.00%<\/td><\/tr><tr><td class=\"has-text-align-right\" data-align=\"right\">$974,535.04<\/td><td class=\"has-text-align-right\" data-align=\"right\">$1,299,380.04<\/td><td class=\"has-text-align-right\" data-align=\"right\">$234,993.95<\/td><td class=\"has-text-align-center\" data-align=\"center\">32.00%<\/td><\/tr><tr><td class=\"has-text-align-right\" data-align=\"right\">$1,299,380.05<\/td><td class=\"has-text-align-right\" data-align=\"right\">$3,898,140.12<\/td><td class=\"has-text-align-right\" data-align=\"right\">$338,944.34<\/td><td class=\"has-text-align-center\" data-align=\"center\">34.00%<\/td><\/tr><tr><td class=\"has-text-align-right\" data-align=\"right\">$3,898,140.13<\/td><td class=\"has-text-align-right\" data-align=\"right\">en adelante<\/td><td class=\"has-text-align-right\" data-align=\"right\">$1,063,243.82<\/td><td class=\"has-text-align-center\" data-align=\"center\">35.00%<\/td><\/tr><\/tbody><\/table><\/figure>\n\n\n\n<hr class=\"wp-block-separator has-text-color has-alpha-channel-opacity has-background is-style-wide\" style=\"background-color:#bd5600;color:#bd5600\"\/>\n\n\n\n<div class=\"wp-block-cover\"><span aria-hidden=\"true\" class=\"wp-block-cover__background has-background-dim-80 has-background-dim\" style=\"background-color:#19347f\"><\/span><div class=\"wp-block-cover__inner-container is-layout-constrained wp-block-cover-is-layout-constrained\">\n<h2 class=\"wp-block-heading has-luminous-vivid-orange-color has-text-color has-link-color wp-elements-c67c7bdf6f0852a3518357959d59b5c3\"><strong>\u00bfC\u00f3mo usar la tabla para calcular ISR mensual?<\/strong><\/h2>\n\n\n\n<ol class=\"wp-block-list\">\n<li>Determina el <strong>salario mensual gravable<\/strong> (salario base + percepciones gravables).<br><\/li>\n\n\n\n<li>Identifica en qu\u00e9 rango de la tabla se encuentra el salario.<br><\/li>\n\n\n\n<li>Aplica la f\u00f3rmula:<\/li>\n<\/ol>\n\n\n\n<p><strong><em>ISR= Cuota fija + (Salario mensual \u2212 L\u00edmite inferior) \u00d7 Porcentaje<\/em><\/strong><\/p>\n\n\n\n<h4 class=\"wp-block-heading has-luminous-vivid-orange-color has-text-color has-link-color wp-elements-dbc884876aeda4e0e9715100be901b64\"><strong>Ejemplo pr\u00e1ctico<\/strong><\/h4>\n\n\n\n<p>Un trabajador gana $20,000 mensuales gravables:<\/p>\n\n\n\n<ul class=\"wp-block-list\">\n<li>Rango: $7,735.01 \u2013 $65,651.07<br><\/li>\n\n\n\n<li>Cuota fija: $148.39<br><\/li>\n\n\n\n<li>Porcentaje: 6.40%<\/li>\n<\/ul>\n\n\n\n<h4 class=\"wp-block-heading has-luminous-vivid-orange-color has-text-color has-link-color wp-elements-2dc557a670a89858cad0ccd3b593e3bf\"><strong>C\u00e1lculo:<\/strong><\/h4>\n\n\n\n<p><strong><em>ISR = 148.39+(20,000\u22127,735.01)\u00d70.064=148.39+12,264.99\u00d70.064=148.39+784.96=933.35<\/em><\/strong><\/p>\n\n\n\n<p>ISR mensual retenido: <strong>$933.35 pesos<\/strong><\/p>\n<\/div><\/div>\n\n\n\n<hr class=\"wp-block-separator has-text-color has-alpha-channel-opacity has-background is-style-wide\" style=\"background-color:#bd5600;color:#bd5600\"\/>\n\n\n\n<div class=\"wp-block-cover is-light\"><span aria-hidden=\"true\" class=\"wp-block-cover__background has-background-dim-70 has-background-dim\" style=\"background-color:#bd5600\"><\/span><div class=\"wp-block-cover__inner-container is-layout-constrained wp-block-cover-is-layout-constrained\">\n<h2 class=\"wp-block-heading has-text-align-center has-black-color has-text-color has-link-color wp-elements-5f7b87f4d713d39be2289bb65ebc9259\"><strong>Tarifas y cuotas IMSS (Ejemplo simplificado)<\/strong><\/h2>\n\n\n\n<figure class=\"wp-block-table is-style-stripes has-small-font-size\"><table><tbody><tr><td><strong>Concepto<\/strong><\/td><td><strong>Explicaci\u00f3n<\/strong><\/td><\/tr><tr><td><strong>Salario base de cotizaci\u00f3n<\/strong><\/td><td>Es el <a href=\"https:\/\/imecaf.com\/335\" target=\"_blank\" rel=\"noreferrer noopener\"><strong><em>salario diario integrado<\/em><\/strong><\/a> que toma en cuenta el salario base m\u00e1s prestaciones y otras percepciones.<\/td><\/tr><tr><td><strong>Cuota obrera<\/strong><\/td><td>Es la parte que el trabajador aporta al IMSS, descontada directamente de su salario.<\/td><\/tr><tr><td><strong>Cuota patronal<\/strong><\/td><td>Es la aportaci\u00f3n que realiza la empresa al IMSS, no se descuenta del salario del trabajador.<\/td><\/tr><tr><td><strong>Riesgo de trabajo<\/strong><\/td><td>Es una cuota que depende del nivel de riesgo de la actividad laboral y la paga el empleador.<\/td><\/tr><tr><td><strong>Seguro de enfermedades y maternidad<\/strong><\/td><td>Cubre atenci\u00f3n m\u00e9dica y hospitalaria para el trabajador y su familia.<\/td><\/tr><tr><td><strong>Seguro de invalidez y vida<\/strong><\/td><td>Proporciona protecci\u00f3n en caso de invalidez o fallecimiento.<\/td><\/tr><tr><td><strong>Aportaciones para retiro<\/strong><\/td><td>Incluyen fondos para la jubilaci\u00f3n y ahorro para el retiro.<\/td><\/tr><\/tbody><\/table><\/figure>\n<\/div><\/div>\n\n\n\n<h3 class=\"wp-block-heading\"><strong>Ejemplo de <\/strong><a href=\"https:\/\/imecaf.com\/362\" target=\"_blank\" rel=\"noreferrer noopener\"><strong><em>c\u00e1lculo de cuotas IMSS<\/em><\/strong><\/a><\/h3>\n\n\n\n<p>Supongamos que un trabajador tiene un <strong>salario base diario integrado<\/strong> de $700 MXN (esto es aproximadamente $21,000 mensuales considerando 30 d\u00edas).<\/p>\n\n\n\n<ul class=\"wp-block-list\">\n<li><strong>Cuota obrera total estimada:<\/strong> 2.375% del salario base integrado diario<br><\/li>\n\n\n\n<li><strong>Cuota patronal:<\/strong> aproximadamente 15% del salario base integrado (no se descuenta del trabajador)<\/li>\n<\/ul>\n\n\n\n<h4 class=\"wp-block-heading\"><strong>C\u00e1lculo de la cuota obrera (descuento al trabajador):<\/strong><\/h4>\n\n\n\n<p><strong><em>Cuota Obrera = Salario Diario \u00d7 2.375% = 700 \u00d7 0.02375 = 16.63 MXN diarios<\/em><\/strong><\/p>\n\n\n\n<p>Para un mes de 30 d\u00edas:<\/p>\n\n\n\n<p>16.63 \u00d7 30 = 498.90 MXN<\/p>\n\n\n\n<p>Este monto ser\u00eda aproximadamente lo que se descuenta al trabajador para el IMSS en ese mes.<\/p>\n\n\n\n<h4 class=\"wp-block-heading\"><strong>Notas importantes:<\/strong><\/h4>\n\n\n\n<ul class=\"wp-block-list\">\n<li>El c\u00e1lculo real es m\u00e1s complejo, ya que considera diferentes seguros, topes m\u00e1ximos y bases de cotizaci\u00f3n.<br><\/li>\n\n\n\n<li>La cuota patronal es responsabilidad del empleador y no afecta el sueldo neto del trabajador.<br><\/li>\n\n\n\n<li>El salario base integrado incluye prestaciones como bonos, vales de despensa, etc.<\/li>\n<\/ul>\n\n\n\n<hr class=\"wp-block-separator has-text-color has-alpha-channel-opacity has-background is-style-wide\" style=\"background-color:#bd5600;color:#bd5600\"\/>\n\n\n\n<h2 class=\"wp-block-heading\"><strong>Conclusi\u00f3n<\/strong><\/h2>\n\n\n\n<p>Una gesti\u00f3n eficiente de <strong>percepciones y deducciones de n\u00f3mina<\/strong> es crucial para el \u00e9xito de cualquier empresa. No se trata solo de cumplir con las leyes fiscales y laborales, sino de generar confianza, motivaci\u00f3n y estabilidad entre los colaboradores.<\/p>\n\n\n\n<h3 class=\"wp-block-heading\"><strong>Resumen final:<\/strong><\/h3>\n\n\n\n<ul class=\"wp-block-list\">\n<li>La correcta gesti\u00f3n de percepciones y deducciones es fundamental para la estabilidad financiera de la empresa y la confianza de los trabajadores.<br><\/li>\n\n\n\n<li>Identificar adecuadamente percepciones ordinarias, extraordinarias y en especie permite calcular con precisi\u00f3n el sueldo bruto.<br><\/li>\n\n\n\n<li>Aplicar correctamente deducciones obligatorias y voluntarias garantiza el cumplimiento de obligaciones legales y fiscales.<br><\/li>\n\n\n\n<li>Una n\u00f3mina transparente genera confianza y fortalece la relaci\u00f3n laboral, mejorando el clima organizacional.<br><\/li>\n\n\n\n<li>Errores como c\u00e1lculos incorrectos, deducciones no autorizadas o desactualizaci\u00f3n de tablas fiscales pueden causar conflictos, multas y p\u00e9rdida de credibilidad.<br><\/li>\n\n\n\n<li>Implementar buenas pr\u00e1cticas, mantener sistemas actualizados y comunicar con claridad cualquier cambio en la n\u00f3mina es una estrategia clave para la salud organizacional y el bienestar de los empleados.<\/li>\n<\/ul>\n\n\n\n<div class=\"wp-block-media-text\" style=\"grid-template-columns:35% auto\"><figure class=\"wp-block-media-text__media\"><img loading=\"lazy\" decoding=\"async\" width=\"725\" height=\"1024\" src=\"http:\/\/imecaf.com\/blog\/wp-content\/uploads\/conclusion-30-725x1024.png\" alt=\"Conclusi\u00f3n sobre Percepciones y Deducciones de N\u00f3mina\" class=\"wp-image-18370 size-full\" srcset=\"https:\/\/imecaf.com\/blog\/wp-content\/uploads\/conclusion-30-725x1024.png 725w, https:\/\/imecaf.com\/blog\/wp-content\/uploads\/conclusion-30-212x300.png 212w, https:\/\/imecaf.com\/blog\/wp-content\/uploads\/conclusion-30-768x1085.png 768w, https:\/\/imecaf.com\/blog\/wp-content\/uploads\/conclusion-30.png 920w\" sizes=\"auto, (max-width: 725px) 100vw, 725px\" \/><\/figure><div class=\"wp-block-media-text__content\">\n<p>Si quieres dominar a fondo estos temas, te invitamos a conocer nuestro <a href=\"https:\/\/imecaf.com\/23\" target=\"_blank\" rel=\"noreferrer noopener\"><strong><em>Curso de N\u00f3minas<\/em><\/strong><\/a>, donde aprender\u00e1s todo lo necesario para gestionar pagos de forma profesional.<\/p>\n\n\n\n<p>Adem\u00e1s, no te pierdas nuestro art\u00edculo anterior: <a href=\"http:\/\/imecaf.com\/blog\/2025\/03\/25\/software-de-nomina\/\" target=\"_blank\" rel=\"noreferrer noopener\"><strong><em>Software de N\u00f3mina: Automatiza y Mejora la Gesti\u00f3n de Pagos en tu Empresa<\/em><\/strong><\/a>, ideal para quienes buscan optimizar a\u00fan m\u00e1s sus procesos.<\/p>\n<\/div><\/div>\n\n\n\n<hr class=\"wp-block-separator has-text-color has-alpha-channel-opacity has-background is-style-wide\" style=\"background-color:#bd5600;color:#bd5600\"\/>\n\n\n\n<h2 class=\"wp-block-heading\"><strong>FAQ sobre Percepciones y Deducciones de N\u00f3mina<\/strong><\/h2>\n\n\n\n<details class=\"wp-block-details is-layout-flow wp-block-details-is-layout-flow\"><summary><strong>\u00bfQu\u00e9 son las percepciones y deducciones de n\u00f3mina y cu\u00e1l es su diferencia?<\/strong><\/summary>\n<p>Las <strong>percepciones<\/strong> representan todos los ingresos que recibe el empleado, incluyendo salario base, bonos y prestaciones en especie. Las <strong>deducciones<\/strong> son los descuentos obligatorios o voluntarios que se aplican sobre el salario bruto para obtener el sueldo neto.<\/p>\n<\/details>\n\n\n\n<details class=\"wp-block-details is-layout-flow wp-block-details-is-layout-flow\"><summary><strong>\u00bfCu\u00e1les son las percepciones ordinarias y extraordinarias en la n\u00f3mina?<\/strong><\/summary>\n<p>Las percepciones ordinarias son pagos regulares y fijos como el salario base mensual. Las percepciones extraordinarias son ingresos adicionales como bonos, comisiones, aguinaldo y pago por horas extra, que se otorgan de manera eventual.<\/p>\n<\/details>\n\n\n\n<details class=\"wp-block-details is-layout-flow wp-block-details-is-layout-flow\"><summary><strong>\u00bfQu\u00e9 deducciones son obligatorias en las percepciones y deducciones de n\u00f3mina?<\/strong><\/summary>\n<p>Las deducciones obligatorias incluyen el Impuesto Sobre la Renta (ISR), las aportaciones al Instituto Mexicano del Seguro Social (IMSS), las cuotas al Infonavit y los pagos relacionados con cr\u00e9ditos Fonacot, que el empleador debe retener y enterar seg\u00fan la ley.<\/p>\n<\/details>\n\n\n\n<details class=\"wp-block-details is-layout-flow wp-block-details-is-layout-flow\"><summary><strong>\u00bfC\u00f3mo afectan las percepciones y deducciones de n\u00f3mina al sueldo neto del trabajador?<\/strong><\/summary>\n<p>Las percepciones aumentan el salario bruto, mientras que las deducciones disminuyen el monto total para cumplir con las obligaciones fiscales y sociales, resultando en el sueldo neto que el trabajador recibe en su cuenta.<\/p>\n<\/details>\n\n\n\n<details class=\"wp-block-details is-layout-flow wp-block-details-is-layout-flow\"><summary><strong>\u00bfQu\u00e9 riesgos existen al no gestionar correctamente las percepciones y deducciones de n\u00f3mina?<\/strong><\/summary>\n<p>Una mala gesti\u00f3n puede provocar multas fiscales, <a href=\"https:\/\/imecaf.com\/394\" target=\"_blank\" rel=\"noreferrer noopener\"><strong><em>sanciones por parte del IMSS e Infonavit<\/em><\/strong><\/a>, conflictos laborales por pagos incorrectos y p\u00e9rdida de confianza por parte de los empleados.<\/p>\n<\/details>\n\n\n\n<details class=\"wp-block-details is-layout-flow wp-block-details-is-layout-flow\"><summary><strong>\u00bfC\u00f3mo se calcula el Impuesto Sobre la Renta (ISR) dentro de las deducciones de n\u00f3mina?<\/strong><\/summary>\n<p>El ISR se calcula aplicando las tablas y tarifas vigentes publicadas por el SAT sobre el salario base m\u00e1s percepciones gravables, descontando deducciones autorizadas, para determinar el monto a retener.<\/p>\n<\/details>\n\n\n\n<details class=\"wp-block-details is-layout-flow wp-block-details-is-layout-flow\"><summary><strong>\u00bfQu\u00e9 deducciones voluntarias pueden incluirse en la n\u00f3mina?<\/strong><\/summary>\n<p>Las deducciones voluntarias son aquellas autorizadas por el trabajador, como planes de ahorro, cuotas sindicales, pr\u00e9stamos de la empresa y seguros adicionales.<\/p>\n<\/details>\n\n\n\n<details class=\"wp-block-details is-layout-flow wp-block-details-is-layout-flow\"><summary><strong>\u00bfC\u00f3mo garantizar que las percepciones y deducciones de n\u00f3mina cumplan con la legislaci\u00f3n vigente?<\/strong><\/summary>\n<p>Manteniendo actualizadas las tablas fiscales, capacitando al personal encargado de n\u00f3mina, usando sistemas automatizados y revisando peri\u00f3dicamente las pol\u00edticas internas y normativas legales.<\/p>\n<\/details>\n\n\n<figure class=\"wp-block-image\"><a href=\"http:\/\/imecaf.com\/blog\/wp-content\/uploads\/Percepciones-y-Deducciones-de-Nomina.pdf\"><img decoding=\"async\" style=\"width: 303px; height: auto;\" src=\"http:\/\/imecaf.com\/blog\/wp-content\/uploads\/Descargar-PDF-e1708732610860-1024x317.png\" alt=\"Percepciones y Deducciones de N\u00f3mina PDF\"\/><\/a><\/figure>","protected":false},"excerpt":{"rendered":"<p>Introducci\u00f3n La n\u00f3mina es el coraz\u00f3n financiero de cualquier empresa, ya que refleja la relaci\u00f3n laboral entre el empleador y los trabajadores. Dentro de ella, dos conceptos fundamentales determinan el salario final de cada colaborador: percepciones y deducciones. Comprender a fondo estos elementos no solo garantiza el cumplimiento de las obligaciones legales y fiscales, sino &#8230; <a title=\"Percepciones y Deducciones de N\u00f3mina: Todo lo que Debes Saber para una Gesti\u00f3n Eficiente\" class=\"read-more\" href=\"https:\/\/imecaf.com\/blog\/2025\/08\/01\/percepciones-y-deducciones-de-nomina\/\">Leer m\u00e1s <span class=\"screen-reader-text\">Percepciones y Deducciones de N\u00f3mina: Todo lo que Debes Saber para una Gesti\u00f3n Eficiente<\/span><\/a><\/p>\n","protected":false},"author":2,"featured_media":18341,"comment_status":"open","ping_status":"closed","sticky":false,"template":"","format":"standard","meta":{"footnotes":""},"categories":[285,9],"tags":[11717,2996,11714,11718,11716,10782,2726,11719,1038,1042,7160,10893],"class_list":["post-18340","post","type-post","status-publish","format-standard","has-post-thumbnail","hentry","category-articulos-fiscal","category-fiscal","tag-aportaciones-imss","tag-beneficios","tag-clasificacion","tag-creditos-fonacot","tag-cuotas-infonavit","tag-deducciones","tag-impuesto-sobre-la-renta","tag-ley-del-imss","tag-ley-del-isr","tag-ley-federal-del-trabajo","tag-nomina","tag-percepciones"],"yoast_head":"<!-- This site is optimized with the Yoast SEO plugin v27.5 - https:\/\/yoast.com\/product\/yoast-seo-wordpress\/ -->\n<title>Percepciones y Deducciones de N\u00f3mina: Todo lo que debes saber<\/title>\n<meta name=\"description\" content=\"Descubre qu\u00e9 son las percepciones y deducciones de n\u00f3mina y aprende a gestionarlas de forma legal, precisa y eficiente en tu empresa.\" \/>\n<meta name=\"robots\" content=\"index, follow, max-snippet:-1, max-image-preview:large, max-video-preview:-1\" \/>\n<link rel=\"canonical\" href=\"https:\/\/imecaf.com\/blog\/2025\/08\/01\/percepciones-y-deducciones-de-nomina\/\" \/>\n<meta property=\"og:locale\" content=\"es_ES\" \/>\n<meta property=\"og:type\" content=\"article\" \/>\n<meta property=\"og:title\" content=\"Percepciones y Deducciones de N\u00f3mima: Todo lo que debes saber\" \/>\n<meta property=\"og:description\" content=\"Descubre qu\u00e9 son las percepciones y deducciones de n\u00f3mina y aprende a gestionarlas de forma legal, precisa y eficiente en tu empresa.\" \/>\n<meta property=\"og:url\" content=\"https:\/\/imecaf.com\/blog\/2025\/08\/01\/percepciones-y-deducciones-de-nomina\/\" \/>\n<meta property=\"og:site_name\" content=\"IMECAF - Blog\" \/>\n<meta property=\"article:publisher\" content=\"https:\/\/www.facebook.com\/IMECAF\" \/>\n<meta property=\"article:published_time\" content=\"2025-08-01T17:56:54+00:00\" \/>\n<meta property=\"article:modified_time\" content=\"2025-11-13T17:30:00+00:00\" \/>\n<meta property=\"og:image\" content=\"https:\/\/imecaf.com\/blog\/wp-content\/uploads\/Percepciones-y-Deducciones-de-Nomina.jpg\" \/>\n\t<meta property=\"og:image:width\" content=\"750\" \/>\n\t<meta property=\"og:image:height\" content=\"450\" \/>\n\t<meta property=\"og:image:type\" content=\"image\/jpeg\" \/>\n<meta name=\"author\" content=\"Equipo de IMECAF\" \/>\n<meta name=\"twitter:card\" content=\"summary_large_image\" \/>\n<meta name=\"twitter:title\" content=\"Percepciones y Deducciones de N\u00f3mima: Todo lo que debes saber\" \/>\n<meta name=\"twitter:description\" content=\"Descubre qu\u00e9 son las percepciones y deducciones de n\u00f3mina y aprende a gestionarlas de forma legal, precisa y eficiente en tu empresa.\" \/>\n<meta name=\"twitter:image\" content=\"https:\/\/imecaf.com\/blog\/wp-content\/uploads\/Percepciones-y-Deducciones-de-Nomina.jpg\" \/>\n<meta name=\"twitter:creator\" content=\"@imecaf\" \/>\n<meta name=\"twitter:site\" content=\"@imecaf\" \/>\n<meta name=\"twitter:label1\" content=\"Escrito por\" \/>\n\t<meta name=\"twitter:data1\" content=\"Equipo de IMECAF\" \/>\n\t<meta name=\"twitter:label2\" content=\"Tiempo de lectura\" \/>\n\t<meta name=\"twitter:data2\" content=\"19 minutos\" \/>\n<script type=\"application\/ld+json\" class=\"yoast-schema-graph\">{\"@context\":\"https:\\\/\\\/schema.org\",\"@graph\":[{\"@type\":\"Article\",\"@id\":\"https:\\\/\\\/imecaf.com\\\/blog\\\/2025\\\/08\\\/01\\\/percepciones-y-deducciones-de-nomina\\\/#article\",\"isPartOf\":{\"@id\":\"https:\\\/\\\/imecaf.com\\\/blog\\\/2025\\\/08\\\/01\\\/percepciones-y-deducciones-de-nomina\\\/\"},\"author\":{\"name\":\"Equipo de IMECAF\",\"@id\":\"https:\\\/\\\/imecaf.com\\\/blog\\\/#\\\/schema\\\/person\\\/a69b9f3972250aa0b1fdb798f094b4c7\"},\"headline\":\"Percepciones y Deducciones de N\u00f3mina: Todo lo que Debes Saber para una Gesti\u00f3n Eficiente\",\"datePublished\":\"2025-08-01T17:56:54+00:00\",\"dateModified\":\"2025-11-13T17:30:00+00:00\",\"mainEntityOfPage\":{\"@id\":\"https:\\\/\\\/imecaf.com\\\/blog\\\/2025\\\/08\\\/01\\\/percepciones-y-deducciones-de-nomina\\\/\"},\"wordCount\":3235,\"commentCount\":0,\"publisher\":{\"@id\":\"https:\\\/\\\/imecaf.com\\\/blog\\\/#organization\"},\"image\":{\"@id\":\"https:\\\/\\\/imecaf.com\\\/blog\\\/2025\\\/08\\\/01\\\/percepciones-y-deducciones-de-nomina\\\/#primaryimage\"},\"thumbnailUrl\":\"https:\\\/\\\/imecaf.com\\\/blog\\\/wp-content\\\/uploads\\\/Percepciones-y-Deducciones-de-Nomina.jpg\",\"keywords\":[\"aportaciones IMSS\",\"beneficios\",\"clasificacion\",\"creditos fonacot\",\"Cuotas infonavit\",\"deducciones\",\"impuesto sobre la renta\",\"ley del imss\",\"ley del isr\",\"ley federal del trabajo\",\"nomina\",\"percepciones\"],\"articleSection\":[\"Art\u00edculos\",\"Fiscal\"],\"inLanguage\":\"es\",\"potentialAction\":[{\"@type\":\"CommentAction\",\"name\":\"Comment\",\"target\":[\"https:\\\/\\\/imecaf.com\\\/blog\\\/2025\\\/08\\\/01\\\/percepciones-y-deducciones-de-nomina\\\/#respond\"]}]},{\"@type\":\"WebPage\",\"@id\":\"https:\\\/\\\/imecaf.com\\\/blog\\\/2025\\\/08\\\/01\\\/percepciones-y-deducciones-de-nomina\\\/\",\"url\":\"https:\\\/\\\/imecaf.com\\\/blog\\\/2025\\\/08\\\/01\\\/percepciones-y-deducciones-de-nomina\\\/\",\"name\":\"Percepciones y Deducciones de N\u00f3mina: Todo lo que debes saber\",\"isPartOf\":{\"@id\":\"https:\\\/\\\/imecaf.com\\\/blog\\\/#website\"},\"primaryImageOfPage\":{\"@id\":\"https:\\\/\\\/imecaf.com\\\/blog\\\/2025\\\/08\\\/01\\\/percepciones-y-deducciones-de-nomina\\\/#primaryimage\"},\"image\":{\"@id\":\"https:\\\/\\\/imecaf.com\\\/blog\\\/2025\\\/08\\\/01\\\/percepciones-y-deducciones-de-nomina\\\/#primaryimage\"},\"thumbnailUrl\":\"https:\\\/\\\/imecaf.com\\\/blog\\\/wp-content\\\/uploads\\\/Percepciones-y-Deducciones-de-Nomina.jpg\",\"datePublished\":\"2025-08-01T17:56:54+00:00\",\"dateModified\":\"2025-11-13T17:30:00+00:00\",\"description\":\"Descubre qu\u00e9 son las percepciones y deducciones de n\u00f3mina y aprende a gestionarlas de forma legal, precisa y eficiente en tu empresa.\",\"breadcrumb\":{\"@id\":\"https:\\\/\\\/imecaf.com\\\/blog\\\/2025\\\/08\\\/01\\\/percepciones-y-deducciones-de-nomina\\\/#breadcrumb\"},\"inLanguage\":\"es\",\"potentialAction\":[{\"@type\":\"ReadAction\",\"target\":[\"https:\\\/\\\/imecaf.com\\\/blog\\\/2025\\\/08\\\/01\\\/percepciones-y-deducciones-de-nomina\\\/\"]}]},{\"@type\":\"ImageObject\",\"inLanguage\":\"es\",\"@id\":\"https:\\\/\\\/imecaf.com\\\/blog\\\/2025\\\/08\\\/01\\\/percepciones-y-deducciones-de-nomina\\\/#primaryimage\",\"url\":\"https:\\\/\\\/imecaf.com\\\/blog\\\/wp-content\\\/uploads\\\/Percepciones-y-Deducciones-de-Nomina.jpg\",\"contentUrl\":\"https:\\\/\\\/imecaf.com\\\/blog\\\/wp-content\\\/uploads\\\/Percepciones-y-Deducciones-de-Nomina.jpg\",\"width\":750,\"height\":450},{\"@type\":\"BreadcrumbList\",\"@id\":\"https:\\\/\\\/imecaf.com\\\/blog\\\/2025\\\/08\\\/01\\\/percepciones-y-deducciones-de-nomina\\\/#breadcrumb\",\"itemListElement\":[{\"@type\":\"ListItem\",\"position\":1,\"name\":\"Portada\",\"item\":\"https:\\\/\\\/imecaf.com\\\/blog\\\/\"},{\"@type\":\"ListItem\",\"position\":2,\"name\":\"Percepciones y Deducciones de N\u00f3mina: Todo lo que Debes Saber para una Gesti\u00f3n Eficiente\"}]},{\"@type\":\"WebSite\",\"@id\":\"https:\\\/\\\/imecaf.com\\\/blog\\\/#website\",\"url\":\"https:\\\/\\\/imecaf.com\\\/blog\\\/\",\"name\":\"IMECAF\",\"description\":\"Un lugar para expresar y compartir inquietudes dentro del mundo de la educaci\u00f3n.\",\"publisher\":{\"@id\":\"https:\\\/\\\/imecaf.com\\\/blog\\\/#organization\"},\"potentialAction\":[{\"@type\":\"SearchAction\",\"target\":{\"@type\":\"EntryPoint\",\"urlTemplate\":\"https:\\\/\\\/imecaf.com\\\/blog\\\/?s={search_term_string}\"},\"query-input\":{\"@type\":\"PropertyValueSpecification\",\"valueRequired\":true,\"valueName\":\"search_term_string\"}}],\"inLanguage\":\"es\"},{\"@type\":\"Organization\",\"@id\":\"https:\\\/\\\/imecaf.com\\\/blog\\\/#organization\",\"name\":\"IMECAF - Instituto Mexicano de Contabilidad, Administraci\u00f3n y Finanzas\",\"url\":\"https:\\\/\\\/imecaf.com\\\/blog\\\/\",\"logo\":{\"@type\":\"ImageObject\",\"inLanguage\":\"es\",\"@id\":\"https:\\\/\\\/imecaf.com\\\/blog\\\/#\\\/schema\\\/logo\\\/image\\\/\",\"url\":\"https:\\\/\\\/imecaf.com\\\/blog\\\/wp-content\\\/uploads\\\/IMECAF.Logo_.25.png\",\"contentUrl\":\"https:\\\/\\\/imecaf.com\\\/blog\\\/wp-content\\\/uploads\\\/IMECAF.Logo_.25.png\",\"width\":350,\"height\":350,\"caption\":\"IMECAF - Instituto Mexicano de Contabilidad, Administraci\u00f3n y Finanzas\"},\"image\":{\"@id\":\"https:\\\/\\\/imecaf.com\\\/blog\\\/#\\\/schema\\\/logo\\\/image\\\/\"},\"sameAs\":[\"https:\\\/\\\/www.facebook.com\\\/IMECAF\",\"https:\\\/\\\/x.com\\\/imecaf\",\"https:\\\/\\\/www.linkedin.com\\\/company\\\/imecaf\\\/\",\"https:\\\/\\\/www.youtube.com\\\/imecaf\",\"https:\\\/\\\/www.instagram.com\\\/imecaf_mx\\\/\",\"https:\\\/\\\/imecaf.negocio.site\\\/\"]},{\"@type\":\"Person\",\"@id\":\"https:\\\/\\\/imecaf.com\\\/blog\\\/#\\\/schema\\\/person\\\/a69b9f3972250aa0b1fdb798f094b4c7\",\"name\":\"Equipo de IMECAF\",\"image\":{\"@type\":\"ImageObject\",\"inLanguage\":\"es\",\"@id\":\"https:\\\/\\\/secure.gravatar.com\\\/avatar\\\/4b4242953c12937bd47e298d7922b4d01ffafe2955ce4235d318b8950782aa13?s=96&d=mm&r=g\",\"url\":\"https:\\\/\\\/secure.gravatar.com\\\/avatar\\\/4b4242953c12937bd47e298d7922b4d01ffafe2955ce4235d318b8950782aa13?s=96&d=mm&r=g\",\"contentUrl\":\"https:\\\/\\\/secure.gravatar.com\\\/avatar\\\/4b4242953c12937bd47e298d7922b4d01ffafe2955ce4235d318b8950782aa13?s=96&d=mm&r=g\",\"caption\":\"Equipo de IMECAF\"},\"url\":\"https:\\\/\\\/imecaf.com\\\/blog\\\/author\\\/mfonticoba\\\/\"}]}<\/script>\n<!-- \/ Yoast SEO plugin. -->","yoast_head_json":{"title":"Percepciones y Deducciones de N\u00f3mina: Todo lo que debes saber","description":"Descubre qu\u00e9 son las percepciones y deducciones de n\u00f3mina y aprende a gestionarlas de forma legal, precisa y eficiente en tu empresa.","robots":{"index":"index","follow":"follow","max-snippet":"max-snippet:-1","max-image-preview":"max-image-preview:large","max-video-preview":"max-video-preview:-1"},"canonical":"https:\/\/imecaf.com\/blog\/2025\/08\/01\/percepciones-y-deducciones-de-nomina\/","og_locale":"es_ES","og_type":"article","og_title":"Percepciones y Deducciones de N\u00f3mima: Todo lo que debes saber","og_description":"Descubre qu\u00e9 son las percepciones y deducciones de n\u00f3mina y aprende a gestionarlas de forma legal, precisa y eficiente en tu empresa.","og_url":"https:\/\/imecaf.com\/blog\/2025\/08\/01\/percepciones-y-deducciones-de-nomina\/","og_site_name":"IMECAF - Blog","article_publisher":"https:\/\/www.facebook.com\/IMECAF","article_published_time":"2025-08-01T17:56:54+00:00","article_modified_time":"2025-11-13T17:30:00+00:00","og_image":[{"width":750,"height":450,"url":"https:\/\/imecaf.com\/blog\/wp-content\/uploads\/Percepciones-y-Deducciones-de-Nomina.jpg","type":"image\/jpeg"}],"author":"Equipo de IMECAF","twitter_card":"summary_large_image","twitter_title":"Percepciones y Deducciones de N\u00f3mima: Todo lo que debes saber","twitter_description":"Descubre qu\u00e9 son las percepciones y deducciones de n\u00f3mina y aprende a gestionarlas de forma legal, precisa y eficiente en tu empresa.","twitter_image":"https:\/\/imecaf.com\/blog\/wp-content\/uploads\/Percepciones-y-Deducciones-de-Nomina.jpg","twitter_creator":"@imecaf","twitter_site":"@imecaf","twitter_misc":{"Escrito por":"Equipo de IMECAF","Tiempo de lectura":"19 minutos"},"schema":{"@context":"https:\/\/schema.org","@graph":[{"@type":"Article","@id":"https:\/\/imecaf.com\/blog\/2025\/08\/01\/percepciones-y-deducciones-de-nomina\/#article","isPartOf":{"@id":"https:\/\/imecaf.com\/blog\/2025\/08\/01\/percepciones-y-deducciones-de-nomina\/"},"author":{"name":"Equipo de IMECAF","@id":"https:\/\/imecaf.com\/blog\/#\/schema\/person\/a69b9f3972250aa0b1fdb798f094b4c7"},"headline":"Percepciones y Deducciones de N\u00f3mina: Todo lo que Debes Saber para una Gesti\u00f3n Eficiente","datePublished":"2025-08-01T17:56:54+00:00","dateModified":"2025-11-13T17:30:00+00:00","mainEntityOfPage":{"@id":"https:\/\/imecaf.com\/blog\/2025\/08\/01\/percepciones-y-deducciones-de-nomina\/"},"wordCount":3235,"commentCount":0,"publisher":{"@id":"https:\/\/imecaf.com\/blog\/#organization"},"image":{"@id":"https:\/\/imecaf.com\/blog\/2025\/08\/01\/percepciones-y-deducciones-de-nomina\/#primaryimage"},"thumbnailUrl":"https:\/\/imecaf.com\/blog\/wp-content\/uploads\/Percepciones-y-Deducciones-de-Nomina.jpg","keywords":["aportaciones IMSS","beneficios","clasificacion","creditos fonacot","Cuotas infonavit","deducciones","impuesto sobre la renta","ley del imss","ley del isr","ley federal del trabajo","nomina","percepciones"],"articleSection":["Art\u00edculos","Fiscal"],"inLanguage":"es","potentialAction":[{"@type":"CommentAction","name":"Comment","target":["https:\/\/imecaf.com\/blog\/2025\/08\/01\/percepciones-y-deducciones-de-nomina\/#respond"]}]},{"@type":"WebPage","@id":"https:\/\/imecaf.com\/blog\/2025\/08\/01\/percepciones-y-deducciones-de-nomina\/","url":"https:\/\/imecaf.com\/blog\/2025\/08\/01\/percepciones-y-deducciones-de-nomina\/","name":"Percepciones y Deducciones de N\u00f3mina: Todo lo que debes saber","isPartOf":{"@id":"https:\/\/imecaf.com\/blog\/#website"},"primaryImageOfPage":{"@id":"https:\/\/imecaf.com\/blog\/2025\/08\/01\/percepciones-y-deducciones-de-nomina\/#primaryimage"},"image":{"@id":"https:\/\/imecaf.com\/blog\/2025\/08\/01\/percepciones-y-deducciones-de-nomina\/#primaryimage"},"thumbnailUrl":"https:\/\/imecaf.com\/blog\/wp-content\/uploads\/Percepciones-y-Deducciones-de-Nomina.jpg","datePublished":"2025-08-01T17:56:54+00:00","dateModified":"2025-11-13T17:30:00+00:00","description":"Descubre qu\u00e9 son las percepciones y deducciones de n\u00f3mina y aprende a gestionarlas de forma legal, precisa y eficiente en tu empresa.","breadcrumb":{"@id":"https:\/\/imecaf.com\/blog\/2025\/08\/01\/percepciones-y-deducciones-de-nomina\/#breadcrumb"},"inLanguage":"es","potentialAction":[{"@type":"ReadAction","target":["https:\/\/imecaf.com\/blog\/2025\/08\/01\/percepciones-y-deducciones-de-nomina\/"]}]},{"@type":"ImageObject","inLanguage":"es","@id":"https:\/\/imecaf.com\/blog\/2025\/08\/01\/percepciones-y-deducciones-de-nomina\/#primaryimage","url":"https:\/\/imecaf.com\/blog\/wp-content\/uploads\/Percepciones-y-Deducciones-de-Nomina.jpg","contentUrl":"https:\/\/imecaf.com\/blog\/wp-content\/uploads\/Percepciones-y-Deducciones-de-Nomina.jpg","width":750,"height":450},{"@type":"BreadcrumbList","@id":"https:\/\/imecaf.com\/blog\/2025\/08\/01\/percepciones-y-deducciones-de-nomina\/#breadcrumb","itemListElement":[{"@type":"ListItem","position":1,"name":"Portada","item":"https:\/\/imecaf.com\/blog\/"},{"@type":"ListItem","position":2,"name":"Percepciones y Deducciones de N\u00f3mina: Todo lo que Debes Saber para una Gesti\u00f3n Eficiente"}]},{"@type":"WebSite","@id":"https:\/\/imecaf.com\/blog\/#website","url":"https:\/\/imecaf.com\/blog\/","name":"IMECAF","description":"Un lugar para expresar y compartir inquietudes dentro del mundo de la educaci\u00f3n.","publisher":{"@id":"https:\/\/imecaf.com\/blog\/#organization"},"potentialAction":[{"@type":"SearchAction","target":{"@type":"EntryPoint","urlTemplate":"https:\/\/imecaf.com\/blog\/?s={search_term_string}"},"query-input":{"@type":"PropertyValueSpecification","valueRequired":true,"valueName":"search_term_string"}}],"inLanguage":"es"},{"@type":"Organization","@id":"https:\/\/imecaf.com\/blog\/#organization","name":"IMECAF - Instituto Mexicano de Contabilidad, Administraci\u00f3n y Finanzas","url":"https:\/\/imecaf.com\/blog\/","logo":{"@type":"ImageObject","inLanguage":"es","@id":"https:\/\/imecaf.com\/blog\/#\/schema\/logo\/image\/","url":"https:\/\/imecaf.com\/blog\/wp-content\/uploads\/IMECAF.Logo_.25.png","contentUrl":"https:\/\/imecaf.com\/blog\/wp-content\/uploads\/IMECAF.Logo_.25.png","width":350,"height":350,"caption":"IMECAF - Instituto Mexicano de Contabilidad, Administraci\u00f3n y Finanzas"},"image":{"@id":"https:\/\/imecaf.com\/blog\/#\/schema\/logo\/image\/"},"sameAs":["https:\/\/www.facebook.com\/IMECAF","https:\/\/x.com\/imecaf","https:\/\/www.linkedin.com\/company\/imecaf\/","https:\/\/www.youtube.com\/imecaf","https:\/\/www.instagram.com\/imecaf_mx\/","https:\/\/imecaf.negocio.site\/"]},{"@type":"Person","@id":"https:\/\/imecaf.com\/blog\/#\/schema\/person\/a69b9f3972250aa0b1fdb798f094b4c7","name":"Equipo de IMECAF","image":{"@type":"ImageObject","inLanguage":"es","@id":"https:\/\/secure.gravatar.com\/avatar\/4b4242953c12937bd47e298d7922b4d01ffafe2955ce4235d318b8950782aa13?s=96&d=mm&r=g","url":"https:\/\/secure.gravatar.com\/avatar\/4b4242953c12937bd47e298d7922b4d01ffafe2955ce4235d318b8950782aa13?s=96&d=mm&r=g","contentUrl":"https:\/\/secure.gravatar.com\/avatar\/4b4242953c12937bd47e298d7922b4d01ffafe2955ce4235d318b8950782aa13?s=96&d=mm&r=g","caption":"Equipo de IMECAF"},"url":"https:\/\/imecaf.com\/blog\/author\/mfonticoba\/"}]}},"_links":{"self":[{"href":"https:\/\/imecaf.com\/blog\/wp-json\/wp\/v2\/posts\/18340","targetHints":{"allow":["GET"]}}],"collection":[{"href":"https:\/\/imecaf.com\/blog\/wp-json\/wp\/v2\/posts"}],"about":[{"href":"https:\/\/imecaf.com\/blog\/wp-json\/wp\/v2\/types\/post"}],"author":[{"embeddable":true,"href":"https:\/\/imecaf.com\/blog\/wp-json\/wp\/v2\/users\/2"}],"replies":[{"embeddable":true,"href":"https:\/\/imecaf.com\/blog\/wp-json\/wp\/v2\/comments?post=18340"}],"version-history":[{"count":9,"href":"https:\/\/imecaf.com\/blog\/wp-json\/wp\/v2\/posts\/18340\/revisions"}],"predecessor-version":[{"id":18938,"href":"https:\/\/imecaf.com\/blog\/wp-json\/wp\/v2\/posts\/18340\/revisions\/18938"}],"wp:featuredmedia":[{"embeddable":true,"href":"https:\/\/imecaf.com\/blog\/wp-json\/wp\/v2\/media\/18341"}],"wp:attachment":[{"href":"https:\/\/imecaf.com\/blog\/wp-json\/wp\/v2\/media?parent=18340"}],"wp:term":[{"taxonomy":"category","embeddable":true,"href":"https:\/\/imecaf.com\/blog\/wp-json\/wp\/v2\/categories?post=18340"},{"taxonomy":"post_tag","embeddable":true,"href":"https:\/\/imecaf.com\/blog\/wp-json\/wp\/v2\/tags?post=18340"}],"curies":[{"name":"wp","href":"https:\/\/api.w.org\/{rel}","templated":true}]}}