{"id":18777,"date":"2025-09-19T09:39:12","date_gmt":"2025-09-19T15:39:12","guid":{"rendered":"http:\/\/imecaf.com\/blog\/?p=18777"},"modified":"2025-09-19T09:39:13","modified_gmt":"2025-09-19T15:39:13","slug":"la-educacion-superior-estadounidense","status":"publish","type":"post","link":"https:\/\/imecaf.com\/blog\/2025\/09\/19\/la-educacion-superior-estadounidense\/","title":{"rendered":"La educaci\u00f3n superior estadounidense"},"content":{"rendered":"<span class=\"span-reading-time rt-reading-time\" style=\"display: block;\"><span class=\"rt-label rt-prefix\">Tiempo de lectura:<\/span> <span class=\"rt-time\"> &lt; 1<\/span> <span class=\"rt-label rt-postfix\">minuto<\/span><\/span>\n<p>\u00abLa historia de la educaci\u00f3n superior estadounidense a lo largo del siglo XX es extraordinaria: la historia de la creaci\u00f3n de un conjunto de instituciones poderosas, la envidia del mundo civilizado. En su d\u00eda, tanto entre el estudiantado como entre el profesorado, eran dominio exclusivo de los hijos de personas privilegiadas, generalmente WASP (protestantes blancos anglosajones).\u00bb<\/p>\n\n\n\n<p>Rick Perlstein (1969- ) Historiador, escritor y periodista estadounidense.<\/p>\n","protected":false},"excerpt":{"rendered":"<p>\u00abLa historia de la educaci\u00f3n superior estadounidense a lo largo del siglo XX es extraordinaria: la historia de la creaci\u00f3n de un conjunto de instituciones poderosas, la envidia del mundo civilizado. En su d\u00eda, tanto entre el estudiantado como entre el profesorado, eran dominio exclusivo de los hijos de personas privilegiadas, generalmente WASP (protestantes blancos &#8230; <a title=\"La educaci\u00f3n superior estadounidense\" class=\"read-more\" href=\"https:\/\/imecaf.com\/blog\/2025\/09\/19\/la-educacion-superior-estadounidense\/\">Leer m\u00e1s <span class=\"screen-reader-text\">La educaci\u00f3n superior estadounidense<\/span><\/a><\/p>\n","protected":false},"author":2,"featured_media":0,"comment_status":"open","ping_status":"closed","sticky":false,"template":"","format":"standard","meta":{"footnotes":""},"categories":[12,4],"tags":[19,1240,4007,5593,8876,3063,1559,8868,3068,7106,699,230,832,3534,107,11848,98],"class_list":["post-18777","post","type-post","status-publish","format-standard","hentry","category-educacion","category-frases-celebres","tag-blog-imecaf","tag-civilizacion","tag-creacion","tag-dominio","tag-educacion","tag-estados-unidos","tag-estudiante","tag-frase-celebre-2","tag-historia","tag-institucion","tag-mundo","tag-persona","tag-poder","tag-privilegio","tag-profesor","tag-rick-perlstein","tag-superior"],"yoast_head":"<!-- This site is optimized with the Yoast SEO plugin v27.5 - https:\/\/yoast.com\/product\/yoast-seo-wordpress\/ -->\n<title>La educaci\u00f3n superior estadounidense - IMECAF - Blog<\/title>\n<meta name=\"robots\" content=\"index, follow, max-snippet:-1, max-image-preview:large, max-video-preview:-1\" \/>\n<link rel=\"canonical\" href=\"https:\/\/imecaf.com\/blog\/2025\/09\/19\/la-educacion-superior-estadounidense\/\" \/>\n<meta property=\"og:locale\" content=\"es_ES\" \/>\n<meta property=\"og:type\" content=\"article\" \/>\n<meta property=\"og:title\" content=\"La educaci\u00f3n superior estadounidense - IMECAF - Blog\" \/>\n<meta property=\"og:description\" content=\"\u00abLa historia de la educaci\u00f3n superior estadounidense a lo largo del siglo XX es extraordinaria: la historia de la creaci\u00f3n de un conjunto de instituciones poderosas, la envidia del mundo civilizado. En su d\u00eda, tanto entre el estudiantado como entre el profesorado, eran dominio exclusivo de los hijos de personas privilegiadas, generalmente WASP (protestantes blancos ... Leer m\u00e1s La educaci\u00f3n superior estadounidense\" \/>\n<meta property=\"og:url\" content=\"https:\/\/imecaf.com\/blog\/2025\/09\/19\/la-educacion-superior-estadounidense\/\" \/>\n<meta property=\"og:site_name\" content=\"IMECAF - Blog\" \/>\n<meta property=\"article:publisher\" content=\"https:\/\/www.facebook.com\/IMECAF\" \/>\n<meta property=\"article:published_time\" content=\"2025-09-19T15:39:12+00:00\" \/>\n<meta property=\"article:modified_time\" content=\"2025-09-19T15:39:13+00:00\" \/>\n<meta name=\"author\" content=\"Equipo de IMECAF\" \/>\n<meta name=\"twitter:card\" content=\"summary_large_image\" \/>\n<meta name=\"twitter:creator\" content=\"@imecaf\" \/>\n<meta name=\"twitter:site\" content=\"@imecaf\" \/>\n<meta name=\"twitter:label1\" content=\"Escrito por\" \/>\n\t<meta name=\"twitter:data1\" content=\"Equipo de IMECAF\" \/>\n\t<meta name=\"twitter:label2\" content=\"Tiempo de lectura\" \/>\n\t<meta name=\"twitter:data2\" content=\"1 minuto\" \/>\n<script type=\"application\/ld+json\" class=\"yoast-schema-graph\">{\"@context\":\"https:\\\/\\\/schema.org\",\"@graph\":[{\"@type\":\"Article\",\"@id\":\"https:\\\/\\\/imecaf.com\\\/blog\\\/2025\\\/09\\\/19\\\/la-educacion-superior-estadounidense\\\/#article\",\"isPartOf\":{\"@id\":\"https:\\\/\\\/imecaf.com\\\/blog\\\/2025\\\/09\\\/19\\\/la-educacion-superior-estadounidense\\\/\"},\"author\":{\"name\":\"Equipo de IMECAF\",\"@id\":\"https:\\\/\\\/imecaf.com\\\/blog\\\/#\\\/schema\\\/person\\\/a69b9f3972250aa0b1fdb798f094b4c7\"},\"headline\":\"La educaci\u00f3n superior estadounidense\",\"datePublished\":\"2025-09-19T15:39:12+00:00\",\"dateModified\":\"2025-09-19T15:39:13+00:00\",\"mainEntityOfPage\":{\"@id\":\"https:\\\/\\\/imecaf.com\\\/blog\\\/2025\\\/09\\\/19\\\/la-educacion-superior-estadounidense\\\/\"},\"wordCount\":72,\"commentCount\":0,\"publisher\":{\"@id\":\"https:\\\/\\\/imecaf.com\\\/blog\\\/#organization\"},\"keywords\":[\"blog IMECAF\",\"civilizacion\",\"creacion\",\"dominio\",\"educacion\",\"estados unidos\",\"estudiante\",\"frase celebre\",\"historia\",\"institucion\",\"mundo\",\"persona\",\"poder\",\"privilegio\",\"profesor\",\"rick perlstein\",\"superior\"],\"articleSection\":[\"Educaci\u00f3n en General\",\"Frases C\u00e9lebres\"],\"inLanguage\":\"es\",\"potentialAction\":[{\"@type\":\"CommentAction\",\"name\":\"Comment\",\"target\":[\"https:\\\/\\\/imecaf.com\\\/blog\\\/2025\\\/09\\\/19\\\/la-educacion-superior-estadounidense\\\/#respond\"]}]},{\"@type\":\"WebPage\",\"@id\":\"https:\\\/\\\/imecaf.com\\\/blog\\\/2025\\\/09\\\/19\\\/la-educacion-superior-estadounidense\\\/\",\"url\":\"https:\\\/\\\/imecaf.com\\\/blog\\\/2025\\\/09\\\/19\\\/la-educacion-superior-estadounidense\\\/\",\"name\":\"La educaci\u00f3n superior estadounidense - IMECAF - Blog\",\"isPartOf\":{\"@id\":\"https:\\\/\\\/imecaf.com\\\/blog\\\/#website\"},\"datePublished\":\"2025-09-19T15:39:12+00:00\",\"dateModified\":\"2025-09-19T15:39:13+00:00\",\"breadcrumb\":{\"@id\":\"https:\\\/\\\/imecaf.com\\\/blog\\\/2025\\\/09\\\/19\\\/la-educacion-superior-estadounidense\\\/#breadcrumb\"},\"inLanguage\":\"es\",\"potentialAction\":[{\"@type\":\"ReadAction\",\"target\":[\"https:\\\/\\\/imecaf.com\\\/blog\\\/2025\\\/09\\\/19\\\/la-educacion-superior-estadounidense\\\/\"]}]},{\"@type\":\"BreadcrumbList\",\"@id\":\"https:\\\/\\\/imecaf.com\\\/blog\\\/2025\\\/09\\\/19\\\/la-educacion-superior-estadounidense\\\/#breadcrumb\",\"itemListElement\":[{\"@type\":\"ListItem\",\"position\":1,\"name\":\"Portada\",\"item\":\"https:\\\/\\\/imecaf.com\\\/blog\\\/\"},{\"@type\":\"ListItem\",\"position\":2,\"name\":\"La educaci\u00f3n superior estadounidense\"}]},{\"@type\":\"WebSite\",\"@id\":\"https:\\\/\\\/imecaf.com\\\/blog\\\/#website\",\"url\":\"https:\\\/\\\/imecaf.com\\\/blog\\\/\",\"name\":\"IMECAF\",\"description\":\"Un lugar para expresar y compartir inquietudes dentro del mundo de la educaci\u00f3n.\",\"publisher\":{\"@id\":\"https:\\\/\\\/imecaf.com\\\/blog\\\/#organization\"},\"potentialAction\":[{\"@type\":\"SearchAction\",\"target\":{\"@type\":\"EntryPoint\",\"urlTemplate\":\"https:\\\/\\\/imecaf.com\\\/blog\\\/?s={search_term_string}\"},\"query-input\":{\"@type\":\"PropertyValueSpecification\",\"valueRequired\":true,\"valueName\":\"search_term_string\"}}],\"inLanguage\":\"es\"},{\"@type\":\"Organization\",\"@id\":\"https:\\\/\\\/imecaf.com\\\/blog\\\/#organization\",\"name\":\"IMECAF - Instituto Mexicano de Contabilidad, Administraci\u00f3n y Finanzas\",\"url\":\"https:\\\/\\\/imecaf.com\\\/blog\\\/\",\"logo\":{\"@type\":\"ImageObject\",\"inLanguage\":\"es\",\"@id\":\"https:\\\/\\\/imecaf.com\\\/blog\\\/#\\\/schema\\\/logo\\\/image\\\/\",\"url\":\"https:\\\/\\\/imecaf.com\\\/blog\\\/wp-content\\\/uploads\\\/IMECAF.Logo_.25.png\",\"contentUrl\":\"https:\\\/\\\/imecaf.com\\\/blog\\\/wp-content\\\/uploads\\\/IMECAF.Logo_.25.png\",\"width\":350,\"height\":350,\"caption\":\"IMECAF - Instituto Mexicano de Contabilidad, Administraci\u00f3n y Finanzas\"},\"image\":{\"@id\":\"https:\\\/\\\/imecaf.com\\\/blog\\\/#\\\/schema\\\/logo\\\/image\\\/\"},\"sameAs\":[\"https:\\\/\\\/www.facebook.com\\\/IMECAF\",\"https:\\\/\\\/x.com\\\/imecaf\",\"https:\\\/\\\/www.linkedin.com\\\/company\\\/imecaf\\\/\",\"https:\\\/\\\/www.youtube.com\\\/imecaf\",\"https:\\\/\\\/www.instagram.com\\\/imecaf_mx\\\/\",\"https:\\\/\\\/imecaf.negocio.site\\\/\"]},{\"@type\":\"Person\",\"@id\":\"https:\\\/\\\/imecaf.com\\\/blog\\\/#\\\/schema\\\/person\\\/a69b9f3972250aa0b1fdb798f094b4c7\",\"name\":\"Equipo de IMECAF\",\"image\":{\"@type\":\"ImageObject\",\"inLanguage\":\"es\",\"@id\":\"https:\\\/\\\/secure.gravatar.com\\\/avatar\\\/4b4242953c12937bd47e298d7922b4d01ffafe2955ce4235d318b8950782aa13?s=96&d=mm&r=g\",\"url\":\"https:\\\/\\\/secure.gravatar.com\\\/avatar\\\/4b4242953c12937bd47e298d7922b4d01ffafe2955ce4235d318b8950782aa13?s=96&d=mm&r=g\",\"contentUrl\":\"https:\\\/\\\/secure.gravatar.com\\\/avatar\\\/4b4242953c12937bd47e298d7922b4d01ffafe2955ce4235d318b8950782aa13?s=96&d=mm&r=g\",\"caption\":\"Equipo de IMECAF\"},\"url\":\"https:\\\/\\\/imecaf.com\\\/blog\\\/author\\\/mfonticoba\\\/\"}]}<\/script>\n<!-- \/ Yoast SEO plugin. -->","yoast_head_json":{"title":"La educaci\u00f3n superior estadounidense - IMECAF - Blog","robots":{"index":"index","follow":"follow","max-snippet":"max-snippet:-1","max-image-preview":"max-image-preview:large","max-video-preview":"max-video-preview:-1"},"canonical":"https:\/\/imecaf.com\/blog\/2025\/09\/19\/la-educacion-superior-estadounidense\/","og_locale":"es_ES","og_type":"article","og_title":"La educaci\u00f3n superior estadounidense - IMECAF - Blog","og_description":"\u00abLa historia de la educaci\u00f3n superior estadounidense a lo largo del siglo XX es extraordinaria: la historia de la creaci\u00f3n de un conjunto de instituciones poderosas, la envidia del mundo civilizado. En su d\u00eda, tanto entre el estudiantado como entre el profesorado, eran dominio exclusivo de los hijos de personas privilegiadas, generalmente WASP (protestantes blancos ... Leer m\u00e1s La educaci\u00f3n superior estadounidense","og_url":"https:\/\/imecaf.com\/blog\/2025\/09\/19\/la-educacion-superior-estadounidense\/","og_site_name":"IMECAF - Blog","article_publisher":"https:\/\/www.facebook.com\/IMECAF","article_published_time":"2025-09-19T15:39:12+00:00","article_modified_time":"2025-09-19T15:39:13+00:00","author":"Equipo de IMECAF","twitter_card":"summary_large_image","twitter_creator":"@imecaf","twitter_site":"@imecaf","twitter_misc":{"Escrito por":"Equipo de IMECAF","Tiempo de lectura":"1 minuto"},"schema":{"@context":"https:\/\/schema.org","@graph":[{"@type":"Article","@id":"https:\/\/imecaf.com\/blog\/2025\/09\/19\/la-educacion-superior-estadounidense\/#article","isPartOf":{"@id":"https:\/\/imecaf.com\/blog\/2025\/09\/19\/la-educacion-superior-estadounidense\/"},"author":{"name":"Equipo de IMECAF","@id":"https:\/\/imecaf.com\/blog\/#\/schema\/person\/a69b9f3972250aa0b1fdb798f094b4c7"},"headline":"La educaci\u00f3n superior estadounidense","datePublished":"2025-09-19T15:39:12+00:00","dateModified":"2025-09-19T15:39:13+00:00","mainEntityOfPage":{"@id":"https:\/\/imecaf.com\/blog\/2025\/09\/19\/la-educacion-superior-estadounidense\/"},"wordCount":72,"commentCount":0,"publisher":{"@id":"https:\/\/imecaf.com\/blog\/#organization"},"keywords":["blog IMECAF","civilizacion","creacion","dominio","educacion","estados unidos","estudiante","frase celebre","historia","institucion","mundo","persona","poder","privilegio","profesor","rick perlstein","superior"],"articleSection":["Educaci\u00f3n en General","Frases C\u00e9lebres"],"inLanguage":"es","potentialAction":[{"@type":"CommentAction","name":"Comment","target":["https:\/\/imecaf.com\/blog\/2025\/09\/19\/la-educacion-superior-estadounidense\/#respond"]}]},{"@type":"WebPage","@id":"https:\/\/imecaf.com\/blog\/2025\/09\/19\/la-educacion-superior-estadounidense\/","url":"https:\/\/imecaf.com\/blog\/2025\/09\/19\/la-educacion-superior-estadounidense\/","name":"La educaci\u00f3n superior estadounidense - IMECAF - Blog","isPartOf":{"@id":"https:\/\/imecaf.com\/blog\/#website"},"datePublished":"2025-09-19T15:39:12+00:00","dateModified":"2025-09-19T15:39:13+00:00","breadcrumb":{"@id":"https:\/\/imecaf.com\/blog\/2025\/09\/19\/la-educacion-superior-estadounidense\/#breadcrumb"},"inLanguage":"es","potentialAction":[{"@type":"ReadAction","target":["https:\/\/imecaf.com\/blog\/2025\/09\/19\/la-educacion-superior-estadounidense\/"]}]},{"@type":"BreadcrumbList","@id":"https:\/\/imecaf.com\/blog\/2025\/09\/19\/la-educacion-superior-estadounidense\/#breadcrumb","itemListElement":[{"@type":"ListItem","position":1,"name":"Portada","item":"https:\/\/imecaf.com\/blog\/"},{"@type":"ListItem","position":2,"name":"La educaci\u00f3n superior estadounidense"}]},{"@type":"WebSite","@id":"https:\/\/imecaf.com\/blog\/#website","url":"https:\/\/imecaf.com\/blog\/","name":"IMECAF","description":"Un lugar para expresar y compartir inquietudes dentro del mundo de la educaci\u00f3n.","publisher":{"@id":"https:\/\/imecaf.com\/blog\/#organization"},"potentialAction":[{"@type":"SearchAction","target":{"@type":"EntryPoint","urlTemplate":"https:\/\/imecaf.com\/blog\/?s={search_term_string}"},"query-input":{"@type":"PropertyValueSpecification","valueRequired":true,"valueName":"search_term_string"}}],"inLanguage":"es"},{"@type":"Organization","@id":"https:\/\/imecaf.com\/blog\/#organization","name":"IMECAF - Instituto Mexicano de Contabilidad, Administraci\u00f3n y Finanzas","url":"https:\/\/imecaf.com\/blog\/","logo":{"@type":"ImageObject","inLanguage":"es","@id":"https:\/\/imecaf.com\/blog\/#\/schema\/logo\/image\/","url":"https:\/\/imecaf.com\/blog\/wp-content\/uploads\/IMECAF.Logo_.25.png","contentUrl":"https:\/\/imecaf.com\/blog\/wp-content\/uploads\/IMECAF.Logo_.25.png","width":350,"height":350,"caption":"IMECAF - Instituto Mexicano de Contabilidad, Administraci\u00f3n y Finanzas"},"image":{"@id":"https:\/\/imecaf.com\/blog\/#\/schema\/logo\/image\/"},"sameAs":["https:\/\/www.facebook.com\/IMECAF","https:\/\/x.com\/imecaf","https:\/\/www.linkedin.com\/company\/imecaf\/","https:\/\/www.youtube.com\/imecaf","https:\/\/www.instagram.com\/imecaf_mx\/","https:\/\/imecaf.negocio.site\/"]},{"@type":"Person","@id":"https:\/\/imecaf.com\/blog\/#\/schema\/person\/a69b9f3972250aa0b1fdb798f094b4c7","name":"Equipo de IMECAF","image":{"@type":"ImageObject","inLanguage":"es","@id":"https:\/\/secure.gravatar.com\/avatar\/4b4242953c12937bd47e298d7922b4d01ffafe2955ce4235d318b8950782aa13?s=96&d=mm&r=g","url":"https:\/\/secure.gravatar.com\/avatar\/4b4242953c12937bd47e298d7922b4d01ffafe2955ce4235d318b8950782aa13?s=96&d=mm&r=g","contentUrl":"https:\/\/secure.gravatar.com\/avatar\/4b4242953c12937bd47e298d7922b4d01ffafe2955ce4235d318b8950782aa13?s=96&d=mm&r=g","caption":"Equipo de IMECAF"},"url":"https:\/\/imecaf.com\/blog\/author\/mfonticoba\/"}]}},"_links":{"self":[{"href":"https:\/\/imecaf.com\/blog\/wp-json\/wp\/v2\/posts\/18777","targetHints":{"allow":["GET"]}}],"collection":[{"href":"https:\/\/imecaf.com\/blog\/wp-json\/wp\/v2\/posts"}],"about":[{"href":"https:\/\/imecaf.com\/blog\/wp-json\/wp\/v2\/types\/post"}],"author":[{"embeddable":true,"href":"https:\/\/imecaf.com\/blog\/wp-json\/wp\/v2\/users\/2"}],"replies":[{"embeddable":true,"href":"https:\/\/imecaf.com\/blog\/wp-json\/wp\/v2\/comments?post=18777"}],"version-history":[{"count":1,"href":"https:\/\/imecaf.com\/blog\/wp-json\/wp\/v2\/posts\/18777\/revisions"}],"predecessor-version":[{"id":18778,"href":"https:\/\/imecaf.com\/blog\/wp-json\/wp\/v2\/posts\/18777\/revisions\/18778"}],"wp:attachment":[{"href":"https:\/\/imecaf.com\/blog\/wp-json\/wp\/v2\/media?parent=18777"}],"wp:term":[{"taxonomy":"category","embeddable":true,"href":"https:\/\/imecaf.com\/blog\/wp-json\/wp\/v2\/categories?post=18777"},{"taxonomy":"post_tag","embeddable":true,"href":"https:\/\/imecaf.com\/blog\/wp-json\/wp\/v2\/tags?post=18777"}],"curies":[{"name":"wp","href":"https:\/\/api.w.org\/{rel}","templated":true}]}}