{"id":19225,"date":"2025-11-05T09:51:50","date_gmt":"2025-11-05T15:51:50","guid":{"rendered":"http:\/\/imecaf.com\/blog\/?p=19225"},"modified":"2025-11-05T09:51:51","modified_gmt":"2025-11-05T15:51:51","slug":"las-computadoras-dan-miedo","status":"publish","type":"post","link":"https:\/\/imecaf.com\/blog\/2025\/11\/05\/las-computadoras-dan-miedo\/","title":{"rendered":"Las computadoras dan miedo"},"content":{"rendered":"<span class=\"span-reading-time rt-reading-time\" style=\"display: block;\"><span class=\"rt-label rt-prefix\">Tiempo de lectura:<\/span> <span class=\"rt-time\"> &lt; 1<\/span> <span class=\"rt-label rt-postfix\">minuto<\/span><\/span>\n<p>\u00abLas computadoras dan miedo. Son una pesadilla para arreglar, perdemos nuestros datos y, a veces, se bloquean, mostrando la pantalla azul de la muerte. Steve Jobs lo sab\u00eda. Sab\u00eda que las computadoras eran voluminosas, provocaban hernias y de un negro tan intenso como el de Darth Vader. Comprend\u00eda el valor del dise\u00f1o declarativo.\u00bb<\/p>\n\n\n\n<p>Wesley Morris (1975- ) Cr\u00edtico de cine y presentador de podcasts estadounidense.<\/p>\n","protected":false},"excerpt":{"rendered":"<p>\u00abLas computadoras dan miedo. Son una pesadilla para arreglar, perdemos nuestros datos y, a veces, se bloquean, mostrando la pantalla azul de la muerte. Steve Jobs lo sab\u00eda. Sab\u00eda que las computadoras eran voluminosas, provocaban hernias y de un negro tan intenso como el de Darth Vader. Comprend\u00eda el valor del dise\u00f1o declarativo.\u00bb Wesley Morris &#8230; <a title=\"Las computadoras dan miedo\" class=\"read-more\" href=\"https:\/\/imecaf.com\/blog\/2025\/11\/05\/las-computadoras-dan-miedo\/\">Leer m\u00e1s <span class=\"screen-reader-text\">Las computadoras dan miedo<\/span><\/a><\/p>\n","protected":false},"author":2,"featured_media":0,"comment_status":"open","ping_status":"closed","sticky":false,"template":"","format":"standard","meta":{"footnotes":""},"categories":[7,552],"tags":[5950,19,8873,11951,2030,8868,3367,6134,3514,11949,11953],"class_list":["post-19225","post","type-post","status-publish","format-standard","hentry","category-computacion","category-frases-celebres-computacion","tag-arreglar","tag-blog-imecaf","tag-computacion","tag-darth-vader","tag-datos","tag-frase-celebre-2","tag-miedo","tag-pesadilla","tag-steve-jobs","tag-voluminoso","tag-wesley-morris"],"yoast_head":"<!-- This site is optimized with the Yoast SEO plugin v27.4 - https:\/\/yoast.com\/product\/yoast-seo-wordpress\/ -->\n<title>Las computadoras dan miedo - IMECAF - Blog<\/title>\n<meta name=\"robots\" content=\"index, follow, max-snippet:-1, max-image-preview:large, max-video-preview:-1\" \/>\n<link rel=\"canonical\" href=\"https:\/\/imecaf.com\/blog\/2025\/11\/05\/las-computadoras-dan-miedo\/\" \/>\n<meta property=\"og:locale\" content=\"es_ES\" \/>\n<meta property=\"og:type\" content=\"article\" \/>\n<meta property=\"og:title\" content=\"Las computadoras dan miedo - IMECAF - Blog\" \/>\n<meta property=\"og:description\" content=\"\u00abLas computadoras dan miedo. Son una pesadilla para arreglar, perdemos nuestros datos y, a veces, se bloquean, mostrando la pantalla azul de la muerte. Steve Jobs lo sab\u00eda. Sab\u00eda que las computadoras eran voluminosas, provocaban hernias y de un negro tan intenso como el de Darth Vader. Comprend\u00eda el valor del dise\u00f1o declarativo.\u00bb Wesley Morris ... Leer m\u00e1s Las computadoras dan miedo\" \/>\n<meta property=\"og:url\" content=\"https:\/\/imecaf.com\/blog\/2025\/11\/05\/las-computadoras-dan-miedo\/\" \/>\n<meta property=\"og:site_name\" content=\"IMECAF - Blog\" \/>\n<meta property=\"article:publisher\" content=\"https:\/\/www.facebook.com\/IMECAF\" \/>\n<meta property=\"article:published_time\" content=\"2025-11-05T15:51:50+00:00\" \/>\n<meta property=\"article:modified_time\" content=\"2025-11-05T15:51:51+00:00\" \/>\n<meta name=\"author\" content=\"Equipo de IMECAF\" \/>\n<meta name=\"twitter:card\" content=\"summary_large_image\" \/>\n<meta name=\"twitter:creator\" content=\"@imecaf\" \/>\n<meta name=\"twitter:site\" content=\"@imecaf\" \/>\n<meta name=\"twitter:label1\" content=\"Escrito por\" \/>\n\t<meta name=\"twitter:data1\" content=\"Equipo de IMECAF\" \/>\n\t<meta name=\"twitter:label2\" content=\"Tiempo de lectura\" \/>\n\t<meta name=\"twitter:data2\" content=\"1 minuto\" \/>\n<script type=\"application\/ld+json\" class=\"yoast-schema-graph\">{\"@context\":\"https:\\\/\\\/schema.org\",\"@graph\":[{\"@type\":\"Article\",\"@id\":\"https:\\\/\\\/imecaf.com\\\/blog\\\/2025\\\/11\\\/05\\\/las-computadoras-dan-miedo\\\/#article\",\"isPartOf\":{\"@id\":\"https:\\\/\\\/imecaf.com\\\/blog\\\/2025\\\/11\\\/05\\\/las-computadoras-dan-miedo\\\/\"},\"author\":{\"name\":\"Equipo de IMECAF\",\"@id\":\"https:\\\/\\\/imecaf.com\\\/blog\\\/#\\\/schema\\\/person\\\/a69b9f3972250aa0b1fdb798f094b4c7\"},\"headline\":\"Las computadoras dan miedo\",\"datePublished\":\"2025-11-05T15:51:50+00:00\",\"dateModified\":\"2025-11-05T15:51:51+00:00\",\"mainEntityOfPage\":{\"@id\":\"https:\\\/\\\/imecaf.com\\\/blog\\\/2025\\\/11\\\/05\\\/las-computadoras-dan-miedo\\\/\"},\"wordCount\":73,\"commentCount\":0,\"publisher\":{\"@id\":\"https:\\\/\\\/imecaf.com\\\/blog\\\/#organization\"},\"keywords\":[\"arreglar\",\"blog IMECAF\",\"computacion\",\"darth vader\",\"datos\",\"frase celebre\",\"miedo\",\"pesadilla\",\"steve jobs\",\"voluminoso\",\"wesley morris\"],\"articleSection\":[\"Computaci\u00f3n\",\"Frases C\u00e9lebres\"],\"inLanguage\":\"es\",\"potentialAction\":[{\"@type\":\"CommentAction\",\"name\":\"Comment\",\"target\":[\"https:\\\/\\\/imecaf.com\\\/blog\\\/2025\\\/11\\\/05\\\/las-computadoras-dan-miedo\\\/#respond\"]}]},{\"@type\":\"WebPage\",\"@id\":\"https:\\\/\\\/imecaf.com\\\/blog\\\/2025\\\/11\\\/05\\\/las-computadoras-dan-miedo\\\/\",\"url\":\"https:\\\/\\\/imecaf.com\\\/blog\\\/2025\\\/11\\\/05\\\/las-computadoras-dan-miedo\\\/\",\"name\":\"Las computadoras dan miedo - IMECAF - Blog\",\"isPartOf\":{\"@id\":\"https:\\\/\\\/imecaf.com\\\/blog\\\/#website\"},\"datePublished\":\"2025-11-05T15:51:50+00:00\",\"dateModified\":\"2025-11-05T15:51:51+00:00\",\"breadcrumb\":{\"@id\":\"https:\\\/\\\/imecaf.com\\\/blog\\\/2025\\\/11\\\/05\\\/las-computadoras-dan-miedo\\\/#breadcrumb\"},\"inLanguage\":\"es\",\"potentialAction\":[{\"@type\":\"ReadAction\",\"target\":[\"https:\\\/\\\/imecaf.com\\\/blog\\\/2025\\\/11\\\/05\\\/las-computadoras-dan-miedo\\\/\"]}]},{\"@type\":\"BreadcrumbList\",\"@id\":\"https:\\\/\\\/imecaf.com\\\/blog\\\/2025\\\/11\\\/05\\\/las-computadoras-dan-miedo\\\/#breadcrumb\",\"itemListElement\":[{\"@type\":\"ListItem\",\"position\":1,\"name\":\"Portada\",\"item\":\"https:\\\/\\\/imecaf.com\\\/blog\\\/\"},{\"@type\":\"ListItem\",\"position\":2,\"name\":\"Las computadoras dan miedo\"}]},{\"@type\":\"WebSite\",\"@id\":\"https:\\\/\\\/imecaf.com\\\/blog\\\/#website\",\"url\":\"https:\\\/\\\/imecaf.com\\\/blog\\\/\",\"name\":\"IMECAF\",\"description\":\"Un lugar para expresar y compartir inquietudes dentro del mundo de la educaci\u00f3n.\",\"publisher\":{\"@id\":\"https:\\\/\\\/imecaf.com\\\/blog\\\/#organization\"},\"potentialAction\":[{\"@type\":\"SearchAction\",\"target\":{\"@type\":\"EntryPoint\",\"urlTemplate\":\"https:\\\/\\\/imecaf.com\\\/blog\\\/?s={search_term_string}\"},\"query-input\":{\"@type\":\"PropertyValueSpecification\",\"valueRequired\":true,\"valueName\":\"search_term_string\"}}],\"inLanguage\":\"es\"},{\"@type\":\"Organization\",\"@id\":\"https:\\\/\\\/imecaf.com\\\/blog\\\/#organization\",\"name\":\"IMECAF - Instituto Mexicano de Contabilidad, Administraci\u00f3n y Finanzas\",\"url\":\"https:\\\/\\\/imecaf.com\\\/blog\\\/\",\"logo\":{\"@type\":\"ImageObject\",\"inLanguage\":\"es\",\"@id\":\"https:\\\/\\\/imecaf.com\\\/blog\\\/#\\\/schema\\\/logo\\\/image\\\/\",\"url\":\"https:\\\/\\\/imecaf.com\\\/blog\\\/wp-content\\\/uploads\\\/IMECAF.Logo_.25.png\",\"contentUrl\":\"https:\\\/\\\/imecaf.com\\\/blog\\\/wp-content\\\/uploads\\\/IMECAF.Logo_.25.png\",\"width\":350,\"height\":350,\"caption\":\"IMECAF - Instituto Mexicano de Contabilidad, Administraci\u00f3n y Finanzas\"},\"image\":{\"@id\":\"https:\\\/\\\/imecaf.com\\\/blog\\\/#\\\/schema\\\/logo\\\/image\\\/\"},\"sameAs\":[\"https:\\\/\\\/www.facebook.com\\\/IMECAF\",\"https:\\\/\\\/x.com\\\/imecaf\",\"https:\\\/\\\/www.linkedin.com\\\/company\\\/imecaf\\\/\",\"https:\\\/\\\/www.youtube.com\\\/imecaf\",\"https:\\\/\\\/www.instagram.com\\\/imecaf_mx\\\/\",\"https:\\\/\\\/imecaf.negocio.site\\\/\"]},{\"@type\":\"Person\",\"@id\":\"https:\\\/\\\/imecaf.com\\\/blog\\\/#\\\/schema\\\/person\\\/a69b9f3972250aa0b1fdb798f094b4c7\",\"name\":\"Equipo de IMECAF\",\"image\":{\"@type\":\"ImageObject\",\"inLanguage\":\"es\",\"@id\":\"https:\\\/\\\/secure.gravatar.com\\\/avatar\\\/4b4242953c12937bd47e298d7922b4d01ffafe2955ce4235d318b8950782aa13?s=96&d=mm&r=g\",\"url\":\"https:\\\/\\\/secure.gravatar.com\\\/avatar\\\/4b4242953c12937bd47e298d7922b4d01ffafe2955ce4235d318b8950782aa13?s=96&d=mm&r=g\",\"contentUrl\":\"https:\\\/\\\/secure.gravatar.com\\\/avatar\\\/4b4242953c12937bd47e298d7922b4d01ffafe2955ce4235d318b8950782aa13?s=96&d=mm&r=g\",\"caption\":\"Equipo de IMECAF\"},\"url\":\"https:\\\/\\\/imecaf.com\\\/blog\\\/author\\\/mfonticoba\\\/\"}]}<\/script>\n<!-- \/ Yoast SEO plugin. -->","yoast_head_json":{"title":"Las computadoras dan miedo - IMECAF - Blog","robots":{"index":"index","follow":"follow","max-snippet":"max-snippet:-1","max-image-preview":"max-image-preview:large","max-video-preview":"max-video-preview:-1"},"canonical":"https:\/\/imecaf.com\/blog\/2025\/11\/05\/las-computadoras-dan-miedo\/","og_locale":"es_ES","og_type":"article","og_title":"Las computadoras dan miedo - IMECAF - Blog","og_description":"\u00abLas computadoras dan miedo. Son una pesadilla para arreglar, perdemos nuestros datos y, a veces, se bloquean, mostrando la pantalla azul de la muerte. Steve Jobs lo sab\u00eda. Sab\u00eda que las computadoras eran voluminosas, provocaban hernias y de un negro tan intenso como el de Darth Vader. Comprend\u00eda el valor del dise\u00f1o declarativo.\u00bb Wesley Morris ... Leer m\u00e1s Las computadoras dan miedo","og_url":"https:\/\/imecaf.com\/blog\/2025\/11\/05\/las-computadoras-dan-miedo\/","og_site_name":"IMECAF - Blog","article_publisher":"https:\/\/www.facebook.com\/IMECAF","article_published_time":"2025-11-05T15:51:50+00:00","article_modified_time":"2025-11-05T15:51:51+00:00","author":"Equipo de IMECAF","twitter_card":"summary_large_image","twitter_creator":"@imecaf","twitter_site":"@imecaf","twitter_misc":{"Escrito por":"Equipo de IMECAF","Tiempo de lectura":"1 minuto"},"schema":{"@context":"https:\/\/schema.org","@graph":[{"@type":"Article","@id":"https:\/\/imecaf.com\/blog\/2025\/11\/05\/las-computadoras-dan-miedo\/#article","isPartOf":{"@id":"https:\/\/imecaf.com\/blog\/2025\/11\/05\/las-computadoras-dan-miedo\/"},"author":{"name":"Equipo de IMECAF","@id":"https:\/\/imecaf.com\/blog\/#\/schema\/person\/a69b9f3972250aa0b1fdb798f094b4c7"},"headline":"Las computadoras dan miedo","datePublished":"2025-11-05T15:51:50+00:00","dateModified":"2025-11-05T15:51:51+00:00","mainEntityOfPage":{"@id":"https:\/\/imecaf.com\/blog\/2025\/11\/05\/las-computadoras-dan-miedo\/"},"wordCount":73,"commentCount":0,"publisher":{"@id":"https:\/\/imecaf.com\/blog\/#organization"},"keywords":["arreglar","blog IMECAF","computacion","darth vader","datos","frase celebre","miedo","pesadilla","steve jobs","voluminoso","wesley morris"],"articleSection":["Computaci\u00f3n","Frases C\u00e9lebres"],"inLanguage":"es","potentialAction":[{"@type":"CommentAction","name":"Comment","target":["https:\/\/imecaf.com\/blog\/2025\/11\/05\/las-computadoras-dan-miedo\/#respond"]}]},{"@type":"WebPage","@id":"https:\/\/imecaf.com\/blog\/2025\/11\/05\/las-computadoras-dan-miedo\/","url":"https:\/\/imecaf.com\/blog\/2025\/11\/05\/las-computadoras-dan-miedo\/","name":"Las computadoras dan miedo - IMECAF - Blog","isPartOf":{"@id":"https:\/\/imecaf.com\/blog\/#website"},"datePublished":"2025-11-05T15:51:50+00:00","dateModified":"2025-11-05T15:51:51+00:00","breadcrumb":{"@id":"https:\/\/imecaf.com\/blog\/2025\/11\/05\/las-computadoras-dan-miedo\/#breadcrumb"},"inLanguage":"es","potentialAction":[{"@type":"ReadAction","target":["https:\/\/imecaf.com\/blog\/2025\/11\/05\/las-computadoras-dan-miedo\/"]}]},{"@type":"BreadcrumbList","@id":"https:\/\/imecaf.com\/blog\/2025\/11\/05\/las-computadoras-dan-miedo\/#breadcrumb","itemListElement":[{"@type":"ListItem","position":1,"name":"Portada","item":"https:\/\/imecaf.com\/blog\/"},{"@type":"ListItem","position":2,"name":"Las computadoras dan miedo"}]},{"@type":"WebSite","@id":"https:\/\/imecaf.com\/blog\/#website","url":"https:\/\/imecaf.com\/blog\/","name":"IMECAF","description":"Un lugar para expresar y compartir inquietudes dentro del mundo de la educaci\u00f3n.","publisher":{"@id":"https:\/\/imecaf.com\/blog\/#organization"},"potentialAction":[{"@type":"SearchAction","target":{"@type":"EntryPoint","urlTemplate":"https:\/\/imecaf.com\/blog\/?s={search_term_string}"},"query-input":{"@type":"PropertyValueSpecification","valueRequired":true,"valueName":"search_term_string"}}],"inLanguage":"es"},{"@type":"Organization","@id":"https:\/\/imecaf.com\/blog\/#organization","name":"IMECAF - Instituto Mexicano de Contabilidad, Administraci\u00f3n y Finanzas","url":"https:\/\/imecaf.com\/blog\/","logo":{"@type":"ImageObject","inLanguage":"es","@id":"https:\/\/imecaf.com\/blog\/#\/schema\/logo\/image\/","url":"https:\/\/imecaf.com\/blog\/wp-content\/uploads\/IMECAF.Logo_.25.png","contentUrl":"https:\/\/imecaf.com\/blog\/wp-content\/uploads\/IMECAF.Logo_.25.png","width":350,"height":350,"caption":"IMECAF - Instituto Mexicano de Contabilidad, Administraci\u00f3n y Finanzas"},"image":{"@id":"https:\/\/imecaf.com\/blog\/#\/schema\/logo\/image\/"},"sameAs":["https:\/\/www.facebook.com\/IMECAF","https:\/\/x.com\/imecaf","https:\/\/www.linkedin.com\/company\/imecaf\/","https:\/\/www.youtube.com\/imecaf","https:\/\/www.instagram.com\/imecaf_mx\/","https:\/\/imecaf.negocio.site\/"]},{"@type":"Person","@id":"https:\/\/imecaf.com\/blog\/#\/schema\/person\/a69b9f3972250aa0b1fdb798f094b4c7","name":"Equipo de IMECAF","image":{"@type":"ImageObject","inLanguage":"es","@id":"https:\/\/secure.gravatar.com\/avatar\/4b4242953c12937bd47e298d7922b4d01ffafe2955ce4235d318b8950782aa13?s=96&d=mm&r=g","url":"https:\/\/secure.gravatar.com\/avatar\/4b4242953c12937bd47e298d7922b4d01ffafe2955ce4235d318b8950782aa13?s=96&d=mm&r=g","contentUrl":"https:\/\/secure.gravatar.com\/avatar\/4b4242953c12937bd47e298d7922b4d01ffafe2955ce4235d318b8950782aa13?s=96&d=mm&r=g","caption":"Equipo de IMECAF"},"url":"https:\/\/imecaf.com\/blog\/author\/mfonticoba\/"}]}},"_links":{"self":[{"href":"https:\/\/imecaf.com\/blog\/wp-json\/wp\/v2\/posts\/19225","targetHints":{"allow":["GET"]}}],"collection":[{"href":"https:\/\/imecaf.com\/blog\/wp-json\/wp\/v2\/posts"}],"about":[{"href":"https:\/\/imecaf.com\/blog\/wp-json\/wp\/v2\/types\/post"}],"author":[{"embeddable":true,"href":"https:\/\/imecaf.com\/blog\/wp-json\/wp\/v2\/users\/2"}],"replies":[{"embeddable":true,"href":"https:\/\/imecaf.com\/blog\/wp-json\/wp\/v2\/comments?post=19225"}],"version-history":[{"count":1,"href":"https:\/\/imecaf.com\/blog\/wp-json\/wp\/v2\/posts\/19225\/revisions"}],"predecessor-version":[{"id":19226,"href":"https:\/\/imecaf.com\/blog\/wp-json\/wp\/v2\/posts\/19225\/revisions\/19226"}],"wp:attachment":[{"href":"https:\/\/imecaf.com\/blog\/wp-json\/wp\/v2\/media?parent=19225"}],"wp:term":[{"taxonomy":"category","embeddable":true,"href":"https:\/\/imecaf.com\/blog\/wp-json\/wp\/v2\/categories?post=19225"},{"taxonomy":"post_tag","embeddable":true,"href":"https:\/\/imecaf.com\/blog\/wp-json\/wp\/v2\/tags?post=19225"}],"curies":[{"name":"wp","href":"https:\/\/api.w.org\/{rel}","templated":true}]}}