{"id":19307,"date":"2025-11-15T11:48:35","date_gmt":"2025-11-15T17:48:35","guid":{"rendered":"http:\/\/imecaf.com\/blog\/?p=19307"},"modified":"2025-11-17T11:52:55","modified_gmt":"2025-11-17T17:52:55","slug":"el-impuesto-minimo-alternativo","status":"publish","type":"post","link":"https:\/\/imecaf.com\/blog\/2025\/11\/15\/el-impuesto-minimo-alternativo\/","title":{"rendered":"El impuesto m\u00ednimo alternativo"},"content":{"rendered":"<span class=\"span-reading-time rt-reading-time\" style=\"display: block;\"><span class=\"rt-label rt-prefix\">Tiempo de lectura:<\/span> <span class=\"rt-time\"> &lt; 1<\/span> <span class=\"rt-label rt-postfix\">minuto<\/span><\/span>\n<p>\u00abEl impuesto m\u00ednimo alternativo se dise\u00f1\u00f3 para evitar que los estadounidenses m\u00e1s ricos abusaran de ciertos beneficios fiscales para eludir la mayor parte de su carga tributaria.\u00bb<\/p>\n\n\n\n<p>Richard Edmund Neal (1949- ) Pol\u00edtico estadounidense.<\/p>\n","protected":false},"excerpt":{"rendered":"<p>\u00abEl impuesto m\u00ednimo alternativo se dise\u00f1\u00f3 para evitar que los estadounidenses m\u00e1s ricos abusaran de ciertos beneficios fiscales para eludir la mayor parte de su carga tributaria.\u00bb Richard Edmund Neal (1949- ) Pol\u00edtico estadounidense.<\/p>\n","protected":false},"author":2,"featured_media":0,"comment_status":"open","ping_status":"closed","sticky":false,"template":"","format":"standard","meta":{"footnotes":""},"categories":[9,665],"tags":[11971,8784,2357,19,5440,3163,11972,877,8868,1041,6715,8828,2710,7475],"class_list":["post-19307","post","type-post","status-publish","format-standard","hentry","category-fiscal","category-frases-celebres-fiscal","tag-abusar","tag-alternativo","tag-beneficio","tag-blog-imecaf","tag-carga","tag-disenar","tag-eludir","tag-evitar","tag-frase-celebre-2","tag-impuesto","tag-minimo","tag-richard-neal","tag-ricos","tag-tributaria"],"yoast_head":"<!-- This site is optimized with the Yoast SEO plugin v27.5 - https:\/\/yoast.com\/product\/yoast-seo-wordpress\/ -->\n<title>El impuesto m\u00ednimo alternativo - IMECAF - Blog<\/title>\n<meta name=\"robots\" content=\"index, follow, max-snippet:-1, max-image-preview:large, max-video-preview:-1\" \/>\n<link rel=\"canonical\" href=\"https:\/\/imecaf.com\/blog\/2025\/11\/15\/el-impuesto-minimo-alternativo\/\" \/>\n<meta property=\"og:locale\" content=\"es_ES\" \/>\n<meta property=\"og:type\" content=\"article\" \/>\n<meta property=\"og:title\" content=\"El impuesto m\u00ednimo alternativo - IMECAF - Blog\" \/>\n<meta property=\"og:description\" content=\"\u00abEl impuesto m\u00ednimo alternativo se dise\u00f1\u00f3 para evitar que los estadounidenses m\u00e1s ricos abusaran de ciertos beneficios fiscales para eludir la mayor parte de su carga tributaria.\u00bb Richard Edmund Neal (1949- ) Pol\u00edtico estadounidense.\" \/>\n<meta property=\"og:url\" content=\"https:\/\/imecaf.com\/blog\/2025\/11\/15\/el-impuesto-minimo-alternativo\/\" \/>\n<meta property=\"og:site_name\" content=\"IMECAF - Blog\" \/>\n<meta property=\"article:publisher\" content=\"https:\/\/www.facebook.com\/IMECAF\" \/>\n<meta property=\"article:published_time\" content=\"2025-11-15T17:48:35+00:00\" \/>\n<meta property=\"article:modified_time\" content=\"2025-11-17T17:52:55+00:00\" \/>\n<meta name=\"author\" content=\"Equipo de IMECAF\" \/>\n<meta name=\"twitter:card\" content=\"summary_large_image\" \/>\n<meta name=\"twitter:creator\" content=\"@imecaf\" \/>\n<meta name=\"twitter:site\" content=\"@imecaf\" \/>\n<meta name=\"twitter:label1\" content=\"Escrito por\" \/>\n\t<meta name=\"twitter:data1\" content=\"Equipo de IMECAF\" \/>\n\t<meta name=\"twitter:label2\" content=\"Tiempo de lectura\" \/>\n\t<meta name=\"twitter:data2\" content=\"1 minuto\" \/>\n<script type=\"application\/ld+json\" class=\"yoast-schema-graph\">{\"@context\":\"https:\\\/\\\/schema.org\",\"@graph\":[{\"@type\":\"Article\",\"@id\":\"https:\\\/\\\/imecaf.com\\\/blog\\\/2025\\\/11\\\/15\\\/el-impuesto-minimo-alternativo\\\/#article\",\"isPartOf\":{\"@id\":\"https:\\\/\\\/imecaf.com\\\/blog\\\/2025\\\/11\\\/15\\\/el-impuesto-minimo-alternativo\\\/\"},\"author\":{\"name\":\"Equipo de IMECAF\",\"@id\":\"https:\\\/\\\/imecaf.com\\\/blog\\\/#\\\/schema\\\/person\\\/a69b9f3972250aa0b1fdb798f094b4c7\"},\"headline\":\"El impuesto m\u00ednimo alternativo\",\"datePublished\":\"2025-11-15T17:48:35+00:00\",\"dateModified\":\"2025-11-17T17:52:55+00:00\",\"mainEntityOfPage\":{\"@id\":\"https:\\\/\\\/imecaf.com\\\/blog\\\/2025\\\/11\\\/15\\\/el-impuesto-minimo-alternativo\\\/\"},\"wordCount\":41,\"commentCount\":0,\"publisher\":{\"@id\":\"https:\\\/\\\/imecaf.com\\\/blog\\\/#organization\"},\"keywords\":[\"abusar\",\"alternativo\",\"beneficio\",\"blog IMECAF\",\"carga\",\"dise\u00f1ar\",\"eludir\",\"evitar\",\"frase celebre\",\"impuesto\",\"minimo\",\"richard neal\",\"ricos\",\"tributaria\"],\"articleSection\":[\"Fiscal\",\"Frases C\u00e9lebres\"],\"inLanguage\":\"es\",\"potentialAction\":[{\"@type\":\"CommentAction\",\"name\":\"Comment\",\"target\":[\"https:\\\/\\\/imecaf.com\\\/blog\\\/2025\\\/11\\\/15\\\/el-impuesto-minimo-alternativo\\\/#respond\"]}]},{\"@type\":\"WebPage\",\"@id\":\"https:\\\/\\\/imecaf.com\\\/blog\\\/2025\\\/11\\\/15\\\/el-impuesto-minimo-alternativo\\\/\",\"url\":\"https:\\\/\\\/imecaf.com\\\/blog\\\/2025\\\/11\\\/15\\\/el-impuesto-minimo-alternativo\\\/\",\"name\":\"El impuesto m\u00ednimo alternativo - IMECAF - Blog\",\"isPartOf\":{\"@id\":\"https:\\\/\\\/imecaf.com\\\/blog\\\/#website\"},\"datePublished\":\"2025-11-15T17:48:35+00:00\",\"dateModified\":\"2025-11-17T17:52:55+00:00\",\"breadcrumb\":{\"@id\":\"https:\\\/\\\/imecaf.com\\\/blog\\\/2025\\\/11\\\/15\\\/el-impuesto-minimo-alternativo\\\/#breadcrumb\"},\"inLanguage\":\"es\",\"potentialAction\":[{\"@type\":\"ReadAction\",\"target\":[\"https:\\\/\\\/imecaf.com\\\/blog\\\/2025\\\/11\\\/15\\\/el-impuesto-minimo-alternativo\\\/\"]}]},{\"@type\":\"BreadcrumbList\",\"@id\":\"https:\\\/\\\/imecaf.com\\\/blog\\\/2025\\\/11\\\/15\\\/el-impuesto-minimo-alternativo\\\/#breadcrumb\",\"itemListElement\":[{\"@type\":\"ListItem\",\"position\":1,\"name\":\"Portada\",\"item\":\"https:\\\/\\\/imecaf.com\\\/blog\\\/\"},{\"@type\":\"ListItem\",\"position\":2,\"name\":\"El impuesto m\u00ednimo alternativo\"}]},{\"@type\":\"WebSite\",\"@id\":\"https:\\\/\\\/imecaf.com\\\/blog\\\/#website\",\"url\":\"https:\\\/\\\/imecaf.com\\\/blog\\\/\",\"name\":\"IMECAF\",\"description\":\"Un lugar para expresar y compartir inquietudes dentro del mundo de la educaci\u00f3n.\",\"publisher\":{\"@id\":\"https:\\\/\\\/imecaf.com\\\/blog\\\/#organization\"},\"potentialAction\":[{\"@type\":\"SearchAction\",\"target\":{\"@type\":\"EntryPoint\",\"urlTemplate\":\"https:\\\/\\\/imecaf.com\\\/blog\\\/?s={search_term_string}\"},\"query-input\":{\"@type\":\"PropertyValueSpecification\",\"valueRequired\":true,\"valueName\":\"search_term_string\"}}],\"inLanguage\":\"es\"},{\"@type\":\"Organization\",\"@id\":\"https:\\\/\\\/imecaf.com\\\/blog\\\/#organization\",\"name\":\"IMECAF - Instituto Mexicano de Contabilidad, Administraci\u00f3n y Finanzas\",\"url\":\"https:\\\/\\\/imecaf.com\\\/blog\\\/\",\"logo\":{\"@type\":\"ImageObject\",\"inLanguage\":\"es\",\"@id\":\"https:\\\/\\\/imecaf.com\\\/blog\\\/#\\\/schema\\\/logo\\\/image\\\/\",\"url\":\"https:\\\/\\\/imecaf.com\\\/blog\\\/wp-content\\\/uploads\\\/IMECAF.Logo_.25.png\",\"contentUrl\":\"https:\\\/\\\/imecaf.com\\\/blog\\\/wp-content\\\/uploads\\\/IMECAF.Logo_.25.png\",\"width\":350,\"height\":350,\"caption\":\"IMECAF - Instituto Mexicano de Contabilidad, Administraci\u00f3n y Finanzas\"},\"image\":{\"@id\":\"https:\\\/\\\/imecaf.com\\\/blog\\\/#\\\/schema\\\/logo\\\/image\\\/\"},\"sameAs\":[\"https:\\\/\\\/www.facebook.com\\\/IMECAF\",\"https:\\\/\\\/x.com\\\/imecaf\",\"https:\\\/\\\/www.linkedin.com\\\/company\\\/imecaf\\\/\",\"https:\\\/\\\/www.youtube.com\\\/imecaf\",\"https:\\\/\\\/www.instagram.com\\\/imecaf_mx\\\/\",\"https:\\\/\\\/imecaf.negocio.site\\\/\"]},{\"@type\":\"Person\",\"@id\":\"https:\\\/\\\/imecaf.com\\\/blog\\\/#\\\/schema\\\/person\\\/a69b9f3972250aa0b1fdb798f094b4c7\",\"name\":\"Equipo de IMECAF\",\"image\":{\"@type\":\"ImageObject\",\"inLanguage\":\"es\",\"@id\":\"https:\\\/\\\/secure.gravatar.com\\\/avatar\\\/4b4242953c12937bd47e298d7922b4d01ffafe2955ce4235d318b8950782aa13?s=96&d=mm&r=g\",\"url\":\"https:\\\/\\\/secure.gravatar.com\\\/avatar\\\/4b4242953c12937bd47e298d7922b4d01ffafe2955ce4235d318b8950782aa13?s=96&d=mm&r=g\",\"contentUrl\":\"https:\\\/\\\/secure.gravatar.com\\\/avatar\\\/4b4242953c12937bd47e298d7922b4d01ffafe2955ce4235d318b8950782aa13?s=96&d=mm&r=g\",\"caption\":\"Equipo de IMECAF\"},\"url\":\"https:\\\/\\\/imecaf.com\\\/blog\\\/author\\\/mfonticoba\\\/\"}]}<\/script>\n<!-- \/ Yoast SEO plugin. -->","yoast_head_json":{"title":"El impuesto m\u00ednimo alternativo - IMECAF - Blog","robots":{"index":"index","follow":"follow","max-snippet":"max-snippet:-1","max-image-preview":"max-image-preview:large","max-video-preview":"max-video-preview:-1"},"canonical":"https:\/\/imecaf.com\/blog\/2025\/11\/15\/el-impuesto-minimo-alternativo\/","og_locale":"es_ES","og_type":"article","og_title":"El impuesto m\u00ednimo alternativo - IMECAF - Blog","og_description":"\u00abEl impuesto m\u00ednimo alternativo se dise\u00f1\u00f3 para evitar que los estadounidenses m\u00e1s ricos abusaran de ciertos beneficios fiscales para eludir la mayor parte de su carga tributaria.\u00bb Richard Edmund Neal (1949- ) Pol\u00edtico estadounidense.","og_url":"https:\/\/imecaf.com\/blog\/2025\/11\/15\/el-impuesto-minimo-alternativo\/","og_site_name":"IMECAF - Blog","article_publisher":"https:\/\/www.facebook.com\/IMECAF","article_published_time":"2025-11-15T17:48:35+00:00","article_modified_time":"2025-11-17T17:52:55+00:00","author":"Equipo de IMECAF","twitter_card":"summary_large_image","twitter_creator":"@imecaf","twitter_site":"@imecaf","twitter_misc":{"Escrito por":"Equipo de IMECAF","Tiempo de lectura":"1 minuto"},"schema":{"@context":"https:\/\/schema.org","@graph":[{"@type":"Article","@id":"https:\/\/imecaf.com\/blog\/2025\/11\/15\/el-impuesto-minimo-alternativo\/#article","isPartOf":{"@id":"https:\/\/imecaf.com\/blog\/2025\/11\/15\/el-impuesto-minimo-alternativo\/"},"author":{"name":"Equipo de IMECAF","@id":"https:\/\/imecaf.com\/blog\/#\/schema\/person\/a69b9f3972250aa0b1fdb798f094b4c7"},"headline":"El impuesto m\u00ednimo alternativo","datePublished":"2025-11-15T17:48:35+00:00","dateModified":"2025-11-17T17:52:55+00:00","mainEntityOfPage":{"@id":"https:\/\/imecaf.com\/blog\/2025\/11\/15\/el-impuesto-minimo-alternativo\/"},"wordCount":41,"commentCount":0,"publisher":{"@id":"https:\/\/imecaf.com\/blog\/#organization"},"keywords":["abusar","alternativo","beneficio","blog IMECAF","carga","dise\u00f1ar","eludir","evitar","frase celebre","impuesto","minimo","richard neal","ricos","tributaria"],"articleSection":["Fiscal","Frases C\u00e9lebres"],"inLanguage":"es","potentialAction":[{"@type":"CommentAction","name":"Comment","target":["https:\/\/imecaf.com\/blog\/2025\/11\/15\/el-impuesto-minimo-alternativo\/#respond"]}]},{"@type":"WebPage","@id":"https:\/\/imecaf.com\/blog\/2025\/11\/15\/el-impuesto-minimo-alternativo\/","url":"https:\/\/imecaf.com\/blog\/2025\/11\/15\/el-impuesto-minimo-alternativo\/","name":"El impuesto m\u00ednimo alternativo - IMECAF - Blog","isPartOf":{"@id":"https:\/\/imecaf.com\/blog\/#website"},"datePublished":"2025-11-15T17:48:35+00:00","dateModified":"2025-11-17T17:52:55+00:00","breadcrumb":{"@id":"https:\/\/imecaf.com\/blog\/2025\/11\/15\/el-impuesto-minimo-alternativo\/#breadcrumb"},"inLanguage":"es","potentialAction":[{"@type":"ReadAction","target":["https:\/\/imecaf.com\/blog\/2025\/11\/15\/el-impuesto-minimo-alternativo\/"]}]},{"@type":"BreadcrumbList","@id":"https:\/\/imecaf.com\/blog\/2025\/11\/15\/el-impuesto-minimo-alternativo\/#breadcrumb","itemListElement":[{"@type":"ListItem","position":1,"name":"Portada","item":"https:\/\/imecaf.com\/blog\/"},{"@type":"ListItem","position":2,"name":"El impuesto m\u00ednimo alternativo"}]},{"@type":"WebSite","@id":"https:\/\/imecaf.com\/blog\/#website","url":"https:\/\/imecaf.com\/blog\/","name":"IMECAF","description":"Un lugar para expresar y compartir inquietudes dentro del mundo de la educaci\u00f3n.","publisher":{"@id":"https:\/\/imecaf.com\/blog\/#organization"},"potentialAction":[{"@type":"SearchAction","target":{"@type":"EntryPoint","urlTemplate":"https:\/\/imecaf.com\/blog\/?s={search_term_string}"},"query-input":{"@type":"PropertyValueSpecification","valueRequired":true,"valueName":"search_term_string"}}],"inLanguage":"es"},{"@type":"Organization","@id":"https:\/\/imecaf.com\/blog\/#organization","name":"IMECAF - Instituto Mexicano de Contabilidad, Administraci\u00f3n y Finanzas","url":"https:\/\/imecaf.com\/blog\/","logo":{"@type":"ImageObject","inLanguage":"es","@id":"https:\/\/imecaf.com\/blog\/#\/schema\/logo\/image\/","url":"https:\/\/imecaf.com\/blog\/wp-content\/uploads\/IMECAF.Logo_.25.png","contentUrl":"https:\/\/imecaf.com\/blog\/wp-content\/uploads\/IMECAF.Logo_.25.png","width":350,"height":350,"caption":"IMECAF - Instituto Mexicano de Contabilidad, Administraci\u00f3n y Finanzas"},"image":{"@id":"https:\/\/imecaf.com\/blog\/#\/schema\/logo\/image\/"},"sameAs":["https:\/\/www.facebook.com\/IMECAF","https:\/\/x.com\/imecaf","https:\/\/www.linkedin.com\/company\/imecaf\/","https:\/\/www.youtube.com\/imecaf","https:\/\/www.instagram.com\/imecaf_mx\/","https:\/\/imecaf.negocio.site\/"]},{"@type":"Person","@id":"https:\/\/imecaf.com\/blog\/#\/schema\/person\/a69b9f3972250aa0b1fdb798f094b4c7","name":"Equipo de IMECAF","image":{"@type":"ImageObject","inLanguage":"es","@id":"https:\/\/secure.gravatar.com\/avatar\/4b4242953c12937bd47e298d7922b4d01ffafe2955ce4235d318b8950782aa13?s=96&d=mm&r=g","url":"https:\/\/secure.gravatar.com\/avatar\/4b4242953c12937bd47e298d7922b4d01ffafe2955ce4235d318b8950782aa13?s=96&d=mm&r=g","contentUrl":"https:\/\/secure.gravatar.com\/avatar\/4b4242953c12937bd47e298d7922b4d01ffafe2955ce4235d318b8950782aa13?s=96&d=mm&r=g","caption":"Equipo de IMECAF"},"url":"https:\/\/imecaf.com\/blog\/author\/mfonticoba\/"}]}},"_links":{"self":[{"href":"https:\/\/imecaf.com\/blog\/wp-json\/wp\/v2\/posts\/19307","targetHints":{"allow":["GET"]}}],"collection":[{"href":"https:\/\/imecaf.com\/blog\/wp-json\/wp\/v2\/posts"}],"about":[{"href":"https:\/\/imecaf.com\/blog\/wp-json\/wp\/v2\/types\/post"}],"author":[{"embeddable":true,"href":"https:\/\/imecaf.com\/blog\/wp-json\/wp\/v2\/users\/2"}],"replies":[{"embeddable":true,"href":"https:\/\/imecaf.com\/blog\/wp-json\/wp\/v2\/comments?post=19307"}],"version-history":[{"count":1,"href":"https:\/\/imecaf.com\/blog\/wp-json\/wp\/v2\/posts\/19307\/revisions"}],"predecessor-version":[{"id":19308,"href":"https:\/\/imecaf.com\/blog\/wp-json\/wp\/v2\/posts\/19307\/revisions\/19308"}],"wp:attachment":[{"href":"https:\/\/imecaf.com\/blog\/wp-json\/wp\/v2\/media?parent=19307"}],"wp:term":[{"taxonomy":"category","embeddable":true,"href":"https:\/\/imecaf.com\/blog\/wp-json\/wp\/v2\/categories?post=19307"},{"taxonomy":"post_tag","embeddable":true,"href":"https:\/\/imecaf.com\/blog\/wp-json\/wp\/v2\/tags?post=19307"}],"curies":[{"name":"wp","href":"https:\/\/api.w.org\/{rel}","templated":true}]}}