{"id":19760,"date":"2026-01-24T11:43:22","date_gmt":"2026-01-24T17:43:22","guid":{"rendered":"http:\/\/imecaf.com\/blog\/?p=19760"},"modified":"2026-01-24T11:43:23","modified_gmt":"2026-01-24T17:43:23","slug":"la-reforma-fiscal-del-siglo-xxi","status":"publish","type":"post","link":"https:\/\/imecaf.com\/blog\/2026\/01\/24\/la-reforma-fiscal-del-siglo-xxi\/","title":{"rendered":"La reforma fiscal del siglo XXI"},"content":{"rendered":"<span class=\"span-reading-time rt-reading-time\" style=\"display: block;\"><span class=\"rt-label rt-prefix\">Tiempo de lectura:<\/span> <span class=\"rt-time\"> &lt; 1<\/span> <span class=\"rt-label rt-postfix\">minuto<\/span><\/span>\n<p>\u00abLa reforma fiscal del siglo XXI implica recompensar a las familias trabajadoras eliminando lagunas legales injustas, reduciendo las tasas impositivas en general y simplificando dr\u00e1sticamente el c\u00f3digo tributario. Exige reducir la carga fiscal de las empresas estadounidenses de todos los tama\u00f1os para que puedan destinar una mayor parte de sus ingresos a invertir en nuestras comunidades.\u00bb<\/p>\n\n\n\n<p>Kevin Patrick Brady (1955- ) Pol\u00edtico estadounidense.<\/p>\n","protected":false},"excerpt":{"rendered":"<p>\u00abLa reforma fiscal del siglo XXI implica recompensar a las familias trabajadoras eliminando lagunas legales injustas, reduciendo las tasas impositivas en general y simplificando dr\u00e1sticamente el c\u00f3digo tributario. Exige reducir la carga fiscal de las empresas estadounidenses de todos los tama\u00f1os para que puedan destinar una mayor parte de sus ingresos a invertir en nuestras &#8230; <a title=\"La reforma fiscal del siglo XXI\" class=\"read-more\" href=\"https:\/\/imecaf.com\/blog\/2026\/01\/24\/la-reforma-fiscal-del-siglo-xxi\/\">Leer m\u00e1s <span class=\"screen-reader-text\">La reforma fiscal del siglo XXI<\/span><\/a><\/p>\n","protected":false},"author":2,"featured_media":0,"comment_status":"open","ping_status":"closed","sticky":false,"template":"","format":"standard","meta":{"footnotes":""},"categories":[9,665],"tags":[19,12109,5574,1685,312,3685,79,8868,1369,2952,9266,12107,7794,6531,5924,9080,7536,12108,1294],"class_list":["post-19760","post","type-post","status-publish","format-standard","hentry","category-fiscal","category-frases-celebres-fiscal","tag-blog-imecaf","tag-codigo-tributario","tag-comunidad","tag-eliminar","tag-empresa","tag-familia","tag-fiscal-2","tag-frase-celebre-2","tag-ingreso","tag-invertir","tag-kevin-brady","tag-lagunas","tag-legal","tag-recompensar","tag-reforma","tag-siglo-xxi","tag-simplificar","tag-tasa-de-interes","tag-trabajo"],"yoast_head":"<!-- This site is optimized with the Yoast SEO plugin v27.5 - https:\/\/yoast.com\/product\/yoast-seo-wordpress\/ -->\n<title>La reforma fiscal del siglo XXI - IMECAF - Blog<\/title>\n<meta name=\"robots\" content=\"index, follow, max-snippet:-1, max-image-preview:large, max-video-preview:-1\" \/>\n<link rel=\"canonical\" href=\"https:\/\/imecaf.com\/blog\/2026\/01\/24\/la-reforma-fiscal-del-siglo-xxi\/\" \/>\n<meta property=\"og:locale\" content=\"es_ES\" \/>\n<meta property=\"og:type\" content=\"article\" \/>\n<meta property=\"og:title\" content=\"La reforma fiscal del siglo XXI - IMECAF - Blog\" \/>\n<meta property=\"og:description\" content=\"\u00abLa reforma fiscal del siglo XXI implica recompensar a las familias trabajadoras eliminando lagunas legales injustas, reduciendo las tasas impositivas en general y simplificando dr\u00e1sticamente el c\u00f3digo tributario. Exige reducir la carga fiscal de las empresas estadounidenses de todos los tama\u00f1os para que puedan destinar una mayor parte de sus ingresos a invertir en nuestras ... Leer m\u00e1s La reforma fiscal del siglo XXI\" \/>\n<meta property=\"og:url\" content=\"https:\/\/imecaf.com\/blog\/2026\/01\/24\/la-reforma-fiscal-del-siglo-xxi\/\" \/>\n<meta property=\"og:site_name\" content=\"IMECAF - Blog\" \/>\n<meta property=\"article:publisher\" content=\"https:\/\/www.facebook.com\/IMECAF\" \/>\n<meta property=\"article:published_time\" content=\"2026-01-24T17:43:22+00:00\" \/>\n<meta property=\"article:modified_time\" content=\"2026-01-24T17:43:23+00:00\" \/>\n<meta name=\"author\" content=\"Equipo de IMECAF\" \/>\n<meta name=\"twitter:card\" content=\"summary_large_image\" \/>\n<meta name=\"twitter:creator\" content=\"@imecaf\" \/>\n<meta name=\"twitter:site\" content=\"@imecaf\" \/>\n<meta name=\"twitter:label1\" content=\"Escrito por\" \/>\n\t<meta name=\"twitter:data1\" content=\"Equipo de IMECAF\" \/>\n\t<meta name=\"twitter:label2\" content=\"Tiempo de lectura\" \/>\n\t<meta name=\"twitter:data2\" content=\"1 minuto\" \/>\n<script type=\"application\/ld+json\" class=\"yoast-schema-graph\">{\"@context\":\"https:\\\/\\\/schema.org\",\"@graph\":[{\"@type\":\"Article\",\"@id\":\"https:\\\/\\\/imecaf.com\\\/blog\\\/2026\\\/01\\\/24\\\/la-reforma-fiscal-del-siglo-xxi\\\/#article\",\"isPartOf\":{\"@id\":\"https:\\\/\\\/imecaf.com\\\/blog\\\/2026\\\/01\\\/24\\\/la-reforma-fiscal-del-siglo-xxi\\\/\"},\"author\":{\"name\":\"Equipo de IMECAF\",\"@id\":\"https:\\\/\\\/imecaf.com\\\/blog\\\/#\\\/schema\\\/person\\\/a69b9f3972250aa0b1fdb798f094b4c7\"},\"headline\":\"La reforma fiscal del siglo XXI\",\"datePublished\":\"2026-01-24T17:43:22+00:00\",\"dateModified\":\"2026-01-24T17:43:23+00:00\",\"mainEntityOfPage\":{\"@id\":\"https:\\\/\\\/imecaf.com\\\/blog\\\/2026\\\/01\\\/24\\\/la-reforma-fiscal-del-siglo-xxi\\\/\"},\"wordCount\":72,\"commentCount\":0,\"publisher\":{\"@id\":\"https:\\\/\\\/imecaf.com\\\/blog\\\/#organization\"},\"keywords\":[\"blog IMECAF\",\"codigo tributario\",\"comunidad\",\"eliminar\",\"empresa\",\"familia\",\"fiscal\",\"frase celebre\",\"ingreso\",\"invertir\",\"kevin brady\",\"lagunas\",\"legal\",\"recompensar\",\"reforma\",\"siglo XXI\",\"simplificar\",\"tasa de interes\",\"trabajo\"],\"articleSection\":[\"Fiscal\",\"Frases C\u00e9lebres\"],\"inLanguage\":\"es\",\"potentialAction\":[{\"@type\":\"CommentAction\",\"name\":\"Comment\",\"target\":[\"https:\\\/\\\/imecaf.com\\\/blog\\\/2026\\\/01\\\/24\\\/la-reforma-fiscal-del-siglo-xxi\\\/#respond\"]}]},{\"@type\":\"WebPage\",\"@id\":\"https:\\\/\\\/imecaf.com\\\/blog\\\/2026\\\/01\\\/24\\\/la-reforma-fiscal-del-siglo-xxi\\\/\",\"url\":\"https:\\\/\\\/imecaf.com\\\/blog\\\/2026\\\/01\\\/24\\\/la-reforma-fiscal-del-siglo-xxi\\\/\",\"name\":\"La reforma fiscal del siglo XXI - IMECAF - Blog\",\"isPartOf\":{\"@id\":\"https:\\\/\\\/imecaf.com\\\/blog\\\/#website\"},\"datePublished\":\"2026-01-24T17:43:22+00:00\",\"dateModified\":\"2026-01-24T17:43:23+00:00\",\"breadcrumb\":{\"@id\":\"https:\\\/\\\/imecaf.com\\\/blog\\\/2026\\\/01\\\/24\\\/la-reforma-fiscal-del-siglo-xxi\\\/#breadcrumb\"},\"inLanguage\":\"es\",\"potentialAction\":[{\"@type\":\"ReadAction\",\"target\":[\"https:\\\/\\\/imecaf.com\\\/blog\\\/2026\\\/01\\\/24\\\/la-reforma-fiscal-del-siglo-xxi\\\/\"]}]},{\"@type\":\"BreadcrumbList\",\"@id\":\"https:\\\/\\\/imecaf.com\\\/blog\\\/2026\\\/01\\\/24\\\/la-reforma-fiscal-del-siglo-xxi\\\/#breadcrumb\",\"itemListElement\":[{\"@type\":\"ListItem\",\"position\":1,\"name\":\"Portada\",\"item\":\"https:\\\/\\\/imecaf.com\\\/blog\\\/\"},{\"@type\":\"ListItem\",\"position\":2,\"name\":\"La reforma fiscal del siglo XXI\"}]},{\"@type\":\"WebSite\",\"@id\":\"https:\\\/\\\/imecaf.com\\\/blog\\\/#website\",\"url\":\"https:\\\/\\\/imecaf.com\\\/blog\\\/\",\"name\":\"IMECAF\",\"description\":\"Un lugar para expresar y compartir inquietudes dentro del mundo de la educaci\u00f3n.\",\"publisher\":{\"@id\":\"https:\\\/\\\/imecaf.com\\\/blog\\\/#organization\"},\"potentialAction\":[{\"@type\":\"SearchAction\",\"target\":{\"@type\":\"EntryPoint\",\"urlTemplate\":\"https:\\\/\\\/imecaf.com\\\/blog\\\/?s={search_term_string}\"},\"query-input\":{\"@type\":\"PropertyValueSpecification\",\"valueRequired\":true,\"valueName\":\"search_term_string\"}}],\"inLanguage\":\"es\"},{\"@type\":\"Organization\",\"@id\":\"https:\\\/\\\/imecaf.com\\\/blog\\\/#organization\",\"name\":\"IMECAF - Instituto Mexicano de Contabilidad, Administraci\u00f3n y Finanzas\",\"url\":\"https:\\\/\\\/imecaf.com\\\/blog\\\/\",\"logo\":{\"@type\":\"ImageObject\",\"inLanguage\":\"es\",\"@id\":\"https:\\\/\\\/imecaf.com\\\/blog\\\/#\\\/schema\\\/logo\\\/image\\\/\",\"url\":\"https:\\\/\\\/imecaf.com\\\/blog\\\/wp-content\\\/uploads\\\/IMECAF.Logo_.25.png\",\"contentUrl\":\"https:\\\/\\\/imecaf.com\\\/blog\\\/wp-content\\\/uploads\\\/IMECAF.Logo_.25.png\",\"width\":350,\"height\":350,\"caption\":\"IMECAF - Instituto Mexicano de Contabilidad, Administraci\u00f3n y Finanzas\"},\"image\":{\"@id\":\"https:\\\/\\\/imecaf.com\\\/blog\\\/#\\\/schema\\\/logo\\\/image\\\/\"},\"sameAs\":[\"https:\\\/\\\/www.facebook.com\\\/IMECAF\",\"https:\\\/\\\/x.com\\\/imecaf\",\"https:\\\/\\\/www.linkedin.com\\\/company\\\/imecaf\\\/\",\"https:\\\/\\\/www.youtube.com\\\/imecaf\",\"https:\\\/\\\/www.instagram.com\\\/imecaf_mx\\\/\",\"https:\\\/\\\/imecaf.negocio.site\\\/\"]},{\"@type\":\"Person\",\"@id\":\"https:\\\/\\\/imecaf.com\\\/blog\\\/#\\\/schema\\\/person\\\/a69b9f3972250aa0b1fdb798f094b4c7\",\"name\":\"Equipo de IMECAF\",\"image\":{\"@type\":\"ImageObject\",\"inLanguage\":\"es\",\"@id\":\"https:\\\/\\\/secure.gravatar.com\\\/avatar\\\/4b4242953c12937bd47e298d7922b4d01ffafe2955ce4235d318b8950782aa13?s=96&d=mm&r=g\",\"url\":\"https:\\\/\\\/secure.gravatar.com\\\/avatar\\\/4b4242953c12937bd47e298d7922b4d01ffafe2955ce4235d318b8950782aa13?s=96&d=mm&r=g\",\"contentUrl\":\"https:\\\/\\\/secure.gravatar.com\\\/avatar\\\/4b4242953c12937bd47e298d7922b4d01ffafe2955ce4235d318b8950782aa13?s=96&d=mm&r=g\",\"caption\":\"Equipo de IMECAF\"},\"url\":\"https:\\\/\\\/imecaf.com\\\/blog\\\/author\\\/mfonticoba\\\/\"}]}<\/script>\n<!-- \/ Yoast SEO plugin. -->","yoast_head_json":{"title":"La reforma fiscal del siglo XXI - IMECAF - Blog","robots":{"index":"index","follow":"follow","max-snippet":"max-snippet:-1","max-image-preview":"max-image-preview:large","max-video-preview":"max-video-preview:-1"},"canonical":"https:\/\/imecaf.com\/blog\/2026\/01\/24\/la-reforma-fiscal-del-siglo-xxi\/","og_locale":"es_ES","og_type":"article","og_title":"La reforma fiscal del siglo XXI - IMECAF - Blog","og_description":"\u00abLa reforma fiscal del siglo XXI implica recompensar a las familias trabajadoras eliminando lagunas legales injustas, reduciendo las tasas impositivas en general y simplificando dr\u00e1sticamente el c\u00f3digo tributario. Exige reducir la carga fiscal de las empresas estadounidenses de todos los tama\u00f1os para que puedan destinar una mayor parte de sus ingresos a invertir en nuestras ... Leer m\u00e1s La reforma fiscal del siglo XXI","og_url":"https:\/\/imecaf.com\/blog\/2026\/01\/24\/la-reforma-fiscal-del-siglo-xxi\/","og_site_name":"IMECAF - Blog","article_publisher":"https:\/\/www.facebook.com\/IMECAF","article_published_time":"2026-01-24T17:43:22+00:00","article_modified_time":"2026-01-24T17:43:23+00:00","author":"Equipo de IMECAF","twitter_card":"summary_large_image","twitter_creator":"@imecaf","twitter_site":"@imecaf","twitter_misc":{"Escrito por":"Equipo de IMECAF","Tiempo de lectura":"1 minuto"},"schema":{"@context":"https:\/\/schema.org","@graph":[{"@type":"Article","@id":"https:\/\/imecaf.com\/blog\/2026\/01\/24\/la-reforma-fiscal-del-siglo-xxi\/#article","isPartOf":{"@id":"https:\/\/imecaf.com\/blog\/2026\/01\/24\/la-reforma-fiscal-del-siglo-xxi\/"},"author":{"name":"Equipo de IMECAF","@id":"https:\/\/imecaf.com\/blog\/#\/schema\/person\/a69b9f3972250aa0b1fdb798f094b4c7"},"headline":"La reforma fiscal del siglo XXI","datePublished":"2026-01-24T17:43:22+00:00","dateModified":"2026-01-24T17:43:23+00:00","mainEntityOfPage":{"@id":"https:\/\/imecaf.com\/blog\/2026\/01\/24\/la-reforma-fiscal-del-siglo-xxi\/"},"wordCount":72,"commentCount":0,"publisher":{"@id":"https:\/\/imecaf.com\/blog\/#organization"},"keywords":["blog IMECAF","codigo tributario","comunidad","eliminar","empresa","familia","fiscal","frase celebre","ingreso","invertir","kevin brady","lagunas","legal","recompensar","reforma","siglo XXI","simplificar","tasa de interes","trabajo"],"articleSection":["Fiscal","Frases C\u00e9lebres"],"inLanguage":"es","potentialAction":[{"@type":"CommentAction","name":"Comment","target":["https:\/\/imecaf.com\/blog\/2026\/01\/24\/la-reforma-fiscal-del-siglo-xxi\/#respond"]}]},{"@type":"WebPage","@id":"https:\/\/imecaf.com\/blog\/2026\/01\/24\/la-reforma-fiscal-del-siglo-xxi\/","url":"https:\/\/imecaf.com\/blog\/2026\/01\/24\/la-reforma-fiscal-del-siglo-xxi\/","name":"La reforma fiscal del siglo XXI - IMECAF - Blog","isPartOf":{"@id":"https:\/\/imecaf.com\/blog\/#website"},"datePublished":"2026-01-24T17:43:22+00:00","dateModified":"2026-01-24T17:43:23+00:00","breadcrumb":{"@id":"https:\/\/imecaf.com\/blog\/2026\/01\/24\/la-reforma-fiscal-del-siglo-xxi\/#breadcrumb"},"inLanguage":"es","potentialAction":[{"@type":"ReadAction","target":["https:\/\/imecaf.com\/blog\/2026\/01\/24\/la-reforma-fiscal-del-siglo-xxi\/"]}]},{"@type":"BreadcrumbList","@id":"https:\/\/imecaf.com\/blog\/2026\/01\/24\/la-reforma-fiscal-del-siglo-xxi\/#breadcrumb","itemListElement":[{"@type":"ListItem","position":1,"name":"Portada","item":"https:\/\/imecaf.com\/blog\/"},{"@type":"ListItem","position":2,"name":"La reforma fiscal del siglo XXI"}]},{"@type":"WebSite","@id":"https:\/\/imecaf.com\/blog\/#website","url":"https:\/\/imecaf.com\/blog\/","name":"IMECAF","description":"Un lugar para expresar y compartir inquietudes dentro del mundo de la educaci\u00f3n.","publisher":{"@id":"https:\/\/imecaf.com\/blog\/#organization"},"potentialAction":[{"@type":"SearchAction","target":{"@type":"EntryPoint","urlTemplate":"https:\/\/imecaf.com\/blog\/?s={search_term_string}"},"query-input":{"@type":"PropertyValueSpecification","valueRequired":true,"valueName":"search_term_string"}}],"inLanguage":"es"},{"@type":"Organization","@id":"https:\/\/imecaf.com\/blog\/#organization","name":"IMECAF - Instituto Mexicano de Contabilidad, Administraci\u00f3n y Finanzas","url":"https:\/\/imecaf.com\/blog\/","logo":{"@type":"ImageObject","inLanguage":"es","@id":"https:\/\/imecaf.com\/blog\/#\/schema\/logo\/image\/","url":"https:\/\/imecaf.com\/blog\/wp-content\/uploads\/IMECAF.Logo_.25.png","contentUrl":"https:\/\/imecaf.com\/blog\/wp-content\/uploads\/IMECAF.Logo_.25.png","width":350,"height":350,"caption":"IMECAF - Instituto Mexicano de Contabilidad, Administraci\u00f3n y Finanzas"},"image":{"@id":"https:\/\/imecaf.com\/blog\/#\/schema\/logo\/image\/"},"sameAs":["https:\/\/www.facebook.com\/IMECAF","https:\/\/x.com\/imecaf","https:\/\/www.linkedin.com\/company\/imecaf\/","https:\/\/www.youtube.com\/imecaf","https:\/\/www.instagram.com\/imecaf_mx\/","https:\/\/imecaf.negocio.site\/"]},{"@type":"Person","@id":"https:\/\/imecaf.com\/blog\/#\/schema\/person\/a69b9f3972250aa0b1fdb798f094b4c7","name":"Equipo de IMECAF","image":{"@type":"ImageObject","inLanguage":"es","@id":"https:\/\/secure.gravatar.com\/avatar\/4b4242953c12937bd47e298d7922b4d01ffafe2955ce4235d318b8950782aa13?s=96&d=mm&r=g","url":"https:\/\/secure.gravatar.com\/avatar\/4b4242953c12937bd47e298d7922b4d01ffafe2955ce4235d318b8950782aa13?s=96&d=mm&r=g","contentUrl":"https:\/\/secure.gravatar.com\/avatar\/4b4242953c12937bd47e298d7922b4d01ffafe2955ce4235d318b8950782aa13?s=96&d=mm&r=g","caption":"Equipo de IMECAF"},"url":"https:\/\/imecaf.com\/blog\/author\/mfonticoba\/"}]}},"_links":{"self":[{"href":"https:\/\/imecaf.com\/blog\/wp-json\/wp\/v2\/posts\/19760","targetHints":{"allow":["GET"]}}],"collection":[{"href":"https:\/\/imecaf.com\/blog\/wp-json\/wp\/v2\/posts"}],"about":[{"href":"https:\/\/imecaf.com\/blog\/wp-json\/wp\/v2\/types\/post"}],"author":[{"embeddable":true,"href":"https:\/\/imecaf.com\/blog\/wp-json\/wp\/v2\/users\/2"}],"replies":[{"embeddable":true,"href":"https:\/\/imecaf.com\/blog\/wp-json\/wp\/v2\/comments?post=19760"}],"version-history":[{"count":1,"href":"https:\/\/imecaf.com\/blog\/wp-json\/wp\/v2\/posts\/19760\/revisions"}],"predecessor-version":[{"id":19761,"href":"https:\/\/imecaf.com\/blog\/wp-json\/wp\/v2\/posts\/19760\/revisions\/19761"}],"wp:attachment":[{"href":"https:\/\/imecaf.com\/blog\/wp-json\/wp\/v2\/media?parent=19760"}],"wp:term":[{"taxonomy":"category","embeddable":true,"href":"https:\/\/imecaf.com\/blog\/wp-json\/wp\/v2\/categories?post=19760"},{"taxonomy":"post_tag","embeddable":true,"href":"https:\/\/imecaf.com\/blog\/wp-json\/wp\/v2\/tags?post=19760"}],"curies":[{"name":"wp","href":"https:\/\/api.w.org\/{rel}","templated":true}]}}