{"id":20503,"date":"2026-04-29T17:34:23","date_gmt":"2026-04-29T23:34:23","guid":{"rendered":"https:\/\/imecaf.com\/blog\/?p=20503"},"modified":"2026-04-29T17:34:24","modified_gmt":"2026-04-29T23:34:24","slug":"diseno-grafico-vectorial-en-illustrator","status":"publish","type":"post","link":"https:\/\/imecaf.com\/blog\/2026\/04\/29\/diseno-grafico-vectorial-en-illustrator\/","title":{"rendered":"Dise\u00f1o Gr\u00e1fico Vectorial en Illustrator: Fundamentos y Herramientas"},"content":{"rendered":"<span class=\"span-reading-time rt-reading-time\" style=\"display: block;\"><span class=\"rt-label rt-prefix\">Tiempo de lectura:<\/span> <span class=\"rt-time\"> 13<\/span> <span class=\"rt-label rt-postfix\">minutos<\/span><\/span><div class=\"wp-block-image\">\n<figure class=\"aligncenter size-full\"><img loading=\"lazy\" decoding=\"async\" width=\"1000\" height=\"600\" src=\"https:\/\/imecaf.com\/blog\/wp-content\/uploads\/Herramientas-de-Illustrator.jpg\" alt=\"Dise\u00f1o gr\u00e1fico vectorial con Illustrator\" class=\"wp-image-20504\" srcset=\"https:\/\/imecaf.com\/blog\/wp-content\/uploads\/Herramientas-de-Illustrator.jpg 1000w, https:\/\/imecaf.com\/blog\/wp-content\/uploads\/Herramientas-de-Illustrator-300x180.jpg 300w, https:\/\/imecaf.com\/blog\/wp-content\/uploads\/Herramientas-de-Illustrator-768x461.jpg 768w\" sizes=\"auto, (max-width: 1000px) 100vw, 1000px\" \/><\/figure>\n<\/div>\n\n\n\n\n<p>En el panorama actual de la comunicaci\u00f3n visual, el <strong>dise\u00f1o vectorial<\/strong> se ha consolidado como la columna vertebral de la identidad de marca y la producci\u00f3n gr\u00e1fica profesional. A diferencia de las im\u00e1genes basadas en p\u00edxeles, el <strong>dise\u00f1o gr\u00e1fico vectorial<\/strong> permite una flexibilidad t\u00e9cnica sin precedentes, donde la resoluci\u00f3n deja de ser una limitante para convertirse en una constante de calidad. Para lograr resultados de alto impacto, es imperativo dominar las diversas <strong>herramientas de <a href=\"https:\/\/imecaf.com\/blog\/2025\/12\/09\/adobe-illustrator\/\">Illustrator<\/a><\/strong>, las cuales ofrecen un control quir\u00fargico sobre la geometr\u00eda, el color y la composici\u00f3n.<\/p>\n\n\n\n<p>Este art\u00edculo profundiza en el ecosistema t\u00e9cnico de Adobe Illustrator, analizando desde la l\u00f3gica de los puntos de anclaje hasta las funciones automatizadas de construcci\u00f3n de formas. El objetivo es proporcionar una base de conocimiento exhaustiva que permita a cualquier profesional, sea dise\u00f1ador o no, navegar con seguridad por la interfaz y ejecutar proyectos de <strong>dise\u00f1o gr\u00e1fico vectorial<\/strong> con un est\u00e1ndar de excelencia industrial. A continuaci\u00f3n, desglosamos las herramientas que transforman trazos simples en sistemas visuales complejos.<\/p>\n\n\n\n<hr class=\"wp-block-separator has-text-color has-alpha-channel-opacity has-background\" style=\"background-color:#bd5600;color:#bd5600\"\/>\n\n\n\n<h2 class=\"wp-block-heading\"><strong>La Arquitectura del Dise\u00f1o Vectorial: Nodos y Segmentos<\/strong><\/h2>\n\n\n\n<p>Para utilizar correctamente las <strong>herramientas de Illustrator<\/strong>, primero debemos comprender la f\u00edsica detr\u00e1s del <strong>dise\u00f1o vectorial<\/strong>. Mientras que una fotograf\u00eda es un mapa de bits (una cuadr\u00edcula de puntos de color), un vector es una instrucci\u00f3n matem\u00e1tica. Cuando dibujamos un objeto, el software calcula coordenadas en un plano cartesiano.<\/p>\n\n\n\n<h3 class=\"wp-block-heading\"><strong>Puntos de Anclaje (Nodos)<\/strong><\/h3>\n\n\n\n<div class=\"wp-block-media-text\" style=\"grid-template-columns:15% auto\"><figure class=\"wp-block-media-text__media\"><img loading=\"lazy\" decoding=\"async\" width=\"300\" height=\"300\" src=\"https:\/\/imecaf.com\/blog\/wp-content\/uploads\/Nodos.jpg\" alt=\"Dise\u00f1o gr\u00e1fico vectorial - Puntos de anclaje\" class=\"wp-image-20505 size-full\" srcset=\"https:\/\/imecaf.com\/blog\/wp-content\/uploads\/Nodos.jpg 300w, https:\/\/imecaf.com\/blog\/wp-content\/uploads\/Nodos-150x150.jpg 150w, https:\/\/imecaf.com\/blog\/wp-content\/uploads\/Nodos-120x120.jpg 120w\" sizes=\"auto, (max-width: 300px) 100vw, 300px\" \/><\/figure><div class=\"wp-block-media-text__content\">\n<p>Son la unidad b\u00e1sica del <strong>dise\u00f1o gr\u00e1fico vectorial<\/strong>. Un punto de anclaje define d\u00f3nde comienza o termina un segmento de trazado. Existen dos tipos principales de puntos que debes conocer:<\/p>\n<\/div><\/div>\n\n\n\n<div class=\"wp-block-media-text\" style=\"grid-template-columns:15% auto\"><figure class=\"wp-block-media-text__media\"><img loading=\"lazy\" decoding=\"async\" width=\"300\" height=\"300\" src=\"https:\/\/imecaf.com\/blog\/wp-content\/uploads\/Puntos-de-vertice.jpg\" alt=\"Dise\u00f1o gr\u00e1fico vectorial - Puntos de v\u00e9rtice\" class=\"wp-image-20506 size-full\" srcset=\"https:\/\/imecaf.com\/blog\/wp-content\/uploads\/Puntos-de-vertice.jpg 300w, https:\/\/imecaf.com\/blog\/wp-content\/uploads\/Puntos-de-vertice-150x150.jpg 150w, https:\/\/imecaf.com\/blog\/wp-content\/uploads\/Puntos-de-vertice-120x120.jpg 120w\" sizes=\"auto, (max-width: 300px) 100vw, 300px\" \/><\/figure><div class=\"wp-block-media-text__content\">\n<ul class=\"wp-block-list\">\n<li><strong>Puntos de V\u00e9rtice:<\/strong> Crean esquinas afiladas o cambios de direcci\u00f3n bruscos.<\/li>\n<\/ul>\n<\/div><\/div>\n\n\n\n<div class=\"wp-block-media-text\" style=\"grid-template-columns:15% auto\"><figure class=\"wp-block-media-text__media\"><img loading=\"lazy\" decoding=\"async\" width=\"300\" height=\"300\" src=\"https:\/\/imecaf.com\/blog\/wp-content\/uploads\/Puntos-de-suavizado.jpg\" alt=\"Dise\u00f1o gr\u00e1fico vectorial - Puntos de suavizado\" class=\"wp-image-20507 size-full\" srcset=\"https:\/\/imecaf.com\/blog\/wp-content\/uploads\/Puntos-de-suavizado.jpg 300w, https:\/\/imecaf.com\/blog\/wp-content\/uploads\/Puntos-de-suavizado-150x150.jpg 150w, https:\/\/imecaf.com\/blog\/wp-content\/uploads\/Puntos-de-suavizado-120x120.jpg 120w\" sizes=\"auto, (max-width: 300px) 100vw, 300px\" \/><\/figure><div class=\"wp-block-media-text__content\">\n<ul class=\"wp-block-list\">\n<li><strong>Puntos de Suavizado:<\/strong> Permiten que el trazado fluya de forma curva a trav\u00e9s de ellos mediante el uso de manejadores.<\/li>\n<\/ul>\n<\/div><\/div>\n\n\n\n<h3 class=\"wp-block-heading\"><strong>Curvas de B\u00e9zier y Manejadores<\/strong><\/h3>\n\n\n\n<div class=\"wp-block-media-text\" style=\"grid-template-columns:25% auto\"><figure class=\"wp-block-media-text__media\"><img loading=\"lazy\" decoding=\"async\" width=\"300\" height=\"300\" src=\"https:\/\/imecaf.com\/blog\/wp-content\/uploads\/Manejadores.jpg\" alt=\"Dise\u00f1o gr\u00e1fico vectorial - Curva de B\u00e9zier y manejadores\" class=\"wp-image-20508 size-full\" srcset=\"https:\/\/imecaf.com\/blog\/wp-content\/uploads\/Manejadores.jpg 300w, https:\/\/imecaf.com\/blog\/wp-content\/uploads\/Manejadores-150x150.jpg 150w, https:\/\/imecaf.com\/blog\/wp-content\/uploads\/Manejadores-120x120.jpg 120w\" sizes=\"auto, (max-width: 300px) 100vw, 300px\" \/><\/figure><div class=\"wp-block-media-text__content\">\n<p>Esta es quiz\u00e1s la parte m\u00e1s t\u00e9cnica del <strong>dise\u00f1o vectorial<\/strong>. Los manejadores de direcci\u00f3n son l\u00edneas tangentes que salen de un punto de anclaje y determinan la altura y la direcci\u00f3n de una curva. Al manipular estos manejadores con las <strong>herramientas de Illustrator<\/strong>, el usuario puede definir siluetas org\u00e1nicas con una fluidez que ser\u00eda imposible de lograr a mano alzada.<\/p>\n<\/div><\/div>\n\n\n\n<figure class=\"wp-block-table is-style-stripes\"><table><thead><tr><td><strong>Concepto<\/strong><\/td><td><strong>Funci\u00f3n en el Dise\u00f1o<\/strong><\/td><td><strong>Relevancia T\u00e9cnica<\/strong><\/td><\/tr><\/thead><tbody><tr><td><strong>Nodo<\/strong><\/td><td>Punto de control<\/td><td>Determina la estructura \u00f3sea del vector.<\/td><\/tr><tr><td><strong>Segmento<\/strong><\/td><td>L\u00ednea entre nodos<\/td><td>Es el componente visual que vemos (recto o curvo).<\/td><\/tr><tr><td><strong>Manejador<\/strong><\/td><td>Control de tensi\u00f3n<\/td><td>Define la curvatura exacta matem\u00e1ticamente.<\/td><\/tr><\/tbody><\/table><\/figure>\n\n\n\n<hr class=\"wp-block-separator has-text-color has-alpha-channel-opacity has-background\" style=\"background-color:#bd5600;color:#bd5600\"\/>\n\n\n\n<h1 class=\"wp-block-heading\">Herramientas de Selecci\u00f3n y Navegaci\u00f3n: El Control Operativo<\/h1>\n\n\n\n<p>Antes de crear, debemos saber c\u00f3mo manipular. Las herramientas de selecci\u00f3n son el puente entre la idea y la edici\u00f3n en el <strong>dise\u00f1o gr\u00e1fico vectorial<\/strong>.<\/p>\n\n\n\n<div class=\"wp-block-media-text\" style=\"grid-template-columns:20% auto\"><figure class=\"wp-block-media-text__media\"><img loading=\"lazy\" decoding=\"async\" width=\"300\" height=\"300\" src=\"https:\/\/imecaf.com\/blog\/wp-content\/uploads\/Seleccion-1.jpg\" alt=\"Dise\u00f1o gr\u00e1fico vectorial - Selecci\u00f3n\" class=\"wp-image-20509 size-full\" srcset=\"https:\/\/imecaf.com\/blog\/wp-content\/uploads\/Seleccion-1.jpg 300w, https:\/\/imecaf.com\/blog\/wp-content\/uploads\/Seleccion-1-150x150.jpg 150w, https:\/\/imecaf.com\/blog\/wp-content\/uploads\/Seleccion-1-120x120.jpg 120w\" sizes=\"auto, (max-width: 300px) 100vw, 300px\" \/><\/figure><div class=\"wp-block-media-text__content\">\n<h4 class=\"wp-block-heading\"><strong>Selecci\u00f3n (V &#8211; Flecha Negra)<\/strong><\/h4>\n\n\n\n<p>Es la herramienta primaria para gestionar objetos como unidades completas. Permite mover, rotar y escalar cajas delimitadoras. En un flujo de trabajo profesional, se usa para la composici\u00f3n general de la mesa de trabajo.<\/p>\n<\/div><\/div>\n\n\n\n<div class=\"wp-block-media-text\" style=\"grid-template-columns:20% auto\"><figure class=\"wp-block-media-text__media\"><img loading=\"lazy\" decoding=\"async\" width=\"300\" height=\"300\" src=\"https:\/\/imecaf.com\/blog\/wp-content\/uploads\/Seleccion-Directa.jpg\" alt=\"Dise\u00f1o gr\u00e1fico vectorial - Selecci\u00f3n directa\" class=\"wp-image-20510 size-full\" srcset=\"https:\/\/imecaf.com\/blog\/wp-content\/uploads\/Seleccion-Directa.jpg 300w, https:\/\/imecaf.com\/blog\/wp-content\/uploads\/Seleccion-Directa-150x150.jpg 150w, https:\/\/imecaf.com\/blog\/wp-content\/uploads\/Seleccion-Directa-120x120.jpg 120w\" sizes=\"auto, (max-width: 300px) 100vw, 300px\" \/><\/figure><div class=\"wp-block-media-text__content\">\n<h4 class=\"wp-block-heading\"><strong>Selecci\u00f3n Directa (A &#8211; Flecha Blanca)<\/strong><\/h4>\n\n\n\n<p>Esta es la herramienta que realmente define el trabajo en el <strong>dise\u00f1o vectorial<\/strong>. A diferencia de la flecha negra, la selecci\u00f3n directa permite tocar puntos de anclaje individuales o segmentos espec\u00edficos. Es esencial para deformar figuras preexistentes y ajustar curvas de B\u00e9zier con precisi\u00f3n milim\u00e9trica.<\/p>\n<\/div><\/div>\n\n\n\n<div class=\"wp-block-media-text\" style=\"grid-template-columns:20% auto\"><figure class=\"wp-block-media-text__media\"><img loading=\"lazy\" decoding=\"async\" width=\"300\" height=\"300\" src=\"https:\/\/imecaf.com\/blog\/wp-content\/uploads\/Seleccion-de-grupos.jpg\" alt=\"Dise\u00f1o gr\u00e1fico vectorial - Selecci\u00f3n de grupos\" class=\"wp-image-20511 size-full\" srcset=\"https:\/\/imecaf.com\/blog\/wp-content\/uploads\/Seleccion-de-grupos.jpg 300w, https:\/\/imecaf.com\/blog\/wp-content\/uploads\/Seleccion-de-grupos-150x150.jpg 150w, https:\/\/imecaf.com\/blog\/wp-content\/uploads\/Seleccion-de-grupos-120x120.jpg 120w\" sizes=\"auto, (max-width: 300px) 100vw, 300px\" \/><\/figure><div class=\"wp-block-media-text__content\">\n<h4 class=\"wp-block-heading\"><strong>Selecci\u00f3n de Grupos<\/strong><\/h4>\n\n\n\n<p>Ideal cuando trabajas con ilustraciones complejas que contienen cientos de objetos. Permite seleccionar un elemento dentro de un grupo sin necesidad de desagrupar todo el conjunto, manteniendo el orden jer\u00e1rquico de tus capas.<\/p>\n<\/div><\/div>\n\n\n\n<div class=\"wp-block-media-text\" style=\"grid-template-columns:20% auto\"><figure class=\"wp-block-media-text__media\"><img loading=\"lazy\" decoding=\"async\" width=\"300\" height=\"300\" src=\"https:\/\/imecaf.com\/blog\/wp-content\/uploads\/Zoom-1.jpg\" alt=\"Dise\u00f1o gr\u00e1fico vectorial - Herramienta zoom\" class=\"wp-image-20512 size-full\" srcset=\"https:\/\/imecaf.com\/blog\/wp-content\/uploads\/Zoom-1.jpg 300w, https:\/\/imecaf.com\/blog\/wp-content\/uploads\/Zoom-1-150x150.jpg 150w, https:\/\/imecaf.com\/blog\/wp-content\/uploads\/Zoom-1-120x120.jpg 120w\" sizes=\"auto, (max-width: 300px) 100vw, 300px\" \/><\/figure><div class=\"wp-block-media-text__content\">\n<h4 class=\"wp-block-heading\"><strong>Herramienta Zoom (Z)<\/strong><\/h4>\n\n\n\n<p>Es fundamental para el <strong>dise\u00f1o gr\u00e1fico vectorial<\/strong> de alta precisi\u00f3n. Permite acercarse para ajustar puntos de anclaje milim\u00e9tricos o alejarse para visualizar la composici\u00f3n total de la mesa de trabajo. Combinada con la barra espaciadora (mano), permite desplazarse por el lienzo con agilidad.<\/p>\n<\/div><\/div>\n\n\n\n<div class=\"wp-block-media-text\" style=\"grid-template-columns:20% auto\"><figure class=\"wp-block-media-text__media\"><img loading=\"lazy\" decoding=\"async\" width=\"300\" height=\"300\" src=\"https:\/\/imecaf.com\/blog\/wp-content\/uploads\/Mesa-de-Trabajo.jpg\" alt=\"Dise\u00f1o gr\u00e1fico vectorial - Herramienta mesa de trabajo\" class=\"wp-image-20513 size-full\" srcset=\"https:\/\/imecaf.com\/blog\/wp-content\/uploads\/Mesa-de-Trabajo.jpg 300w, https:\/\/imecaf.com\/blog\/wp-content\/uploads\/Mesa-de-Trabajo-150x150.jpg 150w, https:\/\/imecaf.com\/blog\/wp-content\/uploads\/Mesa-de-Trabajo-120x120.jpg 120w\" sizes=\"auto, (max-width: 300px) 100vw, 300px\" \/><\/figure><div class=\"wp-block-media-text__content\">\n<h4 class=\"wp-block-heading\"><strong>Herramienta Mesa de Trabajo (Shift + O)<\/strong><\/h4>\n\n\n\n<p>Esta es una de las <strong>herramientas de Illustrator<\/strong> que define la gesti\u00f3n del proyecto. Permite crear, redimensionar o duplicar los lienzos donde se dise\u00f1a. En el <strong>dise\u00f1o vectorial<\/strong>, puedes tener diferentes mesas para diversas piezas (ej. un post de Facebook y una historia de Instagram) dentro del mismo archivo, manteniendo todo organizado.<\/p>\n<\/div><\/div>\n\n\n\n<hr class=\"wp-block-separator has-text-color has-alpha-channel-opacity has-background\" style=\"background-color:#bd5600;color:#bd5600\"\/>\n\n\n\n<h2 class=\"wp-block-heading\"><strong>Herramientas de Organizaci\u00f3n y Alineaci\u00f3n (Fundamentales para el Orden)<\/strong><\/h2>\n\n\n\n<div class=\"wp-block-media-text\" style=\"grid-template-columns:25% auto\"><figure class=\"wp-block-media-text__media\"><img loading=\"lazy\" decoding=\"async\" width=\"300\" height=\"300\" src=\"https:\/\/imecaf.com\/blog\/wp-content\/uploads\/Alinear-y-Distribuir.jpg\" alt=\"Alinear y distribuir en Illustrator\" class=\"wp-image-20514 size-full\" srcset=\"https:\/\/imecaf.com\/blog\/wp-content\/uploads\/Alinear-y-Distribuir.jpg 300w, https:\/\/imecaf.com\/blog\/wp-content\/uploads\/Alinear-y-Distribuir-150x150.jpg 150w, https:\/\/imecaf.com\/blog\/wp-content\/uploads\/Alinear-y-Distribuir-120x120.jpg 120w\" sizes=\"auto, (max-width: 300px) 100vw, 300px\" \/><\/figure><div class=\"wp-block-media-text__content\">\n<h4 class=\"wp-block-heading\"><strong>Alinear y Distribuir<\/strong><\/h4>\n\n\n\n<p>No son herramientas de la barra lateral, sino un panel de control. Permiten que los objetos tengan una separaci\u00f3n exacta o que est\u00e9n perfectamente centrados entre s\u00ed. En el <strong>dise\u00f1o vectorial<\/strong>, la simetr\u00eda es lo que da el aspecto \u00abprofesional\u00bb.<\/p>\n<\/div><\/div>\n\n\n\n<div class=\"wp-block-media-text\" style=\"grid-template-columns:25% auto\"><figure class=\"wp-block-media-text__media\"><img loading=\"lazy\" decoding=\"async\" width=\"300\" height=\"300\" src=\"https:\/\/imecaf.com\/blog\/wp-content\/uploads\/guias-inteligentes.jpg\" alt=\"Gu\u00edas inteligentes en Illustrator\" class=\"wp-image-20515 size-full\" srcset=\"https:\/\/imecaf.com\/blog\/wp-content\/uploads\/guias-inteligentes.jpg 300w, https:\/\/imecaf.com\/blog\/wp-content\/uploads\/guias-inteligentes-150x150.jpg 150w, https:\/\/imecaf.com\/blog\/wp-content\/uploads\/guias-inteligentes-120x120.jpg 120w\" sizes=\"auto, (max-width: 300px) 100vw, 300px\" \/><\/figure><div class=\"wp-block-media-text__content\">\n<h4 class=\"wp-block-heading\"><strong>Gu\u00edas Inteligentes (Cmd\/Ctrl + U)<\/strong><\/h4>\n\n\n\n<p>Son l\u00edneas magn\u00e9ticas temporales que aparecen al mover objetos. Ayudan a que las <strong>herramientas de Illustrator<\/strong> \u00abencajen\u00bb los elementos de forma matem\u00e1tica, evitando que el dise\u00f1o se vea movido por mil\u00edmetros.<\/p>\n<\/div><\/div>\n\n\n\n<hr class=\"wp-block-separator has-text-color has-alpha-channel-opacity has-background\" style=\"background-color:#bd5600;color:#bd5600\"\/>\n\n\n\n<h2 class=\"wp-block-heading\"><strong>Herramientas de Dibujo y Trazado de Precisi\u00f3n<\/strong><\/h2>\n\n\n\n<p>Aqu\u00ed entramos en el coraz\u00f3n productivo de las <strong>herramientas de Illustrator<\/strong>. La creaci\u00f3n de formas personalizadas es lo que otorga originalidad al <strong>dise\u00f1o gr\u00e1fico vectorial<\/strong>.<\/p>\n\n\n\n<div class=\"wp-block-media-text\" style=\"grid-template-columns:20% auto\"><figure class=\"wp-block-media-text__media\"><img loading=\"lazy\" decoding=\"async\" width=\"300\" height=\"300\" src=\"https:\/\/imecaf.com\/blog\/wp-content\/uploads\/Pluma.jpg\" alt=\"Dise\u00f1o gr\u00e1fico vectorial - Herramienta Pluma\" class=\"wp-image-20516 size-full\" srcset=\"https:\/\/imecaf.com\/blog\/wp-content\/uploads\/Pluma.jpg 300w, https:\/\/imecaf.com\/blog\/wp-content\/uploads\/Pluma-150x150.jpg 150w, https:\/\/imecaf.com\/blog\/wp-content\/uploads\/Pluma-120x120.jpg 120w\" sizes=\"auto, (max-width: 300px) 100vw, 300px\" \/><\/figure><div class=\"wp-block-media-text__content\">\n<h4 class=\"wp-block-heading\"><strong>La Herramienta Pluma (P)<\/strong><\/h4>\n\n\n\n<p>Es el est\u00e1ndar de oro. Aunque tiene una curva de aprendizaje pronunciada, es la herramienta m\u00e1s potente para el <strong>dise\u00f1o vectorial<\/strong>. Permite colocar puntos de anclaje uno a uno para crear trayectos cerrados o abiertos.<\/p>\n\n\n\n<ul class=\"wp-block-list\">\n<li><strong>A\u00f1adir\/Eliminar puntos:<\/strong> Fundamental para refinar siluetas.<\/li>\n\n\n\n<li><strong>Herramienta Punto de Anclaje (Shift + C):<\/strong> Sirve para convertir un v\u00e9rtice en curva o viceversa de forma instant\u00e1nea.<\/li>\n<\/ul>\n<\/div><\/div>\n\n\n\n<div class=\"wp-block-media-text\" style=\"grid-template-columns:20% auto\"><figure class=\"wp-block-media-text__media\"><img loading=\"lazy\" decoding=\"async\" width=\"300\" height=\"300\" src=\"https:\/\/imecaf.com\/blog\/wp-content\/uploads\/Curvatura.jpg\" alt=\"Dise\u00f1o gr\u00e1fico vectorial - Herramienta curvatura\" class=\"wp-image-20517 size-full\" srcset=\"https:\/\/imecaf.com\/blog\/wp-content\/uploads\/Curvatura.jpg 300w, https:\/\/imecaf.com\/blog\/wp-content\/uploads\/Curvatura-150x150.jpg 150w, https:\/\/imecaf.com\/blog\/wp-content\/uploads\/Curvatura-120x120.jpg 120w\" sizes=\"auto, (max-width: 300px) 100vw, 300px\" \/><\/figure><div class=\"wp-block-media-text__content\">\n<h4 class=\"wp-block-heading\"><strong>Herramienta Curvatura<\/strong><\/h4>\n\n\n\n<p>Una adici\u00f3n moderna que ha simplificado el <strong>dise\u00f1o gr\u00e1fico vectorial<\/strong> para principiantes. A diferencia de la pluma tradicional, la herramienta curvatura crea trayectos fluidos de forma autom\u00e1tica bas\u00e1ndose en d\u00f3nde haces clic, optimizando el tiempo en la creaci\u00f3n de formas org\u00e1nicas como logotipos minimalistas o ilustraciones bot\u00e1nicas.<\/p>\n<\/div><\/div>\n\n\n\n<div class=\"wp-block-media-text is-stacked-on-mobile\" style=\"grid-template-columns:20% auto\"><figure class=\"wp-block-media-text__media\"><img loading=\"lazy\" decoding=\"async\" width=\"225\" height=\"225\" src=\"https:\/\/imecaf.com\/blog\/wp-content\/uploads\/Lapiz-y-pincel.jpg\" alt=\"Dise\u00f1o gr\u00e1fico vectorial - El pincel y el l\u00e1piz\" class=\"wp-image-20518 size-full\" srcset=\"https:\/\/imecaf.com\/blog\/wp-content\/uploads\/Lapiz-y-pincel.jpg 225w, https:\/\/imecaf.com\/blog\/wp-content\/uploads\/Lapiz-y-pincel-150x150.jpg 150w, https:\/\/imecaf.com\/blog\/wp-content\/uploads\/Lapiz-y-pincel-120x120.jpg 120w\" sizes=\"auto, (max-width: 225px) 100vw, 225px\" \/><\/figure><div class=\"wp-block-media-text__content\">\n<h4 class=\"wp-block-heading\"><strong>El Pincel y el L\u00e1piz<\/strong><\/h4>\n\n\n\n<p>Mientras que la pluma es para precisi\u00f3n geom\u00e9trica, estas herramientas son para la expresi\u00f3n gestual. El <strong>Pincel (B)<\/strong> permite aplicar estilos art\u00edsticos a los trazos, mientras que el <strong>L\u00e1piz (N)<\/strong> es ideal para bocetar r\u00e1pidamente trayectos vectoriales que el software suaviza autom\u00e1ticamente.<\/p>\n<\/div><\/div>\n\n\n\n<hr class=\"wp-block-separator has-text-color has-alpha-channel-opacity has-background\" style=\"background-color:#bd5600;color:#bd5600\"\/>\n\n\n\n<h2 class=\"wp-block-heading\"><strong>Geometr\u00eda Aplicada: Creaci\u00f3n de Formas B\u00e1sicas<\/strong><\/h2>\n\n\n\n<p>Gran parte del <strong>dise\u00f1o gr\u00e1fico vectorial<\/strong> profesional no se dibuja desde cero, sino que se construye a partir de formas primitivas.<\/p>\n\n\n\n<div class=\"wp-block-media-text\" style=\"grid-template-columns:20% auto\"><figure class=\"wp-block-media-text__media\"><img loading=\"lazy\" decoding=\"async\" width=\"300\" height=\"300\" src=\"https:\/\/imecaf.com\/blog\/wp-content\/uploads\/rectangulo-elipse-y-poligono.jpg\" alt=\"Herramientas de rect\u00e1ngulo, elipse y pol\u00edgono\" class=\"wp-image-20519 size-full\" srcset=\"https:\/\/imecaf.com\/blog\/wp-content\/uploads\/rectangulo-elipse-y-poligono.jpg 300w, https:\/\/imecaf.com\/blog\/wp-content\/uploads\/rectangulo-elipse-y-poligono-150x150.jpg 150w, https:\/\/imecaf.com\/blog\/wp-content\/uploads\/rectangulo-elipse-y-poligono-120x120.jpg 120w\" sizes=\"auto, (max-width: 300px) 100vw, 300px\" \/><\/figure><div class=\"wp-block-media-text__content\">\n<h4 class=\"wp-block-heading\"><strong>Herramientas de Rect\u00e1ngulo, Elipse y Pol\u00edgono<\/strong><\/h4>\n\n\n\n<p>Estas herramientas permiten crear figuras con proporciones matem\u00e1ticas perfectas.<\/p>\n\n\n\n<ul class=\"wp-block-list\">\n<li><strong>Uso de Shift:<\/strong> Al presionar la tecla Shift mientras arrastras, obligas a la herramienta a crear un cuadrado perfecto o un c\u00edrculo exacto.<\/li>\n\n\n\n<li><strong>Uso de Alt:<\/strong> Permite dibujar la forma desde su centro hacia afuera, algo vital para alinear elementos en logotipos circulares.<\/li>\n<\/ul>\n<\/div><\/div>\n\n\n\n<div class=\"wp-block-media-text\" style=\"grid-template-columns:20% auto\"><figure class=\"wp-block-media-text__media\"><img loading=\"lazy\" decoding=\"async\" width=\"300\" height=\"300\" src=\"https:\/\/imecaf.com\/blog\/wp-content\/uploads\/destello.jpg\" alt=\"Herramienta de destello\" class=\"wp-image-20520 size-full\" srcset=\"https:\/\/imecaf.com\/blog\/wp-content\/uploads\/destello.jpg 300w, https:\/\/imecaf.com\/blog\/wp-content\/uploads\/destello-150x150.jpg 150w, https:\/\/imecaf.com\/blog\/wp-content\/uploads\/destello-120x120.jpg 120w\" sizes=\"auto, (max-width: 300px) 100vw, 300px\" \/><\/figure><div class=\"wp-block-media-text__content\">\n<h4 class=\"wp-block-heading\"><strong>Herramienta Destello<\/strong><\/h4>\n\n\n\n<p>A menudo subestimada, permite a\u00f1adir efectos lum\u00ednicos vectoriales que, aunque son complejos matem\u00e1ticamente, se comportan como cualquier otro objeto en el <strong>dise\u00f1o vectorial<\/strong>, permitiendo a\u00f1adir profundidad a composiciones digitales.<\/p>\n<\/div><\/div>\n\n\n\n<hr class=\"wp-block-separator has-text-color has-alpha-channel-opacity has-background\" style=\"background-color:#bd5600;color:#bd5600\"\/>\n\n\n\n<h2 class=\"wp-block-heading\"><strong>Herramientas de Construcci\u00f3n y Edici\u00f3n de Formas Complejas<\/strong><\/h2>\n\n\n\n<p>Cuando las figuras b\u00e1sicas no son suficientes, las <strong>herramientas de Illustrator<\/strong> ofrecen m\u00e9todos de fusi\u00f3n y recorte que son la base de la ingenier\u00eda visual.<\/p>\n\n\n\n<div class=\"wp-block-media-text\" style=\"grid-template-columns:20% auto\"><figure class=\"wp-block-media-text__media\"><img loading=\"lazy\" decoding=\"async\" width=\"300\" height=\"300\" src=\"https:\/\/imecaf.com\/blog\/wp-content\/uploads\/Borrador.jpg\" alt=\"Herramienta borrador\" class=\"wp-image-20521 size-full\" srcset=\"https:\/\/imecaf.com\/blog\/wp-content\/uploads\/Borrador.jpg 300w, https:\/\/imecaf.com\/blog\/wp-content\/uploads\/Borrador-150x150.jpg 150w, https:\/\/imecaf.com\/blog\/wp-content\/uploads\/Borrador-120x120.jpg 120w\" sizes=\"auto, (max-width: 300px) 100vw, 300px\" \/><\/figure><div class=\"wp-block-media-text__content\">\n<h4 class=\"wp-block-heading\"><strong>Herramienta Borrador (Shift + E)<\/strong><\/h4>\n\n\n\n<p>A diferencia de un borrador de p\u00edxeles, en el <strong>dise\u00f1o gr\u00e1fico vectorial<\/strong> esta herramienta redefine los trazados. Al pasar el borrador sobre un objeto, Illustrator recalcula autom\u00e1ticamente los puntos de anclaje para cerrar las nuevas formas resultantes, permitiendo realizar recortes org\u00e1nicos de forma muy intuitiva.<\/p>\n<\/div><\/div>\n\n\n\n<div class=\"wp-block-media-text\" style=\"grid-template-columns:20% auto\"><figure class=\"wp-block-media-text__media\"><img loading=\"lazy\" decoding=\"async\" width=\"300\" height=\"300\" src=\"https:\/\/imecaf.com\/blog\/wp-content\/uploads\/tijeras.jpg\" alt=\"Herramienta tijeras\" class=\"wp-image-20522 size-full\" srcset=\"https:\/\/imecaf.com\/blog\/wp-content\/uploads\/tijeras.jpg 300w, https:\/\/imecaf.com\/blog\/wp-content\/uploads\/tijeras-150x150.jpg 150w, https:\/\/imecaf.com\/blog\/wp-content\/uploads\/tijeras-120x120.jpg 120w\" sizes=\"auto, (max-width: 300px) 100vw, 300px\" \/><\/figure><div class=\"wp-block-media-text__content\">\n<h4 class=\"wp-block-heading\"><strong>Herramienta Tijeras (C)<\/strong><\/h4>\n\n\n\n<p>Se utiliza para dividir trazados abiertos o cerrados en puntos espec\u00edficos. Es una de las <strong>herramientas de Illustrator<\/strong> m\u00e1s precisas para \u00abromper\u00bb un vector y separar segmentos, permitiendo abrir siluetas o eliminar partes de un contorno sin afectar el resto de la geometr\u00eda del <strong>dise\u00f1o vectorial<\/strong>.<\/p>\n<\/div><\/div>\n\n\n\n<div class=\"wp-block-media-text\" style=\"grid-template-columns:20% auto\"><figure class=\"wp-block-media-text__media\"><img loading=\"lazy\" decoding=\"async\" width=\"300\" height=\"300\" src=\"https:\/\/imecaf.com\/blog\/wp-content\/uploads\/Creador-de-formas.jpg\" alt=\"Herramienta creador de formas\" class=\"wp-image-20523 size-full\" srcset=\"https:\/\/imecaf.com\/blog\/wp-content\/uploads\/Creador-de-formas.jpg 300w, https:\/\/imecaf.com\/blog\/wp-content\/uploads\/Creador-de-formas-150x150.jpg 150w, https:\/\/imecaf.com\/blog\/wp-content\/uploads\/Creador-de-formas-120x120.jpg 120w\" sizes=\"auto, (max-width: 300px) 100vw, 300px\" \/><\/figure><div class=\"wp-block-media-text__content\">\n<h4 class=\"wp-block-heading\"><strong>Creador de Formas (Shift + M)<\/strong><\/h4>\n\n\n\n<p>Esta herramienta revolucion\u00f3 el <strong>dise\u00f1o gr\u00e1fico vectorial<\/strong>. En lugar de usar men\u00fas complicados, simplemente seleccionas varios objetos superpuestos y \u00abpintas\u00bb sobre las \u00e1reas que quieres unir o presionas Alt para borrarlas. Es intuitiva, r\u00e1pida y reduce el error humano en la creaci\u00f3n de nodos sobrantes.<\/p>\n<\/div><\/div>\n\n\n\n<h3 class=\"wp-block-heading\"><strong>Panel Buscatrazos (Pathfinder): Operaciones L\u00f3gicas Completas<\/strong><\/h3>\n\n\n\n<p>A diferencia del Creador de Formas, el Buscatrazos es un panel de operaciones l\u00f3gicas (booleanas) que permite combinar objetos de forma permanente o mediante formas compuestas. Es una de las <strong>herramientas de Illustrator<\/strong> m\u00e1s potentes para generar iconos y logotipos con simetr\u00eda exacta.<\/p>\n\n\n\n<div class=\"wp-block-media-text\" style=\"grid-template-columns:30% auto\"><figure class=\"wp-block-media-text__media\"><img loading=\"lazy\" decoding=\"async\" width=\"300\" height=\"300\" src=\"https:\/\/imecaf.com\/blog\/wp-content\/uploads\/Modos-de-forma.jpg\" alt=\"Modos de forma en Illustrator\" class=\"wp-image-20524 size-full\" srcset=\"https:\/\/imecaf.com\/blog\/wp-content\/uploads\/Modos-de-forma.jpg 300w, https:\/\/imecaf.com\/blog\/wp-content\/uploads\/Modos-de-forma-150x150.jpg 150w, https:\/\/imecaf.com\/blog\/wp-content\/uploads\/Modos-de-forma-120x120.jpg 120w\" sizes=\"auto, (max-width: 300px) 100vw, 300px\" \/><\/figure><div class=\"wp-block-media-text__content\">\n<h4 class=\"wp-block-heading\"><strong>Modos de Forma (Interacci\u00f3n de siluetas):<\/strong><\/h4>\n\n\n\n<ul class=\"wp-block-list\">\n<li><strong>Unificar:<\/strong> Fusiona todos los objetos seleccionados en una sola silueta vectorial, eliminando las l\u00edneas de intersecci\u00f3n internas.<\/li>\n\n\n\n<li><strong>Menos frente:<\/strong> Utiliza el objeto situado en la parte superior como un \u00abtroquel\u00bb para recortar y eliminar esa \u00e1rea del objeto que est\u00e1 debajo.<\/li>\n\n\n\n<li><strong>Intersecci\u00f3n:<\/strong> Elimina todo lo que no est\u00e9 superpuesto, dejando \u00fanicamente la forma resultante donde todos los objetos coincid\u00edan.<\/li>\n\n\n\n<li><strong>Excluir:<\/strong> Realiza lo opuesto a la intersecci\u00f3n; mantiene las \u00e1reas externas y vuelve transparentes las zonas donde los objetos se enciman.<\/li>\n<\/ul>\n<\/div><\/div>\n\n\n\n<div class=\"wp-block-media-text\" style=\"grid-template-columns:30% auto\"><figure class=\"wp-block-media-text__media\"><img loading=\"lazy\" decoding=\"async\" width=\"300\" height=\"300\" src=\"https:\/\/imecaf.com\/blog\/wp-content\/uploads\/Buscatrazos.jpg\" alt=\"Buscatrazos en Illustrator\" class=\"wp-image-20525 size-full\" srcset=\"https:\/\/imecaf.com\/blog\/wp-content\/uploads\/Buscatrazos.jpg 300w, https:\/\/imecaf.com\/blog\/wp-content\/uploads\/Buscatrazos-150x150.jpg 150w, https:\/\/imecaf.com\/blog\/wp-content\/uploads\/Buscatrazos-120x120.jpg 120w\" sizes=\"auto, (max-width: 300px) 100vw, 300px\" \/><\/figure><div class=\"wp-block-media-text__content\">\n<h4 class=\"wp-block-heading\"><strong>Buscatrazos (Divisi\u00f3n de trazados):<\/strong><\/h4>\n\n\n\n<ul class=\"wp-block-list\">\n<li><strong>Dividir:<\/strong> Es la herramienta m\u00e1s usada en el <strong>dise\u00f1o gr\u00e1fico vectorial<\/strong> avanzado. Separa todas las piezas superpuestas en objetos independientes, permitiendo colorear cada secci\u00f3n por separado.<\/li>\n\n\n\n<li><strong>Trim (Recortar):<\/strong> Elimina las partes de los objetos que est\u00e1n ocultas detr\u00e1s de otros, ideal para limpiar archivos de <strong>dise\u00f1o vectorial<\/strong> antes de enviarlos a producci\u00f3n.<\/li>\n\n\n\n<li><strong>Combinar:<\/strong> Similar a Recortar, pero une autom\u00e1ticamente las piezas que comparten el mismo color de relleno, optimizando la cantidad de nodos.<\/li>\n\n\n\n<li><strong>Contornear:<\/strong> Reduce los objetos a simples l\u00edneas vectoriales basadas en sus bordes, \u00fatil para crear gu\u00edas de corte o estructuras de alambre.<\/li>\n\n\n\n<li><strong>Menos fondo:<\/strong> Al rev\u00e9s de \u00abMenos frente\u00bb, utiliza el objeto situado al fondo para recortar al que est\u00e1 enfrente, ofreciendo una alternativa r\u00e1pida de edici\u00f3n.<\/li>\n<\/ul>\n<\/div><\/div>\n\n\n\n<hr class=\"wp-block-separator has-text-color has-alpha-channel-opacity has-background\" style=\"background-color:#bd5600;color:#bd5600\"\/>\n\n\n\n<h2 class=\"wp-block-heading\"><strong>Herramientas de Color y Transformaci\u00f3n de Apariencia<\/strong><\/h2>\n\n\n\n<p>El color en el <strong>dise\u00f1o gr\u00e1fico vectorial<\/strong> no es est\u00e1tico; es un atributo din\u00e1mico que puede ser manipulado de formas sorprendentes.<\/p>\n\n\n\n<div class=\"wp-block-media-text\" style=\"grid-template-columns:20% auto\"><figure class=\"wp-block-media-text__media\"><img loading=\"lazy\" decoding=\"async\" width=\"300\" height=\"300\" src=\"https:\/\/imecaf.com\/blog\/wp-content\/uploads\/Maya.jpg\" alt=\"Dise\u00f1o gr\u00e1fico vectorial - Herramienta de malla\" class=\"wp-image-20526 size-full\" srcset=\"https:\/\/imecaf.com\/blog\/wp-content\/uploads\/Maya.jpg 300w, https:\/\/imecaf.com\/blog\/wp-content\/uploads\/Maya-150x150.jpg 150w, https:\/\/imecaf.com\/blog\/wp-content\/uploads\/Maya-120x120.jpg 120w\" sizes=\"auto, (max-width: 300px) 100vw, 300px\" \/><\/figure><div class=\"wp-block-media-text__content\">\n<h4 class=\"wp-block-heading\"><strong>La Herramienta Malla (U)<\/strong><\/h4>\n\n\n\n<p>Es la joya de la corona para el realismo en el <strong>dise\u00f1o vectorial<\/strong>. Permite convertir un objeto plano en una red de puntos controlables, donde cada punto puede tener un color diferente. Esto permite crear degradados complejos que imitan texturas biol\u00f3gicas, reflejos met\u00e1licos o sombras suaves, llevando el <strong>dise\u00f1o gr\u00e1fico vectorial<\/strong> a un nivel casi fotogr\u00e1fico.<\/p>\n<\/div><\/div>\n\n\n\n<div class=\"wp-block-media-text\" style=\"grid-template-columns:20% auto\"><figure class=\"wp-block-media-text__media\"><img loading=\"lazy\" decoding=\"async\" width=\"300\" height=\"300\" src=\"https:\/\/imecaf.com\/blog\/wp-content\/uploads\/Degradado.jpg\" alt=\"Dise\u00f1o gr\u00e1fico vectorial - Herramienta degradado\" class=\"wp-image-20527 size-full\" srcset=\"https:\/\/imecaf.com\/blog\/wp-content\/uploads\/Degradado.jpg 300w, https:\/\/imecaf.com\/blog\/wp-content\/uploads\/Degradado-150x150.jpg 150w, https:\/\/imecaf.com\/blog\/wp-content\/uploads\/Degradado-120x120.jpg 120w\" sizes=\"auto, (max-width: 300px) 100vw, 300px\" \/><\/figure><div class=\"wp-block-media-text__content\">\n<h4 class=\"wp-block-heading\"><strong>Herramienta Degradado (G)<\/strong><\/h4>\n\n\n\n<p>Permite gestionar la transici\u00f3n entre dos o m\u00e1s colores. En las versiones m\u00e1s recientes de las <strong>herramientas de Illustrator<\/strong>, el \u00abDegradado de forma libre\u00bb permite colocar puntos de color de manera arbitraria dentro de una forma, eliminando la rigidez de los degradados lineales o radiales tradicionales.<\/p>\n<\/div><\/div>\n\n\n\n<div class=\"wp-block-media-text\" style=\"grid-template-columns:20% auto\"><figure class=\"wp-block-media-text__media\"><img loading=\"lazy\" decoding=\"async\" width=\"300\" height=\"300\" src=\"https:\/\/imecaf.com\/blog\/wp-content\/uploads\/Cuentagotas.jpg\" alt=\"Dise\u00f1o gr\u00e1fico vectorial - Cuentagotaas\" class=\"wp-image-20528 size-full\" srcset=\"https:\/\/imecaf.com\/blog\/wp-content\/uploads\/Cuentagotas.jpg 300w, https:\/\/imecaf.com\/blog\/wp-content\/uploads\/Cuentagotas-150x150.jpg 150w, https:\/\/imecaf.com\/blog\/wp-content\/uploads\/Cuentagotas-120x120.jpg 120w\" sizes=\"auto, (max-width: 300px) 100vw, 300px\" \/><\/figure><div class=\"wp-block-media-text__content\">\n<h4 class=\"wp-block-heading\"><strong>El Cuentagotas (I)<\/strong><\/h4>\n\n\n\n<p>Fundamental para mantener la coherencia de marca. No solo copia el color, sino que en el <strong>dise\u00f1o vectorial<\/strong> profesional, el cuentagotas puede capturar atributos de apariencia completos: tipograf\u00eda, grosor de trazo, efectos de transparencia y estilos gr\u00e1ficos, permitiendo una clonaci\u00f3n de estilo inmediata entre objetos.<\/p>\n<\/div><\/div>\n\n\n\n<div class=\"wp-block-media-text\" style=\"grid-template-columns:20% auto\"><figure class=\"wp-block-media-text__media\"><img loading=\"lazy\" decoding=\"async\" width=\"300\" height=\"300\" src=\"https:\/\/imecaf.com\/blog\/wp-content\/uploads\/Pintura-Interactiva.jpg\" alt=\"Dise\u00f1o gr\u00e1fico vectorial - Bote de pintura interactiva\" class=\"wp-image-20529 size-full\" srcset=\"https:\/\/imecaf.com\/blog\/wp-content\/uploads\/Pintura-Interactiva.jpg 300w, https:\/\/imecaf.com\/blog\/wp-content\/uploads\/Pintura-Interactiva-150x150.jpg 150w, https:\/\/imecaf.com\/blog\/wp-content\/uploads\/Pintura-Interactiva-120x120.jpg 120w\" sizes=\"auto, (max-width: 300px) 100vw, 300px\" \/><\/figure><div class=\"wp-block-media-text__content\">\n<h4 class=\"wp-block-heading\"><strong>Bote de Pintura Interactiva (K)<\/strong><\/h4>\n\n\n\n<p>Ideal para el <strong>dise\u00f1o gr\u00e1fico vectorial<\/strong> complejo. Permite colorear \u00e1reas cerradas que se forman por la intersecci\u00f3n de varias l\u00edneas, aunque no sean un objeto cerrado por s\u00ed mismas.<\/p>\n<\/div><\/div>\n\n\n\n<hr class=\"wp-block-separator has-text-color has-alpha-channel-opacity has-background\" style=\"background-color:#bd5600;color:#bd5600\"\/>\n\n\n\n<h2 class=\"wp-block-heading\"><strong>Herramientas de Transformaci\u00f3n y Distorsi\u00f3n<\/strong><\/h2>\n\n\n\n<p>Para que el <strong>dise\u00f1o gr\u00e1fico vectorial<\/strong> tenga dinamismo, es necesario alterar la estructura de los objetos sin destruir su naturaleza matem\u00e1tica.<\/p>\n\n\n\n<div class=\"wp-block-media-text\" style=\"grid-template-columns:20% auto\"><figure class=\"wp-block-media-text__media\"><img loading=\"lazy\" decoding=\"async\" width=\"300\" height=\"300\" src=\"https:\/\/imecaf.com\/blog\/wp-content\/uploads\/anchura.jpg\" alt=\"Herramienta de anchura\" class=\"wp-image-20530 size-full\" srcset=\"https:\/\/imecaf.com\/blog\/wp-content\/uploads\/anchura.jpg 300w, https:\/\/imecaf.com\/blog\/wp-content\/uploads\/anchura-150x150.jpg 150w, https:\/\/imecaf.com\/blog\/wp-content\/uploads\/anchura-120x120.jpg 120w\" sizes=\"auto, (max-width: 300px) 100vw, 300px\" \/><\/figure><div class=\"wp-block-media-text__content\">\n<h4 class=\"wp-block-heading\"><strong>Anchura (Shift + W)<\/strong><\/h4>\n\n\n\n<p>Esta es una de las <strong>herramientas de Illustrator<\/strong> m\u00e1s creativas. Permite variar el grosor de un trazo en puntos espec\u00edficos del trayecto. Esto es vital en la ilustraci\u00f3n editorial para dar un aspecto de \u00abl\u00ednea valorada\u00bb (trazos que se adelgazan y ensanchan), simulando el acabado de un entintado manual pero con la limpieza del <strong>dise\u00f1o vectorial<\/strong>.<\/p>\n<\/div><\/div>\n\n\n\n<div class=\"wp-block-media-text\" style=\"grid-template-columns:20% auto\"><figure class=\"wp-block-media-text__media\"><img loading=\"lazy\" decoding=\"async\" width=\"300\" height=\"300\" src=\"https:\/\/imecaf.com\/blog\/wp-content\/uploads\/Rotar-y-Reflejar.jpg\" alt=\"Herramientas rotar y reflejar\" class=\"wp-image-20531 size-full\" srcset=\"https:\/\/imecaf.com\/blog\/wp-content\/uploads\/Rotar-y-Reflejar.jpg 300w, https:\/\/imecaf.com\/blog\/wp-content\/uploads\/Rotar-y-Reflejar-150x150.jpg 150w, https:\/\/imecaf.com\/blog\/wp-content\/uploads\/Rotar-y-Reflejar-120x120.jpg 120w\" sizes=\"auto, (max-width: 300px) 100vw, 300px\" \/><\/figure><div class=\"wp-block-media-text__content\">\n<h4 class=\"wp-block-heading\"><strong>Rotar y Reflejar<\/strong><\/h4>\n\n\n\n<p>Herramientas de precisi\u00f3n que permiten duplicar objetos en \u00e1ngulos exactos. En el <strong>dise\u00f1o gr\u00e1fico vectorial<\/strong>, el \u00abReflejo\u00bb es indispensable para crear iconos sim\u00e9tricos, asegurando que el lado izquierdo sea una copia exacta del derecho, algo que el ojo humano percibe como orden y profesionalismo.<\/p>\n<\/div><\/div>\n\n\n\n<div class=\"wp-block-media-text\" style=\"grid-template-columns:20% auto\"><figure class=\"wp-block-media-text__media\"><img loading=\"lazy\" decoding=\"async\" width=\"300\" height=\"300\" src=\"https:\/\/imecaf.com\/blog\/wp-content\/uploads\/Deformacion-de-posicion-libre.jpg\" alt=\"Dise\u00f1o gr\u00e1fico vectorial - Deformaci\u00f3n de posici\u00f3n libre\" class=\"wp-image-20532 size-full\" srcset=\"https:\/\/imecaf.com\/blog\/wp-content\/uploads\/Deformacion-de-posicion-libre.jpg 300w, https:\/\/imecaf.com\/blog\/wp-content\/uploads\/Deformacion-de-posicion-libre-150x150.jpg 150w, https:\/\/imecaf.com\/blog\/wp-content\/uploads\/Deformacion-de-posicion-libre-120x120.jpg 120w\" sizes=\"auto, (max-width: 300px) 100vw, 300px\" \/><\/figure><div class=\"wp-block-media-text__content\">\n<h4 class=\"wp-block-heading\"><strong>Deformaci\u00f3n de Posici\u00f3n Libre (Puppet Warp)<\/strong><\/h4>\n\n\n\n<p>Permite colocar \u00abpines\u00bb en una ilustraci\u00f3n vectorial y mover partes (como el brazo de un personaje o la curva de una letra) sin deformar el resto del objeto.<\/p>\n<\/div><\/div>\n\n\n\n<div class=\"wp-block-media-text\" style=\"grid-template-columns:20% auto\"><figure class=\"wp-block-media-text__media\"><img loading=\"lazy\" decoding=\"async\" width=\"300\" height=\"300\" src=\"https:\/\/imecaf.com\/blog\/wp-content\/uploads\/fusion.jpg\" alt=\"Dise\u00f1o gr\u00e1fico vectorial - Herramienta fusi\u00f3n\" class=\"wp-image-20533 size-full\" srcset=\"https:\/\/imecaf.com\/blog\/wp-content\/uploads\/fusion.jpg 300w, https:\/\/imecaf.com\/blog\/wp-content\/uploads\/fusion-150x150.jpg 150w, https:\/\/imecaf.com\/blog\/wp-content\/uploads\/fusion-120x120.jpg 120w\" sizes=\"auto, (max-width: 300px) 100vw, 300px\" \/><\/figure><div class=\"wp-block-media-text__content\">\n<h4 class=\"wp-block-heading\"><strong>Herramienta Fusi\u00f3n (W)<\/strong><\/h4>\n\n\n\n<p>Crea una secuencia de pasos entre dos objetos. Puede usarse para crear degradados de formas, paletas de colores intermedias o efectos de repetici\u00f3n abstractos que son tendencia en el dise\u00f1o de carteles modernos.<\/p>\n<\/div><\/div>\n\n\n\n<hr class=\"wp-block-separator has-text-color has-alpha-channel-opacity has-background\" style=\"background-color:#bd5600;color:#bd5600\"\/>\n\n\n\n<h2 class=\"wp-block-heading\"><strong>Tipograf\u00eda: El Texto como Elemento Vectorial<\/strong><\/h2>\n\n\n\n<p>En Illustrator, las letras son tratadas con la misma importancia que cualquier otra forma geom\u00e9trica. El manejo de las <strong>herramientas de Illustrator<\/strong> para texto permite llevar la comunicaci\u00f3n m\u00e1s all\u00e1 de lo legible.<\/p>\n\n\n\n<div class=\"wp-block-media-text\" style=\"grid-template-columns:20% auto\"><figure class=\"wp-block-media-text__media\"><img loading=\"lazy\" decoding=\"async\" width=\"300\" height=\"300\" src=\"https:\/\/imecaf.com\/blog\/wp-content\/uploads\/Texto-en-trazado.jpg\" alt=\"Texto en trazado\" class=\"wp-image-20534 size-full\" srcset=\"https:\/\/imecaf.com\/blog\/wp-content\/uploads\/Texto-en-trazado.jpg 300w, https:\/\/imecaf.com\/blog\/wp-content\/uploads\/Texto-en-trazado-150x150.jpg 150w, https:\/\/imecaf.com\/blog\/wp-content\/uploads\/Texto-en-trazado-120x120.jpg 120w\" sizes=\"auto, (max-width: 300px) 100vw, 300px\" \/><\/figure><div class=\"wp-block-media-text__content\">\n<h4 class=\"wp-block-heading\"><strong>Texto en Trazado<\/strong><\/h4>\n\n\n\n<p>Permite que las palabras sigan una curva o una forma espec\u00edfica (como el borde de un sello circular). Esta t\u00e9cnica es b\u00e1sica en el <strong>dise\u00f1o gr\u00e1fico vectorial<\/strong> para empaques y logotipos.<\/p>\n<\/div><\/div>\n\n\n\n<div class=\"wp-block-media-text\" style=\"grid-template-columns:20% auto\"><figure class=\"wp-block-media-text__media\"><img loading=\"lazy\" decoding=\"async\" width=\"300\" height=\"300\" src=\"https:\/\/imecaf.com\/blog\/wp-content\/uploads\/Retocar-texto.jpg\" alt=\"Retocar texto\" class=\"wp-image-20535 size-full\" srcset=\"https:\/\/imecaf.com\/blog\/wp-content\/uploads\/Retocar-texto.jpg 300w, https:\/\/imecaf.com\/blog\/wp-content\/uploads\/Retocar-texto-150x150.jpg 150w, https:\/\/imecaf.com\/blog\/wp-content\/uploads\/Retocar-texto-120x120.jpg 120w\" sizes=\"auto, (max-width: 300px) 100vw, 300px\" \/><\/figure><div class=\"wp-block-media-text__content\">\n<h4 class=\"wp-block-heading\"><strong>Retocar Texto (Shift + T)<\/strong><\/h4>\n\n\n\n<p>Una herramienta avanzada que permite mover, escalar y rotar letras individuales dentro de una palabra sin necesidad de \u00abromper\u00bb el texto o convertirlo a curvas. Esto mantiene la capacidad de corregir faltas de ortograf\u00eda mientras se realiza un dise\u00f1o tipogr\u00e1fico creativo.<\/p>\n<\/div><\/div>\n\n\n\n<h4 class=\"wp-block-heading\"><strong>Creaci\u00f3n de Contornos (Shift + Ctrl + O)<\/strong><\/h4>\n\n\n\n<p>Este es un proceso cr\u00edtico en el flujo de trabajo del <strong>dise\u00f1o vectorial<\/strong>. Al convertir el texto en contornos, las letras dejan de ser fuentes y se convierten en trayectos. Esto garantiza que el dise\u00f1o se vea exactamente igual en cualquier computadora del mundo, independientemente de si tienen instalada la tipograf\u00eda original o no.<\/p>\n\n\n\n<hr class=\"wp-block-separator has-text-color has-alpha-channel-opacity has-background\" style=\"background-color:#bd5600;color:#bd5600\"\/>\n\n\n\n<h2 class=\"wp-block-heading\"><strong>Herramientas de Organizaci\u00f3n y Productividad<\/strong><\/h2>\n\n\n\n<p>El <strong>dise\u00f1o gr\u00e1fico vectorial<\/strong> complejo puede involucrar miles de nodos. Sin orden, la edici\u00f3n se vuelve imposible.<\/p>\n\n\n\n<h4 class=\"wp-block-heading\"><strong>Capas (Layers)<\/strong><\/h4>\n\n\n\n<p>El panel de capas es el centro de mando. Permite apilar objetos, bloquearlos para evitar movimientos accidentales y organizar elementos por categor\u00edas (ej. Capa de fondo, Capa de ilustraci\u00f3n, Capa de textos). Un profesional del <strong>dise\u00f1o vectorial<\/strong> siempre nombra sus capas para facilitar el trabajo colaborativo.<\/p>\n\n\n\n<h4 class=\"wp-block-heading\"><strong>S\u00edmbolos<\/strong><\/h4>\n\n\n\n<p>Si tienes un elemento que se repite constantemente (como el logo de una red social en un manual de identidad), lo conviertes en un S\u00edmbolo. Si decides cambiar el color del logo m\u00e1s adelante, solo editas el s\u00edmbolo original y todas las instancias en el documento se actualizar\u00e1n autom\u00e1ticamente. Esta es la m\u00e1xima expresi\u00f3n de eficiencia en las <strong>herramientas de Illustrator<\/strong>.<\/p>\n\n\n\n<div class=\"wp-block-media-text\" style=\"grid-template-columns:20% auto\"><figure class=\"wp-block-media-text__media\"><img loading=\"lazy\" decoding=\"async\" width=\"300\" height=\"300\" src=\"https:\/\/imecaf.com\/blog\/wp-content\/uploads\/Rociar-simbolo.jpg\" alt=\"Rociador de s\u00edmbolos\" class=\"wp-image-20536 size-full\" srcset=\"https:\/\/imecaf.com\/blog\/wp-content\/uploads\/Rociar-simbolo.jpg 300w, https:\/\/imecaf.com\/blog\/wp-content\/uploads\/Rociar-simbolo-150x150.jpg 150w, https:\/\/imecaf.com\/blog\/wp-content\/uploads\/Rociar-simbolo-120x120.jpg 120w\" sizes=\"auto, (max-width: 300px) 100vw, 300px\" \/><\/figure><div class=\"wp-block-media-text__content\">\n<h4 class=\"wp-block-heading\"><strong>Rociador de S\u00edmbolos (Shift + S)<\/strong><\/h4>\n\n\n\n<p>Permite \u00abpintar\u00bb con un objeto vectorial. Por ejemplo, si dise\u00f1as una hoja, puedes rociar cientos de ellas para crear un \u00e1rbol en segundos.<\/p>\n<\/div><\/div>\n\n\n\n<hr class=\"wp-block-separator has-text-color has-alpha-channel-opacity has-background\" style=\"background-color:#bd5600;color:#bd5600\"\/>\n\n\n\n<h2 class=\"wp-block-heading\"><strong>Salida y Exportaci\u00f3n: Del Vector al Mundo Real<\/strong><\/h2>\n\n\n\n<p>El <strong>dise\u00f1o gr\u00e1fico vectorial<\/strong> debe culminar en un archivo \u00fatil para el cliente final.<\/p>\n\n\n\n<h3 class=\"wp-block-heading\"><strong>Exportaci\u00f3n para Pantallas<\/strong><\/h3>\n\n\n\n<p>Permite generar de un solo clic m\u00faltiples formatos (PNG, JPG, SVG) en diferentes escalas (1x, 2x, 3x). Es la herramienta preferida por los dise\u00f1adores de interfaces y administradores de redes sociales para optimizar el peso de las im\u00e1genes sin sacrificar la nitidez del <strong>dise\u00f1o vectorial<\/strong>.<\/p>\n\n\n\n<figure class=\"wp-block-table is-style-stripes\"><table><thead><tr><td><strong>Formato<\/strong><\/td><td><strong>Ventaja en el Dise\u00f1o Vectorial<\/strong><\/td><td><strong>Uso Com\u00fan<\/strong><\/td><\/tr><\/thead><tbody><tr><td><strong>.AI<\/strong><\/td><td>Conserva todas las capacidades de edici\u00f3n.<\/td><td>Archivo fuente de trabajo.<\/td><\/tr><tr><td><strong>.SVG<\/strong><\/td><td>Vectorial nativo para web; pesa poco y es n\u00edtido.<\/td><td>Logotipos en sitios web.<\/td><\/tr><tr><td><strong>.PDF<\/strong><\/td><td>Universal y perfecto para impresi\u00f3n.<\/td><td>Folletos, tarjetas, manuales.<\/td><\/tr><tr><td><strong>.EPS<\/strong><\/td><td>Est\u00e1ndar antiguo pero compatible.<\/td><td>Env\u00edo a imprentas tradicionales.<\/td><\/tr><\/tbody><\/table><\/figure>\n\n\n\n<hr class=\"wp-block-separator has-text-color has-alpha-channel-opacity has-background\" style=\"background-color:#bd5600;color:#bd5600\"\/>\n\n\n\n<h2 class=\"wp-block-heading\"><strong>Conclusi\u00f3n General<\/strong><\/h2>\n\n\n\n<p>El dominio de las <strong>herramientas de Illustrator<\/strong> es lo que separa a un operador de software de un verdadero especialista en <strong>dise\u00f1o gr\u00e1fico vectorial<\/strong>. A trav\u00e9s de la comprensi\u00f3n profunda de c\u00f3mo interact\u00faan los puntos de anclaje, las herramientas de construcci\u00f3n y la gesti\u00f3n del color, cualquier profesional puede elevar la calidad de su comunicaci\u00f3n visual.<\/p>\n\n\n\n<p>El <strong>dise\u00f1o vectorial<\/strong> no es solo una t\u00e9cnica, es una ventaja competitiva que garantiza que tu trabajo sea siempre n\u00edtido, escalable y t\u00e9cnicamente perfecto, adapt\u00e1ndose a las exigencias de un mercado global que no perdona la baja resoluci\u00f3n.<\/p>\n\n\n\n<div class=\"wp-block-media-text\" style=\"grid-template-columns:40% auto\"><figure class=\"wp-block-media-text__media\"><img loading=\"lazy\" decoding=\"async\" width=\"810\" height=\"1013\" src=\"https:\/\/imecaf.com\/blog\/wp-content\/uploads\/Conclusion-herramientas-illustrator.jpg\" alt=\"Conclusi\u00f3n\" class=\"wp-image-20537 size-full\" srcset=\"https:\/\/imecaf.com\/blog\/wp-content\/uploads\/Conclusion-herramientas-illustrator.jpg 810w, https:\/\/imecaf.com\/blog\/wp-content\/uploads\/Conclusion-herramientas-illustrator-240x300.jpg 240w, https:\/\/imecaf.com\/blog\/wp-content\/uploads\/Conclusion-herramientas-illustrator-768x960.jpg 768w\" sizes=\"auto, (max-width: 810px) 100vw, 810px\" \/><\/figure><div class=\"wp-block-media-text__content\">\n<p><strong>Puntos clave a recordar<\/strong><\/p>\n\n\n\n<ul class=\"wp-block-list\">\n<li><strong>La escalabilidad es la clave:<\/strong> Todo lo creado en el <strong>dise\u00f1o vectorial<\/strong> puede crecer infinitamente sin perder calidad.<\/li>\n\n\n\n<li><strong>La Pluma es tu mejor amiga:<\/strong> Practicar con ella es el camino m\u00e1s r\u00e1pido hacia la maestr\u00eda.<\/li>\n\n\n\n<li><strong>Menos es m\u00e1s:<\/strong> En el <strong>dise\u00f1o gr\u00e1fico vectorial<\/strong>, cuantos menos puntos de anclaje uses para definir una forma, m\u00e1s limpio y profesional ser\u00e1 el resultado.<\/li>\n\n\n\n<li><strong>Organizaci\u00f3n es poder:<\/strong> El uso de capas y s\u00edmbolos ahorra horas de trabajo innecesario en correcciones.<\/li>\n\n\n\n<li><strong>Contexto de salida:<\/strong> Siempre define si tu dise\u00f1o va para pantalla (RGB) o para papel (CMYK) antes de empezar.<\/li>\n<\/ul>\n<\/div><\/div>\n\n\n\n<p><strong>\u00bfQuieres dominar Illustrator como un profesional?<\/strong><\/p>\n\n\n\n<p>En <strong>IMECAF<\/strong>, entendemos que el tiempo es tu recurso m\u00e1s valioso. Por eso, nuestro <a href=\"https:\/\/imecaf.com\/62\" target=\"_blank\" rel=\"noreferrer noopener\"><strong>Curso de Illustrator<\/strong><\/a> est\u00e1 dise\u00f1ado para llevarte de la mano por todas estas herramientas, aplic\u00e1ndolas desde el primer d\u00eda. Ya seas un emprendedor que busca crear su propia marca o un profesional administrativo que desea mejorar sus presentaciones e informes con <strong>dise\u00f1o gr\u00e1fico vectorial<\/strong> de alto nivel, este curso es para ti.<\/p>\n\n\n\n<hr class=\"wp-block-separator has-text-color has-alpha-channel-opacity has-background\" style=\"background-color:#bd5600;color:#bd5600\"\/>\n\n\n\n<h2 class=\"wp-block-heading\"><strong>Preguntas Frecuentes sobre el Dise\u00f1o Vectorial y Adobe Illustrator<\/strong><\/h2>\n\n\n\n<div class=\"schema-faq wp-block-yoast-faq-block\"><div class=\"schema-faq-section\" id=\"faq-question-1777498582565\"><strong class=\"schema-faq-question\"><strong>1. \u00bfCu\u00e1l es la diferencia real entre el dise\u00f1o vectorial y una fotograf\u00eda?<\/strong><\/strong> <p class=\"schema-faq-answer\">La diferencia es t\u00e9cnica: las fotos usan p\u00edxeles que se deforman al ampliarse, mientras que el <strong>dise\u00f1o vectorial<\/strong> usa c\u00e1lculos matem\u00e1ticos. Esto permite que el <strong>dise\u00f1o gr\u00e1fico vectorial<\/strong> sea infinitamente escalable sin perder nitidez.<br><br><\/p> <\/div> <div class=\"schema-faq-section\" id=\"faq-question-1777498599003\"><strong class=\"schema-faq-question\"><strong>2. \u00bfPor qu\u00e9 la herramienta Pluma es considerada la m\u00e1s importante?<\/strong><\/strong> <p class=\"schema-faq-answer\">Es la base de las <strong>herramientas de Illustrator<\/strong> porque permite un control total sobre los puntos de anclaje. Dominarla es lo que otorga verdadera libertad creativa para trazar cualquier forma personalizada en el <strong>dise\u00f1o gr\u00e1fico vectorial<\/strong>.<br><br><\/p> <\/div> <div class=\"schema-faq-section\" id=\"faq-question-1777498642315\"><strong class=\"schema-faq-question\"><strong>3. \u00bfQu\u00e9 sucede si imprimo un archivo en RGB en lugar de CMYK?<\/strong><\/strong> <p class=\"schema-faq-answer\">Los colores se ver\u00e1n opacos o alterados, ya que RGB es para pantallas y CMYK para tintas f\u00edsicas. Configurar las <strong>herramientas de Illustrator<\/strong> en el modo correcto garantiza que lo impreso coincida con lo que ves en tu monitor.<br><br><\/p> <\/div> <div class=\"schema-faq-section\" id=\"faq-question-1777498672651\"><strong class=\"schema-faq-question\"><strong>4. \u00bfEs obligatorio convertir el texto a contornos antes de enviar un archivo?<\/strong><\/strong> <p class=\"schema-faq-answer\">Es una pr\u00e1ctica esencial en el <strong>dise\u00f1o gr\u00e1fico vectorial<\/strong> para evitar que la tipograf\u00eda se modifique. Al hacerlo, el texto se convierte en dibujo y se visualizar\u00e1 correctamente en cualquier equipo, aunque no tengan la fuente instalada.<br><br><\/p> <\/div> <div class=\"schema-faq-section\" id=\"faq-question-1777498700953\"><strong class=\"schema-faq-question\"><strong>5. \u00bfQu\u00e9 herramienta es mejor para principiantes: Buscatrazos o Creador de Formas?<\/strong><\/strong> <p class=\"schema-faq-answer\">El <strong>Creador de Formas<\/strong> es m\u00e1s intuitivo porque permite fusionar \u00e1reas simplemente \u00abpintando\u00bb sobre ellas. El Buscatrazos es una de las <strong>herramientas de Illustrator<\/strong> m\u00e1s potentes para operaciones matem\u00e1ticas exactas entre m\u00faltiples objetos.<br><br><\/p> <\/div> <div class=\"schema-faq-section\" id=\"faq-question-1777498726860\"><strong class=\"schema-faq-question\"><strong>6. \u00bfPara qu\u00e9 sirve guardar un archivo en formato SVG?<\/strong><\/strong> <p class=\"schema-faq-answer\">El SVG es el est\u00e1ndar del <strong>dise\u00f1o vectorial<\/strong> para la web. Permite que los logotipos e iconos se vean perfectos en cualquier resoluci\u00f3n de dispositivo m\u00f3vil ocupando un espacio m\u00ednimo de memoria.<br><br><\/p> <\/div> <div class=\"schema-faq-section\" id=\"faq-question-1777498755996\"><strong class=\"schema-faq-question\"><strong>7. \u00bfPuedo transformar una foto en un vector autom\u00e1ticamente?<\/strong><\/strong> <p class=\"schema-faq-answer\">S\u00ed, usando la funci\u00f3n <strong>Calco de Imagen<\/strong>. Esta utilidad de las <strong>herramientas de Illustrator<\/strong> convierte los p\u00edxeles en trayectos, siendo ideal para digitalizar bocetos a mano o recuperar logotipos antiguos de baja calidad.<br><br><\/p> <\/div> <div class=\"schema-faq-section\" id=\"faq-question-1777498785446\"><strong class=\"schema-faq-question\"><strong>8. \u00bfEs necesario ser un artista para aprender a usar estas herramientas?<\/strong><\/strong> <p class=\"schema-faq-answer\">No. El <strong>dise\u00f1o gr\u00e1fico vectorial<\/strong> se basa en l\u00f3gica, geometr\u00eda y el dominio t\u00e9cnico del software. Con una metodolog\u00eda adecuada, cualquier profesional puede construir gr\u00e1ficos de alto impacto sin necesidad de saber dibujar a mano.<\/p> <\/div> <\/div>\n","protected":false},"excerpt":{"rendered":"<p>En el panorama actual de la comunicaci\u00f3n visual, el dise\u00f1o vectorial se ha consolidado como la columna vertebral de la identidad de marca y la producci\u00f3n gr\u00e1fica profesional. A diferencia de las im\u00e1genes basadas en p\u00edxeles, el dise\u00f1o gr\u00e1fico vectorial permite una flexibilidad t\u00e9cnica sin precedentes, donde la resoluci\u00f3n deja de ser una limitante para &#8230; <a title=\"Dise\u00f1o Gr\u00e1fico Vectorial en Illustrator: Fundamentos y Herramientas\" class=\"read-more\" href=\"https:\/\/imecaf.com\/blog\/2026\/04\/29\/diseno-grafico-vectorial-en-illustrator\/\">Leer m\u00e1s <span class=\"screen-reader-text\">Dise\u00f1o Gr\u00e1fico Vectorial en Illustrator: Fundamentos y Herramientas<\/span><\/a><\/p>\n","protected":false},"author":2,"featured_media":20504,"comment_status":"open","ping_status":"closed","sticky":false,"template":"","format":"standard","meta":{"footnotes":""},"categories":[288,7],"tags":[12321,10959,12318,12326,8094,12329,12319,12328,9206,12314,12027,12324,4890,12313,8288,12327,12320,12315,6518,5473,12316,11839,12215,8905,12322,12317],"class_list":["post-20503","post","type-post","status-publish","format-standard","has-post-thumbnail","hentry","category-articulos-computacion","category-computacion","tag-aineacion","tag-anclaje","tag-bezier","tag-buscatrazos","tag-color","tag-cuentagotas","tag-curvas","tag-degradado","tag-dibujo","tag-diseno-grafico-vectorial","tag-formas-basicas","tag-geometria","tag-herramientas","tag-illustrator","tag-lapiz","tag-malla","tag-mesa-de-trabajo","tag-nodos","tag-pincel","tag-pluma","tag-segmentos","tag-seleccion","tag-tijeras","tag-transformacion","tag-trazado","tag-vertice"],"yoast_head":"<!-- This site is optimized with the Yoast SEO plugin v27.5 - https:\/\/yoast.com\/product\/yoast-seo-wordpress\/ -->\n<title>Dise\u00f1o Gr\u00e1fico Vectorial en Illustrator: Gu\u00eda pr\u00e1ctica profesional<\/title>\n<meta name=\"description\" content=\"Explora el Dise\u00f1o Gr\u00e1fico Vectorial en Illustrator: herramientas, nodos y procesos clave para crear gr\u00e1ficos precisos y escalables\" \/>\n<meta name=\"robots\" content=\"index, follow, max-snippet:-1, max-image-preview:large, max-video-preview:-1\" \/>\n<link rel=\"canonical\" href=\"https:\/\/imecaf.com\/blog\/2026\/04\/29\/diseno-grafico-vectorial-en-illustrator\/\" \/>\n<meta property=\"og:locale\" content=\"es_ES\" \/>\n<meta property=\"og:type\" content=\"article\" \/>\n<meta property=\"og:title\" content=\"Dise\u00f1o Gr\u00e1fico Vectorial en Illustrator: Gu\u00eda pr\u00e1ctica profesional\" \/>\n<meta property=\"og:description\" content=\"Explora el Dise\u00f1o Gr\u00e1fico Vectorial en Illustrator: herramientas, nodos y procesos clave para crear gr\u00e1ficos precisos y escalables\" \/>\n<meta property=\"og:url\" content=\"https:\/\/imecaf.com\/blog\/2026\/04\/29\/diseno-grafico-vectorial-en-illustrator\/\" \/>\n<meta property=\"og:site_name\" content=\"IMECAF - Blog\" \/>\n<meta property=\"article:publisher\" content=\"https:\/\/www.facebook.com\/IMECAF\" \/>\n<meta property=\"article:published_time\" content=\"2026-04-29T23:34:23+00:00\" \/>\n<meta property=\"article:modified_time\" content=\"2026-04-29T23:34:24+00:00\" \/>\n<meta property=\"og:image\" content=\"http:\/\/imecaf.com\/blog\/wp-content\/uploads\/Herramientas-de-Illustrator.jpg\" \/>\n\t<meta property=\"og:image:width\" content=\"1000\" \/>\n\t<meta property=\"og:image:height\" content=\"600\" \/>\n\t<meta property=\"og:image:type\" content=\"image\/jpeg\" \/>\n<meta name=\"author\" content=\"Equipo de IMECAF\" \/>\n<meta name=\"twitter:card\" content=\"summary_large_image\" \/>\n<meta name=\"twitter:title\" content=\"Dise\u00f1o Gr\u00e1fico Vectorial en Illustrator: Gu\u00eda pr\u00e1ctica profesional\" \/>\n<meta name=\"twitter:description\" content=\"Explora el Dise\u00f1o Gr\u00e1fico Vectorial en Illustrator: herramientas, nodos y procesos clave para crear gr\u00e1ficos precisos y escalables\" \/>\n<meta name=\"twitter:image\" content=\"https:\/\/imecaf.com\/blog\/wp-content\/uploads\/Herramientas-de-Illustrator.jpg\" \/>\n<meta name=\"twitter:creator\" content=\"@imecaf\" \/>\n<meta name=\"twitter:site\" content=\"@imecaf\" \/>\n<meta name=\"twitter:label1\" content=\"Escrito por\" \/>\n\t<meta name=\"twitter:data1\" content=\"Equipo de IMECAF\" \/>\n\t<meta name=\"twitter:label2\" content=\"Tiempo de lectura\" \/>\n\t<meta name=\"twitter:data2\" content=\"21 minutos\" \/>\n<script type=\"application\/ld+json\" class=\"yoast-schema-graph\">{\"@context\":\"https:\\\/\\\/schema.org\",\"@graph\":[{\"@type\":\"Article\",\"@id\":\"https:\\\/\\\/imecaf.com\\\/blog\\\/2026\\\/04\\\/29\\\/diseno-grafico-vectorial-en-illustrator\\\/#article\",\"isPartOf\":{\"@id\":\"https:\\\/\\\/imecaf.com\\\/blog\\\/2026\\\/04\\\/29\\\/diseno-grafico-vectorial-en-illustrator\\\/\"},\"author\":{\"name\":\"Equipo de IMECAF\",\"@id\":\"https:\\\/\\\/imecaf.com\\\/blog\\\/#\\\/schema\\\/person\\\/a69b9f3972250aa0b1fdb798f094b4c7\"},\"headline\":\"Dise\u00f1o Gr\u00e1fico Vectorial en Illustrator: Fundamentos y Herramientas\",\"datePublished\":\"2026-04-29T23:34:23+00:00\",\"dateModified\":\"2026-04-29T23:34:24+00:00\",\"mainEntityOfPage\":{\"@id\":\"https:\\\/\\\/imecaf.com\\\/blog\\\/2026\\\/04\\\/29\\\/diseno-grafico-vectorial-en-illustrator\\\/\"},\"wordCount\":3362,\"commentCount\":0,\"publisher\":{\"@id\":\"https:\\\/\\\/imecaf.com\\\/blog\\\/#organization\"},\"image\":{\"@id\":\"https:\\\/\\\/imecaf.com\\\/blog\\\/2026\\\/04\\\/29\\\/diseno-grafico-vectorial-en-illustrator\\\/#primaryimage\"},\"thumbnailUrl\":\"https:\\\/\\\/imecaf.com\\\/blog\\\/wp-content\\\/uploads\\\/Herramientas-de-Illustrator.jpg\",\"keywords\":[\"aineacion\",\"anclaje\",\"bezier\",\"buscatrazos\",\"color\",\"cuentagotas\",\"curvas\",\"degradado\",\"dibujo\",\"dise\u00f1o grafico vectorial\",\"formas basicas\",\"geometria\",\"herramientas\",\"illustrator\",\"lapiz\",\"malla\",\"mesa de trabajo\",\"nodos\",\"pincel\",\"pluma\",\"segmentos\",\"seleccion\",\"tijeras\",\"transformacion\",\"trazado\",\"vertice\"],\"articleSection\":[\"Art\u00edculos\",\"Computaci\u00f3n\"],\"inLanguage\":\"es\",\"potentialAction\":[{\"@type\":\"CommentAction\",\"name\":\"Comment\",\"target\":[\"https:\\\/\\\/imecaf.com\\\/blog\\\/2026\\\/04\\\/29\\\/diseno-grafico-vectorial-en-illustrator\\\/#respond\"]}]},{\"@type\":[\"WebPage\",\"FAQPage\"],\"@id\":\"https:\\\/\\\/imecaf.com\\\/blog\\\/2026\\\/04\\\/29\\\/diseno-grafico-vectorial-en-illustrator\\\/\",\"url\":\"https:\\\/\\\/imecaf.com\\\/blog\\\/2026\\\/04\\\/29\\\/diseno-grafico-vectorial-en-illustrator\\\/\",\"name\":\"Dise\u00f1o Gr\u00e1fico Vectorial en Illustrator: Gu\u00eda pr\u00e1ctica profesional\",\"isPartOf\":{\"@id\":\"https:\\\/\\\/imecaf.com\\\/blog\\\/#website\"},\"primaryImageOfPage\":{\"@id\":\"https:\\\/\\\/imecaf.com\\\/blog\\\/2026\\\/04\\\/29\\\/diseno-grafico-vectorial-en-illustrator\\\/#primaryimage\"},\"image\":{\"@id\":\"https:\\\/\\\/imecaf.com\\\/blog\\\/2026\\\/04\\\/29\\\/diseno-grafico-vectorial-en-illustrator\\\/#primaryimage\"},\"thumbnailUrl\":\"https:\\\/\\\/imecaf.com\\\/blog\\\/wp-content\\\/uploads\\\/Herramientas-de-Illustrator.jpg\",\"datePublished\":\"2026-04-29T23:34:23+00:00\",\"dateModified\":\"2026-04-29T23:34:24+00:00\",\"description\":\"Explora el Dise\u00f1o Gr\u00e1fico Vectorial en Illustrator: herramientas, nodos y procesos clave para crear gr\u00e1ficos precisos y escalables\",\"breadcrumb\":{\"@id\":\"https:\\\/\\\/imecaf.com\\\/blog\\\/2026\\\/04\\\/29\\\/diseno-grafico-vectorial-en-illustrator\\\/#breadcrumb\"},\"mainEntity\":[{\"@id\":\"https:\\\/\\\/imecaf.com\\\/blog\\\/2026\\\/04\\\/29\\\/diseno-grafico-vectorial-en-illustrator\\\/#faq-question-1777498582565\"},{\"@id\":\"https:\\\/\\\/imecaf.com\\\/blog\\\/2026\\\/04\\\/29\\\/diseno-grafico-vectorial-en-illustrator\\\/#faq-question-1777498599003\"},{\"@id\":\"https:\\\/\\\/imecaf.com\\\/blog\\\/2026\\\/04\\\/29\\\/diseno-grafico-vectorial-en-illustrator\\\/#faq-question-1777498642315\"},{\"@id\":\"https:\\\/\\\/imecaf.com\\\/blog\\\/2026\\\/04\\\/29\\\/diseno-grafico-vectorial-en-illustrator\\\/#faq-question-1777498672651\"},{\"@id\":\"https:\\\/\\\/imecaf.com\\\/blog\\\/2026\\\/04\\\/29\\\/diseno-grafico-vectorial-en-illustrator\\\/#faq-question-1777498700953\"},{\"@id\":\"https:\\\/\\\/imecaf.com\\\/blog\\\/2026\\\/04\\\/29\\\/diseno-grafico-vectorial-en-illustrator\\\/#faq-question-1777498726860\"},{\"@id\":\"https:\\\/\\\/imecaf.com\\\/blog\\\/2026\\\/04\\\/29\\\/diseno-grafico-vectorial-en-illustrator\\\/#faq-question-1777498755996\"},{\"@id\":\"https:\\\/\\\/imecaf.com\\\/blog\\\/2026\\\/04\\\/29\\\/diseno-grafico-vectorial-en-illustrator\\\/#faq-question-1777498785446\"}],\"inLanguage\":\"es\",\"potentialAction\":[{\"@type\":\"ReadAction\",\"target\":[\"https:\\\/\\\/imecaf.com\\\/blog\\\/2026\\\/04\\\/29\\\/diseno-grafico-vectorial-en-illustrator\\\/\"]}]},{\"@type\":\"ImageObject\",\"inLanguage\":\"es\",\"@id\":\"https:\\\/\\\/imecaf.com\\\/blog\\\/2026\\\/04\\\/29\\\/diseno-grafico-vectorial-en-illustrator\\\/#primaryimage\",\"url\":\"https:\\\/\\\/imecaf.com\\\/blog\\\/wp-content\\\/uploads\\\/Herramientas-de-Illustrator.jpg\",\"contentUrl\":\"https:\\\/\\\/imecaf.com\\\/blog\\\/wp-content\\\/uploads\\\/Herramientas-de-Illustrator.jpg\",\"width\":1000,\"height\":600},{\"@type\":\"BreadcrumbList\",\"@id\":\"https:\\\/\\\/imecaf.com\\\/blog\\\/2026\\\/04\\\/29\\\/diseno-grafico-vectorial-en-illustrator\\\/#breadcrumb\",\"itemListElement\":[{\"@type\":\"ListItem\",\"position\":1,\"name\":\"Portada\",\"item\":\"https:\\\/\\\/imecaf.com\\\/blog\\\/\"},{\"@type\":\"ListItem\",\"position\":2,\"name\":\"Dise\u00f1o Gr\u00e1fico Vectorial en Illustrator: Fundamentos y Herramientas\"}]},{\"@type\":\"WebSite\",\"@id\":\"https:\\\/\\\/imecaf.com\\\/blog\\\/#website\",\"url\":\"https:\\\/\\\/imecaf.com\\\/blog\\\/\",\"name\":\"IMECAF\",\"description\":\"Un lugar para expresar y compartir inquietudes dentro del mundo de la educaci\u00f3n.\",\"publisher\":{\"@id\":\"https:\\\/\\\/imecaf.com\\\/blog\\\/#organization\"},\"potentialAction\":[{\"@type\":\"SearchAction\",\"target\":{\"@type\":\"EntryPoint\",\"urlTemplate\":\"https:\\\/\\\/imecaf.com\\\/blog\\\/?s={search_term_string}\"},\"query-input\":{\"@type\":\"PropertyValueSpecification\",\"valueRequired\":true,\"valueName\":\"search_term_string\"}}],\"inLanguage\":\"es\"},{\"@type\":\"Organization\",\"@id\":\"https:\\\/\\\/imecaf.com\\\/blog\\\/#organization\",\"name\":\"IMECAF - Instituto Mexicano de Contabilidad, Administraci\u00f3n y Finanzas\",\"url\":\"https:\\\/\\\/imecaf.com\\\/blog\\\/\",\"logo\":{\"@type\":\"ImageObject\",\"inLanguage\":\"es\",\"@id\":\"https:\\\/\\\/imecaf.com\\\/blog\\\/#\\\/schema\\\/logo\\\/image\\\/\",\"url\":\"https:\\\/\\\/imecaf.com\\\/blog\\\/wp-content\\\/uploads\\\/IMECAF.Logo_.25.png\",\"contentUrl\":\"https:\\\/\\\/imecaf.com\\\/blog\\\/wp-content\\\/uploads\\\/IMECAF.Logo_.25.png\",\"width\":350,\"height\":350,\"caption\":\"IMECAF - Instituto Mexicano de Contabilidad, Administraci\u00f3n y Finanzas\"},\"image\":{\"@id\":\"https:\\\/\\\/imecaf.com\\\/blog\\\/#\\\/schema\\\/logo\\\/image\\\/\"},\"sameAs\":[\"https:\\\/\\\/www.facebook.com\\\/IMECAF\",\"https:\\\/\\\/x.com\\\/imecaf\",\"https:\\\/\\\/www.linkedin.com\\\/company\\\/imecaf\\\/\",\"https:\\\/\\\/www.youtube.com\\\/imecaf\",\"https:\\\/\\\/www.instagram.com\\\/imecaf_mx\\\/\",\"https:\\\/\\\/imecaf.negocio.site\\\/\"]},{\"@type\":\"Person\",\"@id\":\"https:\\\/\\\/imecaf.com\\\/blog\\\/#\\\/schema\\\/person\\\/a69b9f3972250aa0b1fdb798f094b4c7\",\"name\":\"Equipo de IMECAF\",\"image\":{\"@type\":\"ImageObject\",\"inLanguage\":\"es\",\"@id\":\"https:\\\/\\\/secure.gravatar.com\\\/avatar\\\/4b4242953c12937bd47e298d7922b4d01ffafe2955ce4235d318b8950782aa13?s=96&d=mm&r=g\",\"url\":\"https:\\\/\\\/secure.gravatar.com\\\/avatar\\\/4b4242953c12937bd47e298d7922b4d01ffafe2955ce4235d318b8950782aa13?s=96&d=mm&r=g\",\"contentUrl\":\"https:\\\/\\\/secure.gravatar.com\\\/avatar\\\/4b4242953c12937bd47e298d7922b4d01ffafe2955ce4235d318b8950782aa13?s=96&d=mm&r=g\",\"caption\":\"Equipo de IMECAF\"},\"url\":\"https:\\\/\\\/imecaf.com\\\/blog\\\/author\\\/mfonticoba\\\/\"},{\"@type\":\"Question\",\"@id\":\"https:\\\/\\\/imecaf.com\\\/blog\\\/2026\\\/04\\\/29\\\/diseno-grafico-vectorial-en-illustrator\\\/#faq-question-1777498582565\",\"position\":1,\"url\":\"https:\\\/\\\/imecaf.com\\\/blog\\\/2026\\\/04\\\/29\\\/diseno-grafico-vectorial-en-illustrator\\\/#faq-question-1777498582565\",\"name\":\"1. \u00bfCu\u00e1l es la diferencia real entre el dise\u00f1o vectorial y una fotograf\u00eda?\",\"answerCount\":1,\"acceptedAnswer\":{\"@type\":\"Answer\",\"text\":\"La diferencia es t\u00e9cnica: las fotos usan p\u00edxeles que se deforman al ampliarse, mientras que el <strong>dise\u00f1o vectorial<\\\/strong> usa c\u00e1lculos matem\u00e1ticos. Esto permite que el <strong>dise\u00f1o gr\u00e1fico vectorial<\\\/strong> sea infinitamente escalable sin perder nitidez.<br><br>\",\"inLanguage\":\"es\"},\"inLanguage\":\"es\"},{\"@type\":\"Question\",\"@id\":\"https:\\\/\\\/imecaf.com\\\/blog\\\/2026\\\/04\\\/29\\\/diseno-grafico-vectorial-en-illustrator\\\/#faq-question-1777498599003\",\"position\":2,\"url\":\"https:\\\/\\\/imecaf.com\\\/blog\\\/2026\\\/04\\\/29\\\/diseno-grafico-vectorial-en-illustrator\\\/#faq-question-1777498599003\",\"name\":\"2. \u00bfPor qu\u00e9 la herramienta Pluma es considerada la m\u00e1s importante?\",\"answerCount\":1,\"acceptedAnswer\":{\"@type\":\"Answer\",\"text\":\"Es la base de las <strong>herramientas de Illustrator<\\\/strong> porque permite un control total sobre los puntos de anclaje. Dominarla es lo que otorga verdadera libertad creativa para trazar cualquier forma personalizada en el <strong>dise\u00f1o gr\u00e1fico vectorial<\\\/strong>.<br><br>\",\"inLanguage\":\"es\"},\"inLanguage\":\"es\"},{\"@type\":\"Question\",\"@id\":\"https:\\\/\\\/imecaf.com\\\/blog\\\/2026\\\/04\\\/29\\\/diseno-grafico-vectorial-en-illustrator\\\/#faq-question-1777498642315\",\"position\":3,\"url\":\"https:\\\/\\\/imecaf.com\\\/blog\\\/2026\\\/04\\\/29\\\/diseno-grafico-vectorial-en-illustrator\\\/#faq-question-1777498642315\",\"name\":\"3. \u00bfQu\u00e9 sucede si imprimo un archivo en RGB en lugar de CMYK?\",\"answerCount\":1,\"acceptedAnswer\":{\"@type\":\"Answer\",\"text\":\"Los colores se ver\u00e1n opacos o alterados, ya que RGB es para pantallas y CMYK para tintas f\u00edsicas. Configurar las <strong>herramientas de Illustrator<\\\/strong> en el modo correcto garantiza que lo impreso coincida con lo que ves en tu monitor.<br><br>\",\"inLanguage\":\"es\"},\"inLanguage\":\"es\"},{\"@type\":\"Question\",\"@id\":\"https:\\\/\\\/imecaf.com\\\/blog\\\/2026\\\/04\\\/29\\\/diseno-grafico-vectorial-en-illustrator\\\/#faq-question-1777498672651\",\"position\":4,\"url\":\"https:\\\/\\\/imecaf.com\\\/blog\\\/2026\\\/04\\\/29\\\/diseno-grafico-vectorial-en-illustrator\\\/#faq-question-1777498672651\",\"name\":\"4. \u00bfEs obligatorio convertir el texto a contornos antes de enviar un archivo?\",\"answerCount\":1,\"acceptedAnswer\":{\"@type\":\"Answer\",\"text\":\"Es una pr\u00e1ctica esencial en el <strong>dise\u00f1o gr\u00e1fico vectorial<\\\/strong> para evitar que la tipograf\u00eda se modifique. Al hacerlo, el texto se convierte en dibujo y se visualizar\u00e1 correctamente en cualquier equipo, aunque no tengan la fuente instalada.<br><br>\",\"inLanguage\":\"es\"},\"inLanguage\":\"es\"},{\"@type\":\"Question\",\"@id\":\"https:\\\/\\\/imecaf.com\\\/blog\\\/2026\\\/04\\\/29\\\/diseno-grafico-vectorial-en-illustrator\\\/#faq-question-1777498700953\",\"position\":5,\"url\":\"https:\\\/\\\/imecaf.com\\\/blog\\\/2026\\\/04\\\/29\\\/diseno-grafico-vectorial-en-illustrator\\\/#faq-question-1777498700953\",\"name\":\"5. \u00bfQu\u00e9 herramienta es mejor para principiantes: Buscatrazos o Creador de Formas?\",\"answerCount\":1,\"acceptedAnswer\":{\"@type\":\"Answer\",\"text\":\"El <strong>Creador de Formas<\\\/strong> es m\u00e1s intuitivo porque permite fusionar \u00e1reas simplemente \\\"pintando\\\" sobre ellas. El Buscatrazos es una de las <strong>herramientas de Illustrator<\\\/strong> m\u00e1s potentes para operaciones matem\u00e1ticas exactas entre m\u00faltiples objetos.<br><br>\",\"inLanguage\":\"es\"},\"inLanguage\":\"es\"},{\"@type\":\"Question\",\"@id\":\"https:\\\/\\\/imecaf.com\\\/blog\\\/2026\\\/04\\\/29\\\/diseno-grafico-vectorial-en-illustrator\\\/#faq-question-1777498726860\",\"position\":6,\"url\":\"https:\\\/\\\/imecaf.com\\\/blog\\\/2026\\\/04\\\/29\\\/diseno-grafico-vectorial-en-illustrator\\\/#faq-question-1777498726860\",\"name\":\"6. \u00bfPara qu\u00e9 sirve guardar un archivo en formato SVG?\",\"answerCount\":1,\"acceptedAnswer\":{\"@type\":\"Answer\",\"text\":\"El SVG es el est\u00e1ndar del <strong>dise\u00f1o vectorial<\\\/strong> para la web. Permite que los logotipos e iconos se vean perfectos en cualquier resoluci\u00f3n de dispositivo m\u00f3vil ocupando un espacio m\u00ednimo de memoria.<br><br>\",\"inLanguage\":\"es\"},\"inLanguage\":\"es\"},{\"@type\":\"Question\",\"@id\":\"https:\\\/\\\/imecaf.com\\\/blog\\\/2026\\\/04\\\/29\\\/diseno-grafico-vectorial-en-illustrator\\\/#faq-question-1777498755996\",\"position\":7,\"url\":\"https:\\\/\\\/imecaf.com\\\/blog\\\/2026\\\/04\\\/29\\\/diseno-grafico-vectorial-en-illustrator\\\/#faq-question-1777498755996\",\"name\":\"7. \u00bfPuedo transformar una foto en un vector autom\u00e1ticamente?\",\"answerCount\":1,\"acceptedAnswer\":{\"@type\":\"Answer\",\"text\":\"S\u00ed, usando la funci\u00f3n <strong>Calco de Imagen<\\\/strong>. Esta utilidad de las <strong>herramientas de Illustrator<\\\/strong> convierte los p\u00edxeles en trayectos, siendo ideal para digitalizar bocetos a mano o recuperar logotipos antiguos de baja calidad.<br><br>\",\"inLanguage\":\"es\"},\"inLanguage\":\"es\"},{\"@type\":\"Question\",\"@id\":\"https:\\\/\\\/imecaf.com\\\/blog\\\/2026\\\/04\\\/29\\\/diseno-grafico-vectorial-en-illustrator\\\/#faq-question-1777498785446\",\"position\":8,\"url\":\"https:\\\/\\\/imecaf.com\\\/blog\\\/2026\\\/04\\\/29\\\/diseno-grafico-vectorial-en-illustrator\\\/#faq-question-1777498785446\",\"name\":\"8. \u00bfEs necesario ser un artista para aprender a usar estas herramientas?\",\"answerCount\":1,\"acceptedAnswer\":{\"@type\":\"Answer\",\"text\":\"No. El <strong>dise\u00f1o gr\u00e1fico vectorial<\\\/strong> se basa en l\u00f3gica, geometr\u00eda y el dominio t\u00e9cnico del software. Con una metodolog\u00eda adecuada, cualquier profesional puede construir gr\u00e1ficos de alto impacto sin necesidad de saber dibujar a mano.\",\"inLanguage\":\"es\"},\"inLanguage\":\"es\"}]}<\/script>\n<!-- \/ Yoast SEO plugin. -->","yoast_head_json":{"title":"Dise\u00f1o Gr\u00e1fico Vectorial en Illustrator: Gu\u00eda pr\u00e1ctica profesional","description":"Explora el Dise\u00f1o Gr\u00e1fico Vectorial en Illustrator: herramientas, nodos y procesos clave para crear gr\u00e1ficos precisos y escalables","robots":{"index":"index","follow":"follow","max-snippet":"max-snippet:-1","max-image-preview":"max-image-preview:large","max-video-preview":"max-video-preview:-1"},"canonical":"https:\/\/imecaf.com\/blog\/2026\/04\/29\/diseno-grafico-vectorial-en-illustrator\/","og_locale":"es_ES","og_type":"article","og_title":"Dise\u00f1o Gr\u00e1fico Vectorial en Illustrator: Gu\u00eda pr\u00e1ctica profesional","og_description":"Explora el Dise\u00f1o Gr\u00e1fico Vectorial en Illustrator: herramientas, nodos y procesos clave para crear gr\u00e1ficos precisos y escalables","og_url":"https:\/\/imecaf.com\/blog\/2026\/04\/29\/diseno-grafico-vectorial-en-illustrator\/","og_site_name":"IMECAF - Blog","article_publisher":"https:\/\/www.facebook.com\/IMECAF","article_published_time":"2026-04-29T23:34:23+00:00","article_modified_time":"2026-04-29T23:34:24+00:00","og_image":[{"width":1000,"height":600,"url":"http:\/\/imecaf.com\/blog\/wp-content\/uploads\/Herramientas-de-Illustrator.jpg","type":"image\/jpeg"}],"author":"Equipo de IMECAF","twitter_card":"summary_large_image","twitter_title":"Dise\u00f1o Gr\u00e1fico Vectorial en Illustrator: Gu\u00eda pr\u00e1ctica profesional","twitter_description":"Explora el Dise\u00f1o Gr\u00e1fico Vectorial en Illustrator: herramientas, nodos y procesos clave para crear gr\u00e1ficos precisos y escalables","twitter_image":"https:\/\/imecaf.com\/blog\/wp-content\/uploads\/Herramientas-de-Illustrator.jpg","twitter_creator":"@imecaf","twitter_site":"@imecaf","twitter_misc":{"Escrito por":"Equipo de IMECAF","Tiempo de lectura":"21 minutos"},"schema":{"@context":"https:\/\/schema.org","@graph":[{"@type":"Article","@id":"https:\/\/imecaf.com\/blog\/2026\/04\/29\/diseno-grafico-vectorial-en-illustrator\/#article","isPartOf":{"@id":"https:\/\/imecaf.com\/blog\/2026\/04\/29\/diseno-grafico-vectorial-en-illustrator\/"},"author":{"name":"Equipo de IMECAF","@id":"https:\/\/imecaf.com\/blog\/#\/schema\/person\/a69b9f3972250aa0b1fdb798f094b4c7"},"headline":"Dise\u00f1o Gr\u00e1fico Vectorial en Illustrator: Fundamentos y Herramientas","datePublished":"2026-04-29T23:34:23+00:00","dateModified":"2026-04-29T23:34:24+00:00","mainEntityOfPage":{"@id":"https:\/\/imecaf.com\/blog\/2026\/04\/29\/diseno-grafico-vectorial-en-illustrator\/"},"wordCount":3362,"commentCount":0,"publisher":{"@id":"https:\/\/imecaf.com\/blog\/#organization"},"image":{"@id":"https:\/\/imecaf.com\/blog\/2026\/04\/29\/diseno-grafico-vectorial-en-illustrator\/#primaryimage"},"thumbnailUrl":"https:\/\/imecaf.com\/blog\/wp-content\/uploads\/Herramientas-de-Illustrator.jpg","keywords":["aineacion","anclaje","bezier","buscatrazos","color","cuentagotas","curvas","degradado","dibujo","dise\u00f1o grafico vectorial","formas basicas","geometria","herramientas","illustrator","lapiz","malla","mesa de trabajo","nodos","pincel","pluma","segmentos","seleccion","tijeras","transformacion","trazado","vertice"],"articleSection":["Art\u00edculos","Computaci\u00f3n"],"inLanguage":"es","potentialAction":[{"@type":"CommentAction","name":"Comment","target":["https:\/\/imecaf.com\/blog\/2026\/04\/29\/diseno-grafico-vectorial-en-illustrator\/#respond"]}]},{"@type":["WebPage","FAQPage"],"@id":"https:\/\/imecaf.com\/blog\/2026\/04\/29\/diseno-grafico-vectorial-en-illustrator\/","url":"https:\/\/imecaf.com\/blog\/2026\/04\/29\/diseno-grafico-vectorial-en-illustrator\/","name":"Dise\u00f1o Gr\u00e1fico Vectorial en Illustrator: Gu\u00eda pr\u00e1ctica profesional","isPartOf":{"@id":"https:\/\/imecaf.com\/blog\/#website"},"primaryImageOfPage":{"@id":"https:\/\/imecaf.com\/blog\/2026\/04\/29\/diseno-grafico-vectorial-en-illustrator\/#primaryimage"},"image":{"@id":"https:\/\/imecaf.com\/blog\/2026\/04\/29\/diseno-grafico-vectorial-en-illustrator\/#primaryimage"},"thumbnailUrl":"https:\/\/imecaf.com\/blog\/wp-content\/uploads\/Herramientas-de-Illustrator.jpg","datePublished":"2026-04-29T23:34:23+00:00","dateModified":"2026-04-29T23:34:24+00:00","description":"Explora el Dise\u00f1o Gr\u00e1fico Vectorial en Illustrator: herramientas, nodos y procesos clave para crear gr\u00e1ficos precisos y escalables","breadcrumb":{"@id":"https:\/\/imecaf.com\/blog\/2026\/04\/29\/diseno-grafico-vectorial-en-illustrator\/#breadcrumb"},"mainEntity":[{"@id":"https:\/\/imecaf.com\/blog\/2026\/04\/29\/diseno-grafico-vectorial-en-illustrator\/#faq-question-1777498582565"},{"@id":"https:\/\/imecaf.com\/blog\/2026\/04\/29\/diseno-grafico-vectorial-en-illustrator\/#faq-question-1777498599003"},{"@id":"https:\/\/imecaf.com\/blog\/2026\/04\/29\/diseno-grafico-vectorial-en-illustrator\/#faq-question-1777498642315"},{"@id":"https:\/\/imecaf.com\/blog\/2026\/04\/29\/diseno-grafico-vectorial-en-illustrator\/#faq-question-1777498672651"},{"@id":"https:\/\/imecaf.com\/blog\/2026\/04\/29\/diseno-grafico-vectorial-en-illustrator\/#faq-question-1777498700953"},{"@id":"https:\/\/imecaf.com\/blog\/2026\/04\/29\/diseno-grafico-vectorial-en-illustrator\/#faq-question-1777498726860"},{"@id":"https:\/\/imecaf.com\/blog\/2026\/04\/29\/diseno-grafico-vectorial-en-illustrator\/#faq-question-1777498755996"},{"@id":"https:\/\/imecaf.com\/blog\/2026\/04\/29\/diseno-grafico-vectorial-en-illustrator\/#faq-question-1777498785446"}],"inLanguage":"es","potentialAction":[{"@type":"ReadAction","target":["https:\/\/imecaf.com\/blog\/2026\/04\/29\/diseno-grafico-vectorial-en-illustrator\/"]}]},{"@type":"ImageObject","inLanguage":"es","@id":"https:\/\/imecaf.com\/blog\/2026\/04\/29\/diseno-grafico-vectorial-en-illustrator\/#primaryimage","url":"https:\/\/imecaf.com\/blog\/wp-content\/uploads\/Herramientas-de-Illustrator.jpg","contentUrl":"https:\/\/imecaf.com\/blog\/wp-content\/uploads\/Herramientas-de-Illustrator.jpg","width":1000,"height":600},{"@type":"BreadcrumbList","@id":"https:\/\/imecaf.com\/blog\/2026\/04\/29\/diseno-grafico-vectorial-en-illustrator\/#breadcrumb","itemListElement":[{"@type":"ListItem","position":1,"name":"Portada","item":"https:\/\/imecaf.com\/blog\/"},{"@type":"ListItem","position":2,"name":"Dise\u00f1o Gr\u00e1fico Vectorial en Illustrator: Fundamentos y Herramientas"}]},{"@type":"WebSite","@id":"https:\/\/imecaf.com\/blog\/#website","url":"https:\/\/imecaf.com\/blog\/","name":"IMECAF","description":"Un lugar para expresar y compartir inquietudes dentro del mundo de la educaci\u00f3n.","publisher":{"@id":"https:\/\/imecaf.com\/blog\/#organization"},"potentialAction":[{"@type":"SearchAction","target":{"@type":"EntryPoint","urlTemplate":"https:\/\/imecaf.com\/blog\/?s={search_term_string}"},"query-input":{"@type":"PropertyValueSpecification","valueRequired":true,"valueName":"search_term_string"}}],"inLanguage":"es"},{"@type":"Organization","@id":"https:\/\/imecaf.com\/blog\/#organization","name":"IMECAF - Instituto Mexicano de Contabilidad, Administraci\u00f3n y Finanzas","url":"https:\/\/imecaf.com\/blog\/","logo":{"@type":"ImageObject","inLanguage":"es","@id":"https:\/\/imecaf.com\/blog\/#\/schema\/logo\/image\/","url":"https:\/\/imecaf.com\/blog\/wp-content\/uploads\/IMECAF.Logo_.25.png","contentUrl":"https:\/\/imecaf.com\/blog\/wp-content\/uploads\/IMECAF.Logo_.25.png","width":350,"height":350,"caption":"IMECAF - Instituto Mexicano de Contabilidad, Administraci\u00f3n y Finanzas"},"image":{"@id":"https:\/\/imecaf.com\/blog\/#\/schema\/logo\/image\/"},"sameAs":["https:\/\/www.facebook.com\/IMECAF","https:\/\/x.com\/imecaf","https:\/\/www.linkedin.com\/company\/imecaf\/","https:\/\/www.youtube.com\/imecaf","https:\/\/www.instagram.com\/imecaf_mx\/","https:\/\/imecaf.negocio.site\/"]},{"@type":"Person","@id":"https:\/\/imecaf.com\/blog\/#\/schema\/person\/a69b9f3972250aa0b1fdb798f094b4c7","name":"Equipo de IMECAF","image":{"@type":"ImageObject","inLanguage":"es","@id":"https:\/\/secure.gravatar.com\/avatar\/4b4242953c12937bd47e298d7922b4d01ffafe2955ce4235d318b8950782aa13?s=96&d=mm&r=g","url":"https:\/\/secure.gravatar.com\/avatar\/4b4242953c12937bd47e298d7922b4d01ffafe2955ce4235d318b8950782aa13?s=96&d=mm&r=g","contentUrl":"https:\/\/secure.gravatar.com\/avatar\/4b4242953c12937bd47e298d7922b4d01ffafe2955ce4235d318b8950782aa13?s=96&d=mm&r=g","caption":"Equipo de IMECAF"},"url":"https:\/\/imecaf.com\/blog\/author\/mfonticoba\/"},{"@type":"Question","@id":"https:\/\/imecaf.com\/blog\/2026\/04\/29\/diseno-grafico-vectorial-en-illustrator\/#faq-question-1777498582565","position":1,"url":"https:\/\/imecaf.com\/blog\/2026\/04\/29\/diseno-grafico-vectorial-en-illustrator\/#faq-question-1777498582565","name":"1. \u00bfCu\u00e1l es la diferencia real entre el dise\u00f1o vectorial y una fotograf\u00eda?","answerCount":1,"acceptedAnswer":{"@type":"Answer","text":"La diferencia es t\u00e9cnica: las fotos usan p\u00edxeles que se deforman al ampliarse, mientras que el <strong>dise\u00f1o vectorial<\/strong> usa c\u00e1lculos matem\u00e1ticos. Esto permite que el <strong>dise\u00f1o gr\u00e1fico vectorial<\/strong> sea infinitamente escalable sin perder nitidez.<br><br>","inLanguage":"es"},"inLanguage":"es"},{"@type":"Question","@id":"https:\/\/imecaf.com\/blog\/2026\/04\/29\/diseno-grafico-vectorial-en-illustrator\/#faq-question-1777498599003","position":2,"url":"https:\/\/imecaf.com\/blog\/2026\/04\/29\/diseno-grafico-vectorial-en-illustrator\/#faq-question-1777498599003","name":"2. \u00bfPor qu\u00e9 la herramienta Pluma es considerada la m\u00e1s importante?","answerCount":1,"acceptedAnswer":{"@type":"Answer","text":"Es la base de las <strong>herramientas de Illustrator<\/strong> porque permite un control total sobre los puntos de anclaje. Dominarla es lo que otorga verdadera libertad creativa para trazar cualquier forma personalizada en el <strong>dise\u00f1o gr\u00e1fico vectorial<\/strong>.<br><br>","inLanguage":"es"},"inLanguage":"es"},{"@type":"Question","@id":"https:\/\/imecaf.com\/blog\/2026\/04\/29\/diseno-grafico-vectorial-en-illustrator\/#faq-question-1777498642315","position":3,"url":"https:\/\/imecaf.com\/blog\/2026\/04\/29\/diseno-grafico-vectorial-en-illustrator\/#faq-question-1777498642315","name":"3. \u00bfQu\u00e9 sucede si imprimo un archivo en RGB en lugar de CMYK?","answerCount":1,"acceptedAnswer":{"@type":"Answer","text":"Los colores se ver\u00e1n opacos o alterados, ya que RGB es para pantallas y CMYK para tintas f\u00edsicas. Configurar las <strong>herramientas de Illustrator<\/strong> en el modo correcto garantiza que lo impreso coincida con lo que ves en tu monitor.<br><br>","inLanguage":"es"},"inLanguage":"es"},{"@type":"Question","@id":"https:\/\/imecaf.com\/blog\/2026\/04\/29\/diseno-grafico-vectorial-en-illustrator\/#faq-question-1777498672651","position":4,"url":"https:\/\/imecaf.com\/blog\/2026\/04\/29\/diseno-grafico-vectorial-en-illustrator\/#faq-question-1777498672651","name":"4. \u00bfEs obligatorio convertir el texto a contornos antes de enviar un archivo?","answerCount":1,"acceptedAnswer":{"@type":"Answer","text":"Es una pr\u00e1ctica esencial en el <strong>dise\u00f1o gr\u00e1fico vectorial<\/strong> para evitar que la tipograf\u00eda se modifique. Al hacerlo, el texto se convierte en dibujo y se visualizar\u00e1 correctamente en cualquier equipo, aunque no tengan la fuente instalada.<br><br>","inLanguage":"es"},"inLanguage":"es"},{"@type":"Question","@id":"https:\/\/imecaf.com\/blog\/2026\/04\/29\/diseno-grafico-vectorial-en-illustrator\/#faq-question-1777498700953","position":5,"url":"https:\/\/imecaf.com\/blog\/2026\/04\/29\/diseno-grafico-vectorial-en-illustrator\/#faq-question-1777498700953","name":"5. \u00bfQu\u00e9 herramienta es mejor para principiantes: Buscatrazos o Creador de Formas?","answerCount":1,"acceptedAnswer":{"@type":"Answer","text":"El <strong>Creador de Formas<\/strong> es m\u00e1s intuitivo porque permite fusionar \u00e1reas simplemente \"pintando\" sobre ellas. El Buscatrazos es una de las <strong>herramientas de Illustrator<\/strong> m\u00e1s potentes para operaciones matem\u00e1ticas exactas entre m\u00faltiples objetos.<br><br>","inLanguage":"es"},"inLanguage":"es"},{"@type":"Question","@id":"https:\/\/imecaf.com\/blog\/2026\/04\/29\/diseno-grafico-vectorial-en-illustrator\/#faq-question-1777498726860","position":6,"url":"https:\/\/imecaf.com\/blog\/2026\/04\/29\/diseno-grafico-vectorial-en-illustrator\/#faq-question-1777498726860","name":"6. \u00bfPara qu\u00e9 sirve guardar un archivo en formato SVG?","answerCount":1,"acceptedAnswer":{"@type":"Answer","text":"El SVG es el est\u00e1ndar del <strong>dise\u00f1o vectorial<\/strong> para la web. Permite que los logotipos e iconos se vean perfectos en cualquier resoluci\u00f3n de dispositivo m\u00f3vil ocupando un espacio m\u00ednimo de memoria.<br><br>","inLanguage":"es"},"inLanguage":"es"},{"@type":"Question","@id":"https:\/\/imecaf.com\/blog\/2026\/04\/29\/diseno-grafico-vectorial-en-illustrator\/#faq-question-1777498755996","position":7,"url":"https:\/\/imecaf.com\/blog\/2026\/04\/29\/diseno-grafico-vectorial-en-illustrator\/#faq-question-1777498755996","name":"7. \u00bfPuedo transformar una foto en un vector autom\u00e1ticamente?","answerCount":1,"acceptedAnswer":{"@type":"Answer","text":"S\u00ed, usando la funci\u00f3n <strong>Calco de Imagen<\/strong>. Esta utilidad de las <strong>herramientas de Illustrator<\/strong> convierte los p\u00edxeles en trayectos, siendo ideal para digitalizar bocetos a mano o recuperar logotipos antiguos de baja calidad.<br><br>","inLanguage":"es"},"inLanguage":"es"},{"@type":"Question","@id":"https:\/\/imecaf.com\/blog\/2026\/04\/29\/diseno-grafico-vectorial-en-illustrator\/#faq-question-1777498785446","position":8,"url":"https:\/\/imecaf.com\/blog\/2026\/04\/29\/diseno-grafico-vectorial-en-illustrator\/#faq-question-1777498785446","name":"8. \u00bfEs necesario ser un artista para aprender a usar estas herramientas?","answerCount":1,"acceptedAnswer":{"@type":"Answer","text":"No. El <strong>dise\u00f1o gr\u00e1fico vectorial<\/strong> se basa en l\u00f3gica, geometr\u00eda y el dominio t\u00e9cnico del software. Con una metodolog\u00eda adecuada, cualquier profesional puede construir gr\u00e1ficos de alto impacto sin necesidad de saber dibujar a mano.","inLanguage":"es"},"inLanguage":"es"}]}},"_links":{"self":[{"href":"https:\/\/imecaf.com\/blog\/wp-json\/wp\/v2\/posts\/20503","targetHints":{"allow":["GET"]}}],"collection":[{"href":"https:\/\/imecaf.com\/blog\/wp-json\/wp\/v2\/posts"}],"about":[{"href":"https:\/\/imecaf.com\/blog\/wp-json\/wp\/v2\/types\/post"}],"author":[{"embeddable":true,"href":"https:\/\/imecaf.com\/blog\/wp-json\/wp\/v2\/users\/2"}],"replies":[{"embeddable":true,"href":"https:\/\/imecaf.com\/blog\/wp-json\/wp\/v2\/comments?post=20503"}],"version-history":[{"count":5,"href":"https:\/\/imecaf.com\/blog\/wp-json\/wp\/v2\/posts\/20503\/revisions"}],"predecessor-version":[{"id":20544,"href":"https:\/\/imecaf.com\/blog\/wp-json\/wp\/v2\/posts\/20503\/revisions\/20544"}],"wp:featuredmedia":[{"embeddable":true,"href":"https:\/\/imecaf.com\/blog\/wp-json\/wp\/v2\/media\/20504"}],"wp:attachment":[{"href":"https:\/\/imecaf.com\/blog\/wp-json\/wp\/v2\/media?parent=20503"}],"wp:term":[{"taxonomy":"category","embeddable":true,"href":"https:\/\/imecaf.com\/blog\/wp-json\/wp\/v2\/categories?post=20503"},{"taxonomy":"post_tag","embeddable":true,"href":"https:\/\/imecaf.com\/blog\/wp-json\/wp\/v2\/tags?post=20503"}],"curies":[{"name":"wp","href":"https:\/\/api.w.org\/{rel}","templated":true}]}}