{"id":3745,"date":"2014-07-04T09:05:21","date_gmt":"2014-07-04T14:05:21","guid":{"rendered":"http:\/\/www.imecaf.com\/blog\/?p=3745"},"modified":"2014-07-04T09:05:21","modified_gmt":"2014-07-04T14:05:21","slug":"esa-luz-que-se-llama-inteligencia","status":"publish","type":"post","link":"https:\/\/imecaf.com\/blog\/2014\/07\/04\/esa-luz-que-se-llama-inteligencia\/","title":{"rendered":"Esa luz que se llama inteligencia"},"content":{"rendered":"<span class=\"span-reading-time rt-reading-time\" style=\"display: block;\"><span class=\"rt-label rt-prefix\">Tiempo de lectura:<\/span> <span class=\"rt-time\"> &lt; 1<\/span> <span class=\"rt-label rt-postfix\">minuto<\/span><\/span><p>\u00abNuestro cuidado del ni\u00f1o debe de ser gobernado, no por el deseo de hacer que aprenda cosas, sino por el esfuerzo de mantener siempre ardiendo dentro de \u00e9l, esa luz que se llama inteligencia.\u00bb<\/p>\n<p>Mar\u00eda Montessori (1870-1952) Educadora y m\u00e9dica italiana.<\/p>\n","protected":false},"excerpt":{"rendered":"<p>\u00abNuestro cuidado del ni\u00f1o debe de ser gobernado, no por el deseo de hacer que aprenda cosas, sino por el esfuerzo de mantener siempre ardiendo dentro de \u00e9l, esa luz que se llama inteligencia.\u00bb Mar\u00eda Montessori (1870-1952) Educadora y m\u00e9dica italiana.<\/p>\n","protected":false},"author":2,"featured_media":0,"comment_status":"open","ping_status":"closed","sticky":false,"template":"","format":"standard","meta":{"footnotes":""},"categories":[4],"tags":[43,5621,19,903,14,191,16,1519,4109,5620,2551,1009,192],"class_list":["post-3745","post","type-post","status-publish","format-standard","hentry","category-frases-celebres","tag-aprender","tag-arder","tag-blog-imecaf","tag-cuidado","tag-educacion-2","tag-educar","tag-frase-celebre","tag-gobernar","tag-inteligencia","tag-luz","tag-mantener","tag-maria-montessori","tag-nino"],"yoast_head":"<!-- This site is optimized with the Yoast SEO plugin v27.4 - https:\/\/yoast.com\/product\/yoast-seo-wordpress\/ -->\n<title>Esa luz que se llama inteligencia - IMECAF - Blog<\/title>\n<meta name=\"robots\" content=\"index, follow, max-snippet:-1, max-image-preview:large, max-video-preview:-1\" \/>\n<link rel=\"canonical\" href=\"https:\/\/imecaf.com\/blog\/2014\/07\/04\/esa-luz-que-se-llama-inteligencia\/\" \/>\n<meta property=\"og:locale\" content=\"es_ES\" \/>\n<meta property=\"og:type\" content=\"article\" \/>\n<meta property=\"og:title\" content=\"Esa luz que se llama inteligencia - IMECAF - Blog\" \/>\n<meta property=\"og:description\" content=\"\u00abNuestro cuidado del ni\u00f1o debe de ser gobernado, no por el deseo de hacer que aprenda cosas, sino por el esfuerzo de mantener siempre ardiendo dentro de \u00e9l, esa luz que se llama inteligencia.\u00bb Mar\u00eda Montessori (1870-1952) Educadora y m\u00e9dica italiana.\" \/>\n<meta property=\"og:url\" content=\"https:\/\/imecaf.com\/blog\/2014\/07\/04\/esa-luz-que-se-llama-inteligencia\/\" \/>\n<meta property=\"og:site_name\" content=\"IMECAF - Blog\" \/>\n<meta property=\"article:publisher\" content=\"https:\/\/www.facebook.com\/IMECAF\" \/>\n<meta property=\"article:published_time\" content=\"2014-07-04T14:05:21+00:00\" \/>\n<meta name=\"author\" content=\"Equipo de IMECAF\" \/>\n<meta name=\"twitter:card\" content=\"summary_large_image\" \/>\n<meta name=\"twitter:creator\" content=\"@imecaf\" \/>\n<meta name=\"twitter:site\" content=\"@imecaf\" \/>\n<meta name=\"twitter:label1\" content=\"Escrito por\" \/>\n\t<meta name=\"twitter:data1\" content=\"Equipo de IMECAF\" \/>\n<script type=\"application\/ld+json\" class=\"yoast-schema-graph\">{\"@context\":\"https:\\\/\\\/schema.org\",\"@graph\":[{\"@type\":\"Article\",\"@id\":\"https:\\\/\\\/imecaf.com\\\/blog\\\/2014\\\/07\\\/04\\\/esa-luz-que-se-llama-inteligencia\\\/#article\",\"isPartOf\":{\"@id\":\"https:\\\/\\\/imecaf.com\\\/blog\\\/2014\\\/07\\\/04\\\/esa-luz-que-se-llama-inteligencia\\\/\"},\"author\":{\"name\":\"Equipo de IMECAF\",\"@id\":\"https:\\\/\\\/imecaf.com\\\/blog\\\/#\\\/schema\\\/person\\\/a69b9f3972250aa0b1fdb798f094b4c7\"},\"headline\":\"Esa luz que se llama inteligencia\",\"datePublished\":\"2014-07-04T14:05:21+00:00\",\"mainEntityOfPage\":{\"@id\":\"https:\\\/\\\/imecaf.com\\\/blog\\\/2014\\\/07\\\/04\\\/esa-luz-que-se-llama-inteligencia\\\/\"},\"wordCount\":50,\"commentCount\":0,\"publisher\":{\"@id\":\"https:\\\/\\\/imecaf.com\\\/blog\\\/#organization\"},\"keywords\":[\"aprender\",\"arder\",\"blog IMECAF\",\"cuidado\",\"Educaci\u00f3n\",\"educar\",\"frase c\u00e9lebre\",\"gobernar\",\"inteligencia\",\"luz\",\"mantener\",\"maria montessori\",\"ni\u00f1o\"],\"articleSection\":[\"Frases C\u00e9lebres\"],\"inLanguage\":\"es\",\"potentialAction\":[{\"@type\":\"CommentAction\",\"name\":\"Comment\",\"target\":[\"https:\\\/\\\/imecaf.com\\\/blog\\\/2014\\\/07\\\/04\\\/esa-luz-que-se-llama-inteligencia\\\/#respond\"]}]},{\"@type\":\"WebPage\",\"@id\":\"https:\\\/\\\/imecaf.com\\\/blog\\\/2014\\\/07\\\/04\\\/esa-luz-que-se-llama-inteligencia\\\/\",\"url\":\"https:\\\/\\\/imecaf.com\\\/blog\\\/2014\\\/07\\\/04\\\/esa-luz-que-se-llama-inteligencia\\\/\",\"name\":\"Esa luz que se llama inteligencia - IMECAF - Blog\",\"isPartOf\":{\"@id\":\"https:\\\/\\\/imecaf.com\\\/blog\\\/#website\"},\"datePublished\":\"2014-07-04T14:05:21+00:00\",\"breadcrumb\":{\"@id\":\"https:\\\/\\\/imecaf.com\\\/blog\\\/2014\\\/07\\\/04\\\/esa-luz-que-se-llama-inteligencia\\\/#breadcrumb\"},\"inLanguage\":\"es\",\"potentialAction\":[{\"@type\":\"ReadAction\",\"target\":[\"https:\\\/\\\/imecaf.com\\\/blog\\\/2014\\\/07\\\/04\\\/esa-luz-que-se-llama-inteligencia\\\/\"]}]},{\"@type\":\"BreadcrumbList\",\"@id\":\"https:\\\/\\\/imecaf.com\\\/blog\\\/2014\\\/07\\\/04\\\/esa-luz-que-se-llama-inteligencia\\\/#breadcrumb\",\"itemListElement\":[{\"@type\":\"ListItem\",\"position\":1,\"name\":\"Portada\",\"item\":\"https:\\\/\\\/imecaf.com\\\/blog\\\/\"},{\"@type\":\"ListItem\",\"position\":2,\"name\":\"Esa luz que se llama inteligencia\"}]},{\"@type\":\"WebSite\",\"@id\":\"https:\\\/\\\/imecaf.com\\\/blog\\\/#website\",\"url\":\"https:\\\/\\\/imecaf.com\\\/blog\\\/\",\"name\":\"IMECAF\",\"description\":\"Un lugar para expresar y compartir inquietudes dentro del mundo de la educaci\u00f3n.\",\"publisher\":{\"@id\":\"https:\\\/\\\/imecaf.com\\\/blog\\\/#organization\"},\"potentialAction\":[{\"@type\":\"SearchAction\",\"target\":{\"@type\":\"EntryPoint\",\"urlTemplate\":\"https:\\\/\\\/imecaf.com\\\/blog\\\/?s={search_term_string}\"},\"query-input\":{\"@type\":\"PropertyValueSpecification\",\"valueRequired\":true,\"valueName\":\"search_term_string\"}}],\"inLanguage\":\"es\"},{\"@type\":\"Organization\",\"@id\":\"https:\\\/\\\/imecaf.com\\\/blog\\\/#organization\",\"name\":\"IMECAF - Instituto Mexicano de Contabilidad, Administraci\u00f3n y Finanzas\",\"url\":\"https:\\\/\\\/imecaf.com\\\/blog\\\/\",\"logo\":{\"@type\":\"ImageObject\",\"inLanguage\":\"es\",\"@id\":\"https:\\\/\\\/imecaf.com\\\/blog\\\/#\\\/schema\\\/logo\\\/image\\\/\",\"url\":\"https:\\\/\\\/imecaf.com\\\/blog\\\/wp-content\\\/uploads\\\/IMECAF.Logo_.25.png\",\"contentUrl\":\"https:\\\/\\\/imecaf.com\\\/blog\\\/wp-content\\\/uploads\\\/IMECAF.Logo_.25.png\",\"width\":350,\"height\":350,\"caption\":\"IMECAF - Instituto Mexicano de Contabilidad, Administraci\u00f3n y Finanzas\"},\"image\":{\"@id\":\"https:\\\/\\\/imecaf.com\\\/blog\\\/#\\\/schema\\\/logo\\\/image\\\/\"},\"sameAs\":[\"https:\\\/\\\/www.facebook.com\\\/IMECAF\",\"https:\\\/\\\/x.com\\\/imecaf\",\"https:\\\/\\\/www.linkedin.com\\\/company\\\/imecaf\\\/\",\"https:\\\/\\\/www.youtube.com\\\/imecaf\",\"https:\\\/\\\/www.instagram.com\\\/imecaf_mx\\\/\",\"https:\\\/\\\/imecaf.negocio.site\\\/\"]},{\"@type\":\"Person\",\"@id\":\"https:\\\/\\\/imecaf.com\\\/blog\\\/#\\\/schema\\\/person\\\/a69b9f3972250aa0b1fdb798f094b4c7\",\"name\":\"Equipo de IMECAF\",\"image\":{\"@type\":\"ImageObject\",\"inLanguage\":\"es\",\"@id\":\"https:\\\/\\\/secure.gravatar.com\\\/avatar\\\/4b4242953c12937bd47e298d7922b4d01ffafe2955ce4235d318b8950782aa13?s=96&d=mm&r=g\",\"url\":\"https:\\\/\\\/secure.gravatar.com\\\/avatar\\\/4b4242953c12937bd47e298d7922b4d01ffafe2955ce4235d318b8950782aa13?s=96&d=mm&r=g\",\"contentUrl\":\"https:\\\/\\\/secure.gravatar.com\\\/avatar\\\/4b4242953c12937bd47e298d7922b4d01ffafe2955ce4235d318b8950782aa13?s=96&d=mm&r=g\",\"caption\":\"Equipo de IMECAF\"},\"url\":\"https:\\\/\\\/imecaf.com\\\/blog\\\/author\\\/mfonticoba\\\/\"}]}<\/script>\n<!-- \/ Yoast SEO plugin. -->","yoast_head_json":{"title":"Esa luz que se llama inteligencia - IMECAF - Blog","robots":{"index":"index","follow":"follow","max-snippet":"max-snippet:-1","max-image-preview":"max-image-preview:large","max-video-preview":"max-video-preview:-1"},"canonical":"https:\/\/imecaf.com\/blog\/2014\/07\/04\/esa-luz-que-se-llama-inteligencia\/","og_locale":"es_ES","og_type":"article","og_title":"Esa luz que se llama inteligencia - IMECAF - Blog","og_description":"\u00abNuestro cuidado del ni\u00f1o debe de ser gobernado, no por el deseo de hacer que aprenda cosas, sino por el esfuerzo de mantener siempre ardiendo dentro de \u00e9l, esa luz que se llama inteligencia.\u00bb Mar\u00eda Montessori (1870-1952) Educadora y m\u00e9dica italiana.","og_url":"https:\/\/imecaf.com\/blog\/2014\/07\/04\/esa-luz-que-se-llama-inteligencia\/","og_site_name":"IMECAF - Blog","article_publisher":"https:\/\/www.facebook.com\/IMECAF","article_published_time":"2014-07-04T14:05:21+00:00","author":"Equipo de IMECAF","twitter_card":"summary_large_image","twitter_creator":"@imecaf","twitter_site":"@imecaf","twitter_misc":{"Escrito por":"Equipo de IMECAF"},"schema":{"@context":"https:\/\/schema.org","@graph":[{"@type":"Article","@id":"https:\/\/imecaf.com\/blog\/2014\/07\/04\/esa-luz-que-se-llama-inteligencia\/#article","isPartOf":{"@id":"https:\/\/imecaf.com\/blog\/2014\/07\/04\/esa-luz-que-se-llama-inteligencia\/"},"author":{"name":"Equipo de IMECAF","@id":"https:\/\/imecaf.com\/blog\/#\/schema\/person\/a69b9f3972250aa0b1fdb798f094b4c7"},"headline":"Esa luz que se llama inteligencia","datePublished":"2014-07-04T14:05:21+00:00","mainEntityOfPage":{"@id":"https:\/\/imecaf.com\/blog\/2014\/07\/04\/esa-luz-que-se-llama-inteligencia\/"},"wordCount":50,"commentCount":0,"publisher":{"@id":"https:\/\/imecaf.com\/blog\/#organization"},"keywords":["aprender","arder","blog IMECAF","cuidado","Educaci\u00f3n","educar","frase c\u00e9lebre","gobernar","inteligencia","luz","mantener","maria montessori","ni\u00f1o"],"articleSection":["Frases C\u00e9lebres"],"inLanguage":"es","potentialAction":[{"@type":"CommentAction","name":"Comment","target":["https:\/\/imecaf.com\/blog\/2014\/07\/04\/esa-luz-que-se-llama-inteligencia\/#respond"]}]},{"@type":"WebPage","@id":"https:\/\/imecaf.com\/blog\/2014\/07\/04\/esa-luz-que-se-llama-inteligencia\/","url":"https:\/\/imecaf.com\/blog\/2014\/07\/04\/esa-luz-que-se-llama-inteligencia\/","name":"Esa luz que se llama inteligencia - IMECAF - Blog","isPartOf":{"@id":"https:\/\/imecaf.com\/blog\/#website"},"datePublished":"2014-07-04T14:05:21+00:00","breadcrumb":{"@id":"https:\/\/imecaf.com\/blog\/2014\/07\/04\/esa-luz-que-se-llama-inteligencia\/#breadcrumb"},"inLanguage":"es","potentialAction":[{"@type":"ReadAction","target":["https:\/\/imecaf.com\/blog\/2014\/07\/04\/esa-luz-que-se-llama-inteligencia\/"]}]},{"@type":"BreadcrumbList","@id":"https:\/\/imecaf.com\/blog\/2014\/07\/04\/esa-luz-que-se-llama-inteligencia\/#breadcrumb","itemListElement":[{"@type":"ListItem","position":1,"name":"Portada","item":"https:\/\/imecaf.com\/blog\/"},{"@type":"ListItem","position":2,"name":"Esa luz que se llama inteligencia"}]},{"@type":"WebSite","@id":"https:\/\/imecaf.com\/blog\/#website","url":"https:\/\/imecaf.com\/blog\/","name":"IMECAF","description":"Un lugar para expresar y compartir inquietudes dentro del mundo de la educaci\u00f3n.","publisher":{"@id":"https:\/\/imecaf.com\/blog\/#organization"},"potentialAction":[{"@type":"SearchAction","target":{"@type":"EntryPoint","urlTemplate":"https:\/\/imecaf.com\/blog\/?s={search_term_string}"},"query-input":{"@type":"PropertyValueSpecification","valueRequired":true,"valueName":"search_term_string"}}],"inLanguage":"es"},{"@type":"Organization","@id":"https:\/\/imecaf.com\/blog\/#organization","name":"IMECAF - Instituto Mexicano de Contabilidad, Administraci\u00f3n y Finanzas","url":"https:\/\/imecaf.com\/blog\/","logo":{"@type":"ImageObject","inLanguage":"es","@id":"https:\/\/imecaf.com\/blog\/#\/schema\/logo\/image\/","url":"https:\/\/imecaf.com\/blog\/wp-content\/uploads\/IMECAF.Logo_.25.png","contentUrl":"https:\/\/imecaf.com\/blog\/wp-content\/uploads\/IMECAF.Logo_.25.png","width":350,"height":350,"caption":"IMECAF - Instituto Mexicano de Contabilidad, Administraci\u00f3n y Finanzas"},"image":{"@id":"https:\/\/imecaf.com\/blog\/#\/schema\/logo\/image\/"},"sameAs":["https:\/\/www.facebook.com\/IMECAF","https:\/\/x.com\/imecaf","https:\/\/www.linkedin.com\/company\/imecaf\/","https:\/\/www.youtube.com\/imecaf","https:\/\/www.instagram.com\/imecaf_mx\/","https:\/\/imecaf.negocio.site\/"]},{"@type":"Person","@id":"https:\/\/imecaf.com\/blog\/#\/schema\/person\/a69b9f3972250aa0b1fdb798f094b4c7","name":"Equipo de IMECAF","image":{"@type":"ImageObject","inLanguage":"es","@id":"https:\/\/secure.gravatar.com\/avatar\/4b4242953c12937bd47e298d7922b4d01ffafe2955ce4235d318b8950782aa13?s=96&d=mm&r=g","url":"https:\/\/secure.gravatar.com\/avatar\/4b4242953c12937bd47e298d7922b4d01ffafe2955ce4235d318b8950782aa13?s=96&d=mm&r=g","contentUrl":"https:\/\/secure.gravatar.com\/avatar\/4b4242953c12937bd47e298d7922b4d01ffafe2955ce4235d318b8950782aa13?s=96&d=mm&r=g","caption":"Equipo de IMECAF"},"url":"https:\/\/imecaf.com\/blog\/author\/mfonticoba\/"}]}},"_links":{"self":[{"href":"https:\/\/imecaf.com\/blog\/wp-json\/wp\/v2\/posts\/3745","targetHints":{"allow":["GET"]}}],"collection":[{"href":"https:\/\/imecaf.com\/blog\/wp-json\/wp\/v2\/posts"}],"about":[{"href":"https:\/\/imecaf.com\/blog\/wp-json\/wp\/v2\/types\/post"}],"author":[{"embeddable":true,"href":"https:\/\/imecaf.com\/blog\/wp-json\/wp\/v2\/users\/2"}],"replies":[{"embeddable":true,"href":"https:\/\/imecaf.com\/blog\/wp-json\/wp\/v2\/comments?post=3745"}],"version-history":[{"count":0,"href":"https:\/\/imecaf.com\/blog\/wp-json\/wp\/v2\/posts\/3745\/revisions"}],"wp:attachment":[{"href":"https:\/\/imecaf.com\/blog\/wp-json\/wp\/v2\/media?parent=3745"}],"wp:term":[{"taxonomy":"category","embeddable":true,"href":"https:\/\/imecaf.com\/blog\/wp-json\/wp\/v2\/categories?post=3745"},{"taxonomy":"post_tag","embeddable":true,"href":"https:\/\/imecaf.com\/blog\/wp-json\/wp\/v2\/tags?post=3745"}],"curies":[{"name":"wp","href":"https:\/\/api.w.org\/{rel}","templated":true}]}}