{"id":89328,"date":"2026-08-31T09:39:16","date_gmt":"2026-08-31T15:39:16","guid":{"rendered":"https:\/\/imecaf.com\/blog\/?p=89328"},"modified":"2026-08-31T09:39:17","modified_gmt":"2026-08-31T15:39:17","slug":"la-gran-depresion","status":"publish","type":"post","link":"https:\/\/imecaf.com\/blog\/2026\/08\/31\/la-gran-depresion\/","title":{"rendered":"La Gran Depresi\u00f3n"},"content":{"rendered":"<span class=\"span-reading-time rt-reading-time\" style=\"display: block;\"><span class=\"rt-label rt-prefix\">Tiempo de lectura:<\/span> <span class=\"rt-time\"> &lt; 1<\/span> <span class=\"rt-label rt-postfix\">minuto<\/span><\/span>\n<p class=\"wp-block-paragraph\">\u00abLa Gran Depresi\u00f3n fue un episodio extraordinariamente dram\u00e1tico: una \u00e9poca de desplomes burs\u00e1tiles, colas para recibir pan, corridas bancarias y una desenfrenada especulaci\u00f3n monetaria, todo ello con los nubarrones de la guerra acumul\u00e1ndose de forma ominosa en el horizonte\u2026 En mi opini\u00f3n, pocos periodos poseen tanto inter\u00e9s humano.\u00bb<\/p>\n\n\n\n<p class=\"wp-block-paragraph\">Ben Shalom Bernanke\u200b (1953- ) Economista y pol\u00edtico estadounidense.<\/p>\n","protected":false},"excerpt":{"rendered":"<p>\u00abLa Gran Depresi\u00f3n fue un episodio extraordinariamente dram\u00e1tico: una \u00e9poca de desplomes burs\u00e1tiles, colas para recibir pan, corridas bancarias y una desenfrenada especulaci\u00f3n monetaria, todo ello con los nubarrones de la guerra acumul\u00e1ndose de forma ominosa en el horizonte\u2026 En mi opini\u00f3n, pocos periodos poseen tanto inter\u00e9s humano.\u00bb Ben Shalom Bernanke\u200b (1953- ) Economista y &#8230; <a title=\"La Gran Depresi\u00f3n\" class=\"read-more\" href=\"https:\/\/imecaf.com\/blog\/2026\/08\/31\/la-gran-depresion\/\">Leer m\u00e1s <span class=\"screen-reader-text\">La Gran Depresi\u00f3n<\/span><\/a><\/p>\n","protected":false},"author":2,"featured_media":0,"comment_status":"open","ping_status":"closed","sticky":false,"template":"","format":"standard","meta":{"footnotes":""},"categories":[8,606],"tags":[7446,12572,19,6177,12569,12568,9701,78,8868,12567,4770,1428,882,12571],"class_list":["post-89328","post","type-post","status-publish","format-standard","hentry","category-finanzas","category-frases-celebres-finanzas","tag-banco","tag-ben-bernanke","tag-blog-imecaf","tag-bursatil","tag-desplome","tag-episodio","tag-especulacion","tag-finanzas-2","tag-frase-celebre-2","tag-gran-depresion","tag-guerra","tag-humano","tag-interes","tag-monetaria"],"yoast_head":"<!-- This site is optimized with the Yoast SEO plugin v28.3 - https:\/\/yoast.com\/product\/yoast-seo-wordpress\/ -->\n<title>La Gran Depresi\u00f3n - IMECAF - Blog<\/title>\n<meta name=\"robots\" content=\"index, follow, max-snippet:-1, max-image-preview:large, max-video-preview:-1\" \/>\n<link rel=\"canonical\" href=\"https:\/\/imecaf.com\/blog\/2026\/08\/31\/la-gran-depresion\/\" \/>\n<meta property=\"og:locale\" content=\"es_ES\" \/>\n<meta property=\"og:type\" content=\"article\" \/>\n<meta property=\"og:title\" content=\"La Gran Depresi\u00f3n - IMECAF - Blog\" \/>\n<meta property=\"og:description\" content=\"\u00abLa Gran Depresi\u00f3n fue un episodio extraordinariamente dram\u00e1tico: una \u00e9poca de desplomes burs\u00e1tiles, colas para recibir pan, corridas bancarias y una desenfrenada especulaci\u00f3n monetaria, todo ello con los nubarrones de la guerra acumul\u00e1ndose de forma ominosa en el horizonte\u2026 En mi opini\u00f3n, pocos periodos poseen tanto inter\u00e9s humano.\u00bb Ben Shalom Bernanke\u200b (1953- ) Economista y ... Leer m\u00e1s La Gran Depresi\u00f3n\" \/>\n<meta property=\"og:url\" content=\"https:\/\/imecaf.com\/blog\/2026\/08\/31\/la-gran-depresion\/\" \/>\n<meta property=\"og:site_name\" content=\"IMECAF - Blog\" \/>\n<meta property=\"article:publisher\" content=\"https:\/\/www.facebook.com\/IMECAF\" \/>\n<meta property=\"article:published_time\" content=\"2026-08-31T15:39:16+00:00\" \/>\n<meta property=\"article:modified_time\" content=\"2026-08-31T15:39:17+00:00\" \/>\n<meta name=\"author\" content=\"Equipo de IMECAF\" \/>\n<meta name=\"twitter:card\" content=\"summary_large_image\" \/>\n<meta name=\"twitter:creator\" content=\"@imecaf\" \/>\n<meta name=\"twitter:site\" content=\"@imecaf\" \/>\n<meta name=\"twitter:label1\" content=\"Escrito por\" \/>\n\t<meta name=\"twitter:data1\" content=\"Equipo de IMECAF\" \/>\n\t<meta name=\"twitter:label2\" content=\"Tiempo de lectura\" \/>\n\t<meta name=\"twitter:data2\" content=\"1 minuto\" \/>\n<script type=\"application\/ld+json\" class=\"yoast-schema-graph\">{\"@context\":\"https:\\\/\\\/schema.org\",\"@graph\":[{\"@type\":\"Article\",\"@id\":\"https:\\\/\\\/imecaf.com\\\/blog\\\/2026\\\/08\\\/31\\\/la-gran-depresion\\\/#article\",\"isPartOf\":{\"@id\":\"https:\\\/\\\/imecaf.com\\\/blog\\\/2026\\\/08\\\/31\\\/la-gran-depresion\\\/\"},\"author\":{\"name\":\"Equipo de IMECAF\",\"@id\":\"https:\\\/\\\/imecaf.com\\\/blog\\\/#\\\/schema\\\/person\\\/667fedea7027f0e801a0c67c34b9a884\"},\"headline\":\"La Gran Depresi\u00f3n\",\"datePublished\":\"2026-08-31T15:39:16+00:00\",\"dateModified\":\"2026-08-31T15:39:17+00:00\",\"mainEntityOfPage\":{\"@id\":\"https:\\\/\\\/imecaf.com\\\/blog\\\/2026\\\/08\\\/31\\\/la-gran-depresion\\\/\"},\"wordCount\":68,\"commentCount\":0,\"publisher\":{\"@id\":\"https:\\\/\\\/imecaf.com\\\/blog\\\/#organization\"},\"keywords\":[\"banco\",\"ben bernanke\",\"blog IMECAF\",\"bursatil\",\"desplome\",\"episodio\",\"especulacion\",\"finanzas\",\"frase celebre\",\"gran depresion\",\"guerra\",\"humano\",\"interes\",\"monetaria\"],\"articleSection\":[\"Finanzas\",\"Frases C\u00e9lebres\"],\"inLanguage\":\"es\",\"potentialAction\":[{\"@type\":\"CommentAction\",\"name\":\"Comment\",\"target\":[\"https:\\\/\\\/imecaf.com\\\/blog\\\/2026\\\/08\\\/31\\\/la-gran-depresion\\\/#respond\"]}]},{\"@type\":\"WebPage\",\"@id\":\"https:\\\/\\\/imecaf.com\\\/blog\\\/2026\\\/08\\\/31\\\/la-gran-depresion\\\/\",\"url\":\"https:\\\/\\\/imecaf.com\\\/blog\\\/2026\\\/08\\\/31\\\/la-gran-depresion\\\/\",\"name\":\"La Gran Depresi\u00f3n - IMECAF - Blog\",\"isPartOf\":{\"@id\":\"https:\\\/\\\/imecaf.com\\\/blog\\\/#website\"},\"datePublished\":\"2026-08-31T15:39:16+00:00\",\"dateModified\":\"2026-08-31T15:39:17+00:00\",\"breadcrumb\":{\"@id\":\"https:\\\/\\\/imecaf.com\\\/blog\\\/2026\\\/08\\\/31\\\/la-gran-depresion\\\/#breadcrumb\"},\"inLanguage\":\"es\",\"potentialAction\":[{\"@type\":\"ReadAction\",\"target\":[\"https:\\\/\\\/imecaf.com\\\/blog\\\/2026\\\/08\\\/31\\\/la-gran-depresion\\\/\"]}]},{\"@type\":\"BreadcrumbList\",\"@id\":\"https:\\\/\\\/imecaf.com\\\/blog\\\/2026\\\/08\\\/31\\\/la-gran-depresion\\\/#breadcrumb\",\"itemListElement\":[{\"@type\":\"ListItem\",\"position\":1,\"name\":\"Portada\",\"item\":\"https:\\\/\\\/imecaf.com\\\/blog\\\/\"},{\"@type\":\"ListItem\",\"position\":2,\"name\":\"La Gran Depresi\u00f3n\"}]},{\"@type\":\"WebSite\",\"@id\":\"https:\\\/\\\/imecaf.com\\\/blog\\\/#website\",\"url\":\"https:\\\/\\\/imecaf.com\\\/blog\\\/\",\"name\":\"IMECAF\",\"description\":\"Un lugar para expresar y compartir inquietudes dentro del mundo de la educaci\u00f3n.\",\"publisher\":{\"@id\":\"https:\\\/\\\/imecaf.com\\\/blog\\\/#organization\"},\"potentialAction\":[{\"@type\":\"SearchAction\",\"target\":{\"@type\":\"EntryPoint\",\"urlTemplate\":\"https:\\\/\\\/imecaf.com\\\/blog\\\/?s={search_term_string}\"},\"query-input\":{\"@type\":\"PropertyValueSpecification\",\"valueRequired\":true,\"valueName\":\"search_term_string\"}}],\"inLanguage\":\"es\"},{\"@type\":\"Organization\",\"@id\":\"https:\\\/\\\/imecaf.com\\\/blog\\\/#organization\",\"name\":\"IMECAF - Instituto Mexicano de Contabilidad, Administraci\u00f3n y Finanzas\",\"url\":\"https:\\\/\\\/imecaf.com\\\/blog\\\/\",\"logo\":{\"@type\":\"ImageObject\",\"inLanguage\":\"es\",\"@id\":\"https:\\\/\\\/imecaf.com\\\/blog\\\/#\\\/schema\\\/logo\\\/image\\\/\",\"url\":\"https:\\\/\\\/imecaf.com\\\/blog\\\/wp-content\\\/uploads\\\/IMECAF.Logo_.25.png\",\"contentUrl\":\"https:\\\/\\\/imecaf.com\\\/blog\\\/wp-content\\\/uploads\\\/IMECAF.Logo_.25.png\",\"width\":350,\"height\":350,\"caption\":\"IMECAF - Instituto Mexicano de Contabilidad, Administraci\u00f3n y Finanzas\"},\"image\":{\"@id\":\"https:\\\/\\\/imecaf.com\\\/blog\\\/#\\\/schema\\\/logo\\\/image\\\/\"},\"sameAs\":[\"https:\\\/\\\/www.facebook.com\\\/IMECAF\",\"https:\\\/\\\/x.com\\\/imecaf\",\"https:\\\/\\\/www.linkedin.com\\\/company\\\/imecaf\\\/\",\"https:\\\/\\\/www.youtube.com\\\/imecaf\",\"https:\\\/\\\/www.instagram.com\\\/imecaf_mx\\\/\",\"https:\\\/\\\/imecaf.negocio.site\\\/\"]},{\"@type\":\"Person\",\"@id\":\"https:\\\/\\\/imecaf.com\\\/blog\\\/#\\\/schema\\\/person\\\/667fedea7027f0e801a0c67c34b9a884\",\"name\":\"Equipo de IMECAF\",\"image\":{\"@type\":\"ImageObject\",\"inLanguage\":\"es\",\"@id\":\"https:\\\/\\\/secure.gravatar.com\\\/avatar\\\/4b4242953c12937bd47e298d7922b4d01ffafe2955ce4235d318b8950782aa13?s=96&d=mm&r=g\",\"url\":\"https:\\\/\\\/secure.gravatar.com\\\/avatar\\\/4b4242953c12937bd47e298d7922b4d01ffafe2955ce4235d318b8950782aa13?s=96&d=mm&r=g\",\"contentUrl\":\"https:\\\/\\\/secure.gravatar.com\\\/avatar\\\/4b4242953c12937bd47e298d7922b4d01ffafe2955ce4235d318b8950782aa13?s=96&d=mm&r=g\",\"caption\":\"Equipo de IMECAF\"},\"url\":\"https:\\\/\\\/imecaf.com\\\/blog\\\/author\\\/mfonticoba\\\/\"}]}<\/script>\n<!-- \/ Yoast SEO plugin. -->","yoast_head_json":{"title":"La Gran Depresi\u00f3n - IMECAF - Blog","robots":{"index":"index","follow":"follow","max-snippet":"max-snippet:-1","max-image-preview":"max-image-preview:large","max-video-preview":"max-video-preview:-1"},"canonical":"https:\/\/imecaf.com\/blog\/2026\/08\/31\/la-gran-depresion\/","og_locale":"es_ES","og_type":"article","og_title":"La Gran Depresi\u00f3n - IMECAF - Blog","og_description":"\u00abLa Gran Depresi\u00f3n fue un episodio extraordinariamente dram\u00e1tico: una \u00e9poca de desplomes burs\u00e1tiles, colas para recibir pan, corridas bancarias y una desenfrenada especulaci\u00f3n monetaria, todo ello con los nubarrones de la guerra acumul\u00e1ndose de forma ominosa en el horizonte\u2026 En mi opini\u00f3n, pocos periodos poseen tanto inter\u00e9s humano.\u00bb Ben Shalom Bernanke\u200b (1953- ) Economista y ... Leer m\u00e1s La Gran Depresi\u00f3n","og_url":"https:\/\/imecaf.com\/blog\/2026\/08\/31\/la-gran-depresion\/","og_site_name":"IMECAF - Blog","article_publisher":"https:\/\/www.facebook.com\/IMECAF","article_published_time":"2026-08-31T15:39:16+00:00","article_modified_time":"2026-08-31T15:39:17+00:00","author":"Equipo de IMECAF","twitter_card":"summary_large_image","twitter_creator":"@imecaf","twitter_site":"@imecaf","twitter_misc":{"Escrito por":"Equipo de IMECAF","Tiempo de lectura":"1 minuto"},"schema":{"@context":"https:\/\/schema.org","@graph":[{"@type":"Article","@id":"https:\/\/imecaf.com\/blog\/2026\/08\/31\/la-gran-depresion\/#article","isPartOf":{"@id":"https:\/\/imecaf.com\/blog\/2026\/08\/31\/la-gran-depresion\/"},"author":{"name":"Equipo de IMECAF","@id":"https:\/\/imecaf.com\/blog\/#\/schema\/person\/667fedea7027f0e801a0c67c34b9a884"},"headline":"La Gran Depresi\u00f3n","datePublished":"2026-08-31T15:39:16+00:00","dateModified":"2026-08-31T15:39:17+00:00","mainEntityOfPage":{"@id":"https:\/\/imecaf.com\/blog\/2026\/08\/31\/la-gran-depresion\/"},"wordCount":68,"commentCount":0,"publisher":{"@id":"https:\/\/imecaf.com\/blog\/#organization"},"keywords":["banco","ben bernanke","blog IMECAF","bursatil","desplome","episodio","especulacion","finanzas","frase celebre","gran depresion","guerra","humano","interes","monetaria"],"articleSection":["Finanzas","Frases C\u00e9lebres"],"inLanguage":"es","potentialAction":[{"@type":"CommentAction","name":"Comment","target":["https:\/\/imecaf.com\/blog\/2026\/08\/31\/la-gran-depresion\/#respond"]}]},{"@type":"WebPage","@id":"https:\/\/imecaf.com\/blog\/2026\/08\/31\/la-gran-depresion\/","url":"https:\/\/imecaf.com\/blog\/2026\/08\/31\/la-gran-depresion\/","name":"La Gran Depresi\u00f3n - IMECAF - Blog","isPartOf":{"@id":"https:\/\/imecaf.com\/blog\/#website"},"datePublished":"2026-08-31T15:39:16+00:00","dateModified":"2026-08-31T15:39:17+00:00","breadcrumb":{"@id":"https:\/\/imecaf.com\/blog\/2026\/08\/31\/la-gran-depresion\/#breadcrumb"},"inLanguage":"es","potentialAction":[{"@type":"ReadAction","target":["https:\/\/imecaf.com\/blog\/2026\/08\/31\/la-gran-depresion\/"]}]},{"@type":"BreadcrumbList","@id":"https:\/\/imecaf.com\/blog\/2026\/08\/31\/la-gran-depresion\/#breadcrumb","itemListElement":[{"@type":"ListItem","position":1,"name":"Portada","item":"https:\/\/imecaf.com\/blog\/"},{"@type":"ListItem","position":2,"name":"La Gran Depresi\u00f3n"}]},{"@type":"WebSite","@id":"https:\/\/imecaf.com\/blog\/#website","url":"https:\/\/imecaf.com\/blog\/","name":"IMECAF","description":"Un lugar para expresar y compartir inquietudes dentro del mundo de la educaci\u00f3n.","publisher":{"@id":"https:\/\/imecaf.com\/blog\/#organization"},"potentialAction":[{"@type":"SearchAction","target":{"@type":"EntryPoint","urlTemplate":"https:\/\/imecaf.com\/blog\/?s={search_term_string}"},"query-input":{"@type":"PropertyValueSpecification","valueRequired":true,"valueName":"search_term_string"}}],"inLanguage":"es"},{"@type":"Organization","@id":"https:\/\/imecaf.com\/blog\/#organization","name":"IMECAF - Instituto Mexicano de Contabilidad, Administraci\u00f3n y Finanzas","url":"https:\/\/imecaf.com\/blog\/","logo":{"@type":"ImageObject","inLanguage":"es","@id":"https:\/\/imecaf.com\/blog\/#\/schema\/logo\/image\/","url":"https:\/\/imecaf.com\/blog\/wp-content\/uploads\/IMECAF.Logo_.25.png","contentUrl":"https:\/\/imecaf.com\/blog\/wp-content\/uploads\/IMECAF.Logo_.25.png","width":350,"height":350,"caption":"IMECAF - Instituto Mexicano de Contabilidad, Administraci\u00f3n y Finanzas"},"image":{"@id":"https:\/\/imecaf.com\/blog\/#\/schema\/logo\/image\/"},"sameAs":["https:\/\/www.facebook.com\/IMECAF","https:\/\/x.com\/imecaf","https:\/\/www.linkedin.com\/company\/imecaf\/","https:\/\/www.youtube.com\/imecaf","https:\/\/www.instagram.com\/imecaf_mx\/","https:\/\/imecaf.negocio.site\/"]},{"@type":"Person","@id":"https:\/\/imecaf.com\/blog\/#\/schema\/person\/667fedea7027f0e801a0c67c34b9a884","name":"Equipo de IMECAF","image":{"@type":"ImageObject","inLanguage":"es","@id":"https:\/\/secure.gravatar.com\/avatar\/4b4242953c12937bd47e298d7922b4d01ffafe2955ce4235d318b8950782aa13?s=96&d=mm&r=g","url":"https:\/\/secure.gravatar.com\/avatar\/4b4242953c12937bd47e298d7922b4d01ffafe2955ce4235d318b8950782aa13?s=96&d=mm&r=g","contentUrl":"https:\/\/secure.gravatar.com\/avatar\/4b4242953c12937bd47e298d7922b4d01ffafe2955ce4235d318b8950782aa13?s=96&d=mm&r=g","caption":"Equipo de IMECAF"},"url":"https:\/\/imecaf.com\/blog\/author\/mfonticoba\/"}]}},"_links":{"self":[{"href":"https:\/\/imecaf.com\/blog\/wp-json\/wp\/v2\/posts\/89328","targetHints":{"allow":["GET"]}}],"collection":[{"href":"https:\/\/imecaf.com\/blog\/wp-json\/wp\/v2\/posts"}],"about":[{"href":"https:\/\/imecaf.com\/blog\/wp-json\/wp\/v2\/types\/post"}],"author":[{"embeddable":true,"href":"https:\/\/imecaf.com\/blog\/wp-json\/wp\/v2\/users\/2"}],"replies":[{"embeddable":true,"href":"https:\/\/imecaf.com\/blog\/wp-json\/wp\/v2\/comments?post=89328"}],"version-history":[{"count":1,"href":"https:\/\/imecaf.com\/blog\/wp-json\/wp\/v2\/posts\/89328\/revisions"}],"predecessor-version":[{"id":89329,"href":"https:\/\/imecaf.com\/blog\/wp-json\/wp\/v2\/posts\/89328\/revisions\/89329"}],"wp:attachment":[{"href":"https:\/\/imecaf.com\/blog\/wp-json\/wp\/v2\/media?parent=89328"}],"wp:term":[{"taxonomy":"category","embeddable":true,"href":"https:\/\/imecaf.com\/blog\/wp-json\/wp\/v2\/categories?post=89328"},{"taxonomy":"post_tag","embeddable":true,"href":"https:\/\/imecaf.com\/blog\/wp-json\/wp\/v2\/tags?post=89328"}],"curies":[{"name":"wp","href":"https:\/\/api.w.org\/{rel}","templated":true}]}}